{"id":100362,"date":"2023-09-06T14:40:32","date_gmt":"2023-09-06T11:40:32","guid":{"rendered":"https:\/\/bas-tv.md\/?p=100362"},"modified":"2023-09-06T14:08:54","modified_gmt":"2023-09-06T11:08:54","slug":"o-moldova-digitala-buletinul-permisul-si-pasaportul-vor-fi-accesate-pe-telefon","status":"publish","type":"post","link":"https:\/\/bas-tv.md\/ro\/o-moldova-digitala-buletinul-permisul-si-pasaportul-vor-fi-accesate-pe-telefon\/","title":{"rendered":"O Moldov\u0103 Digital\u0103: buletinul, permisul \u0219i pa\u0219aportul vor fi accesate pe telefon"},"content":{"rendered":"<p><strong>Autorit\u0103\u021bile Republicii Moldova \u00ee\u0219i propun s\u0103 lanseze aplica\u021bia mobil\u0103 EVO, p\u00e2n\u0103 la finele acestui an. Aceasta are scopul de a face conexiunea dintre cet\u0103\u021bean \u0219i stat mai facil\u0103. Anun\u021bul a fost f\u0103cut de secretarul de stat din cadrul Ministerului Dezvolt\u0103rii Economice \u0219i Digitaliz\u0103rii, Mihai Lupa\u0219cu, pe 4 septembrie.<\/strong><\/p>\n<p>Dup\u0103 spusele oficialului, \u00een prima etap\u0103, aplica\u021bia va pune la dispozi\u021bia cet\u0103\u021benilor actele de identitate digitalizate. La fel, direct din telefon, vor putea fi procesate pl\u0103\u021bile guvernamentale.<\/p>\n<blockquote><p>\u201e\u00cen prima instan\u021b\u0103 o s\u0103 avem identitatea digital\u0103. Adic\u0103 buletinul de identitate, permisul de conducere, pa\u0219aportul \u0219i alte acte de identitate vor fi disponibil pe telefon. Aplica\u021bia ne va permite s\u0103 utiliz\u0103m aceste acte f\u0103r\u0103 s\u0103 le purt\u0103m cu noi \u00een format h\u00e2rtie. A\u0219adar, actele disponibile vor fi echivalate cu actele clasice, pe teritoriul Republicii Moldova\u201d, a spus Mihai Lupa\u0219cu.<\/p><\/blockquote>\n<p>Potrivit secretarului de stat al Ministerului Dezvolt\u0103rii Economice \u0219i Digitaliz\u0103rii, Mihai Lupa\u0219cu, la moment se lucreaz\u0103 la primele versiuni de testare a aplica\u021biei EVO, iar la sf\u00e2r\u0219itul anului va avea loc lansarea oficial\u0103.<\/p>\n<p>Amintim c\u0103 ministrul Economiei Dumitru Alaiba a anun\u021bat \u00een martie c\u0103 autorit\u0103\u021bile lucreaz\u0103 la lansarea unei aplica\u021bii, responsabil\u0103 de interac\u021biunea statului cu cet\u0103\u021benii. Oficialul le-a solicitat cet\u0103\u021benilor s\u0103 aleag\u0103 denumirea viitoarei aplica\u021bii, din mai multe nume disponibile. Ulterior, Alaiba a anun\u021bat c\u0103, conform votului, aplica\u021bia se va numi \u201eEVO\u201d: \u201eNe va ajuta s\u0103 ne desf\u0103\u0219ur\u0103m activitatea cu mai mult\u0103 u\u0219urin\u021b\u0103 \u0219i eficien\u021b\u0103. \u0218i asta ne apropie \u0219i mai mult de rezultatul final\u201d, a scris Alaiba atunci pe Facebook.<\/p>\n<p><strong>Abona\u021bi-v\u0103 la noi pe re\u021bele sociale:\u00a0<\/strong><a href=\"https:\/\/t.me\/bastvmd\"><strong><em>Telegram<\/em><\/strong><\/a><strong>,\u00a0<\/strong><a href=\"https:\/\/www.youtube.com\/channel\/UC-9005PnLnhpNM8PVSjP2dQ\/featured\"><strong><em>YouTube<\/em><\/strong><\/a><strong>,\u00a0<\/strong><a href=\"https:\/\/www.facebook.com\/bastv.md\"><strong><em>Facebook<\/em><\/strong><\/a>\u00a0<strong>\u0219i<\/strong>\u00a0<a href=\"https:\/\/www.instagram.com\/bastv.md\/\"><strong><em>Instagram<\/em><\/strong><\/a><strong>.\u00a0\u00a0<\/strong><strong>Aici public\u0103m \u0219tiri pe scurt!<\/strong><\/p>\n","protected":false},"excerpt":{"rendered":"<p>Autorit\u0103\u021bile Republicii Moldova \u00ee\u0219i propun s\u0103 lanseze aplica\u021bia mobil\u0103 EVO, p\u00e2n\u0103 la finele acestui an. Aceasta are scopul de a face conexiunea dintre cet\u0103\u021bean \u0219i stat mai facil\u0103. Anun\u021bul a fost f\u0103cut de secretarul de stat din cadrul Ministerului Dezvolt\u0103rii Economice \u0219i Digitaliz\u0103rii, Mihai Lupa\u0219cu, pe 4 septembrie. Dup\u0103 spusele oficialului, \u00een prima etap\u0103, aplica\u021bia [&hellip;]<\/p>\n","protected":false},"author":3,"featured_media":100365,"comment_status":"open","ping_status":"open","sticky":false,"template":"","format":"standard","meta":{"footnotes":""},"categories":[602,570],"tags":[],"class_list":["post-100362","post","type-post","status-publish","format-standard","has-post-thumbnail","hentry","category-actualitate","category-in-moldova"],"yoast_head":"<!-- This site is optimized with the Yoast SEO plugin v27.5 - https:\/\/yoast.com\/product\/yoast-seo-wordpress\/ -->\n<title>O Moldov\u0103 Digital\u0103: buletinul, permisul \u0219i pa\u0219aportul vor fi accesate pe telefon - BasTV<\/title>\n<meta name=\"description\" content=\"Autorit\u0103\u021bile Republicii Moldova \u00ee\u0219i propun s\u0103 lanseze aplica\u021bia mobil\u0103 EVO, p\u00e2n\u0103 la finele acestui an. Aceasta are scopul de a face conexiunea dintre cet\u0103\u021bean \u0219i stat mai facil\u0103. Anun\u021bul a fost f\u0103cut de secretarul de stat din cadrul Ministerului Dezvolt\u0103rii Economice \u0219i Digitaliz\u0103rii, Mihai Lupa\u0219cu, pe 4 septembrie.\" \/>\n<meta name=\"robots\" content=\"index, follow, max-snippet:-1, max-image-preview:large, max-video-preview:-1\" \/>\n<link rel=\"canonical\" href=\"https:\/\/bas-tv.md\/ro\/o-moldova-digitala-buletinul-permisul-si-pasaportul-vor-fi-accesate-pe-telefon\/\" \/>\n<meta property=\"og:locale\" content=\"ro_RO\" \/>\n<meta property=\"og:type\" content=\"article\" \/>\n<meta property=\"og:title\" content=\"O Moldov\u0103 Digital\u0103: buletinul, permisul \u0219i pa\u0219aportul vor fi accesate pe telefon - BasTV\" \/>\n<meta property=\"og:description\" content=\"Autorit\u0103\u021bile Republicii Moldova \u00ee\u0219i propun s\u0103 lanseze aplica\u021bia mobil\u0103 EVO, p\u00e2n\u0103 la finele acestui an. Aceasta are scopul de a face conexiunea dintre cet\u0103\u021bean \u0219i stat mai facil\u0103. Anun\u021bul a fost f\u0103cut de secretarul de stat din cadrul Ministerului Dezvolt\u0103rii Economice \u0219i Digitaliz\u0103rii, Mihai Lupa\u0219cu, pe 4 septembrie.\" \/>\n<meta property=\"og:url\" content=\"https:\/\/bas-tv.md\/ro\/o-moldova-digitala-buletinul-permisul-si-pasaportul-vor-fi-accesate-pe-telefon\/\" \/>\n<meta property=\"og:site_name\" content=\"BasTV\" \/>\n<meta property=\"article:published_time\" content=\"2023-09-06T11:40:32+00:00\" \/>\n<meta property=\"og:image\" content=\"https:\/\/bas-tv.md\/wp-content\/uploads\/2023\/09\/701200.webp\" \/>\n\t<meta property=\"og:image:width\" content=\"760\" \/>\n\t<meta property=\"og:image:height\" content=\"500\" \/>\n\t<meta property=\"og:image:type\" content=\"image\/webp\" \/>\n<meta name=\"author\" content=\"Redactor\" \/>\n<meta name=\"twitter:card\" content=\"summary_large_image\" \/>\n<meta name=\"twitter:label1\" content=\"Scris de\" \/>\n\t<meta name=\"twitter:data1\" content=\"Redactor\" \/>\n\t<meta name=\"twitter:label2\" content=\"Timp estimat pentru citire\" \/>\n\t<meta name=\"twitter:data2\" content=\"2 minute\" \/>\n<script type=\"application\/ld+json\" class=\"yoast-schema-graph\">{\"@context\":\"https:\\\/\\\/schema.org\",\"@graph\":[{\"@type\":\"Article\",\"@id\":\"https:\\\/\\\/bas-tv.md\\\/ro\\\/o-moldova-digitala-buletinul-permisul-si-pasaportul-vor-fi-accesate-pe-telefon\\\/#article\",\"isPartOf\":{\"@id\":\"https:\\\/\\\/bas-tv.md\\\/ro\\\/o-moldova-digitala-buletinul-permisul-si-pasaportul-vor-fi-accesate-pe-telefon\\\/\"},\"author\":{\"name\":\"Redactor\",\"@id\":\"https:\\\/\\\/bas-tv.md\\\/ro\\\/#\\\/schema\\\/person\\\/8740f45ea2eca1f1695284fc03529af0\"},\"headline\":\"O Moldov\u0103 Digital\u0103: buletinul, permisul \u0219i pa\u0219aportul vor fi accesate pe telefon\",\"datePublished\":\"2023-09-06T11:40:32+00:00\",\"mainEntityOfPage\":{\"@id\":\"https:\\\/\\\/bas-tv.md\\\/ro\\\/o-moldova-digitala-buletinul-permisul-si-pasaportul-vor-fi-accesate-pe-telefon\\\/\"},\"wordCount\":316,\"commentCount\":0,\"publisher\":{\"@id\":\"https:\\\/\\\/bas-tv.md\\\/ro\\\/#organization\"},\"image\":{\"@id\":\"https:\\\/\\\/bas-tv.md\\\/ro\\\/o-moldova-digitala-buletinul-permisul-si-pasaportul-vor-fi-accesate-pe-telefon\\\/#primaryimage\"},\"thumbnailUrl\":\"https:\\\/\\\/bas-tv.md\\\/wp-content\\\/uploads\\\/2023\\\/09\\\/701200.webp\",\"articleSection\":[\"Actualitate\",\"\u00cen Moldova\"],\"inLanguage\":\"ro-RO\",\"potentialAction\":[{\"@type\":\"CommentAction\",\"name\":\"Comment\",\"target\":[\"https:\\\/\\\/bas-tv.md\\\/ro\\\/o-moldova-digitala-buletinul-permisul-si-pasaportul-vor-fi-accesate-pe-telefon\\\/#respond\"]}]},{\"@type\":\"WebPage\",\"@id\":\"https:\\\/\\\/bas-tv.md\\\/ro\\\/o-moldova-digitala-buletinul-permisul-si-pasaportul-vor-fi-accesate-pe-telefon\\\/\",\"url\":\"https:\\\/\\\/bas-tv.md\\\/ro\\\/o-moldova-digitala-buletinul-permisul-si-pasaportul-vor-fi-accesate-pe-telefon\\\/\",\"name\":\"O Moldov\u0103 Digital\u0103: buletinul, permisul \u0219i pa\u0219aportul vor fi accesate pe telefon - BasTV\",\"isPartOf\":{\"@id\":\"https:\\\/\\\/bas-tv.md\\\/ro\\\/#website\"},\"primaryImageOfPage\":{\"@id\":\"https:\\\/\\\/bas-tv.md\\\/ro\\\/o-moldova-digitala-buletinul-permisul-si-pasaportul-vor-fi-accesate-pe-telefon\\\/#primaryimage\"},\"image\":{\"@id\":\"https:\\\/\\\/bas-tv.md\\\/ro\\\/o-moldova-digitala-buletinul-permisul-si-pasaportul-vor-fi-accesate-pe-telefon\\\/#primaryimage\"},\"thumbnailUrl\":\"https:\\\/\\\/bas-tv.md\\\/wp-content\\\/uploads\\\/2023\\\/09\\\/701200.webp\",\"datePublished\":\"2023-09-06T11:40:32+00:00\",\"description\":\"Autorit\u0103\u021bile Republicii Moldova \u00ee\u0219i propun s\u0103 lanseze aplica\u021bia mobil\u0103 EVO, p\u00e2n\u0103 la finele acestui an. Aceasta are scopul de a face conexiunea dintre cet\u0103\u021bean \u0219i stat mai facil\u0103. Anun\u021bul a fost f\u0103cut de secretarul de stat din cadrul Ministerului Dezvolt\u0103rii Economice \u0219i Digitaliz\u0103rii, Mihai Lupa\u0219cu, pe 4 septembrie.\",\"inLanguage\":\"ro-RO\",\"potentialAction\":[{\"@type\":\"ReadAction\",\"target\":[\"https:\\\/\\\/bas-tv.md\\\/ro\\\/o-moldova-digitala-buletinul-permisul-si-pasaportul-vor-fi-accesate-pe-telefon\\\/\"]}]},{\"@type\":\"ImageObject\",\"inLanguage\":\"ro-RO\",\"@id\":\"https:\\\/\\\/bas-tv.md\\\/ro\\\/o-moldova-digitala-buletinul-permisul-si-pasaportul-vor-fi-accesate-pe-telefon\\\/#primaryimage\",\"url\":\"https:\\\/\\\/bas-tv.md\\\/wp-content\\\/uploads\\\/2023\\\/09\\\/701200.webp\",\"contentUrl\":\"https:\\\/\\\/bas-tv.md\\\/wp-content\\\/uploads\\\/2023\\\/09\\\/701200.webp\",\"width\":760,\"height\":500,\"caption\":\"noi.md\"},{\"@type\":\"WebSite\",\"@id\":\"https:\\\/\\\/bas-tv.md\\\/ro\\\/#website\",\"url\":\"https:\\\/\\\/bas-tv.md\\\/ro\\\/\",\"name\":\"BasTV\",\"description\":\"Moldova\",\"publisher\":{\"@id\":\"https:\\\/\\\/bas-tv.md\\\/ro\\\/#organization\"},\"potentialAction\":[{\"@type\":\"SearchAction\",\"target\":{\"@type\":\"EntryPoint\",\"urlTemplate\":\"https:\\\/\\\/bas-tv.md\\\/ro\\\/?s={search_term_string}\"},\"query-input\":{\"@type\":\"PropertyValueSpecification\",\"valueRequired\":true,\"valueName\":\"search_term_string\"}}],\"inLanguage\":\"ro-RO\"},{\"@type\":\"Organization\",\"@id\":\"https:\\\/\\\/bas-tv.md\\\/ro\\\/#organization\",\"name\":\"BasTV\",\"url\":\"https:\\\/\\\/bas-tv.md\\\/ro\\\/\",\"logo\":{\"@type\":\"ImageObject\",\"inLanguage\":\"ro-RO\",\"@id\":\"https:\\\/\\\/bas-tv.md\\\/ro\\\/#\\\/schema\\\/logo\\\/image\\\/\",\"url\":\"https:\\\/\\\/bas-tv.md\\\/wp-content\\\/uploads\\\/2023\\\/05\\\/bas-tv-culoarea-rosie.png\",\"contentUrl\":\"https:\\\/\\\/bas-tv.md\\\/wp-content\\\/uploads\\\/2023\\\/05\\\/bas-tv-culoarea-rosie.png\",\"width\":202,\"height\":50,\"caption\":\"BasTV\"},\"image\":{\"@id\":\"https:\\\/\\\/bas-tv.md\\\/ro\\\/#\\\/schema\\\/logo\\\/image\\\/\"}},{\"@type\":\"Person\",\"@id\":\"https:\\\/\\\/bas-tv.md\\\/ro\\\/#\\\/schema\\\/person\\\/8740f45ea2eca1f1695284fc03529af0\",\"name\":\"Redactor\",\"image\":{\"@type\":\"ImageObject\",\"inLanguage\":\"ro-RO\",\"@id\":\"https:\\\/\\\/secure.gravatar.com\\\/avatar\\\/45b6af9fc91c10b15a8b40e67c1f57bab2e9614fc9f0af95cf453d61934e9aad?s=96&d=mm&r=g\",\"url\":\"https:\\\/\\\/secure.gravatar.com\\\/avatar\\\/45b6af9fc91c10b15a8b40e67c1f57bab2e9614fc9f0af95cf453d61934e9aad?s=96&d=mm&r=g\",\"contentUrl\":\"https:\\\/\\\/secure.gravatar.com\\\/avatar\\\/45b6af9fc91c10b15a8b40e67c1f57bab2e9614fc9f0af95cf453d61934e9aad?s=96&d=mm&r=g\",\"caption\":\"Redactor\"},\"url\":\"https:\\\/\\\/bas-tv.md\\\/ro\\\/author\\\/redactor\\\/\"}]}<\/script>\n<!-- \/ Yoast SEO plugin. -->","yoast_head_json":{"title":"O Moldov\u0103 Digital\u0103: buletinul, permisul \u0219i pa\u0219aportul vor fi accesate pe telefon - BasTV","description":"Autorit\u0103\u021bile Republicii Moldova \u00ee\u0219i propun s\u0103 lanseze aplica\u021bia mobil\u0103 EVO, p\u00e2n\u0103 la finele acestui an. Aceasta are scopul de a face conexiunea dintre cet\u0103\u021bean \u0219i stat mai facil\u0103. Anun\u021bul a fost f\u0103cut de secretarul de stat din cadrul Ministerului Dezvolt\u0103rii Economice \u0219i Digitaliz\u0103rii, Mihai Lupa\u0219cu, pe 4 septembrie.","robots":{"index":"index","follow":"follow","max-snippet":"max-snippet:-1","max-image-preview":"max-image-preview:large","max-video-preview":"max-video-preview:-1"},"canonical":"https:\/\/bas-tv.md\/ro\/o-moldova-digitala-buletinul-permisul-si-pasaportul-vor-fi-accesate-pe-telefon\/","og_locale":"ro_RO","og_type":"article","og_title":"O Moldov\u0103 Digital\u0103: buletinul, permisul \u0219i pa\u0219aportul vor fi accesate pe telefon - BasTV","og_description":"Autorit\u0103\u021bile Republicii Moldova \u00ee\u0219i propun s\u0103 lanseze aplica\u021bia mobil\u0103 EVO, p\u00e2n\u0103 la finele acestui an. Aceasta are scopul de a face conexiunea dintre cet\u0103\u021bean \u0219i stat mai facil\u0103. Anun\u021bul a fost f\u0103cut de secretarul de stat din cadrul Ministerului Dezvolt\u0103rii Economice \u0219i Digitaliz\u0103rii, Mihai Lupa\u0219cu, pe 4 septembrie.","og_url":"https:\/\/bas-tv.md\/ro\/o-moldova-digitala-buletinul-permisul-si-pasaportul-vor-fi-accesate-pe-telefon\/","og_site_name":"BasTV","article_published_time":"2023-09-06T11:40:32+00:00","og_image":[{"width":760,"height":500,"url":"https:\/\/bas-tv.md\/wp-content\/uploads\/2023\/09\/701200.webp","type":"image\/webp"}],"author":"Redactor","twitter_card":"summary_large_image","twitter_misc":{"Scris de":"Redactor","Timp estimat pentru citire":"2 minute"},"schema":{"@context":"https:\/\/schema.org","@graph":[{"@type":"Article","@id":"https:\/\/bas-tv.md\/ro\/o-moldova-digitala-buletinul-permisul-si-pasaportul-vor-fi-accesate-pe-telefon\/#article","isPartOf":{"@id":"https:\/\/bas-tv.md\/ro\/o-moldova-digitala-buletinul-permisul-si-pasaportul-vor-fi-accesate-pe-telefon\/"},"author":{"name":"Redactor","@id":"https:\/\/bas-tv.md\/ro\/#\/schema\/person\/8740f45ea2eca1f1695284fc03529af0"},"headline":"O Moldov\u0103 Digital\u0103: buletinul, permisul \u0219i pa\u0219aportul vor fi accesate pe telefon","datePublished":"2023-09-06T11:40:32+00:00","mainEntityOfPage":{"@id":"https:\/\/bas-tv.md\/ro\/o-moldova-digitala-buletinul-permisul-si-pasaportul-vor-fi-accesate-pe-telefon\/"},"wordCount":316,"commentCount":0,"publisher":{"@id":"https:\/\/bas-tv.md\/ro\/#organization"},"image":{"@id":"https:\/\/bas-tv.md\/ro\/o-moldova-digitala-buletinul-permisul-si-pasaportul-vor-fi-accesate-pe-telefon\/#primaryimage"},"thumbnailUrl":"https:\/\/bas-tv.md\/wp-content\/uploads\/2023\/09\/701200.webp","articleSection":["Actualitate","\u00cen Moldova"],"inLanguage":"ro-RO","potentialAction":[{"@type":"CommentAction","name":"Comment","target":["https:\/\/bas-tv.md\/ro\/o-moldova-digitala-buletinul-permisul-si-pasaportul-vor-fi-accesate-pe-telefon\/#respond"]}]},{"@type":"WebPage","@id":"https:\/\/bas-tv.md\/ro\/o-moldova-digitala-buletinul-permisul-si-pasaportul-vor-fi-accesate-pe-telefon\/","url":"https:\/\/bas-tv.md\/ro\/o-moldova-digitala-buletinul-permisul-si-pasaportul-vor-fi-accesate-pe-telefon\/","name":"O Moldov\u0103 Digital\u0103: buletinul, permisul \u0219i pa\u0219aportul vor fi accesate pe telefon - BasTV","isPartOf":{"@id":"https:\/\/bas-tv.md\/ro\/#website"},"primaryImageOfPage":{"@id":"https:\/\/bas-tv.md\/ro\/o-moldova-digitala-buletinul-permisul-si-pasaportul-vor-fi-accesate-pe-telefon\/#primaryimage"},"image":{"@id":"https:\/\/bas-tv.md\/ro\/o-moldova-digitala-buletinul-permisul-si-pasaportul-vor-fi-accesate-pe-telefon\/#primaryimage"},"thumbnailUrl":"https:\/\/bas-tv.md\/wp-content\/uploads\/2023\/09\/701200.webp","datePublished":"2023-09-06T11:40:32+00:00","description":"Autorit\u0103\u021bile Republicii Moldova \u00ee\u0219i propun s\u0103 lanseze aplica\u021bia mobil\u0103 EVO, p\u00e2n\u0103 la finele acestui an. Aceasta are scopul de a face conexiunea dintre cet\u0103\u021bean \u0219i stat mai facil\u0103. Anun\u021bul a fost f\u0103cut de secretarul de stat din cadrul Ministerului Dezvolt\u0103rii Economice \u0219i Digitaliz\u0103rii, Mihai Lupa\u0219cu, pe 4 septembrie.","inLanguage":"ro-RO","potentialAction":[{"@type":"ReadAction","target":["https:\/\/bas-tv.md\/ro\/o-moldova-digitala-buletinul-permisul-si-pasaportul-vor-fi-accesate-pe-telefon\/"]}]},{"@type":"ImageObject","inLanguage":"ro-RO","@id":"https:\/\/bas-tv.md\/ro\/o-moldova-digitala-buletinul-permisul-si-pasaportul-vor-fi-accesate-pe-telefon\/#primaryimage","url":"https:\/\/bas-tv.md\/wp-content\/uploads\/2023\/09\/701200.webp","contentUrl":"https:\/\/bas-tv.md\/wp-content\/uploads\/2023\/09\/701200.webp","width":760,"height":500,"caption":"noi.md"},{"@type":"WebSite","@id":"https:\/\/bas-tv.md\/ro\/#website","url":"https:\/\/bas-tv.md\/ro\/","name":"BasTV","description":"Moldova","publisher":{"@id":"https:\/\/bas-tv.md\/ro\/#organization"},"potentialAction":[{"@type":"SearchAction","target":{"@type":"EntryPoint","urlTemplate":"https:\/\/bas-tv.md\/ro\/?s={search_term_string}"},"query-input":{"@type":"PropertyValueSpecification","valueRequired":true,"valueName":"search_term_string"}}],"inLanguage":"ro-RO"},{"@type":"Organization","@id":"https:\/\/bas-tv.md\/ro\/#organization","name":"BasTV","url":"https:\/\/bas-tv.md\/ro\/","logo":{"@type":"ImageObject","inLanguage":"ro-RO","@id":"https:\/\/bas-tv.md\/ro\/#\/schema\/logo\/image\/","url":"https:\/\/bas-tv.md\/wp-content\/uploads\/2023\/05\/bas-tv-culoarea-rosie.png","contentUrl":"https:\/\/bas-tv.md\/wp-content\/uploads\/2023\/05\/bas-tv-culoarea-rosie.png","width":202,"height":50,"caption":"BasTV"},"image":{"@id":"https:\/\/bas-tv.md\/ro\/#\/schema\/logo\/image\/"}},{"@type":"Person","@id":"https:\/\/bas-tv.md\/ro\/#\/schema\/person\/8740f45ea2eca1f1695284fc03529af0","name":"Redactor","image":{"@type":"ImageObject","inLanguage":"ro-RO","@id":"https:\/\/secure.gravatar.com\/avatar\/45b6af9fc91c10b15a8b40e67c1f57bab2e9614fc9f0af95cf453d61934e9aad?s=96&d=mm&r=g","url":"https:\/\/secure.gravatar.com\/avatar\/45b6af9fc91c10b15a8b40e67c1f57bab2e9614fc9f0af95cf453d61934e9aad?s=96&d=mm&r=g","contentUrl":"https:\/\/secure.gravatar.com\/avatar\/45b6af9fc91c10b15a8b40e67c1f57bab2e9614fc9f0af95cf453d61934e9aad?s=96&d=mm&r=g","caption":"Redactor"},"url":"https:\/\/bas-tv.md\/ro\/author\/redactor\/"}]}},"views":452,"_links":{"self":[{"href":"https:\/\/bas-tv.md\/ro\/wp-json\/wp\/v2\/posts\/100362","targetHints":{"allow":["GET"]}}],"collection":[{"href":"https:\/\/bas-tv.md\/ro\/wp-json\/wp\/v2\/posts"}],"about":[{"href":"https:\/\/bas-tv.md\/ro\/wp-json\/wp\/v2\/types\/post"}],"author":[{"embeddable":true,"href":"https:\/\/bas-tv.md\/ro\/wp-json\/wp\/v2\/users\/3"}],"replies":[{"embeddable":true,"href":"https:\/\/bas-tv.md\/ro\/wp-json\/wp\/v2\/comments?post=100362"}],"version-history":[{"count":2,"href":"https:\/\/bas-tv.md\/ro\/wp-json\/wp\/v2\/posts\/100362\/revisions"}],"predecessor-version":[{"id":100367,"href":"https:\/\/bas-tv.md\/ro\/wp-json\/wp\/v2\/posts\/100362\/revisions\/100367"}],"wp:featuredmedia":[{"embeddable":true,"href":"https:\/\/bas-tv.md\/ro\/wp-json\/wp\/v2\/media\/100365"}],"wp:attachment":[{"href":"https:\/\/bas-tv.md\/ro\/wp-json\/wp\/v2\/media?parent=100362"}],"wp:term":[{"taxonomy":"category","embeddable":true,"href":"https:\/\/bas-tv.md\/ro\/wp-json\/wp\/v2\/categories?post=100362"},{"taxonomy":"post_tag","embeddable":true,"href":"https:\/\/bas-tv.md\/ro\/wp-json\/wp\/v2\/tags?post=100362"}],"curies":[{"name":"wp","href":"https:\/\/api.w.org\/{rel}","templated":true}]}}