{"id":100534,"date":"2023-09-09T10:29:44","date_gmt":"2023-09-09T07:29:44","guid":{"rendered":"https:\/\/bas-tv.md\/?p=100534"},"modified":"2023-09-09T10:29:44","modified_gmt":"2023-09-09T07:29:44","slug":"foto-autocar-cu-40-de-moldoveni-implicat-intr-un-teribil-accident-rutier","status":"publish","type":"post","link":"https:\/\/bas-tv.md\/ro\/foto-autocar-cu-40-de-moldoveni-implicat-intr-un-teribil-accident-rutier\/","title":{"rendered":"(FOTO ) Autocar cu 40 de moldoveni, implicat \u00eentr-un teribil accident rutier"},"content":{"rendered":"<p><strong>Accident grav \u00een Rom\u00e2nia. Dou\u0103 autoturisme \u0219i un autocar \u00een care se aflau 40 de personae din Republica Moldova, s-au ciocnit \u00een noaptea de 8 spre 9 septembrie pe DE 581, pe raza localit\u0103\u021bii Crasna, jude\u021bul Vaslui. O persoan\u0103, care se afla \u00een unul din autoturisme, a murit, iar alte 5 au fost r\u0103nite. Potrivit autorit\u0103\u021bilor rom\u00e2ne, niciunul din cei 40 de cet\u0103\u021beni moldoveni nu au avut de suferit.<\/strong><\/p>\n<p>\u00cen autocar se aflau 40 de persoane, toate din Republica Moldova. Celelalte dou\u0103 autoturisme sunt \u00eenmatriculate \u00een Gala\u021bi, respectiv Alba.<\/p>\n<p>Din primele informa\u021bii, se pare c\u0103 autocarul \u0219i autoturismul de Alba veneau dinspre B\u00e2rlad spre Vaslui, iar cel\u0103lalt autoturism, din Gala\u021bi, se deplasa spre B\u00e2rlad. La un moment dat, autoturismul Dacia din jude\u021bul Gala\u021bi ar fi lovit un cap de pod, a rico\u0219at frontal \u00een vehiculul de Alba, pe care l-a scos \u00een afara carosabilului, apoi s-a lovit \u0219i de autocarul din Republica Moldova, care venea tot din sens opus.<\/p>\n<p>Potrivit purt\u0103torului de cuv\u00e2nt al ISU Vaslui, una dintre aceste persoane a fost declarat\u0103 decedat\u0103 chiar la fa\u021ba locului, dup\u0103 ce manevrele de resuscitare efectuate de medicul de pe ambulan\u021ba SMURD nu au dat rezultate.<\/p>\n<p>La fa\u021ba locului au fost deplasate \u0219i trei ambulan\u021be apar\u021bin\u00e2nd SAJ Vaslui. La sosirea echipajelor de interven\u021bie, au fost g\u0103site \u0219ase victime, dintre care cinci \u00eencarcerate. Toate cele cinci victime \u00eencarcerate se aflau \u00eentr-un autoturism. Dintre cele \u0219ase victime, dou\u0103 persoane se aflau \u00een stop cardiorespirator, dou\u0103 \u00een com\u0103 \u0219i doar o persoan\u0103 era con\u0219tient\u0103.<\/p>\n<p>Pompierii au efectuat manevrele pentru descarcerare concomitent cu ac\u021biunile medicilor \u0219i paramedicilor pentru stabilizarea victimelor. \u00cen acest moment, toate victimele sunt descarcerate, \u00eens\u0103, \u00een cazul uneia dintre victimele aflate \u00een stop cardiorespirator, medicul de pe ambulan\u021ba SMURD a fost nevoit s\u0103 declare decesul. Celelalte cinci victime au primit primele \u00eengrijiri medicale la fa\u021ba locului, \u00een acest moment, acestea fiind transportate la Unitatea de Primiri Urgen\u021be din cadrul Spitalului Jude\u021bean de Urgen\u021b\u0103 Vaslui.<\/p>\n<blockquote><p>,,Persoanele din autocar au fost evaluate, \u00eens\u0103 nu au necesitat acordarea de \u00eengrijiri medicale.Cauzele \u0219i circumstan\u021bele producerii acestui accident rutier sunt cercetate de poli\u021bi\u0219ti\u201d, a precizat Marius Stanciu, reprezentantul ISU Vaslui.\u201d, a declarat purt\u0103torul de cuv\u00e2nt al ISU Vaslui.<\/p><\/blockquote>\n<div id='gallery-1' class='gallery galleryid-100534 gallery-columns-1 gallery-size-full'><figure class='gallery-item'>\n\t\t\t<div class='gallery-icon landscape'>\n\t\t\t\t<a href='https:\/\/bas-tv.md\/ro\/foto-autocar-cu-40-de-moldoveni-implicat-intr-un-teribil-accident-rutier\/crasna\/'><img fetchpriority=\"high\" decoding=\"async\" width=\"1600\" height=\"1200\" src=\"https:\/\/bas-tv.md\/wp-content\/uploads\/2023\/09\/crasna.jpg\" class=\"attachment-full size-full\" alt=\"\" aria-describedby=\"gallery-1-100543\" srcset=\"https:\/\/bas-tv.md\/wp-content\/uploads\/2023\/09\/crasna.jpg 1600w, https:\/\/bas-tv.md\/wp-content\/uploads\/2023\/09\/crasna-300x225.jpg 300w, https:\/\/bas-tv.md\/wp-content\/uploads\/2023\/09\/crasna-1024x768.jpg 1024w, https:\/\/bas-tv.md\/wp-content\/uploads\/2023\/09\/crasna-768x576.jpg 768w, https:\/\/bas-tv.md\/wp-content\/uploads\/2023\/09\/crasna-1536x1152.jpg 1536w, https:\/\/bas-tv.md\/wp-content\/uploads\/2023\/09\/crasna-1200x900.jpg 1200w\" sizes=\"(max-width: 1600px) 100vw, 1600px\" \/><\/a>\n\t\t\t<\/div>\n\t\t\t\t<figcaption class='wp-caption-text gallery-caption' id='gallery-1-100543'>\n\t\t\t\tvremeanoua.ro\n\t\t\t\t<\/figcaption><\/figure><figure class='gallery-item'>\n\t\t\t<div class='gallery-icon landscape'>\n\t\t\t\t<a href='https:\/\/bas-tv.md\/ro\/foto-autocar-cu-40-de-moldoveni-implicat-intr-un-teribil-accident-rutier\/crasna2\/'><img decoding=\"async\" width=\"1600\" height=\"1200\" src=\"https:\/\/bas-tv.md\/wp-content\/uploads\/2023\/09\/crasna2.jpg\" class=\"attachment-full size-full\" alt=\"(FOTO ) Autocar cu 40 de moldoveni, implicat \u00eentr-un teribil accident rutier\" aria-describedby=\"gallery-1-100539\" srcset=\"https:\/\/bas-tv.md\/wp-content\/uploads\/2023\/09\/crasna2.jpg 1600w, https:\/\/bas-tv.md\/wp-content\/uploads\/2023\/09\/crasna2-300x225.jpg 300w, https:\/\/bas-tv.md\/wp-content\/uploads\/2023\/09\/crasna2-1024x768.jpg 1024w, https:\/\/bas-tv.md\/wp-content\/uploads\/2023\/09\/crasna2-768x576.jpg 768w, https:\/\/bas-tv.md\/wp-content\/uploads\/2023\/09\/crasna2-1536x1152.jpg 1536w, https:\/\/bas-tv.md\/wp-content\/uploads\/2023\/09\/crasna2-1200x900.jpg 1200w\" sizes=\"(max-width: 1600px) 100vw, 1600px\" \/><\/a>\n\t\t\t<\/div>\n\t\t\t\t<figcaption class='wp-caption-text gallery-caption' id='gallery-1-100539'>\n\t\t\t\tvremeanoua.ro\n\t\t\t\t<\/figcaption><\/figure><figure class='gallery-item'>\n\t\t\t<div class='gallery-icon landscape'>\n\t\t\t\t<a href='https:\/\/bas-tv.md\/ro\/foto-autocar-cu-40-de-moldoveni-implicat-intr-un-teribil-accident-rutier\/crasna1-1536x1152\/'><img decoding=\"async\" width=\"1536\" height=\"1152\" src=\"https:\/\/bas-tv.md\/wp-content\/uploads\/2023\/09\/crasna1-1536x1152-1.jpg\" class=\"attachment-full size-full\" alt=\"\" aria-describedby=\"gallery-1-100537\" srcset=\"https:\/\/bas-tv.md\/wp-content\/uploads\/2023\/09\/crasna1-1536x1152-1.jpg 1536w, https:\/\/bas-tv.md\/wp-content\/uploads\/2023\/09\/crasna1-1536x1152-1-300x225.jpg 300w, https:\/\/bas-tv.md\/wp-content\/uploads\/2023\/09\/crasna1-1536x1152-1-1024x768.jpg 1024w, https:\/\/bas-tv.md\/wp-content\/uploads\/2023\/09\/crasna1-1536x1152-1-768x576.jpg 768w, https:\/\/bas-tv.md\/wp-content\/uploads\/2023\/09\/crasna1-1536x1152-1-1200x900.jpg 1200w\" sizes=\"(max-width: 1536px) 100vw, 1536px\" \/><\/a>\n\t\t\t<\/div>\n\t\t\t\t<figcaption class='wp-caption-text gallery-caption' id='gallery-1-100537'>\n\t\t\t\tvremeanoua.ro\n\t\t\t\t<\/figcaption><\/figure><figure class='gallery-item'>\n\t\t\t<div class='gallery-icon landscape'>\n\t\t\t\t<a href='https:\/\/bas-tv.md\/ro\/foto-autocar-cu-40-de-moldoveni-implicat-intr-un-teribil-accident-rutier\/attachment\/22\/'><img loading=\"lazy\" decoding=\"async\" width=\"1920\" height=\"1080\" src=\"https:\/\/bas-tv.md\/wp-content\/uploads\/2023\/09\/22.png\" class=\"attachment-full size-full\" alt=\"\" srcset=\"https:\/\/bas-tv.md\/wp-content\/uploads\/2023\/09\/22.png 1920w, https:\/\/bas-tv.md\/wp-content\/uploads\/2023\/09\/22-300x169.png 300w, https:\/\/bas-tv.md\/wp-content\/uploads\/2023\/09\/22-1024x576.png 1024w, https:\/\/bas-tv.md\/wp-content\/uploads\/2023\/09\/22-768x432.png 768w, https:\/\/bas-tv.md\/wp-content\/uploads\/2023\/09\/22-1536x864.png 1536w, https:\/\/bas-tv.md\/wp-content\/uploads\/2023\/09\/22-1200x675.png 1200w\" sizes=\"(max-width: 1920px) 100vw, 1920px\" \/><\/a>\n\t\t\t<\/div><\/figure>\n\t\t<\/div>\n\n<p>&nbsp;<\/p>\n<p>&nbsp;<\/p>\n<p><strong>Abona\u021bi-v\u0103 la noi pe re\u021bele sociale:\u00a0<\/strong><a href=\"https:\/\/t.me\/bastvmd\"><strong><em>Telegram<\/em><\/strong><\/a><strong>,\u00a0<\/strong><a href=\"https:\/\/www.youtube.com\/channel\/UC-9005PnLnhpNM8PVSjP2dQ\/featured\"><strong><em>YouTube<\/em><\/strong><\/a><strong>,\u00a0<\/strong><a href=\"https:\/\/www.facebook.com\/bastv.md\"><strong><em>Facebook<\/em><\/strong><\/a>\u00a0<strong>\u0219i<\/strong>\u00a0<a href=\"https:\/\/www.instagram.com\/bastv.md\/\"><strong><em>Instagram<\/em><\/strong><\/a><strong>.\u00a0\u00a0<\/strong><strong>Aici public\u0103m \u0219tiri pe scurt!<\/strong><\/p>\n","protected":false},"excerpt":{"rendered":"<p>Accident grav \u00een Rom\u00e2nia. Dou\u0103 autoturisme \u0219i un autocar \u00een care se aflau 40 de personae din Republica Moldova, s-au ciocnit \u00een noaptea de 8 spre 9 septembrie pe DE 581, pe raza localit\u0103\u021bii Crasna, jude\u021bul Vaslui. O persoan\u0103, care se afla \u00een unul din autoturisme, a murit, iar alte 5 au fost r\u0103nite. Potrivit [&hellip;]<\/p>\n","protected":false},"author":3,"featured_media":100539,"comment_status":"open","ping_status":"open","sticky":false,"template":"","format":"standard","meta":{"footnotes":""},"categories":[602,571],"tags":[],"class_list":["post-100534","post","type-post","status-publish","format-standard","has-post-thumbnail","hentry","category-actualitate","category-in-lume-actualitate"],"yoast_head":"<!-- This site is optimized with the Yoast SEO plugin v27.5 - https:\/\/yoast.com\/product\/yoast-seo-wordpress\/ -->\n<title>(FOTO ) Autocar cu 40 de moldoveni, implicat \u00eentr-un teribil accident rutier - BasTV<\/title>\n<meta name=\"description\" content=\"Accident grav \u00een Rom\u00e2nia. Dou\u0103 autoturisme \u0219i un autocar \u00een care se aflau 40 de personae din Republica Moldova, s-au ciocnit \u00een noaptea de 8 spre 9 septembrie pe DE 581, pe raza localit\u0103\u021bii Crasna, jude\u021bul Vaslui. O persoan\u0103, care se afla \u00een unul din autoturisme, a murit, iar alte 5 au fost r\u0103nite. Potrivit autorit\u0103\u021bilor rom\u00e2ne, niciunul din cei 40 de cet\u0103\u021beni moldoveni nu au avut de suferit.\" \/>\n<meta name=\"robots\" content=\"index, follow, max-snippet:-1, max-image-preview:large, max-video-preview:-1\" \/>\n<link rel=\"canonical\" href=\"https:\/\/bas-tv.md\/ro\/foto-autocar-cu-40-de-moldoveni-implicat-intr-un-teribil-accident-rutier\/\" \/>\n<meta property=\"og:locale\" content=\"ro_RO\" \/>\n<meta property=\"og:type\" content=\"article\" \/>\n<meta property=\"og:title\" content=\"(FOTO ) Autocar cu 40 de moldoveni, implicat \u00eentr-un teribil accident rutier - BasTV\" \/>\n<meta property=\"og:description\" content=\"Accident grav \u00een Rom\u00e2nia. Dou\u0103 autoturisme \u0219i un autocar \u00een care se aflau 40 de personae din Republica Moldova, s-au ciocnit \u00een noaptea de 8 spre 9 septembrie pe DE 581, pe raza localit\u0103\u021bii Crasna, jude\u021bul Vaslui. O persoan\u0103, care se afla \u00een unul din autoturisme, a murit, iar alte 5 au fost r\u0103nite. Potrivit autorit\u0103\u021bilor rom\u00e2ne, niciunul din cei 40 de cet\u0103\u021beni moldoveni nu au avut de suferit.\" \/>\n<meta property=\"og:url\" content=\"https:\/\/bas-tv.md\/ro\/foto-autocar-cu-40-de-moldoveni-implicat-intr-un-teribil-accident-rutier\/\" \/>\n<meta property=\"og:site_name\" content=\"BasTV\" \/>\n<meta property=\"article:published_time\" content=\"2023-09-09T07:29:44+00:00\" \/>\n<meta property=\"og:image\" content=\"https:\/\/bas-tv.md\/wp-content\/uploads\/2023\/09\/crasna2.jpg\" \/>\n\t<meta property=\"og:image:width\" content=\"1600\" \/>\n\t<meta property=\"og:image:height\" content=\"1200\" \/>\n\t<meta property=\"og:image:type\" content=\"image\/jpeg\" \/>\n<meta name=\"author\" content=\"Redactor\" \/>\n<meta name=\"twitter:card\" content=\"summary_large_image\" \/>\n<meta name=\"twitter:label1\" content=\"Scris de\" \/>\n\t<meta name=\"twitter:data1\" content=\"Redactor\" \/>\n\t<meta name=\"twitter:label2\" content=\"Timp estimat pentru citire\" \/>\n\t<meta name=\"twitter:data2\" content=\"2 minute\" \/>\n<script type=\"application\/ld+json\" class=\"yoast-schema-graph\">{\"@context\":\"https:\\\/\\\/schema.org\",\"@graph\":[{\"@type\":\"Article\",\"@id\":\"https:\\\/\\\/bas-tv.md\\\/ro\\\/foto-autocar-cu-40-de-moldoveni-implicat-intr-un-teribil-accident-rutier\\\/#article\",\"isPartOf\":{\"@id\":\"https:\\\/\\\/bas-tv.md\\\/ro\\\/foto-autocar-cu-40-de-moldoveni-implicat-intr-un-teribil-accident-rutier\\\/\"},\"author\":{\"name\":\"Redactor\",\"@id\":\"https:\\\/\\\/bas-tv.md\\\/ro\\\/#\\\/schema\\\/person\\\/8740f45ea2eca1f1695284fc03529af0\"},\"headline\":\"(FOTO ) Autocar cu 40 de moldoveni, implicat \u00eentr-un teribil accident rutier\",\"datePublished\":\"2023-09-09T07:29:44+00:00\",\"mainEntityOfPage\":{\"@id\":\"https:\\\/\\\/bas-tv.md\\\/ro\\\/foto-autocar-cu-40-de-moldoveni-implicat-intr-un-teribil-accident-rutier\\\/\"},\"wordCount\":427,\"commentCount\":0,\"publisher\":{\"@id\":\"https:\\\/\\\/bas-tv.md\\\/ro\\\/#organization\"},\"image\":{\"@id\":\"https:\\\/\\\/bas-tv.md\\\/ro\\\/foto-autocar-cu-40-de-moldoveni-implicat-intr-un-teribil-accident-rutier\\\/#primaryimage\"},\"thumbnailUrl\":\"https:\\\/\\\/bas-tv.md\\\/wp-content\\\/uploads\\\/2023\\\/09\\\/crasna2.jpg\",\"articleSection\":[\"Actualitate\",\"\u00cen lume\"],\"inLanguage\":\"ro-RO\",\"potentialAction\":[{\"@type\":\"CommentAction\",\"name\":\"Comment\",\"target\":[\"https:\\\/\\\/bas-tv.md\\\/ro\\\/foto-autocar-cu-40-de-moldoveni-implicat-intr-un-teribil-accident-rutier\\\/#respond\"]}]},{\"@type\":\"WebPage\",\"@id\":\"https:\\\/\\\/bas-tv.md\\\/ro\\\/foto-autocar-cu-40-de-moldoveni-implicat-intr-un-teribil-accident-rutier\\\/\",\"url\":\"https:\\\/\\\/bas-tv.md\\\/ro\\\/foto-autocar-cu-40-de-moldoveni-implicat-intr-un-teribil-accident-rutier\\\/\",\"name\":\"(FOTO ) Autocar cu 40 de moldoveni, implicat \u00eentr-un teribil accident rutier - BasTV\",\"isPartOf\":{\"@id\":\"https:\\\/\\\/bas-tv.md\\\/ro\\\/#website\"},\"primaryImageOfPage\":{\"@id\":\"https:\\\/\\\/bas-tv.md\\\/ro\\\/foto-autocar-cu-40-de-moldoveni-implicat-intr-un-teribil-accident-rutier\\\/#primaryimage\"},\"image\":{\"@id\":\"https:\\\/\\\/bas-tv.md\\\/ro\\\/foto-autocar-cu-40-de-moldoveni-implicat-intr-un-teribil-accident-rutier\\\/#primaryimage\"},\"thumbnailUrl\":\"https:\\\/\\\/bas-tv.md\\\/wp-content\\\/uploads\\\/2023\\\/09\\\/crasna2.jpg\",\"datePublished\":\"2023-09-09T07:29:44+00:00\",\"description\":\"Accident grav \u00een Rom\u00e2nia. Dou\u0103 autoturisme \u0219i un autocar \u00een care se aflau 40 de personae din Republica Moldova, s-au ciocnit \u00een noaptea de 8 spre 9 septembrie pe DE 581, pe raza localit\u0103\u021bii Crasna, jude\u021bul Vaslui. O persoan\u0103, care se afla \u00een unul din autoturisme, a murit, iar alte 5 au fost r\u0103nite. Potrivit autorit\u0103\u021bilor rom\u00e2ne, niciunul din cei 40 de cet\u0103\u021beni moldoveni nu au avut de suferit.\",\"inLanguage\":\"ro-RO\",\"potentialAction\":[{\"@type\":\"ReadAction\",\"target\":[\"https:\\\/\\\/bas-tv.md\\\/ro\\\/foto-autocar-cu-40-de-moldoveni-implicat-intr-un-teribil-accident-rutier\\\/\"]}]},{\"@type\":\"ImageObject\",\"inLanguage\":\"ro-RO\",\"@id\":\"https:\\\/\\\/bas-tv.md\\\/ro\\\/foto-autocar-cu-40-de-moldoveni-implicat-intr-un-teribil-accident-rutier\\\/#primaryimage\",\"url\":\"https:\\\/\\\/bas-tv.md\\\/wp-content\\\/uploads\\\/2023\\\/09\\\/crasna2.jpg\",\"contentUrl\":\"https:\\\/\\\/bas-tv.md\\\/wp-content\\\/uploads\\\/2023\\\/09\\\/crasna2.jpg\",\"width\":1600,\"height\":1200,\"caption\":\"vremeanoua.ro\"},{\"@type\":\"WebSite\",\"@id\":\"https:\\\/\\\/bas-tv.md\\\/ro\\\/#website\",\"url\":\"https:\\\/\\\/bas-tv.md\\\/ro\\\/\",\"name\":\"BasTV\",\"description\":\"Moldova\",\"publisher\":{\"@id\":\"https:\\\/\\\/bas-tv.md\\\/ro\\\/#organization\"},\"potentialAction\":[{\"@type\":\"SearchAction\",\"target\":{\"@type\":\"EntryPoint\",\"urlTemplate\":\"https:\\\/\\\/bas-tv.md\\\/ro\\\/?s={search_term_string}\"},\"query-input\":{\"@type\":\"PropertyValueSpecification\",\"valueRequired\":true,\"valueName\":\"search_term_string\"}}],\"inLanguage\":\"ro-RO\"},{\"@type\":\"Organization\",\"@id\":\"https:\\\/\\\/bas-tv.md\\\/ro\\\/#organization\",\"name\":\"BasTV\",\"url\":\"https:\\\/\\\/bas-tv.md\\\/ro\\\/\",\"logo\":{\"@type\":\"ImageObject\",\"inLanguage\":\"ro-RO\",\"@id\":\"https:\\\/\\\/bas-tv.md\\\/ro\\\/#\\\/schema\\\/logo\\\/image\\\/\",\"url\":\"https:\\\/\\\/bas-tv.md\\\/wp-content\\\/uploads\\\/2023\\\/05\\\/bas-tv-culoarea-rosie.png\",\"contentUrl\":\"https:\\\/\\\/bas-tv.md\\\/wp-content\\\/uploads\\\/2023\\\/05\\\/bas-tv-culoarea-rosie.png\",\"width\":202,\"height\":50,\"caption\":\"BasTV\"},\"image\":{\"@id\":\"https:\\\/\\\/bas-tv.md\\\/ro\\\/#\\\/schema\\\/logo\\\/image\\\/\"}},{\"@type\":\"Person\",\"@id\":\"https:\\\/\\\/bas-tv.md\\\/ro\\\/#\\\/schema\\\/person\\\/8740f45ea2eca1f1695284fc03529af0\",\"name\":\"Redactor\",\"image\":{\"@type\":\"ImageObject\",\"inLanguage\":\"ro-RO\",\"@id\":\"https:\\\/\\\/bas-tv.md\\\/wp-content\\\/litespeed\\\/avatar\\\/91c0586f3f6f4396a4ec1287c965eeeb.jpg?ver=1777555749\",\"url\":\"https:\\\/\\\/bas-tv.md\\\/wp-content\\\/litespeed\\\/avatar\\\/91c0586f3f6f4396a4ec1287c965eeeb.jpg?ver=1777555749\",\"contentUrl\":\"https:\\\/\\\/bas-tv.md\\\/wp-content\\\/litespeed\\\/avatar\\\/91c0586f3f6f4396a4ec1287c965eeeb.jpg?ver=1777555749\",\"caption\":\"Redactor\"},\"url\":\"https:\\\/\\\/bas-tv.md\\\/ro\\\/author\\\/redactor\\\/\"}]}<\/script>\n<!-- \/ Yoast SEO plugin. -->","yoast_head_json":{"title":"(FOTO ) Autocar cu 40 de moldoveni, implicat \u00eentr-un teribil accident rutier - BasTV","description":"Accident grav \u00een Rom\u00e2nia. Dou\u0103 autoturisme \u0219i un autocar \u00een care se aflau 40 de personae din Republica Moldova, s-au ciocnit \u00een noaptea de 8 spre 9 septembrie pe DE 581, pe raza localit\u0103\u021bii Crasna, jude\u021bul Vaslui. O persoan\u0103, care se afla \u00een unul din autoturisme, a murit, iar alte 5 au fost r\u0103nite. Potrivit autorit\u0103\u021bilor rom\u00e2ne, niciunul din cei 40 de cet\u0103\u021beni moldoveni nu au avut de suferit.","robots":{"index":"index","follow":"follow","max-snippet":"max-snippet:-1","max-image-preview":"max-image-preview:large","max-video-preview":"max-video-preview:-1"},"canonical":"https:\/\/bas-tv.md\/ro\/foto-autocar-cu-40-de-moldoveni-implicat-intr-un-teribil-accident-rutier\/","og_locale":"ro_RO","og_type":"article","og_title":"(FOTO ) Autocar cu 40 de moldoveni, implicat \u00eentr-un teribil accident rutier - BasTV","og_description":"Accident grav \u00een Rom\u00e2nia. Dou\u0103 autoturisme \u0219i un autocar \u00een care se aflau 40 de personae din Republica Moldova, s-au ciocnit \u00een noaptea de 8 spre 9 septembrie pe DE 581, pe raza localit\u0103\u021bii Crasna, jude\u021bul Vaslui. O persoan\u0103, care se afla \u00een unul din autoturisme, a murit, iar alte 5 au fost r\u0103nite. Potrivit autorit\u0103\u021bilor rom\u00e2ne, niciunul din cei 40 de cet\u0103\u021beni moldoveni nu au avut de suferit.","og_url":"https:\/\/bas-tv.md\/ro\/foto-autocar-cu-40-de-moldoveni-implicat-intr-un-teribil-accident-rutier\/","og_site_name":"BasTV","article_published_time":"2023-09-09T07:29:44+00:00","og_image":[{"width":1600,"height":1200,"url":"https:\/\/bas-tv.md\/wp-content\/uploads\/2023\/09\/crasna2.jpg","type":"image\/jpeg"}],"author":"Redactor","twitter_card":"summary_large_image","twitter_misc":{"Scris de":"Redactor","Timp estimat pentru citire":"2 minute"},"schema":{"@context":"https:\/\/schema.org","@graph":[{"@type":"Article","@id":"https:\/\/bas-tv.md\/ro\/foto-autocar-cu-40-de-moldoveni-implicat-intr-un-teribil-accident-rutier\/#article","isPartOf":{"@id":"https:\/\/bas-tv.md\/ro\/foto-autocar-cu-40-de-moldoveni-implicat-intr-un-teribil-accident-rutier\/"},"author":{"name":"Redactor","@id":"https:\/\/bas-tv.md\/ro\/#\/schema\/person\/8740f45ea2eca1f1695284fc03529af0"},"headline":"(FOTO ) Autocar cu 40 de moldoveni, implicat \u00eentr-un teribil accident rutier","datePublished":"2023-09-09T07:29:44+00:00","mainEntityOfPage":{"@id":"https:\/\/bas-tv.md\/ro\/foto-autocar-cu-40-de-moldoveni-implicat-intr-un-teribil-accident-rutier\/"},"wordCount":427,"commentCount":0,"publisher":{"@id":"https:\/\/bas-tv.md\/ro\/#organization"},"image":{"@id":"https:\/\/bas-tv.md\/ro\/foto-autocar-cu-40-de-moldoveni-implicat-intr-un-teribil-accident-rutier\/#primaryimage"},"thumbnailUrl":"https:\/\/bas-tv.md\/wp-content\/uploads\/2023\/09\/crasna2.jpg","articleSection":["Actualitate","\u00cen lume"],"inLanguage":"ro-RO","potentialAction":[{"@type":"CommentAction","name":"Comment","target":["https:\/\/bas-tv.md\/ro\/foto-autocar-cu-40-de-moldoveni-implicat-intr-un-teribil-accident-rutier\/#respond"]}]},{"@type":"WebPage","@id":"https:\/\/bas-tv.md\/ro\/foto-autocar-cu-40-de-moldoveni-implicat-intr-un-teribil-accident-rutier\/","url":"https:\/\/bas-tv.md\/ro\/foto-autocar-cu-40-de-moldoveni-implicat-intr-un-teribil-accident-rutier\/","name":"(FOTO ) Autocar cu 40 de moldoveni, implicat \u00eentr-un teribil accident rutier - BasTV","isPartOf":{"@id":"https:\/\/bas-tv.md\/ro\/#website"},"primaryImageOfPage":{"@id":"https:\/\/bas-tv.md\/ro\/foto-autocar-cu-40-de-moldoveni-implicat-intr-un-teribil-accident-rutier\/#primaryimage"},"image":{"@id":"https:\/\/bas-tv.md\/ro\/foto-autocar-cu-40-de-moldoveni-implicat-intr-un-teribil-accident-rutier\/#primaryimage"},"thumbnailUrl":"https:\/\/bas-tv.md\/wp-content\/uploads\/2023\/09\/crasna2.jpg","datePublished":"2023-09-09T07:29:44+00:00","description":"Accident grav \u00een Rom\u00e2nia. Dou\u0103 autoturisme \u0219i un autocar \u00een care se aflau 40 de personae din Republica Moldova, s-au ciocnit \u00een noaptea de 8 spre 9 septembrie pe DE 581, pe raza localit\u0103\u021bii Crasna, jude\u021bul Vaslui. O persoan\u0103, care se afla \u00een unul din autoturisme, a murit, iar alte 5 au fost r\u0103nite. Potrivit autorit\u0103\u021bilor rom\u00e2ne, niciunul din cei 40 de cet\u0103\u021beni moldoveni nu au avut de suferit.","inLanguage":"ro-RO","potentialAction":[{"@type":"ReadAction","target":["https:\/\/bas-tv.md\/ro\/foto-autocar-cu-40-de-moldoveni-implicat-intr-un-teribil-accident-rutier\/"]}]},{"@type":"ImageObject","inLanguage":"ro-RO","@id":"https:\/\/bas-tv.md\/ro\/foto-autocar-cu-40-de-moldoveni-implicat-intr-un-teribil-accident-rutier\/#primaryimage","url":"https:\/\/bas-tv.md\/wp-content\/uploads\/2023\/09\/crasna2.jpg","contentUrl":"https:\/\/bas-tv.md\/wp-content\/uploads\/2023\/09\/crasna2.jpg","width":1600,"height":1200,"caption":"vremeanoua.ro"},{"@type":"WebSite","@id":"https:\/\/bas-tv.md\/ro\/#website","url":"https:\/\/bas-tv.md\/ro\/","name":"BasTV","description":"Moldova","publisher":{"@id":"https:\/\/bas-tv.md\/ro\/#organization"},"potentialAction":[{"@type":"SearchAction","target":{"@type":"EntryPoint","urlTemplate":"https:\/\/bas-tv.md\/ro\/?s={search_term_string}"},"query-input":{"@type":"PropertyValueSpecification","valueRequired":true,"valueName":"search_term_string"}}],"inLanguage":"ro-RO"},{"@type":"Organization","@id":"https:\/\/bas-tv.md\/ro\/#organization","name":"BasTV","url":"https:\/\/bas-tv.md\/ro\/","logo":{"@type":"ImageObject","inLanguage":"ro-RO","@id":"https:\/\/bas-tv.md\/ro\/#\/schema\/logo\/image\/","url":"https:\/\/bas-tv.md\/wp-content\/uploads\/2023\/05\/bas-tv-culoarea-rosie.png","contentUrl":"https:\/\/bas-tv.md\/wp-content\/uploads\/2023\/05\/bas-tv-culoarea-rosie.png","width":202,"height":50,"caption":"BasTV"},"image":{"@id":"https:\/\/bas-tv.md\/ro\/#\/schema\/logo\/image\/"}},{"@type":"Person","@id":"https:\/\/bas-tv.md\/ro\/#\/schema\/person\/8740f45ea2eca1f1695284fc03529af0","name":"Redactor","image":{"@type":"ImageObject","inLanguage":"ro-RO","@id":"https:\/\/bas-tv.md\/wp-content\/litespeed\/avatar\/91c0586f3f6f4396a4ec1287c965eeeb.jpg?ver=1777555749","url":"https:\/\/bas-tv.md\/wp-content\/litespeed\/avatar\/91c0586f3f6f4396a4ec1287c965eeeb.jpg?ver=1777555749","contentUrl":"https:\/\/bas-tv.md\/wp-content\/litespeed\/avatar\/91c0586f3f6f4396a4ec1287c965eeeb.jpg?ver=1777555749","caption":"Redactor"},"url":"https:\/\/bas-tv.md\/ro\/author\/redactor\/"}]}},"views":365,"_links":{"self":[{"href":"https:\/\/bas-tv.md\/ro\/wp-json\/wp\/v2\/posts\/100534","targetHints":{"allow":["GET"]}}],"collection":[{"href":"https:\/\/bas-tv.md\/ro\/wp-json\/wp\/v2\/posts"}],"about":[{"href":"https:\/\/bas-tv.md\/ro\/wp-json\/wp\/v2\/types\/post"}],"author":[{"embeddable":true,"href":"https:\/\/bas-tv.md\/ro\/wp-json\/wp\/v2\/users\/3"}],"replies":[{"embeddable":true,"href":"https:\/\/bas-tv.md\/ro\/wp-json\/wp\/v2\/comments?post=100534"}],"version-history":[{"count":6,"href":"https:\/\/bas-tv.md\/ro\/wp-json\/wp\/v2\/posts\/100534\/revisions"}],"predecessor-version":[{"id":100553,"href":"https:\/\/bas-tv.md\/ro\/wp-json\/wp\/v2\/posts\/100534\/revisions\/100553"}],"wp:featuredmedia":[{"embeddable":true,"href":"https:\/\/bas-tv.md\/ro\/wp-json\/wp\/v2\/media\/100539"}],"wp:attachment":[{"href":"https:\/\/bas-tv.md\/ro\/wp-json\/wp\/v2\/media?parent=100534"}],"wp:term":[{"taxonomy":"category","embeddable":true,"href":"https:\/\/bas-tv.md\/ro\/wp-json\/wp\/v2\/categories?post=100534"},{"taxonomy":"post_tag","embeddable":true,"href":"https:\/\/bas-tv.md\/ro\/wp-json\/wp\/v2\/tags?post=100534"}],"curies":[{"name":"wp","href":"https:\/\/api.w.org\/{rel}","templated":true}]}}