{"id":102416,"date":"2023-10-06T16:53:54","date_gmt":"2023-10-06T13:53:54","guid":{"rendered":"https:\/\/bas-tv.md\/?p=102416"},"modified":"2023-10-06T18:21:29","modified_gmt":"2023-10-06T15:21:29","slug":"alegerile-locale-2023-cine-s-a-mai-inregistrat-in-lista-candidatilor-la-functia-de-consilier-in-consiliul-raional-basarabeasca-2","status":"publish","type":"post","link":"https:\/\/bas-tv.md\/ro\/alegerile-locale-2023-cine-s-a-mai-inregistrat-in-lista-candidatilor-la-functia-de-consilier-in-consiliul-raional-basarabeasca-2\/","title":{"rendered":"Alegerile locale 2023: cine s-a mai \u00eenregistrat \u00een lista candida\u021bilor la func\u021bia de consilier \u00een Consiliul Raional Basarabeasca"},"content":{"rendered":"<p><strong>Ast\u0103zi, 6 octombrie, este ultima zi de depunere a actelor pentru \u00eenregistrarea \u00een calitate de concurent electoral \u0219i modificarea listei de candida\u021bi pentru alegerile locale generale. \u00cen raionul Basarabeasca, la 6 octombrie, \u00een jurul orei 16:00, sunt \u00eenregistrate opt partide \u0219i doi candida\u021bi independen\u021bi.<\/strong><\/p>\n<p>Potrivit pre\u0219edintei Consiliului electoral al circumscrip\u021biei electorale raionale Basarabeasca nr. 5, Violeta Topal\u0103, la moment, \u00een raionul Basarabeasca sunt \u00eenregistrate la alegerile locale generale:<\/p>\n<ul>\n<li>Partidul Politic ,,Partidul Ac\u021biune \u0219i Solidaritate\u201d (PAS);<\/li>\n<li>Partidul Politic ,,Partidul Sociali\u0219tilor din Republica Moldova\u201d (PSRM);<\/li>\n<li>Partidul Politic ,,Platforma Demnitate \u0219i Adev\u0103r\u201d (PPDA);<\/li>\n<li>Partidul Comuni\u0219tilor din Republica Moldova (PCRM);<\/li>\n<li>Partidul Politic ,,Partidul Social Democrat European\u201d (PSDE);<\/li>\n<li>Partidul Politic ,,Partidul Rena\u0219tere\u201d (PR);<\/li>\n<li>Partidul Liberal Democrat din Moldova (PLDM);<\/li>\n<li>Partidul Politic \u00a0,,Partidul Verde Ecologist\u201d (PVE).<\/li>\n<\/ul>\n<p>Candida\u021bi independen\u021bi la func\u021bia de consiliei la Consiliul Raional Basarabeasca sunt:<\/p>\n<ul>\n<li>Mihail Mart\u00eenov<\/li>\n<li>Aureliu Baciu<\/li>\n<\/ul>\n<p>Amintim, pe 6 octombrie, a \u00eenceput campania electoral\u0103 pentru concuren\u021bii electorali \u00eenregistra\u021bi la alegerile locale generale din 5 noiembrie.<\/p>\n<p>Autor: Cristina Lupa\u0219cu<\/p>\n<p><b>Abona\u021bi-v\u0103 la noi pe re\u021bele sociale:\u00a0<\/b><a href=\"https:\/\/t.me\/bastvmd\"><b><i>Telegram<\/i><\/b><\/a><b>,\u00a0<\/b><a href=\"https:\/\/www.youtube.com\/channel\/UC-9005PnLnhpNM8PVSjP2dQ\/featured\"><b><i>YouTube<\/i><\/b><\/a><b>,\u00a0<\/b><a href=\"https:\/\/www.facebook.com\/bastv.md\"><b><i>Facebook<\/i><\/b><\/a>\u00a0\u0219i\u00a0<a href=\"https:\/\/www.instagram.com\/bastv.md\/\"><b><i>Instagram<\/i><\/b><\/a><b>.\u00a0 Aici public\u0103m \u0219tiri pe scurt!<\/b><\/p>\n","protected":false},"excerpt":{"rendered":"<p>Ast\u0103zi, 6 octombrie, este ultima zi de depunere a actelor pentru \u00eenregistrarea \u00een calitate de concurent electoral \u0219i modificarea listei de candida\u021bi pentru alegerile locale generale. \u00cen raionul Basarabeasca, la 6 octombrie, \u00een jurul orei 16:00, sunt \u00eenregistrate opt partide \u0219i doi candida\u021bi independen\u021bi. Potrivit pre\u0219edintei Consiliului electoral al circumscrip\u021biei electorale raionale Basarabeasca nr. 5, [&hellip;]<\/p>\n","protected":false},"author":3,"featured_media":102403,"comment_status":"open","ping_status":"open","sticky":false,"template":"","format":"standard","meta":{"footnotes":""},"categories":[602,1248,569],"tags":[],"class_list":["post-102416","post","type-post","status-publish","format-standard","has-post-thumbnail","hentry","category-actualitate","category-electorala-2023-ro","category-in-basarabeasca"],"yoast_head":"<!-- This site is optimized with the Yoast SEO plugin v27.5 - https:\/\/yoast.com\/product\/yoast-seo-wordpress\/ -->\n<title>Alegerile locale 2023: cine s-a mai \u00eenregistrat \u00een lista candida\u021bilor la func\u021bia de consilier \u00een Consiliul Raional Basarabeasca - BasTV<\/title>\n<meta name=\"description\" content=\"Ast\u0103zi, 6 octombrie, este ultima zi de depunere a actelor pentru \u00eenregistrarea \u00een calitate de concurent electoral \u0219i modificarea listei de candida\u021bi pentru alegerile locale generale. \u00cen raionul Basarabeasca, la 6 octombrie, \u00een jurul orei 16:00, sunt \u00eenregistrate opt partide \u0219i doi candida\u021bi independen\u021bi.\" \/>\n<meta name=\"robots\" content=\"index, follow, max-snippet:-1, max-image-preview:large, max-video-preview:-1\" \/>\n<link rel=\"canonical\" href=\"https:\/\/bas-tv.md\/ro\/alegerile-locale-2023-cine-s-a-mai-inregistrat-in-lista-candidatilor-la-functia-de-consilier-in-consiliul-raional-basarabeasca-2\/\" \/>\n<meta property=\"og:locale\" content=\"ro_RO\" \/>\n<meta property=\"og:type\" content=\"article\" \/>\n<meta property=\"og:title\" content=\"Alegerile locale 2023: cine s-a mai \u00eenregistrat \u00een lista candida\u021bilor la func\u021bia de consilier \u00een Consiliul Raional Basarabeasca - BasTV\" \/>\n<meta property=\"og:description\" content=\"Ast\u0103zi, 6 octombrie, este ultima zi de depunere a actelor pentru \u00eenregistrarea \u00een calitate de concurent electoral \u0219i modificarea listei de candida\u021bi pentru alegerile locale generale. \u00cen raionul Basarabeasca, la 6 octombrie, \u00een jurul orei 16:00, sunt \u00eenregistrate opt partide \u0219i doi candida\u021bi independen\u021bi.\" \/>\n<meta property=\"og:url\" content=\"https:\/\/bas-tv.md\/ro\/alegerile-locale-2023-cine-s-a-mai-inregistrat-in-lista-candidatilor-la-functia-de-consilier-in-consiliul-raional-basarabeasca-2\/\" \/>\n<meta property=\"og:site_name\" content=\"BasTV\" \/>\n<meta property=\"article:published_time\" content=\"2023-10-06T13:53:54+00:00\" \/>\n<meta property=\"article:modified_time\" content=\"2023-10-06T15:21:29+00:00\" \/>\n<meta property=\"og:image\" content=\"https:\/\/bas-tv.md\/wp-content\/uploads\/2023\/10\/bezymyannyj-1.png\" \/>\n\t<meta property=\"og:image:width\" content=\"766\" \/>\n\t<meta property=\"og:image:height\" content=\"425\" \/>\n\t<meta property=\"og:image:type\" content=\"image\/png\" \/>\n<meta name=\"author\" content=\"Redactor\" \/>\n<meta name=\"twitter:card\" content=\"summary_large_image\" \/>\n<meta name=\"twitter:label1\" content=\"Scris de\" \/>\n\t<meta name=\"twitter:data1\" content=\"Redactor\" \/>\n\t<meta name=\"twitter:label2\" content=\"Timp estimat pentru citire\" \/>\n\t<meta name=\"twitter:data2\" content=\"1 minut\" \/>\n<script type=\"application\/ld+json\" class=\"yoast-schema-graph\">{\"@context\":\"https:\\\/\\\/schema.org\",\"@graph\":[{\"@type\":\"Article\",\"@id\":\"https:\\\/\\\/bas-tv.md\\\/ro\\\/alegerile-locale-2023-cine-s-a-mai-inregistrat-in-lista-candidatilor-la-functia-de-consilier-in-consiliul-raional-basarabeasca-2\\\/#article\",\"isPartOf\":{\"@id\":\"https:\\\/\\\/bas-tv.md\\\/ro\\\/alegerile-locale-2023-cine-s-a-mai-inregistrat-in-lista-candidatilor-la-functia-de-consilier-in-consiliul-raional-basarabeasca-2\\\/\"},\"author\":{\"name\":\"Redactor\",\"@id\":\"https:\\\/\\\/bas-tv.md\\\/ro\\\/#\\\/schema\\\/person\\\/8740f45ea2eca1f1695284fc03529af0\"},\"headline\":\"Alegerile locale 2023: cine s-a mai \u00eenregistrat \u00een lista candida\u021bilor la func\u021bia de consilier \u00een Consiliul Raional Basarabeasca\",\"datePublished\":\"2023-10-06T13:53:54+00:00\",\"dateModified\":\"2023-10-06T15:21:29+00:00\",\"mainEntityOfPage\":{\"@id\":\"https:\\\/\\\/bas-tv.md\\\/ro\\\/alegerile-locale-2023-cine-s-a-mai-inregistrat-in-lista-candidatilor-la-functia-de-consilier-in-consiliul-raional-basarabeasca-2\\\/\"},\"wordCount\":207,\"commentCount\":0,\"publisher\":{\"@id\":\"https:\\\/\\\/bas-tv.md\\\/ro\\\/#organization\"},\"image\":{\"@id\":\"https:\\\/\\\/bas-tv.md\\\/ro\\\/alegerile-locale-2023-cine-s-a-mai-inregistrat-in-lista-candidatilor-la-functia-de-consilier-in-consiliul-raional-basarabeasca-2\\\/#primaryimage\"},\"thumbnailUrl\":\"https:\\\/\\\/bas-tv.md\\\/wp-content\\\/uploads\\\/2023\\\/10\\\/bezymyannyj-1.png\",\"articleSection\":[\"Actualitate\",\"Electorala-2023\",\"\u00cen Basarabeasca\"],\"inLanguage\":\"ro-RO\",\"potentialAction\":[{\"@type\":\"CommentAction\",\"name\":\"Comment\",\"target\":[\"https:\\\/\\\/bas-tv.md\\\/ro\\\/alegerile-locale-2023-cine-s-a-mai-inregistrat-in-lista-candidatilor-la-functia-de-consilier-in-consiliul-raional-basarabeasca-2\\\/#respond\"]}]},{\"@type\":\"WebPage\",\"@id\":\"https:\\\/\\\/bas-tv.md\\\/ro\\\/alegerile-locale-2023-cine-s-a-mai-inregistrat-in-lista-candidatilor-la-functia-de-consilier-in-consiliul-raional-basarabeasca-2\\\/\",\"url\":\"https:\\\/\\\/bas-tv.md\\\/ro\\\/alegerile-locale-2023-cine-s-a-mai-inregistrat-in-lista-candidatilor-la-functia-de-consilier-in-consiliul-raional-basarabeasca-2\\\/\",\"name\":\"Alegerile locale 2023: cine s-a mai \u00eenregistrat \u00een lista candida\u021bilor la func\u021bia de consilier \u00een Consiliul Raional Basarabeasca - BasTV\",\"isPartOf\":{\"@id\":\"https:\\\/\\\/bas-tv.md\\\/ro\\\/#website\"},\"primaryImageOfPage\":{\"@id\":\"https:\\\/\\\/bas-tv.md\\\/ro\\\/alegerile-locale-2023-cine-s-a-mai-inregistrat-in-lista-candidatilor-la-functia-de-consilier-in-consiliul-raional-basarabeasca-2\\\/#primaryimage\"},\"image\":{\"@id\":\"https:\\\/\\\/bas-tv.md\\\/ro\\\/alegerile-locale-2023-cine-s-a-mai-inregistrat-in-lista-candidatilor-la-functia-de-consilier-in-consiliul-raional-basarabeasca-2\\\/#primaryimage\"},\"thumbnailUrl\":\"https:\\\/\\\/bas-tv.md\\\/wp-content\\\/uploads\\\/2023\\\/10\\\/bezymyannyj-1.png\",\"datePublished\":\"2023-10-06T13:53:54+00:00\",\"dateModified\":\"2023-10-06T15:21:29+00:00\",\"description\":\"Ast\u0103zi, 6 octombrie, este ultima zi de depunere a actelor pentru \u00eenregistrarea \u00een calitate de concurent electoral \u0219i modificarea listei de candida\u021bi pentru alegerile locale generale. \u00cen raionul Basarabeasca, la 6 octombrie, \u00een jurul orei 16:00, sunt \u00eenregistrate opt partide \u0219i doi candida\u021bi independen\u021bi.\",\"inLanguage\":\"ro-RO\",\"potentialAction\":[{\"@type\":\"ReadAction\",\"target\":[\"https:\\\/\\\/bas-tv.md\\\/ro\\\/alegerile-locale-2023-cine-s-a-mai-inregistrat-in-lista-candidatilor-la-functia-de-consilier-in-consiliul-raional-basarabeasca-2\\\/\"]}]},{\"@type\":\"ImageObject\",\"inLanguage\":\"ro-RO\",\"@id\":\"https:\\\/\\\/bas-tv.md\\\/ro\\\/alegerile-locale-2023-cine-s-a-mai-inregistrat-in-lista-candidatilor-la-functia-de-consilier-in-consiliul-raional-basarabeasca-2\\\/#primaryimage\",\"url\":\"https:\\\/\\\/bas-tv.md\\\/wp-content\\\/uploads\\\/2023\\\/10\\\/bezymyannyj-1.png\",\"contentUrl\":\"https:\\\/\\\/bas-tv.md\\\/wp-content\\\/uploads\\\/2023\\\/10\\\/bezymyannyj-1.png\",\"width\":766,\"height\":425,\"caption\":\"Alegerile locale 2023: cine s-a mai \u00eenregistrat ca candidat la func\u021bia de consilier \u00een Consiliul Raional Basarabeasca\"},{\"@type\":\"WebSite\",\"@id\":\"https:\\\/\\\/bas-tv.md\\\/ro\\\/#website\",\"url\":\"https:\\\/\\\/bas-tv.md\\\/ro\\\/\",\"name\":\"BasTV\",\"description\":\"Moldova\",\"publisher\":{\"@id\":\"https:\\\/\\\/bas-tv.md\\\/ro\\\/#organization\"},\"potentialAction\":[{\"@type\":\"SearchAction\",\"target\":{\"@type\":\"EntryPoint\",\"urlTemplate\":\"https:\\\/\\\/bas-tv.md\\\/ro\\\/?s={search_term_string}\"},\"query-input\":{\"@type\":\"PropertyValueSpecification\",\"valueRequired\":true,\"valueName\":\"search_term_string\"}}],\"inLanguage\":\"ro-RO\"},{\"@type\":\"Organization\",\"@id\":\"https:\\\/\\\/bas-tv.md\\\/ro\\\/#organization\",\"name\":\"BasTV\",\"url\":\"https:\\\/\\\/bas-tv.md\\\/ro\\\/\",\"logo\":{\"@type\":\"ImageObject\",\"inLanguage\":\"ro-RO\",\"@id\":\"https:\\\/\\\/bas-tv.md\\\/ro\\\/#\\\/schema\\\/logo\\\/image\\\/\",\"url\":\"https:\\\/\\\/bas-tv.md\\\/wp-content\\\/uploads\\\/2023\\\/05\\\/bas-tv-culoarea-rosie.png\",\"contentUrl\":\"https:\\\/\\\/bas-tv.md\\\/wp-content\\\/uploads\\\/2023\\\/05\\\/bas-tv-culoarea-rosie.png\",\"width\":202,\"height\":50,\"caption\":\"BasTV\"},\"image\":{\"@id\":\"https:\\\/\\\/bas-tv.md\\\/ro\\\/#\\\/schema\\\/logo\\\/image\\\/\"}},{\"@type\":\"Person\",\"@id\":\"https:\\\/\\\/bas-tv.md\\\/ro\\\/#\\\/schema\\\/person\\\/8740f45ea2eca1f1695284fc03529af0\",\"name\":\"Redactor\",\"image\":{\"@type\":\"ImageObject\",\"inLanguage\":\"ro-RO\",\"@id\":\"https:\\\/\\\/bas-tv.md\\\/wp-content\\\/litespeed\\\/avatar\\\/91c0586f3f6f4396a4ec1287c965eeeb.jpg?ver=1776950945\",\"url\":\"https:\\\/\\\/bas-tv.md\\\/wp-content\\\/litespeed\\\/avatar\\\/91c0586f3f6f4396a4ec1287c965eeeb.jpg?ver=1776950945\",\"contentUrl\":\"https:\\\/\\\/bas-tv.md\\\/wp-content\\\/litespeed\\\/avatar\\\/91c0586f3f6f4396a4ec1287c965eeeb.jpg?ver=1776950945\",\"caption\":\"Redactor\"},\"url\":\"https:\\\/\\\/bas-tv.md\\\/ro\\\/author\\\/redactor\\\/\"}]}<\/script>\n<!-- \/ Yoast SEO plugin. -->","yoast_head_json":{"title":"Alegerile locale 2023: cine s-a mai \u00eenregistrat \u00een lista candida\u021bilor la func\u021bia de consilier \u00een Consiliul Raional Basarabeasca - BasTV","description":"Ast\u0103zi, 6 octombrie, este ultima zi de depunere a actelor pentru \u00eenregistrarea \u00een calitate de concurent electoral \u0219i modificarea listei de candida\u021bi pentru alegerile locale generale. \u00cen raionul Basarabeasca, la 6 octombrie, \u00een jurul orei 16:00, sunt \u00eenregistrate opt partide \u0219i doi candida\u021bi independen\u021bi.","robots":{"index":"index","follow":"follow","max-snippet":"max-snippet:-1","max-image-preview":"max-image-preview:large","max-video-preview":"max-video-preview:-1"},"canonical":"https:\/\/bas-tv.md\/ro\/alegerile-locale-2023-cine-s-a-mai-inregistrat-in-lista-candidatilor-la-functia-de-consilier-in-consiliul-raional-basarabeasca-2\/","og_locale":"ro_RO","og_type":"article","og_title":"Alegerile locale 2023: cine s-a mai \u00eenregistrat \u00een lista candida\u021bilor la func\u021bia de consilier \u00een Consiliul Raional Basarabeasca - BasTV","og_description":"Ast\u0103zi, 6 octombrie, este ultima zi de depunere a actelor pentru \u00eenregistrarea \u00een calitate de concurent electoral \u0219i modificarea listei de candida\u021bi pentru alegerile locale generale. \u00cen raionul Basarabeasca, la 6 octombrie, \u00een jurul orei 16:00, sunt \u00eenregistrate opt partide \u0219i doi candida\u021bi independen\u021bi.","og_url":"https:\/\/bas-tv.md\/ro\/alegerile-locale-2023-cine-s-a-mai-inregistrat-in-lista-candidatilor-la-functia-de-consilier-in-consiliul-raional-basarabeasca-2\/","og_site_name":"BasTV","article_published_time":"2023-10-06T13:53:54+00:00","article_modified_time":"2023-10-06T15:21:29+00:00","og_image":[{"width":766,"height":425,"url":"https:\/\/bas-tv.md\/wp-content\/uploads\/2023\/10\/bezymyannyj-1.png","type":"image\/png"}],"author":"Redactor","twitter_card":"summary_large_image","twitter_misc":{"Scris de":"Redactor","Timp estimat pentru citire":"1 minut"},"schema":{"@context":"https:\/\/schema.org","@graph":[{"@type":"Article","@id":"https:\/\/bas-tv.md\/ro\/alegerile-locale-2023-cine-s-a-mai-inregistrat-in-lista-candidatilor-la-functia-de-consilier-in-consiliul-raional-basarabeasca-2\/#article","isPartOf":{"@id":"https:\/\/bas-tv.md\/ro\/alegerile-locale-2023-cine-s-a-mai-inregistrat-in-lista-candidatilor-la-functia-de-consilier-in-consiliul-raional-basarabeasca-2\/"},"author":{"name":"Redactor","@id":"https:\/\/bas-tv.md\/ro\/#\/schema\/person\/8740f45ea2eca1f1695284fc03529af0"},"headline":"Alegerile locale 2023: cine s-a mai \u00eenregistrat \u00een lista candida\u021bilor la func\u021bia de consilier \u00een Consiliul Raional Basarabeasca","datePublished":"2023-10-06T13:53:54+00:00","dateModified":"2023-10-06T15:21:29+00:00","mainEntityOfPage":{"@id":"https:\/\/bas-tv.md\/ro\/alegerile-locale-2023-cine-s-a-mai-inregistrat-in-lista-candidatilor-la-functia-de-consilier-in-consiliul-raional-basarabeasca-2\/"},"wordCount":207,"commentCount":0,"publisher":{"@id":"https:\/\/bas-tv.md\/ro\/#organization"},"image":{"@id":"https:\/\/bas-tv.md\/ro\/alegerile-locale-2023-cine-s-a-mai-inregistrat-in-lista-candidatilor-la-functia-de-consilier-in-consiliul-raional-basarabeasca-2\/#primaryimage"},"thumbnailUrl":"https:\/\/bas-tv.md\/wp-content\/uploads\/2023\/10\/bezymyannyj-1.png","articleSection":["Actualitate","Electorala-2023","\u00cen Basarabeasca"],"inLanguage":"ro-RO","potentialAction":[{"@type":"CommentAction","name":"Comment","target":["https:\/\/bas-tv.md\/ro\/alegerile-locale-2023-cine-s-a-mai-inregistrat-in-lista-candidatilor-la-functia-de-consilier-in-consiliul-raional-basarabeasca-2\/#respond"]}]},{"@type":"WebPage","@id":"https:\/\/bas-tv.md\/ro\/alegerile-locale-2023-cine-s-a-mai-inregistrat-in-lista-candidatilor-la-functia-de-consilier-in-consiliul-raional-basarabeasca-2\/","url":"https:\/\/bas-tv.md\/ro\/alegerile-locale-2023-cine-s-a-mai-inregistrat-in-lista-candidatilor-la-functia-de-consilier-in-consiliul-raional-basarabeasca-2\/","name":"Alegerile locale 2023: cine s-a mai \u00eenregistrat \u00een lista candida\u021bilor la func\u021bia de consilier \u00een Consiliul Raional Basarabeasca - BasTV","isPartOf":{"@id":"https:\/\/bas-tv.md\/ro\/#website"},"primaryImageOfPage":{"@id":"https:\/\/bas-tv.md\/ro\/alegerile-locale-2023-cine-s-a-mai-inregistrat-in-lista-candidatilor-la-functia-de-consilier-in-consiliul-raional-basarabeasca-2\/#primaryimage"},"image":{"@id":"https:\/\/bas-tv.md\/ro\/alegerile-locale-2023-cine-s-a-mai-inregistrat-in-lista-candidatilor-la-functia-de-consilier-in-consiliul-raional-basarabeasca-2\/#primaryimage"},"thumbnailUrl":"https:\/\/bas-tv.md\/wp-content\/uploads\/2023\/10\/bezymyannyj-1.png","datePublished":"2023-10-06T13:53:54+00:00","dateModified":"2023-10-06T15:21:29+00:00","description":"Ast\u0103zi, 6 octombrie, este ultima zi de depunere a actelor pentru \u00eenregistrarea \u00een calitate de concurent electoral \u0219i modificarea listei de candida\u021bi pentru alegerile locale generale. \u00cen raionul Basarabeasca, la 6 octombrie, \u00een jurul orei 16:00, sunt \u00eenregistrate opt partide \u0219i doi candida\u021bi independen\u021bi.","inLanguage":"ro-RO","potentialAction":[{"@type":"ReadAction","target":["https:\/\/bas-tv.md\/ro\/alegerile-locale-2023-cine-s-a-mai-inregistrat-in-lista-candidatilor-la-functia-de-consilier-in-consiliul-raional-basarabeasca-2\/"]}]},{"@type":"ImageObject","inLanguage":"ro-RO","@id":"https:\/\/bas-tv.md\/ro\/alegerile-locale-2023-cine-s-a-mai-inregistrat-in-lista-candidatilor-la-functia-de-consilier-in-consiliul-raional-basarabeasca-2\/#primaryimage","url":"https:\/\/bas-tv.md\/wp-content\/uploads\/2023\/10\/bezymyannyj-1.png","contentUrl":"https:\/\/bas-tv.md\/wp-content\/uploads\/2023\/10\/bezymyannyj-1.png","width":766,"height":425,"caption":"Alegerile locale 2023: cine s-a mai \u00eenregistrat ca candidat la func\u021bia de consilier \u00een Consiliul Raional Basarabeasca"},{"@type":"WebSite","@id":"https:\/\/bas-tv.md\/ro\/#website","url":"https:\/\/bas-tv.md\/ro\/","name":"BasTV","description":"Moldova","publisher":{"@id":"https:\/\/bas-tv.md\/ro\/#organization"},"potentialAction":[{"@type":"SearchAction","target":{"@type":"EntryPoint","urlTemplate":"https:\/\/bas-tv.md\/ro\/?s={search_term_string}"},"query-input":{"@type":"PropertyValueSpecification","valueRequired":true,"valueName":"search_term_string"}}],"inLanguage":"ro-RO"},{"@type":"Organization","@id":"https:\/\/bas-tv.md\/ro\/#organization","name":"BasTV","url":"https:\/\/bas-tv.md\/ro\/","logo":{"@type":"ImageObject","inLanguage":"ro-RO","@id":"https:\/\/bas-tv.md\/ro\/#\/schema\/logo\/image\/","url":"https:\/\/bas-tv.md\/wp-content\/uploads\/2023\/05\/bas-tv-culoarea-rosie.png","contentUrl":"https:\/\/bas-tv.md\/wp-content\/uploads\/2023\/05\/bas-tv-culoarea-rosie.png","width":202,"height":50,"caption":"BasTV"},"image":{"@id":"https:\/\/bas-tv.md\/ro\/#\/schema\/logo\/image\/"}},{"@type":"Person","@id":"https:\/\/bas-tv.md\/ro\/#\/schema\/person\/8740f45ea2eca1f1695284fc03529af0","name":"Redactor","image":{"@type":"ImageObject","inLanguage":"ro-RO","@id":"https:\/\/bas-tv.md\/wp-content\/litespeed\/avatar\/91c0586f3f6f4396a4ec1287c965eeeb.jpg?ver=1776950945","url":"https:\/\/bas-tv.md\/wp-content\/litespeed\/avatar\/91c0586f3f6f4396a4ec1287c965eeeb.jpg?ver=1776950945","contentUrl":"https:\/\/bas-tv.md\/wp-content\/litespeed\/avatar\/91c0586f3f6f4396a4ec1287c965eeeb.jpg?ver=1776950945","caption":"Redactor"},"url":"https:\/\/bas-tv.md\/ro\/author\/redactor\/"}]}},"views":618,"_links":{"self":[{"href":"https:\/\/bas-tv.md\/ro\/wp-json\/wp\/v2\/posts\/102416","targetHints":{"allow":["GET"]}}],"collection":[{"href":"https:\/\/bas-tv.md\/ro\/wp-json\/wp\/v2\/posts"}],"about":[{"href":"https:\/\/bas-tv.md\/ro\/wp-json\/wp\/v2\/types\/post"}],"author":[{"embeddable":true,"href":"https:\/\/bas-tv.md\/ro\/wp-json\/wp\/v2\/users\/3"}],"replies":[{"embeddable":true,"href":"https:\/\/bas-tv.md\/ro\/wp-json\/wp\/v2\/comments?post=102416"}],"version-history":[{"count":1,"href":"https:\/\/bas-tv.md\/ro\/wp-json\/wp\/v2\/posts\/102416\/revisions"}],"predecessor-version":[{"id":102420,"href":"https:\/\/bas-tv.md\/ro\/wp-json\/wp\/v2\/posts\/102416\/revisions\/102420"}],"wp:featuredmedia":[{"embeddable":true,"href":"https:\/\/bas-tv.md\/ro\/wp-json\/wp\/v2\/media\/102403"}],"wp:attachment":[{"href":"https:\/\/bas-tv.md\/ro\/wp-json\/wp\/v2\/media?parent=102416"}],"wp:term":[{"taxonomy":"category","embeddable":true,"href":"https:\/\/bas-tv.md\/ro\/wp-json\/wp\/v2\/categories?post=102416"},{"taxonomy":"post_tag","embeddable":true,"href":"https:\/\/bas-tv.md\/ro\/wp-json\/wp\/v2\/tags?post=102416"}],"curies":[{"name":"wp","href":"https:\/\/api.w.org\/{rel}","templated":true}]}}