{"id":102591,"date":"2023-10-10T12:00:30","date_gmt":"2023-10-10T09:00:30","guid":{"rendered":"https:\/\/bas-tv.md\/?p=102591"},"modified":"2023-10-10T11:27:38","modified_gmt":"2023-10-10T08:27:38","slug":"cine-s-a-inregistrat-la-functia-de-primar-si-consilier-in-consiliul-satesc-in-s-carabetovca","status":"publish","type":"post","link":"https:\/\/bas-tv.md\/ro\/cine-s-a-inregistrat-la-functia-de-primar-si-consilier-in-consiliul-satesc-in-s-carabetovca\/","title":{"rendered":"Cine s-a \u00eenregistrat la func\u021bia de primar \u0219i consilier \u00een Consiliul s\u0103tesc \u00een s. Carabetovca"},"content":{"rendered":"<p><strong>\u00cen satul Carabetovca raionul Basarabeasca, la 10 octombrie, sunt \u00eenregistrate cinci partide \u0219i doi candida\u021bi independen\u021bi la func\u021bia de consilier \u00een Consiliul s\u0103tesc. La func\u021bia de primar sunt \u00eenregistrate dou\u0103 partide \u0219i un candidat independent.<\/strong><\/p>\n<p>Pre\u0219edinta consiliului electoral de circumscrip\u021bie CECE Carabetovca 5\/5, Svetlana Gribine\u021b, anun\u021b\u0103 c\u0103 \u00een s. Carabetovca, raionul Basarabeasca, la func\u021bia de primar sunt \u00eenregistra\u021bi:<\/p>\n<ul>\n<li>Sergiu R\u0103cil\u0103 &#8211; Partidul Ac\u021biune \u0219i Solidaritate (PAS)<\/li>\n<li>Dorina C\u0103tan\u0103 &#8211; Partidul Politic ,,\u0218ANS\u0102\u201d<\/li>\n<\/ul>\n<p>Candidat independent la func\u021bia de primar \u00een s.Carabetovca este Ana Dranga.<\/p>\n<p>La func\u021bia de consilier \u00een Consiliul s\u0103tesc \u00een cadrul alegerilor locale generale din 5 noiembrie sunt \u00eenregistrate:<\/p>\n<ul>\n<li>Partidul Ac\u021biune \u0219i Solidaritate (PAS)<\/li>\n<li>Partidul Politic Democra\u021bia Acas\u0103 (DA)<\/li>\n<li>Partidul Politic ,,\u0218ANS\u0102\u201d<\/li>\n<li>Partidul Sociali\u0219tilor din Republica Moldova (PSRM)<\/li>\n<li>Partidul Politic Platforma Demnitate \u0219i Adev\u0103r (PPDA)<\/li>\n<\/ul>\n<p>Candida\u021bi independen\u021bi:<\/p>\n<ul>\n<li>Victor Sp\u00eenu<\/li>\n<li>Marian R\u0103cil\u0103<\/li>\n<\/ul>\n<p>Amintim, pe 6 octombrie, a \u00eenceput campania electoral\u0103 pentru alegerile locale generale din 5 noiembrie.<\/p>\n<p>Autor: Cristina Lupa\u0219cu<\/p>\n<p><b>Abona\u021bi-v\u0103 la noi pe re\u021bele sociale:\u00a0<\/b><a href=\"https:\/\/t.me\/bastvmd\"><b><i>Telegram<\/i><\/b><\/a><b>,\u00a0<\/b><a href=\"https:\/\/www.youtube.com\/channel\/UC-9005PnLnhpNM8PVSjP2dQ\/featured\"><b><i>YouTube<\/i><\/b><\/a><b>,\u00a0<\/b><a href=\"https:\/\/www.facebook.com\/bastv.md\"><b><i>Facebook<\/i><\/b><\/a>\u00a0\u0219i\u00a0<a href=\"https:\/\/www.instagram.com\/bastv.md\/\"><b><i>Instagram<\/i><\/b><\/a><b>.\u00a0 Aici public\u0103m \u0219tiri pe scurt!<\/b><\/p>\n","protected":false},"excerpt":{"rendered":"<p>\u00cen satul Carabetovca raionul Basarabeasca, la 10 octombrie, sunt \u00eenregistrate cinci partide \u0219i doi candida\u021bi independen\u021bi la func\u021bia de consilier \u00een Consiliul s\u0103tesc. La func\u021bia de primar sunt \u00eenregistrate dou\u0103 partide \u0219i un candidat independent. Pre\u0219edinta consiliului electoral de circumscrip\u021bie CECE Carabetovca 5\/5, Svetlana Gribine\u021b, anun\u021b\u0103 c\u0103 \u00een s. Carabetovca, raionul Basarabeasca, la func\u021bia de [&hellip;]<\/p>\n","protected":false},"author":3,"featured_media":102596,"comment_status":"open","ping_status":"open","sticky":false,"template":"","format":"standard","meta":{"footnotes":""},"categories":[602,1248,569],"tags":[],"class_list":["post-102591","post","type-post","status-publish","format-standard","has-post-thumbnail","hentry","category-actualitate","category-electorala-2023-ro","category-in-basarabeasca"],"yoast_head":"<!-- This site is optimized with the Yoast SEO plugin v27.5 - https:\/\/yoast.com\/product\/yoast-seo-wordpress\/ -->\n<title>Cine s-a \u00eenregistrat la func\u021bia de primar \u0219i consilier \u00een Consiliul s\u0103tesc \u00een s. Carabetovca - BasTV<\/title>\n<meta name=\"description\" content=\"\u00cen satul Carabetovca raionul Basarabeasca, la 10 octombrie, sunt \u00eenregistrate cinci partide \u0219i doi candida\u021bi independen\u021bi la func\u021bia de consilier \u00een Consiliul s\u0103tesc. La func\u021bia de primar sunt \u00eenregistrate dou\u0103 partide \u0219i un candidat independent.\" \/>\n<meta name=\"robots\" content=\"index, follow, max-snippet:-1, max-image-preview:large, max-video-preview:-1\" \/>\n<link rel=\"canonical\" href=\"https:\/\/bas-tv.md\/ro\/cine-s-a-inregistrat-la-functia-de-primar-si-consilier-in-consiliul-satesc-in-s-carabetovca\/\" \/>\n<meta property=\"og:locale\" content=\"ro_RO\" \/>\n<meta property=\"og:type\" content=\"article\" \/>\n<meta property=\"og:title\" content=\"Cine s-a \u00eenregistrat la func\u021bia de primar \u0219i consilier \u00een Consiliul s\u0103tesc \u00een s. Carabetovca - BasTV\" \/>\n<meta property=\"og:description\" content=\"\u00cen satul Carabetovca raionul Basarabeasca, la 10 octombrie, sunt \u00eenregistrate cinci partide \u0219i doi candida\u021bi independen\u021bi la func\u021bia de consilier \u00een Consiliul s\u0103tesc. La func\u021bia de primar sunt \u00eenregistrate dou\u0103 partide \u0219i un candidat independent.\" \/>\n<meta property=\"og:url\" content=\"https:\/\/bas-tv.md\/ro\/cine-s-a-inregistrat-la-functia-de-primar-si-consilier-in-consiliul-satesc-in-s-carabetovca\/\" \/>\n<meta property=\"og:site_name\" content=\"BasTV\" \/>\n<meta property=\"article:published_time\" content=\"2023-10-10T09:00:30+00:00\" \/>\n<meta property=\"og:image\" content=\"https:\/\/bas-tv.md\/wp-content\/uploads\/2023\/10\/4628747350787483952.jpg\" \/>\n\t<meta property=\"og:image:width\" content=\"500\" \/>\n\t<meta property=\"og:image:height\" content=\"261\" \/>\n\t<meta property=\"og:image:type\" content=\"image\/jpeg\" \/>\n<meta name=\"author\" content=\"Redactor\" \/>\n<meta name=\"twitter:card\" content=\"summary_large_image\" \/>\n<meta name=\"twitter:label1\" content=\"Scris de\" \/>\n\t<meta name=\"twitter:data1\" content=\"Redactor\" \/>\n\t<meta name=\"twitter:label2\" content=\"Timp estimat pentru citire\" \/>\n\t<meta name=\"twitter:data2\" content=\"1 minut\" \/>\n<script type=\"application\/ld+json\" class=\"yoast-schema-graph\">{\"@context\":\"https:\\\/\\\/schema.org\",\"@graph\":[{\"@type\":\"Article\",\"@id\":\"https:\\\/\\\/bas-tv.md\\\/ro\\\/cine-s-a-inregistrat-la-functia-de-primar-si-consilier-in-consiliul-satesc-in-s-carabetovca\\\/#article\",\"isPartOf\":{\"@id\":\"https:\\\/\\\/bas-tv.md\\\/ro\\\/cine-s-a-inregistrat-la-functia-de-primar-si-consilier-in-consiliul-satesc-in-s-carabetovca\\\/\"},\"author\":{\"name\":\"Redactor\",\"@id\":\"https:\\\/\\\/bas-tv.md\\\/ro\\\/#\\\/schema\\\/person\\\/8740f45ea2eca1f1695284fc03529af0\"},\"headline\":\"Cine s-a \u00eenregistrat la func\u021bia de primar \u0219i consilier \u00een Consiliul s\u0103tesc \u00een s. Carabetovca\",\"datePublished\":\"2023-10-10T09:00:30+00:00\",\"mainEntityOfPage\":{\"@id\":\"https:\\\/\\\/bas-tv.md\\\/ro\\\/cine-s-a-inregistrat-la-functia-de-primar-si-consilier-in-consiliul-satesc-in-s-carabetovca\\\/\"},\"wordCount\":206,\"commentCount\":0,\"publisher\":{\"@id\":\"https:\\\/\\\/bas-tv.md\\\/ro\\\/#organization\"},\"image\":{\"@id\":\"https:\\\/\\\/bas-tv.md\\\/ro\\\/cine-s-a-inregistrat-la-functia-de-primar-si-consilier-in-consiliul-satesc-in-s-carabetovca\\\/#primaryimage\"},\"thumbnailUrl\":\"https:\\\/\\\/bas-tv.md\\\/wp-content\\\/uploads\\\/2023\\\/10\\\/4628747350787483952.jpg\",\"articleSection\":[\"Actualitate\",\"Electorala-2023\",\"\u00cen Basarabeasca\"],\"inLanguage\":\"ro-RO\",\"potentialAction\":[{\"@type\":\"CommentAction\",\"name\":\"Comment\",\"target\":[\"https:\\\/\\\/bas-tv.md\\\/ro\\\/cine-s-a-inregistrat-la-functia-de-primar-si-consilier-in-consiliul-satesc-in-s-carabetovca\\\/#respond\"]}]},{\"@type\":\"WebPage\",\"@id\":\"https:\\\/\\\/bas-tv.md\\\/ro\\\/cine-s-a-inregistrat-la-functia-de-primar-si-consilier-in-consiliul-satesc-in-s-carabetovca\\\/\",\"url\":\"https:\\\/\\\/bas-tv.md\\\/ro\\\/cine-s-a-inregistrat-la-functia-de-primar-si-consilier-in-consiliul-satesc-in-s-carabetovca\\\/\",\"name\":\"Cine s-a \u00eenregistrat la func\u021bia de primar \u0219i consilier \u00een Consiliul s\u0103tesc \u00een s. Carabetovca - BasTV\",\"isPartOf\":{\"@id\":\"https:\\\/\\\/bas-tv.md\\\/ro\\\/#website\"},\"primaryImageOfPage\":{\"@id\":\"https:\\\/\\\/bas-tv.md\\\/ro\\\/cine-s-a-inregistrat-la-functia-de-primar-si-consilier-in-consiliul-satesc-in-s-carabetovca\\\/#primaryimage\"},\"image\":{\"@id\":\"https:\\\/\\\/bas-tv.md\\\/ro\\\/cine-s-a-inregistrat-la-functia-de-primar-si-consilier-in-consiliul-satesc-in-s-carabetovca\\\/#primaryimage\"},\"thumbnailUrl\":\"https:\\\/\\\/bas-tv.md\\\/wp-content\\\/uploads\\\/2023\\\/10\\\/4628747350787483952.jpg\",\"datePublished\":\"2023-10-10T09:00:30+00:00\",\"description\":\"\u00cen satul Carabetovca raionul Basarabeasca, la 10 octombrie, sunt \u00eenregistrate cinci partide \u0219i doi candida\u021bi independen\u021bi la func\u021bia de consilier \u00een Consiliul s\u0103tesc. La func\u021bia de primar sunt \u00eenregistrate dou\u0103 partide \u0219i un candidat independent.\",\"inLanguage\":\"ro-RO\",\"potentialAction\":[{\"@type\":\"ReadAction\",\"target\":[\"https:\\\/\\\/bas-tv.md\\\/ro\\\/cine-s-a-inregistrat-la-functia-de-primar-si-consilier-in-consiliul-satesc-in-s-carabetovca\\\/\"]}]},{\"@type\":\"ImageObject\",\"inLanguage\":\"ro-RO\",\"@id\":\"https:\\\/\\\/bas-tv.md\\\/ro\\\/cine-s-a-inregistrat-la-functia-de-primar-si-consilier-in-consiliul-satesc-in-s-carabetovca\\\/#primaryimage\",\"url\":\"https:\\\/\\\/bas-tv.md\\\/wp-content\\\/uploads\\\/2023\\\/10\\\/4628747350787483952.jpg\",\"contentUrl\":\"https:\\\/\\\/bas-tv.md\\\/wp-content\\\/uploads\\\/2023\\\/10\\\/4628747350787483952.jpg\",\"width\":500,\"height\":261,\"caption\":\"Cine s-a \u00eenregistrat la func\u021bia de primar \u0219i consilier \u00een Consiliul s\u0103tesc \u00een s. Carabetovca\"},{\"@type\":\"WebSite\",\"@id\":\"https:\\\/\\\/bas-tv.md\\\/ro\\\/#website\",\"url\":\"https:\\\/\\\/bas-tv.md\\\/ro\\\/\",\"name\":\"BasTV\",\"description\":\"Moldova\",\"publisher\":{\"@id\":\"https:\\\/\\\/bas-tv.md\\\/ro\\\/#organization\"},\"potentialAction\":[{\"@type\":\"SearchAction\",\"target\":{\"@type\":\"EntryPoint\",\"urlTemplate\":\"https:\\\/\\\/bas-tv.md\\\/ro\\\/?s={search_term_string}\"},\"query-input\":{\"@type\":\"PropertyValueSpecification\",\"valueRequired\":true,\"valueName\":\"search_term_string\"}}],\"inLanguage\":\"ro-RO\"},{\"@type\":\"Organization\",\"@id\":\"https:\\\/\\\/bas-tv.md\\\/ro\\\/#organization\",\"name\":\"BasTV\",\"url\":\"https:\\\/\\\/bas-tv.md\\\/ro\\\/\",\"logo\":{\"@type\":\"ImageObject\",\"inLanguage\":\"ro-RO\",\"@id\":\"https:\\\/\\\/bas-tv.md\\\/ro\\\/#\\\/schema\\\/logo\\\/image\\\/\",\"url\":\"https:\\\/\\\/bas-tv.md\\\/wp-content\\\/uploads\\\/2023\\\/05\\\/bas-tv-culoarea-rosie.png\",\"contentUrl\":\"https:\\\/\\\/bas-tv.md\\\/wp-content\\\/uploads\\\/2023\\\/05\\\/bas-tv-culoarea-rosie.png\",\"width\":202,\"height\":50,\"caption\":\"BasTV\"},\"image\":{\"@id\":\"https:\\\/\\\/bas-tv.md\\\/ro\\\/#\\\/schema\\\/logo\\\/image\\\/\"}},{\"@type\":\"Person\",\"@id\":\"https:\\\/\\\/bas-tv.md\\\/ro\\\/#\\\/schema\\\/person\\\/8740f45ea2eca1f1695284fc03529af0\",\"name\":\"Redactor\",\"image\":{\"@type\":\"ImageObject\",\"inLanguage\":\"ro-RO\",\"@id\":\"https:\\\/\\\/bas-tv.md\\\/wp-content\\\/litespeed\\\/avatar\\\/91c0586f3f6f4396a4ec1287c965eeeb.jpg?ver=1776950945\",\"url\":\"https:\\\/\\\/bas-tv.md\\\/wp-content\\\/litespeed\\\/avatar\\\/91c0586f3f6f4396a4ec1287c965eeeb.jpg?ver=1776950945\",\"contentUrl\":\"https:\\\/\\\/bas-tv.md\\\/wp-content\\\/litespeed\\\/avatar\\\/91c0586f3f6f4396a4ec1287c965eeeb.jpg?ver=1776950945\",\"caption\":\"Redactor\"},\"url\":\"https:\\\/\\\/bas-tv.md\\\/ro\\\/author\\\/redactor\\\/\"}]}<\/script>\n<!-- \/ Yoast SEO plugin. -->","yoast_head_json":{"title":"Cine s-a \u00eenregistrat la func\u021bia de primar \u0219i consilier \u00een Consiliul s\u0103tesc \u00een s. Carabetovca - BasTV","description":"\u00cen satul Carabetovca raionul Basarabeasca, la 10 octombrie, sunt \u00eenregistrate cinci partide \u0219i doi candida\u021bi independen\u021bi la func\u021bia de consilier \u00een Consiliul s\u0103tesc. La func\u021bia de primar sunt \u00eenregistrate dou\u0103 partide \u0219i un candidat independent.","robots":{"index":"index","follow":"follow","max-snippet":"max-snippet:-1","max-image-preview":"max-image-preview:large","max-video-preview":"max-video-preview:-1"},"canonical":"https:\/\/bas-tv.md\/ro\/cine-s-a-inregistrat-la-functia-de-primar-si-consilier-in-consiliul-satesc-in-s-carabetovca\/","og_locale":"ro_RO","og_type":"article","og_title":"Cine s-a \u00eenregistrat la func\u021bia de primar \u0219i consilier \u00een Consiliul s\u0103tesc \u00een s. Carabetovca - BasTV","og_description":"\u00cen satul Carabetovca raionul Basarabeasca, la 10 octombrie, sunt \u00eenregistrate cinci partide \u0219i doi candida\u021bi independen\u021bi la func\u021bia de consilier \u00een Consiliul s\u0103tesc. La func\u021bia de primar sunt \u00eenregistrate dou\u0103 partide \u0219i un candidat independent.","og_url":"https:\/\/bas-tv.md\/ro\/cine-s-a-inregistrat-la-functia-de-primar-si-consilier-in-consiliul-satesc-in-s-carabetovca\/","og_site_name":"BasTV","article_published_time":"2023-10-10T09:00:30+00:00","og_image":[{"width":500,"height":261,"url":"https:\/\/bas-tv.md\/wp-content\/uploads\/2023\/10\/4628747350787483952.jpg","type":"image\/jpeg"}],"author":"Redactor","twitter_card":"summary_large_image","twitter_misc":{"Scris de":"Redactor","Timp estimat pentru citire":"1 minut"},"schema":{"@context":"https:\/\/schema.org","@graph":[{"@type":"Article","@id":"https:\/\/bas-tv.md\/ro\/cine-s-a-inregistrat-la-functia-de-primar-si-consilier-in-consiliul-satesc-in-s-carabetovca\/#article","isPartOf":{"@id":"https:\/\/bas-tv.md\/ro\/cine-s-a-inregistrat-la-functia-de-primar-si-consilier-in-consiliul-satesc-in-s-carabetovca\/"},"author":{"name":"Redactor","@id":"https:\/\/bas-tv.md\/ro\/#\/schema\/person\/8740f45ea2eca1f1695284fc03529af0"},"headline":"Cine s-a \u00eenregistrat la func\u021bia de primar \u0219i consilier \u00een Consiliul s\u0103tesc \u00een s. Carabetovca","datePublished":"2023-10-10T09:00:30+00:00","mainEntityOfPage":{"@id":"https:\/\/bas-tv.md\/ro\/cine-s-a-inregistrat-la-functia-de-primar-si-consilier-in-consiliul-satesc-in-s-carabetovca\/"},"wordCount":206,"commentCount":0,"publisher":{"@id":"https:\/\/bas-tv.md\/ro\/#organization"},"image":{"@id":"https:\/\/bas-tv.md\/ro\/cine-s-a-inregistrat-la-functia-de-primar-si-consilier-in-consiliul-satesc-in-s-carabetovca\/#primaryimage"},"thumbnailUrl":"https:\/\/bas-tv.md\/wp-content\/uploads\/2023\/10\/4628747350787483952.jpg","articleSection":["Actualitate","Electorala-2023","\u00cen Basarabeasca"],"inLanguage":"ro-RO","potentialAction":[{"@type":"CommentAction","name":"Comment","target":["https:\/\/bas-tv.md\/ro\/cine-s-a-inregistrat-la-functia-de-primar-si-consilier-in-consiliul-satesc-in-s-carabetovca\/#respond"]}]},{"@type":"WebPage","@id":"https:\/\/bas-tv.md\/ro\/cine-s-a-inregistrat-la-functia-de-primar-si-consilier-in-consiliul-satesc-in-s-carabetovca\/","url":"https:\/\/bas-tv.md\/ro\/cine-s-a-inregistrat-la-functia-de-primar-si-consilier-in-consiliul-satesc-in-s-carabetovca\/","name":"Cine s-a \u00eenregistrat la func\u021bia de primar \u0219i consilier \u00een Consiliul s\u0103tesc \u00een s. Carabetovca - BasTV","isPartOf":{"@id":"https:\/\/bas-tv.md\/ro\/#website"},"primaryImageOfPage":{"@id":"https:\/\/bas-tv.md\/ro\/cine-s-a-inregistrat-la-functia-de-primar-si-consilier-in-consiliul-satesc-in-s-carabetovca\/#primaryimage"},"image":{"@id":"https:\/\/bas-tv.md\/ro\/cine-s-a-inregistrat-la-functia-de-primar-si-consilier-in-consiliul-satesc-in-s-carabetovca\/#primaryimage"},"thumbnailUrl":"https:\/\/bas-tv.md\/wp-content\/uploads\/2023\/10\/4628747350787483952.jpg","datePublished":"2023-10-10T09:00:30+00:00","description":"\u00cen satul Carabetovca raionul Basarabeasca, la 10 octombrie, sunt \u00eenregistrate cinci partide \u0219i doi candida\u021bi independen\u021bi la func\u021bia de consilier \u00een Consiliul s\u0103tesc. La func\u021bia de primar sunt \u00eenregistrate dou\u0103 partide \u0219i un candidat independent.","inLanguage":"ro-RO","potentialAction":[{"@type":"ReadAction","target":["https:\/\/bas-tv.md\/ro\/cine-s-a-inregistrat-la-functia-de-primar-si-consilier-in-consiliul-satesc-in-s-carabetovca\/"]}]},{"@type":"ImageObject","inLanguage":"ro-RO","@id":"https:\/\/bas-tv.md\/ro\/cine-s-a-inregistrat-la-functia-de-primar-si-consilier-in-consiliul-satesc-in-s-carabetovca\/#primaryimage","url":"https:\/\/bas-tv.md\/wp-content\/uploads\/2023\/10\/4628747350787483952.jpg","contentUrl":"https:\/\/bas-tv.md\/wp-content\/uploads\/2023\/10\/4628747350787483952.jpg","width":500,"height":261,"caption":"Cine s-a \u00eenregistrat la func\u021bia de primar \u0219i consilier \u00een Consiliul s\u0103tesc \u00een s. Carabetovca"},{"@type":"WebSite","@id":"https:\/\/bas-tv.md\/ro\/#website","url":"https:\/\/bas-tv.md\/ro\/","name":"BasTV","description":"Moldova","publisher":{"@id":"https:\/\/bas-tv.md\/ro\/#organization"},"potentialAction":[{"@type":"SearchAction","target":{"@type":"EntryPoint","urlTemplate":"https:\/\/bas-tv.md\/ro\/?s={search_term_string}"},"query-input":{"@type":"PropertyValueSpecification","valueRequired":true,"valueName":"search_term_string"}}],"inLanguage":"ro-RO"},{"@type":"Organization","@id":"https:\/\/bas-tv.md\/ro\/#organization","name":"BasTV","url":"https:\/\/bas-tv.md\/ro\/","logo":{"@type":"ImageObject","inLanguage":"ro-RO","@id":"https:\/\/bas-tv.md\/ro\/#\/schema\/logo\/image\/","url":"https:\/\/bas-tv.md\/wp-content\/uploads\/2023\/05\/bas-tv-culoarea-rosie.png","contentUrl":"https:\/\/bas-tv.md\/wp-content\/uploads\/2023\/05\/bas-tv-culoarea-rosie.png","width":202,"height":50,"caption":"BasTV"},"image":{"@id":"https:\/\/bas-tv.md\/ro\/#\/schema\/logo\/image\/"}},{"@type":"Person","@id":"https:\/\/bas-tv.md\/ro\/#\/schema\/person\/8740f45ea2eca1f1695284fc03529af0","name":"Redactor","image":{"@type":"ImageObject","inLanguage":"ro-RO","@id":"https:\/\/bas-tv.md\/wp-content\/litespeed\/avatar\/91c0586f3f6f4396a4ec1287c965eeeb.jpg?ver=1776950945","url":"https:\/\/bas-tv.md\/wp-content\/litespeed\/avatar\/91c0586f3f6f4396a4ec1287c965eeeb.jpg?ver=1776950945","contentUrl":"https:\/\/bas-tv.md\/wp-content\/litespeed\/avatar\/91c0586f3f6f4396a4ec1287c965eeeb.jpg?ver=1776950945","caption":"Redactor"},"url":"https:\/\/bas-tv.md\/ro\/author\/redactor\/"}]}},"views":494,"_links":{"self":[{"href":"https:\/\/bas-tv.md\/ro\/wp-json\/wp\/v2\/posts\/102591","targetHints":{"allow":["GET"]}}],"collection":[{"href":"https:\/\/bas-tv.md\/ro\/wp-json\/wp\/v2\/posts"}],"about":[{"href":"https:\/\/bas-tv.md\/ro\/wp-json\/wp\/v2\/types\/post"}],"author":[{"embeddable":true,"href":"https:\/\/bas-tv.md\/ro\/wp-json\/wp\/v2\/users\/3"}],"replies":[{"embeddable":true,"href":"https:\/\/bas-tv.md\/ro\/wp-json\/wp\/v2\/comments?post=102591"}],"version-history":[{"count":4,"href":"https:\/\/bas-tv.md\/ro\/wp-json\/wp\/v2\/posts\/102591\/revisions"}],"predecessor-version":[{"id":102598,"href":"https:\/\/bas-tv.md\/ro\/wp-json\/wp\/v2\/posts\/102591\/revisions\/102598"}],"wp:featuredmedia":[{"embeddable":true,"href":"https:\/\/bas-tv.md\/ro\/wp-json\/wp\/v2\/media\/102596"}],"wp:attachment":[{"href":"https:\/\/bas-tv.md\/ro\/wp-json\/wp\/v2\/media?parent=102591"}],"wp:term":[{"taxonomy":"category","embeddable":true,"href":"https:\/\/bas-tv.md\/ro\/wp-json\/wp\/v2\/categories?post=102591"},{"taxonomy":"post_tag","embeddable":true,"href":"https:\/\/bas-tv.md\/ro\/wp-json\/wp\/v2\/tags?post=102591"}],"curies":[{"name":"wp","href":"https:\/\/api.w.org\/{rel}","templated":true}]}}