{"id":102653,"date":"2023-10-11T14:55:19","date_gmt":"2023-10-11T11:55:19","guid":{"rendered":"https:\/\/bas-tv.md\/?p=102653"},"modified":"2023-10-11T14:55:19","modified_gmt":"2023-10-11T11:55:19","slug":"alegeri-locale-2023-cine-sunt-candidatii-inregistrati-la-functia-de-primar-si-consilier-in-consiliul-satesc-in-s-bascalia","status":"publish","type":"post","link":"https:\/\/bas-tv.md\/ro\/alegeri-locale-2023-cine-sunt-candidatii-inregistrati-la-functia-de-primar-si-consilier-in-consiliul-satesc-in-s-bascalia\/","title":{"rendered":"Alegeri locale 2023: cine sunt candida\u021bii \u00eenregistra\u021bi la func\u021bia de primar \u0219i consilier \u00een Consiliul s\u0103tesc \u00een s. Ba\u0219calia"},"content":{"rendered":"<p><strong>La alegerile locale generale din 5 noiembrie, \u00een s. Ba\u0219calia raionul Basarabeasca, sunt \u00eenregistra\u021bi cinci candida\u021bi la func\u021bia de primar \u0219i \u0219apte concuren\u021bi electorali la func\u021bia de consilier \u00een Consiliul s\u0103tesc.<\/strong><\/p>\n<p>Potrivit \u00a0pre\u0219edintei consiliului electoral de circumscrip\u021bie CECE Ba\u0219calia 5\/4, Larisa Caraman, \u00een s. Ba\u0219calia raionul Basarabeasca la func\u021bia de primar sunt \u00eenregistrate patru partide \u0219i un candidat independent:<\/p>\n<ul>\n<li>Ilie Cernau\u021ban &#8211; Partidul Politic \u201dPlatforma Demnitate \u0219i Adev\u0103r\u201d (PPDA)<\/li>\n<li>Maria Bordan &#8211; Partidul Politic \u201ePartidul Ac\u021biune \u0219i Solidaritate\u201d (PAS)<\/li>\n<li>Maria Iabanji &#8211; Partidul Politic ,,Partidul Social Democrat European\u201d (PSDE)<\/li>\n<li>Petru Tichem &#8211; Partidul Sociali\u0219tilor din Republica Moldova (PSRM)<\/li>\n<\/ul>\n<p>Candidat independent la func\u021bia de primar \u00een s.Ba\u0219calia este Ion Bordan.<\/p>\n<p>La func\u021bia de consilier \u00een Consiliul s\u0103tesc \u00een cadrul alegerilor locale generale din 5 noiembrie sunt \u00eenregistrate:<\/p>\n<ul>\n<li>Partidul Politic \u201dPlatforma Demnitate \u0219i Adev\u0103r\u201d (PPDA)<\/li>\n<li>Partidul Politic \u201ePartidul Ac\u021biune \u0219i Solidaritate\u201d (PAS)<\/li>\n<li>Partidul Politic ,,Partidul Social Democrat European\u201d (PSDE)<\/li>\n<li>Partidul Sociali\u0219tilor din Republica Moldova (PSRM)<\/li>\n<\/ul>\n<p>Candida\u021bi independen\u021bi:<\/p>\n<ul>\n<li>Ion Bordan<\/li>\n<li>Dumitru Zlatov<\/li>\n<\/ul>\n<p>Amintim, c\u0103 alegerile locale generale vor avea loc pe 5 noiembrie. La acestea vor participa cet\u0103\u021benii Republicii Moldova cu v\u00e2rsta de 18 ani \u0219i mai sus.<\/p>\n<p>Autor: Cristina Lupa\u0219cu<\/p>\n<p><b>Abona\u021bi-v\u0103 la noi pe re\u021bele sociale:\u00a0<\/b><a href=\"https:\/\/t.me\/bastvmd\"><b><i>Telegram<\/i><\/b><\/a><b>,\u00a0<\/b><a href=\"https:\/\/www.youtube.com\/channel\/UC-9005PnLnhpNM8PVSjP2dQ\/featured\"><b><i>YouTube<\/i><\/b><\/a><b>,\u00a0<\/b><a href=\"https:\/\/www.facebook.com\/bastv.md\"><b><i>Facebook<\/i><\/b><\/a>\u00a0\u0219i \u00a0<a href=\"https:\/\/www.instagram.com\/bastv.md\/\"><b><i>Instagram<\/i><\/b><\/a><b>.\u00a0 Aici public\u0103m \u0219tiri pe scurt!<\/b><\/p>\n","protected":false},"excerpt":{"rendered":"<p>La alegerile locale generale din 5 noiembrie, \u00een s. Ba\u0219calia raionul Basarabeasca, sunt \u00eenregistra\u021bi cinci candida\u021bi la func\u021bia de primar \u0219i \u0219apte concuren\u021bi electorali la func\u021bia de consilier \u00een Consiliul s\u0103tesc. Potrivit \u00a0pre\u0219edintei consiliului electoral de circumscrip\u021bie CECE Ba\u0219calia 5\/4, Larisa Caraman, \u00een s. Ba\u0219calia raionul Basarabeasca la func\u021bia de primar sunt \u00eenregistrate patru partide [&hellip;]<\/p>\n","protected":false},"author":3,"featured_media":102657,"comment_status":"open","ping_status":"open","sticky":false,"template":"","format":"standard","meta":{"footnotes":""},"categories":[602,1248,569],"tags":[],"class_list":["post-102653","post","type-post","status-publish","format-standard","has-post-thumbnail","hentry","category-actualitate","category-electorala-2023-ro","category-in-basarabeasca"],"yoast_head":"<!-- This site is optimized with the Yoast SEO plugin v27.5 - https:\/\/yoast.com\/product\/yoast-seo-wordpress\/ -->\n<title>Alegeri locale 2023: cine sunt candida\u021bii \u00eenregistra\u021bi la func\u021bia de primar \u0219i consilier \u00een Consiliul s\u0103tesc \u00een s. Ba\u0219calia - BasTV<\/title>\n<meta name=\"description\" content=\"La alegerile locale generale din 5 noiembrie, \u00een s. Ba\u0219calia raionul Basarabeasca, sunt \u00eenregistra\u021bi cinci candida\u021bi la func\u021bia de primar \u0219i \u0219apte concuren\u021bi electorali la func\u021bia de consilier \u00een Consiliul s\u0103tesc.\" \/>\n<meta name=\"robots\" content=\"index, follow, max-snippet:-1, max-image-preview:large, max-video-preview:-1\" \/>\n<link rel=\"canonical\" href=\"https:\/\/bas-tv.md\/ro\/alegeri-locale-2023-cine-sunt-candidatii-inregistrati-la-functia-de-primar-si-consilier-in-consiliul-satesc-in-s-bascalia\/\" \/>\n<meta property=\"og:locale\" content=\"ro_RO\" \/>\n<meta property=\"og:type\" content=\"article\" \/>\n<meta property=\"og:title\" content=\"Alegeri locale 2023: cine sunt candida\u021bii \u00eenregistra\u021bi la func\u021bia de primar \u0219i consilier \u00een Consiliul s\u0103tesc \u00een s. Ba\u0219calia - BasTV\" \/>\n<meta property=\"og:description\" content=\"La alegerile locale generale din 5 noiembrie, \u00een s. Ba\u0219calia raionul Basarabeasca, sunt \u00eenregistra\u021bi cinci candida\u021bi la func\u021bia de primar \u0219i \u0219apte concuren\u021bi electorali la func\u021bia de consilier \u00een Consiliul s\u0103tesc.\" \/>\n<meta property=\"og:url\" content=\"https:\/\/bas-tv.md\/ro\/alegeri-locale-2023-cine-sunt-candidatii-inregistrati-la-functia-de-primar-si-consilier-in-consiliul-satesc-in-s-bascalia\/\" \/>\n<meta property=\"og:site_name\" content=\"BasTV\" \/>\n<meta property=\"article:published_time\" content=\"2023-10-11T11:55:19+00:00\" \/>\n<meta property=\"og:image\" content=\"https:\/\/bas-tv.md\/wp-content\/uploads\/2023\/10\/07400005.mp4_snapshot_00.00.jpg\" \/>\n\t<meta property=\"og:image:width\" content=\"1920\" \/>\n\t<meta property=\"og:image:height\" content=\"1080\" \/>\n\t<meta property=\"og:image:type\" content=\"image\/jpeg\" \/>\n<meta name=\"author\" content=\"Redactor\" \/>\n<meta name=\"twitter:card\" content=\"summary_large_image\" \/>\n<meta name=\"twitter:label1\" content=\"Scris de\" \/>\n\t<meta name=\"twitter:data1\" content=\"Redactor\" \/>\n\t<meta name=\"twitter:label2\" content=\"Timp estimat pentru citire\" \/>\n\t<meta name=\"twitter:data2\" content=\"2 minute\" \/>\n<script type=\"application\/ld+json\" class=\"yoast-schema-graph\">{\"@context\":\"https:\\\/\\\/schema.org\",\"@graph\":[{\"@type\":\"Article\",\"@id\":\"https:\\\/\\\/bas-tv.md\\\/ro\\\/alegeri-locale-2023-cine-sunt-candidatii-inregistrati-la-functia-de-primar-si-consilier-in-consiliul-satesc-in-s-bascalia\\\/#article\",\"isPartOf\":{\"@id\":\"https:\\\/\\\/bas-tv.md\\\/ro\\\/alegeri-locale-2023-cine-sunt-candidatii-inregistrati-la-functia-de-primar-si-consilier-in-consiliul-satesc-in-s-bascalia\\\/\"},\"author\":{\"name\":\"Redactor\",\"@id\":\"https:\\\/\\\/bas-tv.md\\\/ro\\\/#\\\/schema\\\/person\\\/8740f45ea2eca1f1695284fc03529af0\"},\"headline\":\"Alegeri locale 2023: cine sunt candida\u021bii \u00eenregistra\u021bi la func\u021bia de primar \u0219i consilier \u00een Consiliul s\u0103tesc \u00een s. Ba\u0219calia\",\"datePublished\":\"2023-10-11T11:55:19+00:00\",\"mainEntityOfPage\":{\"@id\":\"https:\\\/\\\/bas-tv.md\\\/ro\\\/alegeri-locale-2023-cine-sunt-candidatii-inregistrati-la-functia-de-primar-si-consilier-in-consiliul-satesc-in-s-bascalia\\\/\"},\"wordCount\":254,\"commentCount\":0,\"publisher\":{\"@id\":\"https:\\\/\\\/bas-tv.md\\\/ro\\\/#organization\"},\"image\":{\"@id\":\"https:\\\/\\\/bas-tv.md\\\/ro\\\/alegeri-locale-2023-cine-sunt-candidatii-inregistrati-la-functia-de-primar-si-consilier-in-consiliul-satesc-in-s-bascalia\\\/#primaryimage\"},\"thumbnailUrl\":\"https:\\\/\\\/bas-tv.md\\\/wp-content\\\/uploads\\\/2023\\\/10\\\/07400005.mp4_snapshot_00.00.jpg\",\"articleSection\":[\"Actualitate\",\"Electorala-2023\",\"\u00cen Basarabeasca\"],\"inLanguage\":\"ro-RO\",\"potentialAction\":[{\"@type\":\"CommentAction\",\"name\":\"Comment\",\"target\":[\"https:\\\/\\\/bas-tv.md\\\/ro\\\/alegeri-locale-2023-cine-sunt-candidatii-inregistrati-la-functia-de-primar-si-consilier-in-consiliul-satesc-in-s-bascalia\\\/#respond\"]}]},{\"@type\":\"WebPage\",\"@id\":\"https:\\\/\\\/bas-tv.md\\\/ro\\\/alegeri-locale-2023-cine-sunt-candidatii-inregistrati-la-functia-de-primar-si-consilier-in-consiliul-satesc-in-s-bascalia\\\/\",\"url\":\"https:\\\/\\\/bas-tv.md\\\/ro\\\/alegeri-locale-2023-cine-sunt-candidatii-inregistrati-la-functia-de-primar-si-consilier-in-consiliul-satesc-in-s-bascalia\\\/\",\"name\":\"Alegeri locale 2023: cine sunt candida\u021bii \u00eenregistra\u021bi la func\u021bia de primar \u0219i consilier \u00een Consiliul s\u0103tesc \u00een s. Ba\u0219calia - BasTV\",\"isPartOf\":{\"@id\":\"https:\\\/\\\/bas-tv.md\\\/ro\\\/#website\"},\"primaryImageOfPage\":{\"@id\":\"https:\\\/\\\/bas-tv.md\\\/ro\\\/alegeri-locale-2023-cine-sunt-candidatii-inregistrati-la-functia-de-primar-si-consilier-in-consiliul-satesc-in-s-bascalia\\\/#primaryimage\"},\"image\":{\"@id\":\"https:\\\/\\\/bas-tv.md\\\/ro\\\/alegeri-locale-2023-cine-sunt-candidatii-inregistrati-la-functia-de-primar-si-consilier-in-consiliul-satesc-in-s-bascalia\\\/#primaryimage\"},\"thumbnailUrl\":\"https:\\\/\\\/bas-tv.md\\\/wp-content\\\/uploads\\\/2023\\\/10\\\/07400005.mp4_snapshot_00.00.jpg\",\"datePublished\":\"2023-10-11T11:55:19+00:00\",\"description\":\"La alegerile locale generale din 5 noiembrie, \u00een s. Ba\u0219calia raionul Basarabeasca, sunt \u00eenregistra\u021bi cinci candida\u021bi la func\u021bia de primar \u0219i \u0219apte concuren\u021bi electorali la func\u021bia de consilier \u00een Consiliul s\u0103tesc.\",\"inLanguage\":\"ro-RO\",\"potentialAction\":[{\"@type\":\"ReadAction\",\"target\":[\"https:\\\/\\\/bas-tv.md\\\/ro\\\/alegeri-locale-2023-cine-sunt-candidatii-inregistrati-la-functia-de-primar-si-consilier-in-consiliul-satesc-in-s-bascalia\\\/\"]}]},{\"@type\":\"ImageObject\",\"inLanguage\":\"ro-RO\",\"@id\":\"https:\\\/\\\/bas-tv.md\\\/ro\\\/alegeri-locale-2023-cine-sunt-candidatii-inregistrati-la-functia-de-primar-si-consilier-in-consiliul-satesc-in-s-bascalia\\\/#primaryimage\",\"url\":\"https:\\\/\\\/bas-tv.md\\\/wp-content\\\/uploads\\\/2023\\\/10\\\/07400005.mp4_snapshot_00.00.jpg\",\"contentUrl\":\"https:\\\/\\\/bas-tv.md\\\/wp-content\\\/uploads\\\/2023\\\/10\\\/07400005.mp4_snapshot_00.00.jpg\",\"width\":1920,\"height\":1080,\"caption\":\"Alegeri locale 2023: cine sunt candida\u021bii \u00eenregistra\u021bi la func\u021bia de primar \u0219i consilier \u00een Consiliul s\u0103tesc \u00een s. Ba\u0219calia\"},{\"@type\":\"WebSite\",\"@id\":\"https:\\\/\\\/bas-tv.md\\\/ro\\\/#website\",\"url\":\"https:\\\/\\\/bas-tv.md\\\/ro\\\/\",\"name\":\"BasTV\",\"description\":\"Moldova\",\"publisher\":{\"@id\":\"https:\\\/\\\/bas-tv.md\\\/ro\\\/#organization\"},\"potentialAction\":[{\"@type\":\"SearchAction\",\"target\":{\"@type\":\"EntryPoint\",\"urlTemplate\":\"https:\\\/\\\/bas-tv.md\\\/ro\\\/?s={search_term_string}\"},\"query-input\":{\"@type\":\"PropertyValueSpecification\",\"valueRequired\":true,\"valueName\":\"search_term_string\"}}],\"inLanguage\":\"ro-RO\"},{\"@type\":\"Organization\",\"@id\":\"https:\\\/\\\/bas-tv.md\\\/ro\\\/#organization\",\"name\":\"BasTV\",\"url\":\"https:\\\/\\\/bas-tv.md\\\/ro\\\/\",\"logo\":{\"@type\":\"ImageObject\",\"inLanguage\":\"ro-RO\",\"@id\":\"https:\\\/\\\/bas-tv.md\\\/ro\\\/#\\\/schema\\\/logo\\\/image\\\/\",\"url\":\"https:\\\/\\\/bas-tv.md\\\/wp-content\\\/uploads\\\/2023\\\/05\\\/bas-tv-culoarea-rosie.png\",\"contentUrl\":\"https:\\\/\\\/bas-tv.md\\\/wp-content\\\/uploads\\\/2023\\\/05\\\/bas-tv-culoarea-rosie.png\",\"width\":202,\"height\":50,\"caption\":\"BasTV\"},\"image\":{\"@id\":\"https:\\\/\\\/bas-tv.md\\\/ro\\\/#\\\/schema\\\/logo\\\/image\\\/\"}},{\"@type\":\"Person\",\"@id\":\"https:\\\/\\\/bas-tv.md\\\/ro\\\/#\\\/schema\\\/person\\\/8740f45ea2eca1f1695284fc03529af0\",\"name\":\"Redactor\",\"image\":{\"@type\":\"ImageObject\",\"inLanguage\":\"ro-RO\",\"@id\":\"https:\\\/\\\/bas-tv.md\\\/wp-content\\\/litespeed\\\/avatar\\\/91c0586f3f6f4396a4ec1287c965eeeb.jpg?ver=1776950945\",\"url\":\"https:\\\/\\\/bas-tv.md\\\/wp-content\\\/litespeed\\\/avatar\\\/91c0586f3f6f4396a4ec1287c965eeeb.jpg?ver=1776950945\",\"contentUrl\":\"https:\\\/\\\/bas-tv.md\\\/wp-content\\\/litespeed\\\/avatar\\\/91c0586f3f6f4396a4ec1287c965eeeb.jpg?ver=1776950945\",\"caption\":\"Redactor\"},\"url\":\"https:\\\/\\\/bas-tv.md\\\/ro\\\/author\\\/redactor\\\/\"}]}<\/script>\n<!-- \/ Yoast SEO plugin. -->","yoast_head_json":{"title":"Alegeri locale 2023: cine sunt candida\u021bii \u00eenregistra\u021bi la func\u021bia de primar \u0219i consilier \u00een Consiliul s\u0103tesc \u00een s. Ba\u0219calia - BasTV","description":"La alegerile locale generale din 5 noiembrie, \u00een s. Ba\u0219calia raionul Basarabeasca, sunt \u00eenregistra\u021bi cinci candida\u021bi la func\u021bia de primar \u0219i \u0219apte concuren\u021bi electorali la func\u021bia de consilier \u00een Consiliul s\u0103tesc.","robots":{"index":"index","follow":"follow","max-snippet":"max-snippet:-1","max-image-preview":"max-image-preview:large","max-video-preview":"max-video-preview:-1"},"canonical":"https:\/\/bas-tv.md\/ro\/alegeri-locale-2023-cine-sunt-candidatii-inregistrati-la-functia-de-primar-si-consilier-in-consiliul-satesc-in-s-bascalia\/","og_locale":"ro_RO","og_type":"article","og_title":"Alegeri locale 2023: cine sunt candida\u021bii \u00eenregistra\u021bi la func\u021bia de primar \u0219i consilier \u00een Consiliul s\u0103tesc \u00een s. Ba\u0219calia - BasTV","og_description":"La alegerile locale generale din 5 noiembrie, \u00een s. Ba\u0219calia raionul Basarabeasca, sunt \u00eenregistra\u021bi cinci candida\u021bi la func\u021bia de primar \u0219i \u0219apte concuren\u021bi electorali la func\u021bia de consilier \u00een Consiliul s\u0103tesc.","og_url":"https:\/\/bas-tv.md\/ro\/alegeri-locale-2023-cine-sunt-candidatii-inregistrati-la-functia-de-primar-si-consilier-in-consiliul-satesc-in-s-bascalia\/","og_site_name":"BasTV","article_published_time":"2023-10-11T11:55:19+00:00","og_image":[{"width":1920,"height":1080,"url":"https:\/\/bas-tv.md\/wp-content\/uploads\/2023\/10\/07400005.mp4_snapshot_00.00.jpg","type":"image\/jpeg"}],"author":"Redactor","twitter_card":"summary_large_image","twitter_misc":{"Scris de":"Redactor","Timp estimat pentru citire":"2 minute"},"schema":{"@context":"https:\/\/schema.org","@graph":[{"@type":"Article","@id":"https:\/\/bas-tv.md\/ro\/alegeri-locale-2023-cine-sunt-candidatii-inregistrati-la-functia-de-primar-si-consilier-in-consiliul-satesc-in-s-bascalia\/#article","isPartOf":{"@id":"https:\/\/bas-tv.md\/ro\/alegeri-locale-2023-cine-sunt-candidatii-inregistrati-la-functia-de-primar-si-consilier-in-consiliul-satesc-in-s-bascalia\/"},"author":{"name":"Redactor","@id":"https:\/\/bas-tv.md\/ro\/#\/schema\/person\/8740f45ea2eca1f1695284fc03529af0"},"headline":"Alegeri locale 2023: cine sunt candida\u021bii \u00eenregistra\u021bi la func\u021bia de primar \u0219i consilier \u00een Consiliul s\u0103tesc \u00een s. Ba\u0219calia","datePublished":"2023-10-11T11:55:19+00:00","mainEntityOfPage":{"@id":"https:\/\/bas-tv.md\/ro\/alegeri-locale-2023-cine-sunt-candidatii-inregistrati-la-functia-de-primar-si-consilier-in-consiliul-satesc-in-s-bascalia\/"},"wordCount":254,"commentCount":0,"publisher":{"@id":"https:\/\/bas-tv.md\/ro\/#organization"},"image":{"@id":"https:\/\/bas-tv.md\/ro\/alegeri-locale-2023-cine-sunt-candidatii-inregistrati-la-functia-de-primar-si-consilier-in-consiliul-satesc-in-s-bascalia\/#primaryimage"},"thumbnailUrl":"https:\/\/bas-tv.md\/wp-content\/uploads\/2023\/10\/07400005.mp4_snapshot_00.00.jpg","articleSection":["Actualitate","Electorala-2023","\u00cen Basarabeasca"],"inLanguage":"ro-RO","potentialAction":[{"@type":"CommentAction","name":"Comment","target":["https:\/\/bas-tv.md\/ro\/alegeri-locale-2023-cine-sunt-candidatii-inregistrati-la-functia-de-primar-si-consilier-in-consiliul-satesc-in-s-bascalia\/#respond"]}]},{"@type":"WebPage","@id":"https:\/\/bas-tv.md\/ro\/alegeri-locale-2023-cine-sunt-candidatii-inregistrati-la-functia-de-primar-si-consilier-in-consiliul-satesc-in-s-bascalia\/","url":"https:\/\/bas-tv.md\/ro\/alegeri-locale-2023-cine-sunt-candidatii-inregistrati-la-functia-de-primar-si-consilier-in-consiliul-satesc-in-s-bascalia\/","name":"Alegeri locale 2023: cine sunt candida\u021bii \u00eenregistra\u021bi la func\u021bia de primar \u0219i consilier \u00een Consiliul s\u0103tesc \u00een s. Ba\u0219calia - BasTV","isPartOf":{"@id":"https:\/\/bas-tv.md\/ro\/#website"},"primaryImageOfPage":{"@id":"https:\/\/bas-tv.md\/ro\/alegeri-locale-2023-cine-sunt-candidatii-inregistrati-la-functia-de-primar-si-consilier-in-consiliul-satesc-in-s-bascalia\/#primaryimage"},"image":{"@id":"https:\/\/bas-tv.md\/ro\/alegeri-locale-2023-cine-sunt-candidatii-inregistrati-la-functia-de-primar-si-consilier-in-consiliul-satesc-in-s-bascalia\/#primaryimage"},"thumbnailUrl":"https:\/\/bas-tv.md\/wp-content\/uploads\/2023\/10\/07400005.mp4_snapshot_00.00.jpg","datePublished":"2023-10-11T11:55:19+00:00","description":"La alegerile locale generale din 5 noiembrie, \u00een s. Ba\u0219calia raionul Basarabeasca, sunt \u00eenregistra\u021bi cinci candida\u021bi la func\u021bia de primar \u0219i \u0219apte concuren\u021bi electorali la func\u021bia de consilier \u00een Consiliul s\u0103tesc.","inLanguage":"ro-RO","potentialAction":[{"@type":"ReadAction","target":["https:\/\/bas-tv.md\/ro\/alegeri-locale-2023-cine-sunt-candidatii-inregistrati-la-functia-de-primar-si-consilier-in-consiliul-satesc-in-s-bascalia\/"]}]},{"@type":"ImageObject","inLanguage":"ro-RO","@id":"https:\/\/bas-tv.md\/ro\/alegeri-locale-2023-cine-sunt-candidatii-inregistrati-la-functia-de-primar-si-consilier-in-consiliul-satesc-in-s-bascalia\/#primaryimage","url":"https:\/\/bas-tv.md\/wp-content\/uploads\/2023\/10\/07400005.mp4_snapshot_00.00.jpg","contentUrl":"https:\/\/bas-tv.md\/wp-content\/uploads\/2023\/10\/07400005.mp4_snapshot_00.00.jpg","width":1920,"height":1080,"caption":"Alegeri locale 2023: cine sunt candida\u021bii \u00eenregistra\u021bi la func\u021bia de primar \u0219i consilier \u00een Consiliul s\u0103tesc \u00een s. Ba\u0219calia"},{"@type":"WebSite","@id":"https:\/\/bas-tv.md\/ro\/#website","url":"https:\/\/bas-tv.md\/ro\/","name":"BasTV","description":"Moldova","publisher":{"@id":"https:\/\/bas-tv.md\/ro\/#organization"},"potentialAction":[{"@type":"SearchAction","target":{"@type":"EntryPoint","urlTemplate":"https:\/\/bas-tv.md\/ro\/?s={search_term_string}"},"query-input":{"@type":"PropertyValueSpecification","valueRequired":true,"valueName":"search_term_string"}}],"inLanguage":"ro-RO"},{"@type":"Organization","@id":"https:\/\/bas-tv.md\/ro\/#organization","name":"BasTV","url":"https:\/\/bas-tv.md\/ro\/","logo":{"@type":"ImageObject","inLanguage":"ro-RO","@id":"https:\/\/bas-tv.md\/ro\/#\/schema\/logo\/image\/","url":"https:\/\/bas-tv.md\/wp-content\/uploads\/2023\/05\/bas-tv-culoarea-rosie.png","contentUrl":"https:\/\/bas-tv.md\/wp-content\/uploads\/2023\/05\/bas-tv-culoarea-rosie.png","width":202,"height":50,"caption":"BasTV"},"image":{"@id":"https:\/\/bas-tv.md\/ro\/#\/schema\/logo\/image\/"}},{"@type":"Person","@id":"https:\/\/bas-tv.md\/ro\/#\/schema\/person\/8740f45ea2eca1f1695284fc03529af0","name":"Redactor","image":{"@type":"ImageObject","inLanguage":"ro-RO","@id":"https:\/\/bas-tv.md\/wp-content\/litespeed\/avatar\/91c0586f3f6f4396a4ec1287c965eeeb.jpg?ver=1776950945","url":"https:\/\/bas-tv.md\/wp-content\/litespeed\/avatar\/91c0586f3f6f4396a4ec1287c965eeeb.jpg?ver=1776950945","contentUrl":"https:\/\/bas-tv.md\/wp-content\/litespeed\/avatar\/91c0586f3f6f4396a4ec1287c965eeeb.jpg?ver=1776950945","caption":"Redactor"},"url":"https:\/\/bas-tv.md\/ro\/author\/redactor\/"}]}},"views":1070,"_links":{"self":[{"href":"https:\/\/bas-tv.md\/ro\/wp-json\/wp\/v2\/posts\/102653","targetHints":{"allow":["GET"]}}],"collection":[{"href":"https:\/\/bas-tv.md\/ro\/wp-json\/wp\/v2\/posts"}],"about":[{"href":"https:\/\/bas-tv.md\/ro\/wp-json\/wp\/v2\/types\/post"}],"author":[{"embeddable":true,"href":"https:\/\/bas-tv.md\/ro\/wp-json\/wp\/v2\/users\/3"}],"replies":[{"embeddable":true,"href":"https:\/\/bas-tv.md\/ro\/wp-json\/wp\/v2\/comments?post=102653"}],"version-history":[{"count":3,"href":"https:\/\/bas-tv.md\/ro\/wp-json\/wp\/v2\/posts\/102653\/revisions"}],"predecessor-version":[{"id":102659,"href":"https:\/\/bas-tv.md\/ro\/wp-json\/wp\/v2\/posts\/102653\/revisions\/102659"}],"wp:featuredmedia":[{"embeddable":true,"href":"https:\/\/bas-tv.md\/ro\/wp-json\/wp\/v2\/media\/102657"}],"wp:attachment":[{"href":"https:\/\/bas-tv.md\/ro\/wp-json\/wp\/v2\/media?parent=102653"}],"wp:term":[{"taxonomy":"category","embeddable":true,"href":"https:\/\/bas-tv.md\/ro\/wp-json\/wp\/v2\/categories?post=102653"},{"taxonomy":"post_tag","embeddable":true,"href":"https:\/\/bas-tv.md\/ro\/wp-json\/wp\/v2\/tags?post=102653"}],"curies":[{"name":"wp","href":"https:\/\/api.w.org\/{rel}","templated":true}]}}