{"id":102794,"date":"2023-10-13T11:10:02","date_gmt":"2023-10-13T08:10:02","guid":{"rendered":"https:\/\/bas-tv.md\/?p=102794"},"modified":"2023-10-13T10:29:22","modified_gmt":"2023-10-13T07:29:22","slug":"candidatii-inregistrati-la-functia-de-primar-si-consilier-in-consiliul-satesc-in-s-abaclia","status":"publish","type":"post","link":"https:\/\/bas-tv.md\/ro\/candidatii-inregistrati-la-functia-de-primar-si-consilier-in-consiliul-satesc-in-s-abaclia\/","title":{"rendered":"Candida\u021bii \u00eenregistra\u021bi la func\u021bia de primar \u0219i consilier \u00een Consiliul s\u0103tesc \u00een s. Abaclia"},"content":{"rendered":"<p><strong>La alegerile locale generale din 5 noiembrie, \u00een s. Abaclia raionul Basarabeasca, sunt \u00eenregistra\u021bi \u0219apte candida\u021bi la func\u021bia de primar \u0219i zece concuren\u021bi electorali la func\u021bia de consilier \u00een Consiliul s\u0103tesc.<\/strong><\/p>\n<p>Potrivit \u00a0pre\u0219edintelui consiliului electoral de circumscrip\u021bie CECE Abaclia 5\/3, Cebanu Victor, \u00een s. Abaclia raionul Basarabeasca la func\u021bia de primar sunt \u00eenregistrate \u0219ase partide \u0219i un candidat independent:<\/p>\n<ul>\n<li>Victor Niculi\u021b\u0103 \u2013 Partidul Liberal Democrat din Moldova (PLDM)<\/li>\n<li>M\u00een\u0103scurt\u0103 Ion \u2013 Partidul Politic \u201ePartidul Ac\u021biune \u0219i Solidaritate\u201d (PAS)<\/li>\n<li>Ma\u021bcu Gheorghe \u2013 Partidul Politic \u201dPlatforma Demnitate \u0219i Adev\u0103r\u201d (PPDA)<\/li>\n<li>Be\u0219leag\u0103 Gheorghe \u2013 Partidul Verde Ecologist (PVE)<\/li>\n<li>Trifanov Natalia \u2013 Partidul Politic ,,\u0218ANS\u0102\u201d<\/li>\n<li>Putere Dorin \u2013 Partidul Politic \u201ePartidul Schimb\u0103rii\u201d (PPS)<\/li>\n<\/ul>\n<p>Candidat independent la func\u021bia de primar \u00een s.Abaclia este Agnesa Apostol.<\/p>\n<p>La func\u021bia de consilier \u00een Consiliul s\u0103tesc \u00een cadrul alegerilor locale generale din 5 noiembrie sunt \u00eenregistrate:<\/p>\n<ul>\n<li>Partidul Liberal Democrat din Moldova (PLDM)<\/li>\n<li>Partidul Politic \u201ePartidul Ac\u021biune \u0219i Solidaritate\u201d (PAS)<\/li>\n<li>Partidul Sociali\u0219tilor din Republica Moldova (PSRM)<\/li>\n<li>Partidul Politic \u201dPlatforma Demnitate \u0219i Adev\u0103r\u201d (PPDA)<\/li>\n<li>Partidul Politic ,,Partidul Social Democrat European\u201d (PSDE)<\/li>\n<li>Partidul Verde Ecologist (PVE)<\/li>\n<li>Partidul Politic ,,\u0218ANS\u0102\u201d<\/li>\n<li>Partidul Politic \u201ePartidul Schimb\u0103rii\u201d (PPS)<\/li>\n<\/ul>\n<p>Candida\u021bi independen\u021bi:<\/p>\n<ul>\n<li>Virineia Carapirea<\/li>\n<li>Agnesa Apostol<\/li>\n<\/ul>\n<p>Pe 6 octombrie, a \u00eenceput campania electoral\u0103 pentru concuren\u021bii electorali \u00eenregistra\u021bi la alegerile locale generale din 5 noiembrie \u0219i se va finisa pe 3 noiembrie.<\/p>\n<p><b>Abona\u021bi-v\u0103 la noi pe re\u021bele sociale:\u00a0<\/b><a href=\"https:\/\/t.me\/bastvmd\"><b><i>Telegram<\/i><\/b><\/a><b>,\u00a0<\/b><a href=\"https:\/\/www.youtube.com\/channel\/UC-9005PnLnhpNM8PVSjP2dQ\/featured\"><b><i>YouTube<\/i><\/b><\/a><b>,\u00a0<\/b><a href=\"https:\/\/www.facebook.com\/bastv.md\"><b><i>Facebook<\/i><\/b><\/a>\u00a0\u0219i\u00a0<a href=\"https:\/\/www.instagram.com\/bastv.md\/\"><b><i>Instagram<\/i><\/b><\/a><b>.\u00a0 Aici public\u0103m \u0219tiri pe scurt!<\/b><\/p>\n","protected":false},"excerpt":{"rendered":"<p>La alegerile locale generale din 5 noiembrie, \u00een s. Abaclia raionul Basarabeasca, sunt \u00eenregistra\u021bi \u0219apte candida\u021bi la func\u021bia de primar \u0219i zece concuren\u021bi electorali la func\u021bia de consilier \u00een Consiliul s\u0103tesc. Potrivit \u00a0pre\u0219edintelui consiliului electoral de circumscrip\u021bie CECE Abaclia 5\/3, Cebanu Victor, \u00een s. Abaclia raionul Basarabeasca la func\u021bia de primar sunt \u00eenregistrate \u0219ase partide [&hellip;]<\/p>\n","protected":false},"author":3,"featured_media":102798,"comment_status":"open","ping_status":"open","sticky":false,"template":"","format":"standard","meta":{"footnotes":""},"categories":[602,1248,569],"tags":[],"class_list":["post-102794","post","type-post","status-publish","format-standard","has-post-thumbnail","hentry","category-actualitate","category-electorala-2023-ro","category-in-basarabeasca"],"yoast_head":"<!-- This site is optimized with the Yoast SEO plugin v27.5 - https:\/\/yoast.com\/product\/yoast-seo-wordpress\/ -->\n<title>Candida\u021bii \u00eenregistra\u021bi la func\u021bia de primar \u0219i consilier \u00een Consiliul s\u0103tesc \u00een s. Abaclia - BasTV<\/title>\n<meta name=\"description\" content=\"La alegerile locale generale din 5 noiembrie, \u00een s. Abaclia raionul Basarabeasca, sunt \u00eenregistra\u021bi \u0219apte candida\u021bi la func\u021bia de primar \u0219i zece concuren\u021bi electorali la func\u021bia de consilier \u00een Consiliul s\u0103tesc.\" \/>\n<meta name=\"robots\" content=\"index, follow, max-snippet:-1, max-image-preview:large, max-video-preview:-1\" \/>\n<link rel=\"canonical\" href=\"https:\/\/bas-tv.md\/ro\/candidatii-inregistrati-la-functia-de-primar-si-consilier-in-consiliul-satesc-in-s-abaclia\/\" \/>\n<meta property=\"og:locale\" content=\"ro_RO\" \/>\n<meta property=\"og:type\" content=\"article\" \/>\n<meta property=\"og:title\" content=\"Candida\u021bii \u00eenregistra\u021bi la func\u021bia de primar \u0219i consilier \u00een Consiliul s\u0103tesc \u00een s. Abaclia - BasTV\" \/>\n<meta property=\"og:description\" content=\"La alegerile locale generale din 5 noiembrie, \u00een s. Abaclia raionul Basarabeasca, sunt \u00eenregistra\u021bi \u0219apte candida\u021bi la func\u021bia de primar \u0219i zece concuren\u021bi electorali la func\u021bia de consilier \u00een Consiliul s\u0103tesc.\" \/>\n<meta property=\"og:url\" content=\"https:\/\/bas-tv.md\/ro\/candidatii-inregistrati-la-functia-de-primar-si-consilier-in-consiliul-satesc-in-s-abaclia\/\" \/>\n<meta property=\"og:site_name\" content=\"BasTV\" \/>\n<meta property=\"article:published_time\" content=\"2023-10-13T08:10:02+00:00\" \/>\n<meta property=\"og:image\" content=\"https:\/\/bas-tv.md\/wp-content\/uploads\/2023\/10\/img_9679-scaled.jpg\" \/>\n\t<meta property=\"og:image:width\" content=\"2560\" \/>\n\t<meta property=\"og:image:height\" content=\"1707\" \/>\n\t<meta property=\"og:image:type\" content=\"image\/jpeg\" \/>\n<meta name=\"author\" content=\"Redactor\" \/>\n<meta name=\"twitter:card\" content=\"summary_large_image\" \/>\n<meta name=\"twitter:label1\" content=\"Scris de\" \/>\n\t<meta name=\"twitter:data1\" content=\"Redactor\" \/>\n\t<meta name=\"twitter:label2\" content=\"Timp estimat pentru citire\" \/>\n\t<meta name=\"twitter:data2\" content=\"2 minute\" \/>\n<script type=\"application\/ld+json\" class=\"yoast-schema-graph\">{\"@context\":\"https:\\\/\\\/schema.org\",\"@graph\":[{\"@type\":\"Article\",\"@id\":\"https:\\\/\\\/bas-tv.md\\\/ro\\\/candidatii-inregistrati-la-functia-de-primar-si-consilier-in-consiliul-satesc-in-s-abaclia\\\/#article\",\"isPartOf\":{\"@id\":\"https:\\\/\\\/bas-tv.md\\\/ro\\\/candidatii-inregistrati-la-functia-de-primar-si-consilier-in-consiliul-satesc-in-s-abaclia\\\/\"},\"author\":{\"name\":\"Redactor\",\"@id\":\"https:\\\/\\\/bas-tv.md\\\/ro\\\/#\\\/schema\\\/person\\\/8740f45ea2eca1f1695284fc03529af0\"},\"headline\":\"Candida\u021bii \u00eenregistra\u021bi la func\u021bia de primar \u0219i consilier \u00een Consiliul s\u0103tesc \u00een s. Abaclia\",\"datePublished\":\"2023-10-13T08:10:02+00:00\",\"mainEntityOfPage\":{\"@id\":\"https:\\\/\\\/bas-tv.md\\\/ro\\\/candidatii-inregistrati-la-functia-de-primar-si-consilier-in-consiliul-satesc-in-s-abaclia\\\/\"},\"wordCount\":266,\"commentCount\":0,\"publisher\":{\"@id\":\"https:\\\/\\\/bas-tv.md\\\/ro\\\/#organization\"},\"image\":{\"@id\":\"https:\\\/\\\/bas-tv.md\\\/ro\\\/candidatii-inregistrati-la-functia-de-primar-si-consilier-in-consiliul-satesc-in-s-abaclia\\\/#primaryimage\"},\"thumbnailUrl\":\"https:\\\/\\\/bas-tv.md\\\/wp-content\\\/uploads\\\/2023\\\/10\\\/img_9679-scaled.jpg\",\"articleSection\":[\"Actualitate\",\"Electorala-2023\",\"\u00cen Basarabeasca\"],\"inLanguage\":\"ro-RO\",\"potentialAction\":[{\"@type\":\"CommentAction\",\"name\":\"Comment\",\"target\":[\"https:\\\/\\\/bas-tv.md\\\/ro\\\/candidatii-inregistrati-la-functia-de-primar-si-consilier-in-consiliul-satesc-in-s-abaclia\\\/#respond\"]}]},{\"@type\":\"WebPage\",\"@id\":\"https:\\\/\\\/bas-tv.md\\\/ro\\\/candidatii-inregistrati-la-functia-de-primar-si-consilier-in-consiliul-satesc-in-s-abaclia\\\/\",\"url\":\"https:\\\/\\\/bas-tv.md\\\/ro\\\/candidatii-inregistrati-la-functia-de-primar-si-consilier-in-consiliul-satesc-in-s-abaclia\\\/\",\"name\":\"Candida\u021bii \u00eenregistra\u021bi la func\u021bia de primar \u0219i consilier \u00een Consiliul s\u0103tesc \u00een s. Abaclia - BasTV\",\"isPartOf\":{\"@id\":\"https:\\\/\\\/bas-tv.md\\\/ro\\\/#website\"},\"primaryImageOfPage\":{\"@id\":\"https:\\\/\\\/bas-tv.md\\\/ro\\\/candidatii-inregistrati-la-functia-de-primar-si-consilier-in-consiliul-satesc-in-s-abaclia\\\/#primaryimage\"},\"image\":{\"@id\":\"https:\\\/\\\/bas-tv.md\\\/ro\\\/candidatii-inregistrati-la-functia-de-primar-si-consilier-in-consiliul-satesc-in-s-abaclia\\\/#primaryimage\"},\"thumbnailUrl\":\"https:\\\/\\\/bas-tv.md\\\/wp-content\\\/uploads\\\/2023\\\/10\\\/img_9679-scaled.jpg\",\"datePublished\":\"2023-10-13T08:10:02+00:00\",\"description\":\"La alegerile locale generale din 5 noiembrie, \u00een s. Abaclia raionul Basarabeasca, sunt \u00eenregistra\u021bi \u0219apte candida\u021bi la func\u021bia de primar \u0219i zece concuren\u021bi electorali la func\u021bia de consilier \u00een Consiliul s\u0103tesc.\",\"inLanguage\":\"ro-RO\",\"potentialAction\":[{\"@type\":\"ReadAction\",\"target\":[\"https:\\\/\\\/bas-tv.md\\\/ro\\\/candidatii-inregistrati-la-functia-de-primar-si-consilier-in-consiliul-satesc-in-s-abaclia\\\/\"]}]},{\"@type\":\"ImageObject\",\"inLanguage\":\"ro-RO\",\"@id\":\"https:\\\/\\\/bas-tv.md\\\/ro\\\/candidatii-inregistrati-la-functia-de-primar-si-consilier-in-consiliul-satesc-in-s-abaclia\\\/#primaryimage\",\"url\":\"https:\\\/\\\/bas-tv.md\\\/wp-content\\\/uploads\\\/2023\\\/10\\\/img_9679-scaled.jpg\",\"contentUrl\":\"https:\\\/\\\/bas-tv.md\\\/wp-content\\\/uploads\\\/2023\\\/10\\\/img_9679-scaled.jpg\",\"width\":2560,\"height\":1707,\"caption\":\"Candida\u021bii \u00eenregistra\u021bi la func\u021bia de primar \u0219i consilier \u00een Consiliul s\u0103tesc \u00een s. Abaclia\"},{\"@type\":\"WebSite\",\"@id\":\"https:\\\/\\\/bas-tv.md\\\/ro\\\/#website\",\"url\":\"https:\\\/\\\/bas-tv.md\\\/ro\\\/\",\"name\":\"BasTV\",\"description\":\"Moldova\",\"publisher\":{\"@id\":\"https:\\\/\\\/bas-tv.md\\\/ro\\\/#organization\"},\"potentialAction\":[{\"@type\":\"SearchAction\",\"target\":{\"@type\":\"EntryPoint\",\"urlTemplate\":\"https:\\\/\\\/bas-tv.md\\\/ro\\\/?s={search_term_string}\"},\"query-input\":{\"@type\":\"PropertyValueSpecification\",\"valueRequired\":true,\"valueName\":\"search_term_string\"}}],\"inLanguage\":\"ro-RO\"},{\"@type\":\"Organization\",\"@id\":\"https:\\\/\\\/bas-tv.md\\\/ro\\\/#organization\",\"name\":\"BasTV\",\"url\":\"https:\\\/\\\/bas-tv.md\\\/ro\\\/\",\"logo\":{\"@type\":\"ImageObject\",\"inLanguage\":\"ro-RO\",\"@id\":\"https:\\\/\\\/bas-tv.md\\\/ro\\\/#\\\/schema\\\/logo\\\/image\\\/\",\"url\":\"https:\\\/\\\/bas-tv.md\\\/wp-content\\\/uploads\\\/2023\\\/05\\\/bas-tv-culoarea-rosie.png\",\"contentUrl\":\"https:\\\/\\\/bas-tv.md\\\/wp-content\\\/uploads\\\/2023\\\/05\\\/bas-tv-culoarea-rosie.png\",\"width\":202,\"height\":50,\"caption\":\"BasTV\"},\"image\":{\"@id\":\"https:\\\/\\\/bas-tv.md\\\/ro\\\/#\\\/schema\\\/logo\\\/image\\\/\"}},{\"@type\":\"Person\",\"@id\":\"https:\\\/\\\/bas-tv.md\\\/ro\\\/#\\\/schema\\\/person\\\/8740f45ea2eca1f1695284fc03529af0\",\"name\":\"Redactor\",\"image\":{\"@type\":\"ImageObject\",\"inLanguage\":\"ro-RO\",\"@id\":\"https:\\\/\\\/bas-tv.md\\\/wp-content\\\/litespeed\\\/avatar\\\/91c0586f3f6f4396a4ec1287c965eeeb.jpg?ver=1776950945\",\"url\":\"https:\\\/\\\/bas-tv.md\\\/wp-content\\\/litespeed\\\/avatar\\\/91c0586f3f6f4396a4ec1287c965eeeb.jpg?ver=1776950945\",\"contentUrl\":\"https:\\\/\\\/bas-tv.md\\\/wp-content\\\/litespeed\\\/avatar\\\/91c0586f3f6f4396a4ec1287c965eeeb.jpg?ver=1776950945\",\"caption\":\"Redactor\"},\"url\":\"https:\\\/\\\/bas-tv.md\\\/ro\\\/author\\\/redactor\\\/\"}]}<\/script>\n<!-- \/ Yoast SEO plugin. -->","yoast_head_json":{"title":"Candida\u021bii \u00eenregistra\u021bi la func\u021bia de primar \u0219i consilier \u00een Consiliul s\u0103tesc \u00een s. Abaclia - BasTV","description":"La alegerile locale generale din 5 noiembrie, \u00een s. Abaclia raionul Basarabeasca, sunt \u00eenregistra\u021bi \u0219apte candida\u021bi la func\u021bia de primar \u0219i zece concuren\u021bi electorali la func\u021bia de consilier \u00een Consiliul s\u0103tesc.","robots":{"index":"index","follow":"follow","max-snippet":"max-snippet:-1","max-image-preview":"max-image-preview:large","max-video-preview":"max-video-preview:-1"},"canonical":"https:\/\/bas-tv.md\/ro\/candidatii-inregistrati-la-functia-de-primar-si-consilier-in-consiliul-satesc-in-s-abaclia\/","og_locale":"ro_RO","og_type":"article","og_title":"Candida\u021bii \u00eenregistra\u021bi la func\u021bia de primar \u0219i consilier \u00een Consiliul s\u0103tesc \u00een s. Abaclia - BasTV","og_description":"La alegerile locale generale din 5 noiembrie, \u00een s. Abaclia raionul Basarabeasca, sunt \u00eenregistra\u021bi \u0219apte candida\u021bi la func\u021bia de primar \u0219i zece concuren\u021bi electorali la func\u021bia de consilier \u00een Consiliul s\u0103tesc.","og_url":"https:\/\/bas-tv.md\/ro\/candidatii-inregistrati-la-functia-de-primar-si-consilier-in-consiliul-satesc-in-s-abaclia\/","og_site_name":"BasTV","article_published_time":"2023-10-13T08:10:02+00:00","og_image":[{"width":2560,"height":1707,"url":"https:\/\/bas-tv.md\/wp-content\/uploads\/2023\/10\/img_9679-scaled.jpg","type":"image\/jpeg"}],"author":"Redactor","twitter_card":"summary_large_image","twitter_misc":{"Scris de":"Redactor","Timp estimat pentru citire":"2 minute"},"schema":{"@context":"https:\/\/schema.org","@graph":[{"@type":"Article","@id":"https:\/\/bas-tv.md\/ro\/candidatii-inregistrati-la-functia-de-primar-si-consilier-in-consiliul-satesc-in-s-abaclia\/#article","isPartOf":{"@id":"https:\/\/bas-tv.md\/ro\/candidatii-inregistrati-la-functia-de-primar-si-consilier-in-consiliul-satesc-in-s-abaclia\/"},"author":{"name":"Redactor","@id":"https:\/\/bas-tv.md\/ro\/#\/schema\/person\/8740f45ea2eca1f1695284fc03529af0"},"headline":"Candida\u021bii \u00eenregistra\u021bi la func\u021bia de primar \u0219i consilier \u00een Consiliul s\u0103tesc \u00een s. Abaclia","datePublished":"2023-10-13T08:10:02+00:00","mainEntityOfPage":{"@id":"https:\/\/bas-tv.md\/ro\/candidatii-inregistrati-la-functia-de-primar-si-consilier-in-consiliul-satesc-in-s-abaclia\/"},"wordCount":266,"commentCount":0,"publisher":{"@id":"https:\/\/bas-tv.md\/ro\/#organization"},"image":{"@id":"https:\/\/bas-tv.md\/ro\/candidatii-inregistrati-la-functia-de-primar-si-consilier-in-consiliul-satesc-in-s-abaclia\/#primaryimage"},"thumbnailUrl":"https:\/\/bas-tv.md\/wp-content\/uploads\/2023\/10\/img_9679-scaled.jpg","articleSection":["Actualitate","Electorala-2023","\u00cen Basarabeasca"],"inLanguage":"ro-RO","potentialAction":[{"@type":"CommentAction","name":"Comment","target":["https:\/\/bas-tv.md\/ro\/candidatii-inregistrati-la-functia-de-primar-si-consilier-in-consiliul-satesc-in-s-abaclia\/#respond"]}]},{"@type":"WebPage","@id":"https:\/\/bas-tv.md\/ro\/candidatii-inregistrati-la-functia-de-primar-si-consilier-in-consiliul-satesc-in-s-abaclia\/","url":"https:\/\/bas-tv.md\/ro\/candidatii-inregistrati-la-functia-de-primar-si-consilier-in-consiliul-satesc-in-s-abaclia\/","name":"Candida\u021bii \u00eenregistra\u021bi la func\u021bia de primar \u0219i consilier \u00een Consiliul s\u0103tesc \u00een s. Abaclia - BasTV","isPartOf":{"@id":"https:\/\/bas-tv.md\/ro\/#website"},"primaryImageOfPage":{"@id":"https:\/\/bas-tv.md\/ro\/candidatii-inregistrati-la-functia-de-primar-si-consilier-in-consiliul-satesc-in-s-abaclia\/#primaryimage"},"image":{"@id":"https:\/\/bas-tv.md\/ro\/candidatii-inregistrati-la-functia-de-primar-si-consilier-in-consiliul-satesc-in-s-abaclia\/#primaryimage"},"thumbnailUrl":"https:\/\/bas-tv.md\/wp-content\/uploads\/2023\/10\/img_9679-scaled.jpg","datePublished":"2023-10-13T08:10:02+00:00","description":"La alegerile locale generale din 5 noiembrie, \u00een s. Abaclia raionul Basarabeasca, sunt \u00eenregistra\u021bi \u0219apte candida\u021bi la func\u021bia de primar \u0219i zece concuren\u021bi electorali la func\u021bia de consilier \u00een Consiliul s\u0103tesc.","inLanguage":"ro-RO","potentialAction":[{"@type":"ReadAction","target":["https:\/\/bas-tv.md\/ro\/candidatii-inregistrati-la-functia-de-primar-si-consilier-in-consiliul-satesc-in-s-abaclia\/"]}]},{"@type":"ImageObject","inLanguage":"ro-RO","@id":"https:\/\/bas-tv.md\/ro\/candidatii-inregistrati-la-functia-de-primar-si-consilier-in-consiliul-satesc-in-s-abaclia\/#primaryimage","url":"https:\/\/bas-tv.md\/wp-content\/uploads\/2023\/10\/img_9679-scaled.jpg","contentUrl":"https:\/\/bas-tv.md\/wp-content\/uploads\/2023\/10\/img_9679-scaled.jpg","width":2560,"height":1707,"caption":"Candida\u021bii \u00eenregistra\u021bi la func\u021bia de primar \u0219i consilier \u00een Consiliul s\u0103tesc \u00een s. Abaclia"},{"@type":"WebSite","@id":"https:\/\/bas-tv.md\/ro\/#website","url":"https:\/\/bas-tv.md\/ro\/","name":"BasTV","description":"Moldova","publisher":{"@id":"https:\/\/bas-tv.md\/ro\/#organization"},"potentialAction":[{"@type":"SearchAction","target":{"@type":"EntryPoint","urlTemplate":"https:\/\/bas-tv.md\/ro\/?s={search_term_string}"},"query-input":{"@type":"PropertyValueSpecification","valueRequired":true,"valueName":"search_term_string"}}],"inLanguage":"ro-RO"},{"@type":"Organization","@id":"https:\/\/bas-tv.md\/ro\/#organization","name":"BasTV","url":"https:\/\/bas-tv.md\/ro\/","logo":{"@type":"ImageObject","inLanguage":"ro-RO","@id":"https:\/\/bas-tv.md\/ro\/#\/schema\/logo\/image\/","url":"https:\/\/bas-tv.md\/wp-content\/uploads\/2023\/05\/bas-tv-culoarea-rosie.png","contentUrl":"https:\/\/bas-tv.md\/wp-content\/uploads\/2023\/05\/bas-tv-culoarea-rosie.png","width":202,"height":50,"caption":"BasTV"},"image":{"@id":"https:\/\/bas-tv.md\/ro\/#\/schema\/logo\/image\/"}},{"@type":"Person","@id":"https:\/\/bas-tv.md\/ro\/#\/schema\/person\/8740f45ea2eca1f1695284fc03529af0","name":"Redactor","image":{"@type":"ImageObject","inLanguage":"ro-RO","@id":"https:\/\/bas-tv.md\/wp-content\/litespeed\/avatar\/91c0586f3f6f4396a4ec1287c965eeeb.jpg?ver=1776950945","url":"https:\/\/bas-tv.md\/wp-content\/litespeed\/avatar\/91c0586f3f6f4396a4ec1287c965eeeb.jpg?ver=1776950945","contentUrl":"https:\/\/bas-tv.md\/wp-content\/litespeed\/avatar\/91c0586f3f6f4396a4ec1287c965eeeb.jpg?ver=1776950945","caption":"Redactor"},"url":"https:\/\/bas-tv.md\/ro\/author\/redactor\/"}]}},"views":1001,"_links":{"self":[{"href":"https:\/\/bas-tv.md\/ro\/wp-json\/wp\/v2\/posts\/102794","targetHints":{"allow":["GET"]}}],"collection":[{"href":"https:\/\/bas-tv.md\/ro\/wp-json\/wp\/v2\/posts"}],"about":[{"href":"https:\/\/bas-tv.md\/ro\/wp-json\/wp\/v2\/types\/post"}],"author":[{"embeddable":true,"href":"https:\/\/bas-tv.md\/ro\/wp-json\/wp\/v2\/users\/3"}],"replies":[{"embeddable":true,"href":"https:\/\/bas-tv.md\/ro\/wp-json\/wp\/v2\/comments?post=102794"}],"version-history":[{"count":2,"href":"https:\/\/bas-tv.md\/ro\/wp-json\/wp\/v2\/posts\/102794\/revisions"}],"predecessor-version":[{"id":102797,"href":"https:\/\/bas-tv.md\/ro\/wp-json\/wp\/v2\/posts\/102794\/revisions\/102797"}],"wp:featuredmedia":[{"embeddable":true,"href":"https:\/\/bas-tv.md\/ro\/wp-json\/wp\/v2\/media\/102798"}],"wp:attachment":[{"href":"https:\/\/bas-tv.md\/ro\/wp-json\/wp\/v2\/media?parent=102794"}],"wp:term":[{"taxonomy":"category","embeddable":true,"href":"https:\/\/bas-tv.md\/ro\/wp-json\/wp\/v2\/categories?post=102794"},{"taxonomy":"post_tag","embeddable":true,"href":"https:\/\/bas-tv.md\/ro\/wp-json\/wp\/v2\/tags?post=102794"}],"curies":[{"name":"wp","href":"https:\/\/api.w.org\/{rel}","templated":true}]}}