{"id":102922,"date":"2023-10-14T12:00:40","date_gmt":"2023-10-14T09:00:40","guid":{"rendered":"https:\/\/bas-tv.md\/?p=102922"},"modified":"2023-10-13T15:54:14","modified_gmt":"2023-10-13T12:54:14","slug":"alegeri-locale-generale-2023-cine-s-a-inregistrat-la-functia-de-primar-si-consilier-in-consiliul-satesc-in-s-iordanovca","status":"publish","type":"post","link":"https:\/\/bas-tv.md\/ro\/alegeri-locale-generale-2023-cine-s-a-inregistrat-la-functia-de-primar-si-consilier-in-consiliul-satesc-in-s-iordanovca\/","title":{"rendered":"Alegeri locale generale 2023: cine s-a \u00eenregistrat la func\u021bia de primar \u0219i consilier \u00een Consiliul s\u0103tesc \u00een s. Iordanovca"},"content":{"rendered":"<p><strong>\u00cen satul Iordanovca raionul Basarabeasca, sunt \u00eenregistra\u021bi doi candida\u021bi la func\u021bia de primar \u0219i trei concuren\u021bi electorali la func\u021bia de consilier \u00een Consiliul s\u0103tesc.<\/strong><\/p>\n<p>Dup\u0103 spusele pre\u021bedintei consiliului electoral de circumscrip\u021bie CECE Iordanovca nr. 5\/6, Marcela C\u00eerja, \u00een s. Iordanovca raionul Basarabeasca la func\u021bia de primar sun \u00eenregistrate dou\u0103 partide:<\/p>\n<ul>\n<li>Scobioal\u0103 Viorica &#8211; Partidul Politic \u201ePartidul Ac\u021biune \u0219i Solidaritate\u201d (PAS)<\/li>\n<li>Mereanu Anatolie &#8211; Partidul Politic \u201ePartidul Dezvolt\u0103rii \u0219i Consolid\u0103rii Moldovei\u201d (PDCM)<\/li>\n<\/ul>\n<p>La func\u021bia de consilier \u00een Consiliul s\u0103tesc \u00een cadrul alegerilor locale generale din 5 noiembrie sunt \u00eenregistrate:<\/p>\n<ul>\n<li>Partidul Politic \u201ePartidul Ac\u021biune \u0219i Solidaritate\u201d (PAS)<\/li>\n<li>Partidul Politic \u201ePartidul Dezvolt\u0103rii \u0219i Consolid\u0103rii Moldovei\u201d (PDCM)<\/li>\n<li>Partidul Politic \u201dPartidul Sociali\u0219tilor din Republica Moldova\u201d (PSRM)<\/li>\n<\/ul>\n<p>Alegerile locale generale vor avea loc pe 5 noiembrie. La acestea vor participa cet\u0103\u021benii Republicii Moldova cu v\u00e2rsta de 18 ani \u0219i mai sus.<\/p>\n<p><b>Abona\u021bi-v\u0103 la noi pe re\u021bele sociale:\u00a0<\/b><a href=\"https:\/\/t.me\/bastvmd\"><b><i>Telegram<\/i><\/b><\/a><b>,\u00a0<\/b><a href=\"https:\/\/www.youtube.com\/channel\/UC-9005PnLnhpNM8PVSjP2dQ\/featured\"><b><i>YouTube<\/i><\/b><\/a><b>,\u00a0<\/b><a href=\"https:\/\/www.facebook.com\/bastv.md\"><b><i>Facebook<\/i><\/b><\/a>\u00a0\u0219i\u00a0<a href=\"https:\/\/www.instagram.com\/bastv.md\/\"><b><i>Instagram<\/i><\/b><\/a><b>.\u00a0 Aici public\u0103m \u0219tiri pe scurt!<\/b><\/p>\n","protected":false},"excerpt":{"rendered":"<p>\u00cen satul Iordanovca raionul Basarabeasca, sunt \u00eenregistra\u021bi doi candida\u021bi la func\u021bia de primar \u0219i trei concuren\u021bi electorali la func\u021bia de consilier \u00een Consiliul s\u0103tesc. Dup\u0103 spusele pre\u021bedintei consiliului electoral de circumscrip\u021bie CECE Iordanovca nr. 5\/6, Marcela C\u00eerja, \u00een s. Iordanovca raionul Basarabeasca la func\u021bia de primar sun \u00eenregistrate dou\u0103 partide: Scobioal\u0103 Viorica &#8211; Partidul Politic [&hellip;]<\/p>\n","protected":false},"author":3,"featured_media":102925,"comment_status":"open","ping_status":"open","sticky":false,"template":"","format":"standard","meta":{"footnotes":""},"categories":[602,1248,569],"tags":[],"class_list":["post-102922","post","type-post","status-publish","format-standard","has-post-thumbnail","hentry","category-actualitate","category-electorala-2023-ro","category-in-basarabeasca"],"yoast_head":"<!-- This site is optimized with the Yoast SEO plugin v27.5 - https:\/\/yoast.com\/product\/yoast-seo-wordpress\/ -->\n<title>Alegeri locale generale 2023: cine s-a \u00eenregistrat la func\u021bia de primar \u0219i consilier \u00een Consiliul s\u0103tesc \u00een s. Iordanovca - BasTV<\/title>\n<meta name=\"description\" content=\"\u00cen satul Iordanovca raionul Basarabeasca, sunt \u00eenregistra\u021bi doi candida\u021bi la func\u021bia de primar \u0219i trei concuren\u021bi electorali la func\u021bia de consilier \u00een Consiliul s\u0103tesc.\" \/>\n<meta name=\"robots\" content=\"index, follow, max-snippet:-1, max-image-preview:large, max-video-preview:-1\" \/>\n<link rel=\"canonical\" href=\"https:\/\/bas-tv.md\/ro\/alegeri-locale-generale-2023-cine-s-a-inregistrat-la-functia-de-primar-si-consilier-in-consiliul-satesc-in-s-iordanovca\/\" \/>\n<meta property=\"og:locale\" content=\"ro_RO\" \/>\n<meta property=\"og:type\" content=\"article\" \/>\n<meta property=\"og:title\" content=\"Alegeri locale generale 2023: cine s-a \u00eenregistrat la func\u021bia de primar \u0219i consilier \u00een Consiliul s\u0103tesc \u00een s. Iordanovca - BasTV\" \/>\n<meta property=\"og:description\" content=\"\u00cen satul Iordanovca raionul Basarabeasca, sunt \u00eenregistra\u021bi doi candida\u021bi la func\u021bia de primar \u0219i trei concuren\u021bi electorali la func\u021bia de consilier \u00een Consiliul s\u0103tesc.\" \/>\n<meta property=\"og:url\" content=\"https:\/\/bas-tv.md\/ro\/alegeri-locale-generale-2023-cine-s-a-inregistrat-la-functia-de-primar-si-consilier-in-consiliul-satesc-in-s-iordanovca\/\" \/>\n<meta property=\"og:site_name\" content=\"BasTV\" \/>\n<meta property=\"article:published_time\" content=\"2023-10-14T09:00:40+00:00\" \/>\n<meta property=\"og:image\" content=\"https:\/\/bas-tv.md\/wp-content\/uploads\/2023\/10\/398f9d51-6379-4056-b7a9-123ca2db8975.png\" \/>\n\t<meta property=\"og:image:width\" content=\"800\" \/>\n\t<meta property=\"og:image:height\" content=\"450\" \/>\n\t<meta property=\"og:image:type\" content=\"image\/png\" \/>\n<meta name=\"author\" content=\"Redactor\" \/>\n<meta name=\"twitter:card\" content=\"summary_large_image\" \/>\n<meta name=\"twitter:label1\" content=\"Scris de\" \/>\n\t<meta name=\"twitter:data1\" content=\"Redactor\" \/>\n\t<meta name=\"twitter:label2\" content=\"Timp estimat pentru citire\" \/>\n\t<meta name=\"twitter:data2\" content=\"1 minut\" \/>\n<script type=\"application\/ld+json\" class=\"yoast-schema-graph\">{\"@context\":\"https:\\\/\\\/schema.org\",\"@graph\":[{\"@type\":\"Article\",\"@id\":\"https:\\\/\\\/bas-tv.md\\\/ro\\\/alegeri-locale-generale-2023-cine-s-a-inregistrat-la-functia-de-primar-si-consilier-in-consiliul-satesc-in-s-iordanovca\\\/#article\",\"isPartOf\":{\"@id\":\"https:\\\/\\\/bas-tv.md\\\/ro\\\/alegeri-locale-generale-2023-cine-s-a-inregistrat-la-functia-de-primar-si-consilier-in-consiliul-satesc-in-s-iordanovca\\\/\"},\"author\":{\"name\":\"Redactor\",\"@id\":\"https:\\\/\\\/bas-tv.md\\\/ro\\\/#\\\/schema\\\/person\\\/8740f45ea2eca1f1695284fc03529af0\"},\"headline\":\"Alegeri locale generale 2023: cine s-a \u00eenregistrat la func\u021bia de primar \u0219i consilier \u00een Consiliul s\u0103tesc \u00een s. Iordanovca\",\"datePublished\":\"2023-10-14T09:00:40+00:00\",\"mainEntityOfPage\":{\"@id\":\"https:\\\/\\\/bas-tv.md\\\/ro\\\/alegeri-locale-generale-2023-cine-s-a-inregistrat-la-functia-de-primar-si-consilier-in-consiliul-satesc-in-s-iordanovca\\\/\"},\"wordCount\":191,\"commentCount\":0,\"publisher\":{\"@id\":\"https:\\\/\\\/bas-tv.md\\\/ro\\\/#organization\"},\"image\":{\"@id\":\"https:\\\/\\\/bas-tv.md\\\/ro\\\/alegeri-locale-generale-2023-cine-s-a-inregistrat-la-functia-de-primar-si-consilier-in-consiliul-satesc-in-s-iordanovca\\\/#primaryimage\"},\"thumbnailUrl\":\"https:\\\/\\\/bas-tv.md\\\/wp-content\\\/uploads\\\/2023\\\/10\\\/398f9d51-6379-4056-b7a9-123ca2db8975.png\",\"articleSection\":[\"Actualitate\",\"Electorala-2023\",\"\u00cen Basarabeasca\"],\"inLanguage\":\"ro-RO\",\"potentialAction\":[{\"@type\":\"CommentAction\",\"name\":\"Comment\",\"target\":[\"https:\\\/\\\/bas-tv.md\\\/ro\\\/alegeri-locale-generale-2023-cine-s-a-inregistrat-la-functia-de-primar-si-consilier-in-consiliul-satesc-in-s-iordanovca\\\/#respond\"]}]},{\"@type\":\"WebPage\",\"@id\":\"https:\\\/\\\/bas-tv.md\\\/ro\\\/alegeri-locale-generale-2023-cine-s-a-inregistrat-la-functia-de-primar-si-consilier-in-consiliul-satesc-in-s-iordanovca\\\/\",\"url\":\"https:\\\/\\\/bas-tv.md\\\/ro\\\/alegeri-locale-generale-2023-cine-s-a-inregistrat-la-functia-de-primar-si-consilier-in-consiliul-satesc-in-s-iordanovca\\\/\",\"name\":\"Alegeri locale generale 2023: cine s-a \u00eenregistrat la func\u021bia de primar \u0219i consilier \u00een Consiliul s\u0103tesc \u00een s. Iordanovca - BasTV\",\"isPartOf\":{\"@id\":\"https:\\\/\\\/bas-tv.md\\\/ro\\\/#website\"},\"primaryImageOfPage\":{\"@id\":\"https:\\\/\\\/bas-tv.md\\\/ro\\\/alegeri-locale-generale-2023-cine-s-a-inregistrat-la-functia-de-primar-si-consilier-in-consiliul-satesc-in-s-iordanovca\\\/#primaryimage\"},\"image\":{\"@id\":\"https:\\\/\\\/bas-tv.md\\\/ro\\\/alegeri-locale-generale-2023-cine-s-a-inregistrat-la-functia-de-primar-si-consilier-in-consiliul-satesc-in-s-iordanovca\\\/#primaryimage\"},\"thumbnailUrl\":\"https:\\\/\\\/bas-tv.md\\\/wp-content\\\/uploads\\\/2023\\\/10\\\/398f9d51-6379-4056-b7a9-123ca2db8975.png\",\"datePublished\":\"2023-10-14T09:00:40+00:00\",\"description\":\"\u00cen satul Iordanovca raionul Basarabeasca, sunt \u00eenregistra\u021bi doi candida\u021bi la func\u021bia de primar \u0219i trei concuren\u021bi electorali la func\u021bia de consilier \u00een Consiliul s\u0103tesc.\",\"inLanguage\":\"ro-RO\",\"potentialAction\":[{\"@type\":\"ReadAction\",\"target\":[\"https:\\\/\\\/bas-tv.md\\\/ro\\\/alegeri-locale-generale-2023-cine-s-a-inregistrat-la-functia-de-primar-si-consilier-in-consiliul-satesc-in-s-iordanovca\\\/\"]}]},{\"@type\":\"ImageObject\",\"inLanguage\":\"ro-RO\",\"@id\":\"https:\\\/\\\/bas-tv.md\\\/ro\\\/alegeri-locale-generale-2023-cine-s-a-inregistrat-la-functia-de-primar-si-consilier-in-consiliul-satesc-in-s-iordanovca\\\/#primaryimage\",\"url\":\"https:\\\/\\\/bas-tv.md\\\/wp-content\\\/uploads\\\/2023\\\/10\\\/398f9d51-6379-4056-b7a9-123ca2db8975.png\",\"contentUrl\":\"https:\\\/\\\/bas-tv.md\\\/wp-content\\\/uploads\\\/2023\\\/10\\\/398f9d51-6379-4056-b7a9-123ca2db8975.png\",\"width\":800,\"height\":450,\"caption\":\"Alegeri locale generale 2023: cine s-a \u00eenregistrat la func\u021bia de primar \u0219i consilier \u00een Consiliul s\u0103tesc \u00een s. Iordanovca\"},{\"@type\":\"WebSite\",\"@id\":\"https:\\\/\\\/bas-tv.md\\\/ro\\\/#website\",\"url\":\"https:\\\/\\\/bas-tv.md\\\/ro\\\/\",\"name\":\"BasTV\",\"description\":\"Moldova\",\"publisher\":{\"@id\":\"https:\\\/\\\/bas-tv.md\\\/ro\\\/#organization\"},\"potentialAction\":[{\"@type\":\"SearchAction\",\"target\":{\"@type\":\"EntryPoint\",\"urlTemplate\":\"https:\\\/\\\/bas-tv.md\\\/ro\\\/?s={search_term_string}\"},\"query-input\":{\"@type\":\"PropertyValueSpecification\",\"valueRequired\":true,\"valueName\":\"search_term_string\"}}],\"inLanguage\":\"ro-RO\"},{\"@type\":\"Organization\",\"@id\":\"https:\\\/\\\/bas-tv.md\\\/ro\\\/#organization\",\"name\":\"BasTV\",\"url\":\"https:\\\/\\\/bas-tv.md\\\/ro\\\/\",\"logo\":{\"@type\":\"ImageObject\",\"inLanguage\":\"ro-RO\",\"@id\":\"https:\\\/\\\/bas-tv.md\\\/ro\\\/#\\\/schema\\\/logo\\\/image\\\/\",\"url\":\"https:\\\/\\\/bas-tv.md\\\/wp-content\\\/uploads\\\/2023\\\/05\\\/bas-tv-culoarea-rosie.png\",\"contentUrl\":\"https:\\\/\\\/bas-tv.md\\\/wp-content\\\/uploads\\\/2023\\\/05\\\/bas-tv-culoarea-rosie.png\",\"width\":202,\"height\":50,\"caption\":\"BasTV\"},\"image\":{\"@id\":\"https:\\\/\\\/bas-tv.md\\\/ro\\\/#\\\/schema\\\/logo\\\/image\\\/\"}},{\"@type\":\"Person\",\"@id\":\"https:\\\/\\\/bas-tv.md\\\/ro\\\/#\\\/schema\\\/person\\\/8740f45ea2eca1f1695284fc03529af0\",\"name\":\"Redactor\",\"image\":{\"@type\":\"ImageObject\",\"inLanguage\":\"ro-RO\",\"@id\":\"https:\\\/\\\/bas-tv.md\\\/wp-content\\\/litespeed\\\/avatar\\\/91c0586f3f6f4396a4ec1287c965eeeb.jpg?ver=1776950945\",\"url\":\"https:\\\/\\\/bas-tv.md\\\/wp-content\\\/litespeed\\\/avatar\\\/91c0586f3f6f4396a4ec1287c965eeeb.jpg?ver=1776950945\",\"contentUrl\":\"https:\\\/\\\/bas-tv.md\\\/wp-content\\\/litespeed\\\/avatar\\\/91c0586f3f6f4396a4ec1287c965eeeb.jpg?ver=1776950945\",\"caption\":\"Redactor\"},\"url\":\"https:\\\/\\\/bas-tv.md\\\/ro\\\/author\\\/redactor\\\/\"}]}<\/script>\n<!-- \/ Yoast SEO plugin. -->","yoast_head_json":{"title":"Alegeri locale generale 2023: cine s-a \u00eenregistrat la func\u021bia de primar \u0219i consilier \u00een Consiliul s\u0103tesc \u00een s. Iordanovca - BasTV","description":"\u00cen satul Iordanovca raionul Basarabeasca, sunt \u00eenregistra\u021bi doi candida\u021bi la func\u021bia de primar \u0219i trei concuren\u021bi electorali la func\u021bia de consilier \u00een Consiliul s\u0103tesc.","robots":{"index":"index","follow":"follow","max-snippet":"max-snippet:-1","max-image-preview":"max-image-preview:large","max-video-preview":"max-video-preview:-1"},"canonical":"https:\/\/bas-tv.md\/ro\/alegeri-locale-generale-2023-cine-s-a-inregistrat-la-functia-de-primar-si-consilier-in-consiliul-satesc-in-s-iordanovca\/","og_locale":"ro_RO","og_type":"article","og_title":"Alegeri locale generale 2023: cine s-a \u00eenregistrat la func\u021bia de primar \u0219i consilier \u00een Consiliul s\u0103tesc \u00een s. Iordanovca - BasTV","og_description":"\u00cen satul Iordanovca raionul Basarabeasca, sunt \u00eenregistra\u021bi doi candida\u021bi la func\u021bia de primar \u0219i trei concuren\u021bi electorali la func\u021bia de consilier \u00een Consiliul s\u0103tesc.","og_url":"https:\/\/bas-tv.md\/ro\/alegeri-locale-generale-2023-cine-s-a-inregistrat-la-functia-de-primar-si-consilier-in-consiliul-satesc-in-s-iordanovca\/","og_site_name":"BasTV","article_published_time":"2023-10-14T09:00:40+00:00","og_image":[{"width":800,"height":450,"url":"https:\/\/bas-tv.md\/wp-content\/uploads\/2023\/10\/398f9d51-6379-4056-b7a9-123ca2db8975.png","type":"image\/png"}],"author":"Redactor","twitter_card":"summary_large_image","twitter_misc":{"Scris de":"Redactor","Timp estimat pentru citire":"1 minut"},"schema":{"@context":"https:\/\/schema.org","@graph":[{"@type":"Article","@id":"https:\/\/bas-tv.md\/ro\/alegeri-locale-generale-2023-cine-s-a-inregistrat-la-functia-de-primar-si-consilier-in-consiliul-satesc-in-s-iordanovca\/#article","isPartOf":{"@id":"https:\/\/bas-tv.md\/ro\/alegeri-locale-generale-2023-cine-s-a-inregistrat-la-functia-de-primar-si-consilier-in-consiliul-satesc-in-s-iordanovca\/"},"author":{"name":"Redactor","@id":"https:\/\/bas-tv.md\/ro\/#\/schema\/person\/8740f45ea2eca1f1695284fc03529af0"},"headline":"Alegeri locale generale 2023: cine s-a \u00eenregistrat la func\u021bia de primar \u0219i consilier \u00een Consiliul s\u0103tesc \u00een s. Iordanovca","datePublished":"2023-10-14T09:00:40+00:00","mainEntityOfPage":{"@id":"https:\/\/bas-tv.md\/ro\/alegeri-locale-generale-2023-cine-s-a-inregistrat-la-functia-de-primar-si-consilier-in-consiliul-satesc-in-s-iordanovca\/"},"wordCount":191,"commentCount":0,"publisher":{"@id":"https:\/\/bas-tv.md\/ro\/#organization"},"image":{"@id":"https:\/\/bas-tv.md\/ro\/alegeri-locale-generale-2023-cine-s-a-inregistrat-la-functia-de-primar-si-consilier-in-consiliul-satesc-in-s-iordanovca\/#primaryimage"},"thumbnailUrl":"https:\/\/bas-tv.md\/wp-content\/uploads\/2023\/10\/398f9d51-6379-4056-b7a9-123ca2db8975.png","articleSection":["Actualitate","Electorala-2023","\u00cen Basarabeasca"],"inLanguage":"ro-RO","potentialAction":[{"@type":"CommentAction","name":"Comment","target":["https:\/\/bas-tv.md\/ro\/alegeri-locale-generale-2023-cine-s-a-inregistrat-la-functia-de-primar-si-consilier-in-consiliul-satesc-in-s-iordanovca\/#respond"]}]},{"@type":"WebPage","@id":"https:\/\/bas-tv.md\/ro\/alegeri-locale-generale-2023-cine-s-a-inregistrat-la-functia-de-primar-si-consilier-in-consiliul-satesc-in-s-iordanovca\/","url":"https:\/\/bas-tv.md\/ro\/alegeri-locale-generale-2023-cine-s-a-inregistrat-la-functia-de-primar-si-consilier-in-consiliul-satesc-in-s-iordanovca\/","name":"Alegeri locale generale 2023: cine s-a \u00eenregistrat la func\u021bia de primar \u0219i consilier \u00een Consiliul s\u0103tesc \u00een s. Iordanovca - BasTV","isPartOf":{"@id":"https:\/\/bas-tv.md\/ro\/#website"},"primaryImageOfPage":{"@id":"https:\/\/bas-tv.md\/ro\/alegeri-locale-generale-2023-cine-s-a-inregistrat-la-functia-de-primar-si-consilier-in-consiliul-satesc-in-s-iordanovca\/#primaryimage"},"image":{"@id":"https:\/\/bas-tv.md\/ro\/alegeri-locale-generale-2023-cine-s-a-inregistrat-la-functia-de-primar-si-consilier-in-consiliul-satesc-in-s-iordanovca\/#primaryimage"},"thumbnailUrl":"https:\/\/bas-tv.md\/wp-content\/uploads\/2023\/10\/398f9d51-6379-4056-b7a9-123ca2db8975.png","datePublished":"2023-10-14T09:00:40+00:00","description":"\u00cen satul Iordanovca raionul Basarabeasca, sunt \u00eenregistra\u021bi doi candida\u021bi la func\u021bia de primar \u0219i trei concuren\u021bi electorali la func\u021bia de consilier \u00een Consiliul s\u0103tesc.","inLanguage":"ro-RO","potentialAction":[{"@type":"ReadAction","target":["https:\/\/bas-tv.md\/ro\/alegeri-locale-generale-2023-cine-s-a-inregistrat-la-functia-de-primar-si-consilier-in-consiliul-satesc-in-s-iordanovca\/"]}]},{"@type":"ImageObject","inLanguage":"ro-RO","@id":"https:\/\/bas-tv.md\/ro\/alegeri-locale-generale-2023-cine-s-a-inregistrat-la-functia-de-primar-si-consilier-in-consiliul-satesc-in-s-iordanovca\/#primaryimage","url":"https:\/\/bas-tv.md\/wp-content\/uploads\/2023\/10\/398f9d51-6379-4056-b7a9-123ca2db8975.png","contentUrl":"https:\/\/bas-tv.md\/wp-content\/uploads\/2023\/10\/398f9d51-6379-4056-b7a9-123ca2db8975.png","width":800,"height":450,"caption":"Alegeri locale generale 2023: cine s-a \u00eenregistrat la func\u021bia de primar \u0219i consilier \u00een Consiliul s\u0103tesc \u00een s. Iordanovca"},{"@type":"WebSite","@id":"https:\/\/bas-tv.md\/ro\/#website","url":"https:\/\/bas-tv.md\/ro\/","name":"BasTV","description":"Moldova","publisher":{"@id":"https:\/\/bas-tv.md\/ro\/#organization"},"potentialAction":[{"@type":"SearchAction","target":{"@type":"EntryPoint","urlTemplate":"https:\/\/bas-tv.md\/ro\/?s={search_term_string}"},"query-input":{"@type":"PropertyValueSpecification","valueRequired":true,"valueName":"search_term_string"}}],"inLanguage":"ro-RO"},{"@type":"Organization","@id":"https:\/\/bas-tv.md\/ro\/#organization","name":"BasTV","url":"https:\/\/bas-tv.md\/ro\/","logo":{"@type":"ImageObject","inLanguage":"ro-RO","@id":"https:\/\/bas-tv.md\/ro\/#\/schema\/logo\/image\/","url":"https:\/\/bas-tv.md\/wp-content\/uploads\/2023\/05\/bas-tv-culoarea-rosie.png","contentUrl":"https:\/\/bas-tv.md\/wp-content\/uploads\/2023\/05\/bas-tv-culoarea-rosie.png","width":202,"height":50,"caption":"BasTV"},"image":{"@id":"https:\/\/bas-tv.md\/ro\/#\/schema\/logo\/image\/"}},{"@type":"Person","@id":"https:\/\/bas-tv.md\/ro\/#\/schema\/person\/8740f45ea2eca1f1695284fc03529af0","name":"Redactor","image":{"@type":"ImageObject","inLanguage":"ro-RO","@id":"https:\/\/bas-tv.md\/wp-content\/litespeed\/avatar\/91c0586f3f6f4396a4ec1287c965eeeb.jpg?ver=1776950945","url":"https:\/\/bas-tv.md\/wp-content\/litespeed\/avatar\/91c0586f3f6f4396a4ec1287c965eeeb.jpg?ver=1776950945","contentUrl":"https:\/\/bas-tv.md\/wp-content\/litespeed\/avatar\/91c0586f3f6f4396a4ec1287c965eeeb.jpg?ver=1776950945","caption":"Redactor"},"url":"https:\/\/bas-tv.md\/ro\/author\/redactor\/"}]}},"views":624,"_links":{"self":[{"href":"https:\/\/bas-tv.md\/ro\/wp-json\/wp\/v2\/posts\/102922","targetHints":{"allow":["GET"]}}],"collection":[{"href":"https:\/\/bas-tv.md\/ro\/wp-json\/wp\/v2\/posts"}],"about":[{"href":"https:\/\/bas-tv.md\/ro\/wp-json\/wp\/v2\/types\/post"}],"author":[{"embeddable":true,"href":"https:\/\/bas-tv.md\/ro\/wp-json\/wp\/v2\/users\/3"}],"replies":[{"embeddable":true,"href":"https:\/\/bas-tv.md\/ro\/wp-json\/wp\/v2\/comments?post=102922"}],"version-history":[{"count":2,"href":"https:\/\/bas-tv.md\/ro\/wp-json\/wp\/v2\/posts\/102922\/revisions"}],"predecessor-version":[{"id":102927,"href":"https:\/\/bas-tv.md\/ro\/wp-json\/wp\/v2\/posts\/102922\/revisions\/102927"}],"wp:featuredmedia":[{"embeddable":true,"href":"https:\/\/bas-tv.md\/ro\/wp-json\/wp\/v2\/media\/102925"}],"wp:attachment":[{"href":"https:\/\/bas-tv.md\/ro\/wp-json\/wp\/v2\/media?parent=102922"}],"wp:term":[{"taxonomy":"category","embeddable":true,"href":"https:\/\/bas-tv.md\/ro\/wp-json\/wp\/v2\/categories?post=102922"},{"taxonomy":"post_tag","embeddable":true,"href":"https:\/\/bas-tv.md\/ro\/wp-json\/wp\/v2\/tags?post=102922"}],"curies":[{"name":"wp","href":"https:\/\/api.w.org\/{rel}","templated":true}]}}