{"id":103429,"date":"2023-10-19T16:30:00","date_gmt":"2023-10-19T13:30:00","guid":{"rendered":"https:\/\/bas-tv.md\/?p=103429"},"modified":"2023-10-19T14:55:35","modified_gmt":"2023-10-19T11:55:35","slug":"in-redactia-bastv-s-a-desfasurat-prima-dezbatere-preelectorala-ce-au-discutat","status":"publish","type":"post","link":"https:\/\/bas-tv.md\/ro\/in-redactia-bastv-s-a-desfasurat-prima-dezbatere-preelectorala-ce-au-discutat\/","title":{"rendered":"\u00cen redac\u021bia BAStv s-a desf\u0103\u0219urat prima dezbatere preelectoral\u0103. Ce au discutat"},"content":{"rendered":"<p><strong>Pe 18 octombrie, redac\u021bia Bas-TV a organizat primele dezbateri dedicate alegerilor locale generale din 5 noiembrie. La ele au participat: reprezentatul platformei DA \u0219i un candidat independent la func\u021bia de consilier \u00een Consiliul raional Basarabeasca. Ace\u0219tea au fost selecta\u021bi \u00een urma tragerii la sor\u021bi. <\/strong><\/p>\n<p>La dezbatere, pentru func\u021bia de consilier al Consiliului raional Basarabeasca au concurat Nicolae Chendighilian, candidat independent \u0219i reprezentantul platformei Demnitate \u0219i Adev\u0103r, Mihai Cre\u021bu. Partidul \u0218ANSA, care la fel trebuia s\u0103-\u0219i desemneze un reprezentant \u00een cadrul acestor dezbateri, a refuzat s\u0103 participe.<\/p>\n<p>Tema general\u0103 a candida\u021bilor la func\u021bia respectiv\u0103 a fost \u201eDezvoltarea socio-economic\u0103 a localit\u0103\u021bilor din raionul Basarabeasca\u201d.<\/p>\n<p>La acest subiect domnul Nicolae Chendighilian \u0219i-a \u00eemp\u0103rt\u0103\u0219it viziunea \u0219i propunerile:<\/p>\n<p><iframe title=\"\u041d\u0438\u043a\u043e\u043b\u0430\u0439 \u041a\u0435\u043d\u0434\u0438\u0433\u0438\u043b\u044f\u043d - \u0434\u0435\u0431\u0430\u0442\u044b \u21161\" width=\"580\" height=\"326\" src=\"https:\/\/www.youtube.com\/embed\/l9W-28Axc0o?feature=oembed\" frameborder=\"0\" allow=\"accelerometer; autoplay; clipboard-write; encrypted-media; gyroscope; picture-in-picture; web-share\" referrerpolicy=\"strict-origin-when-cross-origin\" allowfullscreen><\/iframe><\/p>\n<p>La acela\u0219i subiect, reprezentantul platformei Demnitate \u0219i Adev\u0103r, Mihai Cre\u021bu, a enumerat urm\u0103toarele solu\u021bii:<\/p>\n<p><iframe title=\"\u041c\u0438\u0445\u0430\u0439 \u041a\u0440\u0435\u0446\u0443 - \u0434\u0435\u0431\u0430\u0442\u044b \u21161\" width=\"580\" height=\"326\" src=\"https:\/\/www.youtube.com\/embed\/CLZwymKDxEo?feature=oembed\" frameborder=\"0\" allow=\"accelerometer; autoplay; clipboard-write; encrypted-media; gyroscope; picture-in-picture; web-share\" referrerpolicy=\"strict-origin-when-cross-origin\" allowfullscreen><\/iframe><\/p>\n<p>Dezbaterea integral poate fi vizionat\u0103 pe platformele <a href=\"https:\/\/youtu.be\/xZcANNRxcWE\">online<\/a>.<\/p>\n<p>Amintim, urm\u0103toarea dezbatere va avea loc vineri, 20 octombrie, la ora 18.30. Conform tragerii la sor\u021bi, \u00een studio sunt invita\u021bi urm\u0103torii 3 concuren\u021bi electorali, \u00eenregistra\u021bi pentru func\u021bia de consilier al Consiliului Raional: Partidul PAS, candidatul independent Mihail Mart\u00eenov \u0219i Partidul Verde Ecologist. De asemenea, dezbaterea va fi difuzat\u0103 pe canalul BAStv \u0219i pe platformele online: Youtube \u0219i Facebook.<\/p>\n<p>Autor. Cristina Lupa\u0219cu<\/p>\n<p><b>Abona\u021bi-v\u0103 la noi pe re\u021bele sociale:\u00a0<\/b><a href=\"https:\/\/t.me\/bastvmd\"><b><i>Telegram<\/i><\/b><\/a><b>,\u00a0<\/b><a href=\"https:\/\/www.youtube.com\/channel\/UC-9005PnLnhpNM8PVSjP2dQ\/featured\"><b><i>YouTube<\/i><\/b><\/a><b>,\u00a0<\/b><a href=\"https:\/\/www.facebook.com\/bastv.md\"><b><i>Facebook<\/i><\/b><\/a>\u00a0\u0219i\u00a0<a href=\"https:\/\/www.instagram.com\/bastv.md\/\"><b><i>Instagram<\/i><\/b><\/a><b>.\u00a0 Aici public\u0103m \u0219tiri pe scurt!<\/b><\/p>\n","protected":false},"excerpt":{"rendered":"<p>Pe 18 octombrie, redac\u021bia Bas-TV a organizat primele dezbateri dedicate alegerilor locale generale din 5 noiembrie. La ele au participat: reprezentatul platformei DA \u0219i un candidat independent la func\u021bia de consilier \u00een Consiliul raional Basarabeasca. Ace\u0219tea au fost selecta\u021bi \u00een urma tragerii la sor\u021bi. La dezbatere, pentru func\u021bia de consilier al Consiliului raional Basarabeasca au [&hellip;]<\/p>\n","protected":false},"author":3,"featured_media":103436,"comment_status":"open","ping_status":"open","sticky":false,"template":"","format":"standard","meta":{"footnotes":""},"categories":[602,1248,569],"tags":[1434,693,1433,1435],"class_list":["post-103429","post","type-post","status-publish","format-standard","has-post-thumbnail","hentry","category-actualitate","category-electorala-2023-ro","category-in-basarabeasca","tag-alegeri-locale-generale","tag-basarabeasca-ro","tag-dezbateri","tag-electorala"],"yoast_head":"<!-- This site is optimized with the Yoast SEO plugin v27.5 - https:\/\/yoast.com\/product\/yoast-seo-wordpress\/ -->\n<title>\u00cen redac\u021bia BAStv s-a desf\u0103\u0219urat prima dezbatere preelectoral\u0103. Ce au discutat - BasTV<\/title>\n<meta name=\"description\" content=\"Pe 18 octombrie, redac\u021bia Bas-TV a organizat primele dezbateri dedicate alegerilor locale generale din 5 noiembrie. La ele au participat: reprezentatul platformei DA \u0219i un candidat independent la func\u021bia de consilier \u00een Consiliul raional Basarabeasca. Ace\u0219tea au fost selecta\u021bi \u00een urma tragerii la sor\u021bi.\" \/>\n<meta name=\"robots\" content=\"index, follow, max-snippet:-1, max-image-preview:large, max-video-preview:-1\" \/>\n<link rel=\"canonical\" href=\"https:\/\/bas-tv.md\/ro\/in-redactia-bastv-s-a-desfasurat-prima-dezbatere-preelectorala-ce-au-discutat\/\" \/>\n<meta property=\"og:locale\" content=\"ro_RO\" \/>\n<meta property=\"og:type\" content=\"article\" \/>\n<meta property=\"og:title\" content=\"\u00cen redac\u021bia BAStv s-a desf\u0103\u0219urat prima dezbatere preelectoral\u0103. Ce au discutat - BasTV\" \/>\n<meta property=\"og:description\" content=\"Pe 18 octombrie, redac\u021bia Bas-TV a organizat primele dezbateri dedicate alegerilor locale generale din 5 noiembrie. La ele au participat: reprezentatul platformei DA \u0219i un candidat independent la func\u021bia de consilier \u00een Consiliul raional Basarabeasca. Ace\u0219tea au fost selecta\u021bi \u00een urma tragerii la sor\u021bi.\" \/>\n<meta property=\"og:url\" content=\"https:\/\/bas-tv.md\/ro\/in-redactia-bastv-s-a-desfasurat-prima-dezbatere-preelectorala-ce-au-discutat\/\" \/>\n<meta property=\"og:site_name\" content=\"BasTV\" \/>\n<meta property=\"article:published_time\" content=\"2023-10-19T13:30:00+00:00\" \/>\n<meta property=\"og:image\" content=\"https:\/\/bas-tv.md\/wp-content\/uploads\/2023\/10\/393443825_648185507356935_5051989084163949133_n.jpg\" \/>\n\t<meta property=\"og:image:width\" content=\"1170\" \/>\n\t<meta property=\"og:image:height\" content=\"876\" \/>\n\t<meta property=\"og:image:type\" content=\"image\/jpeg\" \/>\n<meta name=\"author\" content=\"Redactor\" \/>\n<meta name=\"twitter:card\" content=\"summary_large_image\" \/>\n<meta name=\"twitter:label1\" content=\"Scris de\" \/>\n\t<meta name=\"twitter:data1\" content=\"Redactor\" \/>\n\t<meta name=\"twitter:label2\" content=\"Timp estimat pentru citire\" \/>\n\t<meta name=\"twitter:data2\" content=\"2 minute\" \/>\n<script type=\"application\/ld+json\" class=\"yoast-schema-graph\">{\"@context\":\"https:\\\/\\\/schema.org\",\"@graph\":[{\"@type\":\"Article\",\"@id\":\"https:\\\/\\\/bas-tv.md\\\/ro\\\/in-redactia-bastv-s-a-desfasurat-prima-dezbatere-preelectorala-ce-au-discutat\\\/#article\",\"isPartOf\":{\"@id\":\"https:\\\/\\\/bas-tv.md\\\/ro\\\/in-redactia-bastv-s-a-desfasurat-prima-dezbatere-preelectorala-ce-au-discutat\\\/\"},\"author\":{\"name\":\"Redactor\",\"@id\":\"https:\\\/\\\/bas-tv.md\\\/ro\\\/#\\\/schema\\\/person\\\/8740f45ea2eca1f1695284fc03529af0\"},\"headline\":\"\u00cen redac\u021bia BAStv s-a desf\u0103\u0219urat prima dezbatere preelectoral\u0103. Ce au discutat\",\"datePublished\":\"2023-10-19T13:30:00+00:00\",\"mainEntityOfPage\":{\"@id\":\"https:\\\/\\\/bas-tv.md\\\/ro\\\/in-redactia-bastv-s-a-desfasurat-prima-dezbatere-preelectorala-ce-au-discutat\\\/\"},\"wordCount\":263,\"commentCount\":0,\"publisher\":{\"@id\":\"https:\\\/\\\/bas-tv.md\\\/ro\\\/#organization\"},\"image\":{\"@id\":\"https:\\\/\\\/bas-tv.md\\\/ro\\\/in-redactia-bastv-s-a-desfasurat-prima-dezbatere-preelectorala-ce-au-discutat\\\/#primaryimage\"},\"thumbnailUrl\":\"https:\\\/\\\/bas-tv.md\\\/wp-content\\\/uploads\\\/2023\\\/10\\\/393443825_648185507356935_5051989084163949133_n.jpg\",\"keywords\":[\"alegeri locale generale\",\"Basarabeasca\",\"dezbateri\",\"electorala\"],\"articleSection\":[\"Actualitate\",\"Electorala-2023\",\"\u00cen Basarabeasca\"],\"inLanguage\":\"ro-RO\",\"potentialAction\":[{\"@type\":\"CommentAction\",\"name\":\"Comment\",\"target\":[\"https:\\\/\\\/bas-tv.md\\\/ro\\\/in-redactia-bastv-s-a-desfasurat-prima-dezbatere-preelectorala-ce-au-discutat\\\/#respond\"]}]},{\"@type\":\"WebPage\",\"@id\":\"https:\\\/\\\/bas-tv.md\\\/ro\\\/in-redactia-bastv-s-a-desfasurat-prima-dezbatere-preelectorala-ce-au-discutat\\\/\",\"url\":\"https:\\\/\\\/bas-tv.md\\\/ro\\\/in-redactia-bastv-s-a-desfasurat-prima-dezbatere-preelectorala-ce-au-discutat\\\/\",\"name\":\"\u00cen redac\u021bia BAStv s-a desf\u0103\u0219urat prima dezbatere preelectoral\u0103. Ce au discutat - BasTV\",\"isPartOf\":{\"@id\":\"https:\\\/\\\/bas-tv.md\\\/ro\\\/#website\"},\"primaryImageOfPage\":{\"@id\":\"https:\\\/\\\/bas-tv.md\\\/ro\\\/in-redactia-bastv-s-a-desfasurat-prima-dezbatere-preelectorala-ce-au-discutat\\\/#primaryimage\"},\"image\":{\"@id\":\"https:\\\/\\\/bas-tv.md\\\/ro\\\/in-redactia-bastv-s-a-desfasurat-prima-dezbatere-preelectorala-ce-au-discutat\\\/#primaryimage\"},\"thumbnailUrl\":\"https:\\\/\\\/bas-tv.md\\\/wp-content\\\/uploads\\\/2023\\\/10\\\/393443825_648185507356935_5051989084163949133_n.jpg\",\"datePublished\":\"2023-10-19T13:30:00+00:00\",\"description\":\"Pe 18 octombrie, redac\u021bia Bas-TV a organizat primele dezbateri dedicate alegerilor locale generale din 5 noiembrie. La ele au participat: reprezentatul platformei DA \u0219i un candidat independent la func\u021bia de consilier \u00een Consiliul raional Basarabeasca. Ace\u0219tea au fost selecta\u021bi \u00een urma tragerii la sor\u021bi.\",\"inLanguage\":\"ro-RO\",\"potentialAction\":[{\"@type\":\"ReadAction\",\"target\":[\"https:\\\/\\\/bas-tv.md\\\/ro\\\/in-redactia-bastv-s-a-desfasurat-prima-dezbatere-preelectorala-ce-au-discutat\\\/\"]}]},{\"@type\":\"ImageObject\",\"inLanguage\":\"ro-RO\",\"@id\":\"https:\\\/\\\/bas-tv.md\\\/ro\\\/in-redactia-bastv-s-a-desfasurat-prima-dezbatere-preelectorala-ce-au-discutat\\\/#primaryimage\",\"url\":\"https:\\\/\\\/bas-tv.md\\\/wp-content\\\/uploads\\\/2023\\\/10\\\/393443825_648185507356935_5051989084163949133_n.jpg\",\"contentUrl\":\"https:\\\/\\\/bas-tv.md\\\/wp-content\\\/uploads\\\/2023\\\/10\\\/393443825_648185507356935_5051989084163949133_n.jpg\",\"width\":1170,\"height\":876,\"caption\":\"\u00cen redac\u021bia BAStv s-a desf\u0103\u0219urat prima dezbatere preelectoral\u0103. Ce au discutat\"},{\"@type\":\"WebSite\",\"@id\":\"https:\\\/\\\/bas-tv.md\\\/ro\\\/#website\",\"url\":\"https:\\\/\\\/bas-tv.md\\\/ro\\\/\",\"name\":\"BasTV\",\"description\":\"Moldova\",\"publisher\":{\"@id\":\"https:\\\/\\\/bas-tv.md\\\/ro\\\/#organization\"},\"potentialAction\":[{\"@type\":\"SearchAction\",\"target\":{\"@type\":\"EntryPoint\",\"urlTemplate\":\"https:\\\/\\\/bas-tv.md\\\/ro\\\/?s={search_term_string}\"},\"query-input\":{\"@type\":\"PropertyValueSpecification\",\"valueRequired\":true,\"valueName\":\"search_term_string\"}}],\"inLanguage\":\"ro-RO\"},{\"@type\":\"Organization\",\"@id\":\"https:\\\/\\\/bas-tv.md\\\/ro\\\/#organization\",\"name\":\"BasTV\",\"url\":\"https:\\\/\\\/bas-tv.md\\\/ro\\\/\",\"logo\":{\"@type\":\"ImageObject\",\"inLanguage\":\"ro-RO\",\"@id\":\"https:\\\/\\\/bas-tv.md\\\/ro\\\/#\\\/schema\\\/logo\\\/image\\\/\",\"url\":\"https:\\\/\\\/bas-tv.md\\\/wp-content\\\/uploads\\\/2023\\\/05\\\/bas-tv-culoarea-rosie.png\",\"contentUrl\":\"https:\\\/\\\/bas-tv.md\\\/wp-content\\\/uploads\\\/2023\\\/05\\\/bas-tv-culoarea-rosie.png\",\"width\":202,\"height\":50,\"caption\":\"BasTV\"},\"image\":{\"@id\":\"https:\\\/\\\/bas-tv.md\\\/ro\\\/#\\\/schema\\\/logo\\\/image\\\/\"}},{\"@type\":\"Person\",\"@id\":\"https:\\\/\\\/bas-tv.md\\\/ro\\\/#\\\/schema\\\/person\\\/8740f45ea2eca1f1695284fc03529af0\",\"name\":\"Redactor\",\"image\":{\"@type\":\"ImageObject\",\"inLanguage\":\"ro-RO\",\"@id\":\"https:\\\/\\\/bas-tv.md\\\/wp-content\\\/litespeed\\\/avatar\\\/91c0586f3f6f4396a4ec1287c965eeeb.jpg?ver=1776950945\",\"url\":\"https:\\\/\\\/bas-tv.md\\\/wp-content\\\/litespeed\\\/avatar\\\/91c0586f3f6f4396a4ec1287c965eeeb.jpg?ver=1776950945\",\"contentUrl\":\"https:\\\/\\\/bas-tv.md\\\/wp-content\\\/litespeed\\\/avatar\\\/91c0586f3f6f4396a4ec1287c965eeeb.jpg?ver=1776950945\",\"caption\":\"Redactor\"},\"url\":\"https:\\\/\\\/bas-tv.md\\\/ro\\\/author\\\/redactor\\\/\"}]}<\/script>\n<!-- \/ Yoast SEO plugin. -->","yoast_head_json":{"title":"\u00cen redac\u021bia BAStv s-a desf\u0103\u0219urat prima dezbatere preelectoral\u0103. Ce au discutat - BasTV","description":"Pe 18 octombrie, redac\u021bia Bas-TV a organizat primele dezbateri dedicate alegerilor locale generale din 5 noiembrie. La ele au participat: reprezentatul platformei DA \u0219i un candidat independent la func\u021bia de consilier \u00een Consiliul raional Basarabeasca. Ace\u0219tea au fost selecta\u021bi \u00een urma tragerii la sor\u021bi.","robots":{"index":"index","follow":"follow","max-snippet":"max-snippet:-1","max-image-preview":"max-image-preview:large","max-video-preview":"max-video-preview:-1"},"canonical":"https:\/\/bas-tv.md\/ro\/in-redactia-bastv-s-a-desfasurat-prima-dezbatere-preelectorala-ce-au-discutat\/","og_locale":"ro_RO","og_type":"article","og_title":"\u00cen redac\u021bia BAStv s-a desf\u0103\u0219urat prima dezbatere preelectoral\u0103. Ce au discutat - BasTV","og_description":"Pe 18 octombrie, redac\u021bia Bas-TV a organizat primele dezbateri dedicate alegerilor locale generale din 5 noiembrie. La ele au participat: reprezentatul platformei DA \u0219i un candidat independent la func\u021bia de consilier \u00een Consiliul raional Basarabeasca. Ace\u0219tea au fost selecta\u021bi \u00een urma tragerii la sor\u021bi.","og_url":"https:\/\/bas-tv.md\/ro\/in-redactia-bastv-s-a-desfasurat-prima-dezbatere-preelectorala-ce-au-discutat\/","og_site_name":"BasTV","article_published_time":"2023-10-19T13:30:00+00:00","og_image":[{"width":1170,"height":876,"url":"https:\/\/bas-tv.md\/wp-content\/uploads\/2023\/10\/393443825_648185507356935_5051989084163949133_n.jpg","type":"image\/jpeg"}],"author":"Redactor","twitter_card":"summary_large_image","twitter_misc":{"Scris de":"Redactor","Timp estimat pentru citire":"2 minute"},"schema":{"@context":"https:\/\/schema.org","@graph":[{"@type":"Article","@id":"https:\/\/bas-tv.md\/ro\/in-redactia-bastv-s-a-desfasurat-prima-dezbatere-preelectorala-ce-au-discutat\/#article","isPartOf":{"@id":"https:\/\/bas-tv.md\/ro\/in-redactia-bastv-s-a-desfasurat-prima-dezbatere-preelectorala-ce-au-discutat\/"},"author":{"name":"Redactor","@id":"https:\/\/bas-tv.md\/ro\/#\/schema\/person\/8740f45ea2eca1f1695284fc03529af0"},"headline":"\u00cen redac\u021bia BAStv s-a desf\u0103\u0219urat prima dezbatere preelectoral\u0103. Ce au discutat","datePublished":"2023-10-19T13:30:00+00:00","mainEntityOfPage":{"@id":"https:\/\/bas-tv.md\/ro\/in-redactia-bastv-s-a-desfasurat-prima-dezbatere-preelectorala-ce-au-discutat\/"},"wordCount":263,"commentCount":0,"publisher":{"@id":"https:\/\/bas-tv.md\/ro\/#organization"},"image":{"@id":"https:\/\/bas-tv.md\/ro\/in-redactia-bastv-s-a-desfasurat-prima-dezbatere-preelectorala-ce-au-discutat\/#primaryimage"},"thumbnailUrl":"https:\/\/bas-tv.md\/wp-content\/uploads\/2023\/10\/393443825_648185507356935_5051989084163949133_n.jpg","keywords":["alegeri locale generale","Basarabeasca","dezbateri","electorala"],"articleSection":["Actualitate","Electorala-2023","\u00cen Basarabeasca"],"inLanguage":"ro-RO","potentialAction":[{"@type":"CommentAction","name":"Comment","target":["https:\/\/bas-tv.md\/ro\/in-redactia-bastv-s-a-desfasurat-prima-dezbatere-preelectorala-ce-au-discutat\/#respond"]}]},{"@type":"WebPage","@id":"https:\/\/bas-tv.md\/ro\/in-redactia-bastv-s-a-desfasurat-prima-dezbatere-preelectorala-ce-au-discutat\/","url":"https:\/\/bas-tv.md\/ro\/in-redactia-bastv-s-a-desfasurat-prima-dezbatere-preelectorala-ce-au-discutat\/","name":"\u00cen redac\u021bia BAStv s-a desf\u0103\u0219urat prima dezbatere preelectoral\u0103. Ce au discutat - BasTV","isPartOf":{"@id":"https:\/\/bas-tv.md\/ro\/#website"},"primaryImageOfPage":{"@id":"https:\/\/bas-tv.md\/ro\/in-redactia-bastv-s-a-desfasurat-prima-dezbatere-preelectorala-ce-au-discutat\/#primaryimage"},"image":{"@id":"https:\/\/bas-tv.md\/ro\/in-redactia-bastv-s-a-desfasurat-prima-dezbatere-preelectorala-ce-au-discutat\/#primaryimage"},"thumbnailUrl":"https:\/\/bas-tv.md\/wp-content\/uploads\/2023\/10\/393443825_648185507356935_5051989084163949133_n.jpg","datePublished":"2023-10-19T13:30:00+00:00","description":"Pe 18 octombrie, redac\u021bia Bas-TV a organizat primele dezbateri dedicate alegerilor locale generale din 5 noiembrie. La ele au participat: reprezentatul platformei DA \u0219i un candidat independent la func\u021bia de consilier \u00een Consiliul raional Basarabeasca. Ace\u0219tea au fost selecta\u021bi \u00een urma tragerii la sor\u021bi.","inLanguage":"ro-RO","potentialAction":[{"@type":"ReadAction","target":["https:\/\/bas-tv.md\/ro\/in-redactia-bastv-s-a-desfasurat-prima-dezbatere-preelectorala-ce-au-discutat\/"]}]},{"@type":"ImageObject","inLanguage":"ro-RO","@id":"https:\/\/bas-tv.md\/ro\/in-redactia-bastv-s-a-desfasurat-prima-dezbatere-preelectorala-ce-au-discutat\/#primaryimage","url":"https:\/\/bas-tv.md\/wp-content\/uploads\/2023\/10\/393443825_648185507356935_5051989084163949133_n.jpg","contentUrl":"https:\/\/bas-tv.md\/wp-content\/uploads\/2023\/10\/393443825_648185507356935_5051989084163949133_n.jpg","width":1170,"height":876,"caption":"\u00cen redac\u021bia BAStv s-a desf\u0103\u0219urat prima dezbatere preelectoral\u0103. Ce au discutat"},{"@type":"WebSite","@id":"https:\/\/bas-tv.md\/ro\/#website","url":"https:\/\/bas-tv.md\/ro\/","name":"BasTV","description":"Moldova","publisher":{"@id":"https:\/\/bas-tv.md\/ro\/#organization"},"potentialAction":[{"@type":"SearchAction","target":{"@type":"EntryPoint","urlTemplate":"https:\/\/bas-tv.md\/ro\/?s={search_term_string}"},"query-input":{"@type":"PropertyValueSpecification","valueRequired":true,"valueName":"search_term_string"}}],"inLanguage":"ro-RO"},{"@type":"Organization","@id":"https:\/\/bas-tv.md\/ro\/#organization","name":"BasTV","url":"https:\/\/bas-tv.md\/ro\/","logo":{"@type":"ImageObject","inLanguage":"ro-RO","@id":"https:\/\/bas-tv.md\/ro\/#\/schema\/logo\/image\/","url":"https:\/\/bas-tv.md\/wp-content\/uploads\/2023\/05\/bas-tv-culoarea-rosie.png","contentUrl":"https:\/\/bas-tv.md\/wp-content\/uploads\/2023\/05\/bas-tv-culoarea-rosie.png","width":202,"height":50,"caption":"BasTV"},"image":{"@id":"https:\/\/bas-tv.md\/ro\/#\/schema\/logo\/image\/"}},{"@type":"Person","@id":"https:\/\/bas-tv.md\/ro\/#\/schema\/person\/8740f45ea2eca1f1695284fc03529af0","name":"Redactor","image":{"@type":"ImageObject","inLanguage":"ro-RO","@id":"https:\/\/bas-tv.md\/wp-content\/litespeed\/avatar\/91c0586f3f6f4396a4ec1287c965eeeb.jpg?ver=1776950945","url":"https:\/\/bas-tv.md\/wp-content\/litespeed\/avatar\/91c0586f3f6f4396a4ec1287c965eeeb.jpg?ver=1776950945","contentUrl":"https:\/\/bas-tv.md\/wp-content\/litespeed\/avatar\/91c0586f3f6f4396a4ec1287c965eeeb.jpg?ver=1776950945","caption":"Redactor"},"url":"https:\/\/bas-tv.md\/ro\/author\/redactor\/"}]}},"views":559,"_links":{"self":[{"href":"https:\/\/bas-tv.md\/ro\/wp-json\/wp\/v2\/posts\/103429","targetHints":{"allow":["GET"]}}],"collection":[{"href":"https:\/\/bas-tv.md\/ro\/wp-json\/wp\/v2\/posts"}],"about":[{"href":"https:\/\/bas-tv.md\/ro\/wp-json\/wp\/v2\/types\/post"}],"author":[{"embeddable":true,"href":"https:\/\/bas-tv.md\/ro\/wp-json\/wp\/v2\/users\/3"}],"replies":[{"embeddable":true,"href":"https:\/\/bas-tv.md\/ro\/wp-json\/wp\/v2\/comments?post=103429"}],"version-history":[{"count":5,"href":"https:\/\/bas-tv.md\/ro\/wp-json\/wp\/v2\/posts\/103429\/revisions"}],"predecessor-version":[{"id":103435,"href":"https:\/\/bas-tv.md\/ro\/wp-json\/wp\/v2\/posts\/103429\/revisions\/103435"}],"wp:featuredmedia":[{"embeddable":true,"href":"https:\/\/bas-tv.md\/ro\/wp-json\/wp\/v2\/media\/103436"}],"wp:attachment":[{"href":"https:\/\/bas-tv.md\/ro\/wp-json\/wp\/v2\/media?parent=103429"}],"wp:term":[{"taxonomy":"category","embeddable":true,"href":"https:\/\/bas-tv.md\/ro\/wp-json\/wp\/v2\/categories?post=103429"},{"taxonomy":"post_tag","embeddable":true,"href":"https:\/\/bas-tv.md\/ro\/wp-json\/wp\/v2\/tags?post=103429"}],"curies":[{"name":"wp","href":"https:\/\/api.w.org\/{rel}","templated":true}]}}