{"id":103490,"date":"2023-10-20T13:12:52","date_gmt":"2023-10-20T10:12:52","guid":{"rendered":"https:\/\/bas-tv.md\/?p=103490"},"modified":"2023-10-20T13:12:52","modified_gmt":"2023-10-20T10:12:52","slug":"parlamentul-a-votat-de-la-1-octombrie-salariile-personalului-medical-din-institutiile-medico-sanitare-publice-vor-fi-majorate-cu-15","status":"publish","type":"post","link":"https:\/\/bas-tv.md\/ro\/parlamentul-a-votat-de-la-1-octombrie-salariile-personalului-medical-din-institutiile-medico-sanitare-publice-vor-fi-majorate-cu-15\/","title":{"rendered":"Parlamentul a votat: de la 1 octombrie, salariile personalului medical din institu\u021biile medico-sanitare publice vor fi majorate cu 15 %"},"content":{"rendered":"<p><strong>Potrivit modific\u0103rilor Legii fondurilor asigur\u0103rii obligatorii de asisten\u021b\u0103 medical\u0103 (FAOAM) pentru anul 2023, de la 1 octombrie, salariile personalului medical din institu\u021biile medico-sanitare publice vor fi majorate cu 15 la sut\u0103.<\/strong><\/p>\n<p>Conform proiectului elaborat de Ministerul S\u0103n\u0103t\u0103\u021bii, vor fi majorate cu aproximativ 399 de milioane de lei sau 12,8 % at\u00e2t veniturile, c\u00e2t \u0219i cheltuielile FAOAM.<\/p>\n<blockquote><p>\u201eTo\u021bi lucr\u0103torii medicali \u2013 medici, asistente medicale \u0219i medici reziden\u021bi vor primi sporul salarial de 15 la sut\u0103, cei care sunt finan\u021ba\u021bi din FAOAM. Medicii reziden\u021bi, de asemenea, vor primi un spor de 15 % la pl\u0103\u021bile pentru g\u0103rzile de noapte. Din acest punct de vedere, este un spor substan\u021bial, nu at\u00e2t c\u00e2t am dori, dar este echivalent cu posibilit\u0103\u021bile actuale ale statului\u201d, a declarat vicepre\u0219edintele Comisiei protec\u021bie social\u0103, s\u0103n\u0103tate \u0219i familie, Adrian Bel\u00eei.<\/p><\/blockquote>\n<p>De asemenea, vor fi cheltuite peste 69 de milioane de lei pentru procurarea de servicii medicale pentru acordarea asisten\u021bei medicale pacien\u021bilor cu AVC acut, precum \u0219i \u00een cadrul programelor speciale.<\/p>\n<p><b>Abona\u021bi-v\u0103 la noi pe re\u021bele sociale:\u00a0<\/b><a href=\"https:\/\/t.me\/bastvmd\"><b><i>Telegram<\/i><\/b><\/a><b>,\u00a0<\/b><a href=\"https:\/\/www.youtube.com\/channel\/UC-9005PnLnhpNM8PVSjP2dQ\/featured\"><b><i>YouTube<\/i><\/b><\/a><b>,\u00a0<\/b><a href=\"https:\/\/www.facebook.com\/bastv.md\"><b><i>Facebook<\/i><\/b><\/a>\u00a0\u0219i\u00a0<a href=\"https:\/\/www.instagram.com\/bastv.md\/\"><b><i>Instagram<\/i><\/b><\/a><b>.\u00a0 Aici public\u0103m \u0219tiri pe scurt!<\/b><\/p>\n","protected":false},"excerpt":{"rendered":"<p>Potrivit modific\u0103rilor Legii fondurilor asigur\u0103rii obligatorii de asisten\u021b\u0103 medical\u0103 (FAOAM) pentru anul 2023, de la 1 octombrie, salariile personalului medical din institu\u021biile medico-sanitare publice vor fi majorate cu 15 la sut\u0103. Conform proiectului elaborat de Ministerul S\u0103n\u0103t\u0103\u021bii, vor fi majorate cu aproximativ 399 de milioane de lei sau 12,8 % at\u00e2t veniturile, c\u00e2t \u0219i cheltuielile [&hellip;]<\/p>\n","protected":false},"author":3,"featured_media":103493,"comment_status":"open","ping_status":"open","sticky":false,"template":"","format":"standard","meta":{"footnotes":""},"categories":[572,573],"tags":[],"class_list":["post-103490","post","type-post","status-publish","format-standard","has-post-thumbnail","hentry","category-bani","category-in-esenta"],"yoast_head":"<!-- This site is optimized with the Yoast SEO plugin v27.5 - https:\/\/yoast.com\/product\/yoast-seo-wordpress\/ -->\n<title>Parlamentul a votat: de la 1 octombrie, salariile personalului medical din institu\u021biile medico-sanitare publice vor fi majorate cu 15 % - BasTV<\/title>\n<meta name=\"description\" content=\"Potrivit modific\u0103rilor Legii fondurilor asigur\u0103rii obligatorii de asisten\u021b\u0103 medical\u0103 (FAOAM) pentru anul 2023, de la 1 octombrie, salariile personalului medical din institu\u021biile medico-sanitare publice vor fi majorate cu 15 la sut\u0103.\" \/>\n<meta name=\"robots\" content=\"index, follow, max-snippet:-1, max-image-preview:large, max-video-preview:-1\" \/>\n<link rel=\"canonical\" href=\"https:\/\/bas-tv.md\/ro\/parlamentul-a-votat-de-la-1-octombrie-salariile-personalului-medical-din-institutiile-medico-sanitare-publice-vor-fi-majorate-cu-15\/\" \/>\n<meta property=\"og:locale\" content=\"ro_RO\" \/>\n<meta property=\"og:type\" content=\"article\" \/>\n<meta property=\"og:title\" content=\"Parlamentul a votat: de la 1 octombrie, salariile personalului medical din institu\u021biile medico-sanitare publice vor fi majorate cu 15 % - BasTV\" \/>\n<meta property=\"og:description\" content=\"Potrivit modific\u0103rilor Legii fondurilor asigur\u0103rii obligatorii de asisten\u021b\u0103 medical\u0103 (FAOAM) pentru anul 2023, de la 1 octombrie, salariile personalului medical din institu\u021biile medico-sanitare publice vor fi majorate cu 15 la sut\u0103.\" \/>\n<meta property=\"og:url\" content=\"https:\/\/bas-tv.md\/ro\/parlamentul-a-votat-de-la-1-octombrie-salariile-personalului-medical-din-institutiile-medico-sanitare-publice-vor-fi-majorate-cu-15\/\" \/>\n<meta property=\"og:site_name\" content=\"BasTV\" \/>\n<meta property=\"article:published_time\" content=\"2023-10-20T10:12:52+00:00\" \/>\n<meta property=\"og:image\" content=\"https:\/\/bas-tv.md\/wp-content\/uploads\/2023\/10\/img.jpg\" \/>\n\t<meta property=\"og:image:width\" content=\"704\" \/>\n\t<meta property=\"og:image:height\" content=\"396\" \/>\n\t<meta property=\"og:image:type\" content=\"image\/jpeg\" \/>\n<meta name=\"author\" content=\"Redactor\" \/>\n<meta name=\"twitter:card\" content=\"summary_large_image\" \/>\n<meta name=\"twitter:label1\" content=\"Scris de\" \/>\n\t<meta name=\"twitter:data1\" content=\"Redactor\" \/>\n\t<meta name=\"twitter:label2\" content=\"Timp estimat pentru citire\" \/>\n\t<meta name=\"twitter:data2\" content=\"1 minut\" \/>\n<script type=\"application\/ld+json\" class=\"yoast-schema-graph\">{\"@context\":\"https:\\\/\\\/schema.org\",\"@graph\":[{\"@type\":\"Article\",\"@id\":\"https:\\\/\\\/bas-tv.md\\\/ro\\\/parlamentul-a-votat-de-la-1-octombrie-salariile-personalului-medical-din-institutiile-medico-sanitare-publice-vor-fi-majorate-cu-15\\\/#article\",\"isPartOf\":{\"@id\":\"https:\\\/\\\/bas-tv.md\\\/ro\\\/parlamentul-a-votat-de-la-1-octombrie-salariile-personalului-medical-din-institutiile-medico-sanitare-publice-vor-fi-majorate-cu-15\\\/\"},\"author\":{\"name\":\"Redactor\",\"@id\":\"https:\\\/\\\/bas-tv.md\\\/ro\\\/#\\\/schema\\\/person\\\/8740f45ea2eca1f1695284fc03529af0\"},\"headline\":\"Parlamentul a votat: de la 1 octombrie, salariile personalului medical din institu\u021biile medico-sanitare publice vor fi majorate cu 15 %\",\"datePublished\":\"2023-10-20T10:12:52+00:00\",\"mainEntityOfPage\":{\"@id\":\"https:\\\/\\\/bas-tv.md\\\/ro\\\/parlamentul-a-votat-de-la-1-octombrie-salariile-personalului-medical-din-institutiile-medico-sanitare-publice-vor-fi-majorate-cu-15\\\/\"},\"wordCount\":213,\"commentCount\":0,\"publisher\":{\"@id\":\"https:\\\/\\\/bas-tv.md\\\/ro\\\/#organization\"},\"image\":{\"@id\":\"https:\\\/\\\/bas-tv.md\\\/ro\\\/parlamentul-a-votat-de-la-1-octombrie-salariile-personalului-medical-din-institutiile-medico-sanitare-publice-vor-fi-majorate-cu-15\\\/#primaryimage\"},\"thumbnailUrl\":\"https:\\\/\\\/bas-tv.md\\\/wp-content\\\/uploads\\\/2023\\\/10\\\/img.jpg\",\"articleSection\":[\"Bani\",\"\u00cen esen\u021b\u0103\"],\"inLanguage\":\"ro-RO\",\"potentialAction\":[{\"@type\":\"CommentAction\",\"name\":\"Comment\",\"target\":[\"https:\\\/\\\/bas-tv.md\\\/ro\\\/parlamentul-a-votat-de-la-1-octombrie-salariile-personalului-medical-din-institutiile-medico-sanitare-publice-vor-fi-majorate-cu-15\\\/#respond\"]}]},{\"@type\":\"WebPage\",\"@id\":\"https:\\\/\\\/bas-tv.md\\\/ro\\\/parlamentul-a-votat-de-la-1-octombrie-salariile-personalului-medical-din-institutiile-medico-sanitare-publice-vor-fi-majorate-cu-15\\\/\",\"url\":\"https:\\\/\\\/bas-tv.md\\\/ro\\\/parlamentul-a-votat-de-la-1-octombrie-salariile-personalului-medical-din-institutiile-medico-sanitare-publice-vor-fi-majorate-cu-15\\\/\",\"name\":\"Parlamentul a votat: de la 1 octombrie, salariile personalului medical din institu\u021biile medico-sanitare publice vor fi majorate cu 15 % - BasTV\",\"isPartOf\":{\"@id\":\"https:\\\/\\\/bas-tv.md\\\/ro\\\/#website\"},\"primaryImageOfPage\":{\"@id\":\"https:\\\/\\\/bas-tv.md\\\/ro\\\/parlamentul-a-votat-de-la-1-octombrie-salariile-personalului-medical-din-institutiile-medico-sanitare-publice-vor-fi-majorate-cu-15\\\/#primaryimage\"},\"image\":{\"@id\":\"https:\\\/\\\/bas-tv.md\\\/ro\\\/parlamentul-a-votat-de-la-1-octombrie-salariile-personalului-medical-din-institutiile-medico-sanitare-publice-vor-fi-majorate-cu-15\\\/#primaryimage\"},\"thumbnailUrl\":\"https:\\\/\\\/bas-tv.md\\\/wp-content\\\/uploads\\\/2023\\\/10\\\/img.jpg\",\"datePublished\":\"2023-10-20T10:12:52+00:00\",\"description\":\"Potrivit modific\u0103rilor Legii fondurilor asigur\u0103rii obligatorii de asisten\u021b\u0103 medical\u0103 (FAOAM) pentru anul 2023, de la 1 octombrie, salariile personalului medical din institu\u021biile medico-sanitare publice vor fi majorate cu 15 la sut\u0103.\",\"inLanguage\":\"ro-RO\",\"potentialAction\":[{\"@type\":\"ReadAction\",\"target\":[\"https:\\\/\\\/bas-tv.md\\\/ro\\\/parlamentul-a-votat-de-la-1-octombrie-salariile-personalului-medical-din-institutiile-medico-sanitare-publice-vor-fi-majorate-cu-15\\\/\"]}]},{\"@type\":\"ImageObject\",\"inLanguage\":\"ro-RO\",\"@id\":\"https:\\\/\\\/bas-tv.md\\\/ro\\\/parlamentul-a-votat-de-la-1-octombrie-salariile-personalului-medical-din-institutiile-medico-sanitare-publice-vor-fi-majorate-cu-15\\\/#primaryimage\",\"url\":\"https:\\\/\\\/bas-tv.md\\\/wp-content\\\/uploads\\\/2023\\\/10\\\/img.jpg\",\"contentUrl\":\"https:\\\/\\\/bas-tv.md\\\/wp-content\\\/uploads\\\/2023\\\/10\\\/img.jpg\",\"width\":704,\"height\":396,\"caption\":\"De la 1 octombrie, salariile personalului medical din institu\u021biile medico-sanitare publice vor fi majorate cu 15 %\"},{\"@type\":\"WebSite\",\"@id\":\"https:\\\/\\\/bas-tv.md\\\/ro\\\/#website\",\"url\":\"https:\\\/\\\/bas-tv.md\\\/ro\\\/\",\"name\":\"BasTV\",\"description\":\"Moldova\",\"publisher\":{\"@id\":\"https:\\\/\\\/bas-tv.md\\\/ro\\\/#organization\"},\"potentialAction\":[{\"@type\":\"SearchAction\",\"target\":{\"@type\":\"EntryPoint\",\"urlTemplate\":\"https:\\\/\\\/bas-tv.md\\\/ro\\\/?s={search_term_string}\"},\"query-input\":{\"@type\":\"PropertyValueSpecification\",\"valueRequired\":true,\"valueName\":\"search_term_string\"}}],\"inLanguage\":\"ro-RO\"},{\"@type\":\"Organization\",\"@id\":\"https:\\\/\\\/bas-tv.md\\\/ro\\\/#organization\",\"name\":\"BasTV\",\"url\":\"https:\\\/\\\/bas-tv.md\\\/ro\\\/\",\"logo\":{\"@type\":\"ImageObject\",\"inLanguage\":\"ro-RO\",\"@id\":\"https:\\\/\\\/bas-tv.md\\\/ro\\\/#\\\/schema\\\/logo\\\/image\\\/\",\"url\":\"https:\\\/\\\/bas-tv.md\\\/wp-content\\\/uploads\\\/2023\\\/05\\\/bas-tv-culoarea-rosie.png\",\"contentUrl\":\"https:\\\/\\\/bas-tv.md\\\/wp-content\\\/uploads\\\/2023\\\/05\\\/bas-tv-culoarea-rosie.png\",\"width\":202,\"height\":50,\"caption\":\"BasTV\"},\"image\":{\"@id\":\"https:\\\/\\\/bas-tv.md\\\/ro\\\/#\\\/schema\\\/logo\\\/image\\\/\"}},{\"@type\":\"Person\",\"@id\":\"https:\\\/\\\/bas-tv.md\\\/ro\\\/#\\\/schema\\\/person\\\/8740f45ea2eca1f1695284fc03529af0\",\"name\":\"Redactor\",\"image\":{\"@type\":\"ImageObject\",\"inLanguage\":\"ro-RO\",\"@id\":\"https:\\\/\\\/bas-tv.md\\\/wp-content\\\/litespeed\\\/avatar\\\/91c0586f3f6f4396a4ec1287c965eeeb.jpg?ver=1776950945\",\"url\":\"https:\\\/\\\/bas-tv.md\\\/wp-content\\\/litespeed\\\/avatar\\\/91c0586f3f6f4396a4ec1287c965eeeb.jpg?ver=1776950945\",\"contentUrl\":\"https:\\\/\\\/bas-tv.md\\\/wp-content\\\/litespeed\\\/avatar\\\/91c0586f3f6f4396a4ec1287c965eeeb.jpg?ver=1776950945\",\"caption\":\"Redactor\"},\"url\":\"https:\\\/\\\/bas-tv.md\\\/ro\\\/author\\\/redactor\\\/\"}]}<\/script>\n<!-- \/ Yoast SEO plugin. -->","yoast_head_json":{"title":"Parlamentul a votat: de la 1 octombrie, salariile personalului medical din institu\u021biile medico-sanitare publice vor fi majorate cu 15 % - BasTV","description":"Potrivit modific\u0103rilor Legii fondurilor asigur\u0103rii obligatorii de asisten\u021b\u0103 medical\u0103 (FAOAM) pentru anul 2023, de la 1 octombrie, salariile personalului medical din institu\u021biile medico-sanitare publice vor fi majorate cu 15 la sut\u0103.","robots":{"index":"index","follow":"follow","max-snippet":"max-snippet:-1","max-image-preview":"max-image-preview:large","max-video-preview":"max-video-preview:-1"},"canonical":"https:\/\/bas-tv.md\/ro\/parlamentul-a-votat-de-la-1-octombrie-salariile-personalului-medical-din-institutiile-medico-sanitare-publice-vor-fi-majorate-cu-15\/","og_locale":"ro_RO","og_type":"article","og_title":"Parlamentul a votat: de la 1 octombrie, salariile personalului medical din institu\u021biile medico-sanitare publice vor fi majorate cu 15 % - BasTV","og_description":"Potrivit modific\u0103rilor Legii fondurilor asigur\u0103rii obligatorii de asisten\u021b\u0103 medical\u0103 (FAOAM) pentru anul 2023, de la 1 octombrie, salariile personalului medical din institu\u021biile medico-sanitare publice vor fi majorate cu 15 la sut\u0103.","og_url":"https:\/\/bas-tv.md\/ro\/parlamentul-a-votat-de-la-1-octombrie-salariile-personalului-medical-din-institutiile-medico-sanitare-publice-vor-fi-majorate-cu-15\/","og_site_name":"BasTV","article_published_time":"2023-10-20T10:12:52+00:00","og_image":[{"width":704,"height":396,"url":"https:\/\/bas-tv.md\/wp-content\/uploads\/2023\/10\/img.jpg","type":"image\/jpeg"}],"author":"Redactor","twitter_card":"summary_large_image","twitter_misc":{"Scris de":"Redactor","Timp estimat pentru citire":"1 minut"},"schema":{"@context":"https:\/\/schema.org","@graph":[{"@type":"Article","@id":"https:\/\/bas-tv.md\/ro\/parlamentul-a-votat-de-la-1-octombrie-salariile-personalului-medical-din-institutiile-medico-sanitare-publice-vor-fi-majorate-cu-15\/#article","isPartOf":{"@id":"https:\/\/bas-tv.md\/ro\/parlamentul-a-votat-de-la-1-octombrie-salariile-personalului-medical-din-institutiile-medico-sanitare-publice-vor-fi-majorate-cu-15\/"},"author":{"name":"Redactor","@id":"https:\/\/bas-tv.md\/ro\/#\/schema\/person\/8740f45ea2eca1f1695284fc03529af0"},"headline":"Parlamentul a votat: de la 1 octombrie, salariile personalului medical din institu\u021biile medico-sanitare publice vor fi majorate cu 15 %","datePublished":"2023-10-20T10:12:52+00:00","mainEntityOfPage":{"@id":"https:\/\/bas-tv.md\/ro\/parlamentul-a-votat-de-la-1-octombrie-salariile-personalului-medical-din-institutiile-medico-sanitare-publice-vor-fi-majorate-cu-15\/"},"wordCount":213,"commentCount":0,"publisher":{"@id":"https:\/\/bas-tv.md\/ro\/#organization"},"image":{"@id":"https:\/\/bas-tv.md\/ro\/parlamentul-a-votat-de-la-1-octombrie-salariile-personalului-medical-din-institutiile-medico-sanitare-publice-vor-fi-majorate-cu-15\/#primaryimage"},"thumbnailUrl":"https:\/\/bas-tv.md\/wp-content\/uploads\/2023\/10\/img.jpg","articleSection":["Bani","\u00cen esen\u021b\u0103"],"inLanguage":"ro-RO","potentialAction":[{"@type":"CommentAction","name":"Comment","target":["https:\/\/bas-tv.md\/ro\/parlamentul-a-votat-de-la-1-octombrie-salariile-personalului-medical-din-institutiile-medico-sanitare-publice-vor-fi-majorate-cu-15\/#respond"]}]},{"@type":"WebPage","@id":"https:\/\/bas-tv.md\/ro\/parlamentul-a-votat-de-la-1-octombrie-salariile-personalului-medical-din-institutiile-medico-sanitare-publice-vor-fi-majorate-cu-15\/","url":"https:\/\/bas-tv.md\/ro\/parlamentul-a-votat-de-la-1-octombrie-salariile-personalului-medical-din-institutiile-medico-sanitare-publice-vor-fi-majorate-cu-15\/","name":"Parlamentul a votat: de la 1 octombrie, salariile personalului medical din institu\u021biile medico-sanitare publice vor fi majorate cu 15 % - BasTV","isPartOf":{"@id":"https:\/\/bas-tv.md\/ro\/#website"},"primaryImageOfPage":{"@id":"https:\/\/bas-tv.md\/ro\/parlamentul-a-votat-de-la-1-octombrie-salariile-personalului-medical-din-institutiile-medico-sanitare-publice-vor-fi-majorate-cu-15\/#primaryimage"},"image":{"@id":"https:\/\/bas-tv.md\/ro\/parlamentul-a-votat-de-la-1-octombrie-salariile-personalului-medical-din-institutiile-medico-sanitare-publice-vor-fi-majorate-cu-15\/#primaryimage"},"thumbnailUrl":"https:\/\/bas-tv.md\/wp-content\/uploads\/2023\/10\/img.jpg","datePublished":"2023-10-20T10:12:52+00:00","description":"Potrivit modific\u0103rilor Legii fondurilor asigur\u0103rii obligatorii de asisten\u021b\u0103 medical\u0103 (FAOAM) pentru anul 2023, de la 1 octombrie, salariile personalului medical din institu\u021biile medico-sanitare publice vor fi majorate cu 15 la sut\u0103.","inLanguage":"ro-RO","potentialAction":[{"@type":"ReadAction","target":["https:\/\/bas-tv.md\/ro\/parlamentul-a-votat-de-la-1-octombrie-salariile-personalului-medical-din-institutiile-medico-sanitare-publice-vor-fi-majorate-cu-15\/"]}]},{"@type":"ImageObject","inLanguage":"ro-RO","@id":"https:\/\/bas-tv.md\/ro\/parlamentul-a-votat-de-la-1-octombrie-salariile-personalului-medical-din-institutiile-medico-sanitare-publice-vor-fi-majorate-cu-15\/#primaryimage","url":"https:\/\/bas-tv.md\/wp-content\/uploads\/2023\/10\/img.jpg","contentUrl":"https:\/\/bas-tv.md\/wp-content\/uploads\/2023\/10\/img.jpg","width":704,"height":396,"caption":"De la 1 octombrie, salariile personalului medical din institu\u021biile medico-sanitare publice vor fi majorate cu 15 %"},{"@type":"WebSite","@id":"https:\/\/bas-tv.md\/ro\/#website","url":"https:\/\/bas-tv.md\/ro\/","name":"BasTV","description":"Moldova","publisher":{"@id":"https:\/\/bas-tv.md\/ro\/#organization"},"potentialAction":[{"@type":"SearchAction","target":{"@type":"EntryPoint","urlTemplate":"https:\/\/bas-tv.md\/ro\/?s={search_term_string}"},"query-input":{"@type":"PropertyValueSpecification","valueRequired":true,"valueName":"search_term_string"}}],"inLanguage":"ro-RO"},{"@type":"Organization","@id":"https:\/\/bas-tv.md\/ro\/#organization","name":"BasTV","url":"https:\/\/bas-tv.md\/ro\/","logo":{"@type":"ImageObject","inLanguage":"ro-RO","@id":"https:\/\/bas-tv.md\/ro\/#\/schema\/logo\/image\/","url":"https:\/\/bas-tv.md\/wp-content\/uploads\/2023\/05\/bas-tv-culoarea-rosie.png","contentUrl":"https:\/\/bas-tv.md\/wp-content\/uploads\/2023\/05\/bas-tv-culoarea-rosie.png","width":202,"height":50,"caption":"BasTV"},"image":{"@id":"https:\/\/bas-tv.md\/ro\/#\/schema\/logo\/image\/"}},{"@type":"Person","@id":"https:\/\/bas-tv.md\/ro\/#\/schema\/person\/8740f45ea2eca1f1695284fc03529af0","name":"Redactor","image":{"@type":"ImageObject","inLanguage":"ro-RO","@id":"https:\/\/bas-tv.md\/wp-content\/litespeed\/avatar\/91c0586f3f6f4396a4ec1287c965eeeb.jpg?ver=1776950945","url":"https:\/\/bas-tv.md\/wp-content\/litespeed\/avatar\/91c0586f3f6f4396a4ec1287c965eeeb.jpg?ver=1776950945","contentUrl":"https:\/\/bas-tv.md\/wp-content\/litespeed\/avatar\/91c0586f3f6f4396a4ec1287c965eeeb.jpg?ver=1776950945","caption":"Redactor"},"url":"https:\/\/bas-tv.md\/ro\/author\/redactor\/"}]}},"views":358,"_links":{"self":[{"href":"https:\/\/bas-tv.md\/ro\/wp-json\/wp\/v2\/posts\/103490","targetHints":{"allow":["GET"]}}],"collection":[{"href":"https:\/\/bas-tv.md\/ro\/wp-json\/wp\/v2\/posts"}],"about":[{"href":"https:\/\/bas-tv.md\/ro\/wp-json\/wp\/v2\/types\/post"}],"author":[{"embeddable":true,"href":"https:\/\/bas-tv.md\/ro\/wp-json\/wp\/v2\/users\/3"}],"replies":[{"embeddable":true,"href":"https:\/\/bas-tv.md\/ro\/wp-json\/wp\/v2\/comments?post=103490"}],"version-history":[{"count":2,"href":"https:\/\/bas-tv.md\/ro\/wp-json\/wp\/v2\/posts\/103490\/revisions"}],"predecessor-version":[{"id":103495,"href":"https:\/\/bas-tv.md\/ro\/wp-json\/wp\/v2\/posts\/103490\/revisions\/103495"}],"wp:featuredmedia":[{"embeddable":true,"href":"https:\/\/bas-tv.md\/ro\/wp-json\/wp\/v2\/media\/103493"}],"wp:attachment":[{"href":"https:\/\/bas-tv.md\/ro\/wp-json\/wp\/v2\/media?parent=103490"}],"wp:term":[{"taxonomy":"category","embeddable":true,"href":"https:\/\/bas-tv.md\/ro\/wp-json\/wp\/v2\/categories?post=103490"},{"taxonomy":"post_tag","embeddable":true,"href":"https:\/\/bas-tv.md\/ro\/wp-json\/wp\/v2\/tags?post=103490"}],"curies":[{"name":"wp","href":"https:\/\/api.w.org\/{rel}","templated":true}]}}