{"id":103733,"date":"2023-10-24T15:06:31","date_gmt":"2023-10-24T12:06:31","guid":{"rendered":"https:\/\/bas-tv.md\/?p=103733"},"modified":"2023-10-24T15:06:31","modified_gmt":"2023-10-24T12:06:31","slug":"foto-concurentii-electorali-si-redactia-bastv-au-semnat-codul-de-conduita-ce-obligatii-si-au-asumat","status":"publish","type":"post","link":"https:\/\/bas-tv.md\/ro\/foto-concurentii-electorali-si-redactia-bastv-au-semnat-codul-de-conduita-ce-obligatii-si-au-asumat\/","title":{"rendered":"(FOTO) Concuren\u021bii electorali \u0219i redac\u021bia BAStv au semnat Codul de Conduit\u0103. Ce obliga\u021bii \u0219i-au  asumat"},"content":{"rendered":"<p><strong>Pe 23 octombrie, concuren\u021bii electorali la func\u021bia de consilier \u00een Consilliul raional \u0219i redac\u021bia BAStv au fost invita\u021bi la Consiliul raional Basarabeasca pentru a semna Codul de conduit\u0103, privind desf\u0103\u015furarea \u015fi reflectarea campaniei electorale la alegerile locale generale din 5 noiembrie. <\/strong><\/p>\n<p>\u00cen cadrul unei mese rotunde speciale partidele politice, blocurile electorale \u0219i candida\u021bii independen\u021bi la func\u021bia de consilier \u00een Consiliul raional Basarabeasca, au semnat Codul de conduit\u0103 privind desf\u0103\u015furarea \u015fi reflectarea campaniei electorale la alegerile locale generale din 5 noiembrie.<\/p>\n<p>Documentul reprezint\u0103 o conven\u0163ie \u00eencheiat\u0103 \u00eentre concuren\u021bii electorali \u015fi reprezentan\u0163ii mass-media, care reglementeaz\u0103 normele de comportament ale acestora \u00een desf\u0103\u0219urarea \u015fi reflectarea campaniei electorale.<\/p>\n<p>Obiectivele principale ale Codului de conduit\u0103 constau \u00een desf\u0103\u015furarea unei campanii electorale corecte, \u00een condi\u0163ii de concuren\u0163\u0103 egal\u0103, informarea obiectiv\u0103 a aleg\u0103torilor asupra proceselor electorale, libera participare politic\u0103 \u00een campania electoral\u0103, respectarea demnit\u0103\u0163ii participan\u0163ilor \u00een campania electoral\u0103, crearea unui climat de \u00eencredere \u015fi respect reciproc \u00eentre semnatari \u00een campania electoral\u0103.<\/p>\n<p>Codul de conduit\u0103 intr\u0103 \u00een vigoare pentru fiecare semnatar din momentul semn\u0103rii lui \u015fi este valabil p\u00e2n\u0103 \u00een ziua \u00een care rezultatele finale ale alegerilor vor fi confirmate de c\u0103tre organele competente.<\/p>\n<div id='gallery-1' class='gallery galleryid-103733 gallery-columns-2 gallery-size-full'><figure class='gallery-item'>\n\t\t\t<div class='gallery-icon landscape'>\n\t\t\t\t<a href='https:\/\/bas-tv.md\/ro\/foto-concurentii-electorali-si-redactia-bastv-au-semnat-codul-de-conduita-ce-obligatii-si-au-asumat\/img_1504-2\/'><img fetchpriority=\"high\" decoding=\"async\" width=\"2560\" height=\"1707\" src=\"https:\/\/bas-tv.md\/wp-content\/uploads\/2023\/10\/img_1504-1-scaled.jpg\" class=\"attachment-full size-full\" alt=\"\" aria-describedby=\"gallery-1-103744\" srcset=\"https:\/\/bas-tv.md\/wp-content\/uploads\/2023\/10\/img_1504-1-scaled.jpg 2560w, https:\/\/bas-tv.md\/wp-content\/uploads\/2023\/10\/img_1504-1-300x200.jpg 300w, https:\/\/bas-tv.md\/wp-content\/uploads\/2023\/10\/img_1504-1-1024x683.jpg 1024w, https:\/\/bas-tv.md\/wp-content\/uploads\/2023\/10\/img_1504-1-768x512.jpg 768w, https:\/\/bas-tv.md\/wp-content\/uploads\/2023\/10\/img_1504-1-1536x1024.jpg 1536w, https:\/\/bas-tv.md\/wp-content\/uploads\/2023\/10\/img_1504-1-2048x1365.jpg 2048w, https:\/\/bas-tv.md\/wp-content\/uploads\/2023\/10\/img_1504-1-1200x800.jpg 1200w, https:\/\/bas-tv.md\/wp-content\/uploads\/2023\/10\/img_1504-1-1980x1320.jpg 1980w\" sizes=\"(max-width: 2560px) 100vw, 2560px\" \/><\/a>\n\t\t\t<\/div>\n\t\t\t\t<figcaption class='wp-caption-text gallery-caption' id='gallery-1-103744'>\n\t\t\t\tBAStv\n\t\t\t\t<\/figcaption><\/figure><figure class='gallery-item'>\n\t\t\t<div class='gallery-icon landscape'>\n\t\t\t\t<a href='https:\/\/bas-tv.md\/ro\/foto-concurentii-electorali-si-redactia-bastv-au-semnat-codul-de-conduita-ce-obligatii-si-au-asumat\/img_1515\/'><img decoding=\"async\" width=\"2560\" height=\"1707\" src=\"https:\/\/bas-tv.md\/wp-content\/uploads\/2023\/10\/img_1515-scaled.jpg\" class=\"attachment-full size-full\" alt=\"\" aria-describedby=\"gallery-1-103752\" srcset=\"https:\/\/bas-tv.md\/wp-content\/uploads\/2023\/10\/img_1515-scaled.jpg 2560w, https:\/\/bas-tv.md\/wp-content\/uploads\/2023\/10\/img_1515-300x200.jpg 300w, https:\/\/bas-tv.md\/wp-content\/uploads\/2023\/10\/img_1515-1024x683.jpg 1024w, https:\/\/bas-tv.md\/wp-content\/uploads\/2023\/10\/img_1515-768x512.jpg 768w, https:\/\/bas-tv.md\/wp-content\/uploads\/2023\/10\/img_1515-1536x1024.jpg 1536w, https:\/\/bas-tv.md\/wp-content\/uploads\/2023\/10\/img_1515-2048x1365.jpg 2048w, https:\/\/bas-tv.md\/wp-content\/uploads\/2023\/10\/img_1515-1200x800.jpg 1200w, https:\/\/bas-tv.md\/wp-content\/uploads\/2023\/10\/img_1515-1980x1320.jpg 1980w\" sizes=\"(max-width: 2560px) 100vw, 2560px\" \/><\/a>\n\t\t\t<\/div>\n\t\t\t\t<figcaption class='wp-caption-text gallery-caption' id='gallery-1-103752'>\n\t\t\t\tBAStv\n\t\t\t\t<\/figcaption><\/figure><figure class='gallery-item'>\n\t\t\t<div class='gallery-icon landscape'>\n\t\t\t\t<a href='https:\/\/bas-tv.md\/ro\/foto-concurentii-electorali-si-redactia-bastv-au-semnat-codul-de-conduita-ce-obligatii-si-au-asumat\/img_1517\/'><img decoding=\"async\" width=\"2560\" height=\"1707\" src=\"https:\/\/bas-tv.md\/wp-content\/uploads\/2023\/10\/img_1517-scaled.jpg\" class=\"attachment-full size-full\" alt=\"\" aria-describedby=\"gallery-1-103756\" srcset=\"https:\/\/bas-tv.md\/wp-content\/uploads\/2023\/10\/img_1517-scaled.jpg 2560w, https:\/\/bas-tv.md\/wp-content\/uploads\/2023\/10\/img_1517-300x200.jpg 300w, https:\/\/bas-tv.md\/wp-content\/uploads\/2023\/10\/img_1517-1024x683.jpg 1024w, https:\/\/bas-tv.md\/wp-content\/uploads\/2023\/10\/img_1517-768x512.jpg 768w, https:\/\/bas-tv.md\/wp-content\/uploads\/2023\/10\/img_1517-1536x1024.jpg 1536w, https:\/\/bas-tv.md\/wp-content\/uploads\/2023\/10\/img_1517-2048x1365.jpg 2048w, https:\/\/bas-tv.md\/wp-content\/uploads\/2023\/10\/img_1517-1200x800.jpg 1200w, https:\/\/bas-tv.md\/wp-content\/uploads\/2023\/10\/img_1517-1980x1320.jpg 1980w\" sizes=\"(max-width: 2560px) 100vw, 2560px\" \/><\/a>\n\t\t\t<\/div>\n\t\t\t\t<figcaption class='wp-caption-text gallery-caption' id='gallery-1-103756'>\n\t\t\t\tBAStv\n\t\t\t\t<\/figcaption><\/figure><figure class='gallery-item'>\n\t\t\t<div class='gallery-icon landscape'>\n\t\t\t\t<a href='https:\/\/bas-tv.md\/ro\/foto-concurentii-electorali-si-redactia-bastv-au-semnat-codul-de-conduita-ce-obligatii-si-au-asumat\/img_1505-2\/'><img loading=\"lazy\" decoding=\"async\" width=\"2560\" height=\"1707\" src=\"https:\/\/bas-tv.md\/wp-content\/uploads\/2023\/10\/img_1505-1-scaled.jpg\" class=\"attachment-full size-full\" alt=\"(FOTO) Concuren\u021bii electorali \u0219i redac\u021bia BAStv au semnat Codul de Conduit\u0103. Ce obliga\u021bii \u0219i-au asumat\" aria-describedby=\"gallery-1-103746\" srcset=\"https:\/\/bas-tv.md\/wp-content\/uploads\/2023\/10\/img_1505-1-scaled.jpg 2560w, https:\/\/bas-tv.md\/wp-content\/uploads\/2023\/10\/img_1505-1-300x200.jpg 300w, https:\/\/bas-tv.md\/wp-content\/uploads\/2023\/10\/img_1505-1-1024x683.jpg 1024w, https:\/\/bas-tv.md\/wp-content\/uploads\/2023\/10\/img_1505-1-768x512.jpg 768w, https:\/\/bas-tv.md\/wp-content\/uploads\/2023\/10\/img_1505-1-1536x1024.jpg 1536w, https:\/\/bas-tv.md\/wp-content\/uploads\/2023\/10\/img_1505-1-2048x1365.jpg 2048w, https:\/\/bas-tv.md\/wp-content\/uploads\/2023\/10\/img_1505-1-1200x800.jpg 1200w, https:\/\/bas-tv.md\/wp-content\/uploads\/2023\/10\/img_1505-1-1980x1320.jpg 1980w\" sizes=\"(max-width: 2560px) 100vw, 2560px\" \/><\/a>\n\t\t\t<\/div>\n\t\t\t\t<figcaption class='wp-caption-text gallery-caption' id='gallery-1-103746'>\n\t\t\t\tBAStv\n\t\t\t\t<\/figcaption><\/figure><figure class='gallery-item'>\n\t\t\t<div class='gallery-icon landscape'>\n\t\t\t\t<a href='https:\/\/bas-tv.md\/ro\/foto-concurentii-electorali-si-redactia-bastv-au-semnat-codul-de-conduita-ce-obligatii-si-au-asumat\/img_1516\/'><img loading=\"lazy\" decoding=\"async\" width=\"2560\" height=\"1707\" src=\"https:\/\/bas-tv.md\/wp-content\/uploads\/2023\/10\/img_1516-scaled.jpg\" class=\"attachment-full size-full\" alt=\"\" aria-describedby=\"gallery-1-103754\" srcset=\"https:\/\/bas-tv.md\/wp-content\/uploads\/2023\/10\/img_1516-scaled.jpg 2560w, https:\/\/bas-tv.md\/wp-content\/uploads\/2023\/10\/img_1516-300x200.jpg 300w, https:\/\/bas-tv.md\/wp-content\/uploads\/2023\/10\/img_1516-1024x683.jpg 1024w, https:\/\/bas-tv.md\/wp-content\/uploads\/2023\/10\/img_1516-768x512.jpg 768w, https:\/\/bas-tv.md\/wp-content\/uploads\/2023\/10\/img_1516-1536x1024.jpg 1536w, https:\/\/bas-tv.md\/wp-content\/uploads\/2023\/10\/img_1516-2048x1365.jpg 2048w, https:\/\/bas-tv.md\/wp-content\/uploads\/2023\/10\/img_1516-1200x800.jpg 1200w, https:\/\/bas-tv.md\/wp-content\/uploads\/2023\/10\/img_1516-1980x1320.jpg 1980w\" sizes=\"(max-width: 2560px) 100vw, 2560px\" \/><\/a>\n\t\t\t<\/div>\n\t\t\t\t<figcaption class='wp-caption-text gallery-caption' id='gallery-1-103754'>\n\t\t\t\tBAStv\n\t\t\t\t<\/figcaption><\/figure><figure class='gallery-item'>\n\t\t\t<div class='gallery-icon landscape'>\n\t\t\t\t<a href='https:\/\/bas-tv.md\/ro\/foto-concurentii-electorali-si-redactia-bastv-au-semnat-codul-de-conduita-ce-obligatii-si-au-asumat\/img_1532\/'><img loading=\"lazy\" decoding=\"async\" width=\"2560\" height=\"1707\" src=\"https:\/\/bas-tv.md\/wp-content\/uploads\/2023\/10\/img_1532-scaled.jpg\" class=\"attachment-full size-full\" alt=\"\" aria-describedby=\"gallery-1-103758\" srcset=\"https:\/\/bas-tv.md\/wp-content\/uploads\/2023\/10\/img_1532-scaled.jpg 2560w, https:\/\/bas-tv.md\/wp-content\/uploads\/2023\/10\/img_1532-300x200.jpg 300w, https:\/\/bas-tv.md\/wp-content\/uploads\/2023\/10\/img_1532-1024x683.jpg 1024w, https:\/\/bas-tv.md\/wp-content\/uploads\/2023\/10\/img_1532-768x512.jpg 768w, https:\/\/bas-tv.md\/wp-content\/uploads\/2023\/10\/img_1532-1536x1024.jpg 1536w, https:\/\/bas-tv.md\/wp-content\/uploads\/2023\/10\/img_1532-2048x1365.jpg 2048w, https:\/\/bas-tv.md\/wp-content\/uploads\/2023\/10\/img_1532-1200x800.jpg 1200w, https:\/\/bas-tv.md\/wp-content\/uploads\/2023\/10\/img_1532-1980x1320.jpg 1980w\" sizes=\"(max-width: 2560px) 100vw, 2560px\" \/><\/a>\n\t\t\t<\/div>\n\t\t\t\t<figcaption class='wp-caption-text gallery-caption' id='gallery-1-103758'>\n\t\t\t\tBAStv\n\t\t\t\t<\/figcaption><\/figure>\n\t\t<\/div>\n\n<p><b>Abona\u021bi-v\u0103 la noi pe re\u021bele sociale:\u00a0<\/b><a href=\"https:\/\/t.me\/bastvmd\"><b><i>Telegram<\/i><\/b><\/a><b>,\u00a0<\/b><a href=\"https:\/\/www.youtube.com\/channel\/UC-9005PnLnhpNM8PVSjP2dQ\/featured\"><b><i>YouTube<\/i><\/b><\/a><b>,\u00a0<\/b><a href=\"https:\/\/www.facebook.com\/bastv.md\"><b><i>Facebook<\/i><\/b><\/a>\u00a0\u0219i\u00a0<a href=\"https:\/\/www.instagram.com\/bastv.md\/\"><b><i>Instagram<\/i><\/b><\/a><b>.\u00a0 Aici public\u0103m \u0219tiri pe scurt!<\/b><\/p>\n","protected":false},"excerpt":{"rendered":"<p>Pe 23 octombrie, concuren\u021bii electorali la func\u021bia de consilier \u00een Consilliul raional \u0219i redac\u021bia BAStv au fost invita\u021bi la Consiliul raional Basarabeasca pentru a semna Codul de conduit\u0103, privind desf\u0103\u015furarea \u015fi reflectarea campaniei electorale la alegerile locale generale din 5 noiembrie. \u00cen cadrul unei mese rotunde speciale partidele politice, blocurile electorale \u0219i candida\u021bii independen\u021bi la [&hellip;]<\/p>\n","protected":false},"author":3,"featured_media":103746,"comment_status":"open","ping_status":"open","sticky":false,"template":"","format":"standard","meta":{"footnotes":""},"categories":[602,1248,569],"tags":[],"class_list":["post-103733","post","type-post","status-publish","format-standard","has-post-thumbnail","hentry","category-actualitate","category-electorala-2023-ro","category-in-basarabeasca"],"yoast_head":"<!-- This site is optimized with the Yoast SEO plugin v27.5 - https:\/\/yoast.com\/product\/yoast-seo-wordpress\/ -->\n<title>(FOTO) Concuren\u021bii electorali \u0219i redac\u021bia BAStv au semnat Codul de Conduit\u0103. Ce obliga\u021bii \u0219i-au asumat - BasTV<\/title>\n<meta name=\"description\" content=\"Pe 23 octombrie, concuren\u021bii electorali la func\u021bia de consilier \u00een Consilliul raional \u0219i redac\u021bia BAStv au fost invita\u021bi la Consiliul raional Basarabeasca pentru a semna Codul de conduit\u0103, privind desf\u0103\u015furarea \u015fi reflectarea campaniei electorale la alegerile locale generale din 5 noiembrie.\" \/>\n<meta name=\"robots\" content=\"index, follow, max-snippet:-1, max-image-preview:large, max-video-preview:-1\" \/>\n<link rel=\"canonical\" href=\"https:\/\/bas-tv.md\/ro\/foto-concurentii-electorali-si-redactia-bastv-au-semnat-codul-de-conduita-ce-obligatii-si-au-asumat\/\" \/>\n<meta property=\"og:locale\" content=\"ro_RO\" \/>\n<meta property=\"og:type\" content=\"article\" \/>\n<meta property=\"og:title\" content=\"(FOTO) Concuren\u021bii electorali \u0219i redac\u021bia BAStv au semnat Codul de Conduit\u0103. Ce obliga\u021bii \u0219i-au asumat - BasTV\" \/>\n<meta property=\"og:description\" content=\"Pe 23 octombrie, concuren\u021bii electorali la func\u021bia de consilier \u00een Consilliul raional \u0219i redac\u021bia BAStv au fost invita\u021bi la Consiliul raional Basarabeasca pentru a semna Codul de conduit\u0103, privind desf\u0103\u015furarea \u015fi reflectarea campaniei electorale la alegerile locale generale din 5 noiembrie.\" \/>\n<meta property=\"og:url\" content=\"https:\/\/bas-tv.md\/ro\/foto-concurentii-electorali-si-redactia-bastv-au-semnat-codul-de-conduita-ce-obligatii-si-au-asumat\/\" \/>\n<meta property=\"og:site_name\" content=\"BasTV\" \/>\n<meta property=\"article:published_time\" content=\"2023-10-24T12:06:31+00:00\" \/>\n<meta property=\"og:image\" content=\"https:\/\/bas-tv.md\/wp-content\/uploads\/2023\/10\/img_1505-1-scaled.jpg\" \/>\n\t<meta property=\"og:image:width\" content=\"2560\" \/>\n\t<meta property=\"og:image:height\" content=\"1707\" \/>\n\t<meta property=\"og:image:type\" content=\"image\/jpeg\" \/>\n<meta name=\"author\" content=\"Redactor\" \/>\n<meta name=\"twitter:card\" content=\"summary_large_image\" \/>\n<meta name=\"twitter:label1\" content=\"Scris de\" \/>\n\t<meta name=\"twitter:data1\" content=\"Redactor\" \/>\n\t<meta name=\"twitter:label2\" content=\"Timp estimat pentru citire\" \/>\n\t<meta name=\"twitter:data2\" content=\"2 minute\" \/>\n<script type=\"application\/ld+json\" class=\"yoast-schema-graph\">{\"@context\":\"https:\\\/\\\/schema.org\",\"@graph\":[{\"@type\":\"Article\",\"@id\":\"https:\\\/\\\/bas-tv.md\\\/ro\\\/foto-concurentii-electorali-si-redactia-bastv-au-semnat-codul-de-conduita-ce-obligatii-si-au-asumat\\\/#article\",\"isPartOf\":{\"@id\":\"https:\\\/\\\/bas-tv.md\\\/ro\\\/foto-concurentii-electorali-si-redactia-bastv-au-semnat-codul-de-conduita-ce-obligatii-si-au-asumat\\\/\"},\"author\":{\"name\":\"Redactor\",\"@id\":\"https:\\\/\\\/bas-tv.md\\\/ro\\\/#\\\/schema\\\/person\\\/8740f45ea2eca1f1695284fc03529af0\"},\"headline\":\"(FOTO) Concuren\u021bii electorali \u0219i redac\u021bia BAStv au semnat Codul de Conduit\u0103. Ce obliga\u021bii \u0219i-au asumat\",\"datePublished\":\"2023-10-24T12:06:31+00:00\",\"mainEntityOfPage\":{\"@id\":\"https:\\\/\\\/bas-tv.md\\\/ro\\\/foto-concurentii-electorali-si-redactia-bastv-au-semnat-codul-de-conduita-ce-obligatii-si-au-asumat\\\/\"},\"wordCount\":246,\"commentCount\":0,\"publisher\":{\"@id\":\"https:\\\/\\\/bas-tv.md\\\/ro\\\/#organization\"},\"image\":{\"@id\":\"https:\\\/\\\/bas-tv.md\\\/ro\\\/foto-concurentii-electorali-si-redactia-bastv-au-semnat-codul-de-conduita-ce-obligatii-si-au-asumat\\\/#primaryimage\"},\"thumbnailUrl\":\"https:\\\/\\\/bas-tv.md\\\/wp-content\\\/uploads\\\/2023\\\/10\\\/img_1505-1-scaled.jpg\",\"articleSection\":[\"Actualitate\",\"Electorala-2023\",\"\u00cen Basarabeasca\"],\"inLanguage\":\"ro-RO\",\"potentialAction\":[{\"@type\":\"CommentAction\",\"name\":\"Comment\",\"target\":[\"https:\\\/\\\/bas-tv.md\\\/ro\\\/foto-concurentii-electorali-si-redactia-bastv-au-semnat-codul-de-conduita-ce-obligatii-si-au-asumat\\\/#respond\"]}]},{\"@type\":\"WebPage\",\"@id\":\"https:\\\/\\\/bas-tv.md\\\/ro\\\/foto-concurentii-electorali-si-redactia-bastv-au-semnat-codul-de-conduita-ce-obligatii-si-au-asumat\\\/\",\"url\":\"https:\\\/\\\/bas-tv.md\\\/ro\\\/foto-concurentii-electorali-si-redactia-bastv-au-semnat-codul-de-conduita-ce-obligatii-si-au-asumat\\\/\",\"name\":\"(FOTO) Concuren\u021bii electorali \u0219i redac\u021bia BAStv au semnat Codul de Conduit\u0103. Ce obliga\u021bii \u0219i-au asumat - BasTV\",\"isPartOf\":{\"@id\":\"https:\\\/\\\/bas-tv.md\\\/ro\\\/#website\"},\"primaryImageOfPage\":{\"@id\":\"https:\\\/\\\/bas-tv.md\\\/ro\\\/foto-concurentii-electorali-si-redactia-bastv-au-semnat-codul-de-conduita-ce-obligatii-si-au-asumat\\\/#primaryimage\"},\"image\":{\"@id\":\"https:\\\/\\\/bas-tv.md\\\/ro\\\/foto-concurentii-electorali-si-redactia-bastv-au-semnat-codul-de-conduita-ce-obligatii-si-au-asumat\\\/#primaryimage\"},\"thumbnailUrl\":\"https:\\\/\\\/bas-tv.md\\\/wp-content\\\/uploads\\\/2023\\\/10\\\/img_1505-1-scaled.jpg\",\"datePublished\":\"2023-10-24T12:06:31+00:00\",\"description\":\"Pe 23 octombrie, concuren\u021bii electorali la func\u021bia de consilier \u00een Consilliul raional \u0219i redac\u021bia BAStv au fost invita\u021bi la Consiliul raional Basarabeasca pentru a semna Codul de conduit\u0103, privind desf\u0103\u015furarea \u015fi reflectarea campaniei electorale la alegerile locale generale din 5 noiembrie.\",\"inLanguage\":\"ro-RO\",\"potentialAction\":[{\"@type\":\"ReadAction\",\"target\":[\"https:\\\/\\\/bas-tv.md\\\/ro\\\/foto-concurentii-electorali-si-redactia-bastv-au-semnat-codul-de-conduita-ce-obligatii-si-au-asumat\\\/\"]}]},{\"@type\":\"ImageObject\",\"inLanguage\":\"ro-RO\",\"@id\":\"https:\\\/\\\/bas-tv.md\\\/ro\\\/foto-concurentii-electorali-si-redactia-bastv-au-semnat-codul-de-conduita-ce-obligatii-si-au-asumat\\\/#primaryimage\",\"url\":\"https:\\\/\\\/bas-tv.md\\\/wp-content\\\/uploads\\\/2023\\\/10\\\/img_1505-1-scaled.jpg\",\"contentUrl\":\"https:\\\/\\\/bas-tv.md\\\/wp-content\\\/uploads\\\/2023\\\/10\\\/img_1505-1-scaled.jpg\",\"width\":2560,\"height\":1707,\"caption\":\"BAStv\"},{\"@type\":\"WebSite\",\"@id\":\"https:\\\/\\\/bas-tv.md\\\/ro\\\/#website\",\"url\":\"https:\\\/\\\/bas-tv.md\\\/ro\\\/\",\"name\":\"BasTV\",\"description\":\"Moldova\",\"publisher\":{\"@id\":\"https:\\\/\\\/bas-tv.md\\\/ro\\\/#organization\"},\"potentialAction\":[{\"@type\":\"SearchAction\",\"target\":{\"@type\":\"EntryPoint\",\"urlTemplate\":\"https:\\\/\\\/bas-tv.md\\\/ro\\\/?s={search_term_string}\"},\"query-input\":{\"@type\":\"PropertyValueSpecification\",\"valueRequired\":true,\"valueName\":\"search_term_string\"}}],\"inLanguage\":\"ro-RO\"},{\"@type\":\"Organization\",\"@id\":\"https:\\\/\\\/bas-tv.md\\\/ro\\\/#organization\",\"name\":\"BasTV\",\"url\":\"https:\\\/\\\/bas-tv.md\\\/ro\\\/\",\"logo\":{\"@type\":\"ImageObject\",\"inLanguage\":\"ro-RO\",\"@id\":\"https:\\\/\\\/bas-tv.md\\\/ro\\\/#\\\/schema\\\/logo\\\/image\\\/\",\"url\":\"https:\\\/\\\/bas-tv.md\\\/wp-content\\\/uploads\\\/2023\\\/05\\\/bas-tv-culoarea-rosie.png\",\"contentUrl\":\"https:\\\/\\\/bas-tv.md\\\/wp-content\\\/uploads\\\/2023\\\/05\\\/bas-tv-culoarea-rosie.png\",\"width\":202,\"height\":50,\"caption\":\"BasTV\"},\"image\":{\"@id\":\"https:\\\/\\\/bas-tv.md\\\/ro\\\/#\\\/schema\\\/logo\\\/image\\\/\"}},{\"@type\":\"Person\",\"@id\":\"https:\\\/\\\/bas-tv.md\\\/ro\\\/#\\\/schema\\\/person\\\/8740f45ea2eca1f1695284fc03529af0\",\"name\":\"Redactor\",\"image\":{\"@type\":\"ImageObject\",\"inLanguage\":\"ro-RO\",\"@id\":\"https:\\\/\\\/bas-tv.md\\\/wp-content\\\/litespeed\\\/avatar\\\/91c0586f3f6f4396a4ec1287c965eeeb.jpg?ver=1776950945\",\"url\":\"https:\\\/\\\/bas-tv.md\\\/wp-content\\\/litespeed\\\/avatar\\\/91c0586f3f6f4396a4ec1287c965eeeb.jpg?ver=1776950945\",\"contentUrl\":\"https:\\\/\\\/bas-tv.md\\\/wp-content\\\/litespeed\\\/avatar\\\/91c0586f3f6f4396a4ec1287c965eeeb.jpg?ver=1776950945\",\"caption\":\"Redactor\"},\"url\":\"https:\\\/\\\/bas-tv.md\\\/ro\\\/author\\\/redactor\\\/\"}]}<\/script>\n<!-- \/ Yoast SEO plugin. -->","yoast_head_json":{"title":"(FOTO) Concuren\u021bii electorali \u0219i redac\u021bia BAStv au semnat Codul de Conduit\u0103. Ce obliga\u021bii \u0219i-au asumat - BasTV","description":"Pe 23 octombrie, concuren\u021bii electorali la func\u021bia de consilier \u00een Consilliul raional \u0219i redac\u021bia BAStv au fost invita\u021bi la Consiliul raional Basarabeasca pentru a semna Codul de conduit\u0103, privind desf\u0103\u015furarea \u015fi reflectarea campaniei electorale la alegerile locale generale din 5 noiembrie.","robots":{"index":"index","follow":"follow","max-snippet":"max-snippet:-1","max-image-preview":"max-image-preview:large","max-video-preview":"max-video-preview:-1"},"canonical":"https:\/\/bas-tv.md\/ro\/foto-concurentii-electorali-si-redactia-bastv-au-semnat-codul-de-conduita-ce-obligatii-si-au-asumat\/","og_locale":"ro_RO","og_type":"article","og_title":"(FOTO) Concuren\u021bii electorali \u0219i redac\u021bia BAStv au semnat Codul de Conduit\u0103. Ce obliga\u021bii \u0219i-au asumat - BasTV","og_description":"Pe 23 octombrie, concuren\u021bii electorali la func\u021bia de consilier \u00een Consilliul raional \u0219i redac\u021bia BAStv au fost invita\u021bi la Consiliul raional Basarabeasca pentru a semna Codul de conduit\u0103, privind desf\u0103\u015furarea \u015fi reflectarea campaniei electorale la alegerile locale generale din 5 noiembrie.","og_url":"https:\/\/bas-tv.md\/ro\/foto-concurentii-electorali-si-redactia-bastv-au-semnat-codul-de-conduita-ce-obligatii-si-au-asumat\/","og_site_name":"BasTV","article_published_time":"2023-10-24T12:06:31+00:00","og_image":[{"width":2560,"height":1707,"url":"https:\/\/bas-tv.md\/wp-content\/uploads\/2023\/10\/img_1505-1-scaled.jpg","type":"image\/jpeg"}],"author":"Redactor","twitter_card":"summary_large_image","twitter_misc":{"Scris de":"Redactor","Timp estimat pentru citire":"2 minute"},"schema":{"@context":"https:\/\/schema.org","@graph":[{"@type":"Article","@id":"https:\/\/bas-tv.md\/ro\/foto-concurentii-electorali-si-redactia-bastv-au-semnat-codul-de-conduita-ce-obligatii-si-au-asumat\/#article","isPartOf":{"@id":"https:\/\/bas-tv.md\/ro\/foto-concurentii-electorali-si-redactia-bastv-au-semnat-codul-de-conduita-ce-obligatii-si-au-asumat\/"},"author":{"name":"Redactor","@id":"https:\/\/bas-tv.md\/ro\/#\/schema\/person\/8740f45ea2eca1f1695284fc03529af0"},"headline":"(FOTO) Concuren\u021bii electorali \u0219i redac\u021bia BAStv au semnat Codul de Conduit\u0103. Ce obliga\u021bii \u0219i-au asumat","datePublished":"2023-10-24T12:06:31+00:00","mainEntityOfPage":{"@id":"https:\/\/bas-tv.md\/ro\/foto-concurentii-electorali-si-redactia-bastv-au-semnat-codul-de-conduita-ce-obligatii-si-au-asumat\/"},"wordCount":246,"commentCount":0,"publisher":{"@id":"https:\/\/bas-tv.md\/ro\/#organization"},"image":{"@id":"https:\/\/bas-tv.md\/ro\/foto-concurentii-electorali-si-redactia-bastv-au-semnat-codul-de-conduita-ce-obligatii-si-au-asumat\/#primaryimage"},"thumbnailUrl":"https:\/\/bas-tv.md\/wp-content\/uploads\/2023\/10\/img_1505-1-scaled.jpg","articleSection":["Actualitate","Electorala-2023","\u00cen Basarabeasca"],"inLanguage":"ro-RO","potentialAction":[{"@type":"CommentAction","name":"Comment","target":["https:\/\/bas-tv.md\/ro\/foto-concurentii-electorali-si-redactia-bastv-au-semnat-codul-de-conduita-ce-obligatii-si-au-asumat\/#respond"]}]},{"@type":"WebPage","@id":"https:\/\/bas-tv.md\/ro\/foto-concurentii-electorali-si-redactia-bastv-au-semnat-codul-de-conduita-ce-obligatii-si-au-asumat\/","url":"https:\/\/bas-tv.md\/ro\/foto-concurentii-electorali-si-redactia-bastv-au-semnat-codul-de-conduita-ce-obligatii-si-au-asumat\/","name":"(FOTO) Concuren\u021bii electorali \u0219i redac\u021bia BAStv au semnat Codul de Conduit\u0103. Ce obliga\u021bii \u0219i-au asumat - BasTV","isPartOf":{"@id":"https:\/\/bas-tv.md\/ro\/#website"},"primaryImageOfPage":{"@id":"https:\/\/bas-tv.md\/ro\/foto-concurentii-electorali-si-redactia-bastv-au-semnat-codul-de-conduita-ce-obligatii-si-au-asumat\/#primaryimage"},"image":{"@id":"https:\/\/bas-tv.md\/ro\/foto-concurentii-electorali-si-redactia-bastv-au-semnat-codul-de-conduita-ce-obligatii-si-au-asumat\/#primaryimage"},"thumbnailUrl":"https:\/\/bas-tv.md\/wp-content\/uploads\/2023\/10\/img_1505-1-scaled.jpg","datePublished":"2023-10-24T12:06:31+00:00","description":"Pe 23 octombrie, concuren\u021bii electorali la func\u021bia de consilier \u00een Consilliul raional \u0219i redac\u021bia BAStv au fost invita\u021bi la Consiliul raional Basarabeasca pentru a semna Codul de conduit\u0103, privind desf\u0103\u015furarea \u015fi reflectarea campaniei electorale la alegerile locale generale din 5 noiembrie.","inLanguage":"ro-RO","potentialAction":[{"@type":"ReadAction","target":["https:\/\/bas-tv.md\/ro\/foto-concurentii-electorali-si-redactia-bastv-au-semnat-codul-de-conduita-ce-obligatii-si-au-asumat\/"]}]},{"@type":"ImageObject","inLanguage":"ro-RO","@id":"https:\/\/bas-tv.md\/ro\/foto-concurentii-electorali-si-redactia-bastv-au-semnat-codul-de-conduita-ce-obligatii-si-au-asumat\/#primaryimage","url":"https:\/\/bas-tv.md\/wp-content\/uploads\/2023\/10\/img_1505-1-scaled.jpg","contentUrl":"https:\/\/bas-tv.md\/wp-content\/uploads\/2023\/10\/img_1505-1-scaled.jpg","width":2560,"height":1707,"caption":"BAStv"},{"@type":"WebSite","@id":"https:\/\/bas-tv.md\/ro\/#website","url":"https:\/\/bas-tv.md\/ro\/","name":"BasTV","description":"Moldova","publisher":{"@id":"https:\/\/bas-tv.md\/ro\/#organization"},"potentialAction":[{"@type":"SearchAction","target":{"@type":"EntryPoint","urlTemplate":"https:\/\/bas-tv.md\/ro\/?s={search_term_string}"},"query-input":{"@type":"PropertyValueSpecification","valueRequired":true,"valueName":"search_term_string"}}],"inLanguage":"ro-RO"},{"@type":"Organization","@id":"https:\/\/bas-tv.md\/ro\/#organization","name":"BasTV","url":"https:\/\/bas-tv.md\/ro\/","logo":{"@type":"ImageObject","inLanguage":"ro-RO","@id":"https:\/\/bas-tv.md\/ro\/#\/schema\/logo\/image\/","url":"https:\/\/bas-tv.md\/wp-content\/uploads\/2023\/05\/bas-tv-culoarea-rosie.png","contentUrl":"https:\/\/bas-tv.md\/wp-content\/uploads\/2023\/05\/bas-tv-culoarea-rosie.png","width":202,"height":50,"caption":"BasTV"},"image":{"@id":"https:\/\/bas-tv.md\/ro\/#\/schema\/logo\/image\/"}},{"@type":"Person","@id":"https:\/\/bas-tv.md\/ro\/#\/schema\/person\/8740f45ea2eca1f1695284fc03529af0","name":"Redactor","image":{"@type":"ImageObject","inLanguage":"ro-RO","@id":"https:\/\/bas-tv.md\/wp-content\/litespeed\/avatar\/91c0586f3f6f4396a4ec1287c965eeeb.jpg?ver=1776950945","url":"https:\/\/bas-tv.md\/wp-content\/litespeed\/avatar\/91c0586f3f6f4396a4ec1287c965eeeb.jpg?ver=1776950945","contentUrl":"https:\/\/bas-tv.md\/wp-content\/litespeed\/avatar\/91c0586f3f6f4396a4ec1287c965eeeb.jpg?ver=1776950945","caption":"Redactor"},"url":"https:\/\/bas-tv.md\/ro\/author\/redactor\/"}]}},"views":453,"_links":{"self":[{"href":"https:\/\/bas-tv.md\/ro\/wp-json\/wp\/v2\/posts\/103733","targetHints":{"allow":["GET"]}}],"collection":[{"href":"https:\/\/bas-tv.md\/ro\/wp-json\/wp\/v2\/posts"}],"about":[{"href":"https:\/\/bas-tv.md\/ro\/wp-json\/wp\/v2\/types\/post"}],"author":[{"embeddable":true,"href":"https:\/\/bas-tv.md\/ro\/wp-json\/wp\/v2\/users\/3"}],"replies":[{"embeddable":true,"href":"https:\/\/bas-tv.md\/ro\/wp-json\/wp\/v2\/comments?post=103733"}],"version-history":[{"count":3,"href":"https:\/\/bas-tv.md\/ro\/wp-json\/wp\/v2\/posts\/103733\/revisions"}],"predecessor-version":[{"id":103761,"href":"https:\/\/bas-tv.md\/ro\/wp-json\/wp\/v2\/posts\/103733\/revisions\/103761"}],"wp:featuredmedia":[{"embeddable":true,"href":"https:\/\/bas-tv.md\/ro\/wp-json\/wp\/v2\/media\/103746"}],"wp:attachment":[{"href":"https:\/\/bas-tv.md\/ro\/wp-json\/wp\/v2\/media?parent=103733"}],"wp:term":[{"taxonomy":"category","embeddable":true,"href":"https:\/\/bas-tv.md\/ro\/wp-json\/wp\/v2\/categories?post=103733"},{"taxonomy":"post_tag","embeddable":true,"href":"https:\/\/bas-tv.md\/ro\/wp-json\/wp\/v2\/tags?post=103733"}],"curies":[{"name":"wp","href":"https:\/\/api.w.org\/{rel}","templated":true}]}}