{"id":103795,"date":"2023-10-25T11:12:55","date_gmt":"2023-10-25T08:12:55","guid":{"rendered":"https:\/\/bas-tv.md\/?p=103795"},"modified":"2023-10-25T11:12:55","modified_gmt":"2023-10-25T08:12:55","slug":"alegeri-locale-2023-la-ce-sectie-aveti-dreptul-sa-votati-si-cu-ce-acte-de-indentitate","status":"publish","type":"post","link":"https:\/\/bas-tv.md\/ro\/alegeri-locale-2023-la-ce-sectie-aveti-dreptul-sa-votati-si-cu-ce-acte-de-indentitate\/","title":{"rendered":"Alegeri locale 2023: la ce sec\u021bie ave\u021bi dreptul s\u0103 vota\u021bi \u0219i cu ce acte de indentitate"},"content":{"rendered":"<p><strong>La alegerile din 5 noiembrie, cet\u0103\u021benii moldoveni cu domiciliul \u00een \u021bar\u0103 pot verifica on-line la ce sec\u021bie de votare sunt inclu\u0219i \u00een lista electoral\u0103 de baz\u0103. La scrutin au dreptul s\u0103 participe toate persoanele care au \u00eemplinit v\u00e2rsta de 18 ani, inclusiv \u00een ziua alegerilor locale generale.\u00a0 Cu excep\u021bia persoanelor private de acest drept prin hot\u0103r\u00e2rea judec\u0103toreasc\u0103 de instituire a m\u0103surii de ocrotire judiciar\u0103.<\/strong><\/p>\n<h3>Cum pute\u021bi afla la ce sec\u021bie ave\u021bi dreptul s\u0103 vota\u021bi?<\/h3>\n<p>Potrivit Comisiei Electorale Centrale (CEC), pentru a verifica on-line la ce sec\u021bie de votare sunte\u021bi inclusi \u00een lista electoral\u0103 de baz\u0103, intra\u021bi pe pagina web oficial\u0103 a Comisiei (www.cec.md), face\u021bi click pe \u201eRegistrul de Stat al Aleg\u0103torilor\u201d, introduce\u021bi-v\u0103 IDNP-ul, bifa\u021bi c\u0103su\u021ba pentru a confirma c\u0103 nu sunte\u021bi robot \u015fi va ap\u0103rea num\u0103rul sec\u021biei de votare, adresa sediului \u015fi num\u0103rul de telefon fix.<\/p>\n<p>Tot pentru a afla la ce sec\u021bie ve\u021bi vota, intra\u021bi pe pagina web oficial\u0103 a Comisiei (www.cec.md), face\u021bi click pe \u201eRegistrul de Stat al Aleg\u0103torilor\u201d, sau intra\u021bi pe pagina www.verifica.cec.md, ap\u0103sa\u021bi pe \u201eAfl\u0103 unde s\u0103 votezi\u201d, selecta\u021bi adresa de domiciliu \u015fi va ap\u0103rea aceea\u015fi informa\u021bie despre sec\u021bia de votare asociat\u0103 adresei.<\/p>\n<blockquote><p>,,Dac\u0103 v\u0103 prezenta\u021bi la sec\u021bia de votare, \u00eens\u0103 constata\u021bi c\u0103 a\u021bi fost omis din lista electoral\u0103 de baz\u0103, face\u021bi dovada cu buletinul de identitate \u015fi fi\u015fa de \u00eenso\u021bire c\u0103 domicilia\u021bi \u00een raza teritorial\u0103 a sec\u021biei de votare respective, iar domiciliul nu a fost schimbat dup\u0103 data de 5 august 2023\u201d, a precizat CEC.<\/p><\/blockquote>\n<h3><strong>\u00cen baza c\u0103ror acte de identitate pute\u021bi vota la alegerile locale generale?<\/strong><\/h3>\n<p>La alegerile locale generale pute\u021bi vota cu:<\/p>\n<ul>\n<li>buletinul de identitate al cet\u0103\u021beanului Republicii Moldova, care confirm\u0103 domiciliul sau re\u015fedin\u021ba temporar\u0103 a aleg\u0103torului pe teritoriul sec\u021biei de votare;<\/li>\n<li>buletinul de identitate provizoriu cu men\u021biunile privin cet\u0103\u021benia Republicii Moldova, domiciliul sau re\u015fedin\u021ba temporar\u0103 a titularului;<\/li>\n<li>pa\u015faportul cet\u0103\u021beanului Republicii Moldova, inclusiv cu termen de valabilitate expirat.<\/li>\n<\/ul>\n<p><b>Abona\u021bi-v\u0103 la noi pe re\u021bele sociale:\u00a0<\/b><a href=\"https:\/\/t.me\/bastvmd\"><b><i>Telegram<\/i><\/b><\/a><b>,\u00a0<\/b><a href=\"https:\/\/www.youtube.com\/channel\/UC-9005PnLnhpNM8PVSjP2dQ\/featured\"><b><i>YouTube<\/i><\/b><\/a><b>,\u00a0<\/b><a href=\"https:\/\/www.facebook.com\/bastv.md\"><b><i>Facebook<\/i><\/b><\/a>\u00a0\u0219i\u00a0<a href=\"https:\/\/www.instagram.com\/bastv.md\/\"><b><i>Instagram<\/i><\/b><\/a><b>.\u00a0 Aici public\u0103m \u0219tiri pe scurt!<\/b><\/p>\n","protected":false},"excerpt":{"rendered":"<p>La alegerile din 5 noiembrie, cet\u0103\u021benii moldoveni cu domiciliul \u00een \u021bar\u0103 pot verifica on-line la ce sec\u021bie de votare sunt inclu\u0219i \u00een lista electoral\u0103 de baz\u0103. La scrutin au dreptul s\u0103 participe toate persoanele care au \u00eemplinit v\u00e2rsta de 18 ani, inclusiv \u00een ziua alegerilor locale generale.\u00a0 Cu excep\u021bia persoanelor private de acest drept prin [&hellip;]<\/p>\n","protected":false},"author":3,"featured_media":103798,"comment_status":"open","ping_status":"open","sticky":false,"template":"","format":"standard","meta":{"footnotes":""},"categories":[1248,576,574],"tags":[],"class_list":["post-103795","post","type-post","status-publish","format-standard","has-post-thumbnail","hentry","category-electorala-2023-ro","category-instructiuni","category-util"],"yoast_head":"<!-- This site is optimized with the Yoast SEO plugin v27.5 - https:\/\/yoast.com\/product\/yoast-seo-wordpress\/ -->\n<title>Alegeri locale 2023: la ce sec\u021bie ave\u021bi dreptul s\u0103 vota\u021bi \u0219i cu ce acte de indentitate - BasTV<\/title>\n<meta name=\"description\" content=\"La alegerile din 5 noiembrie, cet\u0103\u021benii moldoveni cu domiciliul \u00een \u021bar\u0103 pot verifica on-line la ce sec\u021bie de votare sunt inclu\u0219i \u00een lista electoral\u0103 de baz\u0103. La scrutin au dreptul s\u0103 participe toate persoanele care au \u00eemplinit v\u00e2rsta de 18 ani, inclusiv \u00een ziua alegerilor locale generale.\u00a0 Cu excep\u021bia persoanelor private de acest drept prin hot\u0103r\u00e2rea judec\u0103toreasc\u0103 de instituire a m\u0103surii de ocrotire judiciar\u0103.\" \/>\n<meta name=\"robots\" content=\"index, follow, max-snippet:-1, max-image-preview:large, max-video-preview:-1\" \/>\n<link rel=\"canonical\" href=\"https:\/\/bas-tv.md\/ro\/alegeri-locale-2023-la-ce-sectie-aveti-dreptul-sa-votati-si-cu-ce-acte-de-indentitate\/\" \/>\n<meta property=\"og:locale\" content=\"ro_RO\" \/>\n<meta property=\"og:type\" content=\"article\" \/>\n<meta property=\"og:title\" content=\"Alegeri locale 2023: la ce sec\u021bie ave\u021bi dreptul s\u0103 vota\u021bi \u0219i cu ce acte de indentitate - BasTV\" \/>\n<meta property=\"og:description\" content=\"La alegerile din 5 noiembrie, cet\u0103\u021benii moldoveni cu domiciliul \u00een \u021bar\u0103 pot verifica on-line la ce sec\u021bie de votare sunt inclu\u0219i \u00een lista electoral\u0103 de baz\u0103. La scrutin au dreptul s\u0103 participe toate persoanele care au \u00eemplinit v\u00e2rsta de 18 ani, inclusiv \u00een ziua alegerilor locale generale.\u00a0 Cu excep\u021bia persoanelor private de acest drept prin hot\u0103r\u00e2rea judec\u0103toreasc\u0103 de instituire a m\u0103surii de ocrotire judiciar\u0103.\" \/>\n<meta property=\"og:url\" content=\"https:\/\/bas-tv.md\/ro\/alegeri-locale-2023-la-ce-sectie-aveti-dreptul-sa-votati-si-cu-ce-acte-de-indentitate\/\" \/>\n<meta property=\"og:site_name\" content=\"BasTV\" \/>\n<meta property=\"article:published_time\" content=\"2023-10-25T08:12:55+00:00\" \/>\n<meta property=\"og:image\" content=\"https:\/\/bas-tv.md\/wp-content\/uploads\/2023\/10\/1077245__5f9c3949c7f3c.jpg\" \/>\n\t<meta property=\"og:image:width\" content=\"750\" \/>\n\t<meta property=\"og:image:height\" content=\"481\" \/>\n\t<meta property=\"og:image:type\" content=\"image\/jpeg\" \/>\n<meta name=\"author\" content=\"Redactor\" \/>\n<meta name=\"twitter:card\" content=\"summary_large_image\" \/>\n<meta name=\"twitter:label1\" content=\"Scris de\" \/>\n\t<meta name=\"twitter:data1\" content=\"Redactor\" \/>\n\t<meta name=\"twitter:label2\" content=\"Timp estimat pentru citire\" \/>\n\t<meta name=\"twitter:data2\" content=\"2 minute\" \/>\n<script type=\"application\/ld+json\" class=\"yoast-schema-graph\">{\"@context\":\"https:\\\/\\\/schema.org\",\"@graph\":[{\"@type\":\"Article\",\"@id\":\"https:\\\/\\\/bas-tv.md\\\/ro\\\/alegeri-locale-2023-la-ce-sectie-aveti-dreptul-sa-votati-si-cu-ce-acte-de-indentitate\\\/#article\",\"isPartOf\":{\"@id\":\"https:\\\/\\\/bas-tv.md\\\/ro\\\/alegeri-locale-2023-la-ce-sectie-aveti-dreptul-sa-votati-si-cu-ce-acte-de-indentitate\\\/\"},\"author\":{\"name\":\"Redactor\",\"@id\":\"https:\\\/\\\/bas-tv.md\\\/ro\\\/#\\\/schema\\\/person\\\/8740f45ea2eca1f1695284fc03529af0\"},\"headline\":\"Alegeri locale 2023: la ce sec\u021bie ave\u021bi dreptul s\u0103 vota\u021bi \u0219i cu ce acte de indentitate\",\"datePublished\":\"2023-10-25T08:12:55+00:00\",\"mainEntityOfPage\":{\"@id\":\"https:\\\/\\\/bas-tv.md\\\/ro\\\/alegeri-locale-2023-la-ce-sectie-aveti-dreptul-sa-votati-si-cu-ce-acte-de-indentitate\\\/\"},\"wordCount\":408,\"commentCount\":0,\"publisher\":{\"@id\":\"https:\\\/\\\/bas-tv.md\\\/ro\\\/#organization\"},\"image\":{\"@id\":\"https:\\\/\\\/bas-tv.md\\\/ro\\\/alegeri-locale-2023-la-ce-sectie-aveti-dreptul-sa-votati-si-cu-ce-acte-de-indentitate\\\/#primaryimage\"},\"thumbnailUrl\":\"https:\\\/\\\/bas-tv.md\\\/wp-content\\\/uploads\\\/2023\\\/10\\\/1077245__5f9c3949c7f3c.jpg\",\"articleSection\":[\"Electorala-2023\",\"Instruc\u021biuni\",\"Util\"],\"inLanguage\":\"ro-RO\",\"potentialAction\":[{\"@type\":\"CommentAction\",\"name\":\"Comment\",\"target\":[\"https:\\\/\\\/bas-tv.md\\\/ro\\\/alegeri-locale-2023-la-ce-sectie-aveti-dreptul-sa-votati-si-cu-ce-acte-de-indentitate\\\/#respond\"]}]},{\"@type\":\"WebPage\",\"@id\":\"https:\\\/\\\/bas-tv.md\\\/ro\\\/alegeri-locale-2023-la-ce-sectie-aveti-dreptul-sa-votati-si-cu-ce-acte-de-indentitate\\\/\",\"url\":\"https:\\\/\\\/bas-tv.md\\\/ro\\\/alegeri-locale-2023-la-ce-sectie-aveti-dreptul-sa-votati-si-cu-ce-acte-de-indentitate\\\/\",\"name\":\"Alegeri locale 2023: la ce sec\u021bie ave\u021bi dreptul s\u0103 vota\u021bi \u0219i cu ce acte de indentitate - BasTV\",\"isPartOf\":{\"@id\":\"https:\\\/\\\/bas-tv.md\\\/ro\\\/#website\"},\"primaryImageOfPage\":{\"@id\":\"https:\\\/\\\/bas-tv.md\\\/ro\\\/alegeri-locale-2023-la-ce-sectie-aveti-dreptul-sa-votati-si-cu-ce-acte-de-indentitate\\\/#primaryimage\"},\"image\":{\"@id\":\"https:\\\/\\\/bas-tv.md\\\/ro\\\/alegeri-locale-2023-la-ce-sectie-aveti-dreptul-sa-votati-si-cu-ce-acte-de-indentitate\\\/#primaryimage\"},\"thumbnailUrl\":\"https:\\\/\\\/bas-tv.md\\\/wp-content\\\/uploads\\\/2023\\\/10\\\/1077245__5f9c3949c7f3c.jpg\",\"datePublished\":\"2023-10-25T08:12:55+00:00\",\"description\":\"La alegerile din 5 noiembrie, cet\u0103\u021benii moldoveni cu domiciliul \u00een \u021bar\u0103 pot verifica on-line la ce sec\u021bie de votare sunt inclu\u0219i \u00een lista electoral\u0103 de baz\u0103. La scrutin au dreptul s\u0103 participe toate persoanele care au \u00eemplinit v\u00e2rsta de 18 ani, inclusiv \u00een ziua alegerilor locale generale.\u00a0 Cu excep\u021bia persoanelor private de acest drept prin hot\u0103r\u00e2rea judec\u0103toreasc\u0103 de instituire a m\u0103surii de ocrotire judiciar\u0103.\",\"inLanguage\":\"ro-RO\",\"potentialAction\":[{\"@type\":\"ReadAction\",\"target\":[\"https:\\\/\\\/bas-tv.md\\\/ro\\\/alegeri-locale-2023-la-ce-sectie-aveti-dreptul-sa-votati-si-cu-ce-acte-de-indentitate\\\/\"]}]},{\"@type\":\"ImageObject\",\"inLanguage\":\"ro-RO\",\"@id\":\"https:\\\/\\\/bas-tv.md\\\/ro\\\/alegeri-locale-2023-la-ce-sectie-aveti-dreptul-sa-votati-si-cu-ce-acte-de-indentitate\\\/#primaryimage\",\"url\":\"https:\\\/\\\/bas-tv.md\\\/wp-content\\\/uploads\\\/2023\\\/10\\\/1077245__5f9c3949c7f3c.jpg\",\"contentUrl\":\"https:\\\/\\\/bas-tv.md\\\/wp-content\\\/uploads\\\/2023\\\/10\\\/1077245__5f9c3949c7f3c.jpg\",\"width\":750,\"height\":481,\"caption\":\"ipn.md\"},{\"@type\":\"WebSite\",\"@id\":\"https:\\\/\\\/bas-tv.md\\\/ro\\\/#website\",\"url\":\"https:\\\/\\\/bas-tv.md\\\/ro\\\/\",\"name\":\"BasTV\",\"description\":\"Moldova\",\"publisher\":{\"@id\":\"https:\\\/\\\/bas-tv.md\\\/ro\\\/#organization\"},\"potentialAction\":[{\"@type\":\"SearchAction\",\"target\":{\"@type\":\"EntryPoint\",\"urlTemplate\":\"https:\\\/\\\/bas-tv.md\\\/ro\\\/?s={search_term_string}\"},\"query-input\":{\"@type\":\"PropertyValueSpecification\",\"valueRequired\":true,\"valueName\":\"search_term_string\"}}],\"inLanguage\":\"ro-RO\"},{\"@type\":\"Organization\",\"@id\":\"https:\\\/\\\/bas-tv.md\\\/ro\\\/#organization\",\"name\":\"BasTV\",\"url\":\"https:\\\/\\\/bas-tv.md\\\/ro\\\/\",\"logo\":{\"@type\":\"ImageObject\",\"inLanguage\":\"ro-RO\",\"@id\":\"https:\\\/\\\/bas-tv.md\\\/ro\\\/#\\\/schema\\\/logo\\\/image\\\/\",\"url\":\"https:\\\/\\\/bas-tv.md\\\/wp-content\\\/uploads\\\/2023\\\/05\\\/bas-tv-culoarea-rosie.png\",\"contentUrl\":\"https:\\\/\\\/bas-tv.md\\\/wp-content\\\/uploads\\\/2023\\\/05\\\/bas-tv-culoarea-rosie.png\",\"width\":202,\"height\":50,\"caption\":\"BasTV\"},\"image\":{\"@id\":\"https:\\\/\\\/bas-tv.md\\\/ro\\\/#\\\/schema\\\/logo\\\/image\\\/\"}},{\"@type\":\"Person\",\"@id\":\"https:\\\/\\\/bas-tv.md\\\/ro\\\/#\\\/schema\\\/person\\\/8740f45ea2eca1f1695284fc03529af0\",\"name\":\"Redactor\",\"image\":{\"@type\":\"ImageObject\",\"inLanguage\":\"ro-RO\",\"@id\":\"https:\\\/\\\/bas-tv.md\\\/wp-content\\\/litespeed\\\/avatar\\\/91c0586f3f6f4396a4ec1287c965eeeb.jpg?ver=1776950945\",\"url\":\"https:\\\/\\\/bas-tv.md\\\/wp-content\\\/litespeed\\\/avatar\\\/91c0586f3f6f4396a4ec1287c965eeeb.jpg?ver=1776950945\",\"contentUrl\":\"https:\\\/\\\/bas-tv.md\\\/wp-content\\\/litespeed\\\/avatar\\\/91c0586f3f6f4396a4ec1287c965eeeb.jpg?ver=1776950945\",\"caption\":\"Redactor\"},\"url\":\"https:\\\/\\\/bas-tv.md\\\/ro\\\/author\\\/redactor\\\/\"}]}<\/script>\n<!-- \/ Yoast SEO plugin. -->","yoast_head_json":{"title":"Alegeri locale 2023: la ce sec\u021bie ave\u021bi dreptul s\u0103 vota\u021bi \u0219i cu ce acte de indentitate - BasTV","description":"La alegerile din 5 noiembrie, cet\u0103\u021benii moldoveni cu domiciliul \u00een \u021bar\u0103 pot verifica on-line la ce sec\u021bie de votare sunt inclu\u0219i \u00een lista electoral\u0103 de baz\u0103. La scrutin au dreptul s\u0103 participe toate persoanele care au \u00eemplinit v\u00e2rsta de 18 ani, inclusiv \u00een ziua alegerilor locale generale.\u00a0 Cu excep\u021bia persoanelor private de acest drept prin hot\u0103r\u00e2rea judec\u0103toreasc\u0103 de instituire a m\u0103surii de ocrotire judiciar\u0103.","robots":{"index":"index","follow":"follow","max-snippet":"max-snippet:-1","max-image-preview":"max-image-preview:large","max-video-preview":"max-video-preview:-1"},"canonical":"https:\/\/bas-tv.md\/ro\/alegeri-locale-2023-la-ce-sectie-aveti-dreptul-sa-votati-si-cu-ce-acte-de-indentitate\/","og_locale":"ro_RO","og_type":"article","og_title":"Alegeri locale 2023: la ce sec\u021bie ave\u021bi dreptul s\u0103 vota\u021bi \u0219i cu ce acte de indentitate - BasTV","og_description":"La alegerile din 5 noiembrie, cet\u0103\u021benii moldoveni cu domiciliul \u00een \u021bar\u0103 pot verifica on-line la ce sec\u021bie de votare sunt inclu\u0219i \u00een lista electoral\u0103 de baz\u0103. La scrutin au dreptul s\u0103 participe toate persoanele care au \u00eemplinit v\u00e2rsta de 18 ani, inclusiv \u00een ziua alegerilor locale generale.\u00a0 Cu excep\u021bia persoanelor private de acest drept prin hot\u0103r\u00e2rea judec\u0103toreasc\u0103 de instituire a m\u0103surii de ocrotire judiciar\u0103.","og_url":"https:\/\/bas-tv.md\/ro\/alegeri-locale-2023-la-ce-sectie-aveti-dreptul-sa-votati-si-cu-ce-acte-de-indentitate\/","og_site_name":"BasTV","article_published_time":"2023-10-25T08:12:55+00:00","og_image":[{"width":750,"height":481,"url":"https:\/\/bas-tv.md\/wp-content\/uploads\/2023\/10\/1077245__5f9c3949c7f3c.jpg","type":"image\/jpeg"}],"author":"Redactor","twitter_card":"summary_large_image","twitter_misc":{"Scris de":"Redactor","Timp estimat pentru citire":"2 minute"},"schema":{"@context":"https:\/\/schema.org","@graph":[{"@type":"Article","@id":"https:\/\/bas-tv.md\/ro\/alegeri-locale-2023-la-ce-sectie-aveti-dreptul-sa-votati-si-cu-ce-acte-de-indentitate\/#article","isPartOf":{"@id":"https:\/\/bas-tv.md\/ro\/alegeri-locale-2023-la-ce-sectie-aveti-dreptul-sa-votati-si-cu-ce-acte-de-indentitate\/"},"author":{"name":"Redactor","@id":"https:\/\/bas-tv.md\/ro\/#\/schema\/person\/8740f45ea2eca1f1695284fc03529af0"},"headline":"Alegeri locale 2023: la ce sec\u021bie ave\u021bi dreptul s\u0103 vota\u021bi \u0219i cu ce acte de indentitate","datePublished":"2023-10-25T08:12:55+00:00","mainEntityOfPage":{"@id":"https:\/\/bas-tv.md\/ro\/alegeri-locale-2023-la-ce-sectie-aveti-dreptul-sa-votati-si-cu-ce-acte-de-indentitate\/"},"wordCount":408,"commentCount":0,"publisher":{"@id":"https:\/\/bas-tv.md\/ro\/#organization"},"image":{"@id":"https:\/\/bas-tv.md\/ro\/alegeri-locale-2023-la-ce-sectie-aveti-dreptul-sa-votati-si-cu-ce-acte-de-indentitate\/#primaryimage"},"thumbnailUrl":"https:\/\/bas-tv.md\/wp-content\/uploads\/2023\/10\/1077245__5f9c3949c7f3c.jpg","articleSection":["Electorala-2023","Instruc\u021biuni","Util"],"inLanguage":"ro-RO","potentialAction":[{"@type":"CommentAction","name":"Comment","target":["https:\/\/bas-tv.md\/ro\/alegeri-locale-2023-la-ce-sectie-aveti-dreptul-sa-votati-si-cu-ce-acte-de-indentitate\/#respond"]}]},{"@type":"WebPage","@id":"https:\/\/bas-tv.md\/ro\/alegeri-locale-2023-la-ce-sectie-aveti-dreptul-sa-votati-si-cu-ce-acte-de-indentitate\/","url":"https:\/\/bas-tv.md\/ro\/alegeri-locale-2023-la-ce-sectie-aveti-dreptul-sa-votati-si-cu-ce-acte-de-indentitate\/","name":"Alegeri locale 2023: la ce sec\u021bie ave\u021bi dreptul s\u0103 vota\u021bi \u0219i cu ce acte de indentitate - BasTV","isPartOf":{"@id":"https:\/\/bas-tv.md\/ro\/#website"},"primaryImageOfPage":{"@id":"https:\/\/bas-tv.md\/ro\/alegeri-locale-2023-la-ce-sectie-aveti-dreptul-sa-votati-si-cu-ce-acte-de-indentitate\/#primaryimage"},"image":{"@id":"https:\/\/bas-tv.md\/ro\/alegeri-locale-2023-la-ce-sectie-aveti-dreptul-sa-votati-si-cu-ce-acte-de-indentitate\/#primaryimage"},"thumbnailUrl":"https:\/\/bas-tv.md\/wp-content\/uploads\/2023\/10\/1077245__5f9c3949c7f3c.jpg","datePublished":"2023-10-25T08:12:55+00:00","description":"La alegerile din 5 noiembrie, cet\u0103\u021benii moldoveni cu domiciliul \u00een \u021bar\u0103 pot verifica on-line la ce sec\u021bie de votare sunt inclu\u0219i \u00een lista electoral\u0103 de baz\u0103. La scrutin au dreptul s\u0103 participe toate persoanele care au \u00eemplinit v\u00e2rsta de 18 ani, inclusiv \u00een ziua alegerilor locale generale.\u00a0 Cu excep\u021bia persoanelor private de acest drept prin hot\u0103r\u00e2rea judec\u0103toreasc\u0103 de instituire a m\u0103surii de ocrotire judiciar\u0103.","inLanguage":"ro-RO","potentialAction":[{"@type":"ReadAction","target":["https:\/\/bas-tv.md\/ro\/alegeri-locale-2023-la-ce-sectie-aveti-dreptul-sa-votati-si-cu-ce-acte-de-indentitate\/"]}]},{"@type":"ImageObject","inLanguage":"ro-RO","@id":"https:\/\/bas-tv.md\/ro\/alegeri-locale-2023-la-ce-sectie-aveti-dreptul-sa-votati-si-cu-ce-acte-de-indentitate\/#primaryimage","url":"https:\/\/bas-tv.md\/wp-content\/uploads\/2023\/10\/1077245__5f9c3949c7f3c.jpg","contentUrl":"https:\/\/bas-tv.md\/wp-content\/uploads\/2023\/10\/1077245__5f9c3949c7f3c.jpg","width":750,"height":481,"caption":"ipn.md"},{"@type":"WebSite","@id":"https:\/\/bas-tv.md\/ro\/#website","url":"https:\/\/bas-tv.md\/ro\/","name":"BasTV","description":"Moldova","publisher":{"@id":"https:\/\/bas-tv.md\/ro\/#organization"},"potentialAction":[{"@type":"SearchAction","target":{"@type":"EntryPoint","urlTemplate":"https:\/\/bas-tv.md\/ro\/?s={search_term_string}"},"query-input":{"@type":"PropertyValueSpecification","valueRequired":true,"valueName":"search_term_string"}}],"inLanguage":"ro-RO"},{"@type":"Organization","@id":"https:\/\/bas-tv.md\/ro\/#organization","name":"BasTV","url":"https:\/\/bas-tv.md\/ro\/","logo":{"@type":"ImageObject","inLanguage":"ro-RO","@id":"https:\/\/bas-tv.md\/ro\/#\/schema\/logo\/image\/","url":"https:\/\/bas-tv.md\/wp-content\/uploads\/2023\/05\/bas-tv-culoarea-rosie.png","contentUrl":"https:\/\/bas-tv.md\/wp-content\/uploads\/2023\/05\/bas-tv-culoarea-rosie.png","width":202,"height":50,"caption":"BasTV"},"image":{"@id":"https:\/\/bas-tv.md\/ro\/#\/schema\/logo\/image\/"}},{"@type":"Person","@id":"https:\/\/bas-tv.md\/ro\/#\/schema\/person\/8740f45ea2eca1f1695284fc03529af0","name":"Redactor","image":{"@type":"ImageObject","inLanguage":"ro-RO","@id":"https:\/\/bas-tv.md\/wp-content\/litespeed\/avatar\/91c0586f3f6f4396a4ec1287c965eeeb.jpg?ver=1776950945","url":"https:\/\/bas-tv.md\/wp-content\/litespeed\/avatar\/91c0586f3f6f4396a4ec1287c965eeeb.jpg?ver=1776950945","contentUrl":"https:\/\/bas-tv.md\/wp-content\/litespeed\/avatar\/91c0586f3f6f4396a4ec1287c965eeeb.jpg?ver=1776950945","caption":"Redactor"},"url":"https:\/\/bas-tv.md\/ro\/author\/redactor\/"}]}},"views":553,"_links":{"self":[{"href":"https:\/\/bas-tv.md\/ro\/wp-json\/wp\/v2\/posts\/103795","targetHints":{"allow":["GET"]}}],"collection":[{"href":"https:\/\/bas-tv.md\/ro\/wp-json\/wp\/v2\/posts"}],"about":[{"href":"https:\/\/bas-tv.md\/ro\/wp-json\/wp\/v2\/types\/post"}],"author":[{"embeddable":true,"href":"https:\/\/bas-tv.md\/ro\/wp-json\/wp\/v2\/users\/3"}],"replies":[{"embeddable":true,"href":"https:\/\/bas-tv.md\/ro\/wp-json\/wp\/v2\/comments?post=103795"}],"version-history":[{"count":2,"href":"https:\/\/bas-tv.md\/ro\/wp-json\/wp\/v2\/posts\/103795\/revisions"}],"predecessor-version":[{"id":103800,"href":"https:\/\/bas-tv.md\/ro\/wp-json\/wp\/v2\/posts\/103795\/revisions\/103800"}],"wp:featuredmedia":[{"embeddable":true,"href":"https:\/\/bas-tv.md\/ro\/wp-json\/wp\/v2\/media\/103798"}],"wp:attachment":[{"href":"https:\/\/bas-tv.md\/ro\/wp-json\/wp\/v2\/media?parent=103795"}],"wp:term":[{"taxonomy":"category","embeddable":true,"href":"https:\/\/bas-tv.md\/ro\/wp-json\/wp\/v2\/categories?post=103795"},{"taxonomy":"post_tag","embeddable":true,"href":"https:\/\/bas-tv.md\/ro\/wp-json\/wp\/v2\/tags?post=103795"}],"curies":[{"name":"wp","href":"https:\/\/api.w.org\/{rel}","templated":true}]}}