{"id":104407,"date":"2023-11-02T14:55:47","date_gmt":"2023-11-02T12:55:47","guid":{"rendered":"https:\/\/bas-tv.md\/?p=104407"},"modified":"2023-11-02T14:54:56","modified_gmt":"2023-11-02T12:54:56","slug":"cec-toate-sectiile-de-votare-vor-fi-supravegheate-video-la-alegerile-din-5-noiembrie","status":"publish","type":"post","link":"https:\/\/bas-tv.md\/ro\/cec-toate-sectiile-de-votare-vor-fi-supravegheate-video-la-alegerile-din-5-noiembrie\/","title":{"rendered":"CEC: toate sec\u021biile de votare vor fi supravegheate video la alegerile din 5 noiembrie"},"content":{"rendered":"<p style=\"font-weight: 400;\"><strong>Comisia Electoral\u0103 Central\u0103 (CEC) anun\u021b\u0103 c\u0103 \u0219i \u00een cadrul alegerilor locale generale de duminic\u0103, 5 noiembrie 2023, \u00een sec\u021biile de votare va func\u021biona Sistemul de \u00eenregistrare video.<\/strong><\/p>\n<p style=\"font-weight: 400;\">Potrivit CEC, acest sistem nu are conexiune la re\u021beaua internet, este func\u021bional \u0219i activ doar \u00een ziua vot\u0103rii, va fi pornit \u00een momentul demar\u0103rii opera\u021biunilor electorale preparatorii privind deschiderea sec\u021biei de votare (sigilarea urnelor de vot, verificarea existen\u021bei listelor electorale, buletinelor de vot, \u0219tampilelor) \u0219i oprit p\u00e2n\u0103 la intrarea \u00een sec\u021bia de vot a primului aleg\u0103tor. Ulterior, va fi repornit \u00een momentul \u00een care se va \u00eencheia procesul de votare \u0219i va r\u0103m\u00e2ne \u00een func\u021biune pe parcursul num\u0103r\u0103rii \u0219i totaliz\u0103rii voturilor, dup\u0103 care va fi \u00eenchis.<\/p>\n<p style=\"font-weight: 400;\">Acest sistem reprezint\u0103 o m\u0103sur\u0103 suplimentar\u0103 de securizare \u0219i asigurare a transparen\u021bei procesului de votare, a opera\u021biunilor electorale din ziua alegerilor, inclusiv \u00eempotriva eventualelor fraude electorale. Totodat\u0103, sistemul nu va fi utilizat \u00een cadrul vot\u0103rii cu urna mobil\u0103.<\/p>\n<p style=\"font-weight: 400;\">Comisia reitereaz\u0103 c\u0103 montarea camerelor video \u00een sec\u021biile de votare nu va compromite secretul votului. Imaginile nu vor fi transmise online, ci stocate pe un dispozitiv aparte, exclusiv \u00een cazul unor eventuale litigii electorale, acestea vor putea fi utilizate \u00een calitate de dovezi pentru examinarea \u0219i solu\u021bionarea lor.<\/p>\n<p><b>Abona\u021bi-v\u0103 la noi pe re\u021bele sociale:\u00a0<\/b><a href=\"https:\/\/t.me\/bastvmd\"><b><i>Telegram<\/i><\/b><\/a><b>,\u00a0<\/b><a href=\"https:\/\/www.youtube.com\/channel\/UC-9005PnLnhpNM8PVSjP2dQ\/featured\"><b><i>YouTube<\/i><\/b><\/a><b>,\u00a0<\/b><a href=\"https:\/\/www.facebook.com\/bastv.md\"><b><i>Facebook<\/i><\/b><\/a>\u00a0\u0219i\u00a0<a href=\"https:\/\/www.instagram.com\/bastv.md\/\"><b><i>Instagram<\/i><\/b><\/a><b>.\u00a0 Aici public\u0103m \u0219tiri pe scurt!<\/b><\/p>\n","protected":false},"excerpt":{"rendered":"<p>Comisia Electoral\u0103 Central\u0103 (CEC) anun\u021b\u0103 c\u0103 \u0219i \u00een cadrul alegerilor locale generale de duminic\u0103, 5 noiembrie 2023, \u00een sec\u021biile de votare va func\u021biona Sistemul de \u00eenregistrare video. Potrivit CEC, acest sistem nu are conexiune la re\u021beaua internet, este func\u021bional \u0219i activ doar \u00een ziua vot\u0103rii, va fi pornit \u00een momentul demar\u0103rii opera\u021biunilor electorale preparatorii privind [&hellip;]<\/p>\n","protected":false},"author":3,"featured_media":104413,"comment_status":"open","ping_status":"open","sticky":false,"template":"","format":"standard","meta":{"footnotes":""},"categories":[219,1248,574],"tags":[1328,671,1518,1517],"class_list":["post-104407","post","type-post","status-publish","format-standard","has-post-thumbnail","hentry","category-anunturi","category-electorala-2023-ro","category-util","tag-alegerile-locale-generale","tag-cec","tag-comisia","tag-inregistrare-video"],"yoast_head":"<!-- This site is optimized with the Yoast SEO plugin v27.5 - https:\/\/yoast.com\/product\/yoast-seo-wordpress\/ -->\n<title>CEC: toate sec\u021biile de votare vor fi supravegheate video la alegerile din 5 noiembrie - BasTV<\/title>\n<meta name=\"description\" content=\"Comisia Electoral\u0103 Central\u0103 anun\u021b\u0103 c\u0103 \u0219i \u00een cadrul alegerilor locale generale de duminic\u0103, 5 noiembrie 2023, \u00een sec\u021biile de votare va func\u021biona Sistemul de \u00eenregistrare video.\" \/>\n<meta name=\"robots\" content=\"index, follow, max-snippet:-1, max-image-preview:large, max-video-preview:-1\" \/>\n<link rel=\"canonical\" href=\"https:\/\/bas-tv.md\/ro\/cec-toate-sectiile-de-votare-vor-fi-supravegheate-video-la-alegerile-din-5-noiembrie\/\" \/>\n<meta property=\"og:locale\" content=\"ro_RO\" \/>\n<meta property=\"og:type\" content=\"article\" \/>\n<meta property=\"og:title\" content=\"CEC: toate sec\u021biile de votare vor fi supravegheate video la alegerile din 5 noiembrie - BasTV\" \/>\n<meta property=\"og:description\" content=\"Comisia Electoral\u0103 Central\u0103 anun\u021b\u0103 c\u0103 \u0219i \u00een cadrul alegerilor locale generale de duminic\u0103, 5 noiembrie 2023, \u00een sec\u021biile de votare va func\u021biona Sistemul de \u00eenregistrare video.\" \/>\n<meta property=\"og:url\" content=\"https:\/\/bas-tv.md\/ro\/cec-toate-sectiile-de-votare-vor-fi-supravegheate-video-la-alegerile-din-5-noiembrie\/\" \/>\n<meta property=\"og:site_name\" content=\"BasTV\" \/>\n<meta property=\"article:published_time\" content=\"2023-11-02T12:55:47+00:00\" \/>\n<meta property=\"og:image\" content=\"https:\/\/bas-tv.md\/wp-content\/uploads\/2023\/11\/bezymyannyj.png2_.png\" \/>\n\t<meta property=\"og:image:width\" content=\"1097\" \/>\n\t<meta property=\"og:image:height\" content=\"541\" \/>\n\t<meta property=\"og:image:type\" content=\"image\/png\" \/>\n<meta name=\"author\" content=\"Redactor\" \/>\n<meta name=\"twitter:card\" content=\"summary_large_image\" \/>\n<meta name=\"twitter:label1\" content=\"Scris de\" \/>\n\t<meta name=\"twitter:data1\" content=\"Redactor\" \/>\n\t<meta name=\"twitter:label2\" content=\"Timp estimat pentru citire\" \/>\n\t<meta name=\"twitter:data2\" content=\"2 minute\" \/>\n<script type=\"application\/ld+json\" class=\"yoast-schema-graph\">{\"@context\":\"https:\\\/\\\/schema.org\",\"@graph\":[{\"@type\":\"Article\",\"@id\":\"https:\\\/\\\/bas-tv.md\\\/ro\\\/cec-toate-sectiile-de-votare-vor-fi-supravegheate-video-la-alegerile-din-5-noiembrie\\\/#article\",\"isPartOf\":{\"@id\":\"https:\\\/\\\/bas-tv.md\\\/ro\\\/cec-toate-sectiile-de-votare-vor-fi-supravegheate-video-la-alegerile-din-5-noiembrie\\\/\"},\"author\":{\"name\":\"Redactor\",\"@id\":\"https:\\\/\\\/bas-tv.md\\\/ro\\\/#\\\/schema\\\/person\\\/8740f45ea2eca1f1695284fc03529af0\"},\"headline\":\"CEC: toate sec\u021biile de votare vor fi supravegheate video la alegerile din 5 noiembrie\",\"datePublished\":\"2023-11-02T12:55:47+00:00\",\"mainEntityOfPage\":{\"@id\":\"https:\\\/\\\/bas-tv.md\\\/ro\\\/cec-toate-sectiile-de-votare-vor-fi-supravegheate-video-la-alegerile-din-5-noiembrie\\\/\"},\"wordCount\":254,\"commentCount\":0,\"publisher\":{\"@id\":\"https:\\\/\\\/bas-tv.md\\\/ro\\\/#organization\"},\"image\":{\"@id\":\"https:\\\/\\\/bas-tv.md\\\/ro\\\/cec-toate-sectiile-de-votare-vor-fi-supravegheate-video-la-alegerile-din-5-noiembrie\\\/#primaryimage\"},\"thumbnailUrl\":\"https:\\\/\\\/bas-tv.md\\\/wp-content\\\/uploads\\\/2023\\\/11\\\/bezymyannyj.png2_.png\",\"keywords\":[\"alegerile locale generale\",\"CEC\",\"Comisia\",\"\u00eenregistrare video\"],\"articleSection\":[\"Anun\u021buri\",\"Electorala-2023\",\"Util\"],\"inLanguage\":\"ro-RO\",\"potentialAction\":[{\"@type\":\"CommentAction\",\"name\":\"Comment\",\"target\":[\"https:\\\/\\\/bas-tv.md\\\/ro\\\/cec-toate-sectiile-de-votare-vor-fi-supravegheate-video-la-alegerile-din-5-noiembrie\\\/#respond\"]}]},{\"@type\":\"WebPage\",\"@id\":\"https:\\\/\\\/bas-tv.md\\\/ro\\\/cec-toate-sectiile-de-votare-vor-fi-supravegheate-video-la-alegerile-din-5-noiembrie\\\/\",\"url\":\"https:\\\/\\\/bas-tv.md\\\/ro\\\/cec-toate-sectiile-de-votare-vor-fi-supravegheate-video-la-alegerile-din-5-noiembrie\\\/\",\"name\":\"CEC: toate sec\u021biile de votare vor fi supravegheate video la alegerile din 5 noiembrie - BasTV\",\"isPartOf\":{\"@id\":\"https:\\\/\\\/bas-tv.md\\\/ro\\\/#website\"},\"primaryImageOfPage\":{\"@id\":\"https:\\\/\\\/bas-tv.md\\\/ro\\\/cec-toate-sectiile-de-votare-vor-fi-supravegheate-video-la-alegerile-din-5-noiembrie\\\/#primaryimage\"},\"image\":{\"@id\":\"https:\\\/\\\/bas-tv.md\\\/ro\\\/cec-toate-sectiile-de-votare-vor-fi-supravegheate-video-la-alegerile-din-5-noiembrie\\\/#primaryimage\"},\"thumbnailUrl\":\"https:\\\/\\\/bas-tv.md\\\/wp-content\\\/uploads\\\/2023\\\/11\\\/bezymyannyj.png2_.png\",\"datePublished\":\"2023-11-02T12:55:47+00:00\",\"description\":\"Comisia Electoral\u0103 Central\u0103 anun\u021b\u0103 c\u0103 \u0219i \u00een cadrul alegerilor locale generale de duminic\u0103, 5 noiembrie 2023, \u00een sec\u021biile de votare va func\u021biona Sistemul de \u00eenregistrare video.\",\"inLanguage\":\"ro-RO\",\"potentialAction\":[{\"@type\":\"ReadAction\",\"target\":[\"https:\\\/\\\/bas-tv.md\\\/ro\\\/cec-toate-sectiile-de-votare-vor-fi-supravegheate-video-la-alegerile-din-5-noiembrie\\\/\"]}]},{\"@type\":\"ImageObject\",\"inLanguage\":\"ro-RO\",\"@id\":\"https:\\\/\\\/bas-tv.md\\\/ro\\\/cec-toate-sectiile-de-votare-vor-fi-supravegheate-video-la-alegerile-din-5-noiembrie\\\/#primaryimage\",\"url\":\"https:\\\/\\\/bas-tv.md\\\/wp-content\\\/uploads\\\/2023\\\/11\\\/bezymyannyj.png2_.png\",\"contentUrl\":\"https:\\\/\\\/bas-tv.md\\\/wp-content\\\/uploads\\\/2023\\\/11\\\/bezymyannyj.png2_.png\",\"width\":1097,\"height\":541,\"caption\":\"BAStv\"},{\"@type\":\"WebSite\",\"@id\":\"https:\\\/\\\/bas-tv.md\\\/ro\\\/#website\",\"url\":\"https:\\\/\\\/bas-tv.md\\\/ro\\\/\",\"name\":\"BasTV\",\"description\":\"Moldova\",\"publisher\":{\"@id\":\"https:\\\/\\\/bas-tv.md\\\/ro\\\/#organization\"},\"potentialAction\":[{\"@type\":\"SearchAction\",\"target\":{\"@type\":\"EntryPoint\",\"urlTemplate\":\"https:\\\/\\\/bas-tv.md\\\/ro\\\/?s={search_term_string}\"},\"query-input\":{\"@type\":\"PropertyValueSpecification\",\"valueRequired\":true,\"valueName\":\"search_term_string\"}}],\"inLanguage\":\"ro-RO\"},{\"@type\":\"Organization\",\"@id\":\"https:\\\/\\\/bas-tv.md\\\/ro\\\/#organization\",\"name\":\"BasTV\",\"url\":\"https:\\\/\\\/bas-tv.md\\\/ro\\\/\",\"logo\":{\"@type\":\"ImageObject\",\"inLanguage\":\"ro-RO\",\"@id\":\"https:\\\/\\\/bas-tv.md\\\/ro\\\/#\\\/schema\\\/logo\\\/image\\\/\",\"url\":\"https:\\\/\\\/bas-tv.md\\\/wp-content\\\/uploads\\\/2023\\\/05\\\/bas-tv-culoarea-rosie.png\",\"contentUrl\":\"https:\\\/\\\/bas-tv.md\\\/wp-content\\\/uploads\\\/2023\\\/05\\\/bas-tv-culoarea-rosie.png\",\"width\":202,\"height\":50,\"caption\":\"BasTV\"},\"image\":{\"@id\":\"https:\\\/\\\/bas-tv.md\\\/ro\\\/#\\\/schema\\\/logo\\\/image\\\/\"}},{\"@type\":\"Person\",\"@id\":\"https:\\\/\\\/bas-tv.md\\\/ro\\\/#\\\/schema\\\/person\\\/8740f45ea2eca1f1695284fc03529af0\",\"name\":\"Redactor\",\"image\":{\"@type\":\"ImageObject\",\"inLanguage\":\"ro-RO\",\"@id\":\"https:\\\/\\\/bas-tv.md\\\/wp-content\\\/litespeed\\\/avatar\\\/91c0586f3f6f4396a4ec1287c965eeeb.jpg?ver=1776950945\",\"url\":\"https:\\\/\\\/bas-tv.md\\\/wp-content\\\/litespeed\\\/avatar\\\/91c0586f3f6f4396a4ec1287c965eeeb.jpg?ver=1776950945\",\"contentUrl\":\"https:\\\/\\\/bas-tv.md\\\/wp-content\\\/litespeed\\\/avatar\\\/91c0586f3f6f4396a4ec1287c965eeeb.jpg?ver=1776950945\",\"caption\":\"Redactor\"},\"url\":\"https:\\\/\\\/bas-tv.md\\\/ro\\\/author\\\/redactor\\\/\"}]}<\/script>\n<!-- \/ Yoast SEO plugin. -->","yoast_head_json":{"title":"CEC: toate sec\u021biile de votare vor fi supravegheate video la alegerile din 5 noiembrie - BasTV","description":"Comisia Electoral\u0103 Central\u0103 anun\u021b\u0103 c\u0103 \u0219i \u00een cadrul alegerilor locale generale de duminic\u0103, 5 noiembrie 2023, \u00een sec\u021biile de votare va func\u021biona Sistemul de \u00eenregistrare video.","robots":{"index":"index","follow":"follow","max-snippet":"max-snippet:-1","max-image-preview":"max-image-preview:large","max-video-preview":"max-video-preview:-1"},"canonical":"https:\/\/bas-tv.md\/ro\/cec-toate-sectiile-de-votare-vor-fi-supravegheate-video-la-alegerile-din-5-noiembrie\/","og_locale":"ro_RO","og_type":"article","og_title":"CEC: toate sec\u021biile de votare vor fi supravegheate video la alegerile din 5 noiembrie - BasTV","og_description":"Comisia Electoral\u0103 Central\u0103 anun\u021b\u0103 c\u0103 \u0219i \u00een cadrul alegerilor locale generale de duminic\u0103, 5 noiembrie 2023, \u00een sec\u021biile de votare va func\u021biona Sistemul de \u00eenregistrare video.","og_url":"https:\/\/bas-tv.md\/ro\/cec-toate-sectiile-de-votare-vor-fi-supravegheate-video-la-alegerile-din-5-noiembrie\/","og_site_name":"BasTV","article_published_time":"2023-11-02T12:55:47+00:00","og_image":[{"width":1097,"height":541,"url":"https:\/\/bas-tv.md\/wp-content\/uploads\/2023\/11\/bezymyannyj.png2_.png","type":"image\/png"}],"author":"Redactor","twitter_card":"summary_large_image","twitter_misc":{"Scris de":"Redactor","Timp estimat pentru citire":"2 minute"},"schema":{"@context":"https:\/\/schema.org","@graph":[{"@type":"Article","@id":"https:\/\/bas-tv.md\/ro\/cec-toate-sectiile-de-votare-vor-fi-supravegheate-video-la-alegerile-din-5-noiembrie\/#article","isPartOf":{"@id":"https:\/\/bas-tv.md\/ro\/cec-toate-sectiile-de-votare-vor-fi-supravegheate-video-la-alegerile-din-5-noiembrie\/"},"author":{"name":"Redactor","@id":"https:\/\/bas-tv.md\/ro\/#\/schema\/person\/8740f45ea2eca1f1695284fc03529af0"},"headline":"CEC: toate sec\u021biile de votare vor fi supravegheate video la alegerile din 5 noiembrie","datePublished":"2023-11-02T12:55:47+00:00","mainEntityOfPage":{"@id":"https:\/\/bas-tv.md\/ro\/cec-toate-sectiile-de-votare-vor-fi-supravegheate-video-la-alegerile-din-5-noiembrie\/"},"wordCount":254,"commentCount":0,"publisher":{"@id":"https:\/\/bas-tv.md\/ro\/#organization"},"image":{"@id":"https:\/\/bas-tv.md\/ro\/cec-toate-sectiile-de-votare-vor-fi-supravegheate-video-la-alegerile-din-5-noiembrie\/#primaryimage"},"thumbnailUrl":"https:\/\/bas-tv.md\/wp-content\/uploads\/2023\/11\/bezymyannyj.png2_.png","keywords":["alegerile locale generale","CEC","Comisia","\u00eenregistrare video"],"articleSection":["Anun\u021buri","Electorala-2023","Util"],"inLanguage":"ro-RO","potentialAction":[{"@type":"CommentAction","name":"Comment","target":["https:\/\/bas-tv.md\/ro\/cec-toate-sectiile-de-votare-vor-fi-supravegheate-video-la-alegerile-din-5-noiembrie\/#respond"]}]},{"@type":"WebPage","@id":"https:\/\/bas-tv.md\/ro\/cec-toate-sectiile-de-votare-vor-fi-supravegheate-video-la-alegerile-din-5-noiembrie\/","url":"https:\/\/bas-tv.md\/ro\/cec-toate-sectiile-de-votare-vor-fi-supravegheate-video-la-alegerile-din-5-noiembrie\/","name":"CEC: toate sec\u021biile de votare vor fi supravegheate video la alegerile din 5 noiembrie - BasTV","isPartOf":{"@id":"https:\/\/bas-tv.md\/ro\/#website"},"primaryImageOfPage":{"@id":"https:\/\/bas-tv.md\/ro\/cec-toate-sectiile-de-votare-vor-fi-supravegheate-video-la-alegerile-din-5-noiembrie\/#primaryimage"},"image":{"@id":"https:\/\/bas-tv.md\/ro\/cec-toate-sectiile-de-votare-vor-fi-supravegheate-video-la-alegerile-din-5-noiembrie\/#primaryimage"},"thumbnailUrl":"https:\/\/bas-tv.md\/wp-content\/uploads\/2023\/11\/bezymyannyj.png2_.png","datePublished":"2023-11-02T12:55:47+00:00","description":"Comisia Electoral\u0103 Central\u0103 anun\u021b\u0103 c\u0103 \u0219i \u00een cadrul alegerilor locale generale de duminic\u0103, 5 noiembrie 2023, \u00een sec\u021biile de votare va func\u021biona Sistemul de \u00eenregistrare video.","inLanguage":"ro-RO","potentialAction":[{"@type":"ReadAction","target":["https:\/\/bas-tv.md\/ro\/cec-toate-sectiile-de-votare-vor-fi-supravegheate-video-la-alegerile-din-5-noiembrie\/"]}]},{"@type":"ImageObject","inLanguage":"ro-RO","@id":"https:\/\/bas-tv.md\/ro\/cec-toate-sectiile-de-votare-vor-fi-supravegheate-video-la-alegerile-din-5-noiembrie\/#primaryimage","url":"https:\/\/bas-tv.md\/wp-content\/uploads\/2023\/11\/bezymyannyj.png2_.png","contentUrl":"https:\/\/bas-tv.md\/wp-content\/uploads\/2023\/11\/bezymyannyj.png2_.png","width":1097,"height":541,"caption":"BAStv"},{"@type":"WebSite","@id":"https:\/\/bas-tv.md\/ro\/#website","url":"https:\/\/bas-tv.md\/ro\/","name":"BasTV","description":"Moldova","publisher":{"@id":"https:\/\/bas-tv.md\/ro\/#organization"},"potentialAction":[{"@type":"SearchAction","target":{"@type":"EntryPoint","urlTemplate":"https:\/\/bas-tv.md\/ro\/?s={search_term_string}"},"query-input":{"@type":"PropertyValueSpecification","valueRequired":true,"valueName":"search_term_string"}}],"inLanguage":"ro-RO"},{"@type":"Organization","@id":"https:\/\/bas-tv.md\/ro\/#organization","name":"BasTV","url":"https:\/\/bas-tv.md\/ro\/","logo":{"@type":"ImageObject","inLanguage":"ro-RO","@id":"https:\/\/bas-tv.md\/ro\/#\/schema\/logo\/image\/","url":"https:\/\/bas-tv.md\/wp-content\/uploads\/2023\/05\/bas-tv-culoarea-rosie.png","contentUrl":"https:\/\/bas-tv.md\/wp-content\/uploads\/2023\/05\/bas-tv-culoarea-rosie.png","width":202,"height":50,"caption":"BasTV"},"image":{"@id":"https:\/\/bas-tv.md\/ro\/#\/schema\/logo\/image\/"}},{"@type":"Person","@id":"https:\/\/bas-tv.md\/ro\/#\/schema\/person\/8740f45ea2eca1f1695284fc03529af0","name":"Redactor","image":{"@type":"ImageObject","inLanguage":"ro-RO","@id":"https:\/\/bas-tv.md\/wp-content\/litespeed\/avatar\/91c0586f3f6f4396a4ec1287c965eeeb.jpg?ver=1776950945","url":"https:\/\/bas-tv.md\/wp-content\/litespeed\/avatar\/91c0586f3f6f4396a4ec1287c965eeeb.jpg?ver=1776950945","contentUrl":"https:\/\/bas-tv.md\/wp-content\/litespeed\/avatar\/91c0586f3f6f4396a4ec1287c965eeeb.jpg?ver=1776950945","caption":"Redactor"},"url":"https:\/\/bas-tv.md\/ro\/author\/redactor\/"}]}},"views":553,"_links":{"self":[{"href":"https:\/\/bas-tv.md\/ro\/wp-json\/wp\/v2\/posts\/104407","targetHints":{"allow":["GET"]}}],"collection":[{"href":"https:\/\/bas-tv.md\/ro\/wp-json\/wp\/v2\/posts"}],"about":[{"href":"https:\/\/bas-tv.md\/ro\/wp-json\/wp\/v2\/types\/post"}],"author":[{"embeddable":true,"href":"https:\/\/bas-tv.md\/ro\/wp-json\/wp\/v2\/users\/3"}],"replies":[{"embeddable":true,"href":"https:\/\/bas-tv.md\/ro\/wp-json\/wp\/v2\/comments?post=104407"}],"version-history":[{"count":2,"href":"https:\/\/bas-tv.md\/ro\/wp-json\/wp\/v2\/posts\/104407\/revisions"}],"predecessor-version":[{"id":104410,"href":"https:\/\/bas-tv.md\/ro\/wp-json\/wp\/v2\/posts\/104407\/revisions\/104410"}],"wp:featuredmedia":[{"embeddable":true,"href":"https:\/\/bas-tv.md\/ro\/wp-json\/wp\/v2\/media\/104413"}],"wp:attachment":[{"href":"https:\/\/bas-tv.md\/ro\/wp-json\/wp\/v2\/media?parent=104407"}],"wp:term":[{"taxonomy":"category","embeddable":true,"href":"https:\/\/bas-tv.md\/ro\/wp-json\/wp\/v2\/categories?post=104407"},{"taxonomy":"post_tag","embeddable":true,"href":"https:\/\/bas-tv.md\/ro\/wp-json\/wp\/v2\/tags?post=104407"}],"curies":[{"name":"wp","href":"https:\/\/api.w.org\/{rel}","templated":true}]}}