{"id":104479,"date":"2023-11-03T09:48:22","date_gmt":"2023-11-03T07:48:22","guid":{"rendered":"https:\/\/bas-tv.md\/?p=104479"},"modified":"2023-11-03T09:48:22","modified_gmt":"2023-11-03T07:48:22","slug":"alegeri-locale-2023-astazi-este-ultima-zi-in-care-este-permisa-agitatia-electorala","status":"publish","type":"post","link":"https:\/\/bas-tv.md\/ro\/alegeri-locale-2023-astazi-este-ultima-zi-in-care-este-permisa-agitatia-electorala\/","title":{"rendered":"Alegeri locale 2023: ast\u0103zi este ultima zi \u00een care este permis\u0103 agita\u021bia electoral\u0103"},"content":{"rendered":"<p><strong><span lang=\"RO\">Comisia Electoral\u0103 Central\u0103 aten\u021bioneaz\u0103 c\u0103 ast\u0103zi, 3 noiembrie 2023, este ultima zi \u00een care sunt admise ac\u021biuni de agita\u021bie electoral\u0103 pentru alegerile locale generale, care vor avea loc \u00een aceast\u0103 duminic\u0103, 5 noiembrie 2023.<\/span><\/strong><\/p>\n<p><span lang=\"RO\">Conform prevederilor Codului electoral, agita\u021bia electoral\u0103 este strict interzis\u0103 \u00een ziua alegerilor \u0219i cea precedent\u0103 ei. \u00cen aceast\u0103 perioad\u0103 nu este permis\u0103 nici apari\u021bia candida\u021bilor \u00een alegeri la emisiuni televizate sau radiofonice. De asemenea, administra\u021bia public\u0103 local\u0103 \u0219i difuzorii de publicitate au obliga\u021bia de a \u00eenl\u0103tura materialele publicitare electorale. Men\u021bion\u0103m c\u0103 interdic\u021bia nu se aplic\u0103 pentru informa\u021biile deja plasate pe internet.<\/span><\/p>\n<p><span lang=\"RO\">Totodat\u0103, concuren\u021bii electorali nu pot efectua vir\u0103ri \u00een\/din contul cu men\u021biunea \u201eFond electoral\u201d.<\/span><\/p>\n<p><span lang=\"RO\">Conforma art. 52 din Codul contraven\u021bional nr. 218\/2008, continuarea agita\u021biei electorale \u00een zilele men\u021bionate de c\u0103tre mass-media, concuren\u021bi electorali \u0219i cet\u0103\u021beni constituie contraven\u021bie administrativ\u0103 \u0219i se sanc\u021bioneaz\u0103 cu amend\u0103 de la 40 la 60 de unit\u0103\u021bi conven\u021bionale aplicat\u0103 persoanei fizice, cu amend\u0103 de la 100 la 150 de unit\u0103\u021bi conven\u021bionale aplicat\u0103\u00a0 persoanei juridice.<\/span><\/p>\n<p><b>Abona\u021bi-v\u0103 la noi pe re\u021bele sociale:\u00a0<\/b><a href=\"https:\/\/t.me\/bastvmd\"><b><i>Telegram<\/i><\/b><\/a><b>,\u00a0<\/b><a href=\"https:\/\/www.youtube.com\/channel\/UC-9005PnLnhpNM8PVSjP2dQ\/featured\"><b><i>YouTube<\/i><\/b><\/a><b>,\u00a0<\/b><a href=\"https:\/\/www.facebook.com\/bastv.md\"><b><i>Facebook<\/i><\/b><\/a>\u00a0\u0219i\u00a0<a href=\"https:\/\/www.instagram.com\/bastv.md\/\"><b><i>Instagram<\/i><\/b><\/a><b>.\u00a0 Aici public\u0103m \u0219tiri pe scurt!<\/b><\/p>\n","protected":false},"excerpt":{"rendered":"<p>Comisia Electoral\u0103 Central\u0103 aten\u021bioneaz\u0103 c\u0103 ast\u0103zi, 3 noiembrie 2023, este ultima zi \u00een care sunt admise ac\u021biuni de agita\u021bie electoral\u0103 pentru alegerile locale generale, care vor avea loc \u00een aceast\u0103 duminic\u0103, 5 noiembrie 2023. Conform prevederilor Codului electoral, agita\u021bia electoral\u0103 este strict interzis\u0103 \u00een ziua alegerilor \u0219i cea precedent\u0103 ei. \u00cen aceast\u0103 perioad\u0103 nu este [&hellip;]<\/p>\n","protected":false},"author":3,"featured_media":104482,"comment_status":"open","ping_status":"open","sticky":false,"template":"","format":"standard","meta":{"footnotes":""},"categories":[219,1248,574],"tags":[],"class_list":["post-104479","post","type-post","status-publish","format-standard","has-post-thumbnail","hentry","category-anunturi","category-electorala-2023-ro","category-util"],"yoast_head":"<!-- This site is optimized with the Yoast SEO plugin v27.5 - https:\/\/yoast.com\/product\/yoast-seo-wordpress\/ -->\n<title>Alegeri locale 2023: ast\u0103zi este ultima zi \u00een care este permis\u0103 agita\u021bia electoral\u0103 - BasTV<\/title>\n<meta name=\"description\" content=\"Comisia Electoral\u0103 Central\u0103 aten\u021bioneaz\u0103 c\u0103 ast\u0103zi, 3 noiembrie 2023, este ultima zi \u00een care sunt admise ac\u021biuni de agita\u021bie electoral\u0103 pentru alegerile locale generale, care vor avea loc \u00een aceast\u0103 duminic\u0103, 5 noiembrie 2023.\" \/>\n<meta name=\"robots\" content=\"index, follow, max-snippet:-1, max-image-preview:large, max-video-preview:-1\" \/>\n<link rel=\"canonical\" href=\"https:\/\/bas-tv.md\/ro\/alegeri-locale-2023-astazi-este-ultima-zi-in-care-este-permisa-agitatia-electorala\/\" \/>\n<meta property=\"og:locale\" content=\"ro_RO\" \/>\n<meta property=\"og:type\" content=\"article\" \/>\n<meta property=\"og:title\" content=\"Alegeri locale 2023: ast\u0103zi este ultima zi \u00een care este permis\u0103 agita\u021bia electoral\u0103 - BasTV\" \/>\n<meta property=\"og:description\" content=\"Comisia Electoral\u0103 Central\u0103 aten\u021bioneaz\u0103 c\u0103 ast\u0103zi, 3 noiembrie 2023, este ultima zi \u00een care sunt admise ac\u021biuni de agita\u021bie electoral\u0103 pentru alegerile locale generale, care vor avea loc \u00een aceast\u0103 duminic\u0103, 5 noiembrie 2023.\" \/>\n<meta property=\"og:url\" content=\"https:\/\/bas-tv.md\/ro\/alegeri-locale-2023-astazi-este-ultima-zi-in-care-este-permisa-agitatia-electorala\/\" \/>\n<meta property=\"og:site_name\" content=\"BasTV\" \/>\n<meta property=\"article:published_time\" content=\"2023-11-03T07:48:22+00:00\" \/>\n<meta property=\"og:image\" content=\"https:\/\/bas-tv.md\/wp-content\/uploads\/2023\/11\/1617687763_42-p-fon-dlya-reklamnogo-bannera-43-scaled.jpg\" \/>\n\t<meta property=\"og:image:width\" content=\"2560\" \/>\n\t<meta property=\"og:image:height\" content=\"1707\" \/>\n\t<meta property=\"og:image:type\" content=\"image\/jpeg\" \/>\n<meta name=\"author\" content=\"Redactor\" \/>\n<meta name=\"twitter:card\" content=\"summary_large_image\" \/>\n<meta name=\"twitter:label1\" content=\"Scris de\" \/>\n\t<meta name=\"twitter:data1\" content=\"Redactor\" \/>\n\t<meta name=\"twitter:label2\" content=\"Timp estimat pentru citire\" \/>\n\t<meta name=\"twitter:data2\" content=\"1 minut\" \/>\n<script type=\"application\/ld+json\" class=\"yoast-schema-graph\">{\"@context\":\"https:\\\/\\\/schema.org\",\"@graph\":[{\"@type\":\"Article\",\"@id\":\"https:\\\/\\\/bas-tv.md\\\/ro\\\/alegeri-locale-2023-astazi-este-ultima-zi-in-care-este-permisa-agitatia-electorala\\\/#article\",\"isPartOf\":{\"@id\":\"https:\\\/\\\/bas-tv.md\\\/ro\\\/alegeri-locale-2023-astazi-este-ultima-zi-in-care-este-permisa-agitatia-electorala\\\/\"},\"author\":{\"name\":\"Redactor\",\"@id\":\"https:\\\/\\\/bas-tv.md\\\/ro\\\/#\\\/schema\\\/person\\\/8740f45ea2eca1f1695284fc03529af0\"},\"headline\":\"Alegeri locale 2023: ast\u0103zi este ultima zi \u00een care este permis\u0103 agita\u021bia electoral\u0103\",\"datePublished\":\"2023-11-03T07:48:22+00:00\",\"mainEntityOfPage\":{\"@id\":\"https:\\\/\\\/bas-tv.md\\\/ro\\\/alegeri-locale-2023-astazi-este-ultima-zi-in-care-este-permisa-agitatia-electorala\\\/\"},\"wordCount\":214,\"commentCount\":0,\"publisher\":{\"@id\":\"https:\\\/\\\/bas-tv.md\\\/ro\\\/#organization\"},\"image\":{\"@id\":\"https:\\\/\\\/bas-tv.md\\\/ro\\\/alegeri-locale-2023-astazi-este-ultima-zi-in-care-este-permisa-agitatia-electorala\\\/#primaryimage\"},\"thumbnailUrl\":\"https:\\\/\\\/bas-tv.md\\\/wp-content\\\/uploads\\\/2023\\\/11\\\/1617687763_42-p-fon-dlya-reklamnogo-bannera-43-scaled.jpg\",\"articleSection\":[\"Anun\u021buri\",\"Electorala-2023\",\"Util\"],\"inLanguage\":\"ro-RO\",\"potentialAction\":[{\"@type\":\"CommentAction\",\"name\":\"Comment\",\"target\":[\"https:\\\/\\\/bas-tv.md\\\/ro\\\/alegeri-locale-2023-astazi-este-ultima-zi-in-care-este-permisa-agitatia-electorala\\\/#respond\"]}]},{\"@type\":\"WebPage\",\"@id\":\"https:\\\/\\\/bas-tv.md\\\/ro\\\/alegeri-locale-2023-astazi-este-ultima-zi-in-care-este-permisa-agitatia-electorala\\\/\",\"url\":\"https:\\\/\\\/bas-tv.md\\\/ro\\\/alegeri-locale-2023-astazi-este-ultima-zi-in-care-este-permisa-agitatia-electorala\\\/\",\"name\":\"Alegeri locale 2023: ast\u0103zi este ultima zi \u00een care este permis\u0103 agita\u021bia electoral\u0103 - BasTV\",\"isPartOf\":{\"@id\":\"https:\\\/\\\/bas-tv.md\\\/ro\\\/#website\"},\"primaryImageOfPage\":{\"@id\":\"https:\\\/\\\/bas-tv.md\\\/ro\\\/alegeri-locale-2023-astazi-este-ultima-zi-in-care-este-permisa-agitatia-electorala\\\/#primaryimage\"},\"image\":{\"@id\":\"https:\\\/\\\/bas-tv.md\\\/ro\\\/alegeri-locale-2023-astazi-este-ultima-zi-in-care-este-permisa-agitatia-electorala\\\/#primaryimage\"},\"thumbnailUrl\":\"https:\\\/\\\/bas-tv.md\\\/wp-content\\\/uploads\\\/2023\\\/11\\\/1617687763_42-p-fon-dlya-reklamnogo-bannera-43-scaled.jpg\",\"datePublished\":\"2023-11-03T07:48:22+00:00\",\"description\":\"Comisia Electoral\u0103 Central\u0103 aten\u021bioneaz\u0103 c\u0103 ast\u0103zi, 3 noiembrie 2023, este ultima zi \u00een care sunt admise ac\u021biuni de agita\u021bie electoral\u0103 pentru alegerile locale generale, care vor avea loc \u00een aceast\u0103 duminic\u0103, 5 noiembrie 2023.\",\"inLanguage\":\"ro-RO\",\"potentialAction\":[{\"@type\":\"ReadAction\",\"target\":[\"https:\\\/\\\/bas-tv.md\\\/ro\\\/alegeri-locale-2023-astazi-este-ultima-zi-in-care-este-permisa-agitatia-electorala\\\/\"]}]},{\"@type\":\"ImageObject\",\"inLanguage\":\"ro-RO\",\"@id\":\"https:\\\/\\\/bas-tv.md\\\/ro\\\/alegeri-locale-2023-astazi-este-ultima-zi-in-care-este-permisa-agitatia-electorala\\\/#primaryimage\",\"url\":\"https:\\\/\\\/bas-tv.md\\\/wp-content\\\/uploads\\\/2023\\\/11\\\/1617687763_42-p-fon-dlya-reklamnogo-bannera-43-scaled.jpg\",\"contentUrl\":\"https:\\\/\\\/bas-tv.md\\\/wp-content\\\/uploads\\\/2023\\\/11\\\/1617687763_42-p-fon-dlya-reklamnogo-bannera-43-scaled.jpg\",\"width\":2560,\"height\":1707,\"caption\":\"FOTO: Simbol\"},{\"@type\":\"WebSite\",\"@id\":\"https:\\\/\\\/bas-tv.md\\\/ro\\\/#website\",\"url\":\"https:\\\/\\\/bas-tv.md\\\/ro\\\/\",\"name\":\"BasTV\",\"description\":\"Moldova\",\"publisher\":{\"@id\":\"https:\\\/\\\/bas-tv.md\\\/ro\\\/#organization\"},\"potentialAction\":[{\"@type\":\"SearchAction\",\"target\":{\"@type\":\"EntryPoint\",\"urlTemplate\":\"https:\\\/\\\/bas-tv.md\\\/ro\\\/?s={search_term_string}\"},\"query-input\":{\"@type\":\"PropertyValueSpecification\",\"valueRequired\":true,\"valueName\":\"search_term_string\"}}],\"inLanguage\":\"ro-RO\"},{\"@type\":\"Organization\",\"@id\":\"https:\\\/\\\/bas-tv.md\\\/ro\\\/#organization\",\"name\":\"BasTV\",\"url\":\"https:\\\/\\\/bas-tv.md\\\/ro\\\/\",\"logo\":{\"@type\":\"ImageObject\",\"inLanguage\":\"ro-RO\",\"@id\":\"https:\\\/\\\/bas-tv.md\\\/ro\\\/#\\\/schema\\\/logo\\\/image\\\/\",\"url\":\"https:\\\/\\\/bas-tv.md\\\/wp-content\\\/uploads\\\/2023\\\/05\\\/bas-tv-culoarea-rosie.png\",\"contentUrl\":\"https:\\\/\\\/bas-tv.md\\\/wp-content\\\/uploads\\\/2023\\\/05\\\/bas-tv-culoarea-rosie.png\",\"width\":202,\"height\":50,\"caption\":\"BasTV\"},\"image\":{\"@id\":\"https:\\\/\\\/bas-tv.md\\\/ro\\\/#\\\/schema\\\/logo\\\/image\\\/\"}},{\"@type\":\"Person\",\"@id\":\"https:\\\/\\\/bas-tv.md\\\/ro\\\/#\\\/schema\\\/person\\\/8740f45ea2eca1f1695284fc03529af0\",\"name\":\"Redactor\",\"image\":{\"@type\":\"ImageObject\",\"inLanguage\":\"ro-RO\",\"@id\":\"https:\\\/\\\/bas-tv.md\\\/wp-content\\\/litespeed\\\/avatar\\\/91c0586f3f6f4396a4ec1287c965eeeb.jpg?ver=1777555749\",\"url\":\"https:\\\/\\\/bas-tv.md\\\/wp-content\\\/litespeed\\\/avatar\\\/91c0586f3f6f4396a4ec1287c965eeeb.jpg?ver=1777555749\",\"contentUrl\":\"https:\\\/\\\/bas-tv.md\\\/wp-content\\\/litespeed\\\/avatar\\\/91c0586f3f6f4396a4ec1287c965eeeb.jpg?ver=1777555749\",\"caption\":\"Redactor\"},\"url\":\"https:\\\/\\\/bas-tv.md\\\/ro\\\/author\\\/redactor\\\/\"}]}<\/script>\n<!-- \/ Yoast SEO plugin. -->","yoast_head_json":{"title":"Alegeri locale 2023: ast\u0103zi este ultima zi \u00een care este permis\u0103 agita\u021bia electoral\u0103 - BasTV","description":"Comisia Electoral\u0103 Central\u0103 aten\u021bioneaz\u0103 c\u0103 ast\u0103zi, 3 noiembrie 2023, este ultima zi \u00een care sunt admise ac\u021biuni de agita\u021bie electoral\u0103 pentru alegerile locale generale, care vor avea loc \u00een aceast\u0103 duminic\u0103, 5 noiembrie 2023.","robots":{"index":"index","follow":"follow","max-snippet":"max-snippet:-1","max-image-preview":"max-image-preview:large","max-video-preview":"max-video-preview:-1"},"canonical":"https:\/\/bas-tv.md\/ro\/alegeri-locale-2023-astazi-este-ultima-zi-in-care-este-permisa-agitatia-electorala\/","og_locale":"ro_RO","og_type":"article","og_title":"Alegeri locale 2023: ast\u0103zi este ultima zi \u00een care este permis\u0103 agita\u021bia electoral\u0103 - BasTV","og_description":"Comisia Electoral\u0103 Central\u0103 aten\u021bioneaz\u0103 c\u0103 ast\u0103zi, 3 noiembrie 2023, este ultima zi \u00een care sunt admise ac\u021biuni de agita\u021bie electoral\u0103 pentru alegerile locale generale, care vor avea loc \u00een aceast\u0103 duminic\u0103, 5 noiembrie 2023.","og_url":"https:\/\/bas-tv.md\/ro\/alegeri-locale-2023-astazi-este-ultima-zi-in-care-este-permisa-agitatia-electorala\/","og_site_name":"BasTV","article_published_time":"2023-11-03T07:48:22+00:00","og_image":[{"width":2560,"height":1707,"url":"https:\/\/bas-tv.md\/wp-content\/uploads\/2023\/11\/1617687763_42-p-fon-dlya-reklamnogo-bannera-43-scaled.jpg","type":"image\/jpeg"}],"author":"Redactor","twitter_card":"summary_large_image","twitter_misc":{"Scris de":"Redactor","Timp estimat pentru citire":"1 minut"},"schema":{"@context":"https:\/\/schema.org","@graph":[{"@type":"Article","@id":"https:\/\/bas-tv.md\/ro\/alegeri-locale-2023-astazi-este-ultima-zi-in-care-este-permisa-agitatia-electorala\/#article","isPartOf":{"@id":"https:\/\/bas-tv.md\/ro\/alegeri-locale-2023-astazi-este-ultima-zi-in-care-este-permisa-agitatia-electorala\/"},"author":{"name":"Redactor","@id":"https:\/\/bas-tv.md\/ro\/#\/schema\/person\/8740f45ea2eca1f1695284fc03529af0"},"headline":"Alegeri locale 2023: ast\u0103zi este ultima zi \u00een care este permis\u0103 agita\u021bia electoral\u0103","datePublished":"2023-11-03T07:48:22+00:00","mainEntityOfPage":{"@id":"https:\/\/bas-tv.md\/ro\/alegeri-locale-2023-astazi-este-ultima-zi-in-care-este-permisa-agitatia-electorala\/"},"wordCount":214,"commentCount":0,"publisher":{"@id":"https:\/\/bas-tv.md\/ro\/#organization"},"image":{"@id":"https:\/\/bas-tv.md\/ro\/alegeri-locale-2023-astazi-este-ultima-zi-in-care-este-permisa-agitatia-electorala\/#primaryimage"},"thumbnailUrl":"https:\/\/bas-tv.md\/wp-content\/uploads\/2023\/11\/1617687763_42-p-fon-dlya-reklamnogo-bannera-43-scaled.jpg","articleSection":["Anun\u021buri","Electorala-2023","Util"],"inLanguage":"ro-RO","potentialAction":[{"@type":"CommentAction","name":"Comment","target":["https:\/\/bas-tv.md\/ro\/alegeri-locale-2023-astazi-este-ultima-zi-in-care-este-permisa-agitatia-electorala\/#respond"]}]},{"@type":"WebPage","@id":"https:\/\/bas-tv.md\/ro\/alegeri-locale-2023-astazi-este-ultima-zi-in-care-este-permisa-agitatia-electorala\/","url":"https:\/\/bas-tv.md\/ro\/alegeri-locale-2023-astazi-este-ultima-zi-in-care-este-permisa-agitatia-electorala\/","name":"Alegeri locale 2023: ast\u0103zi este ultima zi \u00een care este permis\u0103 agita\u021bia electoral\u0103 - BasTV","isPartOf":{"@id":"https:\/\/bas-tv.md\/ro\/#website"},"primaryImageOfPage":{"@id":"https:\/\/bas-tv.md\/ro\/alegeri-locale-2023-astazi-este-ultima-zi-in-care-este-permisa-agitatia-electorala\/#primaryimage"},"image":{"@id":"https:\/\/bas-tv.md\/ro\/alegeri-locale-2023-astazi-este-ultima-zi-in-care-este-permisa-agitatia-electorala\/#primaryimage"},"thumbnailUrl":"https:\/\/bas-tv.md\/wp-content\/uploads\/2023\/11\/1617687763_42-p-fon-dlya-reklamnogo-bannera-43-scaled.jpg","datePublished":"2023-11-03T07:48:22+00:00","description":"Comisia Electoral\u0103 Central\u0103 aten\u021bioneaz\u0103 c\u0103 ast\u0103zi, 3 noiembrie 2023, este ultima zi \u00een care sunt admise ac\u021biuni de agita\u021bie electoral\u0103 pentru alegerile locale generale, care vor avea loc \u00een aceast\u0103 duminic\u0103, 5 noiembrie 2023.","inLanguage":"ro-RO","potentialAction":[{"@type":"ReadAction","target":["https:\/\/bas-tv.md\/ro\/alegeri-locale-2023-astazi-este-ultima-zi-in-care-este-permisa-agitatia-electorala\/"]}]},{"@type":"ImageObject","inLanguage":"ro-RO","@id":"https:\/\/bas-tv.md\/ro\/alegeri-locale-2023-astazi-este-ultima-zi-in-care-este-permisa-agitatia-electorala\/#primaryimage","url":"https:\/\/bas-tv.md\/wp-content\/uploads\/2023\/11\/1617687763_42-p-fon-dlya-reklamnogo-bannera-43-scaled.jpg","contentUrl":"https:\/\/bas-tv.md\/wp-content\/uploads\/2023\/11\/1617687763_42-p-fon-dlya-reklamnogo-bannera-43-scaled.jpg","width":2560,"height":1707,"caption":"FOTO: Simbol"},{"@type":"WebSite","@id":"https:\/\/bas-tv.md\/ro\/#website","url":"https:\/\/bas-tv.md\/ro\/","name":"BasTV","description":"Moldova","publisher":{"@id":"https:\/\/bas-tv.md\/ro\/#organization"},"potentialAction":[{"@type":"SearchAction","target":{"@type":"EntryPoint","urlTemplate":"https:\/\/bas-tv.md\/ro\/?s={search_term_string}"},"query-input":{"@type":"PropertyValueSpecification","valueRequired":true,"valueName":"search_term_string"}}],"inLanguage":"ro-RO"},{"@type":"Organization","@id":"https:\/\/bas-tv.md\/ro\/#organization","name":"BasTV","url":"https:\/\/bas-tv.md\/ro\/","logo":{"@type":"ImageObject","inLanguage":"ro-RO","@id":"https:\/\/bas-tv.md\/ro\/#\/schema\/logo\/image\/","url":"https:\/\/bas-tv.md\/wp-content\/uploads\/2023\/05\/bas-tv-culoarea-rosie.png","contentUrl":"https:\/\/bas-tv.md\/wp-content\/uploads\/2023\/05\/bas-tv-culoarea-rosie.png","width":202,"height":50,"caption":"BasTV"},"image":{"@id":"https:\/\/bas-tv.md\/ro\/#\/schema\/logo\/image\/"}},{"@type":"Person","@id":"https:\/\/bas-tv.md\/ro\/#\/schema\/person\/8740f45ea2eca1f1695284fc03529af0","name":"Redactor","image":{"@type":"ImageObject","inLanguage":"ro-RO","@id":"https:\/\/bas-tv.md\/wp-content\/litespeed\/avatar\/91c0586f3f6f4396a4ec1287c965eeeb.jpg?ver=1777555749","url":"https:\/\/bas-tv.md\/wp-content\/litespeed\/avatar\/91c0586f3f6f4396a4ec1287c965eeeb.jpg?ver=1777555749","contentUrl":"https:\/\/bas-tv.md\/wp-content\/litespeed\/avatar\/91c0586f3f6f4396a4ec1287c965eeeb.jpg?ver=1777555749","caption":"Redactor"},"url":"https:\/\/bas-tv.md\/ro\/author\/redactor\/"}]}},"views":442,"_links":{"self":[{"href":"https:\/\/bas-tv.md\/ro\/wp-json\/wp\/v2\/posts\/104479","targetHints":{"allow":["GET"]}}],"collection":[{"href":"https:\/\/bas-tv.md\/ro\/wp-json\/wp\/v2\/posts"}],"about":[{"href":"https:\/\/bas-tv.md\/ro\/wp-json\/wp\/v2\/types\/post"}],"author":[{"embeddable":true,"href":"https:\/\/bas-tv.md\/ro\/wp-json\/wp\/v2\/users\/3"}],"replies":[{"embeddable":true,"href":"https:\/\/bas-tv.md\/ro\/wp-json\/wp\/v2\/comments?post=104479"}],"version-history":[{"count":2,"href":"https:\/\/bas-tv.md\/ro\/wp-json\/wp\/v2\/posts\/104479\/revisions"}],"predecessor-version":[{"id":104484,"href":"https:\/\/bas-tv.md\/ro\/wp-json\/wp\/v2\/posts\/104479\/revisions\/104484"}],"wp:featuredmedia":[{"embeddable":true,"href":"https:\/\/bas-tv.md\/ro\/wp-json\/wp\/v2\/media\/104482"}],"wp:attachment":[{"href":"https:\/\/bas-tv.md\/ro\/wp-json\/wp\/v2\/media?parent=104479"}],"wp:term":[{"taxonomy":"category","embeddable":true,"href":"https:\/\/bas-tv.md\/ro\/wp-json\/wp\/v2\/categories?post=104479"},{"taxonomy":"post_tag","embeddable":true,"href":"https:\/\/bas-tv.md\/ro\/wp-json\/wp\/v2\/tags?post=104479"}],"curies":[{"name":"wp","href":"https:\/\/api.w.org\/{rel}","templated":true}]}}