{"id":104570,"date":"2023-11-04T15:00:43","date_gmt":"2023-11-04T13:00:43","guid":{"rendered":"https:\/\/bas-tv.md\/?p=104570"},"modified":"2023-11-04T18:41:58","modified_gmt":"2023-11-04T16:41:58","slug":"video-liceul-c-stere-din-s-abaclia-a-sarbatorit-hramul-institutiei","status":"publish","type":"post","link":"https:\/\/bas-tv.md\/ro\/video-liceul-c-stere-din-s-abaclia-a-sarbatorit-hramul-institutiei\/","title":{"rendered":"(VIDEO) Liceul ,,C. Stere\u201d din s. Abaclia a s\u0103rb\u0103torit hramul institu\u021biei"},"content":{"rendered":"<p><strong>\u00cen ziua pr\u0103znuirii Sf. Cuvioase Parascheva, Liceul Teoretic ,,Constantin Stere\u201d din s. Abaclia \u0219i-a s\u0103rb\u0103torit hramul. Programul activit\u0103\u021bii a debutat \u00een dou\u0103 etape: t\u00e2rgul caritabil \u0219i partea festiv\u0103. Cu ce au uimit elevii oaspe\u021bii evenimentului, urm\u0103ri\u021bi \u00een materialul realizat de Cartierul Tineretului.<\/strong><\/p>\n<p>S\u0103rb\u0103toarea a \u00eenceput cu un t\u00e2rg caritabil de obiecte artizanale \u0219i produse de patiserie.<\/p>\n<p>Pe l\u00e2ng\u0103 t\u00e2rg, cei mai talenta\u021bi elevii au sus\u021binut un concert de zile mari, iar publicul i-a admirat \u015fi i-a aplaudat cu frenezie. Pe scen\u0103 s-a c\u00e2ntat, s-a dansat, au fost recitate versuri, dar \u015fi alte surprize preg\u0103tite de organizatori.<\/p>\n<p>Activitatea a fost organizat\u0103 de Consiliul de Elevi \u0219i colectivul de profesori al liceului ,,Constantin Stere\u201d.<\/p>\n<p>Directoarea liceului, Valentina Stratila, a mul\u021bumit tuturor celor care au venit la s\u0103rb\u0103toare.<\/p>\n<p>\u00cen acest an, Liceul Teoretic &#8222;Constantin Stere&#8221; marcheaz\u0103 11 ani sub ocrotirea Sf. Cuvioase Parascheva.<\/p>\n<p><iframe title=\"Liceul ,,C. Stere\u201d din s. Abaclia a s\u0103rb\u0103torit hramul institu\u021biei\" width=\"580\" height=\"326\" data-src=\"https:\/\/www.youtube.com\/embed\/Zzn0ryp8qfk?feature=oembed\" frameborder=\"0\" allow=\"accelerometer; autoplay; clipboard-write; encrypted-media; gyroscope; picture-in-picture; web-share\" referrerpolicy=\"strict-origin-when-cross-origin\" allowfullscreen src=\"data:image\/svg+xml;base64,PHN2ZyB3aWR0aD0iMSIgaGVpZ2h0PSIxIiB4bWxucz0iaHR0cDovL3d3dy53My5vcmcvMjAwMC9zdmciPjwvc3ZnPg==\" class=\"lazyload\" data-load-mode=\"1\"><\/iframe><\/p>\n<p><b>Abona\u021bi-v\u0103 la noi pe re\u021bele sociale:\u00a0<\/b><a href=\"https:\/\/t.me\/bastvmd\"><b><i>Telegram<\/i><\/b><\/a><b>,\u00a0<\/b><a href=\"https:\/\/www.youtube.com\/channel\/UC-9005PnLnhpNM8PVSjP2dQ\/featured\"><b><i>YouTube<\/i><\/b><\/a><b>,\u00a0<\/b><a href=\"https:\/\/www.facebook.com\/bastv.md\"><b><i>Facebook<\/i><\/b><\/a>\u00a0\u0219i\u00a0<a href=\"https:\/\/www.instagram.com\/bastv.md\/\"><b><i>Instagram<\/i><\/b><\/a><b>.\u00a0 Aici public\u0103m \u0219tiri pe scurt!<\/b><\/p>\n","protected":false},"excerpt":{"rendered":"<p>\u00cen ziua pr\u0103znuirii Sf. Cuvioase Parascheva, Liceul Teoretic ,,Constantin Stere\u201d din s. Abaclia \u0219i-a s\u0103rb\u0103torit hramul. Programul activit\u0103\u021bii a debutat \u00een dou\u0103 etape: t\u00e2rgul caritabil \u0219i partea festiv\u0103. Cu ce au uimit elevii oaspe\u021bii evenimentului, urm\u0103ri\u021bi \u00een materialul realizat de Cartierul Tineretului. S\u0103rb\u0103toarea a \u00eenceput cu un t\u00e2rg caritabil de obiecte artizanale \u0219i produse de [&hellip;]<\/p>\n","protected":false},"author":3,"featured_media":104573,"comment_status":"open","ping_status":"open","sticky":false,"template":"","format":"standard","meta":{"footnotes":""},"categories":[195,579],"tags":[1528,1530,1414,1096,1529],"class_list":["post-104570","post","type-post","status-publish","format-standard","has-post-thumbnail","hentry","category-cartierul-tineretului-ro","category-proiectele-noastre","tag-c-stere","tag-hramul-institutiei","tag-liceul","tag-sarbatoare","tag-satul-abaclia"],"yoast_head":"<!-- This site is optimized with the Yoast SEO plugin v27.5 - https:\/\/yoast.com\/product\/yoast-seo-wordpress\/ -->\n<title>(VIDEO) Liceul ,,C. Stere\u201d din s. Abaclia a s\u0103rb\u0103torit hramul institu\u021biei - BasTV<\/title>\n<meta name=\"description\" content=\"\u00cen ziua pr\u0103znuirii Sf Parascovia, Liceul Teoretic ,,Constantin Stere\u201d din s. Abaclia \u0219i-a s\u0103rb\u0103torit hramul. Programul activit\u0103\u021bii a debutat \u00een dou\u0103 etape: t\u00e2rgul caritabil \u0219i partea festiv\u0103. Cu ce au uimit elevii oaspe\u021bii evenimentului, urm\u0103ri\u021bi \u00een materialul realizat de Cartierul Tineretului.\" \/>\n<meta name=\"robots\" content=\"index, follow, max-snippet:-1, max-image-preview:large, max-video-preview:-1\" \/>\n<link rel=\"canonical\" href=\"https:\/\/bas-tv.md\/ro\/video-liceul-c-stere-din-s-abaclia-a-sarbatorit-hramul-institutiei\/\" \/>\n<meta property=\"og:locale\" content=\"ro_RO\" \/>\n<meta property=\"og:type\" content=\"article\" \/>\n<meta property=\"og:title\" content=\"(VIDEO) Liceul ,,C. Stere\u201d din s. Abaclia a s\u0103rb\u0103torit hramul institu\u021biei - BasTV\" \/>\n<meta property=\"og:description\" content=\"\u00cen ziua pr\u0103znuirii Sf Parascovia, Liceul Teoretic ,,Constantin Stere\u201d din s. Abaclia \u0219i-a s\u0103rb\u0103torit hramul. Programul activit\u0103\u021bii a debutat \u00een dou\u0103 etape: t\u00e2rgul caritabil \u0219i partea festiv\u0103. Cu ce au uimit elevii oaspe\u021bii evenimentului, urm\u0103ri\u021bi \u00een materialul realizat de Cartierul Tineretului.\" \/>\n<meta property=\"og:url\" content=\"https:\/\/bas-tv.md\/ro\/video-liceul-c-stere-din-s-abaclia-a-sarbatorit-hramul-institutiei\/\" \/>\n<meta property=\"og:site_name\" content=\"BasTV\" \/>\n<meta property=\"article:published_time\" content=\"2023-11-04T13:00:43+00:00\" \/>\n<meta property=\"article:modified_time\" content=\"2023-11-04T16:41:58+00:00\" \/>\n<meta property=\"og:image\" content=\"https:\/\/bas-tv.md\/wp-content\/uploads\/2023\/11\/bezymyannyj-2-1024x502.png\" \/>\n\t<meta property=\"og:image:width\" content=\"1024\" \/>\n\t<meta property=\"og:image:height\" content=\"502\" \/>\n\t<meta property=\"og:image:type\" content=\"image\/png\" \/>\n<meta name=\"author\" content=\"Redactor\" \/>\n<meta name=\"twitter:card\" content=\"summary_large_image\" \/>\n<meta name=\"twitter:label1\" content=\"Scris de\" \/>\n\t<meta name=\"twitter:data1\" content=\"Redactor\" \/>\n\t<meta name=\"twitter:label2\" content=\"Timp estimat pentru citire\" \/>\n\t<meta name=\"twitter:data2\" content=\"1 minut\" \/>\n<script type=\"application\/ld+json\" class=\"yoast-schema-graph\">{\"@context\":\"https:\\\/\\\/schema.org\",\"@graph\":[{\"@type\":\"Article\",\"@id\":\"https:\\\/\\\/bas-tv.md\\\/ro\\\/video-liceul-c-stere-din-s-abaclia-a-sarbatorit-hramul-institutiei\\\/#article\",\"isPartOf\":{\"@id\":\"https:\\\/\\\/bas-tv.md\\\/ro\\\/video-liceul-c-stere-din-s-abaclia-a-sarbatorit-hramul-institutiei\\\/\"},\"author\":{\"name\":\"Redactor\",\"@id\":\"https:\\\/\\\/bas-tv.md\\\/ro\\\/#\\\/schema\\\/person\\\/8740f45ea2eca1f1695284fc03529af0\"},\"headline\":\"(VIDEO) Liceul ,,C. Stere\u201d din s. Abaclia a s\u0103rb\u0103torit hramul institu\u021biei\",\"datePublished\":\"2023-11-04T13:00:43+00:00\",\"dateModified\":\"2023-11-04T16:41:58+00:00\",\"mainEntityOfPage\":{\"@id\":\"https:\\\/\\\/bas-tv.md\\\/ro\\\/video-liceul-c-stere-din-s-abaclia-a-sarbatorit-hramul-institutiei\\\/\"},\"wordCount\":198,\"commentCount\":0,\"publisher\":{\"@id\":\"https:\\\/\\\/bas-tv.md\\\/ro\\\/#organization\"},\"image\":{\"@id\":\"https:\\\/\\\/bas-tv.md\\\/ro\\\/video-liceul-c-stere-din-s-abaclia-a-sarbatorit-hramul-institutiei\\\/#primaryimage\"},\"thumbnailUrl\":\"https:\\\/\\\/bas-tv.md\\\/wp-content\\\/uploads\\\/2023\\\/11\\\/bezymyannyj-2.png\",\"keywords\":[\"C. Stere\u201d\",\"hramul institu\u021biei\",\"liceul\",\"s\u0103rb\u0103toare\",\"satul Abaclia\"],\"articleSection\":[\"Cartierul Tineretului\",\"Proiectele noastre\"],\"inLanguage\":\"ro-RO\",\"potentialAction\":[{\"@type\":\"CommentAction\",\"name\":\"Comment\",\"target\":[\"https:\\\/\\\/bas-tv.md\\\/ro\\\/video-liceul-c-stere-din-s-abaclia-a-sarbatorit-hramul-institutiei\\\/#respond\"]}]},{\"@type\":\"WebPage\",\"@id\":\"https:\\\/\\\/bas-tv.md\\\/ro\\\/video-liceul-c-stere-din-s-abaclia-a-sarbatorit-hramul-institutiei\\\/\",\"url\":\"https:\\\/\\\/bas-tv.md\\\/ro\\\/video-liceul-c-stere-din-s-abaclia-a-sarbatorit-hramul-institutiei\\\/\",\"name\":\"(VIDEO) Liceul ,,C. Stere\u201d din s. Abaclia a s\u0103rb\u0103torit hramul institu\u021biei - BasTV\",\"isPartOf\":{\"@id\":\"https:\\\/\\\/bas-tv.md\\\/ro\\\/#website\"},\"primaryImageOfPage\":{\"@id\":\"https:\\\/\\\/bas-tv.md\\\/ro\\\/video-liceul-c-stere-din-s-abaclia-a-sarbatorit-hramul-institutiei\\\/#primaryimage\"},\"image\":{\"@id\":\"https:\\\/\\\/bas-tv.md\\\/ro\\\/video-liceul-c-stere-din-s-abaclia-a-sarbatorit-hramul-institutiei\\\/#primaryimage\"},\"thumbnailUrl\":\"https:\\\/\\\/bas-tv.md\\\/wp-content\\\/uploads\\\/2023\\\/11\\\/bezymyannyj-2.png\",\"datePublished\":\"2023-11-04T13:00:43+00:00\",\"dateModified\":\"2023-11-04T16:41:58+00:00\",\"description\":\"\u00cen ziua pr\u0103znuirii Sf Parascovia, Liceul Teoretic ,,Constantin Stere\u201d din s. Abaclia \u0219i-a s\u0103rb\u0103torit hramul. Programul activit\u0103\u021bii a debutat \u00een dou\u0103 etape: t\u00e2rgul caritabil \u0219i partea festiv\u0103. Cu ce au uimit elevii oaspe\u021bii evenimentului, urm\u0103ri\u021bi \u00een materialul realizat de Cartierul Tineretului.\",\"inLanguage\":\"ro-RO\",\"potentialAction\":[{\"@type\":\"ReadAction\",\"target\":[\"https:\\\/\\\/bas-tv.md\\\/ro\\\/video-liceul-c-stere-din-s-abaclia-a-sarbatorit-hramul-institutiei\\\/\"]}]},{\"@type\":\"ImageObject\",\"inLanguage\":\"ro-RO\",\"@id\":\"https:\\\/\\\/bas-tv.md\\\/ro\\\/video-liceul-c-stere-din-s-abaclia-a-sarbatorit-hramul-institutiei\\\/#primaryimage\",\"url\":\"https:\\\/\\\/bas-tv.md\\\/wp-content\\\/uploads\\\/2023\\\/11\\\/bezymyannyj-2.png\",\"contentUrl\":\"https:\\\/\\\/bas-tv.md\\\/wp-content\\\/uploads\\\/2023\\\/11\\\/bezymyannyj-2.png\",\"width\":1573,\"height\":771,\"caption\":\"Foto: BAStv\"},{\"@type\":\"WebSite\",\"@id\":\"https:\\\/\\\/bas-tv.md\\\/ro\\\/#website\",\"url\":\"https:\\\/\\\/bas-tv.md\\\/ro\\\/\",\"name\":\"BasTV\",\"description\":\"Moldova\",\"publisher\":{\"@id\":\"https:\\\/\\\/bas-tv.md\\\/ro\\\/#organization\"},\"potentialAction\":[{\"@type\":\"SearchAction\",\"target\":{\"@type\":\"EntryPoint\",\"urlTemplate\":\"https:\\\/\\\/bas-tv.md\\\/ro\\\/?s={search_term_string}\"},\"query-input\":{\"@type\":\"PropertyValueSpecification\",\"valueRequired\":true,\"valueName\":\"search_term_string\"}}],\"inLanguage\":\"ro-RO\"},{\"@type\":\"Organization\",\"@id\":\"https:\\\/\\\/bas-tv.md\\\/ro\\\/#organization\",\"name\":\"BasTV\",\"url\":\"https:\\\/\\\/bas-tv.md\\\/ro\\\/\",\"logo\":{\"@type\":\"ImageObject\",\"inLanguage\":\"ro-RO\",\"@id\":\"https:\\\/\\\/bas-tv.md\\\/ro\\\/#\\\/schema\\\/logo\\\/image\\\/\",\"url\":\"https:\\\/\\\/bas-tv.md\\\/wp-content\\\/uploads\\\/2023\\\/05\\\/bas-tv-culoarea-rosie.png\",\"contentUrl\":\"https:\\\/\\\/bas-tv.md\\\/wp-content\\\/uploads\\\/2023\\\/05\\\/bas-tv-culoarea-rosie.png\",\"width\":202,\"height\":50,\"caption\":\"BasTV\"},\"image\":{\"@id\":\"https:\\\/\\\/bas-tv.md\\\/ro\\\/#\\\/schema\\\/logo\\\/image\\\/\"}},{\"@type\":\"Person\",\"@id\":\"https:\\\/\\\/bas-tv.md\\\/ro\\\/#\\\/schema\\\/person\\\/8740f45ea2eca1f1695284fc03529af0\",\"name\":\"Redactor\",\"image\":{\"@type\":\"ImageObject\",\"inLanguage\":\"ro-RO\",\"@id\":\"https:\\\/\\\/secure.gravatar.com\\\/avatar\\\/45b6af9fc91c10b15a8b40e67c1f57bab2e9614fc9f0af95cf453d61934e9aad?s=96&d=mm&r=g\",\"url\":\"https:\\\/\\\/secure.gravatar.com\\\/avatar\\\/45b6af9fc91c10b15a8b40e67c1f57bab2e9614fc9f0af95cf453d61934e9aad?s=96&d=mm&r=g\",\"contentUrl\":\"https:\\\/\\\/secure.gravatar.com\\\/avatar\\\/45b6af9fc91c10b15a8b40e67c1f57bab2e9614fc9f0af95cf453d61934e9aad?s=96&d=mm&r=g\",\"caption\":\"Redactor\"},\"url\":\"https:\\\/\\\/bas-tv.md\\\/ro\\\/author\\\/redactor\\\/\"}]}<\/script>\n<!-- \/ Yoast SEO plugin. -->","yoast_head_json":{"title":"(VIDEO) Liceul ,,C. Stere\u201d din s. Abaclia a s\u0103rb\u0103torit hramul institu\u021biei - BasTV","description":"\u00cen ziua pr\u0103znuirii Sf Parascovia, Liceul Teoretic ,,Constantin Stere\u201d din s. Abaclia \u0219i-a s\u0103rb\u0103torit hramul. Programul activit\u0103\u021bii a debutat \u00een dou\u0103 etape: t\u00e2rgul caritabil \u0219i partea festiv\u0103. Cu ce au uimit elevii oaspe\u021bii evenimentului, urm\u0103ri\u021bi \u00een materialul realizat de Cartierul Tineretului.","robots":{"index":"index","follow":"follow","max-snippet":"max-snippet:-1","max-image-preview":"max-image-preview:large","max-video-preview":"max-video-preview:-1"},"canonical":"https:\/\/bas-tv.md\/ro\/video-liceul-c-stere-din-s-abaclia-a-sarbatorit-hramul-institutiei\/","og_locale":"ro_RO","og_type":"article","og_title":"(VIDEO) Liceul ,,C. Stere\u201d din s. Abaclia a s\u0103rb\u0103torit hramul institu\u021biei - BasTV","og_description":"\u00cen ziua pr\u0103znuirii Sf Parascovia, Liceul Teoretic ,,Constantin Stere\u201d din s. Abaclia \u0219i-a s\u0103rb\u0103torit hramul. Programul activit\u0103\u021bii a debutat \u00een dou\u0103 etape: t\u00e2rgul caritabil \u0219i partea festiv\u0103. Cu ce au uimit elevii oaspe\u021bii evenimentului, urm\u0103ri\u021bi \u00een materialul realizat de Cartierul Tineretului.","og_url":"https:\/\/bas-tv.md\/ro\/video-liceul-c-stere-din-s-abaclia-a-sarbatorit-hramul-institutiei\/","og_site_name":"BasTV","article_published_time":"2023-11-04T13:00:43+00:00","article_modified_time":"2023-11-04T16:41:58+00:00","og_image":[{"width":1024,"height":502,"url":"https:\/\/bas-tv.md\/wp-content\/uploads\/2023\/11\/bezymyannyj-2-1024x502.png","type":"image\/png"}],"author":"Redactor","twitter_card":"summary_large_image","twitter_misc":{"Scris de":"Redactor","Timp estimat pentru citire":"1 minut"},"schema":{"@context":"https:\/\/schema.org","@graph":[{"@type":"Article","@id":"https:\/\/bas-tv.md\/ro\/video-liceul-c-stere-din-s-abaclia-a-sarbatorit-hramul-institutiei\/#article","isPartOf":{"@id":"https:\/\/bas-tv.md\/ro\/video-liceul-c-stere-din-s-abaclia-a-sarbatorit-hramul-institutiei\/"},"author":{"name":"Redactor","@id":"https:\/\/bas-tv.md\/ro\/#\/schema\/person\/8740f45ea2eca1f1695284fc03529af0"},"headline":"(VIDEO) Liceul ,,C. Stere\u201d din s. Abaclia a s\u0103rb\u0103torit hramul institu\u021biei","datePublished":"2023-11-04T13:00:43+00:00","dateModified":"2023-11-04T16:41:58+00:00","mainEntityOfPage":{"@id":"https:\/\/bas-tv.md\/ro\/video-liceul-c-stere-din-s-abaclia-a-sarbatorit-hramul-institutiei\/"},"wordCount":198,"commentCount":0,"publisher":{"@id":"https:\/\/bas-tv.md\/ro\/#organization"},"image":{"@id":"https:\/\/bas-tv.md\/ro\/video-liceul-c-stere-din-s-abaclia-a-sarbatorit-hramul-institutiei\/#primaryimage"},"thumbnailUrl":"https:\/\/bas-tv.md\/wp-content\/uploads\/2023\/11\/bezymyannyj-2.png","keywords":["C. Stere\u201d","hramul institu\u021biei","liceul","s\u0103rb\u0103toare","satul Abaclia"],"articleSection":["Cartierul Tineretului","Proiectele noastre"],"inLanguage":"ro-RO","potentialAction":[{"@type":"CommentAction","name":"Comment","target":["https:\/\/bas-tv.md\/ro\/video-liceul-c-stere-din-s-abaclia-a-sarbatorit-hramul-institutiei\/#respond"]}]},{"@type":"WebPage","@id":"https:\/\/bas-tv.md\/ro\/video-liceul-c-stere-din-s-abaclia-a-sarbatorit-hramul-institutiei\/","url":"https:\/\/bas-tv.md\/ro\/video-liceul-c-stere-din-s-abaclia-a-sarbatorit-hramul-institutiei\/","name":"(VIDEO) Liceul ,,C. Stere\u201d din s. Abaclia a s\u0103rb\u0103torit hramul institu\u021biei - BasTV","isPartOf":{"@id":"https:\/\/bas-tv.md\/ro\/#website"},"primaryImageOfPage":{"@id":"https:\/\/bas-tv.md\/ro\/video-liceul-c-stere-din-s-abaclia-a-sarbatorit-hramul-institutiei\/#primaryimage"},"image":{"@id":"https:\/\/bas-tv.md\/ro\/video-liceul-c-stere-din-s-abaclia-a-sarbatorit-hramul-institutiei\/#primaryimage"},"thumbnailUrl":"https:\/\/bas-tv.md\/wp-content\/uploads\/2023\/11\/bezymyannyj-2.png","datePublished":"2023-11-04T13:00:43+00:00","dateModified":"2023-11-04T16:41:58+00:00","description":"\u00cen ziua pr\u0103znuirii Sf Parascovia, Liceul Teoretic ,,Constantin Stere\u201d din s. Abaclia \u0219i-a s\u0103rb\u0103torit hramul. Programul activit\u0103\u021bii a debutat \u00een dou\u0103 etape: t\u00e2rgul caritabil \u0219i partea festiv\u0103. Cu ce au uimit elevii oaspe\u021bii evenimentului, urm\u0103ri\u021bi \u00een materialul realizat de Cartierul Tineretului.","inLanguage":"ro-RO","potentialAction":[{"@type":"ReadAction","target":["https:\/\/bas-tv.md\/ro\/video-liceul-c-stere-din-s-abaclia-a-sarbatorit-hramul-institutiei\/"]}]},{"@type":"ImageObject","inLanguage":"ro-RO","@id":"https:\/\/bas-tv.md\/ro\/video-liceul-c-stere-din-s-abaclia-a-sarbatorit-hramul-institutiei\/#primaryimage","url":"https:\/\/bas-tv.md\/wp-content\/uploads\/2023\/11\/bezymyannyj-2.png","contentUrl":"https:\/\/bas-tv.md\/wp-content\/uploads\/2023\/11\/bezymyannyj-2.png","width":1573,"height":771,"caption":"Foto: BAStv"},{"@type":"WebSite","@id":"https:\/\/bas-tv.md\/ro\/#website","url":"https:\/\/bas-tv.md\/ro\/","name":"BasTV","description":"Moldova","publisher":{"@id":"https:\/\/bas-tv.md\/ro\/#organization"},"potentialAction":[{"@type":"SearchAction","target":{"@type":"EntryPoint","urlTemplate":"https:\/\/bas-tv.md\/ro\/?s={search_term_string}"},"query-input":{"@type":"PropertyValueSpecification","valueRequired":true,"valueName":"search_term_string"}}],"inLanguage":"ro-RO"},{"@type":"Organization","@id":"https:\/\/bas-tv.md\/ro\/#organization","name":"BasTV","url":"https:\/\/bas-tv.md\/ro\/","logo":{"@type":"ImageObject","inLanguage":"ro-RO","@id":"https:\/\/bas-tv.md\/ro\/#\/schema\/logo\/image\/","url":"https:\/\/bas-tv.md\/wp-content\/uploads\/2023\/05\/bas-tv-culoarea-rosie.png","contentUrl":"https:\/\/bas-tv.md\/wp-content\/uploads\/2023\/05\/bas-tv-culoarea-rosie.png","width":202,"height":50,"caption":"BasTV"},"image":{"@id":"https:\/\/bas-tv.md\/ro\/#\/schema\/logo\/image\/"}},{"@type":"Person","@id":"https:\/\/bas-tv.md\/ro\/#\/schema\/person\/8740f45ea2eca1f1695284fc03529af0","name":"Redactor","image":{"@type":"ImageObject","inLanguage":"ro-RO","@id":"https:\/\/secure.gravatar.com\/avatar\/45b6af9fc91c10b15a8b40e67c1f57bab2e9614fc9f0af95cf453d61934e9aad?s=96&d=mm&r=g","url":"https:\/\/secure.gravatar.com\/avatar\/45b6af9fc91c10b15a8b40e67c1f57bab2e9614fc9f0af95cf453d61934e9aad?s=96&d=mm&r=g","contentUrl":"https:\/\/secure.gravatar.com\/avatar\/45b6af9fc91c10b15a8b40e67c1f57bab2e9614fc9f0af95cf453d61934e9aad?s=96&d=mm&r=g","caption":"Redactor"},"url":"https:\/\/bas-tv.md\/ro\/author\/redactor\/"}]}},"views":552,"_links":{"self":[{"href":"https:\/\/bas-tv.md\/ro\/wp-json\/wp\/v2\/posts\/104570","targetHints":{"allow":["GET"]}}],"collection":[{"href":"https:\/\/bas-tv.md\/ro\/wp-json\/wp\/v2\/posts"}],"about":[{"href":"https:\/\/bas-tv.md\/ro\/wp-json\/wp\/v2\/types\/post"}],"author":[{"embeddable":true,"href":"https:\/\/bas-tv.md\/ro\/wp-json\/wp\/v2\/users\/3"}],"replies":[{"embeddable":true,"href":"https:\/\/bas-tv.md\/ro\/wp-json\/wp\/v2\/comments?post=104570"}],"version-history":[{"count":4,"href":"https:\/\/bas-tv.md\/ro\/wp-json\/wp\/v2\/posts\/104570\/revisions"}],"predecessor-version":[{"id":104600,"href":"https:\/\/bas-tv.md\/ro\/wp-json\/wp\/v2\/posts\/104570\/revisions\/104600"}],"wp:featuredmedia":[{"embeddable":true,"href":"https:\/\/bas-tv.md\/ro\/wp-json\/wp\/v2\/media\/104573"}],"wp:attachment":[{"href":"https:\/\/bas-tv.md\/ro\/wp-json\/wp\/v2\/media?parent=104570"}],"wp:term":[{"taxonomy":"category","embeddable":true,"href":"https:\/\/bas-tv.md\/ro\/wp-json\/wp\/v2\/categories?post=104570"},{"taxonomy":"post_tag","embeddable":true,"href":"https:\/\/bas-tv.md\/ro\/wp-json\/wp\/v2\/tags?post=104570"}],"curies":[{"name":"wp","href":"https:\/\/api.w.org\/{rel}","templated":true}]}}