{"id":104786,"date":"2023-11-06T13:01:57","date_gmt":"2023-11-06T11:01:57","guid":{"rendered":"https:\/\/bas-tv.md\/?p=104786"},"modified":"2023-11-07T10:05:56","modified_gmt":"2023-11-07T08:05:56","slug":"rezultatele-alegerilor-pentru-functia-de-primar-in-toate-localitatile-raionului-basarabeasca","status":"publish","type":"post","link":"https:\/\/bas-tv.md\/ro\/rezultatele-alegerilor-pentru-functia-de-primar-in-toate-localitatile-raionului-basarabeasca\/","title":{"rendered":"Rezultatele alegerilor pentru func\u021bia de primar \u00een toate localit\u0103\u021bile raionului Basarabeasca"},"content":{"rendered":"<p><strong>\u00cen 6 din cele 7 localit\u0103\u021bi a raionului Basarabeasca au fost ale\u0219i propriii primari. Doar \u00een ora\u0219ul Basarabeasca acesta nu a fost determinat din primul scrutin, urm\u00e2nd a fi organizat al doilea tur. Rezultatele totale le pute\u021bi citi \u00een materialul BAStv.<\/strong><\/p>\n<p><strong>Ora\u0219ul Basarabeasca<\/strong><\/p>\n<p>Aleg\u0103torii din ora\u0219ul Basarabeasca nu au reu\u0219it s\u0103 determine din prima primarul. Ini\u021bial, 9 candida\u021bi au concurat pentru func\u021bia de primar al ora\u0219ului Basarabeasca. Dup\u0103 ce partidul \u201e\u0218ansa\u201d a fost scos din alegeri, au mai r\u0103mas 8. Majoritatea voturilor sau 32,1% a fost oferit\u0103 reprezentantului Partidului Socialist din Republica Moldova, Piotr Pu\u0219cari, care de\u021bine func\u021bia de pre\u0219edinte al consiliului raional. Candidatul independent Valentin Chimpoes, care este actualul primar al ora\u0219ului, a fost \u00een spatele lui cu aproximativ 1% sau 35 de voturi, iar 21% dintre aleg\u0103tori l-au votat pe candidatul din partea partidul Rena\u0219tere, antreprenorul Fiodor Nikolaev.<\/p>\n<p><a href=\"https:\/\/bas-tv.md\/wp-content\/uploads\/2023\/11\/bas2-1.jpg\"><img fetchpriority=\"high\" decoding=\"async\" class=\"aligncenter size-full wp-image-104788\" src=\"https:\/\/bas-tv.md\/wp-content\/uploads\/2023\/11\/bas2-1.jpg\" alt=\"\" width=\"854\" height=\"622\" srcset=\"https:\/\/bas-tv.md\/wp-content\/uploads\/2023\/11\/bas2-1.jpg 854w, https:\/\/bas-tv.md\/wp-content\/uploads\/2023\/11\/bas2-1-300x219.jpg 300w, https:\/\/bas-tv.md\/wp-content\/uploads\/2023\/11\/bas2-1-768x559.jpg 768w\" sizes=\"(max-width: 854px) 100vw, 854px\" \/><\/a><\/p>\n<p>Candida\u021bii r\u0103ma\u0219i au primit \u00een total 15,85% de voturi.<\/p>\n<p><a href=\"https:\/\/bas-tv.md\/wp-content\/uploads\/2023\/11\/bas3-1.jpg\"><img decoding=\"async\" class=\"aligncenter size-full wp-image-104790\" src=\"https:\/\/bas-tv.md\/wp-content\/uploads\/2023\/11\/bas3-1.jpg\" alt=\"\" width=\"856\" height=\"755\" srcset=\"https:\/\/bas-tv.md\/wp-content\/uploads\/2023\/11\/bas3-1.jpg 856w, https:\/\/bas-tv.md\/wp-content\/uploads\/2023\/11\/bas3-1-300x265.jpg 300w, https:\/\/bas-tv.md\/wp-content\/uploads\/2023\/11\/bas3-1-768x677.jpg 768w\" sizes=\"(max-width: 856px) 100vw, 856px\" \/><\/a><\/p>\n<p>\u00centruc\u00e2t niciunul dintre candida\u021bi nu a primit mai mult de 50% din voturi, peste 2 s\u0103pt\u0103m\u00e2ni va avea loc turul doi al alegerilor pentru func\u021bia de primar. Aleg\u0103torii vor trebui s\u0103 aleag\u0103 \u00eentre doi candida\u021bi &#8211; Piotr Pu\u0219cari \u0219i Valentin Cimpoe\u0219. Este a treia oar\u0103 c\u00e2nd ace\u0219ti doi candida\u021bi lupt\u0103 pentru postul de primar \u00een turul doi.<\/p>\n<p><strong>Comuna Iserlia<\/strong><\/p>\n<p>\u00cen comuna Iserlia, fosta \u0219ef\u0103 a administra\u021biei locale, Ludmila Rotari, care a candidat \u00een calitate de reprezentant al PSRM, a fost reales\u0103 \u00een func\u021bia de primar. Dup\u0103 excluderea de la alegeri a concurentului electoral din forma\u0163ia \u015eansa, ea a r\u0103mas singura candidat\u0103 la func\u0163ia de primar al comunei. Pentru ea au votat 324 de aleg\u0103tori.<\/p>\n<p><a href=\"https:\/\/bas-tv.md\/wp-content\/uploads\/2023\/11\/vybory5-1.jpg\"><img decoding=\"async\" class=\"aligncenter size-full wp-image-104792\" src=\"https:\/\/bas-tv.md\/wp-content\/uploads\/2023\/11\/vybory5-1.jpg\" alt=\"\" width=\"867\" height=\"699\" srcset=\"https:\/\/bas-tv.md\/wp-content\/uploads\/2023\/11\/vybory5-1.jpg 867w, https:\/\/bas-tv.md\/wp-content\/uploads\/2023\/11\/vybory5-1-300x242.jpg 300w, https:\/\/bas-tv.md\/wp-content\/uploads\/2023\/11\/vybory5-1-768x619.jpg 768w\" sizes=\"(max-width: 867px) 100vw, 867px\" \/><\/a><\/p>\n<p><strong>Satul Carabetovca<\/strong><\/p>\n<p>Potrivit rezultatelor vot\u0103rii din satul Carabetovca, majoritatea a fost c\u00e2\u0219tigat\u0103 de fostul primar al satului, Sergiu Racil\u0103, care a candidat \u00een calitate de reprezentant al partidului PAS. Dup\u0103 excluderea de la alegeri a candida\u021bilor din forma\u021biunea \u0218ansa, la postul de primar al satului au candidat dou\u0103 persoane &#8211; Sergiu Racil\u0103 (PAS) \u0219i Ana Dranga (candidat independent). Dup\u0103 num\u0103rarea voturilor, a rezultat c\u0103 Sergiu Racil\u0103 a c\u00e2\u0219tigat alegerile cu 54,92% din voturi. Pentru Ana Dranga au votat \u00een total 45,08% dintre aleg\u0103tori.<\/p>\n<p><a href=\"https:\/\/bas-tv.md\/wp-content\/uploads\/2023\/11\/karab-1.jpg\"><img loading=\"lazy\" decoding=\"async\" class=\"aligncenter size-full wp-image-104794\" src=\"https:\/\/bas-tv.md\/wp-content\/uploads\/2023\/11\/karab-1.jpg\" alt=\"\" width=\"863\" height=\"784\" srcset=\"https:\/\/bas-tv.md\/wp-content\/uploads\/2023\/11\/karab-1.jpg 863w, https:\/\/bas-tv.md\/wp-content\/uploads\/2023\/11\/karab-1-300x273.jpg 300w, https:\/\/bas-tv.md\/wp-content\/uploads\/2023\/11\/karab-1-768x698.jpg 768w\" sizes=\"(max-width: 863px) 100vw, 863px\" \/><\/a><\/p>\n<p><strong>Satul Iordanovca<\/strong><\/p>\n<p>\u00cen satul Iordanovca majoritatea aleg\u0103torilor sau 63,6% &#8211; au votat pentru candidatul PAS, Viorica Scobioal\u0103. Doi concuren\u021bi electorali au concurat pentru func\u021bia de primar al satului Iordanovca &#8211; Viorica Scobioal\u0103 \u0219i Anatolie Mereanu. Potrivit rezultatelor vot\u0103rii, fostul primar al satului, Anatolie Mereanu, a pierdut \u00een fa\u021ba contracandidatei, ob\u021bin\u00e2nd 36,94% din voturi.<\/p>\n<p><a href=\"https:\/\/bas-tv.md\/wp-content\/uploads\/2023\/11\/iord-1.jpg\"><img loading=\"lazy\" decoding=\"async\" class=\"aligncenter size-full wp-image-104796\" src=\"https:\/\/bas-tv.md\/wp-content\/uploads\/2023\/11\/iord-1.jpg\" alt=\"\" width=\"868\" height=\"678\" srcset=\"https:\/\/bas-tv.md\/wp-content\/uploads\/2023\/11\/iord-1.jpg 868w, https:\/\/bas-tv.md\/wp-content\/uploads\/2023\/11\/iord-1-300x234.jpg 300w, https:\/\/bas-tv.md\/wp-content\/uploads\/2023\/11\/iord-1-768x600.jpg 768w\" sizes=\"(max-width: 868px) 100vw, 868px\" \/><\/a><\/p>\n<p><strong>Satul Abaclia<\/strong><\/p>\n<p>\u00cen satul Abaclia, potrivit rezultatelor vot\u0103rii, majoritatea sau 54,07% din voturi a fost \u00eenregistrat\u0103 \u00een folosul fostului primar al satului, Victor Niculi\u021b\u0103, candidat din partea PLDM. Pentru func\u021bia de primar al satului Abaclia au concurat 6 candida\u021bi, cu excep\u021bia reprezentantului partidului \u201e\u0218ansa\u201d, care a fost retras de la alegeri. Drept urmare, peste 54% dintre aleg\u0103tori l-au votat pe fostul \u0219ef al administra\u021biei locale, Victor Niculi\u021b\u0103. Pe locul doi s-a clasat Gheorghe Be\u015fleag\u0103, reprezentantul Partidului Verde Ecologist din Moldova cu 15,63%, Ion M\u00een\u0103scurt\u0103, reprezentantul partidului PAS, fiind u\u0219or \u00een urma lui cu 14,86%.<\/p>\n<p><a href=\"https:\/\/bas-tv.md\/wp-content\/uploads\/2023\/11\/abak-1-768x789-1.jpg\"><img loading=\"lazy\" decoding=\"async\" class=\"aligncenter size-full wp-image-104798\" src=\"https:\/\/bas-tv.md\/wp-content\/uploads\/2023\/11\/abak-1-768x789-1.jpg\" alt=\"\" width=\"768\" height=\"789\" srcset=\"https:\/\/bas-tv.md\/wp-content\/uploads\/2023\/11\/abak-1-768x789-1.jpg 768w, https:\/\/bas-tv.md\/wp-content\/uploads\/2023\/11\/abak-1-768x789-1-292x300.jpg 292w\" sizes=\"(max-width: 768px) 100vw, 768px\" \/><\/a><\/p>\n<p><strong>Satul Sadaclia<\/strong><\/p>\n<p>Aproape 80% dintre aleg\u0103torii satului Sadaclia au votat pentru candidatul PAS Ion Galeru, care fusese anterior primar al satului. Concuren\u021bii s\u0103i au fost Maria Garaba \u0219i Anatolie Prochni\u021bchi care au primit 11,04% \u0219i respectiv 9,05% din voturi.<\/p>\n<p><a href=\"https:\/\/bas-tv.md\/wp-content\/uploads\/2023\/11\/sadak-1.jpg\"><img loading=\"lazy\" decoding=\"async\" class=\"aligncenter size-full wp-image-104800\" src=\"https:\/\/bas-tv.md\/wp-content\/uploads\/2023\/11\/sadak-1.jpg\" alt=\"\" width=\"876\" height=\"716\" srcset=\"https:\/\/bas-tv.md\/wp-content\/uploads\/2023\/11\/sadak-1.jpg 876w, https:\/\/bas-tv.md\/wp-content\/uploads\/2023\/11\/sadak-1-300x245.jpg 300w, https:\/\/bas-tv.md\/wp-content\/uploads\/2023\/11\/sadak-1-768x628.jpg 768w\" sizes=\"(max-width: 876px) 100vw, 876px\" \/><\/a><\/p>\n<p><strong>Satul Ba\u0219calia<\/strong><\/p>\n<p>\u00cen Ba\u0219calia, cinci concuren\u021bi electorali au concurat pentru postul de primar al satului. Reprezentantul PP DA Ilie Cern\u0103u\u021ban a c\u00e2\u0219tigat alegerile, pentru el au votat aproape 59% dintre aleg\u0103tori. Pe locul doi ca num\u0103r de voturi se afl\u0103 candidatul independent Ion Bordan cu pu\u021bin peste 19%. Candidatul PAS Maria Bordan a primit aproximariv 13% din voturi.<\/p>\n<p><a href=\"https:\/\/bas-tv.md\/wp-content\/uploads\/2023\/11\/bashk-1.jpg\"><img loading=\"lazy\" decoding=\"async\" class=\"aligncenter size-full wp-image-104802\" src=\"https:\/\/bas-tv.md\/wp-content\/uploads\/2023\/11\/bashk-1.jpg\" alt=\"\" width=\"865\" height=\"867\" srcset=\"https:\/\/bas-tv.md\/wp-content\/uploads\/2023\/11\/bashk-1.jpg 865w, https:\/\/bas-tv.md\/wp-content\/uploads\/2023\/11\/bashk-1-300x300.jpg 300w, https:\/\/bas-tv.md\/wp-content\/uploads\/2023\/11\/bashk-1-150x150.jpg 150w, https:\/\/bas-tv.md\/wp-content\/uploads\/2023\/11\/bashk-1-768x770.jpg 768w\" sizes=\"(max-width: 865px) 100vw, 865px\" \/><\/a><\/p>\n<p>Prezen\u021ba medie la alegeri \u00een raion a fost de 36,6%, cu 5% mai pu\u021bin dec\u00e2t \u00een \u200b\u200bmedie pe \u021bar\u0103.<\/p>\n<p><b>Abona\u021bi-v\u0103 la noi pe re\u021bele sociale:\u00a0<\/b><a href=\"https:\/\/t.me\/bastvmd\"><b><i>Telegram<\/i><\/b><\/a><b>,\u00a0<\/b><a href=\"https:\/\/www.youtube.com\/channel\/UC-9005PnLnhpNM8PVSjP2dQ\/featured\"><b><i>YouTube<\/i><\/b><\/a><b>,\u00a0<\/b><a href=\"https:\/\/www.facebook.com\/bastv.md\"><b><i>Facebook<\/i><\/b><\/a>\u00a0\u0219i\u00a0<a href=\"https:\/\/www.instagram.com\/bastv.md\/\"><b><i>Instagram<\/i><\/b><\/a><b>.\u00a0 Aici public\u0103m \u0219tiri pe scurt!<\/b><\/p>\n<p>&nbsp;<\/p>\n","protected":false},"excerpt":{"rendered":"<p>\u00cen 6 din cele 7 localit\u0103\u021bi a raionului Basarabeasca au fost ale\u0219i propriii primari. Doar \u00een ora\u0219ul Basarabeasca acesta nu a fost determinat din primul scrutin, urm\u00e2nd a fi organizat al doilea tur. Rezultatele totale le pute\u021bi citi \u00een materialul BAStv. Ora\u0219ul Basarabeasca Aleg\u0103torii din ora\u0219ul Basarabeasca nu au reu\u0219it s\u0103 determine din prima primarul. [&hellip;]<\/p>\n","protected":false},"author":3,"featured_media":104804,"comment_status":"open","ping_status":"open","sticky":false,"template":"","format":"standard","meta":{"footnotes":""},"categories":[602,1248],"tags":[1434,1405],"class_list":["post-104786","post","type-post","status-publish","format-standard","has-post-thumbnail","hentry","category-actualitate","category-electorala-2023-ro","tag-alegeri-locale-generale","tag-alegerile-locale"],"yoast_head":"<!-- This site is optimized with the Yoast SEO plugin v27.5 - https:\/\/yoast.com\/product\/yoast-seo-wordpress\/ -->\n<title>Rezultatele alegerilor pentru func\u021bia de primar \u00een toate localit\u0103\u021bile raionului Basarabeasca - BasTV<\/title>\n<meta name=\"description\" content=\"\u00cen 6 din cele 7 localit\u0103\u021bi a raionului Basarabeasca au fost ale\u0219i propriii primari. Doar \u00een ora\u0219ul Basarabeasca acesta nu a fost determinat din primul scrutin, urm\u00e2nd a fi organizat al doilea tur. Rezultatele totale le pute\u021bi citi \u00een materialul BAStv.\" \/>\n<meta name=\"robots\" content=\"index, follow, max-snippet:-1, max-image-preview:large, max-video-preview:-1\" \/>\n<link rel=\"canonical\" href=\"https:\/\/bas-tv.md\/ro\/rezultatele-alegerilor-pentru-functia-de-primar-in-toate-localitatile-raionului-basarabeasca\/\" \/>\n<meta property=\"og:locale\" content=\"ro_RO\" \/>\n<meta property=\"og:type\" content=\"article\" \/>\n<meta property=\"og:title\" content=\"Rezultatele alegerilor pentru func\u021bia de primar \u00een toate localit\u0103\u021bile raionului Basarabeasca - BasTV\" \/>\n<meta property=\"og:description\" content=\"\u00cen 6 din cele 7 localit\u0103\u021bi a raionului Basarabeasca au fost ale\u0219i propriii primari. Doar \u00een ora\u0219ul Basarabeasca acesta nu a fost determinat din primul scrutin, urm\u00e2nd a fi organizat al doilea tur. Rezultatele totale le pute\u021bi citi \u00een materialul BAStv.\" \/>\n<meta property=\"og:url\" content=\"https:\/\/bas-tv.md\/ro\/rezultatele-alegerilor-pentru-functia-de-primar-in-toate-localitatile-raionului-basarabeasca\/\" \/>\n<meta property=\"og:site_name\" content=\"BasTV\" \/>\n<meta property=\"article:published_time\" content=\"2023-11-06T11:01:57+00:00\" \/>\n<meta property=\"article:modified_time\" content=\"2023-11-07T08:05:56+00:00\" \/>\n<meta property=\"og:image\" content=\"https:\/\/bas-tv.md\/wp-content\/uploads\/2023\/11\/0a72a097-a16f-4fb9-aa05-a87221b6a43b.jpg\" \/>\n\t<meta property=\"og:image:width\" content=\"420\" \/>\n\t<meta property=\"og:image:height\" content=\"273\" \/>\n\t<meta property=\"og:image:type\" content=\"image\/jpeg\" \/>\n<meta name=\"author\" content=\"Redactor\" \/>\n<meta name=\"twitter:card\" content=\"summary_large_image\" \/>\n<meta name=\"twitter:label1\" content=\"Scris de\" \/>\n\t<meta name=\"twitter:data1\" content=\"Redactor\" \/>\n\t<meta name=\"twitter:label2\" content=\"Timp estimat pentru citire\" \/>\n\t<meta name=\"twitter:data2\" content=\"5 minute\" \/>\n<script type=\"application\/ld+json\" class=\"yoast-schema-graph\">{\"@context\":\"https:\\\/\\\/schema.org\",\"@graph\":[{\"@type\":\"Article\",\"@id\":\"https:\\\/\\\/bas-tv.md\\\/ro\\\/rezultatele-alegerilor-pentru-functia-de-primar-in-toate-localitatile-raionului-basarabeasca\\\/#article\",\"isPartOf\":{\"@id\":\"https:\\\/\\\/bas-tv.md\\\/ro\\\/rezultatele-alegerilor-pentru-functia-de-primar-in-toate-localitatile-raionului-basarabeasca\\\/\"},\"author\":{\"name\":\"Redactor\",\"@id\":\"https:\\\/\\\/bas-tv.md\\\/ro\\\/#\\\/schema\\\/person\\\/8740f45ea2eca1f1695284fc03529af0\"},\"headline\":\"Rezultatele alegerilor pentru func\u021bia de primar \u00een toate localit\u0103\u021bile raionului Basarabeasca\",\"datePublished\":\"2023-11-06T11:01:57+00:00\",\"dateModified\":\"2023-11-07T08:05:56+00:00\",\"mainEntityOfPage\":{\"@id\":\"https:\\\/\\\/bas-tv.md\\\/ro\\\/rezultatele-alegerilor-pentru-functia-de-primar-in-toate-localitatile-raionului-basarabeasca\\\/\"},\"wordCount\":695,\"commentCount\":0,\"publisher\":{\"@id\":\"https:\\\/\\\/bas-tv.md\\\/ro\\\/#organization\"},\"image\":{\"@id\":\"https:\\\/\\\/bas-tv.md\\\/ro\\\/rezultatele-alegerilor-pentru-functia-de-primar-in-toate-localitatile-raionului-basarabeasca\\\/#primaryimage\"},\"thumbnailUrl\":\"https:\\\/\\\/bas-tv.md\\\/wp-content\\\/uploads\\\/2023\\\/11\\\/0a72a097-a16f-4fb9-aa05-a87221b6a43b.jpg\",\"keywords\":[\"alegeri locale generale\",\"Alegerile locale\"],\"articleSection\":[\"Actualitate\",\"Electorala-2023\"],\"inLanguage\":\"ro-RO\",\"potentialAction\":[{\"@type\":\"CommentAction\",\"name\":\"Comment\",\"target\":[\"https:\\\/\\\/bas-tv.md\\\/ro\\\/rezultatele-alegerilor-pentru-functia-de-primar-in-toate-localitatile-raionului-basarabeasca\\\/#respond\"]}]},{\"@type\":\"WebPage\",\"@id\":\"https:\\\/\\\/bas-tv.md\\\/ro\\\/rezultatele-alegerilor-pentru-functia-de-primar-in-toate-localitatile-raionului-basarabeasca\\\/\",\"url\":\"https:\\\/\\\/bas-tv.md\\\/ro\\\/rezultatele-alegerilor-pentru-functia-de-primar-in-toate-localitatile-raionului-basarabeasca\\\/\",\"name\":\"Rezultatele alegerilor pentru func\u021bia de primar \u00een toate localit\u0103\u021bile raionului Basarabeasca - BasTV\",\"isPartOf\":{\"@id\":\"https:\\\/\\\/bas-tv.md\\\/ro\\\/#website\"},\"primaryImageOfPage\":{\"@id\":\"https:\\\/\\\/bas-tv.md\\\/ro\\\/rezultatele-alegerilor-pentru-functia-de-primar-in-toate-localitatile-raionului-basarabeasca\\\/#primaryimage\"},\"image\":{\"@id\":\"https:\\\/\\\/bas-tv.md\\\/ro\\\/rezultatele-alegerilor-pentru-functia-de-primar-in-toate-localitatile-raionului-basarabeasca\\\/#primaryimage\"},\"thumbnailUrl\":\"https:\\\/\\\/bas-tv.md\\\/wp-content\\\/uploads\\\/2023\\\/11\\\/0a72a097-a16f-4fb9-aa05-a87221b6a43b.jpg\",\"datePublished\":\"2023-11-06T11:01:57+00:00\",\"dateModified\":\"2023-11-07T08:05:56+00:00\",\"description\":\"\u00cen 6 din cele 7 localit\u0103\u021bi a raionului Basarabeasca au fost ale\u0219i propriii primari. Doar \u00een ora\u0219ul Basarabeasca acesta nu a fost determinat din primul scrutin, urm\u00e2nd a fi organizat al doilea tur. Rezultatele totale le pute\u021bi citi \u00een materialul BAStv.\",\"inLanguage\":\"ro-RO\",\"potentialAction\":[{\"@type\":\"ReadAction\",\"target\":[\"https:\\\/\\\/bas-tv.md\\\/ro\\\/rezultatele-alegerilor-pentru-functia-de-primar-in-toate-localitatile-raionului-basarabeasca\\\/\"]}]},{\"@type\":\"ImageObject\",\"inLanguage\":\"ro-RO\",\"@id\":\"https:\\\/\\\/bas-tv.md\\\/ro\\\/rezultatele-alegerilor-pentru-functia-de-primar-in-toate-localitatile-raionului-basarabeasca\\\/#primaryimage\",\"url\":\"https:\\\/\\\/bas-tv.md\\\/wp-content\\\/uploads\\\/2023\\\/11\\\/0a72a097-a16f-4fb9-aa05-a87221b6a43b.jpg\",\"contentUrl\":\"https:\\\/\\\/bas-tv.md\\\/wp-content\\\/uploads\\\/2023\\\/11\\\/0a72a097-a16f-4fb9-aa05-a87221b6a43b.jpg\",\"width\":420,\"height\":273,\"caption\":\"alegeri locale 2023 basarabeasca\"},{\"@type\":\"WebSite\",\"@id\":\"https:\\\/\\\/bas-tv.md\\\/ro\\\/#website\",\"url\":\"https:\\\/\\\/bas-tv.md\\\/ro\\\/\",\"name\":\"BasTV\",\"description\":\"Moldova\",\"publisher\":{\"@id\":\"https:\\\/\\\/bas-tv.md\\\/ro\\\/#organization\"},\"potentialAction\":[{\"@type\":\"SearchAction\",\"target\":{\"@type\":\"EntryPoint\",\"urlTemplate\":\"https:\\\/\\\/bas-tv.md\\\/ro\\\/?s={search_term_string}\"},\"query-input\":{\"@type\":\"PropertyValueSpecification\",\"valueRequired\":true,\"valueName\":\"search_term_string\"}}],\"inLanguage\":\"ro-RO\"},{\"@type\":\"Organization\",\"@id\":\"https:\\\/\\\/bas-tv.md\\\/ro\\\/#organization\",\"name\":\"BasTV\",\"url\":\"https:\\\/\\\/bas-tv.md\\\/ro\\\/\",\"logo\":{\"@type\":\"ImageObject\",\"inLanguage\":\"ro-RO\",\"@id\":\"https:\\\/\\\/bas-tv.md\\\/ro\\\/#\\\/schema\\\/logo\\\/image\\\/\",\"url\":\"https:\\\/\\\/bas-tv.md\\\/wp-content\\\/uploads\\\/2023\\\/05\\\/bas-tv-culoarea-rosie.png\",\"contentUrl\":\"https:\\\/\\\/bas-tv.md\\\/wp-content\\\/uploads\\\/2023\\\/05\\\/bas-tv-culoarea-rosie.png\",\"width\":202,\"height\":50,\"caption\":\"BasTV\"},\"image\":{\"@id\":\"https:\\\/\\\/bas-tv.md\\\/ro\\\/#\\\/schema\\\/logo\\\/image\\\/\"}},{\"@type\":\"Person\",\"@id\":\"https:\\\/\\\/bas-tv.md\\\/ro\\\/#\\\/schema\\\/person\\\/8740f45ea2eca1f1695284fc03529af0\",\"name\":\"Redactor\",\"image\":{\"@type\":\"ImageObject\",\"inLanguage\":\"ro-RO\",\"@id\":\"https:\\\/\\\/bas-tv.md\\\/wp-content\\\/litespeed\\\/avatar\\\/91c0586f3f6f4396a4ec1287c965eeeb.jpg?ver=1776950945\",\"url\":\"https:\\\/\\\/bas-tv.md\\\/wp-content\\\/litespeed\\\/avatar\\\/91c0586f3f6f4396a4ec1287c965eeeb.jpg?ver=1776950945\",\"contentUrl\":\"https:\\\/\\\/bas-tv.md\\\/wp-content\\\/litespeed\\\/avatar\\\/91c0586f3f6f4396a4ec1287c965eeeb.jpg?ver=1776950945\",\"caption\":\"Redactor\"},\"url\":\"https:\\\/\\\/bas-tv.md\\\/ro\\\/author\\\/redactor\\\/\"}]}<\/script>\n<!-- \/ Yoast SEO plugin. -->","yoast_head_json":{"title":"Rezultatele alegerilor pentru func\u021bia de primar \u00een toate localit\u0103\u021bile raionului Basarabeasca - BasTV","description":"\u00cen 6 din cele 7 localit\u0103\u021bi a raionului Basarabeasca au fost ale\u0219i propriii primari. Doar \u00een ora\u0219ul Basarabeasca acesta nu a fost determinat din primul scrutin, urm\u00e2nd a fi organizat al doilea tur. Rezultatele totale le pute\u021bi citi \u00een materialul BAStv.","robots":{"index":"index","follow":"follow","max-snippet":"max-snippet:-1","max-image-preview":"max-image-preview:large","max-video-preview":"max-video-preview:-1"},"canonical":"https:\/\/bas-tv.md\/ro\/rezultatele-alegerilor-pentru-functia-de-primar-in-toate-localitatile-raionului-basarabeasca\/","og_locale":"ro_RO","og_type":"article","og_title":"Rezultatele alegerilor pentru func\u021bia de primar \u00een toate localit\u0103\u021bile raionului Basarabeasca - BasTV","og_description":"\u00cen 6 din cele 7 localit\u0103\u021bi a raionului Basarabeasca au fost ale\u0219i propriii primari. Doar \u00een ora\u0219ul Basarabeasca acesta nu a fost determinat din primul scrutin, urm\u00e2nd a fi organizat al doilea tur. Rezultatele totale le pute\u021bi citi \u00een materialul BAStv.","og_url":"https:\/\/bas-tv.md\/ro\/rezultatele-alegerilor-pentru-functia-de-primar-in-toate-localitatile-raionului-basarabeasca\/","og_site_name":"BasTV","article_published_time":"2023-11-06T11:01:57+00:00","article_modified_time":"2023-11-07T08:05:56+00:00","og_image":[{"width":420,"height":273,"url":"https:\/\/bas-tv.md\/wp-content\/uploads\/2023\/11\/0a72a097-a16f-4fb9-aa05-a87221b6a43b.jpg","type":"image\/jpeg"}],"author":"Redactor","twitter_card":"summary_large_image","twitter_misc":{"Scris de":"Redactor","Timp estimat pentru citire":"5 minute"},"schema":{"@context":"https:\/\/schema.org","@graph":[{"@type":"Article","@id":"https:\/\/bas-tv.md\/ro\/rezultatele-alegerilor-pentru-functia-de-primar-in-toate-localitatile-raionului-basarabeasca\/#article","isPartOf":{"@id":"https:\/\/bas-tv.md\/ro\/rezultatele-alegerilor-pentru-functia-de-primar-in-toate-localitatile-raionului-basarabeasca\/"},"author":{"name":"Redactor","@id":"https:\/\/bas-tv.md\/ro\/#\/schema\/person\/8740f45ea2eca1f1695284fc03529af0"},"headline":"Rezultatele alegerilor pentru func\u021bia de primar \u00een toate localit\u0103\u021bile raionului Basarabeasca","datePublished":"2023-11-06T11:01:57+00:00","dateModified":"2023-11-07T08:05:56+00:00","mainEntityOfPage":{"@id":"https:\/\/bas-tv.md\/ro\/rezultatele-alegerilor-pentru-functia-de-primar-in-toate-localitatile-raionului-basarabeasca\/"},"wordCount":695,"commentCount":0,"publisher":{"@id":"https:\/\/bas-tv.md\/ro\/#organization"},"image":{"@id":"https:\/\/bas-tv.md\/ro\/rezultatele-alegerilor-pentru-functia-de-primar-in-toate-localitatile-raionului-basarabeasca\/#primaryimage"},"thumbnailUrl":"https:\/\/bas-tv.md\/wp-content\/uploads\/2023\/11\/0a72a097-a16f-4fb9-aa05-a87221b6a43b.jpg","keywords":["alegeri locale generale","Alegerile locale"],"articleSection":["Actualitate","Electorala-2023"],"inLanguage":"ro-RO","potentialAction":[{"@type":"CommentAction","name":"Comment","target":["https:\/\/bas-tv.md\/ro\/rezultatele-alegerilor-pentru-functia-de-primar-in-toate-localitatile-raionului-basarabeasca\/#respond"]}]},{"@type":"WebPage","@id":"https:\/\/bas-tv.md\/ro\/rezultatele-alegerilor-pentru-functia-de-primar-in-toate-localitatile-raionului-basarabeasca\/","url":"https:\/\/bas-tv.md\/ro\/rezultatele-alegerilor-pentru-functia-de-primar-in-toate-localitatile-raionului-basarabeasca\/","name":"Rezultatele alegerilor pentru func\u021bia de primar \u00een toate localit\u0103\u021bile raionului Basarabeasca - BasTV","isPartOf":{"@id":"https:\/\/bas-tv.md\/ro\/#website"},"primaryImageOfPage":{"@id":"https:\/\/bas-tv.md\/ro\/rezultatele-alegerilor-pentru-functia-de-primar-in-toate-localitatile-raionului-basarabeasca\/#primaryimage"},"image":{"@id":"https:\/\/bas-tv.md\/ro\/rezultatele-alegerilor-pentru-functia-de-primar-in-toate-localitatile-raionului-basarabeasca\/#primaryimage"},"thumbnailUrl":"https:\/\/bas-tv.md\/wp-content\/uploads\/2023\/11\/0a72a097-a16f-4fb9-aa05-a87221b6a43b.jpg","datePublished":"2023-11-06T11:01:57+00:00","dateModified":"2023-11-07T08:05:56+00:00","description":"\u00cen 6 din cele 7 localit\u0103\u021bi a raionului Basarabeasca au fost ale\u0219i propriii primari. Doar \u00een ora\u0219ul Basarabeasca acesta nu a fost determinat din primul scrutin, urm\u00e2nd a fi organizat al doilea tur. Rezultatele totale le pute\u021bi citi \u00een materialul BAStv.","inLanguage":"ro-RO","potentialAction":[{"@type":"ReadAction","target":["https:\/\/bas-tv.md\/ro\/rezultatele-alegerilor-pentru-functia-de-primar-in-toate-localitatile-raionului-basarabeasca\/"]}]},{"@type":"ImageObject","inLanguage":"ro-RO","@id":"https:\/\/bas-tv.md\/ro\/rezultatele-alegerilor-pentru-functia-de-primar-in-toate-localitatile-raionului-basarabeasca\/#primaryimage","url":"https:\/\/bas-tv.md\/wp-content\/uploads\/2023\/11\/0a72a097-a16f-4fb9-aa05-a87221b6a43b.jpg","contentUrl":"https:\/\/bas-tv.md\/wp-content\/uploads\/2023\/11\/0a72a097-a16f-4fb9-aa05-a87221b6a43b.jpg","width":420,"height":273,"caption":"alegeri locale 2023 basarabeasca"},{"@type":"WebSite","@id":"https:\/\/bas-tv.md\/ro\/#website","url":"https:\/\/bas-tv.md\/ro\/","name":"BasTV","description":"Moldova","publisher":{"@id":"https:\/\/bas-tv.md\/ro\/#organization"},"potentialAction":[{"@type":"SearchAction","target":{"@type":"EntryPoint","urlTemplate":"https:\/\/bas-tv.md\/ro\/?s={search_term_string}"},"query-input":{"@type":"PropertyValueSpecification","valueRequired":true,"valueName":"search_term_string"}}],"inLanguage":"ro-RO"},{"@type":"Organization","@id":"https:\/\/bas-tv.md\/ro\/#organization","name":"BasTV","url":"https:\/\/bas-tv.md\/ro\/","logo":{"@type":"ImageObject","inLanguage":"ro-RO","@id":"https:\/\/bas-tv.md\/ro\/#\/schema\/logo\/image\/","url":"https:\/\/bas-tv.md\/wp-content\/uploads\/2023\/05\/bas-tv-culoarea-rosie.png","contentUrl":"https:\/\/bas-tv.md\/wp-content\/uploads\/2023\/05\/bas-tv-culoarea-rosie.png","width":202,"height":50,"caption":"BasTV"},"image":{"@id":"https:\/\/bas-tv.md\/ro\/#\/schema\/logo\/image\/"}},{"@type":"Person","@id":"https:\/\/bas-tv.md\/ro\/#\/schema\/person\/8740f45ea2eca1f1695284fc03529af0","name":"Redactor","image":{"@type":"ImageObject","inLanguage":"ro-RO","@id":"https:\/\/bas-tv.md\/wp-content\/litespeed\/avatar\/91c0586f3f6f4396a4ec1287c965eeeb.jpg?ver=1776950945","url":"https:\/\/bas-tv.md\/wp-content\/litespeed\/avatar\/91c0586f3f6f4396a4ec1287c965eeeb.jpg?ver=1776950945","contentUrl":"https:\/\/bas-tv.md\/wp-content\/litespeed\/avatar\/91c0586f3f6f4396a4ec1287c965eeeb.jpg?ver=1776950945","caption":"Redactor"},"url":"https:\/\/bas-tv.md\/ro\/author\/redactor\/"}]}},"views":1067,"_links":{"self":[{"href":"https:\/\/bas-tv.md\/ro\/wp-json\/wp\/v2\/posts\/104786","targetHints":{"allow":["GET"]}}],"collection":[{"href":"https:\/\/bas-tv.md\/ro\/wp-json\/wp\/v2\/posts"}],"about":[{"href":"https:\/\/bas-tv.md\/ro\/wp-json\/wp\/v2\/types\/post"}],"author":[{"embeddable":true,"href":"https:\/\/bas-tv.md\/ro\/wp-json\/wp\/v2\/users\/3"}],"replies":[{"embeddable":true,"href":"https:\/\/bas-tv.md\/ro\/wp-json\/wp\/v2\/comments?post=104786"}],"version-history":[{"count":1,"href":"https:\/\/bas-tv.md\/ro\/wp-json\/wp\/v2\/posts\/104786\/revisions"}],"predecessor-version":[{"id":104806,"href":"https:\/\/bas-tv.md\/ro\/wp-json\/wp\/v2\/posts\/104786\/revisions\/104806"}],"wp:featuredmedia":[{"embeddable":true,"href":"https:\/\/bas-tv.md\/ro\/wp-json\/wp\/v2\/media\/104804"}],"wp:attachment":[{"href":"https:\/\/bas-tv.md\/ro\/wp-json\/wp\/v2\/media?parent=104786"}],"wp:term":[{"taxonomy":"category","embeddable":true,"href":"https:\/\/bas-tv.md\/ro\/wp-json\/wp\/v2\/categories?post=104786"},{"taxonomy":"post_tag","embeddable":true,"href":"https:\/\/bas-tv.md\/ro\/wp-json\/wp\/v2\/tags?post=104786"}],"curies":[{"name":"wp","href":"https:\/\/api.w.org\/{rel}","templated":true}]}}