{"id":104829,"date":"2023-11-07T10:07:38","date_gmt":"2023-11-07T08:07:38","guid":{"rendered":"https:\/\/bas-tv.md\/?p=104829"},"modified":"2023-11-07T10:07:38","modified_gmt":"2023-11-07T08:07:38","slug":"rezultatele-alegerilor-locale-din-basarabeasca-care-va-fi-componenta-consiliului-raional-si-orasenesc","status":"publish","type":"post","link":"https:\/\/bas-tv.md\/ro\/rezultatele-alegerilor-locale-din-basarabeasca-care-va-fi-componenta-consiliului-raional-si-orasenesc\/","title":{"rendered":"Rezultatele alegerilor locale din Basarabeasca: Care va fi componen\u021ba consiliului raional \u0219i or\u0103\u0219enesc"},"content":{"rendered":"<p><strong>\u00cen consiliul raional \u0219i or\u0103\u0219enesc din Basarabeasca majoritatea voturilor a fost \u00eenregistrat\u0103 \u00een favoarea Partidului Sociali\u0219tilor din Republica Moldova. Cum au fost repartizate mandatele citi\u021bi \u00een articolul nostru.<\/strong><\/p>\n<p>Aleg\u0103torii din raionul Basarabeasca au dat cel mai mare num\u0103r de voturi candida\u0163ilor la func\u0163ia de consilier raional din partea Partidului Sociali\u0219tilor din Republica Moldova \u0219i Partidului Ac\u021biune \u0219i Solidaritate, ace\u015ftia au avut 21,74% \u0219i respectiv 21% din voturile aleg\u0103torilor. Ei sunt urma\u021bi de Partidul Rena\u0219terii care a acumulat 9,57% din voturi \u0219i Platforma DA cu 9,15%. Dintre candida\u021bii independen\u021bi, Marian Racil\u0103 are cele mai multe voturi, 5,23%.<\/p>\n<p>Din cei 27 de consilieri care vor face parte din consiliul raional Basarabeasca, c\u00e2te 7 vor fi din PSRM \u0219i PAS, 3 consilieri din Platforma DA, Partidul Nostru \u0219i Partidul Rena\u0219terii \u0219i c\u00e2te 1 mandat vor primi reprezentan\u021bii partidelor PLDM \u0219i PCRM. \u00cen consiliu vor fi inclu\u0219i \u0219i 2 candida\u021bi independen\u021bi &#8211; Mihail Mart\u00eenov \u0219i Marian R\u0103cil\u0103.<\/p>\n<p>Mandatele pentru func\u021biile de consilier al consiliului or\u0103\u0219enesc au fost repartizate \u00een felul urm\u0103tor:<\/p>\n<ul>\n<li>PSRM au ob\u021binut 9 mandate.<\/li>\n<li>Partidul Politic Rena\u0219tere a ob\u021binut 6 mandate.<\/li>\n<li>Partidul Politic Partidul nostru a ob\u021binut 5 mandate.<\/li>\n<li>C\u00e2te un mandat au ob\u021binut Partidul Politic Ac\u021biune \u0219i solidaritate, Partidul Comuni\u0219tilor din Republica Moldova \u0219i candidatul independent Nicolae Chendighilian.<\/li>\n<\/ul>\n<p><b>Abona\u021bi-v\u0103 la noi pe re\u021bele sociale:\u00a0<\/b><a href=\"https:\/\/t.me\/bastvmd\"><b><i>Telegram<\/i><\/b><\/a><b>,\u00a0<\/b><a href=\"https:\/\/www.youtube.com\/channel\/UC-9005PnLnhpNM8PVSjP2dQ\/featured\"><b><i>YouTube<\/i><\/b><\/a><b>,\u00a0<\/b><a href=\"https:\/\/www.facebook.com\/bastv.md\"><b><i>Facebook<\/i><\/b><\/a>\u00a0\u0219i\u00a0<a href=\"https:\/\/www.instagram.com\/bastv.md\/\"><b><i>Instagram<\/i><\/b><\/a><b>.\u00a0 Aici public\u0103m \u0219tiri pe scurt!<\/b><\/p>\n","protected":false},"excerpt":{"rendered":"<p>\u00cen consiliul raional \u0219i or\u0103\u0219enesc din Basarabeasca majoritatea voturilor a fost \u00eenregistrat\u0103 \u00een favoarea Partidului Sociali\u0219tilor din Republica Moldova. Cum au fost repartizate mandatele citi\u021bi \u00een articolul nostru. Aleg\u0103torii din raionul Basarabeasca au dat cel mai mare num\u0103r de voturi candida\u0163ilor la func\u0163ia de consilier raional din partea Partidului Sociali\u0219tilor din Republica Moldova \u0219i Partidului [&hellip;]<\/p>\n","protected":false},"author":3,"featured_media":104769,"comment_status":"open","ping_status":"open","sticky":false,"template":"","format":"standard","meta":{"footnotes":""},"categories":[602,1248,569],"tags":[],"class_list":["post-104829","post","type-post","status-publish","format-standard","has-post-thumbnail","hentry","category-actualitate","category-electorala-2023-ro","category-in-basarabeasca"],"yoast_head":"<!-- This site is optimized with the Yoast SEO plugin v27.5 - https:\/\/yoast.com\/product\/yoast-seo-wordpress\/ -->\n<title>Rezultatele alegerilor locale din Basarabeasca: Care va fi componen\u021ba consiliului raional \u0219i or\u0103\u0219enesc - BasTV<\/title>\n<meta name=\"description\" content=\"\u00cen consiliul raional \u0219i or\u0103\u0219enesc din Basarabeasca majoritatea voturilor a fost \u00eenregistrat\u0103 \u00een favoarea Partidului Sociali\u0219tilor din Republica Moldova. Cum au fost repartizate mandatele citi\u021bi \u00een articolul nostru.\" \/>\n<meta name=\"robots\" content=\"index, follow, max-snippet:-1, max-image-preview:large, max-video-preview:-1\" \/>\n<link rel=\"canonical\" href=\"https:\/\/bas-tv.md\/ro\/rezultatele-alegerilor-locale-din-basarabeasca-care-va-fi-componenta-consiliului-raional-si-orasenesc\/\" \/>\n<meta property=\"og:locale\" content=\"ro_RO\" \/>\n<meta property=\"og:type\" content=\"article\" \/>\n<meta property=\"og:title\" content=\"Rezultatele alegerilor locale din Basarabeasca: Care va fi componen\u021ba consiliului raional \u0219i or\u0103\u0219enesc - BasTV\" \/>\n<meta property=\"og:description\" content=\"\u00cen consiliul raional \u0219i or\u0103\u0219enesc din Basarabeasca majoritatea voturilor a fost \u00eenregistrat\u0103 \u00een favoarea Partidului Sociali\u0219tilor din Republica Moldova. Cum au fost repartizate mandatele citi\u021bi \u00een articolul nostru.\" \/>\n<meta property=\"og:url\" content=\"https:\/\/bas-tv.md\/ro\/rezultatele-alegerilor-locale-din-basarabeasca-care-va-fi-componenta-consiliului-raional-si-orasenesc\/\" \/>\n<meta property=\"og:site_name\" content=\"BasTV\" \/>\n<meta property=\"article:published_time\" content=\"2023-11-07T08:07:38+00:00\" \/>\n<meta property=\"og:image\" content=\"https:\/\/bas-tv.md\/wp-content\/uploads\/2023\/11\/bas6.jpg\" \/>\n\t<meta property=\"og:image:width\" content=\"1610\" \/>\n\t<meta property=\"og:image:height\" content=\"736\" \/>\n\t<meta property=\"og:image:type\" content=\"image\/jpeg\" \/>\n<meta name=\"author\" content=\"Redactor\" \/>\n<meta name=\"twitter:card\" content=\"summary_large_image\" \/>\n<meta name=\"twitter:label1\" content=\"Scris de\" \/>\n\t<meta name=\"twitter:data1\" content=\"Redactor\" \/>\n\t<meta name=\"twitter:label2\" content=\"Timp estimat pentru citire\" \/>\n\t<meta name=\"twitter:data2\" content=\"2 minute\" \/>\n<script type=\"application\/ld+json\" class=\"yoast-schema-graph\">{\"@context\":\"https:\\\/\\\/schema.org\",\"@graph\":[{\"@type\":\"Article\",\"@id\":\"https:\\\/\\\/bas-tv.md\\\/ro\\\/rezultatele-alegerilor-locale-din-basarabeasca-care-va-fi-componenta-consiliului-raional-si-orasenesc\\\/#article\",\"isPartOf\":{\"@id\":\"https:\\\/\\\/bas-tv.md\\\/ro\\\/rezultatele-alegerilor-locale-din-basarabeasca-care-va-fi-componenta-consiliului-raional-si-orasenesc\\\/\"},\"author\":{\"name\":\"Redactor\",\"@id\":\"https:\\\/\\\/bas-tv.md\\\/ro\\\/#\\\/schema\\\/person\\\/8740f45ea2eca1f1695284fc03529af0\"},\"headline\":\"Rezultatele alegerilor locale din Basarabeasca: Care va fi componen\u021ba consiliului raional \u0219i or\u0103\u0219enesc\",\"datePublished\":\"2023-11-07T08:07:38+00:00\",\"mainEntityOfPage\":{\"@id\":\"https:\\\/\\\/bas-tv.md\\\/ro\\\/rezultatele-alegerilor-locale-din-basarabeasca-care-va-fi-componenta-consiliului-raional-si-orasenesc\\\/\"},\"wordCount\":263,\"commentCount\":0,\"publisher\":{\"@id\":\"https:\\\/\\\/bas-tv.md\\\/ro\\\/#organization\"},\"image\":{\"@id\":\"https:\\\/\\\/bas-tv.md\\\/ro\\\/rezultatele-alegerilor-locale-din-basarabeasca-care-va-fi-componenta-consiliului-raional-si-orasenesc\\\/#primaryimage\"},\"thumbnailUrl\":\"https:\\\/\\\/bas-tv.md\\\/wp-content\\\/uploads\\\/2023\\\/11\\\/bas6.jpg\",\"articleSection\":[\"Actualitate\",\"Electorala-2023\",\"\u00cen Basarabeasca\"],\"inLanguage\":\"ro-RO\",\"potentialAction\":[{\"@type\":\"CommentAction\",\"name\":\"Comment\",\"target\":[\"https:\\\/\\\/bas-tv.md\\\/ro\\\/rezultatele-alegerilor-locale-din-basarabeasca-care-va-fi-componenta-consiliului-raional-si-orasenesc\\\/#respond\"]}]},{\"@type\":\"WebPage\",\"@id\":\"https:\\\/\\\/bas-tv.md\\\/ro\\\/rezultatele-alegerilor-locale-din-basarabeasca-care-va-fi-componenta-consiliului-raional-si-orasenesc\\\/\",\"url\":\"https:\\\/\\\/bas-tv.md\\\/ro\\\/rezultatele-alegerilor-locale-din-basarabeasca-care-va-fi-componenta-consiliului-raional-si-orasenesc\\\/\",\"name\":\"Rezultatele alegerilor locale din Basarabeasca: Care va fi componen\u021ba consiliului raional \u0219i or\u0103\u0219enesc - BasTV\",\"isPartOf\":{\"@id\":\"https:\\\/\\\/bas-tv.md\\\/ro\\\/#website\"},\"primaryImageOfPage\":{\"@id\":\"https:\\\/\\\/bas-tv.md\\\/ro\\\/rezultatele-alegerilor-locale-din-basarabeasca-care-va-fi-componenta-consiliului-raional-si-orasenesc\\\/#primaryimage\"},\"image\":{\"@id\":\"https:\\\/\\\/bas-tv.md\\\/ro\\\/rezultatele-alegerilor-locale-din-basarabeasca-care-va-fi-componenta-consiliului-raional-si-orasenesc\\\/#primaryimage\"},\"thumbnailUrl\":\"https:\\\/\\\/bas-tv.md\\\/wp-content\\\/uploads\\\/2023\\\/11\\\/bas6.jpg\",\"datePublished\":\"2023-11-07T08:07:38+00:00\",\"description\":\"\u00cen consiliul raional \u0219i or\u0103\u0219enesc din Basarabeasca majoritatea voturilor a fost \u00eenregistrat\u0103 \u00een favoarea Partidului Sociali\u0219tilor din Republica Moldova. Cum au fost repartizate mandatele citi\u021bi \u00een articolul nostru.\",\"inLanguage\":\"ro-RO\",\"potentialAction\":[{\"@type\":\"ReadAction\",\"target\":[\"https:\\\/\\\/bas-tv.md\\\/ro\\\/rezultatele-alegerilor-locale-din-basarabeasca-care-va-fi-componenta-consiliului-raional-si-orasenesc\\\/\"]}]},{\"@type\":\"ImageObject\",\"inLanguage\":\"ro-RO\",\"@id\":\"https:\\\/\\\/bas-tv.md\\\/ro\\\/rezultatele-alegerilor-locale-din-basarabeasca-care-va-fi-componenta-consiliului-raional-si-orasenesc\\\/#primaryimage\",\"url\":\"https:\\\/\\\/bas-tv.md\\\/wp-content\\\/uploads\\\/2023\\\/11\\\/bas6.jpg\",\"contentUrl\":\"https:\\\/\\\/bas-tv.md\\\/wp-content\\\/uploads\\\/2023\\\/11\\\/bas6.jpg\",\"width\":1610,\"height\":736,\"caption\":\"\u0424\u043e\u0442\u043e: BAStv\"},{\"@type\":\"WebSite\",\"@id\":\"https:\\\/\\\/bas-tv.md\\\/ro\\\/#website\",\"url\":\"https:\\\/\\\/bas-tv.md\\\/ro\\\/\",\"name\":\"BasTV\",\"description\":\"Moldova\",\"publisher\":{\"@id\":\"https:\\\/\\\/bas-tv.md\\\/ro\\\/#organization\"},\"potentialAction\":[{\"@type\":\"SearchAction\",\"target\":{\"@type\":\"EntryPoint\",\"urlTemplate\":\"https:\\\/\\\/bas-tv.md\\\/ro\\\/?s={search_term_string}\"},\"query-input\":{\"@type\":\"PropertyValueSpecification\",\"valueRequired\":true,\"valueName\":\"search_term_string\"}}],\"inLanguage\":\"ro-RO\"},{\"@type\":\"Organization\",\"@id\":\"https:\\\/\\\/bas-tv.md\\\/ro\\\/#organization\",\"name\":\"BasTV\",\"url\":\"https:\\\/\\\/bas-tv.md\\\/ro\\\/\",\"logo\":{\"@type\":\"ImageObject\",\"inLanguage\":\"ro-RO\",\"@id\":\"https:\\\/\\\/bas-tv.md\\\/ro\\\/#\\\/schema\\\/logo\\\/image\\\/\",\"url\":\"https:\\\/\\\/bas-tv.md\\\/wp-content\\\/uploads\\\/2023\\\/05\\\/bas-tv-culoarea-rosie.png\",\"contentUrl\":\"https:\\\/\\\/bas-tv.md\\\/wp-content\\\/uploads\\\/2023\\\/05\\\/bas-tv-culoarea-rosie.png\",\"width\":202,\"height\":50,\"caption\":\"BasTV\"},\"image\":{\"@id\":\"https:\\\/\\\/bas-tv.md\\\/ro\\\/#\\\/schema\\\/logo\\\/image\\\/\"}},{\"@type\":\"Person\",\"@id\":\"https:\\\/\\\/bas-tv.md\\\/ro\\\/#\\\/schema\\\/person\\\/8740f45ea2eca1f1695284fc03529af0\",\"name\":\"Redactor\",\"image\":{\"@type\":\"ImageObject\",\"inLanguage\":\"ro-RO\",\"@id\":\"https:\\\/\\\/bas-tv.md\\\/wp-content\\\/litespeed\\\/avatar\\\/91c0586f3f6f4396a4ec1287c965eeeb.jpg?ver=1777555749\",\"url\":\"https:\\\/\\\/bas-tv.md\\\/wp-content\\\/litespeed\\\/avatar\\\/91c0586f3f6f4396a4ec1287c965eeeb.jpg?ver=1777555749\",\"contentUrl\":\"https:\\\/\\\/bas-tv.md\\\/wp-content\\\/litespeed\\\/avatar\\\/91c0586f3f6f4396a4ec1287c965eeeb.jpg?ver=1777555749\",\"caption\":\"Redactor\"},\"url\":\"https:\\\/\\\/bas-tv.md\\\/ro\\\/author\\\/redactor\\\/\"}]}<\/script>\n<!-- \/ Yoast SEO plugin. -->","yoast_head_json":{"title":"Rezultatele alegerilor locale din Basarabeasca: Care va fi componen\u021ba consiliului raional \u0219i or\u0103\u0219enesc - BasTV","description":"\u00cen consiliul raional \u0219i or\u0103\u0219enesc din Basarabeasca majoritatea voturilor a fost \u00eenregistrat\u0103 \u00een favoarea Partidului Sociali\u0219tilor din Republica Moldova. Cum au fost repartizate mandatele citi\u021bi \u00een articolul nostru.","robots":{"index":"index","follow":"follow","max-snippet":"max-snippet:-1","max-image-preview":"max-image-preview:large","max-video-preview":"max-video-preview:-1"},"canonical":"https:\/\/bas-tv.md\/ro\/rezultatele-alegerilor-locale-din-basarabeasca-care-va-fi-componenta-consiliului-raional-si-orasenesc\/","og_locale":"ro_RO","og_type":"article","og_title":"Rezultatele alegerilor locale din Basarabeasca: Care va fi componen\u021ba consiliului raional \u0219i or\u0103\u0219enesc - BasTV","og_description":"\u00cen consiliul raional \u0219i or\u0103\u0219enesc din Basarabeasca majoritatea voturilor a fost \u00eenregistrat\u0103 \u00een favoarea Partidului Sociali\u0219tilor din Republica Moldova. Cum au fost repartizate mandatele citi\u021bi \u00een articolul nostru.","og_url":"https:\/\/bas-tv.md\/ro\/rezultatele-alegerilor-locale-din-basarabeasca-care-va-fi-componenta-consiliului-raional-si-orasenesc\/","og_site_name":"BasTV","article_published_time":"2023-11-07T08:07:38+00:00","og_image":[{"width":1610,"height":736,"url":"https:\/\/bas-tv.md\/wp-content\/uploads\/2023\/11\/bas6.jpg","type":"image\/jpeg"}],"author":"Redactor","twitter_card":"summary_large_image","twitter_misc":{"Scris de":"Redactor","Timp estimat pentru citire":"2 minute"},"schema":{"@context":"https:\/\/schema.org","@graph":[{"@type":"Article","@id":"https:\/\/bas-tv.md\/ro\/rezultatele-alegerilor-locale-din-basarabeasca-care-va-fi-componenta-consiliului-raional-si-orasenesc\/#article","isPartOf":{"@id":"https:\/\/bas-tv.md\/ro\/rezultatele-alegerilor-locale-din-basarabeasca-care-va-fi-componenta-consiliului-raional-si-orasenesc\/"},"author":{"name":"Redactor","@id":"https:\/\/bas-tv.md\/ro\/#\/schema\/person\/8740f45ea2eca1f1695284fc03529af0"},"headline":"Rezultatele alegerilor locale din Basarabeasca: Care va fi componen\u021ba consiliului raional \u0219i or\u0103\u0219enesc","datePublished":"2023-11-07T08:07:38+00:00","mainEntityOfPage":{"@id":"https:\/\/bas-tv.md\/ro\/rezultatele-alegerilor-locale-din-basarabeasca-care-va-fi-componenta-consiliului-raional-si-orasenesc\/"},"wordCount":263,"commentCount":0,"publisher":{"@id":"https:\/\/bas-tv.md\/ro\/#organization"},"image":{"@id":"https:\/\/bas-tv.md\/ro\/rezultatele-alegerilor-locale-din-basarabeasca-care-va-fi-componenta-consiliului-raional-si-orasenesc\/#primaryimage"},"thumbnailUrl":"https:\/\/bas-tv.md\/wp-content\/uploads\/2023\/11\/bas6.jpg","articleSection":["Actualitate","Electorala-2023","\u00cen Basarabeasca"],"inLanguage":"ro-RO","potentialAction":[{"@type":"CommentAction","name":"Comment","target":["https:\/\/bas-tv.md\/ro\/rezultatele-alegerilor-locale-din-basarabeasca-care-va-fi-componenta-consiliului-raional-si-orasenesc\/#respond"]}]},{"@type":"WebPage","@id":"https:\/\/bas-tv.md\/ro\/rezultatele-alegerilor-locale-din-basarabeasca-care-va-fi-componenta-consiliului-raional-si-orasenesc\/","url":"https:\/\/bas-tv.md\/ro\/rezultatele-alegerilor-locale-din-basarabeasca-care-va-fi-componenta-consiliului-raional-si-orasenesc\/","name":"Rezultatele alegerilor locale din Basarabeasca: Care va fi componen\u021ba consiliului raional \u0219i or\u0103\u0219enesc - BasTV","isPartOf":{"@id":"https:\/\/bas-tv.md\/ro\/#website"},"primaryImageOfPage":{"@id":"https:\/\/bas-tv.md\/ro\/rezultatele-alegerilor-locale-din-basarabeasca-care-va-fi-componenta-consiliului-raional-si-orasenesc\/#primaryimage"},"image":{"@id":"https:\/\/bas-tv.md\/ro\/rezultatele-alegerilor-locale-din-basarabeasca-care-va-fi-componenta-consiliului-raional-si-orasenesc\/#primaryimage"},"thumbnailUrl":"https:\/\/bas-tv.md\/wp-content\/uploads\/2023\/11\/bas6.jpg","datePublished":"2023-11-07T08:07:38+00:00","description":"\u00cen consiliul raional \u0219i or\u0103\u0219enesc din Basarabeasca majoritatea voturilor a fost \u00eenregistrat\u0103 \u00een favoarea Partidului Sociali\u0219tilor din Republica Moldova. Cum au fost repartizate mandatele citi\u021bi \u00een articolul nostru.","inLanguage":"ro-RO","potentialAction":[{"@type":"ReadAction","target":["https:\/\/bas-tv.md\/ro\/rezultatele-alegerilor-locale-din-basarabeasca-care-va-fi-componenta-consiliului-raional-si-orasenesc\/"]}]},{"@type":"ImageObject","inLanguage":"ro-RO","@id":"https:\/\/bas-tv.md\/ro\/rezultatele-alegerilor-locale-din-basarabeasca-care-va-fi-componenta-consiliului-raional-si-orasenesc\/#primaryimage","url":"https:\/\/bas-tv.md\/wp-content\/uploads\/2023\/11\/bas6.jpg","contentUrl":"https:\/\/bas-tv.md\/wp-content\/uploads\/2023\/11\/bas6.jpg","width":1610,"height":736,"caption":"\u0424\u043e\u0442\u043e: BAStv"},{"@type":"WebSite","@id":"https:\/\/bas-tv.md\/ro\/#website","url":"https:\/\/bas-tv.md\/ro\/","name":"BasTV","description":"Moldova","publisher":{"@id":"https:\/\/bas-tv.md\/ro\/#organization"},"potentialAction":[{"@type":"SearchAction","target":{"@type":"EntryPoint","urlTemplate":"https:\/\/bas-tv.md\/ro\/?s={search_term_string}"},"query-input":{"@type":"PropertyValueSpecification","valueRequired":true,"valueName":"search_term_string"}}],"inLanguage":"ro-RO"},{"@type":"Organization","@id":"https:\/\/bas-tv.md\/ro\/#organization","name":"BasTV","url":"https:\/\/bas-tv.md\/ro\/","logo":{"@type":"ImageObject","inLanguage":"ro-RO","@id":"https:\/\/bas-tv.md\/ro\/#\/schema\/logo\/image\/","url":"https:\/\/bas-tv.md\/wp-content\/uploads\/2023\/05\/bas-tv-culoarea-rosie.png","contentUrl":"https:\/\/bas-tv.md\/wp-content\/uploads\/2023\/05\/bas-tv-culoarea-rosie.png","width":202,"height":50,"caption":"BasTV"},"image":{"@id":"https:\/\/bas-tv.md\/ro\/#\/schema\/logo\/image\/"}},{"@type":"Person","@id":"https:\/\/bas-tv.md\/ro\/#\/schema\/person\/8740f45ea2eca1f1695284fc03529af0","name":"Redactor","image":{"@type":"ImageObject","inLanguage":"ro-RO","@id":"https:\/\/bas-tv.md\/wp-content\/litespeed\/avatar\/91c0586f3f6f4396a4ec1287c965eeeb.jpg?ver=1777555749","url":"https:\/\/bas-tv.md\/wp-content\/litespeed\/avatar\/91c0586f3f6f4396a4ec1287c965eeeb.jpg?ver=1777555749","contentUrl":"https:\/\/bas-tv.md\/wp-content\/litespeed\/avatar\/91c0586f3f6f4396a4ec1287c965eeeb.jpg?ver=1777555749","caption":"Redactor"},"url":"https:\/\/bas-tv.md\/ro\/author\/redactor\/"}]}},"views":669,"_links":{"self":[{"href":"https:\/\/bas-tv.md\/ro\/wp-json\/wp\/v2\/posts\/104829","targetHints":{"allow":["GET"]}}],"collection":[{"href":"https:\/\/bas-tv.md\/ro\/wp-json\/wp\/v2\/posts"}],"about":[{"href":"https:\/\/bas-tv.md\/ro\/wp-json\/wp\/v2\/types\/post"}],"author":[{"embeddable":true,"href":"https:\/\/bas-tv.md\/ro\/wp-json\/wp\/v2\/users\/3"}],"replies":[{"embeddable":true,"href":"https:\/\/bas-tv.md\/ro\/wp-json\/wp\/v2\/comments?post=104829"}],"version-history":[{"count":1,"href":"https:\/\/bas-tv.md\/ro\/wp-json\/wp\/v2\/posts\/104829\/revisions"}],"predecessor-version":[{"id":104831,"href":"https:\/\/bas-tv.md\/ro\/wp-json\/wp\/v2\/posts\/104829\/revisions\/104831"}],"wp:featuredmedia":[{"embeddable":true,"href":"https:\/\/bas-tv.md\/ro\/wp-json\/wp\/v2\/media\/104769"}],"wp:attachment":[{"href":"https:\/\/bas-tv.md\/ro\/wp-json\/wp\/v2\/media?parent=104829"}],"wp:term":[{"taxonomy":"category","embeddable":true,"href":"https:\/\/bas-tv.md\/ro\/wp-json\/wp\/v2\/categories?post=104829"},{"taxonomy":"post_tag","embeddable":true,"href":"https:\/\/bas-tv.md\/ro\/wp-json\/wp\/v2\/tags?post=104829"}],"curies":[{"name":"wp","href":"https:\/\/api.w.org\/{rel}","templated":true}]}}