{"id":105955,"date":"2023-11-20T13:38:07","date_gmt":"2023-11-20T11:38:07","guid":{"rendered":"https:\/\/bas-tv.md\/?p=105955"},"modified":"2023-11-20T15:18:29","modified_gmt":"2023-11-20T13:18:29","slug":"foto-cum-vor-sarbatori-hramul-localitatii-satele-abaclia-si-bascalia-programul-de-serbare","status":"publish","type":"post","link":"https:\/\/bas-tv.md\/ro\/foto-cum-vor-sarbatori-hramul-localitatii-satele-abaclia-si-bascalia-programul-de-serbare\/","title":{"rendered":"(FOTO) Cum vor s\u0103rb\u0103tori hramul localit\u0103\u021bii satele Abaclia \u0219i Ba\u0219calia. Programul de serbare"},"content":{"rendered":"<p><strong>Hramul satului este un prilej de mare veselie, de re\u00eent\u00e2lnire cu cei dragi \u0219i, mai are scopul de a reflecta cele mai frumoase obiceiuri. Pe 21 noiembrie, c\u00e2nd cre\u015ftinii \u00eei s\u0103rb\u0103toresc pe Sfin\u0163ii Arhangheli Mihail \u015fi Gavriil, \u00ee\u0219i serbeaz\u0103 hramul localit\u0103\u0163ile Abaclia \u015fi Ba\u0219calia. Cu aceast\u0103 ocazie, prim\u0103riile invit\u0103 cons\u0103tenii \u0219i oaspe\u021bii s\u0103 serbeze acest eveniment.<\/strong><\/p>\n<p>\u00cen satele Abaclia \u0219i Ba\u0219calia programul zilei va \u00eencepe cu Slujba divin\u0103 la bisericile localit\u0103\u021bilor \u201eSfin\u021bii Arhangheli Mihali \u0219i Gavriil\u201d de la ora 07:00 diminea\u021ba.<\/p>\n<p>\u00cen incinta C\u0103minului Cultural din s. Ba\u0219calia, \u00eentre orele 12:30 \u2013 14:00, se va preg\u0103ti masa de s\u0103rb\u0103toare. \u00cencep\u00e2nd cu ora 14:00, administra\u021bia public\u0103 local\u0103 din Ba\u0219calia invit\u0103 cons\u0103tenii \u0219i oaspe\u021bii la un program artistic, ce include mult\u0103 muzic\u0103, dans \u0219i veselie.<\/p>\n<p>\u0218i \u00een satul Abaclia, pe scena C\u0103minului Cultural, la ora 14:00, vor evolua colectivele de dans din localitate. Pe parcurs, locuitorii vor admira presta\u021bia forma\u021biei ,,Acord\u201d. Pentru a \u00eentregi aceast\u0103 s\u0103rb\u0103toare, prim\u0103ria satului va felicita \u00eentr-un mod special familiile care au \u00eemplinit 50 de ani de c\u0103s\u0103torie.<\/p>\n<p>\u00cencep\u00e2nd cu ora 16:00, satele \u00ee\u0219i vor \u00eencheia s\u0103rb\u0103toarea cu hora satului.<\/p>\n<div id='gallery-1' class='gallery galleryid-105955 gallery-columns-2 gallery-size-full'><figure class='gallery-item'>\n\t\t\t<div class='gallery-icon portrait'>\n\t\t\t\t<a href='https:\/\/bas-tv.md\/ro\/foto-cum-vor-sarbatori-hramul-localitatii-satele-abaclia-si-bascalia-programul-de-serbare\/404452470_899553288180776_3253321541675579069_n\/'><img fetchpriority=\"high\" decoding=\"async\" width=\"1131\" height=\"1600\" src=\"https:\/\/bas-tv.md\/wp-content\/uploads\/2023\/11\/404452470_899553288180776_3253321541675579069_n.jpg\" class=\"attachment-full size-full\" alt=\"\" aria-describedby=\"gallery-1-105958\" srcset=\"https:\/\/bas-tv.md\/wp-content\/uploads\/2023\/11\/404452470_899553288180776_3253321541675579069_n.jpg 1131w, https:\/\/bas-tv.md\/wp-content\/uploads\/2023\/11\/404452470_899553288180776_3253321541675579069_n-212x300.jpg 212w, https:\/\/bas-tv.md\/wp-content\/uploads\/2023\/11\/404452470_899553288180776_3253321541675579069_n-724x1024.jpg 724w, https:\/\/bas-tv.md\/wp-content\/uploads\/2023\/11\/404452470_899553288180776_3253321541675579069_n-768x1086.jpg 768w, https:\/\/bas-tv.md\/wp-content\/uploads\/2023\/11\/404452470_899553288180776_3253321541675579069_n-1086x1536.jpg 1086w\" sizes=\"(max-width: 1131px) 100vw, 1131px\" \/><\/a>\n\t\t\t<\/div>\n\t\t\t\t<figcaption class='wp-caption-text gallery-caption' id='gallery-1-105958'>\n\t\t\t\tPrim\u0103ria s. Abaclia\n\t\t\t\t<\/figcaption><\/figure><figure class='gallery-item'>\n\t\t\t<div class='gallery-icon landscape'>\n\t\t\t\t<a href='https:\/\/bas-tv.md\/ro\/foto-cum-vor-sarbatori-hramul-localitatii-satele-abaclia-si-bascalia-programul-de-serbare\/399723712_325956280063243_7311351630139855034_n\/'><img decoding=\"async\" width=\"720\" height=\"540\" src=\"https:\/\/bas-tv.md\/wp-content\/uploads\/2023\/11\/399723712_325956280063243_7311351630139855034_n.jpg\" class=\"attachment-full size-full\" alt=\"\" aria-describedby=\"gallery-1-105960\" srcset=\"https:\/\/bas-tv.md\/wp-content\/uploads\/2023\/11\/399723712_325956280063243_7311351630139855034_n.jpg 720w, https:\/\/bas-tv.md\/wp-content\/uploads\/2023\/11\/399723712_325956280063243_7311351630139855034_n-300x225.jpg 300w\" sizes=\"(max-width: 720px) 100vw, 720px\" \/><\/a>\n\t\t\t<\/div>\n\t\t\t\t<figcaption class='wp-caption-text gallery-caption' id='gallery-1-105960'>\n\t\t\t\tPrim\u0103ria s. Ba\u0219calia\n\t\t\t\t<\/figcaption><\/figure>\n\t\t<\/div>\n\n<p><b>Abona\u021bi-v\u0103 la noi pe re\u021bele sociale:\u00a0<\/b><a href=\"https:\/\/t.me\/bastvmd\"><b><i>Telegram<\/i><\/b><\/a><b>,\u00a0<\/b><a href=\"https:\/\/www.youtube.com\/channel\/UC-9005PnLnhpNM8PVSjP2dQ\/featured\"><b><i>YouTube<\/i><\/b><\/a><b>,\u00a0<\/b><a href=\"https:\/\/www.facebook.com\/bastv.md\"><b><i>Facebook<\/i><\/b><\/a>\u00a0\u0219i\u00a0<a href=\"https:\/\/www.instagram.com\/bastv.md\/\"><b><i>Instagram<\/i><\/b><\/a><b>.\u00a0 Aici public\u0103m \u0219tiri pe scurt!<\/b><\/p>\n","protected":false},"excerpt":{"rendered":"<p>Hramul satului este un prilej de mare veselie, de re\u00eent\u00e2lnire cu cei dragi \u0219i, mai are scopul de a reflecta cele mai frumoase obiceiuri. Pe 21 noiembrie, c\u00e2nd cre\u015ftinii \u00eei s\u0103rb\u0103toresc pe Sfin\u0163ii Arhangheli Mihail \u015fi Gavriil, \u00ee\u0219i serbeaz\u0103 hramul localit\u0103\u0163ile Abaclia \u015fi Ba\u0219calia. Cu aceast\u0103 ocazie, prim\u0103riile invit\u0103 cons\u0103tenii \u0219i oaspe\u021bii s\u0103 serbeze acest [&hellip;]<\/p>\n","protected":false},"author":3,"featured_media":105965,"comment_status":"open","ping_status":"open","sticky":false,"template":"","format":"standard","meta":{"footnotes":""},"categories":[219,574],"tags":[],"class_list":["post-105955","post","type-post","status-publish","format-standard","has-post-thumbnail","hentry","category-anunturi","category-util"],"yoast_head":"<!-- This site is optimized with the Yoast SEO plugin v27.5 - https:\/\/yoast.com\/product\/yoast-seo-wordpress\/ -->\n<title>(FOTO) Cum vor s\u0103rb\u0103tori hramul localit\u0103\u021bii satele Abaclia \u0219i Ba\u0219calia. Programul de serbare - BasTV<\/title>\n<meta name=\"description\" content=\"Hramul satului este un prilej de mare veselie, de re\u00eent\u00e2lnire cu cei dragi \u0219i, mai are scopul de a reflecta cele mai frumoase obiceiuri. Pe 21 noiembrie, c\u00e2nd cre\u015ftinii \u00eei s\u0103rb\u0103toresc pe Sfin\u0163ii Arhangheli Mihail \u015fi Gavriil, \u00ee\u0219i s\u0103rb\u0103toresc hramul localit\u0103\u0163ile Abaclia \u015fi Ba\u0219calia. Cu aceast\u0103 ocazie, prim\u0103riile invit\u0103 cons\u0103tenii \u0219i oaspe\u021bii s\u0103 serbeze acest eveniment.\" \/>\n<meta name=\"robots\" content=\"index, follow, max-snippet:-1, max-image-preview:large, max-video-preview:-1\" \/>\n<link rel=\"canonical\" href=\"https:\/\/bas-tv.md\/ro\/foto-cum-vor-sarbatori-hramul-localitatii-satele-abaclia-si-bascalia-programul-de-serbare\/\" \/>\n<meta property=\"og:locale\" content=\"ro_RO\" \/>\n<meta property=\"og:type\" content=\"article\" \/>\n<meta property=\"og:title\" content=\"(FOTO) Cum vor s\u0103rb\u0103tori hramul localit\u0103\u021bii satele Abaclia \u0219i Ba\u0219calia. Programul de serbare - BasTV\" \/>\n<meta property=\"og:description\" content=\"Hramul satului este un prilej de mare veselie, de re\u00eent\u00e2lnire cu cei dragi \u0219i, mai are scopul de a reflecta cele mai frumoase obiceiuri. Pe 21 noiembrie, c\u00e2nd cre\u015ftinii \u00eei s\u0103rb\u0103toresc pe Sfin\u0163ii Arhangheli Mihail \u015fi Gavriil, \u00ee\u0219i s\u0103rb\u0103toresc hramul localit\u0103\u0163ile Abaclia \u015fi Ba\u0219calia. Cu aceast\u0103 ocazie, prim\u0103riile invit\u0103 cons\u0103tenii \u0219i oaspe\u021bii s\u0103 serbeze acest eveniment.\" \/>\n<meta property=\"og:url\" content=\"https:\/\/bas-tv.md\/ro\/foto-cum-vor-sarbatori-hramul-localitatii-satele-abaclia-si-bascalia-programul-de-serbare\/\" \/>\n<meta property=\"og:site_name\" content=\"BasTV\" \/>\n<meta property=\"article:published_time\" content=\"2023-11-20T11:38:07+00:00\" \/>\n<meta property=\"article:modified_time\" content=\"2023-11-20T13:18:29+00:00\" \/>\n<meta property=\"og:image\" content=\"https:\/\/bas-tv.md\/wp-content\/uploads\/2023\/11\/tild6332-3662-4638-b638-663563633331__img_9709.jpg\" \/>\n\t<meta property=\"og:image:width\" content=\"1680\" \/>\n\t<meta property=\"og:image:height\" content=\"1120\" \/>\n\t<meta property=\"og:image:type\" content=\"image\/jpeg\" \/>\n<meta name=\"author\" content=\"Redactor\" \/>\n<meta name=\"twitter:card\" content=\"summary_large_image\" \/>\n<meta name=\"twitter:label1\" content=\"Scris de\" \/>\n\t<meta name=\"twitter:data1\" content=\"Redactor\" \/>\n\t<meta name=\"twitter:label2\" content=\"Timp estimat pentru citire\" \/>\n\t<meta name=\"twitter:data2\" content=\"2 minute\" \/>\n<script type=\"application\/ld+json\" class=\"yoast-schema-graph\">{\"@context\":\"https:\\\/\\\/schema.org\",\"@graph\":[{\"@type\":\"Article\",\"@id\":\"https:\\\/\\\/bas-tv.md\\\/ro\\\/foto-cum-vor-sarbatori-hramul-localitatii-satele-abaclia-si-bascalia-programul-de-serbare\\\/#article\",\"isPartOf\":{\"@id\":\"https:\\\/\\\/bas-tv.md\\\/ro\\\/foto-cum-vor-sarbatori-hramul-localitatii-satele-abaclia-si-bascalia-programul-de-serbare\\\/\"},\"author\":{\"name\":\"Redactor\",\"@id\":\"https:\\\/\\\/bas-tv.md\\\/ro\\\/#\\\/schema\\\/person\\\/8740f45ea2eca1f1695284fc03529af0\"},\"headline\":\"(FOTO) Cum vor s\u0103rb\u0103tori hramul localit\u0103\u021bii satele Abaclia \u0219i Ba\u0219calia. Programul de serbare\",\"datePublished\":\"2023-11-20T11:38:07+00:00\",\"dateModified\":\"2023-11-20T13:18:29+00:00\",\"mainEntityOfPage\":{\"@id\":\"https:\\\/\\\/bas-tv.md\\\/ro\\\/foto-cum-vor-sarbatori-hramul-localitatii-satele-abaclia-si-bascalia-programul-de-serbare\\\/\"},\"wordCount\":251,\"commentCount\":0,\"publisher\":{\"@id\":\"https:\\\/\\\/bas-tv.md\\\/ro\\\/#organization\"},\"image\":{\"@id\":\"https:\\\/\\\/bas-tv.md\\\/ro\\\/foto-cum-vor-sarbatori-hramul-localitatii-satele-abaclia-si-bascalia-programul-de-serbare\\\/#primaryimage\"},\"thumbnailUrl\":\"https:\\\/\\\/bas-tv.md\\\/wp-content\\\/uploads\\\/2023\\\/11\\\/tild6332-3662-4638-b638-663563633331__img_9709.jpg\",\"articleSection\":[\"Anun\u021buri\",\"Util\"],\"inLanguage\":\"ro-RO\",\"potentialAction\":[{\"@type\":\"CommentAction\",\"name\":\"Comment\",\"target\":[\"https:\\\/\\\/bas-tv.md\\\/ro\\\/foto-cum-vor-sarbatori-hramul-localitatii-satele-abaclia-si-bascalia-programul-de-serbare\\\/#respond\"]}]},{\"@type\":\"WebPage\",\"@id\":\"https:\\\/\\\/bas-tv.md\\\/ro\\\/foto-cum-vor-sarbatori-hramul-localitatii-satele-abaclia-si-bascalia-programul-de-serbare\\\/\",\"url\":\"https:\\\/\\\/bas-tv.md\\\/ro\\\/foto-cum-vor-sarbatori-hramul-localitatii-satele-abaclia-si-bascalia-programul-de-serbare\\\/\",\"name\":\"(FOTO) Cum vor s\u0103rb\u0103tori hramul localit\u0103\u021bii satele Abaclia \u0219i Ba\u0219calia. Programul de serbare - BasTV\",\"isPartOf\":{\"@id\":\"https:\\\/\\\/bas-tv.md\\\/ro\\\/#website\"},\"primaryImageOfPage\":{\"@id\":\"https:\\\/\\\/bas-tv.md\\\/ro\\\/foto-cum-vor-sarbatori-hramul-localitatii-satele-abaclia-si-bascalia-programul-de-serbare\\\/#primaryimage\"},\"image\":{\"@id\":\"https:\\\/\\\/bas-tv.md\\\/ro\\\/foto-cum-vor-sarbatori-hramul-localitatii-satele-abaclia-si-bascalia-programul-de-serbare\\\/#primaryimage\"},\"thumbnailUrl\":\"https:\\\/\\\/bas-tv.md\\\/wp-content\\\/uploads\\\/2023\\\/11\\\/tild6332-3662-4638-b638-663563633331__img_9709.jpg\",\"datePublished\":\"2023-11-20T11:38:07+00:00\",\"dateModified\":\"2023-11-20T13:18:29+00:00\",\"description\":\"Hramul satului este un prilej de mare veselie, de re\u00eent\u00e2lnire cu cei dragi \u0219i, mai are scopul de a reflecta cele mai frumoase obiceiuri. Pe 21 noiembrie, c\u00e2nd cre\u015ftinii \u00eei s\u0103rb\u0103toresc pe Sfin\u0163ii Arhangheli Mihail \u015fi Gavriil, \u00ee\u0219i s\u0103rb\u0103toresc hramul localit\u0103\u0163ile Abaclia \u015fi Ba\u0219calia. Cu aceast\u0103 ocazie, prim\u0103riile invit\u0103 cons\u0103tenii \u0219i oaspe\u021bii s\u0103 serbeze acest eveniment.\",\"inLanguage\":\"ro-RO\",\"potentialAction\":[{\"@type\":\"ReadAction\",\"target\":[\"https:\\\/\\\/bas-tv.md\\\/ro\\\/foto-cum-vor-sarbatori-hramul-localitatii-satele-abaclia-si-bascalia-programul-de-serbare\\\/\"]}]},{\"@type\":\"ImageObject\",\"inLanguage\":\"ro-RO\",\"@id\":\"https:\\\/\\\/bas-tv.md\\\/ro\\\/foto-cum-vor-sarbatori-hramul-localitatii-satele-abaclia-si-bascalia-programul-de-serbare\\\/#primaryimage\",\"url\":\"https:\\\/\\\/bas-tv.md\\\/wp-content\\\/uploads\\\/2023\\\/11\\\/tild6332-3662-4638-b638-663563633331__img_9709.jpg\",\"contentUrl\":\"https:\\\/\\\/bas-tv.md\\\/wp-content\\\/uploads\\\/2023\\\/11\\\/tild6332-3662-4638-b638-663563633331__img_9709.jpg\",\"width\":1680,\"height\":1120,\"caption\":\"(FOTO) Cum vor s\u0103rb\u0103tori hramul localit\u0103\u021bii satele Abaclia \u0219i Ba\u0219calia. Programul de serbare\"},{\"@type\":\"WebSite\",\"@id\":\"https:\\\/\\\/bas-tv.md\\\/ro\\\/#website\",\"url\":\"https:\\\/\\\/bas-tv.md\\\/ro\\\/\",\"name\":\"BasTV\",\"description\":\"Moldova\",\"publisher\":{\"@id\":\"https:\\\/\\\/bas-tv.md\\\/ro\\\/#organization\"},\"potentialAction\":[{\"@type\":\"SearchAction\",\"target\":{\"@type\":\"EntryPoint\",\"urlTemplate\":\"https:\\\/\\\/bas-tv.md\\\/ro\\\/?s={search_term_string}\"},\"query-input\":{\"@type\":\"PropertyValueSpecification\",\"valueRequired\":true,\"valueName\":\"search_term_string\"}}],\"inLanguage\":\"ro-RO\"},{\"@type\":\"Organization\",\"@id\":\"https:\\\/\\\/bas-tv.md\\\/ro\\\/#organization\",\"name\":\"BasTV\",\"url\":\"https:\\\/\\\/bas-tv.md\\\/ro\\\/\",\"logo\":{\"@type\":\"ImageObject\",\"inLanguage\":\"ro-RO\",\"@id\":\"https:\\\/\\\/bas-tv.md\\\/ro\\\/#\\\/schema\\\/logo\\\/image\\\/\",\"url\":\"https:\\\/\\\/bas-tv.md\\\/wp-content\\\/uploads\\\/2023\\\/05\\\/bas-tv-culoarea-rosie.png\",\"contentUrl\":\"https:\\\/\\\/bas-tv.md\\\/wp-content\\\/uploads\\\/2023\\\/05\\\/bas-tv-culoarea-rosie.png\",\"width\":202,\"height\":50,\"caption\":\"BasTV\"},\"image\":{\"@id\":\"https:\\\/\\\/bas-tv.md\\\/ro\\\/#\\\/schema\\\/logo\\\/image\\\/\"}},{\"@type\":\"Person\",\"@id\":\"https:\\\/\\\/bas-tv.md\\\/ro\\\/#\\\/schema\\\/person\\\/8740f45ea2eca1f1695284fc03529af0\",\"name\":\"Redactor\",\"image\":{\"@type\":\"ImageObject\",\"inLanguage\":\"ro-RO\",\"@id\":\"https:\\\/\\\/bas-tv.md\\\/wp-content\\\/litespeed\\\/avatar\\\/91c0586f3f6f4396a4ec1287c965eeeb.jpg?ver=1776950945\",\"url\":\"https:\\\/\\\/bas-tv.md\\\/wp-content\\\/litespeed\\\/avatar\\\/91c0586f3f6f4396a4ec1287c965eeeb.jpg?ver=1776950945\",\"contentUrl\":\"https:\\\/\\\/bas-tv.md\\\/wp-content\\\/litespeed\\\/avatar\\\/91c0586f3f6f4396a4ec1287c965eeeb.jpg?ver=1776950945\",\"caption\":\"Redactor\"},\"url\":\"https:\\\/\\\/bas-tv.md\\\/ro\\\/author\\\/redactor\\\/\"}]}<\/script>\n<!-- \/ Yoast SEO plugin. -->","yoast_head_json":{"title":"(FOTO) Cum vor s\u0103rb\u0103tori hramul localit\u0103\u021bii satele Abaclia \u0219i Ba\u0219calia. Programul de serbare - BasTV","description":"Hramul satului este un prilej de mare veselie, de re\u00eent\u00e2lnire cu cei dragi \u0219i, mai are scopul de a reflecta cele mai frumoase obiceiuri. Pe 21 noiembrie, c\u00e2nd cre\u015ftinii \u00eei s\u0103rb\u0103toresc pe Sfin\u0163ii Arhangheli Mihail \u015fi Gavriil, \u00ee\u0219i s\u0103rb\u0103toresc hramul localit\u0103\u0163ile Abaclia \u015fi Ba\u0219calia. Cu aceast\u0103 ocazie, prim\u0103riile invit\u0103 cons\u0103tenii \u0219i oaspe\u021bii s\u0103 serbeze acest eveniment.","robots":{"index":"index","follow":"follow","max-snippet":"max-snippet:-1","max-image-preview":"max-image-preview:large","max-video-preview":"max-video-preview:-1"},"canonical":"https:\/\/bas-tv.md\/ro\/foto-cum-vor-sarbatori-hramul-localitatii-satele-abaclia-si-bascalia-programul-de-serbare\/","og_locale":"ro_RO","og_type":"article","og_title":"(FOTO) Cum vor s\u0103rb\u0103tori hramul localit\u0103\u021bii satele Abaclia \u0219i Ba\u0219calia. Programul de serbare - BasTV","og_description":"Hramul satului este un prilej de mare veselie, de re\u00eent\u00e2lnire cu cei dragi \u0219i, mai are scopul de a reflecta cele mai frumoase obiceiuri. Pe 21 noiembrie, c\u00e2nd cre\u015ftinii \u00eei s\u0103rb\u0103toresc pe Sfin\u0163ii Arhangheli Mihail \u015fi Gavriil, \u00ee\u0219i s\u0103rb\u0103toresc hramul localit\u0103\u0163ile Abaclia \u015fi Ba\u0219calia. Cu aceast\u0103 ocazie, prim\u0103riile invit\u0103 cons\u0103tenii \u0219i oaspe\u021bii s\u0103 serbeze acest eveniment.","og_url":"https:\/\/bas-tv.md\/ro\/foto-cum-vor-sarbatori-hramul-localitatii-satele-abaclia-si-bascalia-programul-de-serbare\/","og_site_name":"BasTV","article_published_time":"2023-11-20T11:38:07+00:00","article_modified_time":"2023-11-20T13:18:29+00:00","og_image":[{"width":1680,"height":1120,"url":"https:\/\/bas-tv.md\/wp-content\/uploads\/2023\/11\/tild6332-3662-4638-b638-663563633331__img_9709.jpg","type":"image\/jpeg"}],"author":"Redactor","twitter_card":"summary_large_image","twitter_misc":{"Scris de":"Redactor","Timp estimat pentru citire":"2 minute"},"schema":{"@context":"https:\/\/schema.org","@graph":[{"@type":"Article","@id":"https:\/\/bas-tv.md\/ro\/foto-cum-vor-sarbatori-hramul-localitatii-satele-abaclia-si-bascalia-programul-de-serbare\/#article","isPartOf":{"@id":"https:\/\/bas-tv.md\/ro\/foto-cum-vor-sarbatori-hramul-localitatii-satele-abaclia-si-bascalia-programul-de-serbare\/"},"author":{"name":"Redactor","@id":"https:\/\/bas-tv.md\/ro\/#\/schema\/person\/8740f45ea2eca1f1695284fc03529af0"},"headline":"(FOTO) Cum vor s\u0103rb\u0103tori hramul localit\u0103\u021bii satele Abaclia \u0219i Ba\u0219calia. Programul de serbare","datePublished":"2023-11-20T11:38:07+00:00","dateModified":"2023-11-20T13:18:29+00:00","mainEntityOfPage":{"@id":"https:\/\/bas-tv.md\/ro\/foto-cum-vor-sarbatori-hramul-localitatii-satele-abaclia-si-bascalia-programul-de-serbare\/"},"wordCount":251,"commentCount":0,"publisher":{"@id":"https:\/\/bas-tv.md\/ro\/#organization"},"image":{"@id":"https:\/\/bas-tv.md\/ro\/foto-cum-vor-sarbatori-hramul-localitatii-satele-abaclia-si-bascalia-programul-de-serbare\/#primaryimage"},"thumbnailUrl":"https:\/\/bas-tv.md\/wp-content\/uploads\/2023\/11\/tild6332-3662-4638-b638-663563633331__img_9709.jpg","articleSection":["Anun\u021buri","Util"],"inLanguage":"ro-RO","potentialAction":[{"@type":"CommentAction","name":"Comment","target":["https:\/\/bas-tv.md\/ro\/foto-cum-vor-sarbatori-hramul-localitatii-satele-abaclia-si-bascalia-programul-de-serbare\/#respond"]}]},{"@type":"WebPage","@id":"https:\/\/bas-tv.md\/ro\/foto-cum-vor-sarbatori-hramul-localitatii-satele-abaclia-si-bascalia-programul-de-serbare\/","url":"https:\/\/bas-tv.md\/ro\/foto-cum-vor-sarbatori-hramul-localitatii-satele-abaclia-si-bascalia-programul-de-serbare\/","name":"(FOTO) Cum vor s\u0103rb\u0103tori hramul localit\u0103\u021bii satele Abaclia \u0219i Ba\u0219calia. Programul de serbare - BasTV","isPartOf":{"@id":"https:\/\/bas-tv.md\/ro\/#website"},"primaryImageOfPage":{"@id":"https:\/\/bas-tv.md\/ro\/foto-cum-vor-sarbatori-hramul-localitatii-satele-abaclia-si-bascalia-programul-de-serbare\/#primaryimage"},"image":{"@id":"https:\/\/bas-tv.md\/ro\/foto-cum-vor-sarbatori-hramul-localitatii-satele-abaclia-si-bascalia-programul-de-serbare\/#primaryimage"},"thumbnailUrl":"https:\/\/bas-tv.md\/wp-content\/uploads\/2023\/11\/tild6332-3662-4638-b638-663563633331__img_9709.jpg","datePublished":"2023-11-20T11:38:07+00:00","dateModified":"2023-11-20T13:18:29+00:00","description":"Hramul satului este un prilej de mare veselie, de re\u00eent\u00e2lnire cu cei dragi \u0219i, mai are scopul de a reflecta cele mai frumoase obiceiuri. Pe 21 noiembrie, c\u00e2nd cre\u015ftinii \u00eei s\u0103rb\u0103toresc pe Sfin\u0163ii Arhangheli Mihail \u015fi Gavriil, \u00ee\u0219i s\u0103rb\u0103toresc hramul localit\u0103\u0163ile Abaclia \u015fi Ba\u0219calia. Cu aceast\u0103 ocazie, prim\u0103riile invit\u0103 cons\u0103tenii \u0219i oaspe\u021bii s\u0103 serbeze acest eveniment.","inLanguage":"ro-RO","potentialAction":[{"@type":"ReadAction","target":["https:\/\/bas-tv.md\/ro\/foto-cum-vor-sarbatori-hramul-localitatii-satele-abaclia-si-bascalia-programul-de-serbare\/"]}]},{"@type":"ImageObject","inLanguage":"ro-RO","@id":"https:\/\/bas-tv.md\/ro\/foto-cum-vor-sarbatori-hramul-localitatii-satele-abaclia-si-bascalia-programul-de-serbare\/#primaryimage","url":"https:\/\/bas-tv.md\/wp-content\/uploads\/2023\/11\/tild6332-3662-4638-b638-663563633331__img_9709.jpg","contentUrl":"https:\/\/bas-tv.md\/wp-content\/uploads\/2023\/11\/tild6332-3662-4638-b638-663563633331__img_9709.jpg","width":1680,"height":1120,"caption":"(FOTO) Cum vor s\u0103rb\u0103tori hramul localit\u0103\u021bii satele Abaclia \u0219i Ba\u0219calia. Programul de serbare"},{"@type":"WebSite","@id":"https:\/\/bas-tv.md\/ro\/#website","url":"https:\/\/bas-tv.md\/ro\/","name":"BasTV","description":"Moldova","publisher":{"@id":"https:\/\/bas-tv.md\/ro\/#organization"},"potentialAction":[{"@type":"SearchAction","target":{"@type":"EntryPoint","urlTemplate":"https:\/\/bas-tv.md\/ro\/?s={search_term_string}"},"query-input":{"@type":"PropertyValueSpecification","valueRequired":true,"valueName":"search_term_string"}}],"inLanguage":"ro-RO"},{"@type":"Organization","@id":"https:\/\/bas-tv.md\/ro\/#organization","name":"BasTV","url":"https:\/\/bas-tv.md\/ro\/","logo":{"@type":"ImageObject","inLanguage":"ro-RO","@id":"https:\/\/bas-tv.md\/ro\/#\/schema\/logo\/image\/","url":"https:\/\/bas-tv.md\/wp-content\/uploads\/2023\/05\/bas-tv-culoarea-rosie.png","contentUrl":"https:\/\/bas-tv.md\/wp-content\/uploads\/2023\/05\/bas-tv-culoarea-rosie.png","width":202,"height":50,"caption":"BasTV"},"image":{"@id":"https:\/\/bas-tv.md\/ro\/#\/schema\/logo\/image\/"}},{"@type":"Person","@id":"https:\/\/bas-tv.md\/ro\/#\/schema\/person\/8740f45ea2eca1f1695284fc03529af0","name":"Redactor","image":{"@type":"ImageObject","inLanguage":"ro-RO","@id":"https:\/\/bas-tv.md\/wp-content\/litespeed\/avatar\/91c0586f3f6f4396a4ec1287c965eeeb.jpg?ver=1776950945","url":"https:\/\/bas-tv.md\/wp-content\/litespeed\/avatar\/91c0586f3f6f4396a4ec1287c965eeeb.jpg?ver=1776950945","contentUrl":"https:\/\/bas-tv.md\/wp-content\/litespeed\/avatar\/91c0586f3f6f4396a4ec1287c965eeeb.jpg?ver=1776950945","caption":"Redactor"},"url":"https:\/\/bas-tv.md\/ro\/author\/redactor\/"}]}},"views":561,"_links":{"self":[{"href":"https:\/\/bas-tv.md\/ro\/wp-json\/wp\/v2\/posts\/105955","targetHints":{"allow":["GET"]}}],"collection":[{"href":"https:\/\/bas-tv.md\/ro\/wp-json\/wp\/v2\/posts"}],"about":[{"href":"https:\/\/bas-tv.md\/ro\/wp-json\/wp\/v2\/types\/post"}],"author":[{"embeddable":true,"href":"https:\/\/bas-tv.md\/ro\/wp-json\/wp\/v2\/users\/3"}],"replies":[{"embeddable":true,"href":"https:\/\/bas-tv.md\/ro\/wp-json\/wp\/v2\/comments?post=105955"}],"version-history":[{"count":4,"href":"https:\/\/bas-tv.md\/ro\/wp-json\/wp\/v2\/posts\/105955\/revisions"}],"predecessor-version":[{"id":105977,"href":"https:\/\/bas-tv.md\/ro\/wp-json\/wp\/v2\/posts\/105955\/revisions\/105977"}],"wp:featuredmedia":[{"embeddable":true,"href":"https:\/\/bas-tv.md\/ro\/wp-json\/wp\/v2\/media\/105965"}],"wp:attachment":[{"href":"https:\/\/bas-tv.md\/ro\/wp-json\/wp\/v2\/media?parent=105955"}],"wp:term":[{"taxonomy":"category","embeddable":true,"href":"https:\/\/bas-tv.md\/ro\/wp-json\/wp\/v2\/categories?post=105955"},{"taxonomy":"post_tag","embeddable":true,"href":"https:\/\/bas-tv.md\/ro\/wp-json\/wp\/v2\/tags?post=105955"}],"curies":[{"name":"wp","href":"https:\/\/api.w.org\/{rel}","templated":true}]}}