{"id":107040,"date":"2023-12-05T17:00:05","date_gmt":"2023-12-05T15:00:05","guid":{"rendered":"https:\/\/bas-tv.md\/?p=107040"},"modified":"2023-12-05T13:49:17","modified_gmt":"2023-12-05T11:49:17","slug":"cnas-prestatiile-sociale-sunt-suspendate-daca-nu-sunt-ridicate-timp-de-12-luni","status":"publish","type":"post","link":"https:\/\/bas-tv.md\/ro\/cnas-prestatiile-sociale-sunt-suspendate-daca-nu-sunt-ridicate-timp-de-12-luni\/","title":{"rendered":"CNAS: presta\u021biile sociale sunt suspendate dac\u0103 nu sunt ridicate timp de 12 luni"},"content":{"rendered":"<p><strong>Presta\u021biile sociale care nu au fost primite prin intermediul oficiilor po\u0219tale timp de 12 luni consecutive, vor fi suspendate, anun\u021b\u0103 Casa Na\u021bional\u0103 de Asigur\u0103ri Sociale (CNAS).<\/strong><\/p>\n<p>CNAS \u00eendeamn\u0103 to\u021bi beneficiarii, care nu au ridicat presta\u021biile sociale din diverse motive, s\u0103 se adreseze la oficiile po\u015ftale ale \u00ce.S. \u201ePo\u0219ta Moldovei\u201d din orice localitate, indiferent de domiciliul beneficiarului de presta\u021bii sociale pentru primirea sumelor ne\u00eencasate.<\/p>\n<p>Pentru comoditatea beneficiarilor, CNAS sugereaz\u0103 solicitarea de la prestatorii de servicii de plat\u0103 \u2013 institu\u021bii bancare\/oficii po\u0219tale \u2013 asocierea presta\u021biei de baz\u0103 (de exemplu \u2013 pensia pentru limita de v\u00e2rst\u0103) cu alte tipuri de presta\u021bii sociale de care beneficia\u021bi (aloca\u021bii lunare de stat, indemniza\u021bii \u015f.a.).<\/p>\n<p><b>Abona\u021bi-v\u0103 la noi pe re\u021bele sociale:\u00a0<\/b><a href=\"https:\/\/t.me\/bastvmd\"><b><i>Telegram<\/i><\/b><\/a><b>,\u00a0<\/b><a href=\"https:\/\/www.youtube.com\/channel\/UC-9005PnLnhpNM8PVSjP2dQ\/featured\"><b><i>YouTube<\/i><\/b><\/a><b>,\u00a0<\/b><a href=\"https:\/\/www.facebook.com\/bastv.md\"><b><i>Facebook<\/i><\/b><\/a>\u00a0\u0219i\u00a0<a href=\"https:\/\/www.instagram.com\/bastv.md\/\"><b><i>Instagram<\/i><\/b><\/a><b>.\u00a0 Aici public\u0103m \u0219tiri pe scurt!<\/b><\/p>\n","protected":false},"excerpt":{"rendered":"<p>Presta\u021biile sociale care nu au fost primite prin intermediul oficiilor po\u0219tale timp de 12 luni consecutive, vor fi suspendate, anun\u021b\u0103 Casa Na\u021bional\u0103 de Asigur\u0103ri Sociale (CNAS). CNAS \u00eendeamn\u0103 to\u021bi beneficiarii, care nu au ridicat presta\u021biile sociale din diverse motive, s\u0103 se adreseze la oficiile po\u015ftale ale \u00ce.S. \u201ePo\u0219ta Moldovei\u201d din orice localitate, indiferent de domiciliul [&hellip;]<\/p>\n","protected":false},"author":3,"featured_media":107042,"comment_status":"open","ping_status":"open","sticky":false,"template":"","format":"standard","meta":{"footnotes":""},"categories":[219,574],"tags":[],"class_list":["post-107040","post","type-post","status-publish","format-standard","has-post-thumbnail","hentry","category-anunturi","category-util"],"yoast_head":"<!-- This site is optimized with the Yoast SEO plugin v27.5 - https:\/\/yoast.com\/product\/yoast-seo-wordpress\/ -->\n<title>CNAS: presta\u021biile sociale sunt suspendate dac\u0103 nu sunt ridicate timp de 12 luni - BasTV<\/title>\n<meta name=\"description\" content=\"Presta\u021biile sociale care nu au fost primite prin intermediul oficiilor po\u0219tale timp de 12 luni consecutive, vor fi suspendate, anun\u021b\u0103 Casa Na\u021bional\u0103 de Asigur\u0103ri Sociale (CNAS).\" \/>\n<meta name=\"robots\" content=\"index, follow, max-snippet:-1, max-image-preview:large, max-video-preview:-1\" \/>\n<link rel=\"canonical\" href=\"https:\/\/bas-tv.md\/ro\/cnas-prestatiile-sociale-sunt-suspendate-daca-nu-sunt-ridicate-timp-de-12-luni\/\" \/>\n<meta property=\"og:locale\" content=\"ro_RO\" \/>\n<meta property=\"og:type\" content=\"article\" \/>\n<meta property=\"og:title\" content=\"CNAS: presta\u021biile sociale sunt suspendate dac\u0103 nu sunt ridicate timp de 12 luni - BasTV\" \/>\n<meta property=\"og:description\" content=\"Presta\u021biile sociale care nu au fost primite prin intermediul oficiilor po\u0219tale timp de 12 luni consecutive, vor fi suspendate, anun\u021b\u0103 Casa Na\u021bional\u0103 de Asigur\u0103ri Sociale (CNAS).\" \/>\n<meta property=\"og:url\" content=\"https:\/\/bas-tv.md\/ro\/cnas-prestatiile-sociale-sunt-suspendate-daca-nu-sunt-ridicate-timp-de-12-luni\/\" \/>\n<meta property=\"og:site_name\" content=\"BasTV\" \/>\n<meta property=\"article:published_time\" content=\"2023-12-05T15:00:05+00:00\" \/>\n<meta property=\"og:image\" content=\"https:\/\/bas-tv.md\/wp-content\/uploads\/2023\/12\/8i.jpg\" \/>\n\t<meta property=\"og:image:width\" content=\"1280\" \/>\n\t<meta property=\"og:image:height\" content=\"720\" \/>\n\t<meta property=\"og:image:type\" content=\"image\/jpeg\" \/>\n<meta name=\"author\" content=\"Redactor\" \/>\n<meta name=\"twitter:card\" content=\"summary_large_image\" \/>\n<meta name=\"twitter:label1\" content=\"Scris de\" \/>\n\t<meta name=\"twitter:data1\" content=\"Redactor\" \/>\n\t<meta name=\"twitter:label2\" content=\"Timp estimat pentru citire\" \/>\n\t<meta name=\"twitter:data2\" content=\"1 minut\" \/>\n<script type=\"application\/ld+json\" class=\"yoast-schema-graph\">{\"@context\":\"https:\\\/\\\/schema.org\",\"@graph\":[{\"@type\":\"Article\",\"@id\":\"https:\\\/\\\/bas-tv.md\\\/ro\\\/cnas-prestatiile-sociale-sunt-suspendate-daca-nu-sunt-ridicate-timp-de-12-luni\\\/#article\",\"isPartOf\":{\"@id\":\"https:\\\/\\\/bas-tv.md\\\/ro\\\/cnas-prestatiile-sociale-sunt-suspendate-daca-nu-sunt-ridicate-timp-de-12-luni\\\/\"},\"author\":{\"name\":\"Redactor\",\"@id\":\"https:\\\/\\\/bas-tv.md\\\/ro\\\/#\\\/schema\\\/person\\\/8740f45ea2eca1f1695284fc03529af0\"},\"headline\":\"CNAS: presta\u021biile sociale sunt suspendate dac\u0103 nu sunt ridicate timp de 12 luni\",\"datePublished\":\"2023-12-05T15:00:05+00:00\",\"mainEntityOfPage\":{\"@id\":\"https:\\\/\\\/bas-tv.md\\\/ro\\\/cnas-prestatiile-sociale-sunt-suspendate-daca-nu-sunt-ridicate-timp-de-12-luni\\\/\"},\"wordCount\":155,\"commentCount\":0,\"publisher\":{\"@id\":\"https:\\\/\\\/bas-tv.md\\\/ro\\\/#organization\"},\"image\":{\"@id\":\"https:\\\/\\\/bas-tv.md\\\/ro\\\/cnas-prestatiile-sociale-sunt-suspendate-daca-nu-sunt-ridicate-timp-de-12-luni\\\/#primaryimage\"},\"thumbnailUrl\":\"https:\\\/\\\/bas-tv.md\\\/wp-content\\\/uploads\\\/2023\\\/12\\\/8i.jpg\",\"articleSection\":[\"Anun\u021buri\",\"Util\"],\"inLanguage\":\"ro-RO\",\"potentialAction\":[{\"@type\":\"CommentAction\",\"name\":\"Comment\",\"target\":[\"https:\\\/\\\/bas-tv.md\\\/ro\\\/cnas-prestatiile-sociale-sunt-suspendate-daca-nu-sunt-ridicate-timp-de-12-luni\\\/#respond\"]}]},{\"@type\":\"WebPage\",\"@id\":\"https:\\\/\\\/bas-tv.md\\\/ro\\\/cnas-prestatiile-sociale-sunt-suspendate-daca-nu-sunt-ridicate-timp-de-12-luni\\\/\",\"url\":\"https:\\\/\\\/bas-tv.md\\\/ro\\\/cnas-prestatiile-sociale-sunt-suspendate-daca-nu-sunt-ridicate-timp-de-12-luni\\\/\",\"name\":\"CNAS: presta\u021biile sociale sunt suspendate dac\u0103 nu sunt ridicate timp de 12 luni - BasTV\",\"isPartOf\":{\"@id\":\"https:\\\/\\\/bas-tv.md\\\/ro\\\/#website\"},\"primaryImageOfPage\":{\"@id\":\"https:\\\/\\\/bas-tv.md\\\/ro\\\/cnas-prestatiile-sociale-sunt-suspendate-daca-nu-sunt-ridicate-timp-de-12-luni\\\/#primaryimage\"},\"image\":{\"@id\":\"https:\\\/\\\/bas-tv.md\\\/ro\\\/cnas-prestatiile-sociale-sunt-suspendate-daca-nu-sunt-ridicate-timp-de-12-luni\\\/#primaryimage\"},\"thumbnailUrl\":\"https:\\\/\\\/bas-tv.md\\\/wp-content\\\/uploads\\\/2023\\\/12\\\/8i.jpg\",\"datePublished\":\"2023-12-05T15:00:05+00:00\",\"description\":\"Presta\u021biile sociale care nu au fost primite prin intermediul oficiilor po\u0219tale timp de 12 luni consecutive, vor fi suspendate, anun\u021b\u0103 Casa Na\u021bional\u0103 de Asigur\u0103ri Sociale (CNAS).\",\"inLanguage\":\"ro-RO\",\"potentialAction\":[{\"@type\":\"ReadAction\",\"target\":[\"https:\\\/\\\/bas-tv.md\\\/ro\\\/cnas-prestatiile-sociale-sunt-suspendate-daca-nu-sunt-ridicate-timp-de-12-luni\\\/\"]}]},{\"@type\":\"ImageObject\",\"inLanguage\":\"ro-RO\",\"@id\":\"https:\\\/\\\/bas-tv.md\\\/ro\\\/cnas-prestatiile-sociale-sunt-suspendate-daca-nu-sunt-ridicate-timp-de-12-luni\\\/#primaryimage\",\"url\":\"https:\\\/\\\/bas-tv.md\\\/wp-content\\\/uploads\\\/2023\\\/12\\\/8i.jpg\",\"contentUrl\":\"https:\\\/\\\/bas-tv.md\\\/wp-content\\\/uploads\\\/2023\\\/12\\\/8i.jpg\",\"width\":1280,\"height\":720,\"caption\":\"Foto: simbol\"},{\"@type\":\"WebSite\",\"@id\":\"https:\\\/\\\/bas-tv.md\\\/ro\\\/#website\",\"url\":\"https:\\\/\\\/bas-tv.md\\\/ro\\\/\",\"name\":\"BasTV\",\"description\":\"Moldova\",\"publisher\":{\"@id\":\"https:\\\/\\\/bas-tv.md\\\/ro\\\/#organization\"},\"potentialAction\":[{\"@type\":\"SearchAction\",\"target\":{\"@type\":\"EntryPoint\",\"urlTemplate\":\"https:\\\/\\\/bas-tv.md\\\/ro\\\/?s={search_term_string}\"},\"query-input\":{\"@type\":\"PropertyValueSpecification\",\"valueRequired\":true,\"valueName\":\"search_term_string\"}}],\"inLanguage\":\"ro-RO\"},{\"@type\":\"Organization\",\"@id\":\"https:\\\/\\\/bas-tv.md\\\/ro\\\/#organization\",\"name\":\"BasTV\",\"url\":\"https:\\\/\\\/bas-tv.md\\\/ro\\\/\",\"logo\":{\"@type\":\"ImageObject\",\"inLanguage\":\"ro-RO\",\"@id\":\"https:\\\/\\\/bas-tv.md\\\/ro\\\/#\\\/schema\\\/logo\\\/image\\\/\",\"url\":\"https:\\\/\\\/bas-tv.md\\\/wp-content\\\/uploads\\\/2023\\\/05\\\/bas-tv-culoarea-rosie.png\",\"contentUrl\":\"https:\\\/\\\/bas-tv.md\\\/wp-content\\\/uploads\\\/2023\\\/05\\\/bas-tv-culoarea-rosie.png\",\"width\":202,\"height\":50,\"caption\":\"BasTV\"},\"image\":{\"@id\":\"https:\\\/\\\/bas-tv.md\\\/ro\\\/#\\\/schema\\\/logo\\\/image\\\/\"}},{\"@type\":\"Person\",\"@id\":\"https:\\\/\\\/bas-tv.md\\\/ro\\\/#\\\/schema\\\/person\\\/8740f45ea2eca1f1695284fc03529af0\",\"name\":\"Redactor\",\"image\":{\"@type\":\"ImageObject\",\"inLanguage\":\"ro-RO\",\"@id\":\"https:\\\/\\\/bas-tv.md\\\/wp-content\\\/litespeed\\\/avatar\\\/91c0586f3f6f4396a4ec1287c965eeeb.jpg?ver=1776950945\",\"url\":\"https:\\\/\\\/bas-tv.md\\\/wp-content\\\/litespeed\\\/avatar\\\/91c0586f3f6f4396a4ec1287c965eeeb.jpg?ver=1776950945\",\"contentUrl\":\"https:\\\/\\\/bas-tv.md\\\/wp-content\\\/litespeed\\\/avatar\\\/91c0586f3f6f4396a4ec1287c965eeeb.jpg?ver=1776950945\",\"caption\":\"Redactor\"},\"url\":\"https:\\\/\\\/bas-tv.md\\\/ro\\\/author\\\/redactor\\\/\"}]}<\/script>\n<!-- \/ Yoast SEO plugin. -->","yoast_head_json":{"title":"CNAS: presta\u021biile sociale sunt suspendate dac\u0103 nu sunt ridicate timp de 12 luni - BasTV","description":"Presta\u021biile sociale care nu au fost primite prin intermediul oficiilor po\u0219tale timp de 12 luni consecutive, vor fi suspendate, anun\u021b\u0103 Casa Na\u021bional\u0103 de Asigur\u0103ri Sociale (CNAS).","robots":{"index":"index","follow":"follow","max-snippet":"max-snippet:-1","max-image-preview":"max-image-preview:large","max-video-preview":"max-video-preview:-1"},"canonical":"https:\/\/bas-tv.md\/ro\/cnas-prestatiile-sociale-sunt-suspendate-daca-nu-sunt-ridicate-timp-de-12-luni\/","og_locale":"ro_RO","og_type":"article","og_title":"CNAS: presta\u021biile sociale sunt suspendate dac\u0103 nu sunt ridicate timp de 12 luni - BasTV","og_description":"Presta\u021biile sociale care nu au fost primite prin intermediul oficiilor po\u0219tale timp de 12 luni consecutive, vor fi suspendate, anun\u021b\u0103 Casa Na\u021bional\u0103 de Asigur\u0103ri Sociale (CNAS).","og_url":"https:\/\/bas-tv.md\/ro\/cnas-prestatiile-sociale-sunt-suspendate-daca-nu-sunt-ridicate-timp-de-12-luni\/","og_site_name":"BasTV","article_published_time":"2023-12-05T15:00:05+00:00","og_image":[{"width":1280,"height":720,"url":"https:\/\/bas-tv.md\/wp-content\/uploads\/2023\/12\/8i.jpg","type":"image\/jpeg"}],"author":"Redactor","twitter_card":"summary_large_image","twitter_misc":{"Scris de":"Redactor","Timp estimat pentru citire":"1 minut"},"schema":{"@context":"https:\/\/schema.org","@graph":[{"@type":"Article","@id":"https:\/\/bas-tv.md\/ro\/cnas-prestatiile-sociale-sunt-suspendate-daca-nu-sunt-ridicate-timp-de-12-luni\/#article","isPartOf":{"@id":"https:\/\/bas-tv.md\/ro\/cnas-prestatiile-sociale-sunt-suspendate-daca-nu-sunt-ridicate-timp-de-12-luni\/"},"author":{"name":"Redactor","@id":"https:\/\/bas-tv.md\/ro\/#\/schema\/person\/8740f45ea2eca1f1695284fc03529af0"},"headline":"CNAS: presta\u021biile sociale sunt suspendate dac\u0103 nu sunt ridicate timp de 12 luni","datePublished":"2023-12-05T15:00:05+00:00","mainEntityOfPage":{"@id":"https:\/\/bas-tv.md\/ro\/cnas-prestatiile-sociale-sunt-suspendate-daca-nu-sunt-ridicate-timp-de-12-luni\/"},"wordCount":155,"commentCount":0,"publisher":{"@id":"https:\/\/bas-tv.md\/ro\/#organization"},"image":{"@id":"https:\/\/bas-tv.md\/ro\/cnas-prestatiile-sociale-sunt-suspendate-daca-nu-sunt-ridicate-timp-de-12-luni\/#primaryimage"},"thumbnailUrl":"https:\/\/bas-tv.md\/wp-content\/uploads\/2023\/12\/8i.jpg","articleSection":["Anun\u021buri","Util"],"inLanguage":"ro-RO","potentialAction":[{"@type":"CommentAction","name":"Comment","target":["https:\/\/bas-tv.md\/ro\/cnas-prestatiile-sociale-sunt-suspendate-daca-nu-sunt-ridicate-timp-de-12-luni\/#respond"]}]},{"@type":"WebPage","@id":"https:\/\/bas-tv.md\/ro\/cnas-prestatiile-sociale-sunt-suspendate-daca-nu-sunt-ridicate-timp-de-12-luni\/","url":"https:\/\/bas-tv.md\/ro\/cnas-prestatiile-sociale-sunt-suspendate-daca-nu-sunt-ridicate-timp-de-12-luni\/","name":"CNAS: presta\u021biile sociale sunt suspendate dac\u0103 nu sunt ridicate timp de 12 luni - BasTV","isPartOf":{"@id":"https:\/\/bas-tv.md\/ro\/#website"},"primaryImageOfPage":{"@id":"https:\/\/bas-tv.md\/ro\/cnas-prestatiile-sociale-sunt-suspendate-daca-nu-sunt-ridicate-timp-de-12-luni\/#primaryimage"},"image":{"@id":"https:\/\/bas-tv.md\/ro\/cnas-prestatiile-sociale-sunt-suspendate-daca-nu-sunt-ridicate-timp-de-12-luni\/#primaryimage"},"thumbnailUrl":"https:\/\/bas-tv.md\/wp-content\/uploads\/2023\/12\/8i.jpg","datePublished":"2023-12-05T15:00:05+00:00","description":"Presta\u021biile sociale care nu au fost primite prin intermediul oficiilor po\u0219tale timp de 12 luni consecutive, vor fi suspendate, anun\u021b\u0103 Casa Na\u021bional\u0103 de Asigur\u0103ri Sociale (CNAS).","inLanguage":"ro-RO","potentialAction":[{"@type":"ReadAction","target":["https:\/\/bas-tv.md\/ro\/cnas-prestatiile-sociale-sunt-suspendate-daca-nu-sunt-ridicate-timp-de-12-luni\/"]}]},{"@type":"ImageObject","inLanguage":"ro-RO","@id":"https:\/\/bas-tv.md\/ro\/cnas-prestatiile-sociale-sunt-suspendate-daca-nu-sunt-ridicate-timp-de-12-luni\/#primaryimage","url":"https:\/\/bas-tv.md\/wp-content\/uploads\/2023\/12\/8i.jpg","contentUrl":"https:\/\/bas-tv.md\/wp-content\/uploads\/2023\/12\/8i.jpg","width":1280,"height":720,"caption":"Foto: simbol"},{"@type":"WebSite","@id":"https:\/\/bas-tv.md\/ro\/#website","url":"https:\/\/bas-tv.md\/ro\/","name":"BasTV","description":"Moldova","publisher":{"@id":"https:\/\/bas-tv.md\/ro\/#organization"},"potentialAction":[{"@type":"SearchAction","target":{"@type":"EntryPoint","urlTemplate":"https:\/\/bas-tv.md\/ro\/?s={search_term_string}"},"query-input":{"@type":"PropertyValueSpecification","valueRequired":true,"valueName":"search_term_string"}}],"inLanguage":"ro-RO"},{"@type":"Organization","@id":"https:\/\/bas-tv.md\/ro\/#organization","name":"BasTV","url":"https:\/\/bas-tv.md\/ro\/","logo":{"@type":"ImageObject","inLanguage":"ro-RO","@id":"https:\/\/bas-tv.md\/ro\/#\/schema\/logo\/image\/","url":"https:\/\/bas-tv.md\/wp-content\/uploads\/2023\/05\/bas-tv-culoarea-rosie.png","contentUrl":"https:\/\/bas-tv.md\/wp-content\/uploads\/2023\/05\/bas-tv-culoarea-rosie.png","width":202,"height":50,"caption":"BasTV"},"image":{"@id":"https:\/\/bas-tv.md\/ro\/#\/schema\/logo\/image\/"}},{"@type":"Person","@id":"https:\/\/bas-tv.md\/ro\/#\/schema\/person\/8740f45ea2eca1f1695284fc03529af0","name":"Redactor","image":{"@type":"ImageObject","inLanguage":"ro-RO","@id":"https:\/\/bas-tv.md\/wp-content\/litespeed\/avatar\/91c0586f3f6f4396a4ec1287c965eeeb.jpg?ver=1776950945","url":"https:\/\/bas-tv.md\/wp-content\/litespeed\/avatar\/91c0586f3f6f4396a4ec1287c965eeeb.jpg?ver=1776950945","contentUrl":"https:\/\/bas-tv.md\/wp-content\/litespeed\/avatar\/91c0586f3f6f4396a4ec1287c965eeeb.jpg?ver=1776950945","caption":"Redactor"},"url":"https:\/\/bas-tv.md\/ro\/author\/redactor\/"}]}},"views":279,"_links":{"self":[{"href":"https:\/\/bas-tv.md\/ro\/wp-json\/wp\/v2\/posts\/107040","targetHints":{"allow":["GET"]}}],"collection":[{"href":"https:\/\/bas-tv.md\/ro\/wp-json\/wp\/v2\/posts"}],"about":[{"href":"https:\/\/bas-tv.md\/ro\/wp-json\/wp\/v2\/types\/post"}],"author":[{"embeddable":true,"href":"https:\/\/bas-tv.md\/ro\/wp-json\/wp\/v2\/users\/3"}],"replies":[{"embeddable":true,"href":"https:\/\/bas-tv.md\/ro\/wp-json\/wp\/v2\/comments?post=107040"}],"version-history":[{"count":1,"href":"https:\/\/bas-tv.md\/ro\/wp-json\/wp\/v2\/posts\/107040\/revisions"}],"predecessor-version":[{"id":107044,"href":"https:\/\/bas-tv.md\/ro\/wp-json\/wp\/v2\/posts\/107040\/revisions\/107044"}],"wp:featuredmedia":[{"embeddable":true,"href":"https:\/\/bas-tv.md\/ro\/wp-json\/wp\/v2\/media\/107042"}],"wp:attachment":[{"href":"https:\/\/bas-tv.md\/ro\/wp-json\/wp\/v2\/media?parent=107040"}],"wp:term":[{"taxonomy":"category","embeddable":true,"href":"https:\/\/bas-tv.md\/ro\/wp-json\/wp\/v2\/categories?post=107040"},{"taxonomy":"post_tag","embeddable":true,"href":"https:\/\/bas-tv.md\/ro\/wp-json\/wp\/v2\/tags?post=107040"}],"curies":[{"name":"wp","href":"https:\/\/api.w.org\/{rel}","templated":true}]}}