{"id":107526,"date":"2023-12-12T17:10:22","date_gmt":"2023-12-12T15:10:22","guid":{"rendered":"https:\/\/bas-tv.md\/?p=107526"},"modified":"2023-12-12T16:14:58","modified_gmt":"2023-12-12T14:14:58","slug":"ministerul-muncii-precizeaza-toti-cetatenii-eligibili-pentru-compensatii-vor-primi-compensatiile-in-factura","status":"publish","type":"post","link":"https:\/\/bas-tv.md\/ro\/ministerul-muncii-precizeaza-toti-cetatenii-eligibili-pentru-compensatii-vor-primi-compensatiile-in-factura\/","title":{"rendered":"Ministerul Muncii precizeaz\u0103: ,,to\u021bi cet\u0103\u021benii eligibili pentru compensa\u021bii vor primi compensa\u021biile \u00een factur\u0103\u201d"},"content":{"rendered":"<p><strong>\u00cen contextul mai multor falsuri ap\u0103rute \u00een spa\u021biul public, Ministerul Muncii \u0219i Protec\u021biei Sociale vrea s\u0103 asigure cet\u0103\u021benii c\u0103 absolut toate gospod\u0103riile care au depus cerere pentru a primi compensa\u021bii \u00een factur\u0103 \u0219i le-a fost atribuit un grad de vulnerabilitate energetic\u0103 vor primi compensa\u021biile \u00een factur\u0103, inclusiv retroactiv, cu tarifele corespunz\u0103toare categoriei de vulnerabilitate energetic\u0103.<\/strong><\/p>\n<p>Consumul energiei a 16 684 de gospod\u0103rii \u00eenregistrate \u00een Sistemul informa\u021bional \u201eVulnerabilitatea energetic\u0103\u201d este facturat prin asocia\u021bie\/\u00eentov\u0103r\u0103\u0219ire pomicol\u0103\/c\u0103min sau alte forme juridice. Unele gospod\u0103rii, care au primit mai devreme factura pentru luna noiembrie prin intermediul asocia\u021biilor, nu \u0219i-au reg\u0103sit compensa\u021biile \u00een factur\u0103.<\/p>\n<blockquote><p>,,\u021ainem s\u0103 asigur\u0103m to\u021bi cet\u0103\u021benii afla\u021bi \u00eentr-o astfel de situa\u021bie c\u0103 vor primi compensa\u021bia pentru luna noiembrie retroactiv, \u00een factura pentru luna decembrie\u201d, men\u021bioneaz\u0103\u00a0 reprezentan\u021bii Ministerului Muncii \u0219i Protec\u021biei Sociale.<\/p><\/blockquote>\n<p>Dac\u0103 exist\u0103 consumatori care au primit deja facturile \u0219i de la al\u021bi furnizori, f\u0103r\u0103 compensa\u021biile indicate, dar le-a fost atribuit un grad de vulnerabilitate, ace\u0219tia se pot adresa cu o pl\u00e2ngere la adresa electronic\u0103 <a href=\"mailto:suport@compensatii.gov.md\">suport@compensatii.gov.md<\/a>.<\/p>\n<p>Potrivit autorit\u0103\u021bilor, de compensa\u021bii la energia electric\u0103 beneficiaz\u0103 doar consumatorii casnici pentru care energia electric\u0103 reprezint\u0103 principala surs\u0103 de \u00eenc\u0103lzire pe perioada rece a anului \u0219i \u00eentrunesc toate condi\u021biile urm\u0103toare:<\/p>\n<ul>\n<li>consumatorii casnici au \u00eenregistrat un consum mediu lunar de electricitate de cel pu\u021bin 250 kWh\/lun\u0103 \u00een perioada rece precedent\u0103;<\/li>\n<li>consumatorii casnici nu sunt conecta\u021bi la furnizarea centralizat\u0103 de energie termic\u0103, sau au \u00eenregistrat un consum mediu lunar de energie termic\u0103 mai mic de 0,3 Gcal\/lun\u0103 \u00een perioada rece precedent\u0103;<\/li>\n<li>consumatorii casnici au \u00eenregistrat un consum la gazele naturale mai mic de 80 m3\/lun\u0103 \u00een perioada rece precedent;<\/li>\n<li>Gospod\u0103riile pentru care energia electric\u0103 nu este sursa principal\u0103 de \u00eenc\u0103lzite nu sunt eligibile pentru compensa\u021bii.<\/li>\n<\/ul>\n<p>Pentru compensa\u021bia \u00een factur\u0103 la energie electric\u0103 au fost calificate, conform tuturor criteriilor enumerate mai sus, \u00een jur de 6 000 de gospod\u0103rii casnice. Consumatorii care au depus cerere pentru a primi compensa\u021bii la energia electric\u0103, \u00eens\u0103 aceasta nu reprezint\u0103 principala lor surs\u0103 de \u00eenc\u0103lzire, vor primi compensa\u021bii \u00een factur\u0103 fie pentru gaze naturale, fie pentru energie termic\u0103, \u00een func\u021bie de care este sursa principal\u0103 de \u00eenc\u0103lzire a acestora.<\/p>\n<p>Cet\u0103\u021benii care nu s-au calificat dup\u0103 criteriul de consum mediu lunar de electricitate de cel pu\u021bin 250 kWh\/lun\u0103 \u00een perioada rece precedent\u0103 \u0219i consider\u0103 c\u0103 a fost comis\u0103 o gre\u0219eal\u0103 se pot adresa cu o pl\u00e2ngere la adresa: <a href=\"mailto:suport@compensatii.gov.md\">suport@compensatii.gov.md<\/a>.<\/p>\n<p><b>Abona\u021bi-v\u0103 la noi pe re\u021bele sociale:\u00a0<\/b><a href=\"https:\/\/t.me\/bastvmd\"><b><i>Telegram<\/i><\/b><\/a><b>,\u00a0<\/b><a href=\"https:\/\/www.youtube.com\/channel\/UC-9005PnLnhpNM8PVSjP2dQ\/featured\"><b><i>YouTube<\/i><\/b><\/a><b>,\u00a0<\/b><a href=\"https:\/\/www.facebook.com\/bastv.md\"><b><i>Facebook<\/i><\/b><\/a> \u0219i <a href=\"https:\/\/www.instagram.com\/bastv.md\/\"><b><i>Instagram<\/i><\/b><\/a><b>.\u00a0 Aici public\u0103m \u0219tiri pe scurt!<\/b><\/p>\n","protected":false},"excerpt":{"rendered":"<p>\u00cen contextul mai multor falsuri ap\u0103rute \u00een spa\u021biul public, Ministerul Muncii \u0219i Protec\u021biei Sociale vrea s\u0103 asigure cet\u0103\u021benii c\u0103 absolut toate gospod\u0103riile care au depus cerere pentru a primi compensa\u021bii \u00een factur\u0103 \u0219i le-a fost atribuit un grad de vulnerabilitate energetic\u0103 vor primi compensa\u021biile \u00een factur\u0103, inclusiv retroactiv, cu tarifele corespunz\u0103toare categoriei de vulnerabilitate energetic\u0103. [&hellip;]<\/p>\n","protected":false},"author":3,"featured_media":107529,"comment_status":"open","ping_status":"open","sticky":false,"template":"","format":"standard","meta":{"footnotes":""},"categories":[219,574],"tags":[],"class_list":["post-107526","post","type-post","status-publish","format-standard","has-post-thumbnail","hentry","category-anunturi","category-util"],"yoast_head":"<!-- This site is optimized with the Yoast SEO plugin v27.5 - https:\/\/yoast.com\/product\/yoast-seo-wordpress\/ -->\n<title>Ministerul Muncii precizeaz\u0103: ,,to\u021bi cet\u0103\u021benii eligibili pentru compensa\u021bii vor primi compensa\u021biile \u00een factur\u0103\u201d - BasTV<\/title>\n<meta name=\"description\" content=\"\u00cen contextul mai multor falsuri ap\u0103rute \u00een spa\u021biul public, Ministerul Muncii \u0219i Protec\u021biei Sociale vrea s\u0103 asigure cet\u0103\u021benii c\u0103 absolut toate gospod\u0103riile care au depus cerere pentru a primi compensa\u021bii \u00een factur\u0103 \u0219i le-a fost atribuit un grad de vulnerabilitate energetic\u0103 vor primi compensa\u021biile \u00een factur\u0103, inclusiv retroactiv, cu tarifele corespunz\u0103toare categoriei de vulnerabilitate energetic\u0103.\" \/>\n<meta name=\"robots\" content=\"index, follow, max-snippet:-1, max-image-preview:large, max-video-preview:-1\" \/>\n<link rel=\"canonical\" href=\"https:\/\/bas-tv.md\/ro\/ministerul-muncii-precizeaza-toti-cetatenii-eligibili-pentru-compensatii-vor-primi-compensatiile-in-factura\/\" \/>\n<meta property=\"og:locale\" content=\"ro_RO\" \/>\n<meta property=\"og:type\" content=\"article\" \/>\n<meta property=\"og:title\" content=\"Ministerul Muncii precizeaz\u0103: ,,to\u021bi cet\u0103\u021benii eligibili pentru compensa\u021bii vor primi compensa\u021biile \u00een factur\u0103\u201d - BasTV\" \/>\n<meta property=\"og:description\" content=\"\u00cen contextul mai multor falsuri ap\u0103rute \u00een spa\u021biul public, Ministerul Muncii \u0219i Protec\u021biei Sociale vrea s\u0103 asigure cet\u0103\u021benii c\u0103 absolut toate gospod\u0103riile care au depus cerere pentru a primi compensa\u021bii \u00een factur\u0103 \u0219i le-a fost atribuit un grad de vulnerabilitate energetic\u0103 vor primi compensa\u021biile \u00een factur\u0103, inclusiv retroactiv, cu tarifele corespunz\u0103toare categoriei de vulnerabilitate energetic\u0103.\" \/>\n<meta property=\"og:url\" content=\"https:\/\/bas-tv.md\/ro\/ministerul-muncii-precizeaza-toti-cetatenii-eligibili-pentru-compensatii-vor-primi-compensatiile-in-factura\/\" \/>\n<meta property=\"og:site_name\" content=\"BasTV\" \/>\n<meta property=\"article:published_time\" content=\"2023-12-12T15:10:22+00:00\" \/>\n<meta property=\"og:image\" content=\"https:\/\/bas-tv.md\/wp-content\/uploads\/2023\/12\/2023-02-12_18.34.18_result_0.jpg\" \/>\n\t<meta property=\"og:image:width\" content=\"1460\" \/>\n\t<meta property=\"og:image:height\" content=\"920\" \/>\n\t<meta property=\"og:image:type\" content=\"image\/jpeg\" \/>\n<meta name=\"author\" content=\"Redactor\" \/>\n<meta name=\"twitter:card\" content=\"summary_large_image\" \/>\n<meta name=\"twitter:label1\" content=\"Scris de\" \/>\n\t<meta name=\"twitter:data1\" content=\"Redactor\" \/>\n\t<meta name=\"twitter:label2\" content=\"Timp estimat pentru citire\" \/>\n\t<meta name=\"twitter:data2\" content=\"3 minute\" \/>\n<script type=\"application\/ld+json\" class=\"yoast-schema-graph\">{\"@context\":\"https:\\\/\\\/schema.org\",\"@graph\":[{\"@type\":\"Article\",\"@id\":\"https:\\\/\\\/bas-tv.md\\\/ro\\\/ministerul-muncii-precizeaza-toti-cetatenii-eligibili-pentru-compensatii-vor-primi-compensatiile-in-factura\\\/#article\",\"isPartOf\":{\"@id\":\"https:\\\/\\\/bas-tv.md\\\/ro\\\/ministerul-muncii-precizeaza-toti-cetatenii-eligibili-pentru-compensatii-vor-primi-compensatiile-in-factura\\\/\"},\"author\":{\"name\":\"Redactor\",\"@id\":\"https:\\\/\\\/bas-tv.md\\\/ro\\\/#\\\/schema\\\/person\\\/8740f45ea2eca1f1695284fc03529af0\"},\"headline\":\"Ministerul Muncii precizeaz\u0103: ,,to\u021bi cet\u0103\u021benii eligibili pentru compensa\u021bii vor primi compensa\u021biile \u00een factur\u0103\u201d\",\"datePublished\":\"2023-12-12T15:10:22+00:00\",\"mainEntityOfPage\":{\"@id\":\"https:\\\/\\\/bas-tv.md\\\/ro\\\/ministerul-muncii-precizeaza-toti-cetatenii-eligibili-pentru-compensatii-vor-primi-compensatiile-in-factura\\\/\"},\"wordCount\":476,\"commentCount\":0,\"publisher\":{\"@id\":\"https:\\\/\\\/bas-tv.md\\\/ro\\\/#organization\"},\"image\":{\"@id\":\"https:\\\/\\\/bas-tv.md\\\/ro\\\/ministerul-muncii-precizeaza-toti-cetatenii-eligibili-pentru-compensatii-vor-primi-compensatiile-in-factura\\\/#primaryimage\"},\"thumbnailUrl\":\"https:\\\/\\\/bas-tv.md\\\/wp-content\\\/uploads\\\/2023\\\/12\\\/2023-02-12_18.34.18_result_0.jpg\",\"articleSection\":[\"Anun\u021buri\",\"Util\"],\"inLanguage\":\"ro-RO\",\"potentialAction\":[{\"@type\":\"CommentAction\",\"name\":\"Comment\",\"target\":[\"https:\\\/\\\/bas-tv.md\\\/ro\\\/ministerul-muncii-precizeaza-toti-cetatenii-eligibili-pentru-compensatii-vor-primi-compensatiile-in-factura\\\/#respond\"]}]},{\"@type\":\"WebPage\",\"@id\":\"https:\\\/\\\/bas-tv.md\\\/ro\\\/ministerul-muncii-precizeaza-toti-cetatenii-eligibili-pentru-compensatii-vor-primi-compensatiile-in-factura\\\/\",\"url\":\"https:\\\/\\\/bas-tv.md\\\/ro\\\/ministerul-muncii-precizeaza-toti-cetatenii-eligibili-pentru-compensatii-vor-primi-compensatiile-in-factura\\\/\",\"name\":\"Ministerul Muncii precizeaz\u0103: ,,to\u021bi cet\u0103\u021benii eligibili pentru compensa\u021bii vor primi compensa\u021biile \u00een factur\u0103\u201d - BasTV\",\"isPartOf\":{\"@id\":\"https:\\\/\\\/bas-tv.md\\\/ro\\\/#website\"},\"primaryImageOfPage\":{\"@id\":\"https:\\\/\\\/bas-tv.md\\\/ro\\\/ministerul-muncii-precizeaza-toti-cetatenii-eligibili-pentru-compensatii-vor-primi-compensatiile-in-factura\\\/#primaryimage\"},\"image\":{\"@id\":\"https:\\\/\\\/bas-tv.md\\\/ro\\\/ministerul-muncii-precizeaza-toti-cetatenii-eligibili-pentru-compensatii-vor-primi-compensatiile-in-factura\\\/#primaryimage\"},\"thumbnailUrl\":\"https:\\\/\\\/bas-tv.md\\\/wp-content\\\/uploads\\\/2023\\\/12\\\/2023-02-12_18.34.18_result_0.jpg\",\"datePublished\":\"2023-12-12T15:10:22+00:00\",\"description\":\"\u00cen contextul mai multor falsuri ap\u0103rute \u00een spa\u021biul public, Ministerul Muncii \u0219i Protec\u021biei Sociale vrea s\u0103 asigure cet\u0103\u021benii c\u0103 absolut toate gospod\u0103riile care au depus cerere pentru a primi compensa\u021bii \u00een factur\u0103 \u0219i le-a fost atribuit un grad de vulnerabilitate energetic\u0103 vor primi compensa\u021biile \u00een factur\u0103, inclusiv retroactiv, cu tarifele corespunz\u0103toare categoriei de vulnerabilitate energetic\u0103.\",\"inLanguage\":\"ro-RO\",\"potentialAction\":[{\"@type\":\"ReadAction\",\"target\":[\"https:\\\/\\\/bas-tv.md\\\/ro\\\/ministerul-muncii-precizeaza-toti-cetatenii-eligibili-pentru-compensatii-vor-primi-compensatiile-in-factura\\\/\"]}]},{\"@type\":\"ImageObject\",\"inLanguage\":\"ro-RO\",\"@id\":\"https:\\\/\\\/bas-tv.md\\\/ro\\\/ministerul-muncii-precizeaza-toti-cetatenii-eligibili-pentru-compensatii-vor-primi-compensatiile-in-factura\\\/#primaryimage\",\"url\":\"https:\\\/\\\/bas-tv.md\\\/wp-content\\\/uploads\\\/2023\\\/12\\\/2023-02-12_18.34.18_result_0.jpg\",\"contentUrl\":\"https:\\\/\\\/bas-tv.md\\\/wp-content\\\/uploads\\\/2023\\\/12\\\/2023-02-12_18.34.18_result_0.jpg\",\"width\":1460,\"height\":920,\"caption\":\"Ministerul Muncii precizeaz\u0103: to\u021bi cet\u0103\u021benii eligibili pentru compensa\u021bii vor primi compensa\u021biile \u00een factur\u0103\"},{\"@type\":\"WebSite\",\"@id\":\"https:\\\/\\\/bas-tv.md\\\/ro\\\/#website\",\"url\":\"https:\\\/\\\/bas-tv.md\\\/ro\\\/\",\"name\":\"BasTV\",\"description\":\"Moldova\",\"publisher\":{\"@id\":\"https:\\\/\\\/bas-tv.md\\\/ro\\\/#organization\"},\"potentialAction\":[{\"@type\":\"SearchAction\",\"target\":{\"@type\":\"EntryPoint\",\"urlTemplate\":\"https:\\\/\\\/bas-tv.md\\\/ro\\\/?s={search_term_string}\"},\"query-input\":{\"@type\":\"PropertyValueSpecification\",\"valueRequired\":true,\"valueName\":\"search_term_string\"}}],\"inLanguage\":\"ro-RO\"},{\"@type\":\"Organization\",\"@id\":\"https:\\\/\\\/bas-tv.md\\\/ro\\\/#organization\",\"name\":\"BasTV\",\"url\":\"https:\\\/\\\/bas-tv.md\\\/ro\\\/\",\"logo\":{\"@type\":\"ImageObject\",\"inLanguage\":\"ro-RO\",\"@id\":\"https:\\\/\\\/bas-tv.md\\\/ro\\\/#\\\/schema\\\/logo\\\/image\\\/\",\"url\":\"https:\\\/\\\/bas-tv.md\\\/wp-content\\\/uploads\\\/2023\\\/05\\\/bas-tv-culoarea-rosie.png\",\"contentUrl\":\"https:\\\/\\\/bas-tv.md\\\/wp-content\\\/uploads\\\/2023\\\/05\\\/bas-tv-culoarea-rosie.png\",\"width\":202,\"height\":50,\"caption\":\"BasTV\"},\"image\":{\"@id\":\"https:\\\/\\\/bas-tv.md\\\/ro\\\/#\\\/schema\\\/logo\\\/image\\\/\"}},{\"@type\":\"Person\",\"@id\":\"https:\\\/\\\/bas-tv.md\\\/ro\\\/#\\\/schema\\\/person\\\/8740f45ea2eca1f1695284fc03529af0\",\"name\":\"Redactor\",\"image\":{\"@type\":\"ImageObject\",\"inLanguage\":\"ro-RO\",\"@id\":\"https:\\\/\\\/bas-tv.md\\\/wp-content\\\/litespeed\\\/avatar\\\/91c0586f3f6f4396a4ec1287c965eeeb.jpg?ver=1776950945\",\"url\":\"https:\\\/\\\/bas-tv.md\\\/wp-content\\\/litespeed\\\/avatar\\\/91c0586f3f6f4396a4ec1287c965eeeb.jpg?ver=1776950945\",\"contentUrl\":\"https:\\\/\\\/bas-tv.md\\\/wp-content\\\/litespeed\\\/avatar\\\/91c0586f3f6f4396a4ec1287c965eeeb.jpg?ver=1776950945\",\"caption\":\"Redactor\"},\"url\":\"https:\\\/\\\/bas-tv.md\\\/ro\\\/author\\\/redactor\\\/\"}]}<\/script>\n<!-- \/ Yoast SEO plugin. -->","yoast_head_json":{"title":"Ministerul Muncii precizeaz\u0103: ,,to\u021bi cet\u0103\u021benii eligibili pentru compensa\u021bii vor primi compensa\u021biile \u00een factur\u0103\u201d - BasTV","description":"\u00cen contextul mai multor falsuri ap\u0103rute \u00een spa\u021biul public, Ministerul Muncii \u0219i Protec\u021biei Sociale vrea s\u0103 asigure cet\u0103\u021benii c\u0103 absolut toate gospod\u0103riile care au depus cerere pentru a primi compensa\u021bii \u00een factur\u0103 \u0219i le-a fost atribuit un grad de vulnerabilitate energetic\u0103 vor primi compensa\u021biile \u00een factur\u0103, inclusiv retroactiv, cu tarifele corespunz\u0103toare categoriei de vulnerabilitate energetic\u0103.","robots":{"index":"index","follow":"follow","max-snippet":"max-snippet:-1","max-image-preview":"max-image-preview:large","max-video-preview":"max-video-preview:-1"},"canonical":"https:\/\/bas-tv.md\/ro\/ministerul-muncii-precizeaza-toti-cetatenii-eligibili-pentru-compensatii-vor-primi-compensatiile-in-factura\/","og_locale":"ro_RO","og_type":"article","og_title":"Ministerul Muncii precizeaz\u0103: ,,to\u021bi cet\u0103\u021benii eligibili pentru compensa\u021bii vor primi compensa\u021biile \u00een factur\u0103\u201d - BasTV","og_description":"\u00cen contextul mai multor falsuri ap\u0103rute \u00een spa\u021biul public, Ministerul Muncii \u0219i Protec\u021biei Sociale vrea s\u0103 asigure cet\u0103\u021benii c\u0103 absolut toate gospod\u0103riile care au depus cerere pentru a primi compensa\u021bii \u00een factur\u0103 \u0219i le-a fost atribuit un grad de vulnerabilitate energetic\u0103 vor primi compensa\u021biile \u00een factur\u0103, inclusiv retroactiv, cu tarifele corespunz\u0103toare categoriei de vulnerabilitate energetic\u0103.","og_url":"https:\/\/bas-tv.md\/ro\/ministerul-muncii-precizeaza-toti-cetatenii-eligibili-pentru-compensatii-vor-primi-compensatiile-in-factura\/","og_site_name":"BasTV","article_published_time":"2023-12-12T15:10:22+00:00","og_image":[{"width":1460,"height":920,"url":"https:\/\/bas-tv.md\/wp-content\/uploads\/2023\/12\/2023-02-12_18.34.18_result_0.jpg","type":"image\/jpeg"}],"author":"Redactor","twitter_card":"summary_large_image","twitter_misc":{"Scris de":"Redactor","Timp estimat pentru citire":"3 minute"},"schema":{"@context":"https:\/\/schema.org","@graph":[{"@type":"Article","@id":"https:\/\/bas-tv.md\/ro\/ministerul-muncii-precizeaza-toti-cetatenii-eligibili-pentru-compensatii-vor-primi-compensatiile-in-factura\/#article","isPartOf":{"@id":"https:\/\/bas-tv.md\/ro\/ministerul-muncii-precizeaza-toti-cetatenii-eligibili-pentru-compensatii-vor-primi-compensatiile-in-factura\/"},"author":{"name":"Redactor","@id":"https:\/\/bas-tv.md\/ro\/#\/schema\/person\/8740f45ea2eca1f1695284fc03529af0"},"headline":"Ministerul Muncii precizeaz\u0103: ,,to\u021bi cet\u0103\u021benii eligibili pentru compensa\u021bii vor primi compensa\u021biile \u00een factur\u0103\u201d","datePublished":"2023-12-12T15:10:22+00:00","mainEntityOfPage":{"@id":"https:\/\/bas-tv.md\/ro\/ministerul-muncii-precizeaza-toti-cetatenii-eligibili-pentru-compensatii-vor-primi-compensatiile-in-factura\/"},"wordCount":476,"commentCount":0,"publisher":{"@id":"https:\/\/bas-tv.md\/ro\/#organization"},"image":{"@id":"https:\/\/bas-tv.md\/ro\/ministerul-muncii-precizeaza-toti-cetatenii-eligibili-pentru-compensatii-vor-primi-compensatiile-in-factura\/#primaryimage"},"thumbnailUrl":"https:\/\/bas-tv.md\/wp-content\/uploads\/2023\/12\/2023-02-12_18.34.18_result_0.jpg","articleSection":["Anun\u021buri","Util"],"inLanguage":"ro-RO","potentialAction":[{"@type":"CommentAction","name":"Comment","target":["https:\/\/bas-tv.md\/ro\/ministerul-muncii-precizeaza-toti-cetatenii-eligibili-pentru-compensatii-vor-primi-compensatiile-in-factura\/#respond"]}]},{"@type":"WebPage","@id":"https:\/\/bas-tv.md\/ro\/ministerul-muncii-precizeaza-toti-cetatenii-eligibili-pentru-compensatii-vor-primi-compensatiile-in-factura\/","url":"https:\/\/bas-tv.md\/ro\/ministerul-muncii-precizeaza-toti-cetatenii-eligibili-pentru-compensatii-vor-primi-compensatiile-in-factura\/","name":"Ministerul Muncii precizeaz\u0103: ,,to\u021bi cet\u0103\u021benii eligibili pentru compensa\u021bii vor primi compensa\u021biile \u00een factur\u0103\u201d - BasTV","isPartOf":{"@id":"https:\/\/bas-tv.md\/ro\/#website"},"primaryImageOfPage":{"@id":"https:\/\/bas-tv.md\/ro\/ministerul-muncii-precizeaza-toti-cetatenii-eligibili-pentru-compensatii-vor-primi-compensatiile-in-factura\/#primaryimage"},"image":{"@id":"https:\/\/bas-tv.md\/ro\/ministerul-muncii-precizeaza-toti-cetatenii-eligibili-pentru-compensatii-vor-primi-compensatiile-in-factura\/#primaryimage"},"thumbnailUrl":"https:\/\/bas-tv.md\/wp-content\/uploads\/2023\/12\/2023-02-12_18.34.18_result_0.jpg","datePublished":"2023-12-12T15:10:22+00:00","description":"\u00cen contextul mai multor falsuri ap\u0103rute \u00een spa\u021biul public, Ministerul Muncii \u0219i Protec\u021biei Sociale vrea s\u0103 asigure cet\u0103\u021benii c\u0103 absolut toate gospod\u0103riile care au depus cerere pentru a primi compensa\u021bii \u00een factur\u0103 \u0219i le-a fost atribuit un grad de vulnerabilitate energetic\u0103 vor primi compensa\u021biile \u00een factur\u0103, inclusiv retroactiv, cu tarifele corespunz\u0103toare categoriei de vulnerabilitate energetic\u0103.","inLanguage":"ro-RO","potentialAction":[{"@type":"ReadAction","target":["https:\/\/bas-tv.md\/ro\/ministerul-muncii-precizeaza-toti-cetatenii-eligibili-pentru-compensatii-vor-primi-compensatiile-in-factura\/"]}]},{"@type":"ImageObject","inLanguage":"ro-RO","@id":"https:\/\/bas-tv.md\/ro\/ministerul-muncii-precizeaza-toti-cetatenii-eligibili-pentru-compensatii-vor-primi-compensatiile-in-factura\/#primaryimage","url":"https:\/\/bas-tv.md\/wp-content\/uploads\/2023\/12\/2023-02-12_18.34.18_result_0.jpg","contentUrl":"https:\/\/bas-tv.md\/wp-content\/uploads\/2023\/12\/2023-02-12_18.34.18_result_0.jpg","width":1460,"height":920,"caption":"Ministerul Muncii precizeaz\u0103: to\u021bi cet\u0103\u021benii eligibili pentru compensa\u021bii vor primi compensa\u021biile \u00een factur\u0103"},{"@type":"WebSite","@id":"https:\/\/bas-tv.md\/ro\/#website","url":"https:\/\/bas-tv.md\/ro\/","name":"BasTV","description":"Moldova","publisher":{"@id":"https:\/\/bas-tv.md\/ro\/#organization"},"potentialAction":[{"@type":"SearchAction","target":{"@type":"EntryPoint","urlTemplate":"https:\/\/bas-tv.md\/ro\/?s={search_term_string}"},"query-input":{"@type":"PropertyValueSpecification","valueRequired":true,"valueName":"search_term_string"}}],"inLanguage":"ro-RO"},{"@type":"Organization","@id":"https:\/\/bas-tv.md\/ro\/#organization","name":"BasTV","url":"https:\/\/bas-tv.md\/ro\/","logo":{"@type":"ImageObject","inLanguage":"ro-RO","@id":"https:\/\/bas-tv.md\/ro\/#\/schema\/logo\/image\/","url":"https:\/\/bas-tv.md\/wp-content\/uploads\/2023\/05\/bas-tv-culoarea-rosie.png","contentUrl":"https:\/\/bas-tv.md\/wp-content\/uploads\/2023\/05\/bas-tv-culoarea-rosie.png","width":202,"height":50,"caption":"BasTV"},"image":{"@id":"https:\/\/bas-tv.md\/ro\/#\/schema\/logo\/image\/"}},{"@type":"Person","@id":"https:\/\/bas-tv.md\/ro\/#\/schema\/person\/8740f45ea2eca1f1695284fc03529af0","name":"Redactor","image":{"@type":"ImageObject","inLanguage":"ro-RO","@id":"https:\/\/bas-tv.md\/wp-content\/litespeed\/avatar\/91c0586f3f6f4396a4ec1287c965eeeb.jpg?ver=1776950945","url":"https:\/\/bas-tv.md\/wp-content\/litespeed\/avatar\/91c0586f3f6f4396a4ec1287c965eeeb.jpg?ver=1776950945","contentUrl":"https:\/\/bas-tv.md\/wp-content\/litespeed\/avatar\/91c0586f3f6f4396a4ec1287c965eeeb.jpg?ver=1776950945","caption":"Redactor"},"url":"https:\/\/bas-tv.md\/ro\/author\/redactor\/"}]}},"views":256,"_links":{"self":[{"href":"https:\/\/bas-tv.md\/ro\/wp-json\/wp\/v2\/posts\/107526","targetHints":{"allow":["GET"]}}],"collection":[{"href":"https:\/\/bas-tv.md\/ro\/wp-json\/wp\/v2\/posts"}],"about":[{"href":"https:\/\/bas-tv.md\/ro\/wp-json\/wp\/v2\/types\/post"}],"author":[{"embeddable":true,"href":"https:\/\/bas-tv.md\/ro\/wp-json\/wp\/v2\/users\/3"}],"replies":[{"embeddable":true,"href":"https:\/\/bas-tv.md\/ro\/wp-json\/wp\/v2\/comments?post=107526"}],"version-history":[{"count":4,"href":"https:\/\/bas-tv.md\/ro\/wp-json\/wp\/v2\/posts\/107526\/revisions"}],"predecessor-version":[{"id":107533,"href":"https:\/\/bas-tv.md\/ro\/wp-json\/wp\/v2\/posts\/107526\/revisions\/107533"}],"wp:featuredmedia":[{"embeddable":true,"href":"https:\/\/bas-tv.md\/ro\/wp-json\/wp\/v2\/media\/107529"}],"wp:attachment":[{"href":"https:\/\/bas-tv.md\/ro\/wp-json\/wp\/v2\/media?parent=107526"}],"wp:term":[{"taxonomy":"category","embeddable":true,"href":"https:\/\/bas-tv.md\/ro\/wp-json\/wp\/v2\/categories?post=107526"},{"taxonomy":"post_tag","embeddable":true,"href":"https:\/\/bas-tv.md\/ro\/wp-json\/wp\/v2\/tags?post=107526"}],"curies":[{"name":"wp","href":"https:\/\/api.w.org\/{rel}","templated":true}]}}