{"id":108748,"date":"2023-12-27T16:30:21","date_gmt":"2023-12-27T14:30:21","guid":{"rendered":"https:\/\/bas-tv.md\/?p=108748"},"modified":"2023-12-27T15:46:49","modified_gmt":"2023-12-27T13:46:49","slug":"guvernul-ii-indeamna-pe-moldoveni-sa-nu-foloseasca-focuri-de-artificii-de-revelion","status":"publish","type":"post","link":"https:\/\/bas-tv.md\/ro\/guvernul-ii-indeamna-pe-moldoveni-sa-nu-foloseasca-focuri-de-artificii-de-revelion\/","title":{"rendered":"Guvernul \u00eei \u00eendeamn\u0103 pe moldoveni s\u0103 nu foloseasc\u0103 focuri de artificii de Revelion"},"content":{"rendered":"<p><strong>Autorit\u0103\u021bile \u00eendeamn\u0103 cet\u0103\u021benii s\u0103 nu foloseasc\u0103 focuri de artificii \u00een perioad\u0103 s\u0103rb\u0103torilor de iarn\u0103. Purt\u0103torul de cuv\u00e2nt al Executivului, Daniel Vod\u0103, a precizat c\u0103 acestea d\u0103uneaz\u0103 mediului \u0219i, drept urmare, pot afecta s\u0103n\u0103tatea popula\u021biei.<\/strong><\/p>\n<blockquote><p>\u201eAceast\u0103 decizie este luat\u0103 \u00een vedere protej\u0103rii s\u0103n\u0103t\u0103\u021bii publice, a siguran\u021bei animalelor de companie, p\u0103s\u0103rilor, a reducerii poluan\u021bilor. Focurile de artificii pot provoca r\u0103ni grave oamenilor c\u00e2t \u0219i animalelor. Zgomotul intens produs de aceste pot duce la stres \u0219i anxietate sever\u0103 la animalele de companie \u0219i la via\u021ba s\u0103lbatic\u0103. Zgomotul \u0219i lumina pot deranja migra\u021bia p\u0103s\u0103rilor\u201d, a men\u021bionat Daniel Vod\u0103, citat de realitate.md.<\/p><\/blockquote>\n<p>Totodat\u0103, substan\u021bele chimice \u0219i particulele fine eliberate \u00een aer \u00een timpul deton\u0103rii focurilor de artificii pot contribui la poluarea aerului, afect\u00e2nd calitatea acestuia \u0219i av\u00e2nd impact negativ asupra s\u0103n\u0103t\u0103\u021bii respiratorii a popula\u021biei.<\/p>\n<p>\u00cen aceste condi\u021bii, autorit\u0103\u021bile \u00eencurajeaz\u0103 cet\u0103\u021benii s\u0103 g\u0103seasc\u0103 modalit\u0103\u021bi alternative mai sigure \u0219i mai ecologice pentru a celebra sosirea noului an.<\/p>\n<p><b>Abona\u021bi-v\u0103 la noi pe re\u021bele sociale:\u00a0<\/b><a href=\"https:\/\/t.me\/bastvmd\"><b><i>Telegram<\/i><\/b><\/a><b>,\u00a0<\/b><a href=\"https:\/\/www.youtube.com\/channel\/UC-9005PnLnhpNM8PVSjP2dQ\/featured\"><b><i>YouTube<\/i><\/b><\/a><b>,\u00a0<\/b><a href=\"https:\/\/www.facebook.com\/bastv.md\"><b><i>Facebook<\/i><\/b><\/a>\u00a0\u0219i\u00a0<a href=\"https:\/\/www.instagram.com\/bastv.md\/\"><b><i>Instagram<\/i><\/b><\/a><b>.\u00a0 Aici public\u0103m \u0219tiri pe scurt!<\/b><\/p>\n","protected":false},"excerpt":{"rendered":"<p>Autorit\u0103\u021bile \u00eendeamn\u0103 cet\u0103\u021benii s\u0103 nu foloseasc\u0103 focuri de artificii \u00een perioad\u0103 s\u0103rb\u0103torilor de iarn\u0103. Purt\u0103torul de cuv\u00e2nt al Executivului, Daniel Vod\u0103, a precizat c\u0103 acestea d\u0103uneaz\u0103 mediului \u0219i, drept urmare, pot afecta s\u0103n\u0103tatea popula\u021biei. \u201eAceast\u0103 decizie este luat\u0103 \u00een vedere protej\u0103rii s\u0103n\u0103t\u0103\u021bii publice, a siguran\u021bei animalelor de companie, p\u0103s\u0103rilor, a reducerii poluan\u021bilor. Focurile de artificii [&hellip;]<\/p>\n","protected":false},"author":3,"featured_media":108751,"comment_status":"open","ping_status":"open","sticky":false,"template":"","format":"standard","meta":{"footnotes":""},"categories":[219,574],"tags":[],"class_list":["post-108748","post","type-post","status-publish","format-standard","has-post-thumbnail","hentry","category-anunturi","category-util"],"yoast_head":"<!-- This site is optimized with the Yoast SEO plugin v27.5 - https:\/\/yoast.com\/product\/yoast-seo-wordpress\/ -->\n<title>Guvernul \u00eei \u00eendeamn\u0103 pe moldoveni s\u0103 nu foloseasc\u0103 focuri de artificii de Revelion - BasTV<\/title>\n<meta name=\"description\" content=\"Autorit\u0103\u021bile \u00eendeamn\u0103 cet\u0103\u021benii s\u0103 nu foloseasc\u0103 focuri de artificii \u00een perioad\u0103 s\u0103rb\u0103torilor de iarn\u0103. Purt\u0103torul de cuv\u00e2nt al Executivului, Daniel Vod\u0103, a precizat c\u0103 acestea d\u0103uneaz\u0103 mediului \u0219i, drept urmare, pot afecta s\u0103n\u0103tatea popula\u021biei.\" \/>\n<meta name=\"robots\" content=\"index, follow, max-snippet:-1, max-image-preview:large, max-video-preview:-1\" \/>\n<link rel=\"canonical\" href=\"https:\/\/bas-tv.md\/ro\/guvernul-ii-indeamna-pe-moldoveni-sa-nu-foloseasca-focuri-de-artificii-de-revelion\/\" \/>\n<meta property=\"og:locale\" content=\"ro_RO\" \/>\n<meta property=\"og:type\" content=\"article\" \/>\n<meta property=\"og:title\" content=\"Guvernul \u00eei \u00eendeamn\u0103 pe moldoveni s\u0103 nu foloseasc\u0103 focuri de artificii de Revelion - BasTV\" \/>\n<meta property=\"og:description\" content=\"Autorit\u0103\u021bile \u00eendeamn\u0103 cet\u0103\u021benii s\u0103 nu foloseasc\u0103 focuri de artificii \u00een perioad\u0103 s\u0103rb\u0103torilor de iarn\u0103. Purt\u0103torul de cuv\u00e2nt al Executivului, Daniel Vod\u0103, a precizat c\u0103 acestea d\u0103uneaz\u0103 mediului \u0219i, drept urmare, pot afecta s\u0103n\u0103tatea popula\u021biei.\" \/>\n<meta property=\"og:url\" content=\"https:\/\/bas-tv.md\/ro\/guvernul-ii-indeamna-pe-moldoveni-sa-nu-foloseasca-focuri-de-artificii-de-revelion\/\" \/>\n<meta property=\"og:site_name\" content=\"BasTV\" \/>\n<meta property=\"article:published_time\" content=\"2023-12-27T14:30:21+00:00\" \/>\n<meta property=\"og:image\" content=\"https:\/\/bas-tv.md\/wp-content\/uploads\/2023\/12\/shutterstock_538768309_cylgpy.jpg\" \/>\n\t<meta property=\"og:image:width\" content=\"1080\" \/>\n\t<meta property=\"og:image:height\" content=\"720\" \/>\n\t<meta property=\"og:image:type\" content=\"image\/jpeg\" \/>\n<meta name=\"author\" content=\"Redactor\" \/>\n<meta name=\"twitter:card\" content=\"summary_large_image\" \/>\n<meta name=\"twitter:label1\" content=\"Scris de\" \/>\n\t<meta name=\"twitter:data1\" content=\"Redactor\" \/>\n\t<meta name=\"twitter:label2\" content=\"Timp estimat pentru citire\" \/>\n\t<meta name=\"twitter:data2\" content=\"1 minut\" \/>\n<script type=\"application\/ld+json\" class=\"yoast-schema-graph\">{\"@context\":\"https:\\\/\\\/schema.org\",\"@graph\":[{\"@type\":\"Article\",\"@id\":\"https:\\\/\\\/bas-tv.md\\\/ro\\\/guvernul-ii-indeamna-pe-moldoveni-sa-nu-foloseasca-focuri-de-artificii-de-revelion\\\/#article\",\"isPartOf\":{\"@id\":\"https:\\\/\\\/bas-tv.md\\\/ro\\\/guvernul-ii-indeamna-pe-moldoveni-sa-nu-foloseasca-focuri-de-artificii-de-revelion\\\/\"},\"author\":{\"name\":\"Redactor\",\"@id\":\"https:\\\/\\\/bas-tv.md\\\/ro\\\/#\\\/schema\\\/person\\\/8740f45ea2eca1f1695284fc03529af0\"},\"headline\":\"Guvernul \u00eei \u00eendeamn\u0103 pe moldoveni s\u0103 nu foloseasc\u0103 focuri de artificii de Revelion\",\"datePublished\":\"2023-12-27T14:30:21+00:00\",\"mainEntityOfPage\":{\"@id\":\"https:\\\/\\\/bas-tv.md\\\/ro\\\/guvernul-ii-indeamna-pe-moldoveni-sa-nu-foloseasca-focuri-de-artificii-de-revelion\\\/\"},\"wordCount\":222,\"commentCount\":0,\"publisher\":{\"@id\":\"https:\\\/\\\/bas-tv.md\\\/ro\\\/#organization\"},\"image\":{\"@id\":\"https:\\\/\\\/bas-tv.md\\\/ro\\\/guvernul-ii-indeamna-pe-moldoveni-sa-nu-foloseasca-focuri-de-artificii-de-revelion\\\/#primaryimage\"},\"thumbnailUrl\":\"https:\\\/\\\/bas-tv.md\\\/wp-content\\\/uploads\\\/2023\\\/12\\\/shutterstock_538768309_cylgpy.jpg\",\"articleSection\":[\"Anun\u021buri\",\"Util\"],\"inLanguage\":\"ro-RO\",\"potentialAction\":[{\"@type\":\"CommentAction\",\"name\":\"Comment\",\"target\":[\"https:\\\/\\\/bas-tv.md\\\/ro\\\/guvernul-ii-indeamna-pe-moldoveni-sa-nu-foloseasca-focuri-de-artificii-de-revelion\\\/#respond\"]}]},{\"@type\":\"WebPage\",\"@id\":\"https:\\\/\\\/bas-tv.md\\\/ro\\\/guvernul-ii-indeamna-pe-moldoveni-sa-nu-foloseasca-focuri-de-artificii-de-revelion\\\/\",\"url\":\"https:\\\/\\\/bas-tv.md\\\/ro\\\/guvernul-ii-indeamna-pe-moldoveni-sa-nu-foloseasca-focuri-de-artificii-de-revelion\\\/\",\"name\":\"Guvernul \u00eei \u00eendeamn\u0103 pe moldoveni s\u0103 nu foloseasc\u0103 focuri de artificii de Revelion - BasTV\",\"isPartOf\":{\"@id\":\"https:\\\/\\\/bas-tv.md\\\/ro\\\/#website\"},\"primaryImageOfPage\":{\"@id\":\"https:\\\/\\\/bas-tv.md\\\/ro\\\/guvernul-ii-indeamna-pe-moldoveni-sa-nu-foloseasca-focuri-de-artificii-de-revelion\\\/#primaryimage\"},\"image\":{\"@id\":\"https:\\\/\\\/bas-tv.md\\\/ro\\\/guvernul-ii-indeamna-pe-moldoveni-sa-nu-foloseasca-focuri-de-artificii-de-revelion\\\/#primaryimage\"},\"thumbnailUrl\":\"https:\\\/\\\/bas-tv.md\\\/wp-content\\\/uploads\\\/2023\\\/12\\\/shutterstock_538768309_cylgpy.jpg\",\"datePublished\":\"2023-12-27T14:30:21+00:00\",\"description\":\"Autorit\u0103\u021bile \u00eendeamn\u0103 cet\u0103\u021benii s\u0103 nu foloseasc\u0103 focuri de artificii \u00een perioad\u0103 s\u0103rb\u0103torilor de iarn\u0103. Purt\u0103torul de cuv\u00e2nt al Executivului, Daniel Vod\u0103, a precizat c\u0103 acestea d\u0103uneaz\u0103 mediului \u0219i, drept urmare, pot afecta s\u0103n\u0103tatea popula\u021biei.\",\"inLanguage\":\"ro-RO\",\"potentialAction\":[{\"@type\":\"ReadAction\",\"target\":[\"https:\\\/\\\/bas-tv.md\\\/ro\\\/guvernul-ii-indeamna-pe-moldoveni-sa-nu-foloseasca-focuri-de-artificii-de-revelion\\\/\"]}]},{\"@type\":\"ImageObject\",\"inLanguage\":\"ro-RO\",\"@id\":\"https:\\\/\\\/bas-tv.md\\\/ro\\\/guvernul-ii-indeamna-pe-moldoveni-sa-nu-foloseasca-focuri-de-artificii-de-revelion\\\/#primaryimage\",\"url\":\"https:\\\/\\\/bas-tv.md\\\/wp-content\\\/uploads\\\/2023\\\/12\\\/shutterstock_538768309_cylgpy.jpg\",\"contentUrl\":\"https:\\\/\\\/bas-tv.md\\\/wp-content\\\/uploads\\\/2023\\\/12\\\/shutterstock_538768309_cylgpy.jpg\",\"width\":1080,\"height\":720,\"caption\":\"Guvernul \u00eei \u00eendeamn\u0103 pe moldoveni s\u0103 nu foloseasc\u0103 focuri de artificii de Revelion\"},{\"@type\":\"WebSite\",\"@id\":\"https:\\\/\\\/bas-tv.md\\\/ro\\\/#website\",\"url\":\"https:\\\/\\\/bas-tv.md\\\/ro\\\/\",\"name\":\"BasTV\",\"description\":\"Moldova\",\"publisher\":{\"@id\":\"https:\\\/\\\/bas-tv.md\\\/ro\\\/#organization\"},\"potentialAction\":[{\"@type\":\"SearchAction\",\"target\":{\"@type\":\"EntryPoint\",\"urlTemplate\":\"https:\\\/\\\/bas-tv.md\\\/ro\\\/?s={search_term_string}\"},\"query-input\":{\"@type\":\"PropertyValueSpecification\",\"valueRequired\":true,\"valueName\":\"search_term_string\"}}],\"inLanguage\":\"ro-RO\"},{\"@type\":\"Organization\",\"@id\":\"https:\\\/\\\/bas-tv.md\\\/ro\\\/#organization\",\"name\":\"BasTV\",\"url\":\"https:\\\/\\\/bas-tv.md\\\/ro\\\/\",\"logo\":{\"@type\":\"ImageObject\",\"inLanguage\":\"ro-RO\",\"@id\":\"https:\\\/\\\/bas-tv.md\\\/ro\\\/#\\\/schema\\\/logo\\\/image\\\/\",\"url\":\"https:\\\/\\\/bas-tv.md\\\/wp-content\\\/uploads\\\/2023\\\/05\\\/bas-tv-culoarea-rosie.png\",\"contentUrl\":\"https:\\\/\\\/bas-tv.md\\\/wp-content\\\/uploads\\\/2023\\\/05\\\/bas-tv-culoarea-rosie.png\",\"width\":202,\"height\":50,\"caption\":\"BasTV\"},\"image\":{\"@id\":\"https:\\\/\\\/bas-tv.md\\\/ro\\\/#\\\/schema\\\/logo\\\/image\\\/\"}},{\"@type\":\"Person\",\"@id\":\"https:\\\/\\\/bas-tv.md\\\/ro\\\/#\\\/schema\\\/person\\\/8740f45ea2eca1f1695284fc03529af0\",\"name\":\"Redactor\",\"image\":{\"@type\":\"ImageObject\",\"inLanguage\":\"ro-RO\",\"@id\":\"https:\\\/\\\/bas-tv.md\\\/wp-content\\\/litespeed\\\/avatar\\\/91c0586f3f6f4396a4ec1287c965eeeb.jpg?ver=1776950945\",\"url\":\"https:\\\/\\\/bas-tv.md\\\/wp-content\\\/litespeed\\\/avatar\\\/91c0586f3f6f4396a4ec1287c965eeeb.jpg?ver=1776950945\",\"contentUrl\":\"https:\\\/\\\/bas-tv.md\\\/wp-content\\\/litespeed\\\/avatar\\\/91c0586f3f6f4396a4ec1287c965eeeb.jpg?ver=1776950945\",\"caption\":\"Redactor\"},\"url\":\"https:\\\/\\\/bas-tv.md\\\/ro\\\/author\\\/redactor\\\/\"}]}<\/script>\n<!-- \/ Yoast SEO plugin. -->","yoast_head_json":{"title":"Guvernul \u00eei \u00eendeamn\u0103 pe moldoveni s\u0103 nu foloseasc\u0103 focuri de artificii de Revelion - BasTV","description":"Autorit\u0103\u021bile \u00eendeamn\u0103 cet\u0103\u021benii s\u0103 nu foloseasc\u0103 focuri de artificii \u00een perioad\u0103 s\u0103rb\u0103torilor de iarn\u0103. Purt\u0103torul de cuv\u00e2nt al Executivului, Daniel Vod\u0103, a precizat c\u0103 acestea d\u0103uneaz\u0103 mediului \u0219i, drept urmare, pot afecta s\u0103n\u0103tatea popula\u021biei.","robots":{"index":"index","follow":"follow","max-snippet":"max-snippet:-1","max-image-preview":"max-image-preview:large","max-video-preview":"max-video-preview:-1"},"canonical":"https:\/\/bas-tv.md\/ro\/guvernul-ii-indeamna-pe-moldoveni-sa-nu-foloseasca-focuri-de-artificii-de-revelion\/","og_locale":"ro_RO","og_type":"article","og_title":"Guvernul \u00eei \u00eendeamn\u0103 pe moldoveni s\u0103 nu foloseasc\u0103 focuri de artificii de Revelion - BasTV","og_description":"Autorit\u0103\u021bile \u00eendeamn\u0103 cet\u0103\u021benii s\u0103 nu foloseasc\u0103 focuri de artificii \u00een perioad\u0103 s\u0103rb\u0103torilor de iarn\u0103. Purt\u0103torul de cuv\u00e2nt al Executivului, Daniel Vod\u0103, a precizat c\u0103 acestea d\u0103uneaz\u0103 mediului \u0219i, drept urmare, pot afecta s\u0103n\u0103tatea popula\u021biei.","og_url":"https:\/\/bas-tv.md\/ro\/guvernul-ii-indeamna-pe-moldoveni-sa-nu-foloseasca-focuri-de-artificii-de-revelion\/","og_site_name":"BasTV","article_published_time":"2023-12-27T14:30:21+00:00","og_image":[{"width":1080,"height":720,"url":"https:\/\/bas-tv.md\/wp-content\/uploads\/2023\/12\/shutterstock_538768309_cylgpy.jpg","type":"image\/jpeg"}],"author":"Redactor","twitter_card":"summary_large_image","twitter_misc":{"Scris de":"Redactor","Timp estimat pentru citire":"1 minut"},"schema":{"@context":"https:\/\/schema.org","@graph":[{"@type":"Article","@id":"https:\/\/bas-tv.md\/ro\/guvernul-ii-indeamna-pe-moldoveni-sa-nu-foloseasca-focuri-de-artificii-de-revelion\/#article","isPartOf":{"@id":"https:\/\/bas-tv.md\/ro\/guvernul-ii-indeamna-pe-moldoveni-sa-nu-foloseasca-focuri-de-artificii-de-revelion\/"},"author":{"name":"Redactor","@id":"https:\/\/bas-tv.md\/ro\/#\/schema\/person\/8740f45ea2eca1f1695284fc03529af0"},"headline":"Guvernul \u00eei \u00eendeamn\u0103 pe moldoveni s\u0103 nu foloseasc\u0103 focuri de artificii de Revelion","datePublished":"2023-12-27T14:30:21+00:00","mainEntityOfPage":{"@id":"https:\/\/bas-tv.md\/ro\/guvernul-ii-indeamna-pe-moldoveni-sa-nu-foloseasca-focuri-de-artificii-de-revelion\/"},"wordCount":222,"commentCount":0,"publisher":{"@id":"https:\/\/bas-tv.md\/ro\/#organization"},"image":{"@id":"https:\/\/bas-tv.md\/ro\/guvernul-ii-indeamna-pe-moldoveni-sa-nu-foloseasca-focuri-de-artificii-de-revelion\/#primaryimage"},"thumbnailUrl":"https:\/\/bas-tv.md\/wp-content\/uploads\/2023\/12\/shutterstock_538768309_cylgpy.jpg","articleSection":["Anun\u021buri","Util"],"inLanguage":"ro-RO","potentialAction":[{"@type":"CommentAction","name":"Comment","target":["https:\/\/bas-tv.md\/ro\/guvernul-ii-indeamna-pe-moldoveni-sa-nu-foloseasca-focuri-de-artificii-de-revelion\/#respond"]}]},{"@type":"WebPage","@id":"https:\/\/bas-tv.md\/ro\/guvernul-ii-indeamna-pe-moldoveni-sa-nu-foloseasca-focuri-de-artificii-de-revelion\/","url":"https:\/\/bas-tv.md\/ro\/guvernul-ii-indeamna-pe-moldoveni-sa-nu-foloseasca-focuri-de-artificii-de-revelion\/","name":"Guvernul \u00eei \u00eendeamn\u0103 pe moldoveni s\u0103 nu foloseasc\u0103 focuri de artificii de Revelion - BasTV","isPartOf":{"@id":"https:\/\/bas-tv.md\/ro\/#website"},"primaryImageOfPage":{"@id":"https:\/\/bas-tv.md\/ro\/guvernul-ii-indeamna-pe-moldoveni-sa-nu-foloseasca-focuri-de-artificii-de-revelion\/#primaryimage"},"image":{"@id":"https:\/\/bas-tv.md\/ro\/guvernul-ii-indeamna-pe-moldoveni-sa-nu-foloseasca-focuri-de-artificii-de-revelion\/#primaryimage"},"thumbnailUrl":"https:\/\/bas-tv.md\/wp-content\/uploads\/2023\/12\/shutterstock_538768309_cylgpy.jpg","datePublished":"2023-12-27T14:30:21+00:00","description":"Autorit\u0103\u021bile \u00eendeamn\u0103 cet\u0103\u021benii s\u0103 nu foloseasc\u0103 focuri de artificii \u00een perioad\u0103 s\u0103rb\u0103torilor de iarn\u0103. Purt\u0103torul de cuv\u00e2nt al Executivului, Daniel Vod\u0103, a precizat c\u0103 acestea d\u0103uneaz\u0103 mediului \u0219i, drept urmare, pot afecta s\u0103n\u0103tatea popula\u021biei.","inLanguage":"ro-RO","potentialAction":[{"@type":"ReadAction","target":["https:\/\/bas-tv.md\/ro\/guvernul-ii-indeamna-pe-moldoveni-sa-nu-foloseasca-focuri-de-artificii-de-revelion\/"]}]},{"@type":"ImageObject","inLanguage":"ro-RO","@id":"https:\/\/bas-tv.md\/ro\/guvernul-ii-indeamna-pe-moldoveni-sa-nu-foloseasca-focuri-de-artificii-de-revelion\/#primaryimage","url":"https:\/\/bas-tv.md\/wp-content\/uploads\/2023\/12\/shutterstock_538768309_cylgpy.jpg","contentUrl":"https:\/\/bas-tv.md\/wp-content\/uploads\/2023\/12\/shutterstock_538768309_cylgpy.jpg","width":1080,"height":720,"caption":"Guvernul \u00eei \u00eendeamn\u0103 pe moldoveni s\u0103 nu foloseasc\u0103 focuri de artificii de Revelion"},{"@type":"WebSite","@id":"https:\/\/bas-tv.md\/ro\/#website","url":"https:\/\/bas-tv.md\/ro\/","name":"BasTV","description":"Moldova","publisher":{"@id":"https:\/\/bas-tv.md\/ro\/#organization"},"potentialAction":[{"@type":"SearchAction","target":{"@type":"EntryPoint","urlTemplate":"https:\/\/bas-tv.md\/ro\/?s={search_term_string}"},"query-input":{"@type":"PropertyValueSpecification","valueRequired":true,"valueName":"search_term_string"}}],"inLanguage":"ro-RO"},{"@type":"Organization","@id":"https:\/\/bas-tv.md\/ro\/#organization","name":"BasTV","url":"https:\/\/bas-tv.md\/ro\/","logo":{"@type":"ImageObject","inLanguage":"ro-RO","@id":"https:\/\/bas-tv.md\/ro\/#\/schema\/logo\/image\/","url":"https:\/\/bas-tv.md\/wp-content\/uploads\/2023\/05\/bas-tv-culoarea-rosie.png","contentUrl":"https:\/\/bas-tv.md\/wp-content\/uploads\/2023\/05\/bas-tv-culoarea-rosie.png","width":202,"height":50,"caption":"BasTV"},"image":{"@id":"https:\/\/bas-tv.md\/ro\/#\/schema\/logo\/image\/"}},{"@type":"Person","@id":"https:\/\/bas-tv.md\/ro\/#\/schema\/person\/8740f45ea2eca1f1695284fc03529af0","name":"Redactor","image":{"@type":"ImageObject","inLanguage":"ro-RO","@id":"https:\/\/bas-tv.md\/wp-content\/litespeed\/avatar\/91c0586f3f6f4396a4ec1287c965eeeb.jpg?ver=1776950945","url":"https:\/\/bas-tv.md\/wp-content\/litespeed\/avatar\/91c0586f3f6f4396a4ec1287c965eeeb.jpg?ver=1776950945","contentUrl":"https:\/\/bas-tv.md\/wp-content\/litespeed\/avatar\/91c0586f3f6f4396a4ec1287c965eeeb.jpg?ver=1776950945","caption":"Redactor"},"url":"https:\/\/bas-tv.md\/ro\/author\/redactor\/"}]}},"views":247,"_links":{"self":[{"href":"https:\/\/bas-tv.md\/ro\/wp-json\/wp\/v2\/posts\/108748","targetHints":{"allow":["GET"]}}],"collection":[{"href":"https:\/\/bas-tv.md\/ro\/wp-json\/wp\/v2\/posts"}],"about":[{"href":"https:\/\/bas-tv.md\/ro\/wp-json\/wp\/v2\/types\/post"}],"author":[{"embeddable":true,"href":"https:\/\/bas-tv.md\/ro\/wp-json\/wp\/v2\/users\/3"}],"replies":[{"embeddable":true,"href":"https:\/\/bas-tv.md\/ro\/wp-json\/wp\/v2\/comments?post=108748"}],"version-history":[{"count":2,"href":"https:\/\/bas-tv.md\/ro\/wp-json\/wp\/v2\/posts\/108748\/revisions"}],"predecessor-version":[{"id":108753,"href":"https:\/\/bas-tv.md\/ro\/wp-json\/wp\/v2\/posts\/108748\/revisions\/108753"}],"wp:featuredmedia":[{"embeddable":true,"href":"https:\/\/bas-tv.md\/ro\/wp-json\/wp\/v2\/media\/108751"}],"wp:attachment":[{"href":"https:\/\/bas-tv.md\/ro\/wp-json\/wp\/v2\/media?parent=108748"}],"wp:term":[{"taxonomy":"category","embeddable":true,"href":"https:\/\/bas-tv.md\/ro\/wp-json\/wp\/v2\/categories?post=108748"},{"taxonomy":"post_tag","embeddable":true,"href":"https:\/\/bas-tv.md\/ro\/wp-json\/wp\/v2\/tags?post=108748"}],"curies":[{"name":"wp","href":"https:\/\/api.w.org\/{rel}","templated":true}]}}