{"id":109213,"date":"2024-01-04T09:00:50","date_gmt":"2024-01-04T07:00:50","guid":{"rendered":"https:\/\/bas-tv.md\/?p=109213"},"modified":"2024-01-03T15:56:31","modified_gmt":"2024-01-03T13:56:31","slug":"preturile-la-carne-oua-zahar-si-alte-cateva-produse-ar-putea-creste","status":"publish","type":"post","link":"https:\/\/bas-tv.md\/ro\/preturile-la-carne-oua-zahar-si-alte-cateva-produse-ar-putea-creste\/","title":{"rendered":"Pre\u021burile la carne, ou\u0103, zah\u0103r \u0219i alte c\u00e2teva produse ar putea cre\u0219te"},"content":{"rendered":"<p><strong>Ca urmare a anul\u0103rii st\u0103rii de urgen\u021b\u0103 \u00een Moldova, lista m\u0103rfurilor de importan\u021b\u0103 social\u0103, pentru care era \u00een vigoare o marj\u0103 comercial\u0103 limitat\u0103 de 20%, a fost modificat\u0103.<\/strong><\/p>\n<p>Acum se va aplica lista anterioar\u0103 din 2016, care include p\u00e2inea, laptele \u0219i unele produse lactate, uleiul de floarea-soarelui nerafinat, f\u0103ina, unele cereale \u0219i mai multe tipuri de alimente pentru copii, scrie BP.<\/p>\n<p>\u00cen acela\u0219i timp, produse precum carnea de porc, orice fel de carne de pas\u0103re, pe\u0219tele congelat de toate soiurile, zah\u0103rul, pastele f\u0103inoase \u0219i ou\u0103le pot fi acum v\u00e2ndute cu un adaos de peste 20%.<\/p>\n<p>Reamintim c\u0103 o supratax\u0103 comercial\u0103 limitat\u0103 pentru aceste tipuri de produse a fost introdus\u0103 de CSE la sf\u00e2r\u0219itul lunii februarie 2022.<\/p>\n<p><b>Abona\u021bi-v\u0103 la noi pe re\u021bele sociale:\u00a0<\/b><a href=\"https:\/\/t.me\/bastvmd\"><b><i>Telegram<\/i><\/b><\/a><b>,\u00a0<\/b><a href=\"https:\/\/www.youtube.com\/channel\/UC-9005PnLnhpNM8PVSjP2dQ\/featured\"><b><i>YouTube<\/i><\/b><\/a><b>,\u00a0<\/b><a href=\"https:\/\/www.facebook.com\/bastv.md\"><b><i>Facebook<\/i><\/b><\/a>\u00a0\u0219i\u00a0<a href=\"https:\/\/www.instagram.com\/bastv.md\/\"><b><i>Instagram<\/i><\/b><\/a><b>.\u00a0 Aici public\u0103m \u0219tiri pe scurt!<\/b><\/p>\n","protected":false},"excerpt":{"rendered":"<p>Ca urmare a anul\u0103rii st\u0103rii de urgen\u021b\u0103 \u00een Moldova, lista m\u0103rfurilor de importan\u021b\u0103 social\u0103, pentru care era \u00een vigoare o marj\u0103 comercial\u0103 limitat\u0103 de 20%, a fost modificat\u0103. Acum se va aplica lista anterioar\u0103 din 2016, care include p\u00e2inea, laptele \u0219i unele produse lactate, uleiul de floarea-soarelui nerafinat, f\u0103ina, unele cereale \u0219i mai multe tipuri [&hellip;]<\/p>\n","protected":false},"author":3,"featured_media":109217,"comment_status":"open","ping_status":"open","sticky":false,"template":"","format":"standard","meta":{"footnotes":""},"categories":[219,574],"tags":[],"class_list":["post-109213","post","type-post","status-publish","format-standard","has-post-thumbnail","hentry","category-anunturi","category-util"],"yoast_head":"<!-- This site is optimized with the Yoast SEO plugin v27.5 - https:\/\/yoast.com\/product\/yoast-seo-wordpress\/ -->\n<title>Pre\u021burile la carne, ou\u0103, zah\u0103r \u0219i alte c\u00e2teva produse ar putea cre\u0219te - BasTV<\/title>\n<meta name=\"description\" content=\"Ca urmare a anul\u0103rii st\u0103rii de urgen\u021b\u0103 \u00een Moldova, lista m\u0103rfurilor de importan\u021b\u0103 social\u0103, pentru care era \u00een vigoare o marj\u0103 comercial\u0103 limitat\u0103 de 20%, a fost modificat\u0103.\" \/>\n<meta name=\"robots\" content=\"index, follow, max-snippet:-1, max-image-preview:large, max-video-preview:-1\" \/>\n<link rel=\"canonical\" href=\"https:\/\/bas-tv.md\/ro\/preturile-la-carne-oua-zahar-si-alte-cateva-produse-ar-putea-creste\/\" \/>\n<meta property=\"og:locale\" content=\"ro_RO\" \/>\n<meta property=\"og:type\" content=\"article\" \/>\n<meta property=\"og:title\" content=\"Pre\u021burile la carne, ou\u0103, zah\u0103r \u0219i alte c\u00e2teva produse ar putea cre\u0219te - BasTV\" \/>\n<meta property=\"og:description\" content=\"Ca urmare a anul\u0103rii st\u0103rii de urgen\u021b\u0103 \u00een Moldova, lista m\u0103rfurilor de importan\u021b\u0103 social\u0103, pentru care era \u00een vigoare o marj\u0103 comercial\u0103 limitat\u0103 de 20%, a fost modificat\u0103.\" \/>\n<meta property=\"og:url\" content=\"https:\/\/bas-tv.md\/ro\/preturile-la-carne-oua-zahar-si-alte-cateva-produse-ar-putea-creste\/\" \/>\n<meta property=\"og:site_name\" content=\"BasTV\" \/>\n<meta property=\"article:published_time\" content=\"2024-01-04T07:00:50+00:00\" \/>\n<meta property=\"og:image\" content=\"https:\/\/bas-tv.md\/wp-content\/uploads\/2024\/01\/taxe-guvern-crestere-scumpire-alimente-servicii-844707.jpg\" \/>\n\t<meta property=\"og:image:width\" content=\"1200\" \/>\n\t<meta property=\"og:image:height\" content=\"675\" \/>\n\t<meta property=\"og:image:type\" content=\"image\/jpeg\" \/>\n<meta name=\"author\" content=\"Redactor\" \/>\n<meta name=\"twitter:card\" content=\"summary_large_image\" \/>\n<meta name=\"twitter:label1\" content=\"Scris de\" \/>\n\t<meta name=\"twitter:data1\" content=\"Redactor\" \/>\n\t<meta name=\"twitter:label2\" content=\"Timp estimat pentru citire\" \/>\n\t<meta name=\"twitter:data2\" content=\"1 minut\" \/>\n<script type=\"application\/ld+json\" class=\"yoast-schema-graph\">{\"@context\":\"https:\\\/\\\/schema.org\",\"@graph\":[{\"@type\":\"Article\",\"@id\":\"https:\\\/\\\/bas-tv.md\\\/ro\\\/preturile-la-carne-oua-zahar-si-alte-cateva-produse-ar-putea-creste\\\/#article\",\"isPartOf\":{\"@id\":\"https:\\\/\\\/bas-tv.md\\\/ro\\\/preturile-la-carne-oua-zahar-si-alte-cateva-produse-ar-putea-creste\\\/\"},\"author\":{\"name\":\"Redactor\",\"@id\":\"https:\\\/\\\/bas-tv.md\\\/ro\\\/#\\\/schema\\\/person\\\/8740f45ea2eca1f1695284fc03529af0\"},\"headline\":\"Pre\u021burile la carne, ou\u0103, zah\u0103r \u0219i alte c\u00e2teva produse ar putea cre\u0219te\",\"datePublished\":\"2024-01-04T07:00:50+00:00\",\"mainEntityOfPage\":{\"@id\":\"https:\\\/\\\/bas-tv.md\\\/ro\\\/preturile-la-carne-oua-zahar-si-alte-cateva-produse-ar-putea-creste\\\/\"},\"wordCount\":161,\"commentCount\":0,\"publisher\":{\"@id\":\"https:\\\/\\\/bas-tv.md\\\/ro\\\/#organization\"},\"image\":{\"@id\":\"https:\\\/\\\/bas-tv.md\\\/ro\\\/preturile-la-carne-oua-zahar-si-alte-cateva-produse-ar-putea-creste\\\/#primaryimage\"},\"thumbnailUrl\":\"https:\\\/\\\/bas-tv.md\\\/wp-content\\\/uploads\\\/2024\\\/01\\\/taxe-guvern-crestere-scumpire-alimente-servicii-844707.jpg\",\"articleSection\":[\"Anun\u021buri\",\"Util\"],\"inLanguage\":\"ro-RO\",\"potentialAction\":[{\"@type\":\"CommentAction\",\"name\":\"Comment\",\"target\":[\"https:\\\/\\\/bas-tv.md\\\/ro\\\/preturile-la-carne-oua-zahar-si-alte-cateva-produse-ar-putea-creste\\\/#respond\"]}]},{\"@type\":\"WebPage\",\"@id\":\"https:\\\/\\\/bas-tv.md\\\/ro\\\/preturile-la-carne-oua-zahar-si-alte-cateva-produse-ar-putea-creste\\\/\",\"url\":\"https:\\\/\\\/bas-tv.md\\\/ro\\\/preturile-la-carne-oua-zahar-si-alte-cateva-produse-ar-putea-creste\\\/\",\"name\":\"Pre\u021burile la carne, ou\u0103, zah\u0103r \u0219i alte c\u00e2teva produse ar putea cre\u0219te - BasTV\",\"isPartOf\":{\"@id\":\"https:\\\/\\\/bas-tv.md\\\/ro\\\/#website\"},\"primaryImageOfPage\":{\"@id\":\"https:\\\/\\\/bas-tv.md\\\/ro\\\/preturile-la-carne-oua-zahar-si-alte-cateva-produse-ar-putea-creste\\\/#primaryimage\"},\"image\":{\"@id\":\"https:\\\/\\\/bas-tv.md\\\/ro\\\/preturile-la-carne-oua-zahar-si-alte-cateva-produse-ar-putea-creste\\\/#primaryimage\"},\"thumbnailUrl\":\"https:\\\/\\\/bas-tv.md\\\/wp-content\\\/uploads\\\/2024\\\/01\\\/taxe-guvern-crestere-scumpire-alimente-servicii-844707.jpg\",\"datePublished\":\"2024-01-04T07:00:50+00:00\",\"description\":\"Ca urmare a anul\u0103rii st\u0103rii de urgen\u021b\u0103 \u00een Moldova, lista m\u0103rfurilor de importan\u021b\u0103 social\u0103, pentru care era \u00een vigoare o marj\u0103 comercial\u0103 limitat\u0103 de 20%, a fost modificat\u0103.\",\"inLanguage\":\"ro-RO\",\"potentialAction\":[{\"@type\":\"ReadAction\",\"target\":[\"https:\\\/\\\/bas-tv.md\\\/ro\\\/preturile-la-carne-oua-zahar-si-alte-cateva-produse-ar-putea-creste\\\/\"]}]},{\"@type\":\"ImageObject\",\"inLanguage\":\"ro-RO\",\"@id\":\"https:\\\/\\\/bas-tv.md\\\/ro\\\/preturile-la-carne-oua-zahar-si-alte-cateva-produse-ar-putea-creste\\\/#primaryimage\",\"url\":\"https:\\\/\\\/bas-tv.md\\\/wp-content\\\/uploads\\\/2024\\\/01\\\/taxe-guvern-crestere-scumpire-alimente-servicii-844707.jpg\",\"contentUrl\":\"https:\\\/\\\/bas-tv.md\\\/wp-content\\\/uploads\\\/2024\\\/01\\\/taxe-guvern-crestere-scumpire-alimente-servicii-844707.jpg\",\"width\":1200,\"height\":675,\"caption\":\"Pre\u021burile la carne, ou\u0103, zah\u0103r \u0219i alte c\u00e2teva produse ar putea cre\u0219te\"},{\"@type\":\"WebSite\",\"@id\":\"https:\\\/\\\/bas-tv.md\\\/ro\\\/#website\",\"url\":\"https:\\\/\\\/bas-tv.md\\\/ro\\\/\",\"name\":\"BasTV\",\"description\":\"Moldova\",\"publisher\":{\"@id\":\"https:\\\/\\\/bas-tv.md\\\/ro\\\/#organization\"},\"potentialAction\":[{\"@type\":\"SearchAction\",\"target\":{\"@type\":\"EntryPoint\",\"urlTemplate\":\"https:\\\/\\\/bas-tv.md\\\/ro\\\/?s={search_term_string}\"},\"query-input\":{\"@type\":\"PropertyValueSpecification\",\"valueRequired\":true,\"valueName\":\"search_term_string\"}}],\"inLanguage\":\"ro-RO\"},{\"@type\":\"Organization\",\"@id\":\"https:\\\/\\\/bas-tv.md\\\/ro\\\/#organization\",\"name\":\"BasTV\",\"url\":\"https:\\\/\\\/bas-tv.md\\\/ro\\\/\",\"logo\":{\"@type\":\"ImageObject\",\"inLanguage\":\"ro-RO\",\"@id\":\"https:\\\/\\\/bas-tv.md\\\/ro\\\/#\\\/schema\\\/logo\\\/image\\\/\",\"url\":\"https:\\\/\\\/bas-tv.md\\\/wp-content\\\/uploads\\\/2023\\\/05\\\/bas-tv-culoarea-rosie.png\",\"contentUrl\":\"https:\\\/\\\/bas-tv.md\\\/wp-content\\\/uploads\\\/2023\\\/05\\\/bas-tv-culoarea-rosie.png\",\"width\":202,\"height\":50,\"caption\":\"BasTV\"},\"image\":{\"@id\":\"https:\\\/\\\/bas-tv.md\\\/ro\\\/#\\\/schema\\\/logo\\\/image\\\/\"}},{\"@type\":\"Person\",\"@id\":\"https:\\\/\\\/bas-tv.md\\\/ro\\\/#\\\/schema\\\/person\\\/8740f45ea2eca1f1695284fc03529af0\",\"name\":\"Redactor\",\"image\":{\"@type\":\"ImageObject\",\"inLanguage\":\"ro-RO\",\"@id\":\"https:\\\/\\\/bas-tv.md\\\/wp-content\\\/litespeed\\\/avatar\\\/91c0586f3f6f4396a4ec1287c965eeeb.jpg?ver=1776950945\",\"url\":\"https:\\\/\\\/bas-tv.md\\\/wp-content\\\/litespeed\\\/avatar\\\/91c0586f3f6f4396a4ec1287c965eeeb.jpg?ver=1776950945\",\"contentUrl\":\"https:\\\/\\\/bas-tv.md\\\/wp-content\\\/litespeed\\\/avatar\\\/91c0586f3f6f4396a4ec1287c965eeeb.jpg?ver=1776950945\",\"caption\":\"Redactor\"},\"url\":\"https:\\\/\\\/bas-tv.md\\\/ro\\\/author\\\/redactor\\\/\"}]}<\/script>\n<!-- \/ Yoast SEO plugin. -->","yoast_head_json":{"title":"Pre\u021burile la carne, ou\u0103, zah\u0103r \u0219i alte c\u00e2teva produse ar putea cre\u0219te - BasTV","description":"Ca urmare a anul\u0103rii st\u0103rii de urgen\u021b\u0103 \u00een Moldova, lista m\u0103rfurilor de importan\u021b\u0103 social\u0103, pentru care era \u00een vigoare o marj\u0103 comercial\u0103 limitat\u0103 de 20%, a fost modificat\u0103.","robots":{"index":"index","follow":"follow","max-snippet":"max-snippet:-1","max-image-preview":"max-image-preview:large","max-video-preview":"max-video-preview:-1"},"canonical":"https:\/\/bas-tv.md\/ro\/preturile-la-carne-oua-zahar-si-alte-cateva-produse-ar-putea-creste\/","og_locale":"ro_RO","og_type":"article","og_title":"Pre\u021burile la carne, ou\u0103, zah\u0103r \u0219i alte c\u00e2teva produse ar putea cre\u0219te - BasTV","og_description":"Ca urmare a anul\u0103rii st\u0103rii de urgen\u021b\u0103 \u00een Moldova, lista m\u0103rfurilor de importan\u021b\u0103 social\u0103, pentru care era \u00een vigoare o marj\u0103 comercial\u0103 limitat\u0103 de 20%, a fost modificat\u0103.","og_url":"https:\/\/bas-tv.md\/ro\/preturile-la-carne-oua-zahar-si-alte-cateva-produse-ar-putea-creste\/","og_site_name":"BasTV","article_published_time":"2024-01-04T07:00:50+00:00","og_image":[{"width":1200,"height":675,"url":"https:\/\/bas-tv.md\/wp-content\/uploads\/2024\/01\/taxe-guvern-crestere-scumpire-alimente-servicii-844707.jpg","type":"image\/jpeg"}],"author":"Redactor","twitter_card":"summary_large_image","twitter_misc":{"Scris de":"Redactor","Timp estimat pentru citire":"1 minut"},"schema":{"@context":"https:\/\/schema.org","@graph":[{"@type":"Article","@id":"https:\/\/bas-tv.md\/ro\/preturile-la-carne-oua-zahar-si-alte-cateva-produse-ar-putea-creste\/#article","isPartOf":{"@id":"https:\/\/bas-tv.md\/ro\/preturile-la-carne-oua-zahar-si-alte-cateva-produse-ar-putea-creste\/"},"author":{"name":"Redactor","@id":"https:\/\/bas-tv.md\/ro\/#\/schema\/person\/8740f45ea2eca1f1695284fc03529af0"},"headline":"Pre\u021burile la carne, ou\u0103, zah\u0103r \u0219i alte c\u00e2teva produse ar putea cre\u0219te","datePublished":"2024-01-04T07:00:50+00:00","mainEntityOfPage":{"@id":"https:\/\/bas-tv.md\/ro\/preturile-la-carne-oua-zahar-si-alte-cateva-produse-ar-putea-creste\/"},"wordCount":161,"commentCount":0,"publisher":{"@id":"https:\/\/bas-tv.md\/ro\/#organization"},"image":{"@id":"https:\/\/bas-tv.md\/ro\/preturile-la-carne-oua-zahar-si-alte-cateva-produse-ar-putea-creste\/#primaryimage"},"thumbnailUrl":"https:\/\/bas-tv.md\/wp-content\/uploads\/2024\/01\/taxe-guvern-crestere-scumpire-alimente-servicii-844707.jpg","articleSection":["Anun\u021buri","Util"],"inLanguage":"ro-RO","potentialAction":[{"@type":"CommentAction","name":"Comment","target":["https:\/\/bas-tv.md\/ro\/preturile-la-carne-oua-zahar-si-alte-cateva-produse-ar-putea-creste\/#respond"]}]},{"@type":"WebPage","@id":"https:\/\/bas-tv.md\/ro\/preturile-la-carne-oua-zahar-si-alte-cateva-produse-ar-putea-creste\/","url":"https:\/\/bas-tv.md\/ro\/preturile-la-carne-oua-zahar-si-alte-cateva-produse-ar-putea-creste\/","name":"Pre\u021burile la carne, ou\u0103, zah\u0103r \u0219i alte c\u00e2teva produse ar putea cre\u0219te - BasTV","isPartOf":{"@id":"https:\/\/bas-tv.md\/ro\/#website"},"primaryImageOfPage":{"@id":"https:\/\/bas-tv.md\/ro\/preturile-la-carne-oua-zahar-si-alte-cateva-produse-ar-putea-creste\/#primaryimage"},"image":{"@id":"https:\/\/bas-tv.md\/ro\/preturile-la-carne-oua-zahar-si-alte-cateva-produse-ar-putea-creste\/#primaryimage"},"thumbnailUrl":"https:\/\/bas-tv.md\/wp-content\/uploads\/2024\/01\/taxe-guvern-crestere-scumpire-alimente-servicii-844707.jpg","datePublished":"2024-01-04T07:00:50+00:00","description":"Ca urmare a anul\u0103rii st\u0103rii de urgen\u021b\u0103 \u00een Moldova, lista m\u0103rfurilor de importan\u021b\u0103 social\u0103, pentru care era \u00een vigoare o marj\u0103 comercial\u0103 limitat\u0103 de 20%, a fost modificat\u0103.","inLanguage":"ro-RO","potentialAction":[{"@type":"ReadAction","target":["https:\/\/bas-tv.md\/ro\/preturile-la-carne-oua-zahar-si-alte-cateva-produse-ar-putea-creste\/"]}]},{"@type":"ImageObject","inLanguage":"ro-RO","@id":"https:\/\/bas-tv.md\/ro\/preturile-la-carne-oua-zahar-si-alte-cateva-produse-ar-putea-creste\/#primaryimage","url":"https:\/\/bas-tv.md\/wp-content\/uploads\/2024\/01\/taxe-guvern-crestere-scumpire-alimente-servicii-844707.jpg","contentUrl":"https:\/\/bas-tv.md\/wp-content\/uploads\/2024\/01\/taxe-guvern-crestere-scumpire-alimente-servicii-844707.jpg","width":1200,"height":675,"caption":"Pre\u021burile la carne, ou\u0103, zah\u0103r \u0219i alte c\u00e2teva produse ar putea cre\u0219te"},{"@type":"WebSite","@id":"https:\/\/bas-tv.md\/ro\/#website","url":"https:\/\/bas-tv.md\/ro\/","name":"BasTV","description":"Moldova","publisher":{"@id":"https:\/\/bas-tv.md\/ro\/#organization"},"potentialAction":[{"@type":"SearchAction","target":{"@type":"EntryPoint","urlTemplate":"https:\/\/bas-tv.md\/ro\/?s={search_term_string}"},"query-input":{"@type":"PropertyValueSpecification","valueRequired":true,"valueName":"search_term_string"}}],"inLanguage":"ro-RO"},{"@type":"Organization","@id":"https:\/\/bas-tv.md\/ro\/#organization","name":"BasTV","url":"https:\/\/bas-tv.md\/ro\/","logo":{"@type":"ImageObject","inLanguage":"ro-RO","@id":"https:\/\/bas-tv.md\/ro\/#\/schema\/logo\/image\/","url":"https:\/\/bas-tv.md\/wp-content\/uploads\/2023\/05\/bas-tv-culoarea-rosie.png","contentUrl":"https:\/\/bas-tv.md\/wp-content\/uploads\/2023\/05\/bas-tv-culoarea-rosie.png","width":202,"height":50,"caption":"BasTV"},"image":{"@id":"https:\/\/bas-tv.md\/ro\/#\/schema\/logo\/image\/"}},{"@type":"Person","@id":"https:\/\/bas-tv.md\/ro\/#\/schema\/person\/8740f45ea2eca1f1695284fc03529af0","name":"Redactor","image":{"@type":"ImageObject","inLanguage":"ro-RO","@id":"https:\/\/bas-tv.md\/wp-content\/litespeed\/avatar\/91c0586f3f6f4396a4ec1287c965eeeb.jpg?ver=1776950945","url":"https:\/\/bas-tv.md\/wp-content\/litespeed\/avatar\/91c0586f3f6f4396a4ec1287c965eeeb.jpg?ver=1776950945","contentUrl":"https:\/\/bas-tv.md\/wp-content\/litespeed\/avatar\/91c0586f3f6f4396a4ec1287c965eeeb.jpg?ver=1776950945","caption":"Redactor"},"url":"https:\/\/bas-tv.md\/ro\/author\/redactor\/"}]}},"views":306,"_links":{"self":[{"href":"https:\/\/bas-tv.md\/ro\/wp-json\/wp\/v2\/posts\/109213","targetHints":{"allow":["GET"]}}],"collection":[{"href":"https:\/\/bas-tv.md\/ro\/wp-json\/wp\/v2\/posts"}],"about":[{"href":"https:\/\/bas-tv.md\/ro\/wp-json\/wp\/v2\/types\/post"}],"author":[{"embeddable":true,"href":"https:\/\/bas-tv.md\/ro\/wp-json\/wp\/v2\/users\/3"}],"replies":[{"embeddable":true,"href":"https:\/\/bas-tv.md\/ro\/wp-json\/wp\/v2\/comments?post=109213"}],"version-history":[{"count":3,"href":"https:\/\/bas-tv.md\/ro\/wp-json\/wp\/v2\/posts\/109213\/revisions"}],"predecessor-version":[{"id":109219,"href":"https:\/\/bas-tv.md\/ro\/wp-json\/wp\/v2\/posts\/109213\/revisions\/109219"}],"wp:featuredmedia":[{"embeddable":true,"href":"https:\/\/bas-tv.md\/ro\/wp-json\/wp\/v2\/media\/109217"}],"wp:attachment":[{"href":"https:\/\/bas-tv.md\/ro\/wp-json\/wp\/v2\/media?parent=109213"}],"wp:term":[{"taxonomy":"category","embeddable":true,"href":"https:\/\/bas-tv.md\/ro\/wp-json\/wp\/v2\/categories?post=109213"},{"taxonomy":"post_tag","embeddable":true,"href":"https:\/\/bas-tv.md\/ro\/wp-json\/wp\/v2\/tags?post=109213"}],"curies":[{"name":"wp","href":"https:\/\/api.w.org\/{rel}","templated":true}]}}