{"id":109385,"date":"2024-01-07T10:00:35","date_gmt":"2024-01-07T08:00:35","guid":{"rendered":"https:\/\/bas-tv.md\/?p=109385"},"modified":"2024-01-05T16:07:28","modified_gmt":"2024-01-05T14:07:28","slug":"craciun-cu-ploi-sau-ninsori-cum-va-fi-vremea-de-craciun-in-raionul-basarabeasca","status":"publish","type":"post","link":"https:\/\/bas-tv.md\/ro\/craciun-cu-ploi-sau-ninsori-cum-va-fi-vremea-de-craciun-in-raionul-basarabeasca\/","title":{"rendered":"Cr\u0103ciun cu ploi sau ninsori? Cum va fi vremea de Cr\u0103ciun \u00een raionul Basarabeasca"},"content":{"rendered":"<p><strong>Meteorologii au anun\u021bat cum va fi vremea de Cr\u0103ciun pe stil vechi. Iat\u0103 ce temperaturi se vor \u00eenregistra \u00een raionul Basarabeasca.<\/strong><\/p>\n<p>Potrivit Serviciului Hidrometeorologic de Stat (SHS), \u00een ziua de Cr\u0103ciun pe stil vechi, temperaturile vor urca p\u00e2n\u0103 la +5\u00b0C. Noaptea, temperaturile vor fi +3\u00b0C.<\/p>\n<p>\u00cen raionul Basarabeasca, pe 7 ianuarie, se a\u0219teapt\u0103 ploi. V\u00e2ntul va sufla din nord-est \u0219i va avea o vitez\u0103 de 37 metri pe secund\u0103.<\/p>\n<p><b>Abona\u021bi-v\u0103 la noi pe re\u021bele sociale:\u00a0<\/b><a href=\"https:\/\/t.me\/bastvmd\"><b><i>Telegram<\/i><\/b><\/a><b>,\u00a0<\/b><a href=\"https:\/\/www.youtube.com\/channel\/UC-9005PnLnhpNM8PVSjP2dQ\/featured\"><b><i>YouTube<\/i><\/b><\/a><b>,\u00a0<\/b><a href=\"https:\/\/www.facebook.com\/bastv.md\"><b><i>Facebook<\/i><\/b><\/a>\u00a0\u0219i\u00a0<a href=\"https:\/\/www.instagram.com\/bastv.md\/\"><b><i>Instagram<\/i><\/b><\/a><b>.\u00a0 Aici public\u0103m \u0219tiri pe scurt!<\/b><\/p>\n","protected":false},"excerpt":{"rendered":"<p>Meteorologii au anun\u021bat cum va fi vremea de Cr\u0103ciun pe stil vechi. Iat\u0103 ce temperaturi se vor \u00eenregistra \u00een raionul Basarabeasca. Potrivit Serviciului Hidrometeorologic de Stat (SHS), \u00een ziua de Cr\u0103ciun pe stil vechi, temperaturile vor urca p\u00e2n\u0103 la +5\u00b0C. Noaptea, temperaturile vor fi +3\u00b0C. \u00cen raionul Basarabeasca, pe 7 ianuarie, se a\u0219teapt\u0103 ploi. V\u00e2ntul [&hellip;]<\/p>\n","protected":false},"author":3,"featured_media":109390,"comment_status":"open","ping_status":"open","sticky":false,"template":"","format":"standard","meta":{"footnotes":""},"categories":[219,574],"tags":[],"class_list":["post-109385","post","type-post","status-publish","format-standard","has-post-thumbnail","hentry","category-anunturi","category-util"],"yoast_head":"<!-- This site is optimized with the Yoast SEO plugin v27.5 - https:\/\/yoast.com\/product\/yoast-seo-wordpress\/ -->\n<title>Cr\u0103ciun cu ploi sau ninsori? Cum va fi vremea de Cr\u0103ciun \u00een raionul Basarabeasca - BasTV<\/title>\n<meta name=\"description\" content=\"Meteorologii au anun\u021bat cum va fi vremea de Cr\u0103ciun pe stil vechi. Iat\u0103 ce temperaturi se vor \u00eenregistra \u00een raionul Basarabeasca.\" \/>\n<meta name=\"robots\" content=\"index, follow, max-snippet:-1, max-image-preview:large, max-video-preview:-1\" \/>\n<link rel=\"canonical\" href=\"https:\/\/bas-tv.md\/ro\/craciun-cu-ploi-sau-ninsori-cum-va-fi-vremea-de-craciun-in-raionul-basarabeasca\/\" \/>\n<meta property=\"og:locale\" content=\"ro_RO\" \/>\n<meta property=\"og:type\" content=\"article\" \/>\n<meta property=\"og:title\" content=\"Cr\u0103ciun cu ploi sau ninsori? Cum va fi vremea de Cr\u0103ciun \u00een raionul Basarabeasca - BasTV\" \/>\n<meta property=\"og:description\" content=\"Meteorologii au anun\u021bat cum va fi vremea de Cr\u0103ciun pe stil vechi. Iat\u0103 ce temperaturi se vor \u00eenregistra \u00een raionul Basarabeasca.\" \/>\n<meta property=\"og:url\" content=\"https:\/\/bas-tv.md\/ro\/craciun-cu-ploi-sau-ninsori-cum-va-fi-vremea-de-craciun-in-raionul-basarabeasca\/\" \/>\n<meta property=\"og:site_name\" content=\"BasTV\" \/>\n<meta property=\"article:published_time\" content=\"2024-01-07T08:00:35+00:00\" \/>\n<meta property=\"og:image\" content=\"https:\/\/bas-tv.md\/wp-content\/uploads\/2024\/01\/vremea-de-craciun-si-revelion-1024x683-1.webp\" \/>\n\t<meta property=\"og:image:width\" content=\"970\" \/>\n\t<meta property=\"og:image:height\" content=\"546\" \/>\n\t<meta property=\"og:image:type\" content=\"image\/webp\" \/>\n<meta name=\"author\" content=\"Redactor\" \/>\n<meta name=\"twitter:card\" content=\"summary_large_image\" \/>\n<meta name=\"twitter:label1\" content=\"Scris de\" \/>\n\t<meta name=\"twitter:data1\" content=\"Redactor\" \/>\n\t<meta name=\"twitter:label2\" content=\"Timp estimat pentru citire\" \/>\n\t<meta name=\"twitter:data2\" content=\"1 minut\" \/>\n<script type=\"application\/ld+json\" class=\"yoast-schema-graph\">{\"@context\":\"https:\\\/\\\/schema.org\",\"@graph\":[{\"@type\":\"Article\",\"@id\":\"https:\\\/\\\/bas-tv.md\\\/ro\\\/craciun-cu-ploi-sau-ninsori-cum-va-fi-vremea-de-craciun-in-raionul-basarabeasca\\\/#article\",\"isPartOf\":{\"@id\":\"https:\\\/\\\/bas-tv.md\\\/ro\\\/craciun-cu-ploi-sau-ninsori-cum-va-fi-vremea-de-craciun-in-raionul-basarabeasca\\\/\"},\"author\":{\"name\":\"Redactor\",\"@id\":\"https:\\\/\\\/bas-tv.md\\\/ro\\\/#\\\/schema\\\/person\\\/8740f45ea2eca1f1695284fc03529af0\"},\"headline\":\"Cr\u0103ciun cu ploi sau ninsori? Cum va fi vremea de Cr\u0103ciun \u00een raionul Basarabeasca\",\"datePublished\":\"2024-01-07T08:00:35+00:00\",\"mainEntityOfPage\":{\"@id\":\"https:\\\/\\\/bas-tv.md\\\/ro\\\/craciun-cu-ploi-sau-ninsori-cum-va-fi-vremea-de-craciun-in-raionul-basarabeasca\\\/\"},\"wordCount\":108,\"commentCount\":0,\"publisher\":{\"@id\":\"https:\\\/\\\/bas-tv.md\\\/ro\\\/#organization\"},\"image\":{\"@id\":\"https:\\\/\\\/bas-tv.md\\\/ro\\\/craciun-cu-ploi-sau-ninsori-cum-va-fi-vremea-de-craciun-in-raionul-basarabeasca\\\/#primaryimage\"},\"thumbnailUrl\":\"https:\\\/\\\/bas-tv.md\\\/wp-content\\\/uploads\\\/2024\\\/01\\\/vremea-de-craciun-si-revelion-1024x683-1.webp\",\"articleSection\":[\"Anun\u021buri\",\"Util\"],\"inLanguage\":\"ro-RO\",\"potentialAction\":[{\"@type\":\"CommentAction\",\"name\":\"Comment\",\"target\":[\"https:\\\/\\\/bas-tv.md\\\/ro\\\/craciun-cu-ploi-sau-ninsori-cum-va-fi-vremea-de-craciun-in-raionul-basarabeasca\\\/#respond\"]}]},{\"@type\":\"WebPage\",\"@id\":\"https:\\\/\\\/bas-tv.md\\\/ro\\\/craciun-cu-ploi-sau-ninsori-cum-va-fi-vremea-de-craciun-in-raionul-basarabeasca\\\/\",\"url\":\"https:\\\/\\\/bas-tv.md\\\/ro\\\/craciun-cu-ploi-sau-ninsori-cum-va-fi-vremea-de-craciun-in-raionul-basarabeasca\\\/\",\"name\":\"Cr\u0103ciun cu ploi sau ninsori? Cum va fi vremea de Cr\u0103ciun \u00een raionul Basarabeasca - BasTV\",\"isPartOf\":{\"@id\":\"https:\\\/\\\/bas-tv.md\\\/ro\\\/#website\"},\"primaryImageOfPage\":{\"@id\":\"https:\\\/\\\/bas-tv.md\\\/ro\\\/craciun-cu-ploi-sau-ninsori-cum-va-fi-vremea-de-craciun-in-raionul-basarabeasca\\\/#primaryimage\"},\"image\":{\"@id\":\"https:\\\/\\\/bas-tv.md\\\/ro\\\/craciun-cu-ploi-sau-ninsori-cum-va-fi-vremea-de-craciun-in-raionul-basarabeasca\\\/#primaryimage\"},\"thumbnailUrl\":\"https:\\\/\\\/bas-tv.md\\\/wp-content\\\/uploads\\\/2024\\\/01\\\/vremea-de-craciun-si-revelion-1024x683-1.webp\",\"datePublished\":\"2024-01-07T08:00:35+00:00\",\"description\":\"Meteorologii au anun\u021bat cum va fi vremea de Cr\u0103ciun pe stil vechi. Iat\u0103 ce temperaturi se vor \u00eenregistra \u00een raionul Basarabeasca.\",\"inLanguage\":\"ro-RO\",\"potentialAction\":[{\"@type\":\"ReadAction\",\"target\":[\"https:\\\/\\\/bas-tv.md\\\/ro\\\/craciun-cu-ploi-sau-ninsori-cum-va-fi-vremea-de-craciun-in-raionul-basarabeasca\\\/\"]}]},{\"@type\":\"ImageObject\",\"inLanguage\":\"ro-RO\",\"@id\":\"https:\\\/\\\/bas-tv.md\\\/ro\\\/craciun-cu-ploi-sau-ninsori-cum-va-fi-vremea-de-craciun-in-raionul-basarabeasca\\\/#primaryimage\",\"url\":\"https:\\\/\\\/bas-tv.md\\\/wp-content\\\/uploads\\\/2024\\\/01\\\/vremea-de-craciun-si-revelion-1024x683-1.webp\",\"contentUrl\":\"https:\\\/\\\/bas-tv.md\\\/wp-content\\\/uploads\\\/2024\\\/01\\\/vremea-de-craciun-si-revelion-1024x683-1.webp\",\"width\":970,\"height\":546,\"caption\":\"Cr\u0103ciun cu ploi! Cum va fi vremea de Cr\u0103ciun \u00een raionul Basarabeasca\"},{\"@type\":\"WebSite\",\"@id\":\"https:\\\/\\\/bas-tv.md\\\/ro\\\/#website\",\"url\":\"https:\\\/\\\/bas-tv.md\\\/ro\\\/\",\"name\":\"BasTV\",\"description\":\"Moldova\",\"publisher\":{\"@id\":\"https:\\\/\\\/bas-tv.md\\\/ro\\\/#organization\"},\"potentialAction\":[{\"@type\":\"SearchAction\",\"target\":{\"@type\":\"EntryPoint\",\"urlTemplate\":\"https:\\\/\\\/bas-tv.md\\\/ro\\\/?s={search_term_string}\"},\"query-input\":{\"@type\":\"PropertyValueSpecification\",\"valueRequired\":true,\"valueName\":\"search_term_string\"}}],\"inLanguage\":\"ro-RO\"},{\"@type\":\"Organization\",\"@id\":\"https:\\\/\\\/bas-tv.md\\\/ro\\\/#organization\",\"name\":\"BasTV\",\"url\":\"https:\\\/\\\/bas-tv.md\\\/ro\\\/\",\"logo\":{\"@type\":\"ImageObject\",\"inLanguage\":\"ro-RO\",\"@id\":\"https:\\\/\\\/bas-tv.md\\\/ro\\\/#\\\/schema\\\/logo\\\/image\\\/\",\"url\":\"https:\\\/\\\/bas-tv.md\\\/wp-content\\\/uploads\\\/2023\\\/05\\\/bas-tv-culoarea-rosie.png\",\"contentUrl\":\"https:\\\/\\\/bas-tv.md\\\/wp-content\\\/uploads\\\/2023\\\/05\\\/bas-tv-culoarea-rosie.png\",\"width\":202,\"height\":50,\"caption\":\"BasTV\"},\"image\":{\"@id\":\"https:\\\/\\\/bas-tv.md\\\/ro\\\/#\\\/schema\\\/logo\\\/image\\\/\"}},{\"@type\":\"Person\",\"@id\":\"https:\\\/\\\/bas-tv.md\\\/ro\\\/#\\\/schema\\\/person\\\/8740f45ea2eca1f1695284fc03529af0\",\"name\":\"Redactor\",\"image\":{\"@type\":\"ImageObject\",\"inLanguage\":\"ro-RO\",\"@id\":\"https:\\\/\\\/bas-tv.md\\\/wp-content\\\/litespeed\\\/avatar\\\/91c0586f3f6f4396a4ec1287c965eeeb.jpg?ver=1776950945\",\"url\":\"https:\\\/\\\/bas-tv.md\\\/wp-content\\\/litespeed\\\/avatar\\\/91c0586f3f6f4396a4ec1287c965eeeb.jpg?ver=1776950945\",\"contentUrl\":\"https:\\\/\\\/bas-tv.md\\\/wp-content\\\/litespeed\\\/avatar\\\/91c0586f3f6f4396a4ec1287c965eeeb.jpg?ver=1776950945\",\"caption\":\"Redactor\"},\"url\":\"https:\\\/\\\/bas-tv.md\\\/ro\\\/author\\\/redactor\\\/\"}]}<\/script>\n<!-- \/ Yoast SEO plugin. -->","yoast_head_json":{"title":"Cr\u0103ciun cu ploi sau ninsori? Cum va fi vremea de Cr\u0103ciun \u00een raionul Basarabeasca - BasTV","description":"Meteorologii au anun\u021bat cum va fi vremea de Cr\u0103ciun pe stil vechi. Iat\u0103 ce temperaturi se vor \u00eenregistra \u00een raionul Basarabeasca.","robots":{"index":"index","follow":"follow","max-snippet":"max-snippet:-1","max-image-preview":"max-image-preview:large","max-video-preview":"max-video-preview:-1"},"canonical":"https:\/\/bas-tv.md\/ro\/craciun-cu-ploi-sau-ninsori-cum-va-fi-vremea-de-craciun-in-raionul-basarabeasca\/","og_locale":"ro_RO","og_type":"article","og_title":"Cr\u0103ciun cu ploi sau ninsori? Cum va fi vremea de Cr\u0103ciun \u00een raionul Basarabeasca - BasTV","og_description":"Meteorologii au anun\u021bat cum va fi vremea de Cr\u0103ciun pe stil vechi. Iat\u0103 ce temperaturi se vor \u00eenregistra \u00een raionul Basarabeasca.","og_url":"https:\/\/bas-tv.md\/ro\/craciun-cu-ploi-sau-ninsori-cum-va-fi-vremea-de-craciun-in-raionul-basarabeasca\/","og_site_name":"BasTV","article_published_time":"2024-01-07T08:00:35+00:00","og_image":[{"width":970,"height":546,"url":"https:\/\/bas-tv.md\/wp-content\/uploads\/2024\/01\/vremea-de-craciun-si-revelion-1024x683-1.webp","type":"image\/webp"}],"author":"Redactor","twitter_card":"summary_large_image","twitter_misc":{"Scris de":"Redactor","Timp estimat pentru citire":"1 minut"},"schema":{"@context":"https:\/\/schema.org","@graph":[{"@type":"Article","@id":"https:\/\/bas-tv.md\/ro\/craciun-cu-ploi-sau-ninsori-cum-va-fi-vremea-de-craciun-in-raionul-basarabeasca\/#article","isPartOf":{"@id":"https:\/\/bas-tv.md\/ro\/craciun-cu-ploi-sau-ninsori-cum-va-fi-vremea-de-craciun-in-raionul-basarabeasca\/"},"author":{"name":"Redactor","@id":"https:\/\/bas-tv.md\/ro\/#\/schema\/person\/8740f45ea2eca1f1695284fc03529af0"},"headline":"Cr\u0103ciun cu ploi sau ninsori? Cum va fi vremea de Cr\u0103ciun \u00een raionul Basarabeasca","datePublished":"2024-01-07T08:00:35+00:00","mainEntityOfPage":{"@id":"https:\/\/bas-tv.md\/ro\/craciun-cu-ploi-sau-ninsori-cum-va-fi-vremea-de-craciun-in-raionul-basarabeasca\/"},"wordCount":108,"commentCount":0,"publisher":{"@id":"https:\/\/bas-tv.md\/ro\/#organization"},"image":{"@id":"https:\/\/bas-tv.md\/ro\/craciun-cu-ploi-sau-ninsori-cum-va-fi-vremea-de-craciun-in-raionul-basarabeasca\/#primaryimage"},"thumbnailUrl":"https:\/\/bas-tv.md\/wp-content\/uploads\/2024\/01\/vremea-de-craciun-si-revelion-1024x683-1.webp","articleSection":["Anun\u021buri","Util"],"inLanguage":"ro-RO","potentialAction":[{"@type":"CommentAction","name":"Comment","target":["https:\/\/bas-tv.md\/ro\/craciun-cu-ploi-sau-ninsori-cum-va-fi-vremea-de-craciun-in-raionul-basarabeasca\/#respond"]}]},{"@type":"WebPage","@id":"https:\/\/bas-tv.md\/ro\/craciun-cu-ploi-sau-ninsori-cum-va-fi-vremea-de-craciun-in-raionul-basarabeasca\/","url":"https:\/\/bas-tv.md\/ro\/craciun-cu-ploi-sau-ninsori-cum-va-fi-vremea-de-craciun-in-raionul-basarabeasca\/","name":"Cr\u0103ciun cu ploi sau ninsori? Cum va fi vremea de Cr\u0103ciun \u00een raionul Basarabeasca - BasTV","isPartOf":{"@id":"https:\/\/bas-tv.md\/ro\/#website"},"primaryImageOfPage":{"@id":"https:\/\/bas-tv.md\/ro\/craciun-cu-ploi-sau-ninsori-cum-va-fi-vremea-de-craciun-in-raionul-basarabeasca\/#primaryimage"},"image":{"@id":"https:\/\/bas-tv.md\/ro\/craciun-cu-ploi-sau-ninsori-cum-va-fi-vremea-de-craciun-in-raionul-basarabeasca\/#primaryimage"},"thumbnailUrl":"https:\/\/bas-tv.md\/wp-content\/uploads\/2024\/01\/vremea-de-craciun-si-revelion-1024x683-1.webp","datePublished":"2024-01-07T08:00:35+00:00","description":"Meteorologii au anun\u021bat cum va fi vremea de Cr\u0103ciun pe stil vechi. Iat\u0103 ce temperaturi se vor \u00eenregistra \u00een raionul Basarabeasca.","inLanguage":"ro-RO","potentialAction":[{"@type":"ReadAction","target":["https:\/\/bas-tv.md\/ro\/craciun-cu-ploi-sau-ninsori-cum-va-fi-vremea-de-craciun-in-raionul-basarabeasca\/"]}]},{"@type":"ImageObject","inLanguage":"ro-RO","@id":"https:\/\/bas-tv.md\/ro\/craciun-cu-ploi-sau-ninsori-cum-va-fi-vremea-de-craciun-in-raionul-basarabeasca\/#primaryimage","url":"https:\/\/bas-tv.md\/wp-content\/uploads\/2024\/01\/vremea-de-craciun-si-revelion-1024x683-1.webp","contentUrl":"https:\/\/bas-tv.md\/wp-content\/uploads\/2024\/01\/vremea-de-craciun-si-revelion-1024x683-1.webp","width":970,"height":546,"caption":"Cr\u0103ciun cu ploi! Cum va fi vremea de Cr\u0103ciun \u00een raionul Basarabeasca"},{"@type":"WebSite","@id":"https:\/\/bas-tv.md\/ro\/#website","url":"https:\/\/bas-tv.md\/ro\/","name":"BasTV","description":"Moldova","publisher":{"@id":"https:\/\/bas-tv.md\/ro\/#organization"},"potentialAction":[{"@type":"SearchAction","target":{"@type":"EntryPoint","urlTemplate":"https:\/\/bas-tv.md\/ro\/?s={search_term_string}"},"query-input":{"@type":"PropertyValueSpecification","valueRequired":true,"valueName":"search_term_string"}}],"inLanguage":"ro-RO"},{"@type":"Organization","@id":"https:\/\/bas-tv.md\/ro\/#organization","name":"BasTV","url":"https:\/\/bas-tv.md\/ro\/","logo":{"@type":"ImageObject","inLanguage":"ro-RO","@id":"https:\/\/bas-tv.md\/ro\/#\/schema\/logo\/image\/","url":"https:\/\/bas-tv.md\/wp-content\/uploads\/2023\/05\/bas-tv-culoarea-rosie.png","contentUrl":"https:\/\/bas-tv.md\/wp-content\/uploads\/2023\/05\/bas-tv-culoarea-rosie.png","width":202,"height":50,"caption":"BasTV"},"image":{"@id":"https:\/\/bas-tv.md\/ro\/#\/schema\/logo\/image\/"}},{"@type":"Person","@id":"https:\/\/bas-tv.md\/ro\/#\/schema\/person\/8740f45ea2eca1f1695284fc03529af0","name":"Redactor","image":{"@type":"ImageObject","inLanguage":"ro-RO","@id":"https:\/\/bas-tv.md\/wp-content\/litespeed\/avatar\/91c0586f3f6f4396a4ec1287c965eeeb.jpg?ver=1776950945","url":"https:\/\/bas-tv.md\/wp-content\/litespeed\/avatar\/91c0586f3f6f4396a4ec1287c965eeeb.jpg?ver=1776950945","contentUrl":"https:\/\/bas-tv.md\/wp-content\/litespeed\/avatar\/91c0586f3f6f4396a4ec1287c965eeeb.jpg?ver=1776950945","caption":"Redactor"},"url":"https:\/\/bas-tv.md\/ro\/author\/redactor\/"}]}},"views":263,"_links":{"self":[{"href":"https:\/\/bas-tv.md\/ro\/wp-json\/wp\/v2\/posts\/109385","targetHints":{"allow":["GET"]}}],"collection":[{"href":"https:\/\/bas-tv.md\/ro\/wp-json\/wp\/v2\/posts"}],"about":[{"href":"https:\/\/bas-tv.md\/ro\/wp-json\/wp\/v2\/types\/post"}],"author":[{"embeddable":true,"href":"https:\/\/bas-tv.md\/ro\/wp-json\/wp\/v2\/users\/3"}],"replies":[{"embeddable":true,"href":"https:\/\/bas-tv.md\/ro\/wp-json\/wp\/v2\/comments?post=109385"}],"version-history":[{"count":3,"href":"https:\/\/bas-tv.md\/ro\/wp-json\/wp\/v2\/posts\/109385\/revisions"}],"predecessor-version":[{"id":109393,"href":"https:\/\/bas-tv.md\/ro\/wp-json\/wp\/v2\/posts\/109385\/revisions\/109393"}],"wp:featuredmedia":[{"embeddable":true,"href":"https:\/\/bas-tv.md\/ro\/wp-json\/wp\/v2\/media\/109390"}],"wp:attachment":[{"href":"https:\/\/bas-tv.md\/ro\/wp-json\/wp\/v2\/media?parent=109385"}],"wp:term":[{"taxonomy":"category","embeddable":true,"href":"https:\/\/bas-tv.md\/ro\/wp-json\/wp\/v2\/categories?post=109385"},{"taxonomy":"post_tag","embeddable":true,"href":"https:\/\/bas-tv.md\/ro\/wp-json\/wp\/v2\/tags?post=109385"}],"curies":[{"name":"wp","href":"https:\/\/api.w.org\/{rel}","templated":true}]}}