{"id":110582,"date":"2024-01-24T14:30:28","date_gmt":"2024-01-24T12:30:28","guid":{"rendered":"https:\/\/bas-tv.md\/?p=110582"},"modified":"2024-01-24T14:28:33","modified_gmt":"2024-01-24T12:28:33","slug":"guvernul-procedura-de-inregistrare-cu-statut-de-somer-a-fost-simplificata","status":"publish","type":"post","link":"https:\/\/bas-tv.md\/ro\/guvernul-procedura-de-inregistrare-cu-statut-de-somer-a-fost-simplificata\/","title":{"rendered":"Guvernul: procedura de \u00eenregistrare cu statut de \u0219omer a fost simplificat\u0103"},"content":{"rendered":"<p><strong>Procedura de \u00eenregistrare cu statut de \u0219omer a fost simplificat\u0103. Cabinetul de mini\u0219tri a aprobat la 24 ianuarie mai multe modific\u0103ri. Conform acestora, persoanele aflate \u00een c\u0103utarea unui loc de munc\u0103 se vor putea \u00eenregistra \u0219i scoate de la eviden\u021ba structurilor teritoriale ale Agen\u021biei Na\u021bionale pentru Ocuparea For\u021bei de Munc\u0103 \u0219i prin intermediul echipelor mobile, care se vor deplasa \u00een localit\u0103\u021bile rurale din raioanele \u021b\u0103rii.<\/strong><\/p>\n<p>Totodat\u0103, perioada \u00een care \u0219omerul poate s\u0103 nu se prezinte la subdiviziunea teritorial\u0103 unde este \u00eenregistrat a fost redus\u0103 de la 60 la 30 de zile calendaristice de la ultima vizit\u0103. \u0218omerii care nu vor respecta acest termen, cu excep\u021bia celor antrena\u021bi \u00een m\u0103surile de formare profesional\u0103, vor fi exclu\u0219i de la eviden\u021ba structurii teritoriale de ocupare a for\u021bei de munc\u0103. Adi\u021bional, a fost revizuit termenul de \u00eenregistrare repetat\u0103 cu statut de \u0219omer, acesta fiind m\u0103rit de la 3 la 6 luni.<\/p>\n<p>Mai mult, cererea de \u00eenregistrare cu statut de \u0219omer va putea fi depus\u0103 online, sau cu suportul speciali\u0219tilor din cadrul centrelor unificate de prestare a serviciilor publice.<\/p>\n<p>Potrivit documentului, \u0219omerul poate s\u0103 lipseasc\u0103 nemotivat de la cel mult 15% din num\u0103rul total de ore prev\u0103zute \u00een cadrul cursurilor de formare profesional\u0103 sau de instruire la locul de munc\u0103, iar dac\u0103 dep\u0103\u0219e\u0219te acest procentaj, va fi nevoit s\u0103 restituie cheltuielile pentru organizarea \u0219i desf\u0103\u0219urarea acestora.<\/p>\n<p>Modific\u0103ri au fost efectuate \u0219i la alte proceduri privind m\u0103surile de ocupare a for\u021bei de munc\u0103, cum ar fi subven\u021bionarea locurilor de munc\u0103, adaptarea locurilor de munc\u0103 pentru persoanele cu dizabilit\u0103\u021bi, ini\u021bierea unei afaceri, proiectele de ini\u021biative locale \u0219.a.<\/p>\n<p>Ajust\u0103rile aprobate au drept scop reducerea num\u0103rului persoanelor cu statut de \u0219omer \u0219i sporirea interesului acestora de a se \u00eencadra \u00een c\u00e2mpul muncii, precum \u0219i \u021bintirea mai bun\u0103 a serviciilor \u0219i m\u0103surilor active destinate \u0219omerilor \u0219i persoanelor aflate \u00een c\u0103utarea unui loc de munc\u0103.<\/p>\n<p>Modific\u0103rile vor intra \u00een vigoare la data de 31 ianuarie curent.<\/p>\n<p><b>Abona\u021bi-v\u0103 la noi pe re\u021bele sociale:\u00a0<\/b><a href=\"https:\/\/t.me\/bastvmd\"><b><i>Telegram<\/i><\/b><\/a><b>,\u00a0<\/b><a href=\"https:\/\/www.youtube.com\/channel\/UC-9005PnLnhpNM8PVSjP2dQ\/featured\"><b><i>YouTube<\/i><\/b><\/a><b>,\u00a0<\/b><a href=\"https:\/\/www.facebook.com\/bastv.md\"><b><i>Facebook<\/i><\/b><\/a>\u00a0\u0219i\u00a0<a href=\"https:\/\/www.instagram.com\/bastv.md\/\"><b><i>Instagram<\/i><\/b><\/a><b>.\u00a0 Aici public\u0103m \u0219tiri pe scurt!<\/b><\/p>\n","protected":false},"excerpt":{"rendered":"<p>Procedura de \u00eenregistrare cu statut de \u0219omer a fost simplificat\u0103. Cabinetul de mini\u0219tri a aprobat la 24 ianuarie mai multe modific\u0103ri. Conform acestora, persoanele aflate \u00een c\u0103utarea unui loc de munc\u0103 se vor putea \u00eenregistra \u0219i scoate de la eviden\u021ba structurilor teritoriale ale Agen\u021biei Na\u021bionale pentru Ocuparea For\u021bei de Munc\u0103 \u0219i prin intermediul echipelor mobile, [&hellip;]<\/p>\n","protected":false},"author":3,"featured_media":110585,"comment_status":"open","ping_status":"open","sticky":false,"template":"","format":"standard","meta":{"footnotes":""},"categories":[602,570],"tags":[],"class_list":["post-110582","post","type-post","status-publish","format-standard","has-post-thumbnail","hentry","category-actualitate","category-in-moldova"],"yoast_head":"<!-- This site is optimized with the Yoast SEO plugin v27.5 - https:\/\/yoast.com\/product\/yoast-seo-wordpress\/ -->\n<title>Guvernul: procedura de \u00eenregistrare cu statut de \u0219omer a fost simplificat\u0103 - BasTV<\/title>\n<meta name=\"description\" content=\"Procedura de \u00eenregistrare cu statut de \u0219omer a fost simplificat\u0103. Cabinetul de mini\u0219tri a aprobat la 24 ianuarie mai multe modific\u0103ri. Conform acestora, persoanele aflate \u00een c\u0103utarea unui loc de munc\u0103 se vor putea \u00eenregistra \u0219i scoate de la eviden\u021ba structurilor teritoriale ale Agen\u021biei Na\u021bionale pentru Ocuparea For\u021bei de Munc\u0103 \u0219i prin intermediul echipelor mobile, care se vor deplasa \u00een localit\u0103\u021bile rurale din raioanele \u021b\u0103rii.\" \/>\n<meta name=\"robots\" content=\"index, follow, max-snippet:-1, max-image-preview:large, max-video-preview:-1\" \/>\n<link rel=\"canonical\" href=\"https:\/\/bas-tv.md\/ro\/guvernul-procedura-de-inregistrare-cu-statut-de-somer-a-fost-simplificata\/\" \/>\n<meta property=\"og:locale\" content=\"ro_RO\" \/>\n<meta property=\"og:type\" content=\"article\" \/>\n<meta property=\"og:title\" content=\"Guvernul: procedura de \u00eenregistrare cu statut de \u0219omer a fost simplificat\u0103 - BasTV\" \/>\n<meta property=\"og:description\" content=\"Procedura de \u00eenregistrare cu statut de \u0219omer a fost simplificat\u0103. Cabinetul de mini\u0219tri a aprobat la 24 ianuarie mai multe modific\u0103ri. Conform acestora, persoanele aflate \u00een c\u0103utarea unui loc de munc\u0103 se vor putea \u00eenregistra \u0219i scoate de la eviden\u021ba structurilor teritoriale ale Agen\u021biei Na\u021bionale pentru Ocuparea For\u021bei de Munc\u0103 \u0219i prin intermediul echipelor mobile, care se vor deplasa \u00een localit\u0103\u021bile rurale din raioanele \u021b\u0103rii.\" \/>\n<meta property=\"og:url\" content=\"https:\/\/bas-tv.md\/ro\/guvernul-procedura-de-inregistrare-cu-statut-de-somer-a-fost-simplificata\/\" \/>\n<meta property=\"og:site_name\" content=\"BasTV\" \/>\n<meta property=\"article:published_time\" content=\"2024-01-24T12:30:28+00:00\" \/>\n<meta property=\"og:image\" content=\"https:\/\/bas-tv.md\/wp-content\/uploads\/2024\/01\/727101.webp\" \/>\n\t<meta property=\"og:image:width\" content=\"760\" \/>\n\t<meta property=\"og:image:height\" content=\"500\" \/>\n\t<meta property=\"og:image:type\" content=\"image\/webp\" \/>\n<meta name=\"author\" content=\"Redactor\" \/>\n<meta name=\"twitter:card\" content=\"summary_large_image\" \/>\n<meta name=\"twitter:label1\" content=\"Scris de\" \/>\n\t<meta name=\"twitter:data1\" content=\"Redactor\" \/>\n\t<meta name=\"twitter:label2\" content=\"Timp estimat pentru citire\" \/>\n\t<meta name=\"twitter:data2\" content=\"2 minute\" \/>\n<script type=\"application\/ld+json\" class=\"yoast-schema-graph\">{\"@context\":\"https:\\\/\\\/schema.org\",\"@graph\":[{\"@type\":\"Article\",\"@id\":\"https:\\\/\\\/bas-tv.md\\\/ro\\\/guvernul-procedura-de-inregistrare-cu-statut-de-somer-a-fost-simplificata\\\/#article\",\"isPartOf\":{\"@id\":\"https:\\\/\\\/bas-tv.md\\\/ro\\\/guvernul-procedura-de-inregistrare-cu-statut-de-somer-a-fost-simplificata\\\/\"},\"author\":{\"name\":\"Redactor\",\"@id\":\"https:\\\/\\\/bas-tv.md\\\/ro\\\/#\\\/schema\\\/person\\\/8740f45ea2eca1f1695284fc03529af0\"},\"headline\":\"Guvernul: procedura de \u00eenregistrare cu statut de \u0219omer a fost simplificat\u0103\",\"datePublished\":\"2024-01-24T12:30:28+00:00\",\"mainEntityOfPage\":{\"@id\":\"https:\\\/\\\/bas-tv.md\\\/ro\\\/guvernul-procedura-de-inregistrare-cu-statut-de-somer-a-fost-simplificata\\\/\"},\"wordCount\":373,\"commentCount\":0,\"publisher\":{\"@id\":\"https:\\\/\\\/bas-tv.md\\\/ro\\\/#organization\"},\"image\":{\"@id\":\"https:\\\/\\\/bas-tv.md\\\/ro\\\/guvernul-procedura-de-inregistrare-cu-statut-de-somer-a-fost-simplificata\\\/#primaryimage\"},\"thumbnailUrl\":\"https:\\\/\\\/bas-tv.md\\\/wp-content\\\/uploads\\\/2024\\\/01\\\/727101.webp\",\"articleSection\":[\"Actualitate\",\"\u00cen Moldova\"],\"inLanguage\":\"ro-RO\",\"potentialAction\":[{\"@type\":\"CommentAction\",\"name\":\"Comment\",\"target\":[\"https:\\\/\\\/bas-tv.md\\\/ro\\\/guvernul-procedura-de-inregistrare-cu-statut-de-somer-a-fost-simplificata\\\/#respond\"]}]},{\"@type\":\"WebPage\",\"@id\":\"https:\\\/\\\/bas-tv.md\\\/ro\\\/guvernul-procedura-de-inregistrare-cu-statut-de-somer-a-fost-simplificata\\\/\",\"url\":\"https:\\\/\\\/bas-tv.md\\\/ro\\\/guvernul-procedura-de-inregistrare-cu-statut-de-somer-a-fost-simplificata\\\/\",\"name\":\"Guvernul: procedura de \u00eenregistrare cu statut de \u0219omer a fost simplificat\u0103 - BasTV\",\"isPartOf\":{\"@id\":\"https:\\\/\\\/bas-tv.md\\\/ro\\\/#website\"},\"primaryImageOfPage\":{\"@id\":\"https:\\\/\\\/bas-tv.md\\\/ro\\\/guvernul-procedura-de-inregistrare-cu-statut-de-somer-a-fost-simplificata\\\/#primaryimage\"},\"image\":{\"@id\":\"https:\\\/\\\/bas-tv.md\\\/ro\\\/guvernul-procedura-de-inregistrare-cu-statut-de-somer-a-fost-simplificata\\\/#primaryimage\"},\"thumbnailUrl\":\"https:\\\/\\\/bas-tv.md\\\/wp-content\\\/uploads\\\/2024\\\/01\\\/727101.webp\",\"datePublished\":\"2024-01-24T12:30:28+00:00\",\"description\":\"Procedura de \u00eenregistrare cu statut de \u0219omer a fost simplificat\u0103. Cabinetul de mini\u0219tri a aprobat la 24 ianuarie mai multe modific\u0103ri. Conform acestora, persoanele aflate \u00een c\u0103utarea unui loc de munc\u0103 se vor putea \u00eenregistra \u0219i scoate de la eviden\u021ba structurilor teritoriale ale Agen\u021biei Na\u021bionale pentru Ocuparea For\u021bei de Munc\u0103 \u0219i prin intermediul echipelor mobile, care se vor deplasa \u00een localit\u0103\u021bile rurale din raioanele \u021b\u0103rii.\",\"inLanguage\":\"ro-RO\",\"potentialAction\":[{\"@type\":\"ReadAction\",\"target\":[\"https:\\\/\\\/bas-tv.md\\\/ro\\\/guvernul-procedura-de-inregistrare-cu-statut-de-somer-a-fost-simplificata\\\/\"]}]},{\"@type\":\"ImageObject\",\"inLanguage\":\"ro-RO\",\"@id\":\"https:\\\/\\\/bas-tv.md\\\/ro\\\/guvernul-procedura-de-inregistrare-cu-statut-de-somer-a-fost-simplificata\\\/#primaryimage\",\"url\":\"https:\\\/\\\/bas-tv.md\\\/wp-content\\\/uploads\\\/2024\\\/01\\\/727101.webp\",\"contentUrl\":\"https:\\\/\\\/bas-tv.md\\\/wp-content\\\/uploads\\\/2024\\\/01\\\/727101.webp\",\"width\":760,\"height\":500,\"caption\":\"Guvernul: procedura de \u00eenregistrare cu statut de \u0219omer a fost simplificat\u0103\"},{\"@type\":\"WebSite\",\"@id\":\"https:\\\/\\\/bas-tv.md\\\/ro\\\/#website\",\"url\":\"https:\\\/\\\/bas-tv.md\\\/ro\\\/\",\"name\":\"BasTV\",\"description\":\"Moldova\",\"publisher\":{\"@id\":\"https:\\\/\\\/bas-tv.md\\\/ro\\\/#organization\"},\"potentialAction\":[{\"@type\":\"SearchAction\",\"target\":{\"@type\":\"EntryPoint\",\"urlTemplate\":\"https:\\\/\\\/bas-tv.md\\\/ro\\\/?s={search_term_string}\"},\"query-input\":{\"@type\":\"PropertyValueSpecification\",\"valueRequired\":true,\"valueName\":\"search_term_string\"}}],\"inLanguage\":\"ro-RO\"},{\"@type\":\"Organization\",\"@id\":\"https:\\\/\\\/bas-tv.md\\\/ro\\\/#organization\",\"name\":\"BasTV\",\"url\":\"https:\\\/\\\/bas-tv.md\\\/ro\\\/\",\"logo\":{\"@type\":\"ImageObject\",\"inLanguage\":\"ro-RO\",\"@id\":\"https:\\\/\\\/bas-tv.md\\\/ro\\\/#\\\/schema\\\/logo\\\/image\\\/\",\"url\":\"https:\\\/\\\/bas-tv.md\\\/wp-content\\\/uploads\\\/2023\\\/05\\\/bas-tv-culoarea-rosie.png\",\"contentUrl\":\"https:\\\/\\\/bas-tv.md\\\/wp-content\\\/uploads\\\/2023\\\/05\\\/bas-tv-culoarea-rosie.png\",\"width\":202,\"height\":50,\"caption\":\"BasTV\"},\"image\":{\"@id\":\"https:\\\/\\\/bas-tv.md\\\/ro\\\/#\\\/schema\\\/logo\\\/image\\\/\"}},{\"@type\":\"Person\",\"@id\":\"https:\\\/\\\/bas-tv.md\\\/ro\\\/#\\\/schema\\\/person\\\/8740f45ea2eca1f1695284fc03529af0\",\"name\":\"Redactor\",\"image\":{\"@type\":\"ImageObject\",\"inLanguage\":\"ro-RO\",\"@id\":\"https:\\\/\\\/secure.gravatar.com\\\/avatar\\\/45b6af9fc91c10b15a8b40e67c1f57bab2e9614fc9f0af95cf453d61934e9aad?s=96&d=mm&r=g\",\"url\":\"https:\\\/\\\/secure.gravatar.com\\\/avatar\\\/45b6af9fc91c10b15a8b40e67c1f57bab2e9614fc9f0af95cf453d61934e9aad?s=96&d=mm&r=g\",\"contentUrl\":\"https:\\\/\\\/secure.gravatar.com\\\/avatar\\\/45b6af9fc91c10b15a8b40e67c1f57bab2e9614fc9f0af95cf453d61934e9aad?s=96&d=mm&r=g\",\"caption\":\"Redactor\"},\"url\":\"https:\\\/\\\/bas-tv.md\\\/ro\\\/author\\\/redactor\\\/\"}]}<\/script>\n<!-- \/ Yoast SEO plugin. -->","yoast_head_json":{"title":"Guvernul: procedura de \u00eenregistrare cu statut de \u0219omer a fost simplificat\u0103 - BasTV","description":"Procedura de \u00eenregistrare cu statut de \u0219omer a fost simplificat\u0103. Cabinetul de mini\u0219tri a aprobat la 24 ianuarie mai multe modific\u0103ri. Conform acestora, persoanele aflate \u00een c\u0103utarea unui loc de munc\u0103 se vor putea \u00eenregistra \u0219i scoate de la eviden\u021ba structurilor teritoriale ale Agen\u021biei Na\u021bionale pentru Ocuparea For\u021bei de Munc\u0103 \u0219i prin intermediul echipelor mobile, care se vor deplasa \u00een localit\u0103\u021bile rurale din raioanele \u021b\u0103rii.","robots":{"index":"index","follow":"follow","max-snippet":"max-snippet:-1","max-image-preview":"max-image-preview:large","max-video-preview":"max-video-preview:-1"},"canonical":"https:\/\/bas-tv.md\/ro\/guvernul-procedura-de-inregistrare-cu-statut-de-somer-a-fost-simplificata\/","og_locale":"ro_RO","og_type":"article","og_title":"Guvernul: procedura de \u00eenregistrare cu statut de \u0219omer a fost simplificat\u0103 - BasTV","og_description":"Procedura de \u00eenregistrare cu statut de \u0219omer a fost simplificat\u0103. Cabinetul de mini\u0219tri a aprobat la 24 ianuarie mai multe modific\u0103ri. Conform acestora, persoanele aflate \u00een c\u0103utarea unui loc de munc\u0103 se vor putea \u00eenregistra \u0219i scoate de la eviden\u021ba structurilor teritoriale ale Agen\u021biei Na\u021bionale pentru Ocuparea For\u021bei de Munc\u0103 \u0219i prin intermediul echipelor mobile, care se vor deplasa \u00een localit\u0103\u021bile rurale din raioanele \u021b\u0103rii.","og_url":"https:\/\/bas-tv.md\/ro\/guvernul-procedura-de-inregistrare-cu-statut-de-somer-a-fost-simplificata\/","og_site_name":"BasTV","article_published_time":"2024-01-24T12:30:28+00:00","og_image":[{"width":760,"height":500,"url":"https:\/\/bas-tv.md\/wp-content\/uploads\/2024\/01\/727101.webp","type":"image\/webp"}],"author":"Redactor","twitter_card":"summary_large_image","twitter_misc":{"Scris de":"Redactor","Timp estimat pentru citire":"2 minute"},"schema":{"@context":"https:\/\/schema.org","@graph":[{"@type":"Article","@id":"https:\/\/bas-tv.md\/ro\/guvernul-procedura-de-inregistrare-cu-statut-de-somer-a-fost-simplificata\/#article","isPartOf":{"@id":"https:\/\/bas-tv.md\/ro\/guvernul-procedura-de-inregistrare-cu-statut-de-somer-a-fost-simplificata\/"},"author":{"name":"Redactor","@id":"https:\/\/bas-tv.md\/ro\/#\/schema\/person\/8740f45ea2eca1f1695284fc03529af0"},"headline":"Guvernul: procedura de \u00eenregistrare cu statut de \u0219omer a fost simplificat\u0103","datePublished":"2024-01-24T12:30:28+00:00","mainEntityOfPage":{"@id":"https:\/\/bas-tv.md\/ro\/guvernul-procedura-de-inregistrare-cu-statut-de-somer-a-fost-simplificata\/"},"wordCount":373,"commentCount":0,"publisher":{"@id":"https:\/\/bas-tv.md\/ro\/#organization"},"image":{"@id":"https:\/\/bas-tv.md\/ro\/guvernul-procedura-de-inregistrare-cu-statut-de-somer-a-fost-simplificata\/#primaryimage"},"thumbnailUrl":"https:\/\/bas-tv.md\/wp-content\/uploads\/2024\/01\/727101.webp","articleSection":["Actualitate","\u00cen Moldova"],"inLanguage":"ro-RO","potentialAction":[{"@type":"CommentAction","name":"Comment","target":["https:\/\/bas-tv.md\/ro\/guvernul-procedura-de-inregistrare-cu-statut-de-somer-a-fost-simplificata\/#respond"]}]},{"@type":"WebPage","@id":"https:\/\/bas-tv.md\/ro\/guvernul-procedura-de-inregistrare-cu-statut-de-somer-a-fost-simplificata\/","url":"https:\/\/bas-tv.md\/ro\/guvernul-procedura-de-inregistrare-cu-statut-de-somer-a-fost-simplificata\/","name":"Guvernul: procedura de \u00eenregistrare cu statut de \u0219omer a fost simplificat\u0103 - BasTV","isPartOf":{"@id":"https:\/\/bas-tv.md\/ro\/#website"},"primaryImageOfPage":{"@id":"https:\/\/bas-tv.md\/ro\/guvernul-procedura-de-inregistrare-cu-statut-de-somer-a-fost-simplificata\/#primaryimage"},"image":{"@id":"https:\/\/bas-tv.md\/ro\/guvernul-procedura-de-inregistrare-cu-statut-de-somer-a-fost-simplificata\/#primaryimage"},"thumbnailUrl":"https:\/\/bas-tv.md\/wp-content\/uploads\/2024\/01\/727101.webp","datePublished":"2024-01-24T12:30:28+00:00","description":"Procedura de \u00eenregistrare cu statut de \u0219omer a fost simplificat\u0103. Cabinetul de mini\u0219tri a aprobat la 24 ianuarie mai multe modific\u0103ri. Conform acestora, persoanele aflate \u00een c\u0103utarea unui loc de munc\u0103 se vor putea \u00eenregistra \u0219i scoate de la eviden\u021ba structurilor teritoriale ale Agen\u021biei Na\u021bionale pentru Ocuparea For\u021bei de Munc\u0103 \u0219i prin intermediul echipelor mobile, care se vor deplasa \u00een localit\u0103\u021bile rurale din raioanele \u021b\u0103rii.","inLanguage":"ro-RO","potentialAction":[{"@type":"ReadAction","target":["https:\/\/bas-tv.md\/ro\/guvernul-procedura-de-inregistrare-cu-statut-de-somer-a-fost-simplificata\/"]}]},{"@type":"ImageObject","inLanguage":"ro-RO","@id":"https:\/\/bas-tv.md\/ro\/guvernul-procedura-de-inregistrare-cu-statut-de-somer-a-fost-simplificata\/#primaryimage","url":"https:\/\/bas-tv.md\/wp-content\/uploads\/2024\/01\/727101.webp","contentUrl":"https:\/\/bas-tv.md\/wp-content\/uploads\/2024\/01\/727101.webp","width":760,"height":500,"caption":"Guvernul: procedura de \u00eenregistrare cu statut de \u0219omer a fost simplificat\u0103"},{"@type":"WebSite","@id":"https:\/\/bas-tv.md\/ro\/#website","url":"https:\/\/bas-tv.md\/ro\/","name":"BasTV","description":"Moldova","publisher":{"@id":"https:\/\/bas-tv.md\/ro\/#organization"},"potentialAction":[{"@type":"SearchAction","target":{"@type":"EntryPoint","urlTemplate":"https:\/\/bas-tv.md\/ro\/?s={search_term_string}"},"query-input":{"@type":"PropertyValueSpecification","valueRequired":true,"valueName":"search_term_string"}}],"inLanguage":"ro-RO"},{"@type":"Organization","@id":"https:\/\/bas-tv.md\/ro\/#organization","name":"BasTV","url":"https:\/\/bas-tv.md\/ro\/","logo":{"@type":"ImageObject","inLanguage":"ro-RO","@id":"https:\/\/bas-tv.md\/ro\/#\/schema\/logo\/image\/","url":"https:\/\/bas-tv.md\/wp-content\/uploads\/2023\/05\/bas-tv-culoarea-rosie.png","contentUrl":"https:\/\/bas-tv.md\/wp-content\/uploads\/2023\/05\/bas-tv-culoarea-rosie.png","width":202,"height":50,"caption":"BasTV"},"image":{"@id":"https:\/\/bas-tv.md\/ro\/#\/schema\/logo\/image\/"}},{"@type":"Person","@id":"https:\/\/bas-tv.md\/ro\/#\/schema\/person\/8740f45ea2eca1f1695284fc03529af0","name":"Redactor","image":{"@type":"ImageObject","inLanguage":"ro-RO","@id":"https:\/\/secure.gravatar.com\/avatar\/45b6af9fc91c10b15a8b40e67c1f57bab2e9614fc9f0af95cf453d61934e9aad?s=96&d=mm&r=g","url":"https:\/\/secure.gravatar.com\/avatar\/45b6af9fc91c10b15a8b40e67c1f57bab2e9614fc9f0af95cf453d61934e9aad?s=96&d=mm&r=g","contentUrl":"https:\/\/secure.gravatar.com\/avatar\/45b6af9fc91c10b15a8b40e67c1f57bab2e9614fc9f0af95cf453d61934e9aad?s=96&d=mm&r=g","caption":"Redactor"},"url":"https:\/\/bas-tv.md\/ro\/author\/redactor\/"}]}},"views":287,"_links":{"self":[{"href":"https:\/\/bas-tv.md\/ro\/wp-json\/wp\/v2\/posts\/110582","targetHints":{"allow":["GET"]}}],"collection":[{"href":"https:\/\/bas-tv.md\/ro\/wp-json\/wp\/v2\/posts"}],"about":[{"href":"https:\/\/bas-tv.md\/ro\/wp-json\/wp\/v2\/types\/post"}],"author":[{"embeddable":true,"href":"https:\/\/bas-tv.md\/ro\/wp-json\/wp\/v2\/users\/3"}],"replies":[{"embeddable":true,"href":"https:\/\/bas-tv.md\/ro\/wp-json\/wp\/v2\/comments?post=110582"}],"version-history":[{"count":2,"href":"https:\/\/bas-tv.md\/ro\/wp-json\/wp\/v2\/posts\/110582\/revisions"}],"predecessor-version":[{"id":110587,"href":"https:\/\/bas-tv.md\/ro\/wp-json\/wp\/v2\/posts\/110582\/revisions\/110587"}],"wp:featuredmedia":[{"embeddable":true,"href":"https:\/\/bas-tv.md\/ro\/wp-json\/wp\/v2\/media\/110585"}],"wp:attachment":[{"href":"https:\/\/bas-tv.md\/ro\/wp-json\/wp\/v2\/media?parent=110582"}],"wp:term":[{"taxonomy":"category","embeddable":true,"href":"https:\/\/bas-tv.md\/ro\/wp-json\/wp\/v2\/categories?post=110582"},{"taxonomy":"post_tag","embeddable":true,"href":"https:\/\/bas-tv.md\/ro\/wp-json\/wp\/v2\/tags?post=110582"}],"curies":[{"name":"wp","href":"https:\/\/api.w.org\/{rel}","templated":true}]}}