{"id":110901,"date":"2024-01-30T13:30:15","date_gmt":"2024-01-30T11:30:15","guid":{"rendered":"https:\/\/bas-tv.md\/?p=110901"},"modified":"2024-01-30T12:38:08","modified_gmt":"2024-01-30T10:38:08","slug":"in-atentia-persoanelor-fizice-au-mai-ramas-doua-zile-pentru-a-putea-vamui-autoturismele-cu-o-reducere-de-70","status":"publish","type":"post","link":"https:\/\/bas-tv.md\/ro\/in-atentia-persoanelor-fizice-au-mai-ramas-doua-zile-pentru-a-putea-vamui-autoturismele-cu-o-reducere-de-70\/","title":{"rendered":"\u00cen aten\u021bia persoanelor fizice! Au mai r\u0103mas dou\u0103 zile pentru a putea v\u0103mui autoturismele cu o reducere de 70%"},"content":{"rendered":"<p><strong>Serviciul Vamal informeaz\u0103 c\u0103 au mai r\u0103mas dou\u0103 zile pentru a beneficia de v\u0103muirea unui mijloc de transport cu aplicarea scutirii de 70%.<\/strong><\/p>\n<p>Prin urmare, v\u0103muirea autoturismelor \u00een principal concepute pentru transportul persoanelor, cu achitarea accizei \u00een m\u0103rime de 30% din cota accizei stabilit\u0103 pentru anul 2023, aferent mijloacelor de transport cu termenul de exploatare de 7 ani, este posibil\u0103 p\u00e2n\u0103 la data de 31 ianuarie 2024, inclusiv.<\/p>\n<p>\u00cen perioada 01 iulie 2023 \u2013 29 ianuarie 2024, persoanele fizice au solicitat plasarea \u00een regim vamal de import a 11 061 mijloace de transport, cu achitarea accizei \u00een m\u0103rime de 30% din cota accizei stabilit\u0103 pentru anul 2023, aferent mijloacelor de transport cu termenul de exploatare de 7 ani, iar la bugetul na\u021bional au fost \u00eencasa\u021bi peste 317 milioane lei.<\/p>\n<p>Totodat\u0103, la cererea persoanelor fizice care au introdus mijloace de transport \u00een regim vamal de admitere temporar\u0103 \u0219i au fost distruse sau v\u00e2ndute la piese (fapt confirmat prin documente justificative sau prin declara\u021bia pe propria r\u0103spundere a persoanei), \u00een perioada de referin\u021b\u0103 au fost v\u0103muite 1477 mijloace de transport, cu achitarea pl\u0103\u021bii unice \u00een cuantum de 15 000 de lei pentru fiecare mijloc de transport, cu eliberarea formularului tipizat TV-14.<\/p>\n<p><b>Abona\u021bi-v\u0103 la noi pe re\u021bele sociale:\u00a0<\/b><a href=\"https:\/\/t.me\/bastvmd\"><b><i>Telegram<\/i><\/b><\/a><b>,\u00a0<\/b><a href=\"https:\/\/www.youtube.com\/channel\/UC-9005PnLnhpNM8PVSjP2dQ\/featured\"><b><i>YouTube<\/i><\/b><\/a><b>,\u00a0<\/b><a href=\"https:\/\/www.facebook.com\/bastv.md\"><b><i>Facebook<\/i><\/b><\/a>\u00a0\u0219i\u00a0<a href=\"https:\/\/www.instagram.com\/bastv.md\/\"><b><i>Instagram<\/i><\/b><\/a><b>.\u00a0 Aici public\u0103m \u0219tiri pe scurt!<\/b><\/p>\n","protected":false},"excerpt":{"rendered":"<p>Serviciul Vamal informeaz\u0103 c\u0103 au mai r\u0103mas dou\u0103 zile pentru a beneficia de v\u0103muirea unui mijloc de transport cu aplicarea scutirii de 70%. Prin urmare, v\u0103muirea autoturismelor \u00een principal concepute pentru transportul persoanelor, cu achitarea accizei \u00een m\u0103rime de 30% din cota accizei stabilit\u0103 pentru anul 2023, aferent mijloacelor de transport cu termenul de exploatare [&hellip;]<\/p>\n","protected":false},"author":3,"featured_media":110904,"comment_status":"closed","ping_status":"closed","sticky":false,"template":"","format":"standard","meta":{"footnotes":""},"categories":[219,574],"tags":[],"class_list":["post-110901","post","type-post","status-publish","format-standard","has-post-thumbnail","hentry","category-anunturi","category-util"],"yoast_head":"<!-- This site is optimized with the Yoast SEO plugin v27.5 - https:\/\/yoast.com\/product\/yoast-seo-wordpress\/ -->\n<title>\u00cen aten\u021bia persoanelor fizice! Au mai r\u0103mas dou\u0103 zile pentru a putea v\u0103mui autoturismele cu o reducere de 70% - BasTV<\/title>\n<meta name=\"description\" content=\"Serviciul Vamal informeaz\u0103 c\u0103 au mai r\u0103mas dou\u0103 zile pentru a beneficia de v\u0103muirea unui mijloc de transport cu aplicarea scutirii de 70%.\" \/>\n<meta name=\"robots\" content=\"index, follow, max-snippet:-1, max-image-preview:large, max-video-preview:-1\" \/>\n<link rel=\"canonical\" href=\"https:\/\/bas-tv.md\/ro\/in-atentia-persoanelor-fizice-au-mai-ramas-doua-zile-pentru-a-putea-vamui-autoturismele-cu-o-reducere-de-70\/\" \/>\n<meta property=\"og:locale\" content=\"ro_RO\" \/>\n<meta property=\"og:type\" content=\"article\" \/>\n<meta property=\"og:title\" content=\"\u00cen aten\u021bia persoanelor fizice! Au mai r\u0103mas dou\u0103 zile pentru a putea v\u0103mui autoturismele cu o reducere de 70% - BasTV\" \/>\n<meta property=\"og:description\" content=\"Serviciul Vamal informeaz\u0103 c\u0103 au mai r\u0103mas dou\u0103 zile pentru a beneficia de v\u0103muirea unui mijloc de transport cu aplicarea scutirii de 70%.\" \/>\n<meta property=\"og:url\" content=\"https:\/\/bas-tv.md\/ro\/in-atentia-persoanelor-fizice-au-mai-ramas-doua-zile-pentru-a-putea-vamui-autoturismele-cu-o-reducere-de-70\/\" \/>\n<meta property=\"og:site_name\" content=\"BasTV\" \/>\n<meta property=\"article:published_time\" content=\"2024-01-30T11:30:15+00:00\" \/>\n<meta property=\"og:image\" content=\"https:\/\/bas-tv.md\/wp-content\/uploads\/2024\/01\/unnamed-1-1.jpg\" \/>\n\t<meta property=\"og:image:width\" content=\"512\" \/>\n\t<meta property=\"og:image:height\" content=\"341\" \/>\n\t<meta property=\"og:image:type\" content=\"image\/jpeg\" \/>\n<meta name=\"author\" content=\"Redactor\" \/>\n<meta name=\"twitter:card\" content=\"summary_large_image\" \/>\n<meta name=\"twitter:label1\" content=\"Scris de\" \/>\n\t<meta name=\"twitter:data1\" content=\"Redactor\" \/>\n\t<meta name=\"twitter:label2\" content=\"Timp estimat pentru citire\" \/>\n\t<meta name=\"twitter:data2\" content=\"2 minute\" \/>\n<script type=\"application\/ld+json\" class=\"yoast-schema-graph\">{\"@context\":\"https:\\\/\\\/schema.org\",\"@graph\":[{\"@type\":\"Article\",\"@id\":\"https:\\\/\\\/bas-tv.md\\\/ro\\\/in-atentia-persoanelor-fizice-au-mai-ramas-doua-zile-pentru-a-putea-vamui-autoturismele-cu-o-reducere-de-70\\\/#article\",\"isPartOf\":{\"@id\":\"https:\\\/\\\/bas-tv.md\\\/ro\\\/in-atentia-persoanelor-fizice-au-mai-ramas-doua-zile-pentru-a-putea-vamui-autoturismele-cu-o-reducere-de-70\\\/\"},\"author\":{\"name\":\"Redactor\",\"@id\":\"https:\\\/\\\/bas-tv.md\\\/ro\\\/#\\\/schema\\\/person\\\/8740f45ea2eca1f1695284fc03529af0\"},\"headline\":\"\u00cen aten\u021bia persoanelor fizice! Au mai r\u0103mas dou\u0103 zile pentru a putea v\u0103mui autoturismele cu o reducere de 70%\",\"datePublished\":\"2024-01-30T11:30:15+00:00\",\"mainEntityOfPage\":{\"@id\":\"https:\\\/\\\/bas-tv.md\\\/ro\\\/in-atentia-persoanelor-fizice-au-mai-ramas-doua-zile-pentru-a-putea-vamui-autoturismele-cu-o-reducere-de-70\\\/\"},\"wordCount\":232,\"publisher\":{\"@id\":\"https:\\\/\\\/bas-tv.md\\\/ro\\\/#organization\"},\"image\":{\"@id\":\"https:\\\/\\\/bas-tv.md\\\/ro\\\/in-atentia-persoanelor-fizice-au-mai-ramas-doua-zile-pentru-a-putea-vamui-autoturismele-cu-o-reducere-de-70\\\/#primaryimage\"},\"thumbnailUrl\":\"https:\\\/\\\/bas-tv.md\\\/wp-content\\\/uploads\\\/2024\\\/01\\\/unnamed-1-1.jpg\",\"articleSection\":[\"Anun\u021buri\",\"Util\"],\"inLanguage\":\"ro-RO\"},{\"@type\":\"WebPage\",\"@id\":\"https:\\\/\\\/bas-tv.md\\\/ro\\\/in-atentia-persoanelor-fizice-au-mai-ramas-doua-zile-pentru-a-putea-vamui-autoturismele-cu-o-reducere-de-70\\\/\",\"url\":\"https:\\\/\\\/bas-tv.md\\\/ro\\\/in-atentia-persoanelor-fizice-au-mai-ramas-doua-zile-pentru-a-putea-vamui-autoturismele-cu-o-reducere-de-70\\\/\",\"name\":\"\u00cen aten\u021bia persoanelor fizice! Au mai r\u0103mas dou\u0103 zile pentru a putea v\u0103mui autoturismele cu o reducere de 70% - BasTV\",\"isPartOf\":{\"@id\":\"https:\\\/\\\/bas-tv.md\\\/ro\\\/#website\"},\"primaryImageOfPage\":{\"@id\":\"https:\\\/\\\/bas-tv.md\\\/ro\\\/in-atentia-persoanelor-fizice-au-mai-ramas-doua-zile-pentru-a-putea-vamui-autoturismele-cu-o-reducere-de-70\\\/#primaryimage\"},\"image\":{\"@id\":\"https:\\\/\\\/bas-tv.md\\\/ro\\\/in-atentia-persoanelor-fizice-au-mai-ramas-doua-zile-pentru-a-putea-vamui-autoturismele-cu-o-reducere-de-70\\\/#primaryimage\"},\"thumbnailUrl\":\"https:\\\/\\\/bas-tv.md\\\/wp-content\\\/uploads\\\/2024\\\/01\\\/unnamed-1-1.jpg\",\"datePublished\":\"2024-01-30T11:30:15+00:00\",\"description\":\"Serviciul Vamal informeaz\u0103 c\u0103 au mai r\u0103mas dou\u0103 zile pentru a beneficia de v\u0103muirea unui mijloc de transport cu aplicarea scutirii de 70%.\",\"inLanguage\":\"ro-RO\",\"potentialAction\":[{\"@type\":\"ReadAction\",\"target\":[\"https:\\\/\\\/bas-tv.md\\\/ro\\\/in-atentia-persoanelor-fizice-au-mai-ramas-doua-zile-pentru-a-putea-vamui-autoturismele-cu-o-reducere-de-70\\\/\"]}]},{\"@type\":\"ImageObject\",\"inLanguage\":\"ro-RO\",\"@id\":\"https:\\\/\\\/bas-tv.md\\\/ro\\\/in-atentia-persoanelor-fizice-au-mai-ramas-doua-zile-pentru-a-putea-vamui-autoturismele-cu-o-reducere-de-70\\\/#primaryimage\",\"url\":\"https:\\\/\\\/bas-tv.md\\\/wp-content\\\/uploads\\\/2024\\\/01\\\/unnamed-1-1.jpg\",\"contentUrl\":\"https:\\\/\\\/bas-tv.md\\\/wp-content\\\/uploads\\\/2024\\\/01\\\/unnamed-1-1.jpg\",\"width\":512,\"height\":341,\"caption\":\"\u00cen aten\u021bia persoanelor fizice! Au mai r\u0103mas dou\u0103 zile pentru a putea v\u0103mui autoturismele cu o reducere de 70%\"},{\"@type\":\"WebSite\",\"@id\":\"https:\\\/\\\/bas-tv.md\\\/ro\\\/#website\",\"url\":\"https:\\\/\\\/bas-tv.md\\\/ro\\\/\",\"name\":\"BasTV\",\"description\":\"Moldova\",\"publisher\":{\"@id\":\"https:\\\/\\\/bas-tv.md\\\/ro\\\/#organization\"},\"potentialAction\":[{\"@type\":\"SearchAction\",\"target\":{\"@type\":\"EntryPoint\",\"urlTemplate\":\"https:\\\/\\\/bas-tv.md\\\/ro\\\/?s={search_term_string}\"},\"query-input\":{\"@type\":\"PropertyValueSpecification\",\"valueRequired\":true,\"valueName\":\"search_term_string\"}}],\"inLanguage\":\"ro-RO\"},{\"@type\":\"Organization\",\"@id\":\"https:\\\/\\\/bas-tv.md\\\/ro\\\/#organization\",\"name\":\"BasTV\",\"url\":\"https:\\\/\\\/bas-tv.md\\\/ro\\\/\",\"logo\":{\"@type\":\"ImageObject\",\"inLanguage\":\"ro-RO\",\"@id\":\"https:\\\/\\\/bas-tv.md\\\/ro\\\/#\\\/schema\\\/logo\\\/image\\\/\",\"url\":\"https:\\\/\\\/bas-tv.md\\\/wp-content\\\/uploads\\\/2023\\\/05\\\/bas-tv-culoarea-rosie.png\",\"contentUrl\":\"https:\\\/\\\/bas-tv.md\\\/wp-content\\\/uploads\\\/2023\\\/05\\\/bas-tv-culoarea-rosie.png\",\"width\":202,\"height\":50,\"caption\":\"BasTV\"},\"image\":{\"@id\":\"https:\\\/\\\/bas-tv.md\\\/ro\\\/#\\\/schema\\\/logo\\\/image\\\/\"}},{\"@type\":\"Person\",\"@id\":\"https:\\\/\\\/bas-tv.md\\\/ro\\\/#\\\/schema\\\/person\\\/8740f45ea2eca1f1695284fc03529af0\",\"name\":\"Redactor\",\"image\":{\"@type\":\"ImageObject\",\"inLanguage\":\"ro-RO\",\"@id\":\"https:\\\/\\\/bas-tv.md\\\/wp-content\\\/litespeed\\\/avatar\\\/91c0586f3f6f4396a4ec1287c965eeeb.jpg?ver=1776950945\",\"url\":\"https:\\\/\\\/bas-tv.md\\\/wp-content\\\/litespeed\\\/avatar\\\/91c0586f3f6f4396a4ec1287c965eeeb.jpg?ver=1776950945\",\"contentUrl\":\"https:\\\/\\\/bas-tv.md\\\/wp-content\\\/litespeed\\\/avatar\\\/91c0586f3f6f4396a4ec1287c965eeeb.jpg?ver=1776950945\",\"caption\":\"Redactor\"},\"url\":\"https:\\\/\\\/bas-tv.md\\\/ro\\\/author\\\/redactor\\\/\"}]}<\/script>\n<!-- \/ Yoast SEO plugin. -->","yoast_head_json":{"title":"\u00cen aten\u021bia persoanelor fizice! Au mai r\u0103mas dou\u0103 zile pentru a putea v\u0103mui autoturismele cu o reducere de 70% - BasTV","description":"Serviciul Vamal informeaz\u0103 c\u0103 au mai r\u0103mas dou\u0103 zile pentru a beneficia de v\u0103muirea unui mijloc de transport cu aplicarea scutirii de 70%.","robots":{"index":"index","follow":"follow","max-snippet":"max-snippet:-1","max-image-preview":"max-image-preview:large","max-video-preview":"max-video-preview:-1"},"canonical":"https:\/\/bas-tv.md\/ro\/in-atentia-persoanelor-fizice-au-mai-ramas-doua-zile-pentru-a-putea-vamui-autoturismele-cu-o-reducere-de-70\/","og_locale":"ro_RO","og_type":"article","og_title":"\u00cen aten\u021bia persoanelor fizice! Au mai r\u0103mas dou\u0103 zile pentru a putea v\u0103mui autoturismele cu o reducere de 70% - BasTV","og_description":"Serviciul Vamal informeaz\u0103 c\u0103 au mai r\u0103mas dou\u0103 zile pentru a beneficia de v\u0103muirea unui mijloc de transport cu aplicarea scutirii de 70%.","og_url":"https:\/\/bas-tv.md\/ro\/in-atentia-persoanelor-fizice-au-mai-ramas-doua-zile-pentru-a-putea-vamui-autoturismele-cu-o-reducere-de-70\/","og_site_name":"BasTV","article_published_time":"2024-01-30T11:30:15+00:00","og_image":[{"width":512,"height":341,"url":"https:\/\/bas-tv.md\/wp-content\/uploads\/2024\/01\/unnamed-1-1.jpg","type":"image\/jpeg"}],"author":"Redactor","twitter_card":"summary_large_image","twitter_misc":{"Scris de":"Redactor","Timp estimat pentru citire":"2 minute"},"schema":{"@context":"https:\/\/schema.org","@graph":[{"@type":"Article","@id":"https:\/\/bas-tv.md\/ro\/in-atentia-persoanelor-fizice-au-mai-ramas-doua-zile-pentru-a-putea-vamui-autoturismele-cu-o-reducere-de-70\/#article","isPartOf":{"@id":"https:\/\/bas-tv.md\/ro\/in-atentia-persoanelor-fizice-au-mai-ramas-doua-zile-pentru-a-putea-vamui-autoturismele-cu-o-reducere-de-70\/"},"author":{"name":"Redactor","@id":"https:\/\/bas-tv.md\/ro\/#\/schema\/person\/8740f45ea2eca1f1695284fc03529af0"},"headline":"\u00cen aten\u021bia persoanelor fizice! Au mai r\u0103mas dou\u0103 zile pentru a putea v\u0103mui autoturismele cu o reducere de 70%","datePublished":"2024-01-30T11:30:15+00:00","mainEntityOfPage":{"@id":"https:\/\/bas-tv.md\/ro\/in-atentia-persoanelor-fizice-au-mai-ramas-doua-zile-pentru-a-putea-vamui-autoturismele-cu-o-reducere-de-70\/"},"wordCount":232,"publisher":{"@id":"https:\/\/bas-tv.md\/ro\/#organization"},"image":{"@id":"https:\/\/bas-tv.md\/ro\/in-atentia-persoanelor-fizice-au-mai-ramas-doua-zile-pentru-a-putea-vamui-autoturismele-cu-o-reducere-de-70\/#primaryimage"},"thumbnailUrl":"https:\/\/bas-tv.md\/wp-content\/uploads\/2024\/01\/unnamed-1-1.jpg","articleSection":["Anun\u021buri","Util"],"inLanguage":"ro-RO"},{"@type":"WebPage","@id":"https:\/\/bas-tv.md\/ro\/in-atentia-persoanelor-fizice-au-mai-ramas-doua-zile-pentru-a-putea-vamui-autoturismele-cu-o-reducere-de-70\/","url":"https:\/\/bas-tv.md\/ro\/in-atentia-persoanelor-fizice-au-mai-ramas-doua-zile-pentru-a-putea-vamui-autoturismele-cu-o-reducere-de-70\/","name":"\u00cen aten\u021bia persoanelor fizice! Au mai r\u0103mas dou\u0103 zile pentru a putea v\u0103mui autoturismele cu o reducere de 70% - BasTV","isPartOf":{"@id":"https:\/\/bas-tv.md\/ro\/#website"},"primaryImageOfPage":{"@id":"https:\/\/bas-tv.md\/ro\/in-atentia-persoanelor-fizice-au-mai-ramas-doua-zile-pentru-a-putea-vamui-autoturismele-cu-o-reducere-de-70\/#primaryimage"},"image":{"@id":"https:\/\/bas-tv.md\/ro\/in-atentia-persoanelor-fizice-au-mai-ramas-doua-zile-pentru-a-putea-vamui-autoturismele-cu-o-reducere-de-70\/#primaryimage"},"thumbnailUrl":"https:\/\/bas-tv.md\/wp-content\/uploads\/2024\/01\/unnamed-1-1.jpg","datePublished":"2024-01-30T11:30:15+00:00","description":"Serviciul Vamal informeaz\u0103 c\u0103 au mai r\u0103mas dou\u0103 zile pentru a beneficia de v\u0103muirea unui mijloc de transport cu aplicarea scutirii de 70%.","inLanguage":"ro-RO","potentialAction":[{"@type":"ReadAction","target":["https:\/\/bas-tv.md\/ro\/in-atentia-persoanelor-fizice-au-mai-ramas-doua-zile-pentru-a-putea-vamui-autoturismele-cu-o-reducere-de-70\/"]}]},{"@type":"ImageObject","inLanguage":"ro-RO","@id":"https:\/\/bas-tv.md\/ro\/in-atentia-persoanelor-fizice-au-mai-ramas-doua-zile-pentru-a-putea-vamui-autoturismele-cu-o-reducere-de-70\/#primaryimage","url":"https:\/\/bas-tv.md\/wp-content\/uploads\/2024\/01\/unnamed-1-1.jpg","contentUrl":"https:\/\/bas-tv.md\/wp-content\/uploads\/2024\/01\/unnamed-1-1.jpg","width":512,"height":341,"caption":"\u00cen aten\u021bia persoanelor fizice! Au mai r\u0103mas dou\u0103 zile pentru a putea v\u0103mui autoturismele cu o reducere de 70%"},{"@type":"WebSite","@id":"https:\/\/bas-tv.md\/ro\/#website","url":"https:\/\/bas-tv.md\/ro\/","name":"BasTV","description":"Moldova","publisher":{"@id":"https:\/\/bas-tv.md\/ro\/#organization"},"potentialAction":[{"@type":"SearchAction","target":{"@type":"EntryPoint","urlTemplate":"https:\/\/bas-tv.md\/ro\/?s={search_term_string}"},"query-input":{"@type":"PropertyValueSpecification","valueRequired":true,"valueName":"search_term_string"}}],"inLanguage":"ro-RO"},{"@type":"Organization","@id":"https:\/\/bas-tv.md\/ro\/#organization","name":"BasTV","url":"https:\/\/bas-tv.md\/ro\/","logo":{"@type":"ImageObject","inLanguage":"ro-RO","@id":"https:\/\/bas-tv.md\/ro\/#\/schema\/logo\/image\/","url":"https:\/\/bas-tv.md\/wp-content\/uploads\/2023\/05\/bas-tv-culoarea-rosie.png","contentUrl":"https:\/\/bas-tv.md\/wp-content\/uploads\/2023\/05\/bas-tv-culoarea-rosie.png","width":202,"height":50,"caption":"BasTV"},"image":{"@id":"https:\/\/bas-tv.md\/ro\/#\/schema\/logo\/image\/"}},{"@type":"Person","@id":"https:\/\/bas-tv.md\/ro\/#\/schema\/person\/8740f45ea2eca1f1695284fc03529af0","name":"Redactor","image":{"@type":"ImageObject","inLanguage":"ro-RO","@id":"https:\/\/bas-tv.md\/wp-content\/litespeed\/avatar\/91c0586f3f6f4396a4ec1287c965eeeb.jpg?ver=1776950945","url":"https:\/\/bas-tv.md\/wp-content\/litespeed\/avatar\/91c0586f3f6f4396a4ec1287c965eeeb.jpg?ver=1776950945","contentUrl":"https:\/\/bas-tv.md\/wp-content\/litespeed\/avatar\/91c0586f3f6f4396a4ec1287c965eeeb.jpg?ver=1776950945","caption":"Redactor"},"url":"https:\/\/bas-tv.md\/ro\/author\/redactor\/"}]}},"views":387,"_links":{"self":[{"href":"https:\/\/bas-tv.md\/ro\/wp-json\/wp\/v2\/posts\/110901","targetHints":{"allow":["GET"]}}],"collection":[{"href":"https:\/\/bas-tv.md\/ro\/wp-json\/wp\/v2\/posts"}],"about":[{"href":"https:\/\/bas-tv.md\/ro\/wp-json\/wp\/v2\/types\/post"}],"author":[{"embeddable":true,"href":"https:\/\/bas-tv.md\/ro\/wp-json\/wp\/v2\/users\/3"}],"replies":[{"embeddable":true,"href":"https:\/\/bas-tv.md\/ro\/wp-json\/wp\/v2\/comments?post=110901"}],"version-history":[{"count":3,"href":"https:\/\/bas-tv.md\/ro\/wp-json\/wp\/v2\/posts\/110901\/revisions"}],"predecessor-version":[{"id":110906,"href":"https:\/\/bas-tv.md\/ro\/wp-json\/wp\/v2\/posts\/110901\/revisions\/110906"}],"wp:featuredmedia":[{"embeddable":true,"href":"https:\/\/bas-tv.md\/ro\/wp-json\/wp\/v2\/media\/110904"}],"wp:attachment":[{"href":"https:\/\/bas-tv.md\/ro\/wp-json\/wp\/v2\/media?parent=110901"}],"wp:term":[{"taxonomy":"category","embeddable":true,"href":"https:\/\/bas-tv.md\/ro\/wp-json\/wp\/v2\/categories?post=110901"},{"taxonomy":"post_tag","embeddable":true,"href":"https:\/\/bas-tv.md\/ro\/wp-json\/wp\/v2\/tags?post=110901"}],"curies":[{"name":"wp","href":"https:\/\/api.w.org\/{rel}","templated":true}]}}