{"id":110938,"date":"2024-01-30T16:40:40","date_gmt":"2024-01-30T14:40:40","guid":{"rendered":"https:\/\/bas-tv.md\/?p=110938"},"modified":"2024-01-30T15:44:36","modified_gmt":"2024-01-30T13:44:36","slug":"foto-30-de-automobile-vor-ajunge-in-subdiviziunile-tactice-ale-politiei-de-frontiera","status":"publish","type":"post","link":"https:\/\/bas-tv.md\/ro\/foto-30-de-automobile-vor-ajunge-in-subdiviziunile-tactice-ale-politiei-de-frontiera\/","title":{"rendered":"(FOTO) 30 de automobile vor ajunge \u00een subdiviziunile tactice ale Poli\u021biei de Frontier\u0103"},"content":{"rendered":"<p><strong>Inspectoratul General al Poli\u021biei de Frontier\u0103 anun\u021b\u0103 c\u0103 30 de automobile de serviciu vor ajunge ast\u0103zi, 30 ianuarie, \u00een subdiviziunile tactice ale inspectoratului general.<\/strong><\/p>\n<p>Potrivit Poli\u021biei de Frontier\u0103, mobilitatea este un factor crucial \u00een interven\u021bii la frontier\u0103, iar aceste autospeciale vor oferi poli\u021bi\u0219tilor de frontier\u0103 acces rapid \u0219i flexibil \u00een diverse medii \u0219i condi\u021bii de teren.<\/p>\n<blockquote><p>,,Utilizarea acestora va contribui la o mai bun\u0103 mobilitate \u0219i la cre\u0219terea capacit\u0103\u021bilor opera\u021bionale ale personalului, inclusiv la sporirea securit\u0103\u021bii frontierei de stat \u0219i gestionarea eficient\u0103 a fluxului de migran\u021bi\u201d, se arat\u0103 \u00een comunicatul Poli\u021biei de Frontier\u0103.<\/p><\/blockquote>\n<p>Echipate cu tehnologie avansat\u0103 de comunicare \u0219i echipamente specializate, aceste automobile de teren 4&#215;4 vor asigura o reac\u021bie prompt\u0103 \u0219i eficient\u0103 \u00een fa\u021ba provoc\u0103rilor care pot ap\u0103rea \u00een misiuni.<\/p>\n<p>Noile autospeciale au fost achizi\u021bionate \u00een cadrul proiectului \u201eSprijinirea protec\u021biei, tranzitului, \u00eentoarcerii voluntare \u0219i informate \u0219i a reintegr\u0103rii cet\u0103\u021benilor Parteneriatului Estic \u0219i resortisan\u021bilor \u021b\u0103rilor ter\u021be afecta\u021bi de conflictul din Ucraina\u201d. Proiectul este finan\u021bat de Uniunea European\u0103 \u0219i implementat de c\u0103tre Organiza\u021bia Interna\u021bional\u0103 de Migra\u021bie Moldova.<\/p>\n<div id='gallery-1' class='gallery galleryid-110938 gallery-columns-2 gallery-size-full'><figure class='gallery-item'>\n\t\t\t<div class='gallery-icon landscape'>\n\t\t\t\t<a href='https:\/\/bas-tv.md\/ro\/foto-30-de-automobile-vor-ajunge-in-subdiviziunile-tactice-ale-politiei-de-frontiera\/423312919_785741323589919_4906175309970162579_n\/'><img fetchpriority=\"high\" decoding=\"async\" width=\"2048\" height=\"1365\" src=\"https:\/\/bas-tv.md\/wp-content\/uploads\/2024\/01\/423312919_785741323589919_4906175309970162579_n.jpg\" class=\"attachment-full size-full\" alt=\"\" aria-describedby=\"gallery-1-110940\" srcset=\"https:\/\/bas-tv.md\/wp-content\/uploads\/2024\/01\/423312919_785741323589919_4906175309970162579_n.jpg 2048w, https:\/\/bas-tv.md\/wp-content\/uploads\/2024\/01\/423312919_785741323589919_4906175309970162579_n-300x200.jpg 300w, https:\/\/bas-tv.md\/wp-content\/uploads\/2024\/01\/423312919_785741323589919_4906175309970162579_n-1024x683.jpg 1024w, https:\/\/bas-tv.md\/wp-content\/uploads\/2024\/01\/423312919_785741323589919_4906175309970162579_n-768x512.jpg 768w, https:\/\/bas-tv.md\/wp-content\/uploads\/2024\/01\/423312919_785741323589919_4906175309970162579_n-1536x1024.jpg 1536w, https:\/\/bas-tv.md\/wp-content\/uploads\/2024\/01\/423312919_785741323589919_4906175309970162579_n-1200x800.jpg 1200w, https:\/\/bas-tv.md\/wp-content\/uploads\/2024\/01\/423312919_785741323589919_4906175309970162579_n-1980x1320.jpg 1980w\" sizes=\"(max-width: 2048px) 100vw, 2048px\" \/><\/a>\n\t\t\t<\/div>\n\t\t\t\t<figcaption class='wp-caption-text gallery-caption' id='gallery-1-110940'>\n\t\t\t\tPoli\u021bia de Frontier\u0103\n\t\t\t\t<\/figcaption><\/figure><figure class='gallery-item'>\n\t\t\t<div class='gallery-icon landscape'>\n\t\t\t\t<a href='https:\/\/bas-tv.md\/ro\/foto-30-de-automobile-vor-ajunge-in-subdiviziunile-tactice-ale-politiei-de-frontiera\/423131709_785741286923256_4056931875242776511_n\/'><img decoding=\"async\" width=\"2048\" height=\"1365\" src=\"https:\/\/bas-tv.md\/wp-content\/uploads\/2024\/01\/423131709_785741286923256_4056931875242776511_n.jpg\" class=\"attachment-full size-full\" alt=\"\" aria-describedby=\"gallery-1-110942\" srcset=\"https:\/\/bas-tv.md\/wp-content\/uploads\/2024\/01\/423131709_785741286923256_4056931875242776511_n.jpg 2048w, https:\/\/bas-tv.md\/wp-content\/uploads\/2024\/01\/423131709_785741286923256_4056931875242776511_n-300x200.jpg 300w, https:\/\/bas-tv.md\/wp-content\/uploads\/2024\/01\/423131709_785741286923256_4056931875242776511_n-1024x683.jpg 1024w, https:\/\/bas-tv.md\/wp-content\/uploads\/2024\/01\/423131709_785741286923256_4056931875242776511_n-768x512.jpg 768w, https:\/\/bas-tv.md\/wp-content\/uploads\/2024\/01\/423131709_785741286923256_4056931875242776511_n-1536x1024.jpg 1536w, https:\/\/bas-tv.md\/wp-content\/uploads\/2024\/01\/423131709_785741286923256_4056931875242776511_n-1200x800.jpg 1200w, https:\/\/bas-tv.md\/wp-content\/uploads\/2024\/01\/423131709_785741286923256_4056931875242776511_n-1980x1320.jpg 1980w\" sizes=\"(max-width: 2048px) 100vw, 2048px\" \/><\/a>\n\t\t\t<\/div>\n\t\t\t\t<figcaption class='wp-caption-text gallery-caption' id='gallery-1-110942'>\n\t\t\t\tPoli\u021bia de Frontier\u0103\n\t\t\t\t<\/figcaption><\/figure><figure class='gallery-item'>\n\t\t\t<div class='gallery-icon landscape'>\n\t\t\t\t<a href='https:\/\/bas-tv.md\/ro\/foto-30-de-automobile-vor-ajunge-in-subdiviziunile-tactice-ale-politiei-de-frontiera\/423240378_785741463589905_4374442043330544548_n\/'><img decoding=\"async\" width=\"2048\" height=\"1365\" src=\"https:\/\/bas-tv.md\/wp-content\/uploads\/2024\/01\/423240378_785741463589905_4374442043330544548_n.jpg\" class=\"attachment-full size-full\" alt=\"\" aria-describedby=\"gallery-1-110944\" srcset=\"https:\/\/bas-tv.md\/wp-content\/uploads\/2024\/01\/423240378_785741463589905_4374442043330544548_n.jpg 2048w, https:\/\/bas-tv.md\/wp-content\/uploads\/2024\/01\/423240378_785741463589905_4374442043330544548_n-300x200.jpg 300w, https:\/\/bas-tv.md\/wp-content\/uploads\/2024\/01\/423240378_785741463589905_4374442043330544548_n-1024x683.jpg 1024w, https:\/\/bas-tv.md\/wp-content\/uploads\/2024\/01\/423240378_785741463589905_4374442043330544548_n-768x512.jpg 768w, https:\/\/bas-tv.md\/wp-content\/uploads\/2024\/01\/423240378_785741463589905_4374442043330544548_n-1536x1024.jpg 1536w, https:\/\/bas-tv.md\/wp-content\/uploads\/2024\/01\/423240378_785741463589905_4374442043330544548_n-1200x800.jpg 1200w, https:\/\/bas-tv.md\/wp-content\/uploads\/2024\/01\/423240378_785741463589905_4374442043330544548_n-1980x1320.jpg 1980w\" sizes=\"(max-width: 2048px) 100vw, 2048px\" \/><\/a>\n\t\t\t<\/div>\n\t\t\t\t<figcaption class='wp-caption-text gallery-caption' id='gallery-1-110944'>\n\t\t\t\tPoli\u021bia de Frontier\u0103\n\t\t\t\t<\/figcaption><\/figure><figure class='gallery-item'>\n\t\t\t<div class='gallery-icon landscape'>\n\t\t\t\t<a href='https:\/\/bas-tv.md\/ro\/foto-30-de-automobile-vor-ajunge-in-subdiviziunile-tactice-ale-politiei-de-frontiera\/424553518_785741380256580_2651154149002043236_n\/'><img loading=\"lazy\" decoding=\"async\" width=\"2048\" height=\"1365\" src=\"https:\/\/bas-tv.md\/wp-content\/uploads\/2024\/01\/424553518_785741380256580_2651154149002043236_n.jpg\" class=\"attachment-full size-full\" alt=\"(FOTO) 30 de automobile vor ajunge \u00een subdiviziunile tactice ale Poli\u021biei de Frontier\u0103\" aria-describedby=\"gallery-1-110946\" srcset=\"https:\/\/bas-tv.md\/wp-content\/uploads\/2024\/01\/424553518_785741380256580_2651154149002043236_n.jpg 2048w, https:\/\/bas-tv.md\/wp-content\/uploads\/2024\/01\/424553518_785741380256580_2651154149002043236_n-300x200.jpg 300w, https:\/\/bas-tv.md\/wp-content\/uploads\/2024\/01\/424553518_785741380256580_2651154149002043236_n-1024x683.jpg 1024w, https:\/\/bas-tv.md\/wp-content\/uploads\/2024\/01\/424553518_785741380256580_2651154149002043236_n-768x512.jpg 768w, https:\/\/bas-tv.md\/wp-content\/uploads\/2024\/01\/424553518_785741380256580_2651154149002043236_n-1536x1024.jpg 1536w, https:\/\/bas-tv.md\/wp-content\/uploads\/2024\/01\/424553518_785741380256580_2651154149002043236_n-1200x800.jpg 1200w, https:\/\/bas-tv.md\/wp-content\/uploads\/2024\/01\/424553518_785741380256580_2651154149002043236_n-1980x1320.jpg 1980w\" sizes=\"(max-width: 2048px) 100vw, 2048px\" \/><\/a>\n\t\t\t<\/div>\n\t\t\t\t<figcaption class='wp-caption-text gallery-caption' id='gallery-1-110946'>\n\t\t\t\tPoli\u021bia de Frontier\u0103\n\t\t\t\t<\/figcaption><\/figure><figure class='gallery-item'>\n\t\t\t<div class='gallery-icon landscape'>\n\t\t\t\t<a href='https:\/\/bas-tv.md\/ro\/foto-30-de-automobile-vor-ajunge-in-subdiviziunile-tactice-ale-politiei-de-frontiera\/423248958_785741356923249_4918731267205159469_n\/'><img loading=\"lazy\" decoding=\"async\" width=\"2048\" height=\"1365\" src=\"https:\/\/bas-tv.md\/wp-content\/uploads\/2024\/01\/423248958_785741356923249_4918731267205159469_n.jpg\" class=\"attachment-full size-full\" alt=\"\" aria-describedby=\"gallery-1-110948\" srcset=\"https:\/\/bas-tv.md\/wp-content\/uploads\/2024\/01\/423248958_785741356923249_4918731267205159469_n.jpg 2048w, https:\/\/bas-tv.md\/wp-content\/uploads\/2024\/01\/423248958_785741356923249_4918731267205159469_n-300x200.jpg 300w, https:\/\/bas-tv.md\/wp-content\/uploads\/2024\/01\/423248958_785741356923249_4918731267205159469_n-1024x683.jpg 1024w, https:\/\/bas-tv.md\/wp-content\/uploads\/2024\/01\/423248958_785741356923249_4918731267205159469_n-768x512.jpg 768w, https:\/\/bas-tv.md\/wp-content\/uploads\/2024\/01\/423248958_785741356923249_4918731267205159469_n-1536x1024.jpg 1536w, https:\/\/bas-tv.md\/wp-content\/uploads\/2024\/01\/423248958_785741356923249_4918731267205159469_n-1200x800.jpg 1200w, https:\/\/bas-tv.md\/wp-content\/uploads\/2024\/01\/423248958_785741356923249_4918731267205159469_n-1980x1320.jpg 1980w\" sizes=\"(max-width: 2048px) 100vw, 2048px\" \/><\/a>\n\t\t\t<\/div>\n\t\t\t\t<figcaption class='wp-caption-text gallery-caption' id='gallery-1-110948'>\n\t\t\t\tPoli\u021bia de Frontier\u0103\n\t\t\t\t<\/figcaption><\/figure>\n\t\t<\/div>\n\n<p><b>Abona\u021bi-v\u0103 la noi pe re\u021bele sociale:\u00a0<\/b><a href=\"https:\/\/t.me\/bastvmd\"><b><i>Telegram<\/i><\/b><\/a><b>,\u00a0<\/b><a href=\"https:\/\/www.youtube.com\/channel\/UC-9005PnLnhpNM8PVSjP2dQ\/featured\"><b><i>YouTube<\/i><\/b><\/a><b>,\u00a0<\/b><a href=\"https:\/\/www.facebook.com\/bastv.md\"><b><i>Facebook<\/i><\/b><\/a>\u00a0\u0219i\u00a0<a href=\"https:\/\/www.instagram.com\/bastv.md\/\"><b><i>Instagram<\/i><\/b><\/a><b>.\u00a0 Aici public\u0103m \u0219tiri pe scurt!<\/b><\/p>\n","protected":false},"excerpt":{"rendered":"<p>Inspectoratul General al Poli\u021biei de Frontier\u0103 anun\u021b\u0103 c\u0103 30 de automobile de serviciu vor ajunge ast\u0103zi, 30 ianuarie, \u00een subdiviziunile tactice ale inspectoratului general. Potrivit Poli\u021biei de Frontier\u0103, mobilitatea este un factor crucial \u00een interven\u021bii la frontier\u0103, iar aceste autospeciale vor oferi poli\u021bi\u0219tilor de frontier\u0103 acces rapid \u0219i flexibil \u00een diverse medii \u0219i condi\u021bii de [&hellip;]<\/p>\n","protected":false},"author":3,"featured_media":110946,"comment_status":"closed","ping_status":"closed","sticky":false,"template":"","format":"standard","meta":{"footnotes":""},"categories":[219,574],"tags":[],"class_list":["post-110938","post","type-post","status-publish","format-standard","has-post-thumbnail","hentry","category-anunturi","category-util"],"yoast_head":"<!-- This site is optimized with the Yoast SEO plugin v27.5 - https:\/\/yoast.com\/product\/yoast-seo-wordpress\/ -->\n<title>(FOTO) 30 de automobile vor ajunge \u00een subdiviziunile tactice ale Poli\u021biei de Frontier\u0103 - BasTV<\/title>\n<meta name=\"description\" content=\"Inspectoratul General al Poli\u021biei de Frontier\u0103 anun\u021b\u0103 c\u0103 30 de automobile de serviciu vor ajunge ast\u0103zi, 30 ianuarie, \u00een subdiviziunile tactice ale inspectoratului general.\" \/>\n<meta name=\"robots\" content=\"index, follow, max-snippet:-1, max-image-preview:large, max-video-preview:-1\" \/>\n<link rel=\"canonical\" href=\"https:\/\/bas-tv.md\/ro\/foto-30-de-automobile-vor-ajunge-in-subdiviziunile-tactice-ale-politiei-de-frontiera\/\" \/>\n<meta property=\"og:locale\" content=\"ro_RO\" \/>\n<meta property=\"og:type\" content=\"article\" \/>\n<meta property=\"og:title\" content=\"(FOTO) 30 de automobile vor ajunge \u00een subdiviziunile tactice ale Poli\u021biei de Frontier\u0103 - BasTV\" \/>\n<meta property=\"og:description\" content=\"Inspectoratul General al Poli\u021biei de Frontier\u0103 anun\u021b\u0103 c\u0103 30 de automobile de serviciu vor ajunge ast\u0103zi, 30 ianuarie, \u00een subdiviziunile tactice ale inspectoratului general.\" \/>\n<meta property=\"og:url\" content=\"https:\/\/bas-tv.md\/ro\/foto-30-de-automobile-vor-ajunge-in-subdiviziunile-tactice-ale-politiei-de-frontiera\/\" \/>\n<meta property=\"og:site_name\" content=\"BasTV\" \/>\n<meta property=\"article:published_time\" content=\"2024-01-30T14:40:40+00:00\" \/>\n<meta property=\"og:image\" content=\"https:\/\/bas-tv.md\/wp-content\/uploads\/2024\/01\/424553518_785741380256580_2651154149002043236_n.jpg\" \/>\n\t<meta property=\"og:image:width\" content=\"2048\" \/>\n\t<meta property=\"og:image:height\" content=\"1365\" \/>\n\t<meta property=\"og:image:type\" content=\"image\/jpeg\" \/>\n<meta name=\"author\" content=\"Redactor\" \/>\n<meta name=\"twitter:card\" content=\"summary_large_image\" \/>\n<meta name=\"twitter:label1\" content=\"Scris de\" \/>\n\t<meta name=\"twitter:data1\" content=\"Redactor\" \/>\n\t<meta name=\"twitter:label2\" content=\"Timp estimat pentru citire\" \/>\n\t<meta name=\"twitter:data2\" content=\"2 minute\" \/>\n<script type=\"application\/ld+json\" class=\"yoast-schema-graph\">{\"@context\":\"https:\\\/\\\/schema.org\",\"@graph\":[{\"@type\":\"Article\",\"@id\":\"https:\\\/\\\/bas-tv.md\\\/ro\\\/foto-30-de-automobile-vor-ajunge-in-subdiviziunile-tactice-ale-politiei-de-frontiera\\\/#article\",\"isPartOf\":{\"@id\":\"https:\\\/\\\/bas-tv.md\\\/ro\\\/foto-30-de-automobile-vor-ajunge-in-subdiviziunile-tactice-ale-politiei-de-frontiera\\\/\"},\"author\":{\"name\":\"Redactor\",\"@id\":\"https:\\\/\\\/bas-tv.md\\\/ro\\\/#\\\/schema\\\/person\\\/8740f45ea2eca1f1695284fc03529af0\"},\"headline\":\"(FOTO) 30 de automobile vor ajunge \u00een subdiviziunile tactice ale Poli\u021biei de Frontier\u0103\",\"datePublished\":\"2024-01-30T14:40:40+00:00\",\"mainEntityOfPage\":{\"@id\":\"https:\\\/\\\/bas-tv.md\\\/ro\\\/foto-30-de-automobile-vor-ajunge-in-subdiviziunile-tactice-ale-politiei-de-frontiera\\\/\"},\"wordCount\":231,\"publisher\":{\"@id\":\"https:\\\/\\\/bas-tv.md\\\/ro\\\/#organization\"},\"image\":{\"@id\":\"https:\\\/\\\/bas-tv.md\\\/ro\\\/foto-30-de-automobile-vor-ajunge-in-subdiviziunile-tactice-ale-politiei-de-frontiera\\\/#primaryimage\"},\"thumbnailUrl\":\"https:\\\/\\\/bas-tv.md\\\/wp-content\\\/uploads\\\/2024\\\/01\\\/424553518_785741380256580_2651154149002043236_n.jpg\",\"articleSection\":[\"Anun\u021buri\",\"Util\"],\"inLanguage\":\"ro-RO\"},{\"@type\":\"WebPage\",\"@id\":\"https:\\\/\\\/bas-tv.md\\\/ro\\\/foto-30-de-automobile-vor-ajunge-in-subdiviziunile-tactice-ale-politiei-de-frontiera\\\/\",\"url\":\"https:\\\/\\\/bas-tv.md\\\/ro\\\/foto-30-de-automobile-vor-ajunge-in-subdiviziunile-tactice-ale-politiei-de-frontiera\\\/\",\"name\":\"(FOTO) 30 de automobile vor ajunge \u00een subdiviziunile tactice ale Poli\u021biei de Frontier\u0103 - BasTV\",\"isPartOf\":{\"@id\":\"https:\\\/\\\/bas-tv.md\\\/ro\\\/#website\"},\"primaryImageOfPage\":{\"@id\":\"https:\\\/\\\/bas-tv.md\\\/ro\\\/foto-30-de-automobile-vor-ajunge-in-subdiviziunile-tactice-ale-politiei-de-frontiera\\\/#primaryimage\"},\"image\":{\"@id\":\"https:\\\/\\\/bas-tv.md\\\/ro\\\/foto-30-de-automobile-vor-ajunge-in-subdiviziunile-tactice-ale-politiei-de-frontiera\\\/#primaryimage\"},\"thumbnailUrl\":\"https:\\\/\\\/bas-tv.md\\\/wp-content\\\/uploads\\\/2024\\\/01\\\/424553518_785741380256580_2651154149002043236_n.jpg\",\"datePublished\":\"2024-01-30T14:40:40+00:00\",\"description\":\"Inspectoratul General al Poli\u021biei de Frontier\u0103 anun\u021b\u0103 c\u0103 30 de automobile de serviciu vor ajunge ast\u0103zi, 30 ianuarie, \u00een subdiviziunile tactice ale inspectoratului general.\",\"inLanguage\":\"ro-RO\",\"potentialAction\":[{\"@type\":\"ReadAction\",\"target\":[\"https:\\\/\\\/bas-tv.md\\\/ro\\\/foto-30-de-automobile-vor-ajunge-in-subdiviziunile-tactice-ale-politiei-de-frontiera\\\/\"]}]},{\"@type\":\"ImageObject\",\"inLanguage\":\"ro-RO\",\"@id\":\"https:\\\/\\\/bas-tv.md\\\/ro\\\/foto-30-de-automobile-vor-ajunge-in-subdiviziunile-tactice-ale-politiei-de-frontiera\\\/#primaryimage\",\"url\":\"https:\\\/\\\/bas-tv.md\\\/wp-content\\\/uploads\\\/2024\\\/01\\\/424553518_785741380256580_2651154149002043236_n.jpg\",\"contentUrl\":\"https:\\\/\\\/bas-tv.md\\\/wp-content\\\/uploads\\\/2024\\\/01\\\/424553518_785741380256580_2651154149002043236_n.jpg\",\"width\":2048,\"height\":1365,\"caption\":\"Poli\u021bia de Frontier\u0103\"},{\"@type\":\"WebSite\",\"@id\":\"https:\\\/\\\/bas-tv.md\\\/ro\\\/#website\",\"url\":\"https:\\\/\\\/bas-tv.md\\\/ro\\\/\",\"name\":\"BasTV\",\"description\":\"Moldova\",\"publisher\":{\"@id\":\"https:\\\/\\\/bas-tv.md\\\/ro\\\/#organization\"},\"potentialAction\":[{\"@type\":\"SearchAction\",\"target\":{\"@type\":\"EntryPoint\",\"urlTemplate\":\"https:\\\/\\\/bas-tv.md\\\/ro\\\/?s={search_term_string}\"},\"query-input\":{\"@type\":\"PropertyValueSpecification\",\"valueRequired\":true,\"valueName\":\"search_term_string\"}}],\"inLanguage\":\"ro-RO\"},{\"@type\":\"Organization\",\"@id\":\"https:\\\/\\\/bas-tv.md\\\/ro\\\/#organization\",\"name\":\"BasTV\",\"url\":\"https:\\\/\\\/bas-tv.md\\\/ro\\\/\",\"logo\":{\"@type\":\"ImageObject\",\"inLanguage\":\"ro-RO\",\"@id\":\"https:\\\/\\\/bas-tv.md\\\/ro\\\/#\\\/schema\\\/logo\\\/image\\\/\",\"url\":\"https:\\\/\\\/bas-tv.md\\\/wp-content\\\/uploads\\\/2023\\\/05\\\/bas-tv-culoarea-rosie.png\",\"contentUrl\":\"https:\\\/\\\/bas-tv.md\\\/wp-content\\\/uploads\\\/2023\\\/05\\\/bas-tv-culoarea-rosie.png\",\"width\":202,\"height\":50,\"caption\":\"BasTV\"},\"image\":{\"@id\":\"https:\\\/\\\/bas-tv.md\\\/ro\\\/#\\\/schema\\\/logo\\\/image\\\/\"}},{\"@type\":\"Person\",\"@id\":\"https:\\\/\\\/bas-tv.md\\\/ro\\\/#\\\/schema\\\/person\\\/8740f45ea2eca1f1695284fc03529af0\",\"name\":\"Redactor\",\"image\":{\"@type\":\"ImageObject\",\"inLanguage\":\"ro-RO\",\"@id\":\"https:\\\/\\\/bas-tv.md\\\/wp-content\\\/litespeed\\\/avatar\\\/91c0586f3f6f4396a4ec1287c965eeeb.jpg?ver=1776950945\",\"url\":\"https:\\\/\\\/bas-tv.md\\\/wp-content\\\/litespeed\\\/avatar\\\/91c0586f3f6f4396a4ec1287c965eeeb.jpg?ver=1776950945\",\"contentUrl\":\"https:\\\/\\\/bas-tv.md\\\/wp-content\\\/litespeed\\\/avatar\\\/91c0586f3f6f4396a4ec1287c965eeeb.jpg?ver=1776950945\",\"caption\":\"Redactor\"},\"url\":\"https:\\\/\\\/bas-tv.md\\\/ro\\\/author\\\/redactor\\\/\"}]}<\/script>\n<!-- \/ Yoast SEO plugin. -->","yoast_head_json":{"title":"(FOTO) 30 de automobile vor ajunge \u00een subdiviziunile tactice ale Poli\u021biei de Frontier\u0103 - BasTV","description":"Inspectoratul General al Poli\u021biei de Frontier\u0103 anun\u021b\u0103 c\u0103 30 de automobile de serviciu vor ajunge ast\u0103zi, 30 ianuarie, \u00een subdiviziunile tactice ale inspectoratului general.","robots":{"index":"index","follow":"follow","max-snippet":"max-snippet:-1","max-image-preview":"max-image-preview:large","max-video-preview":"max-video-preview:-1"},"canonical":"https:\/\/bas-tv.md\/ro\/foto-30-de-automobile-vor-ajunge-in-subdiviziunile-tactice-ale-politiei-de-frontiera\/","og_locale":"ro_RO","og_type":"article","og_title":"(FOTO) 30 de automobile vor ajunge \u00een subdiviziunile tactice ale Poli\u021biei de Frontier\u0103 - BasTV","og_description":"Inspectoratul General al Poli\u021biei de Frontier\u0103 anun\u021b\u0103 c\u0103 30 de automobile de serviciu vor ajunge ast\u0103zi, 30 ianuarie, \u00een subdiviziunile tactice ale inspectoratului general.","og_url":"https:\/\/bas-tv.md\/ro\/foto-30-de-automobile-vor-ajunge-in-subdiviziunile-tactice-ale-politiei-de-frontiera\/","og_site_name":"BasTV","article_published_time":"2024-01-30T14:40:40+00:00","og_image":[{"width":2048,"height":1365,"url":"https:\/\/bas-tv.md\/wp-content\/uploads\/2024\/01\/424553518_785741380256580_2651154149002043236_n.jpg","type":"image\/jpeg"}],"author":"Redactor","twitter_card":"summary_large_image","twitter_misc":{"Scris de":"Redactor","Timp estimat pentru citire":"2 minute"},"schema":{"@context":"https:\/\/schema.org","@graph":[{"@type":"Article","@id":"https:\/\/bas-tv.md\/ro\/foto-30-de-automobile-vor-ajunge-in-subdiviziunile-tactice-ale-politiei-de-frontiera\/#article","isPartOf":{"@id":"https:\/\/bas-tv.md\/ro\/foto-30-de-automobile-vor-ajunge-in-subdiviziunile-tactice-ale-politiei-de-frontiera\/"},"author":{"name":"Redactor","@id":"https:\/\/bas-tv.md\/ro\/#\/schema\/person\/8740f45ea2eca1f1695284fc03529af0"},"headline":"(FOTO) 30 de automobile vor ajunge \u00een subdiviziunile tactice ale Poli\u021biei de Frontier\u0103","datePublished":"2024-01-30T14:40:40+00:00","mainEntityOfPage":{"@id":"https:\/\/bas-tv.md\/ro\/foto-30-de-automobile-vor-ajunge-in-subdiviziunile-tactice-ale-politiei-de-frontiera\/"},"wordCount":231,"publisher":{"@id":"https:\/\/bas-tv.md\/ro\/#organization"},"image":{"@id":"https:\/\/bas-tv.md\/ro\/foto-30-de-automobile-vor-ajunge-in-subdiviziunile-tactice-ale-politiei-de-frontiera\/#primaryimage"},"thumbnailUrl":"https:\/\/bas-tv.md\/wp-content\/uploads\/2024\/01\/424553518_785741380256580_2651154149002043236_n.jpg","articleSection":["Anun\u021buri","Util"],"inLanguage":"ro-RO"},{"@type":"WebPage","@id":"https:\/\/bas-tv.md\/ro\/foto-30-de-automobile-vor-ajunge-in-subdiviziunile-tactice-ale-politiei-de-frontiera\/","url":"https:\/\/bas-tv.md\/ro\/foto-30-de-automobile-vor-ajunge-in-subdiviziunile-tactice-ale-politiei-de-frontiera\/","name":"(FOTO) 30 de automobile vor ajunge \u00een subdiviziunile tactice ale Poli\u021biei de Frontier\u0103 - BasTV","isPartOf":{"@id":"https:\/\/bas-tv.md\/ro\/#website"},"primaryImageOfPage":{"@id":"https:\/\/bas-tv.md\/ro\/foto-30-de-automobile-vor-ajunge-in-subdiviziunile-tactice-ale-politiei-de-frontiera\/#primaryimage"},"image":{"@id":"https:\/\/bas-tv.md\/ro\/foto-30-de-automobile-vor-ajunge-in-subdiviziunile-tactice-ale-politiei-de-frontiera\/#primaryimage"},"thumbnailUrl":"https:\/\/bas-tv.md\/wp-content\/uploads\/2024\/01\/424553518_785741380256580_2651154149002043236_n.jpg","datePublished":"2024-01-30T14:40:40+00:00","description":"Inspectoratul General al Poli\u021biei de Frontier\u0103 anun\u021b\u0103 c\u0103 30 de automobile de serviciu vor ajunge ast\u0103zi, 30 ianuarie, \u00een subdiviziunile tactice ale inspectoratului general.","inLanguage":"ro-RO","potentialAction":[{"@type":"ReadAction","target":["https:\/\/bas-tv.md\/ro\/foto-30-de-automobile-vor-ajunge-in-subdiviziunile-tactice-ale-politiei-de-frontiera\/"]}]},{"@type":"ImageObject","inLanguage":"ro-RO","@id":"https:\/\/bas-tv.md\/ro\/foto-30-de-automobile-vor-ajunge-in-subdiviziunile-tactice-ale-politiei-de-frontiera\/#primaryimage","url":"https:\/\/bas-tv.md\/wp-content\/uploads\/2024\/01\/424553518_785741380256580_2651154149002043236_n.jpg","contentUrl":"https:\/\/bas-tv.md\/wp-content\/uploads\/2024\/01\/424553518_785741380256580_2651154149002043236_n.jpg","width":2048,"height":1365,"caption":"Poli\u021bia de Frontier\u0103"},{"@type":"WebSite","@id":"https:\/\/bas-tv.md\/ro\/#website","url":"https:\/\/bas-tv.md\/ro\/","name":"BasTV","description":"Moldova","publisher":{"@id":"https:\/\/bas-tv.md\/ro\/#organization"},"potentialAction":[{"@type":"SearchAction","target":{"@type":"EntryPoint","urlTemplate":"https:\/\/bas-tv.md\/ro\/?s={search_term_string}"},"query-input":{"@type":"PropertyValueSpecification","valueRequired":true,"valueName":"search_term_string"}}],"inLanguage":"ro-RO"},{"@type":"Organization","@id":"https:\/\/bas-tv.md\/ro\/#organization","name":"BasTV","url":"https:\/\/bas-tv.md\/ro\/","logo":{"@type":"ImageObject","inLanguage":"ro-RO","@id":"https:\/\/bas-tv.md\/ro\/#\/schema\/logo\/image\/","url":"https:\/\/bas-tv.md\/wp-content\/uploads\/2023\/05\/bas-tv-culoarea-rosie.png","contentUrl":"https:\/\/bas-tv.md\/wp-content\/uploads\/2023\/05\/bas-tv-culoarea-rosie.png","width":202,"height":50,"caption":"BasTV"},"image":{"@id":"https:\/\/bas-tv.md\/ro\/#\/schema\/logo\/image\/"}},{"@type":"Person","@id":"https:\/\/bas-tv.md\/ro\/#\/schema\/person\/8740f45ea2eca1f1695284fc03529af0","name":"Redactor","image":{"@type":"ImageObject","inLanguage":"ro-RO","@id":"https:\/\/bas-tv.md\/wp-content\/litespeed\/avatar\/91c0586f3f6f4396a4ec1287c965eeeb.jpg?ver=1776950945","url":"https:\/\/bas-tv.md\/wp-content\/litespeed\/avatar\/91c0586f3f6f4396a4ec1287c965eeeb.jpg?ver=1776950945","contentUrl":"https:\/\/bas-tv.md\/wp-content\/litespeed\/avatar\/91c0586f3f6f4396a4ec1287c965eeeb.jpg?ver=1776950945","caption":"Redactor"},"url":"https:\/\/bas-tv.md\/ro\/author\/redactor\/"}]}},"views":261,"_links":{"self":[{"href":"https:\/\/bas-tv.md\/ro\/wp-json\/wp\/v2\/posts\/110938","targetHints":{"allow":["GET"]}}],"collection":[{"href":"https:\/\/bas-tv.md\/ro\/wp-json\/wp\/v2\/posts"}],"about":[{"href":"https:\/\/bas-tv.md\/ro\/wp-json\/wp\/v2\/types\/post"}],"author":[{"embeddable":true,"href":"https:\/\/bas-tv.md\/ro\/wp-json\/wp\/v2\/users\/3"}],"replies":[{"embeddable":true,"href":"https:\/\/bas-tv.md\/ro\/wp-json\/wp\/v2\/comments?post=110938"}],"version-history":[{"count":3,"href":"https:\/\/bas-tv.md\/ro\/wp-json\/wp\/v2\/posts\/110938\/revisions"}],"predecessor-version":[{"id":110951,"href":"https:\/\/bas-tv.md\/ro\/wp-json\/wp\/v2\/posts\/110938\/revisions\/110951"}],"wp:featuredmedia":[{"embeddable":true,"href":"https:\/\/bas-tv.md\/ro\/wp-json\/wp\/v2\/media\/110946"}],"wp:attachment":[{"href":"https:\/\/bas-tv.md\/ro\/wp-json\/wp\/v2\/media?parent=110938"}],"wp:term":[{"taxonomy":"category","embeddable":true,"href":"https:\/\/bas-tv.md\/ro\/wp-json\/wp\/v2\/categories?post=110938"},{"taxonomy":"post_tag","embeddable":true,"href":"https:\/\/bas-tv.md\/ro\/wp-json\/wp\/v2\/tags?post=110938"}],"curies":[{"name":"wp","href":"https:\/\/api.w.org\/{rel}","templated":true}]}}