{"id":111056,"date":"2024-02-01T13:17:35","date_gmt":"2024-02-01T11:17:35","guid":{"rendered":"https:\/\/bas-tv.md\/?p=111056"},"modified":"2024-02-01T13:17:35","modified_gmt":"2024-02-01T11:17:35","slug":"video-foto-accident-in-lant-la-cimislia-9-masini-au-fost-implicate-ce-spune-politia","status":"publish","type":"post","link":"https:\/\/bas-tv.md\/ro\/video-foto-accident-in-lant-la-cimislia-9-masini-au-fost-implicate-ce-spune-politia\/","title":{"rendered":"(VIDEO\/FOTO) Accident \u00een lan\u021b la Cimi\u0219lia: 9 ma\u0219ini au fost implicate. Ce spune poli\u021bia"},"content":{"rendered":"<p><strong>Un accident rutier cu implicarea a nou\u0103 ma\u0219ini a avut loc \u00een diminea\u021ba zilei de joi, \u00een raionul Cimi\u0219lia. O persoan\u0103 a fost transportat\u0103 de urgen\u021b\u0103 la spital.<\/strong><\/p>\n<p>Potrivit poli\u021biei, totul s-a \u00eent\u00e2mplat \u00een apropierea satului Sagaidacul Nou. Preliminar, oamenii legii au stabilit c\u0103 din cauza ce\u021bei dense \u0219i a poleiului de pe carosabil, dar \u0219i din cauza c\u0103 o por\u021biune de drum se afl\u0103 \u00een repara\u021bie, un t\u00e2n\u0103r de 19 ani afl\u00e2ndu-se la volanul unui automobil a pierdut controlul volanului \u0219i s-a tamponat \u00eentr-un parapet, ulterior a derapat de pe drum.<\/p>\n<p>\u00cen automobil se aflau 4 persoane, un pasager ce se afla pe bancheta din spate a avut nevoie de \u00eengrijiri medicale \u0219i a fost transportat de urgen\u021b\u0103 la spital.<\/p>\n<p>La scurt timp, opt automobile nu au \u021binut cont de condi\u021biile meteorologice \u0219i s-au tamponat \u00een lan\u021b. Ma\u0219inile implicate au fost avariate, dar nicio persoan\u0103 nu a avut de suferit.<\/p>\n<p>Poli\u021bia urmeaz\u0103 s\u0103 stabileasc\u0103 toate circumstan\u021bele.<\/p>\n<p>&nbsp;<\/p>\n<div id='gallery-1' class='gallery galleryid-111056 gallery-columns-2 gallery-size-full'><figure class='gallery-item'>\n\t\t\t<div class='gallery-icon portrait'>\n\t\t\t\t<a href='https:\/\/bas-tv.md\/ro\/video-foto-accident-in-lant-la-cimislia-9-masini-au-fost-implicate-ce-spune-politia\/4208215319093052807052848638196297040777299n-1706778501isg757l\/'><img fetchpriority=\"high\" decoding=\"async\" width=\"750\" height=\"1000\" src=\"https:\/\/bas-tv.md\/wp-content\/uploads\/2024\/02\/4208215319093052807052848638196297040777299n-1706778501isg757l.jpeg\" class=\"attachment-full size-full\" alt=\"\" aria-describedby=\"gallery-1-111072\" srcset=\"https:\/\/bas-tv.md\/wp-content\/uploads\/2024\/02\/4208215319093052807052848638196297040777299n-1706778501isg757l.jpeg 750w, https:\/\/bas-tv.md\/wp-content\/uploads\/2024\/02\/4208215319093052807052848638196297040777299n-1706778501isg757l-225x300.jpeg 225w\" sizes=\"(max-width: 750px) 100vw, 750px\" \/><\/a>\n\t\t\t<\/div>\n\t\t\t\t<figcaption class='wp-caption-text gallery-caption' id='gallery-1-111072'>\n\t\t\t\tPRO TV\n\t\t\t\t<\/figcaption><\/figure><figure class='gallery-item'>\n\t\t\t<div class='gallery-icon portrait'>\n\t\t\t\t<a href='https:\/\/bas-tv.md\/ro\/video-foto-accident-in-lant-la-cimislia-9-masini-au-fost-implicate-ce-spune-politia\/42096975870673370633845651822357187623205996n-1706778501jn1j7wq\/'><img decoding=\"async\" width=\"750\" height=\"1000\" data-src=\"https:\/\/bas-tv.md\/wp-content\/uploads\/2024\/02\/42096975870673370633845651822357187623205996n-1706778501jn1j7wq.jpeg\" class=\"attachment-full size-full lazyload\" alt=\"\" aria-describedby=\"gallery-1-111074\" data-srcset=\"https:\/\/bas-tv.md\/wp-content\/uploads\/2024\/02\/42096975870673370633845651822357187623205996n-1706778501jn1j7wq.jpeg 750w, https:\/\/bas-tv.md\/wp-content\/uploads\/2024\/02\/42096975870673370633845651822357187623205996n-1706778501jn1j7wq-225x300.jpeg 225w\" data-sizes=\"(max-width: 750px) 100vw, 750px\" src=\"data:image\/svg+xml;base64,PHN2ZyB3aWR0aD0iMSIgaGVpZ2h0PSIxIiB4bWxucz0iaHR0cDovL3d3dy53My5vcmcvMjAwMC9zdmciPjwvc3ZnPg==\" style=\"--smush-placeholder-width: 750px; --smush-placeholder-aspect-ratio: 750\/1000;\" \/><\/a>\n\t\t\t<\/div>\n\t\t\t\t<figcaption class='wp-caption-text gallery-caption' id='gallery-1-111074'>\n\t\t\t\tPRO TV\n\t\t\t\t<\/figcaption><\/figure><figure class='gallery-item'>\n\t\t\t<div class='gallery-icon portrait'>\n\t\t\t\t<a href='https:\/\/bas-tv.md\/ro\/video-foto-accident-in-lant-la-cimislia-9-masini-au-fost-implicate-ce-spune-politia\/4212109504297652262847111814672293483903330n-1706778501608xevp\/'><img decoding=\"async\" width=\"750\" height=\"1000\" data-src=\"https:\/\/bas-tv.md\/wp-content\/uploads\/2024\/02\/4212109504297652262847111814672293483903330n-1706778501608xevp.jpeg\" class=\"attachment-full size-full lazyload\" alt=\"\" aria-describedby=\"gallery-1-111078\" data-srcset=\"https:\/\/bas-tv.md\/wp-content\/uploads\/2024\/02\/4212109504297652262847111814672293483903330n-1706778501608xevp.jpeg 750w, https:\/\/bas-tv.md\/wp-content\/uploads\/2024\/02\/4212109504297652262847111814672293483903330n-1706778501608xevp-225x300.jpeg 225w\" data-sizes=\"(max-width: 750px) 100vw, 750px\" src=\"data:image\/svg+xml;base64,PHN2ZyB3aWR0aD0iMSIgaGVpZ2h0PSIxIiB4bWxucz0iaHR0cDovL3d3dy53My5vcmcvMjAwMC9zdmciPjwvc3ZnPg==\" style=\"--smush-placeholder-width: 750px; --smush-placeholder-aspect-ratio: 750\/1000;\" \/><\/a>\n\t\t\t<\/div>\n\t\t\t\t<figcaption class='wp-caption-text gallery-caption' id='gallery-1-111078'>\n\t\t\t\tPRO TV\n\t\t\t\t<\/figcaption><\/figure><figure class='gallery-item'>\n\t\t\t<div class='gallery-icon landscape'>\n\t\t\t\t<a href='https:\/\/bas-tv.md\/ro\/video-foto-accident-in-lant-la-cimislia-9-masini-au-fost-implicate-ce-spune-politia\/4204500163454240949760742913739868842932934n-1706778501v62tdc2\/'><img decoding=\"async\" width=\"750\" height=\"562\" data-src=\"https:\/\/bas-tv.md\/wp-content\/uploads\/2024\/02\/4204500163454240949760742913739868842932934n-1706778501v62tdc2.jpeg\" class=\"attachment-full size-full lazyload\" alt=\"\" aria-describedby=\"gallery-1-111070\" data-srcset=\"https:\/\/bas-tv.md\/wp-content\/uploads\/2024\/02\/4204500163454240949760742913739868842932934n-1706778501v62tdc2.jpeg 750w, https:\/\/bas-tv.md\/wp-content\/uploads\/2024\/02\/4204500163454240949760742913739868842932934n-1706778501v62tdc2-300x225.jpeg 300w\" data-sizes=\"(max-width: 750px) 100vw, 750px\" src=\"data:image\/svg+xml;base64,PHN2ZyB3aWR0aD0iMSIgaGVpZ2h0PSIxIiB4bWxucz0iaHR0cDovL3d3dy53My5vcmcvMjAwMC9zdmciPjwvc3ZnPg==\" style=\"--smush-placeholder-width: 750px; --smush-placeholder-aspect-ratio: 750\/562;\" \/><\/a>\n\t\t\t<\/div>\n\t\t\t\t<figcaption class='wp-caption-text gallery-caption' id='gallery-1-111070'>\n\t\t\t\tPRO TV\n\t\t\t\t<\/figcaption><\/figure>\n\t\t<\/div>\n\n<div style=\"width: 580px;\" class=\"wp-video\"><video class=\"wp-video-shortcode\" id=\"video-111056-1\" width=\"580\" height=\"326\" preload=\"metadata\" controls=\"controls\"><source type=\"video\/mp4\" src=\"https:\/\/assets.protv.md\/articles\/files\/video\/2024\/02\/01\/1706772439-IMG_0568.mp4?_=1\" \/><a href=\"https:\/\/assets.protv.md\/articles\/files\/video\/2024\/02\/01\/1706772439-IMG_0568.mp4\">https:\/\/assets.protv.md\/articles\/files\/video\/2024\/02\/01\/1706772439-IMG_0568.mp4<\/a><\/video><\/div>\n<p><iframe style=\"border: none; overflow: hidden;\" data-src=\"https:\/\/www.facebook.com\/plugins\/video.php?href=https%3A%2F%2Fwww.facebook.com%2Flambush.dima%2Fvideos%2F292936647127909%2F%3Fidorvanity%3D422930886560116%26ref%3Dembed_video&amp;show_text=0&amp;width=560\" width=\"560\" height=\"315\" frameborder=\"0\" scrolling=\"no\" allowfullscreen=\"allowfullscreen\" src=\"data:image\/svg+xml;base64,PHN2ZyB3aWR0aD0iMSIgaGVpZ2h0PSIxIiB4bWxucz0iaHR0cDovL3d3dy53My5vcmcvMjAwMC9zdmciPjwvc3ZnPg==\" class=\"lazyload\" data-load-mode=\"1\"><\/iframe><\/p>\n<p><iframe style=\"border: none; overflow: hidden;\" data-src=\"https:\/\/www.facebook.com\/plugins\/video.php?height=314&amp;href=https%3A%2F%2Fwww.facebook.com%2Fparanteze.md%2Fvideos%2F1778406689248635%2F&amp;show_text=false&amp;width=560&amp;t=0\" width=\"560\" height=\"314\" frameborder=\"0\" scrolling=\"no\" allowfullscreen=\"allowfullscreen\" src=\"data:image\/svg+xml;base64,PHN2ZyB3aWR0aD0iMSIgaGVpZ2h0PSIxIiB4bWxucz0iaHR0cDovL3d3dy53My5vcmcvMjAwMC9zdmciPjwvc3ZnPg==\" class=\"lazyload\" data-load-mode=\"1\"><\/iframe><\/p>\n<p><b>Abona\u021bi-v\u0103 la noi pe re\u021bele sociale:\u00a0<\/b><a href=\"https:\/\/t.me\/bastvmd\"><b><i>Telegram<\/i><\/b><\/a><b>,\u00a0<\/b><a href=\"https:\/\/www.youtube.com\/channel\/UC-9005PnLnhpNM8PVSjP2dQ\/featured\"><b><i>YouTube<\/i><\/b><\/a><b>,\u00a0<\/b><a href=\"https:\/\/www.facebook.com\/bastv.md\"><b><i>Facebook<\/i><\/b><\/a>\u00a0\u0219i\u00a0<a href=\"https:\/\/www.instagram.com\/bastv.md\/\"><b><i>Instagram<\/i><\/b><\/a><b>.\u00a0 Aici public\u0103m \u0219tiri pe scurt!<\/b><\/p>\n","protected":false},"excerpt":{"rendered":"<p>Un accident rutier cu implicarea a nou\u0103 ma\u0219ini a avut loc \u00een diminea\u021ba zilei de joi, \u00een raionul Cimi\u0219lia. O persoan\u0103 a fost transportat\u0103 de urgen\u021b\u0103 la spital. Potrivit poli\u021biei, totul s-a \u00eent\u00e2mplat \u00een apropierea satului Sagaidacul Nou. Preliminar, oamenii legii au stabilit c\u0103 din cauza ce\u021bei dense \u0219i a poleiului de pe carosabil, dar [&hellip;]<\/p>\n","protected":false},"author":3,"featured_media":111081,"comment_status":"closed","ping_status":"closed","sticky":false,"template":"","format":"standard","meta":{"footnotes":""},"categories":[602,570],"tags":[],"class_list":["post-111056","post","type-post","status-publish","format-standard","has-post-thumbnail","hentry","category-actualitate","category-in-moldova"],"yoast_head":"<!-- This site is optimized with the Yoast SEO plugin v27.5 - https:\/\/yoast.com\/product\/yoast-seo-wordpress\/ -->\n<title>(VIDEO\/FOTO) Accident \u00een lan\u021b la Cimi\u0219lia: 9 ma\u0219ini au fost implicate. Ce spune poli\u021bia - BasTV<\/title>\n<meta name=\"description\" content=\"Un accident rutier cu implicarea a nou\u0103 ma\u0219ini a avut loc \u00een diminea\u021ba zilei de joi, \u00een raionul Cimi\u0219lia. O persoan\u0103 a fost transportat\u0103 de urgen\u021b\u0103 la spital.\" \/>\n<meta name=\"robots\" content=\"index, follow, max-snippet:-1, max-image-preview:large, max-video-preview:-1\" \/>\n<link rel=\"canonical\" href=\"https:\/\/bas-tv.md\/ro\/video-foto-accident-in-lant-la-cimislia-9-masini-au-fost-implicate-ce-spune-politia\/\" \/>\n<meta property=\"og:locale\" content=\"ro_RO\" \/>\n<meta property=\"og:type\" content=\"article\" \/>\n<meta property=\"og:title\" content=\"(VIDEO\/FOTO) Accident \u00een lan\u021b la Cimi\u0219lia: 9 ma\u0219ini au fost implicate. Ce spune poli\u021bia - BasTV\" \/>\n<meta property=\"og:description\" content=\"Un accident rutier cu implicarea a nou\u0103 ma\u0219ini a avut loc \u00een diminea\u021ba zilei de joi, \u00een raionul Cimi\u0219lia. O persoan\u0103 a fost transportat\u0103 de urgen\u021b\u0103 la spital.\" \/>\n<meta property=\"og:url\" content=\"https:\/\/bas-tv.md\/ro\/video-foto-accident-in-lant-la-cimislia-9-masini-au-fost-implicate-ce-spune-politia\/\" \/>\n<meta property=\"og:site_name\" content=\"BasTV\" \/>\n<meta property=\"article:published_time\" content=\"2024-02-01T11:17:35+00:00\" \/>\n<meta property=\"og:image\" content=\"https:\/\/bas-tv.md\/wp-content\/uploads\/2024\/02\/masini-avariate-900x505-1.jpg\" \/>\n\t<meta property=\"og:image:width\" content=\"900\" \/>\n\t<meta property=\"og:image:height\" content=\"505\" \/>\n\t<meta property=\"og:image:type\" content=\"image\/jpeg\" \/>\n<meta name=\"author\" content=\"Redactor\" \/>\n<meta name=\"twitter:card\" content=\"summary_large_image\" \/>\n<meta name=\"twitter:label1\" content=\"Scris de\" \/>\n\t<meta name=\"twitter:data1\" content=\"Redactor\" \/>\n\t<meta name=\"twitter:label2\" content=\"Timp estimat pentru citire\" \/>\n\t<meta name=\"twitter:data2\" content=\"2 minute\" \/>\n<script type=\"application\/ld+json\" class=\"yoast-schema-graph\">{\"@context\":\"https:\\\/\\\/schema.org\",\"@graph\":[{\"@type\":\"Article\",\"@id\":\"https:\\\/\\\/bas-tv.md\\\/ro\\\/video-foto-accident-in-lant-la-cimislia-9-masini-au-fost-implicate-ce-spune-politia\\\/#article\",\"isPartOf\":{\"@id\":\"https:\\\/\\\/bas-tv.md\\\/ro\\\/video-foto-accident-in-lant-la-cimislia-9-masini-au-fost-implicate-ce-spune-politia\\\/\"},\"author\":{\"name\":\"Redactor\",\"@id\":\"https:\\\/\\\/bas-tv.md\\\/ro\\\/#\\\/schema\\\/person\\\/8740f45ea2eca1f1695284fc03529af0\"},\"headline\":\"(VIDEO\\\/FOTO) Accident \u00een lan\u021b la Cimi\u0219lia: 9 ma\u0219ini au fost implicate. Ce spune poli\u021bia\",\"datePublished\":\"2024-02-01T11:17:35+00:00\",\"mainEntityOfPage\":{\"@id\":\"https:\\\/\\\/bas-tv.md\\\/ro\\\/video-foto-accident-in-lant-la-cimislia-9-masini-au-fost-implicate-ce-spune-politia\\\/\"},\"wordCount\":221,\"publisher\":{\"@id\":\"https:\\\/\\\/bas-tv.md\\\/ro\\\/#organization\"},\"image\":{\"@id\":\"https:\\\/\\\/bas-tv.md\\\/ro\\\/video-foto-accident-in-lant-la-cimislia-9-masini-au-fost-implicate-ce-spune-politia\\\/#primaryimage\"},\"thumbnailUrl\":\"https:\\\/\\\/bas-tv.md\\\/wp-content\\\/uploads\\\/2024\\\/02\\\/masini-avariate-900x505-1.jpg\",\"articleSection\":[\"Actualitate\",\"\u00cen Moldova\"],\"inLanguage\":\"ro-RO\"},{\"@type\":\"WebPage\",\"@id\":\"https:\\\/\\\/bas-tv.md\\\/ro\\\/video-foto-accident-in-lant-la-cimislia-9-masini-au-fost-implicate-ce-spune-politia\\\/\",\"url\":\"https:\\\/\\\/bas-tv.md\\\/ro\\\/video-foto-accident-in-lant-la-cimislia-9-masini-au-fost-implicate-ce-spune-politia\\\/\",\"name\":\"(VIDEO\\\/FOTO) Accident \u00een lan\u021b la Cimi\u0219lia: 9 ma\u0219ini au fost implicate. Ce spune poli\u021bia - BasTV\",\"isPartOf\":{\"@id\":\"https:\\\/\\\/bas-tv.md\\\/ro\\\/#website\"},\"primaryImageOfPage\":{\"@id\":\"https:\\\/\\\/bas-tv.md\\\/ro\\\/video-foto-accident-in-lant-la-cimislia-9-masini-au-fost-implicate-ce-spune-politia\\\/#primaryimage\"},\"image\":{\"@id\":\"https:\\\/\\\/bas-tv.md\\\/ro\\\/video-foto-accident-in-lant-la-cimislia-9-masini-au-fost-implicate-ce-spune-politia\\\/#primaryimage\"},\"thumbnailUrl\":\"https:\\\/\\\/bas-tv.md\\\/wp-content\\\/uploads\\\/2024\\\/02\\\/masini-avariate-900x505-1.jpg\",\"datePublished\":\"2024-02-01T11:17:35+00:00\",\"description\":\"Un accident rutier cu implicarea a nou\u0103 ma\u0219ini a avut loc \u00een diminea\u021ba zilei de joi, \u00een raionul Cimi\u0219lia. O persoan\u0103 a fost transportat\u0103 de urgen\u021b\u0103 la spital.\",\"inLanguage\":\"ro-RO\",\"potentialAction\":[{\"@type\":\"ReadAction\",\"target\":[\"https:\\\/\\\/bas-tv.md\\\/ro\\\/video-foto-accident-in-lant-la-cimislia-9-masini-au-fost-implicate-ce-spune-politia\\\/\"]}]},{\"@type\":\"ImageObject\",\"inLanguage\":\"ro-RO\",\"@id\":\"https:\\\/\\\/bas-tv.md\\\/ro\\\/video-foto-accident-in-lant-la-cimislia-9-masini-au-fost-implicate-ce-spune-politia\\\/#primaryimage\",\"url\":\"https:\\\/\\\/bas-tv.md\\\/wp-content\\\/uploads\\\/2024\\\/02\\\/masini-avariate-900x505-1.jpg\",\"contentUrl\":\"https:\\\/\\\/bas-tv.md\\\/wp-content\\\/uploads\\\/2024\\\/02\\\/masini-avariate-900x505-1.jpg\",\"width\":900,\"height\":505,\"caption\":\"realitatea.md\"},{\"@type\":\"WebSite\",\"@id\":\"https:\\\/\\\/bas-tv.md\\\/ro\\\/#website\",\"url\":\"https:\\\/\\\/bas-tv.md\\\/ro\\\/\",\"name\":\"BasTV\",\"description\":\"Moldova\",\"publisher\":{\"@id\":\"https:\\\/\\\/bas-tv.md\\\/ro\\\/#organization\"},\"potentialAction\":[{\"@type\":\"SearchAction\",\"target\":{\"@type\":\"EntryPoint\",\"urlTemplate\":\"https:\\\/\\\/bas-tv.md\\\/ro\\\/?s={search_term_string}\"},\"query-input\":{\"@type\":\"PropertyValueSpecification\",\"valueRequired\":true,\"valueName\":\"search_term_string\"}}],\"inLanguage\":\"ro-RO\"},{\"@type\":\"Organization\",\"@id\":\"https:\\\/\\\/bas-tv.md\\\/ro\\\/#organization\",\"name\":\"BasTV\",\"url\":\"https:\\\/\\\/bas-tv.md\\\/ro\\\/\",\"logo\":{\"@type\":\"ImageObject\",\"inLanguage\":\"ro-RO\",\"@id\":\"https:\\\/\\\/bas-tv.md\\\/ro\\\/#\\\/schema\\\/logo\\\/image\\\/\",\"url\":\"https:\\\/\\\/bas-tv.md\\\/wp-content\\\/uploads\\\/2023\\\/05\\\/bas-tv-culoarea-rosie.png\",\"contentUrl\":\"https:\\\/\\\/bas-tv.md\\\/wp-content\\\/uploads\\\/2023\\\/05\\\/bas-tv-culoarea-rosie.png\",\"width\":202,\"height\":50,\"caption\":\"BasTV\"},\"image\":{\"@id\":\"https:\\\/\\\/bas-tv.md\\\/ro\\\/#\\\/schema\\\/logo\\\/image\\\/\"}},{\"@type\":\"Person\",\"@id\":\"https:\\\/\\\/bas-tv.md\\\/ro\\\/#\\\/schema\\\/person\\\/8740f45ea2eca1f1695284fc03529af0\",\"name\":\"Redactor\",\"image\":{\"@type\":\"ImageObject\",\"inLanguage\":\"ro-RO\",\"@id\":\"https:\\\/\\\/secure.gravatar.com\\\/avatar\\\/45b6af9fc91c10b15a8b40e67c1f57bab2e9614fc9f0af95cf453d61934e9aad?s=96&d=mm&r=g\",\"url\":\"https:\\\/\\\/secure.gravatar.com\\\/avatar\\\/45b6af9fc91c10b15a8b40e67c1f57bab2e9614fc9f0af95cf453d61934e9aad?s=96&d=mm&r=g\",\"contentUrl\":\"https:\\\/\\\/secure.gravatar.com\\\/avatar\\\/45b6af9fc91c10b15a8b40e67c1f57bab2e9614fc9f0af95cf453d61934e9aad?s=96&d=mm&r=g\",\"caption\":\"Redactor\"},\"url\":\"https:\\\/\\\/bas-tv.md\\\/ro\\\/author\\\/redactor\\\/\"}]}<\/script>\n<!-- \/ Yoast SEO plugin. -->","yoast_head_json":{"title":"(VIDEO\/FOTO) Accident \u00een lan\u021b la Cimi\u0219lia: 9 ma\u0219ini au fost implicate. Ce spune poli\u021bia - BasTV","description":"Un accident rutier cu implicarea a nou\u0103 ma\u0219ini a avut loc \u00een diminea\u021ba zilei de joi, \u00een raionul Cimi\u0219lia. O persoan\u0103 a fost transportat\u0103 de urgen\u021b\u0103 la spital.","robots":{"index":"index","follow":"follow","max-snippet":"max-snippet:-1","max-image-preview":"max-image-preview:large","max-video-preview":"max-video-preview:-1"},"canonical":"https:\/\/bas-tv.md\/ro\/video-foto-accident-in-lant-la-cimislia-9-masini-au-fost-implicate-ce-spune-politia\/","og_locale":"ro_RO","og_type":"article","og_title":"(VIDEO\/FOTO) Accident \u00een lan\u021b la Cimi\u0219lia: 9 ma\u0219ini au fost implicate. Ce spune poli\u021bia - BasTV","og_description":"Un accident rutier cu implicarea a nou\u0103 ma\u0219ini a avut loc \u00een diminea\u021ba zilei de joi, \u00een raionul Cimi\u0219lia. O persoan\u0103 a fost transportat\u0103 de urgen\u021b\u0103 la spital.","og_url":"https:\/\/bas-tv.md\/ro\/video-foto-accident-in-lant-la-cimislia-9-masini-au-fost-implicate-ce-spune-politia\/","og_site_name":"BasTV","article_published_time":"2024-02-01T11:17:35+00:00","og_image":[{"width":900,"height":505,"url":"https:\/\/bas-tv.md\/wp-content\/uploads\/2024\/02\/masini-avariate-900x505-1.jpg","type":"image\/jpeg"}],"author":"Redactor","twitter_card":"summary_large_image","twitter_misc":{"Scris de":"Redactor","Timp estimat pentru citire":"2 minute"},"schema":{"@context":"https:\/\/schema.org","@graph":[{"@type":"Article","@id":"https:\/\/bas-tv.md\/ro\/video-foto-accident-in-lant-la-cimislia-9-masini-au-fost-implicate-ce-spune-politia\/#article","isPartOf":{"@id":"https:\/\/bas-tv.md\/ro\/video-foto-accident-in-lant-la-cimislia-9-masini-au-fost-implicate-ce-spune-politia\/"},"author":{"name":"Redactor","@id":"https:\/\/bas-tv.md\/ro\/#\/schema\/person\/8740f45ea2eca1f1695284fc03529af0"},"headline":"(VIDEO\/FOTO) Accident \u00een lan\u021b la Cimi\u0219lia: 9 ma\u0219ini au fost implicate. Ce spune poli\u021bia","datePublished":"2024-02-01T11:17:35+00:00","mainEntityOfPage":{"@id":"https:\/\/bas-tv.md\/ro\/video-foto-accident-in-lant-la-cimislia-9-masini-au-fost-implicate-ce-spune-politia\/"},"wordCount":221,"publisher":{"@id":"https:\/\/bas-tv.md\/ro\/#organization"},"image":{"@id":"https:\/\/bas-tv.md\/ro\/video-foto-accident-in-lant-la-cimislia-9-masini-au-fost-implicate-ce-spune-politia\/#primaryimage"},"thumbnailUrl":"https:\/\/bas-tv.md\/wp-content\/uploads\/2024\/02\/masini-avariate-900x505-1.jpg","articleSection":["Actualitate","\u00cen Moldova"],"inLanguage":"ro-RO"},{"@type":"WebPage","@id":"https:\/\/bas-tv.md\/ro\/video-foto-accident-in-lant-la-cimislia-9-masini-au-fost-implicate-ce-spune-politia\/","url":"https:\/\/bas-tv.md\/ro\/video-foto-accident-in-lant-la-cimislia-9-masini-au-fost-implicate-ce-spune-politia\/","name":"(VIDEO\/FOTO) Accident \u00een lan\u021b la Cimi\u0219lia: 9 ma\u0219ini au fost implicate. Ce spune poli\u021bia - BasTV","isPartOf":{"@id":"https:\/\/bas-tv.md\/ro\/#website"},"primaryImageOfPage":{"@id":"https:\/\/bas-tv.md\/ro\/video-foto-accident-in-lant-la-cimislia-9-masini-au-fost-implicate-ce-spune-politia\/#primaryimage"},"image":{"@id":"https:\/\/bas-tv.md\/ro\/video-foto-accident-in-lant-la-cimislia-9-masini-au-fost-implicate-ce-spune-politia\/#primaryimage"},"thumbnailUrl":"https:\/\/bas-tv.md\/wp-content\/uploads\/2024\/02\/masini-avariate-900x505-1.jpg","datePublished":"2024-02-01T11:17:35+00:00","description":"Un accident rutier cu implicarea a nou\u0103 ma\u0219ini a avut loc \u00een diminea\u021ba zilei de joi, \u00een raionul Cimi\u0219lia. O persoan\u0103 a fost transportat\u0103 de urgen\u021b\u0103 la spital.","inLanguage":"ro-RO","potentialAction":[{"@type":"ReadAction","target":["https:\/\/bas-tv.md\/ro\/video-foto-accident-in-lant-la-cimislia-9-masini-au-fost-implicate-ce-spune-politia\/"]}]},{"@type":"ImageObject","inLanguage":"ro-RO","@id":"https:\/\/bas-tv.md\/ro\/video-foto-accident-in-lant-la-cimislia-9-masini-au-fost-implicate-ce-spune-politia\/#primaryimage","url":"https:\/\/bas-tv.md\/wp-content\/uploads\/2024\/02\/masini-avariate-900x505-1.jpg","contentUrl":"https:\/\/bas-tv.md\/wp-content\/uploads\/2024\/02\/masini-avariate-900x505-1.jpg","width":900,"height":505,"caption":"realitatea.md"},{"@type":"WebSite","@id":"https:\/\/bas-tv.md\/ro\/#website","url":"https:\/\/bas-tv.md\/ro\/","name":"BasTV","description":"Moldova","publisher":{"@id":"https:\/\/bas-tv.md\/ro\/#organization"},"potentialAction":[{"@type":"SearchAction","target":{"@type":"EntryPoint","urlTemplate":"https:\/\/bas-tv.md\/ro\/?s={search_term_string}"},"query-input":{"@type":"PropertyValueSpecification","valueRequired":true,"valueName":"search_term_string"}}],"inLanguage":"ro-RO"},{"@type":"Organization","@id":"https:\/\/bas-tv.md\/ro\/#organization","name":"BasTV","url":"https:\/\/bas-tv.md\/ro\/","logo":{"@type":"ImageObject","inLanguage":"ro-RO","@id":"https:\/\/bas-tv.md\/ro\/#\/schema\/logo\/image\/","url":"https:\/\/bas-tv.md\/wp-content\/uploads\/2023\/05\/bas-tv-culoarea-rosie.png","contentUrl":"https:\/\/bas-tv.md\/wp-content\/uploads\/2023\/05\/bas-tv-culoarea-rosie.png","width":202,"height":50,"caption":"BasTV"},"image":{"@id":"https:\/\/bas-tv.md\/ro\/#\/schema\/logo\/image\/"}},{"@type":"Person","@id":"https:\/\/bas-tv.md\/ro\/#\/schema\/person\/8740f45ea2eca1f1695284fc03529af0","name":"Redactor","image":{"@type":"ImageObject","inLanguage":"ro-RO","@id":"https:\/\/secure.gravatar.com\/avatar\/45b6af9fc91c10b15a8b40e67c1f57bab2e9614fc9f0af95cf453d61934e9aad?s=96&d=mm&r=g","url":"https:\/\/secure.gravatar.com\/avatar\/45b6af9fc91c10b15a8b40e67c1f57bab2e9614fc9f0af95cf453d61934e9aad?s=96&d=mm&r=g","contentUrl":"https:\/\/secure.gravatar.com\/avatar\/45b6af9fc91c10b15a8b40e67c1f57bab2e9614fc9f0af95cf453d61934e9aad?s=96&d=mm&r=g","caption":"Redactor"},"url":"https:\/\/bas-tv.md\/ro\/author\/redactor\/"}]}},"views":619,"_links":{"self":[{"href":"https:\/\/bas-tv.md\/ro\/wp-json\/wp\/v2\/posts\/111056","targetHints":{"allow":["GET"]}}],"collection":[{"href":"https:\/\/bas-tv.md\/ro\/wp-json\/wp\/v2\/posts"}],"about":[{"href":"https:\/\/bas-tv.md\/ro\/wp-json\/wp\/v2\/types\/post"}],"author":[{"embeddable":true,"href":"https:\/\/bas-tv.md\/ro\/wp-json\/wp\/v2\/users\/3"}],"replies":[{"embeddable":true,"href":"https:\/\/bas-tv.md\/ro\/wp-json\/wp\/v2\/comments?post=111056"}],"version-history":[{"count":7,"href":"https:\/\/bas-tv.md\/ro\/wp-json\/wp\/v2\/posts\/111056\/revisions"}],"predecessor-version":[{"id":111083,"href":"https:\/\/bas-tv.md\/ro\/wp-json\/wp\/v2\/posts\/111056\/revisions\/111083"}],"wp:featuredmedia":[{"embeddable":true,"href":"https:\/\/bas-tv.md\/ro\/wp-json\/wp\/v2\/media\/111081"}],"wp:attachment":[{"href":"https:\/\/bas-tv.md\/ro\/wp-json\/wp\/v2\/media?parent=111056"}],"wp:term":[{"taxonomy":"category","embeddable":true,"href":"https:\/\/bas-tv.md\/ro\/wp-json\/wp\/v2\/categories?post=111056"},{"taxonomy":"post_tag","embeddable":true,"href":"https:\/\/bas-tv.md\/ro\/wp-json\/wp\/v2\/tags?post=111056"}],"curies":[{"name":"wp","href":"https:\/\/api.w.org\/{rel}","templated":true}]}}