{"id":111408,"date":"2024-02-06T14:30:56","date_gmt":"2024-02-06T12:30:56","guid":{"rendered":"https:\/\/bas-tv.md\/?p=111408"},"modified":"2024-02-06T13:40:39","modified_gmt":"2024-02-06T11:40:39","slug":"veste-buna-pentru-copiii-moldoveni-cu-cetatenie-romana-guvernul-mareste-alocatiile","status":"publish","type":"post","link":"https:\/\/bas-tv.md\/ro\/veste-buna-pentru-copiii-moldoveni-cu-cetatenie-romana-guvernul-mareste-alocatiile\/","title":{"rendered":"Veste bun\u0103 pentru copiii moldoveni cu cet\u0103\u021benie rom\u00e2n\u0103. Guvernul m\u0103re\u0219te aloca\u021biile"},"content":{"rendered":"<p><strong>Veste bun\u0103 pentru copii! Guvernul Rom\u00e2niei m\u0103re\u0219te aloca\u021biile \u00eencep\u00e2nd cu luna februarie 2024. C\u00e2\u021bi bani intr\u0103 pe cardurile de aloca\u021bii \u00een aceast\u0103 lun\u0103?<\/strong><\/p>\n<p>\u00cencep\u00e2nd cu data de 8 februarie 2024, aloca\u021biile copiilor cu v\u00e2rste de p\u00e2n\u0103 la doi ani vor fi m\u0103rite cu 88 de lei, ajung\u00e2nd astfel la 719 de lei. Aloca\u021biile elevilor de p\u00e2n\u0103 la 18 ani vor cre\u0219te cu 36 de lei, ajung\u00e2nd astfel la 292 de lei. \u00cenainte de indexare, cuantumul aloca\u021biei a fost de 613 lei \u0219i de 256 de lei pentru copii de 2 respectiv 18 ani.<\/p>\n<p>Autorit\u0103\u021bile au transmis c\u0103 aloca\u021biile m\u0103rite vor intra pe card \u00eencep\u00e2nd cu data de 8 februarie 2024. Timpul de procesare al pl\u0103\u021bii poate varia \u00een func\u021bie de banca furnizoare \u0219i de volumele de munc\u0103 ale acesteia.<\/p>\n<p>De asemenea, autorit\u0103\u021bile au transmis c\u0103 minorii pentru care s-a dispus m\u0103sura plasamentului la o persoan\u0103 sau un asistent maternal vot primi o aloca\u021bie \u00een valoare de 950 de lei. De precizat este faptul c\u0103, banii se acord\u0103 reprezentantului familiei sau persoanei care a luat copil cu pricina \u00een plasament.<\/p>\n<h6><strong>Cum s\u0103 solicite aloca\u021biile aferente \u00een 2024<\/strong><\/h6>\n<p>P\u0103rin\u021bii copiilor n\u0103scu\u021bi \u00een afara grani\u021belor Rom\u00e2niei, care vor s\u0103 solicite aloca\u021biile aferente, trebuie s\u0103 depun\u0103 urm\u0103toarele acte:<\/p>\n<ul>\n<li>Buletinele de identitate ale p\u0103rin\u021bilor;<\/li>\n<li>Acte doveditoare privind calitatea solicitantului \u0219i rela\u021bia acestuia cu copilul\/copiii pentru care solicit\u0103 dreptul, pentru una dintre persoanele care a adoptat copilul\/ c\u0103reia i s-a \u00eencredin\u021bat copilul \u00een vederea adop\u021biei sau in urma divor\u021bului\/ care are copilul \u00een plasament\/ \u00een plasament \u00een regim de urgen\u021b\u0103, precum \u0219i persoana care a fost numit\u0103 tutore;<\/li>\n<li>Actele de identitate din statul unde locuiesc p\u0103rin\u021bii;<\/li>\n<li>Dovada eliberat\u0103 de autorit\u0103\u021bile competente din statele membre unde \u0219i-au stabilit re\u0219edin\u021ba \u0219i \u00ee\u0219i desf\u0103\u0219oar\u0103 activitatea profesional\u0103 din care s\u0103 rezulte c\u0103 nu sunt \u00eendrept\u0103\u021bi\u021bi la beneficii pentru copii \u00een acel stat membru;<\/li>\n<li>Declara\u021bie notarial\u0103 din care s\u0103 rezulte c\u0103 nu a solicitat aloca\u021bia de stat pentru copii \u00een termenul legal motiv\u00e2nd c\u0103 \u00een ultimele 12 luni pentru care a solicit aloca\u021bia de stat pentru copii restant\u0103 a locuit pe teritoriul Rom\u00e2niei \u0219i c\u0103 re\u0219edin\u021ba copilului este \u00een Rom\u00e2nia;<\/li>\n<li>Cerere pentru ob\u021binerea aloca\u021biei restante pe ultimele 12 luni;<\/li>\n<li>Extras de cont \/ mandat po\u0219tal;<\/li>\n<li>Adeverin\u021ba de la \u0219coal\u0103 \u00een cazul copiilor \u0219colari;<\/li>\n<li>Acord semnat;<\/li>\n<li>Termenele de plat\u0103 pot diferi fa\u021b\u0103 de cei care locuiesc \u00een Rom\u00e2ni, a\u0219a c\u0103 cel mai bine este s\u0103 te adresezi autorit\u0103\u021bilor competente sau institu\u021biei care administreaz\u0103 aloca\u021bia pentru copii ca s\u0103 ob\u021bii informa\u021bii despre data pl\u0103\u021bii aloca\u021biei, noteaz\u0103 stirileprotv.ro.<\/li>\n<\/ul>\n<p><strong>Abona\u021bi-v\u0103 la noi pe re\u021bele sociale:\u00a0<\/strong><a href=\"https:\/\/t.me\/bastvmd\"><strong><em>Telegram<\/em><\/strong><\/a><strong>,\u00a0<\/strong><a href=\"https:\/\/www.youtube.com\/channel\/UC-9005PnLnhpNM8PVSjP2dQ\/featured\"><strong><em>YouTube<\/em><\/strong><\/a><strong>,\u00a0<\/strong><a href=\"https:\/\/www.facebook.com\/bastv.md\"><strong><em>Facebook<\/em><\/strong><\/a>\u00a0<strong>\u0219i\u00a0<\/strong><a href=\"https:\/\/www.instagram.com\/bastv.md\/\"><strong><em>Instagram<\/em><\/strong><\/a><strong>.\u00a0\u00a0<\/strong><strong>Aici public\u0103m \u0219tiri pe scurt!<\/strong><\/p>\n","protected":false},"excerpt":{"rendered":"<p>Veste bun\u0103 pentru copii! Guvernul Rom\u00e2niei m\u0103re\u0219te aloca\u021biile \u00eencep\u00e2nd cu luna februarie 2024. C\u00e2\u021bi bani intr\u0103 pe cardurile de aloca\u021bii \u00een aceast\u0103 lun\u0103? \u00cencep\u00e2nd cu data de 8 februarie 2024, aloca\u021biile copiilor cu v\u00e2rste de p\u00e2n\u0103 la doi ani vor fi m\u0103rite cu 88 de lei, ajung\u00e2nd astfel la 719 de lei. Aloca\u021biile elevilor de [&hellip;]<\/p>\n","protected":false},"author":3,"featured_media":111410,"comment_status":"closed","ping_status":"closed","sticky":false,"template":"","format":"standard","meta":{"footnotes":""},"categories":[219,574],"tags":[],"class_list":["post-111408","post","type-post","status-publish","format-standard","has-post-thumbnail","hentry","category-anunturi","category-util"],"yoast_head":"<!-- This site is optimized with the Yoast SEO plugin v27.5 - https:\/\/yoast.com\/product\/yoast-seo-wordpress\/ -->\n<title>Veste bun\u0103 pentru copiii moldoveni cu cet\u0103\u021benie rom\u00e2n\u0103. Guvernul m\u0103re\u0219te aloca\u021biile - BasTV<\/title>\n<meta name=\"description\" content=\"Veste bun\u0103 pentru copii! Guvernul Rom\u00e2niei m\u0103re\u0219te aloca\u021biile \u00eencep\u00e2nd cu luna februarie 2024. C\u00e2\u021bi bani intr\u0103 pe cardurile de aloca\u021bii \u00een aceast\u0103 lun\u0103?\" \/>\n<meta name=\"robots\" content=\"index, follow, max-snippet:-1, max-image-preview:large, max-video-preview:-1\" \/>\n<link rel=\"canonical\" href=\"https:\/\/bas-tv.md\/ro\/veste-buna-pentru-copiii-moldoveni-cu-cetatenie-romana-guvernul-mareste-alocatiile\/\" \/>\n<meta property=\"og:locale\" content=\"ro_RO\" \/>\n<meta property=\"og:type\" content=\"article\" \/>\n<meta property=\"og:title\" content=\"Veste bun\u0103 pentru copiii moldoveni cu cet\u0103\u021benie rom\u00e2n\u0103. Guvernul m\u0103re\u0219te aloca\u021biile - BasTV\" \/>\n<meta property=\"og:description\" content=\"Veste bun\u0103 pentru copii! Guvernul Rom\u00e2niei m\u0103re\u0219te aloca\u021biile \u00eencep\u00e2nd cu luna februarie 2024. C\u00e2\u021bi bani intr\u0103 pe cardurile de aloca\u021bii \u00een aceast\u0103 lun\u0103?\" \/>\n<meta property=\"og:url\" content=\"https:\/\/bas-tv.md\/ro\/veste-buna-pentru-copiii-moldoveni-cu-cetatenie-romana-guvernul-mareste-alocatiile\/\" \/>\n<meta property=\"og:site_name\" content=\"BasTV\" \/>\n<meta property=\"article:published_time\" content=\"2024-02-06T12:30:56+00:00\" \/>\n<meta property=\"og:image\" content=\"https:\/\/bas-tv.md\/wp-content\/uploads\/2024\/02\/atasament_bebelusi.jpg\" \/>\n\t<meta property=\"og:image:width\" content=\"640\" \/>\n\t<meta property=\"og:image:height\" content=\"426\" \/>\n\t<meta property=\"og:image:type\" content=\"image\/jpeg\" \/>\n<meta name=\"author\" content=\"Redactor\" \/>\n<meta name=\"twitter:card\" content=\"summary_large_image\" \/>\n<meta name=\"twitter:label1\" content=\"Scris de\" \/>\n\t<meta name=\"twitter:data1\" content=\"Redactor\" \/>\n\t<meta name=\"twitter:label2\" content=\"Timp estimat pentru citire\" \/>\n\t<meta name=\"twitter:data2\" content=\"3 minute\" \/>\n<script type=\"application\/ld+json\" class=\"yoast-schema-graph\">{\"@context\":\"https:\\\/\\\/schema.org\",\"@graph\":[{\"@type\":\"Article\",\"@id\":\"https:\\\/\\\/bas-tv.md\\\/ro\\\/veste-buna-pentru-copiii-moldoveni-cu-cetatenie-romana-guvernul-mareste-alocatiile\\\/#article\",\"isPartOf\":{\"@id\":\"https:\\\/\\\/bas-tv.md\\\/ro\\\/veste-buna-pentru-copiii-moldoveni-cu-cetatenie-romana-guvernul-mareste-alocatiile\\\/\"},\"author\":{\"name\":\"Redactor\",\"@id\":\"https:\\\/\\\/bas-tv.md\\\/ro\\\/#\\\/schema\\\/person\\\/8740f45ea2eca1f1695284fc03529af0\"},\"headline\":\"Veste bun\u0103 pentru copiii moldoveni cu cet\u0103\u021benie rom\u00e2n\u0103. Guvernul m\u0103re\u0219te aloca\u021biile\",\"datePublished\":\"2024-02-06T12:30:56+00:00\",\"mainEntityOfPage\":{\"@id\":\"https:\\\/\\\/bas-tv.md\\\/ro\\\/veste-buna-pentru-copiii-moldoveni-cu-cetatenie-romana-guvernul-mareste-alocatiile\\\/\"},\"wordCount\":504,\"publisher\":{\"@id\":\"https:\\\/\\\/bas-tv.md\\\/ro\\\/#organization\"},\"image\":{\"@id\":\"https:\\\/\\\/bas-tv.md\\\/ro\\\/veste-buna-pentru-copiii-moldoveni-cu-cetatenie-romana-guvernul-mareste-alocatiile\\\/#primaryimage\"},\"thumbnailUrl\":\"https:\\\/\\\/bas-tv.md\\\/wp-content\\\/uploads\\\/2024\\\/02\\\/atasament_bebelusi.jpg\",\"articleSection\":[\"Anun\u021buri\",\"Util\"],\"inLanguage\":\"ro-RO\"},{\"@type\":\"WebPage\",\"@id\":\"https:\\\/\\\/bas-tv.md\\\/ro\\\/veste-buna-pentru-copiii-moldoveni-cu-cetatenie-romana-guvernul-mareste-alocatiile\\\/\",\"url\":\"https:\\\/\\\/bas-tv.md\\\/ro\\\/veste-buna-pentru-copiii-moldoveni-cu-cetatenie-romana-guvernul-mareste-alocatiile\\\/\",\"name\":\"Veste bun\u0103 pentru copiii moldoveni cu cet\u0103\u021benie rom\u00e2n\u0103. Guvernul m\u0103re\u0219te aloca\u021biile - BasTV\",\"isPartOf\":{\"@id\":\"https:\\\/\\\/bas-tv.md\\\/ro\\\/#website\"},\"primaryImageOfPage\":{\"@id\":\"https:\\\/\\\/bas-tv.md\\\/ro\\\/veste-buna-pentru-copiii-moldoveni-cu-cetatenie-romana-guvernul-mareste-alocatiile\\\/#primaryimage\"},\"image\":{\"@id\":\"https:\\\/\\\/bas-tv.md\\\/ro\\\/veste-buna-pentru-copiii-moldoveni-cu-cetatenie-romana-guvernul-mareste-alocatiile\\\/#primaryimage\"},\"thumbnailUrl\":\"https:\\\/\\\/bas-tv.md\\\/wp-content\\\/uploads\\\/2024\\\/02\\\/atasament_bebelusi.jpg\",\"datePublished\":\"2024-02-06T12:30:56+00:00\",\"description\":\"Veste bun\u0103 pentru copii! Guvernul Rom\u00e2niei m\u0103re\u0219te aloca\u021biile \u00eencep\u00e2nd cu luna februarie 2024. C\u00e2\u021bi bani intr\u0103 pe cardurile de aloca\u021bii \u00een aceast\u0103 lun\u0103?\",\"inLanguage\":\"ro-RO\",\"potentialAction\":[{\"@type\":\"ReadAction\",\"target\":[\"https:\\\/\\\/bas-tv.md\\\/ro\\\/veste-buna-pentru-copiii-moldoveni-cu-cetatenie-romana-guvernul-mareste-alocatiile\\\/\"]}]},{\"@type\":\"ImageObject\",\"inLanguage\":\"ro-RO\",\"@id\":\"https:\\\/\\\/bas-tv.md\\\/ro\\\/veste-buna-pentru-copiii-moldoveni-cu-cetatenie-romana-guvernul-mareste-alocatiile\\\/#primaryimage\",\"url\":\"https:\\\/\\\/bas-tv.md\\\/wp-content\\\/uploads\\\/2024\\\/02\\\/atasament_bebelusi.jpg\",\"contentUrl\":\"https:\\\/\\\/bas-tv.md\\\/wp-content\\\/uploads\\\/2024\\\/02\\\/atasament_bebelusi.jpg\",\"width\":640,\"height\":426,\"caption\":\"Veste bun\u0103 pentru copiii moldoveni cu cet\u0103\u021benie rom\u00e2n\u0103. Guvernul m\u0103re\u0219te aloca\u021biile\"},{\"@type\":\"WebSite\",\"@id\":\"https:\\\/\\\/bas-tv.md\\\/ro\\\/#website\",\"url\":\"https:\\\/\\\/bas-tv.md\\\/ro\\\/\",\"name\":\"BasTV\",\"description\":\"Moldova\",\"publisher\":{\"@id\":\"https:\\\/\\\/bas-tv.md\\\/ro\\\/#organization\"},\"potentialAction\":[{\"@type\":\"SearchAction\",\"target\":{\"@type\":\"EntryPoint\",\"urlTemplate\":\"https:\\\/\\\/bas-tv.md\\\/ro\\\/?s={search_term_string}\"},\"query-input\":{\"@type\":\"PropertyValueSpecification\",\"valueRequired\":true,\"valueName\":\"search_term_string\"}}],\"inLanguage\":\"ro-RO\"},{\"@type\":\"Organization\",\"@id\":\"https:\\\/\\\/bas-tv.md\\\/ro\\\/#organization\",\"name\":\"BasTV\",\"url\":\"https:\\\/\\\/bas-tv.md\\\/ro\\\/\",\"logo\":{\"@type\":\"ImageObject\",\"inLanguage\":\"ro-RO\",\"@id\":\"https:\\\/\\\/bas-tv.md\\\/ro\\\/#\\\/schema\\\/logo\\\/image\\\/\",\"url\":\"https:\\\/\\\/bas-tv.md\\\/wp-content\\\/uploads\\\/2023\\\/05\\\/bas-tv-culoarea-rosie.png\",\"contentUrl\":\"https:\\\/\\\/bas-tv.md\\\/wp-content\\\/uploads\\\/2023\\\/05\\\/bas-tv-culoarea-rosie.png\",\"width\":202,\"height\":50,\"caption\":\"BasTV\"},\"image\":{\"@id\":\"https:\\\/\\\/bas-tv.md\\\/ro\\\/#\\\/schema\\\/logo\\\/image\\\/\"}},{\"@type\":\"Person\",\"@id\":\"https:\\\/\\\/bas-tv.md\\\/ro\\\/#\\\/schema\\\/person\\\/8740f45ea2eca1f1695284fc03529af0\",\"name\":\"Redactor\",\"image\":{\"@type\":\"ImageObject\",\"inLanguage\":\"ro-RO\",\"@id\":\"https:\\\/\\\/bas-tv.md\\\/wp-content\\\/litespeed\\\/avatar\\\/91c0586f3f6f4396a4ec1287c965eeeb.jpg?ver=1776950945\",\"url\":\"https:\\\/\\\/bas-tv.md\\\/wp-content\\\/litespeed\\\/avatar\\\/91c0586f3f6f4396a4ec1287c965eeeb.jpg?ver=1776950945\",\"contentUrl\":\"https:\\\/\\\/bas-tv.md\\\/wp-content\\\/litespeed\\\/avatar\\\/91c0586f3f6f4396a4ec1287c965eeeb.jpg?ver=1776950945\",\"caption\":\"Redactor\"},\"url\":\"https:\\\/\\\/bas-tv.md\\\/ro\\\/author\\\/redactor\\\/\"}]}<\/script>\n<!-- \/ Yoast SEO plugin. -->","yoast_head_json":{"title":"Veste bun\u0103 pentru copiii moldoveni cu cet\u0103\u021benie rom\u00e2n\u0103. Guvernul m\u0103re\u0219te aloca\u021biile - BasTV","description":"Veste bun\u0103 pentru copii! Guvernul Rom\u00e2niei m\u0103re\u0219te aloca\u021biile \u00eencep\u00e2nd cu luna februarie 2024. C\u00e2\u021bi bani intr\u0103 pe cardurile de aloca\u021bii \u00een aceast\u0103 lun\u0103?","robots":{"index":"index","follow":"follow","max-snippet":"max-snippet:-1","max-image-preview":"max-image-preview:large","max-video-preview":"max-video-preview:-1"},"canonical":"https:\/\/bas-tv.md\/ro\/veste-buna-pentru-copiii-moldoveni-cu-cetatenie-romana-guvernul-mareste-alocatiile\/","og_locale":"ro_RO","og_type":"article","og_title":"Veste bun\u0103 pentru copiii moldoveni cu cet\u0103\u021benie rom\u00e2n\u0103. Guvernul m\u0103re\u0219te aloca\u021biile - BasTV","og_description":"Veste bun\u0103 pentru copii! Guvernul Rom\u00e2niei m\u0103re\u0219te aloca\u021biile \u00eencep\u00e2nd cu luna februarie 2024. C\u00e2\u021bi bani intr\u0103 pe cardurile de aloca\u021bii \u00een aceast\u0103 lun\u0103?","og_url":"https:\/\/bas-tv.md\/ro\/veste-buna-pentru-copiii-moldoveni-cu-cetatenie-romana-guvernul-mareste-alocatiile\/","og_site_name":"BasTV","article_published_time":"2024-02-06T12:30:56+00:00","og_image":[{"width":640,"height":426,"url":"https:\/\/bas-tv.md\/wp-content\/uploads\/2024\/02\/atasament_bebelusi.jpg","type":"image\/jpeg"}],"author":"Redactor","twitter_card":"summary_large_image","twitter_misc":{"Scris de":"Redactor","Timp estimat pentru citire":"3 minute"},"schema":{"@context":"https:\/\/schema.org","@graph":[{"@type":"Article","@id":"https:\/\/bas-tv.md\/ro\/veste-buna-pentru-copiii-moldoveni-cu-cetatenie-romana-guvernul-mareste-alocatiile\/#article","isPartOf":{"@id":"https:\/\/bas-tv.md\/ro\/veste-buna-pentru-copiii-moldoveni-cu-cetatenie-romana-guvernul-mareste-alocatiile\/"},"author":{"name":"Redactor","@id":"https:\/\/bas-tv.md\/ro\/#\/schema\/person\/8740f45ea2eca1f1695284fc03529af0"},"headline":"Veste bun\u0103 pentru copiii moldoveni cu cet\u0103\u021benie rom\u00e2n\u0103. Guvernul m\u0103re\u0219te aloca\u021biile","datePublished":"2024-02-06T12:30:56+00:00","mainEntityOfPage":{"@id":"https:\/\/bas-tv.md\/ro\/veste-buna-pentru-copiii-moldoveni-cu-cetatenie-romana-guvernul-mareste-alocatiile\/"},"wordCount":504,"publisher":{"@id":"https:\/\/bas-tv.md\/ro\/#organization"},"image":{"@id":"https:\/\/bas-tv.md\/ro\/veste-buna-pentru-copiii-moldoveni-cu-cetatenie-romana-guvernul-mareste-alocatiile\/#primaryimage"},"thumbnailUrl":"https:\/\/bas-tv.md\/wp-content\/uploads\/2024\/02\/atasament_bebelusi.jpg","articleSection":["Anun\u021buri","Util"],"inLanguage":"ro-RO"},{"@type":"WebPage","@id":"https:\/\/bas-tv.md\/ro\/veste-buna-pentru-copiii-moldoveni-cu-cetatenie-romana-guvernul-mareste-alocatiile\/","url":"https:\/\/bas-tv.md\/ro\/veste-buna-pentru-copiii-moldoveni-cu-cetatenie-romana-guvernul-mareste-alocatiile\/","name":"Veste bun\u0103 pentru copiii moldoveni cu cet\u0103\u021benie rom\u00e2n\u0103. Guvernul m\u0103re\u0219te aloca\u021biile - BasTV","isPartOf":{"@id":"https:\/\/bas-tv.md\/ro\/#website"},"primaryImageOfPage":{"@id":"https:\/\/bas-tv.md\/ro\/veste-buna-pentru-copiii-moldoveni-cu-cetatenie-romana-guvernul-mareste-alocatiile\/#primaryimage"},"image":{"@id":"https:\/\/bas-tv.md\/ro\/veste-buna-pentru-copiii-moldoveni-cu-cetatenie-romana-guvernul-mareste-alocatiile\/#primaryimage"},"thumbnailUrl":"https:\/\/bas-tv.md\/wp-content\/uploads\/2024\/02\/atasament_bebelusi.jpg","datePublished":"2024-02-06T12:30:56+00:00","description":"Veste bun\u0103 pentru copii! Guvernul Rom\u00e2niei m\u0103re\u0219te aloca\u021biile \u00eencep\u00e2nd cu luna februarie 2024. C\u00e2\u021bi bani intr\u0103 pe cardurile de aloca\u021bii \u00een aceast\u0103 lun\u0103?","inLanguage":"ro-RO","potentialAction":[{"@type":"ReadAction","target":["https:\/\/bas-tv.md\/ro\/veste-buna-pentru-copiii-moldoveni-cu-cetatenie-romana-guvernul-mareste-alocatiile\/"]}]},{"@type":"ImageObject","inLanguage":"ro-RO","@id":"https:\/\/bas-tv.md\/ro\/veste-buna-pentru-copiii-moldoveni-cu-cetatenie-romana-guvernul-mareste-alocatiile\/#primaryimage","url":"https:\/\/bas-tv.md\/wp-content\/uploads\/2024\/02\/atasament_bebelusi.jpg","contentUrl":"https:\/\/bas-tv.md\/wp-content\/uploads\/2024\/02\/atasament_bebelusi.jpg","width":640,"height":426,"caption":"Veste bun\u0103 pentru copiii moldoveni cu cet\u0103\u021benie rom\u00e2n\u0103. Guvernul m\u0103re\u0219te aloca\u021biile"},{"@type":"WebSite","@id":"https:\/\/bas-tv.md\/ro\/#website","url":"https:\/\/bas-tv.md\/ro\/","name":"BasTV","description":"Moldova","publisher":{"@id":"https:\/\/bas-tv.md\/ro\/#organization"},"potentialAction":[{"@type":"SearchAction","target":{"@type":"EntryPoint","urlTemplate":"https:\/\/bas-tv.md\/ro\/?s={search_term_string}"},"query-input":{"@type":"PropertyValueSpecification","valueRequired":true,"valueName":"search_term_string"}}],"inLanguage":"ro-RO"},{"@type":"Organization","@id":"https:\/\/bas-tv.md\/ro\/#organization","name":"BasTV","url":"https:\/\/bas-tv.md\/ro\/","logo":{"@type":"ImageObject","inLanguage":"ro-RO","@id":"https:\/\/bas-tv.md\/ro\/#\/schema\/logo\/image\/","url":"https:\/\/bas-tv.md\/wp-content\/uploads\/2023\/05\/bas-tv-culoarea-rosie.png","contentUrl":"https:\/\/bas-tv.md\/wp-content\/uploads\/2023\/05\/bas-tv-culoarea-rosie.png","width":202,"height":50,"caption":"BasTV"},"image":{"@id":"https:\/\/bas-tv.md\/ro\/#\/schema\/logo\/image\/"}},{"@type":"Person","@id":"https:\/\/bas-tv.md\/ro\/#\/schema\/person\/8740f45ea2eca1f1695284fc03529af0","name":"Redactor","image":{"@type":"ImageObject","inLanguage":"ro-RO","@id":"https:\/\/bas-tv.md\/wp-content\/litespeed\/avatar\/91c0586f3f6f4396a4ec1287c965eeeb.jpg?ver=1776950945","url":"https:\/\/bas-tv.md\/wp-content\/litespeed\/avatar\/91c0586f3f6f4396a4ec1287c965eeeb.jpg?ver=1776950945","contentUrl":"https:\/\/bas-tv.md\/wp-content\/litespeed\/avatar\/91c0586f3f6f4396a4ec1287c965eeeb.jpg?ver=1776950945","caption":"Redactor"},"url":"https:\/\/bas-tv.md\/ro\/author\/redactor\/"}]}},"views":318,"_links":{"self":[{"href":"https:\/\/bas-tv.md\/ro\/wp-json\/wp\/v2\/posts\/111408","targetHints":{"allow":["GET"]}}],"collection":[{"href":"https:\/\/bas-tv.md\/ro\/wp-json\/wp\/v2\/posts"}],"about":[{"href":"https:\/\/bas-tv.md\/ro\/wp-json\/wp\/v2\/types\/post"}],"author":[{"embeddable":true,"href":"https:\/\/bas-tv.md\/ro\/wp-json\/wp\/v2\/users\/3"}],"replies":[{"embeddable":true,"href":"https:\/\/bas-tv.md\/ro\/wp-json\/wp\/v2\/comments?post=111408"}],"version-history":[{"count":3,"href":"https:\/\/bas-tv.md\/ro\/wp-json\/wp\/v2\/posts\/111408\/revisions"}],"predecessor-version":[{"id":111413,"href":"https:\/\/bas-tv.md\/ro\/wp-json\/wp\/v2\/posts\/111408\/revisions\/111413"}],"wp:featuredmedia":[{"embeddable":true,"href":"https:\/\/bas-tv.md\/ro\/wp-json\/wp\/v2\/media\/111410"}],"wp:attachment":[{"href":"https:\/\/bas-tv.md\/ro\/wp-json\/wp\/v2\/media?parent=111408"}],"wp:term":[{"taxonomy":"category","embeddable":true,"href":"https:\/\/bas-tv.md\/ro\/wp-json\/wp\/v2\/categories?post=111408"},{"taxonomy":"post_tag","embeddable":true,"href":"https:\/\/bas-tv.md\/ro\/wp-json\/wp\/v2\/tags?post=111408"}],"curies":[{"name":"wp","href":"https:\/\/api.w.org\/{rel}","templated":true}]}}