{"id":111605,"date":"2024-02-09T11:08:39","date_gmt":"2024-02-09T09:08:39","guid":{"rendered":"https:\/\/bas-tv.md\/?p=111605"},"modified":"2024-02-09T11:08:39","modified_gmt":"2024-02-09T09:08:39","slug":"foto-romania-a-primit-primele-sisteme-noi-de-scanare-cu-raze-x-pentru-inspectarea-marfurilor-care-intra-in-tara-cand-vor-deveni-functionale","status":"publish","type":"post","link":"https:\/\/bas-tv.md\/ro\/foto-romania-a-primit-primele-sisteme-noi-de-scanare-cu-raze-x-pentru-inspectarea-marfurilor-care-intra-in-tara-cand-vor-deveni-functionale\/","title":{"rendered":"(FOTO) Rom\u00e2nia a primit primele sisteme noi de scanare cu raze X pentru inspectarea m\u0103rfurilor care intr\u0103 \u00een \u0163ar\u0103. C\u00e2nd vor deveni func\u021bionale"},"content":{"rendered":"<p><strong>Ministrul rom\u00e2n al Finan\u0163elor, Marcel Bolo\u015f, anun\u0163\u0103, joi sear\u0103, c\u0103 primele dou\u0103 scannere dintre cele 26 pe care le cump\u0103r\u0103 Rom\u00e2nia cu bani europeni au ajuns deja \u00een \u0163ar\u0103 \u015fi vor fi func\u0163ionale la finalul lunii, la Giurgiule\u015fti \u015fi Albi\u0163a. P\u00e2n\u0103 la finalul anului, opt sisteme de scanare cu raze X pentru inspectarea m\u0103rfurilor vor fi disponibile.<\/strong><\/p>\n<blockquote><p>\u201eTransmiteam \u00een decembrie c\u0103 a fost semnat contractul \u015fi c\u0103 vom cump\u0103ra din bani europeni 26 sisteme noi de scanare cu raze X pentru inspectarea m\u0103rfurilor care intr\u0103 \u00een \u0163ar\u0103. Mul\u0163i se a\u015fteptau probabil la o perioad\u0103 de lini\u015fte dup\u0103 asta. Ei bine nu, ast\u0103zi v\u0103 anun\u0163 c\u0103 s-a f\u0103cut deja recep\u0163ia pentru dou\u0103 scannere, unul relocabil la Giurgiule\u015fti \u015fi altul mobil la Albi\u0163a. Ambele vor fi opera\u0163ionale la finalul lunii viitoare\u201d, anun\u0163\u0103, joi sear\u0103, ministrul rom\u00e2n al Finan\u0163elor, \u00eentr-o postare pe Facebook.<\/p><\/blockquote>\n<p>Marcel Bolo\u015f precizeaz\u0103 c\u0103 procesul nu presupune doar amplasarea scannerelor \u00een punctele stabilite, ci \u00eenseamn\u0103 \u015fi realizarea lucr\u0103rilor de construc\u0163ii pentru asigurarea respect\u0103rii normelor de protec\u0163ie radiologic\u0103 \u00een exploatarea echipamentelor.<\/p>\n<blockquote><p>\u201eNu ne oprim aici. Ast\u0103zi am avut o \u015fedin\u0163\u0103 ampl\u0103 cu noua conducere a V\u0103mii, \u00een care am vorbit despre mecanismele de combatere a contrabandei \u015fi fraudei la frontiere. Lucrurile sunt \u00een direc\u0163ia bun\u0103, a\u015fa c\u0103 la finalul anului vom avea deja opt scannere func\u0163ionale\u201d, a mai transmis Bolo\u015f, potrivit News.ro.<\/p><\/blockquote>\n<div id='gallery-1' class='gallery galleryid-111605 gallery-columns-2 gallery-size-full'><figure class='gallery-item'>\n\t\t\t<div class='gallery-icon landscape'>\n\t\t\t\t<a href='https:\/\/bas-tv.md\/ro\/foto-romania-a-primit-primele-sisteme-noi-de-scanare-cu-raze-x-pentru-inspectarea-marfurilor-care-intra-in-tara-cand-vor-deveni-functionale\/426831031_839241331340565_4571716519138952940_n\/'><img fetchpriority=\"high\" decoding=\"async\" width=\"974\" height=\"638\" src=\"https:\/\/bas-tv.md\/wp-content\/uploads\/2024\/02\/426831031_839241331340565_4571716519138952940_n.jpg\" class=\"attachment-full size-full\" alt=\"\" aria-describedby=\"gallery-1-111608\" srcset=\"https:\/\/bas-tv.md\/wp-content\/uploads\/2024\/02\/426831031_839241331340565_4571716519138952940_n.jpg 974w, https:\/\/bas-tv.md\/wp-content\/uploads\/2024\/02\/426831031_839241331340565_4571716519138952940_n-300x197.jpg 300w, https:\/\/bas-tv.md\/wp-content\/uploads\/2024\/02\/426831031_839241331340565_4571716519138952940_n-768x503.jpg 768w\" sizes=\"(max-width: 974px) 100vw, 974px\" \/><\/a>\n\t\t\t<\/div>\n\t\t\t\t<figcaption class='wp-caption-text gallery-caption' id='gallery-1-111608'>\n\t\t\t\tSursa: Facebook\n\t\t\t\t<\/figcaption><\/figure><figure class='gallery-item'>\n\t\t\t<div class='gallery-icon landscape'>\n\t\t\t\t<a href='https:\/\/bas-tv.md\/ro\/foto-romania-a-primit-primele-sisteme-noi-de-scanare-cu-raze-x-pentru-inspectarea-marfurilor-care-intra-in-tara-cand-vor-deveni-functionale\/426428076_839240841340614_3622051227463421461_n\/'><img decoding=\"async\" width=\"888\" height=\"628\" src=\"https:\/\/bas-tv.md\/wp-content\/uploads\/2024\/02\/426428076_839240841340614_3622051227463421461_n.jpg\" class=\"attachment-full size-full\" alt=\"\" aria-describedby=\"gallery-1-111610\" srcset=\"https:\/\/bas-tv.md\/wp-content\/uploads\/2024\/02\/426428076_839240841340614_3622051227463421461_n.jpg 888w, https:\/\/bas-tv.md\/wp-content\/uploads\/2024\/02\/426428076_839240841340614_3622051227463421461_n-300x212.jpg 300w, https:\/\/bas-tv.md\/wp-content\/uploads\/2024\/02\/426428076_839240841340614_3622051227463421461_n-768x543.jpg 768w\" sizes=\"(max-width: 888px) 100vw, 888px\" \/><\/a>\n\t\t\t<\/div>\n\t\t\t\t<figcaption class='wp-caption-text gallery-caption' id='gallery-1-111610'>\n\t\t\t\tSursa: Facebook\n\t\t\t\t<\/figcaption><\/figure><figure class='gallery-item'>\n\t\t\t<div class='gallery-icon portrait'>\n\t\t\t\t<a href='https:\/\/bas-tv.md\/ro\/foto-romania-a-primit-primele-sisteme-noi-de-scanare-cu-raze-x-pentru-inspectarea-marfurilor-care-intra-in-tara-cand-vor-deveni-functionale\/426809056_839241314673900_2458026443872589202_n\/'><img decoding=\"async\" width=\"768\" height=\"1024\" src=\"https:\/\/bas-tv.md\/wp-content\/uploads\/2024\/02\/426809056_839241314673900_2458026443872589202_n.jpg\" class=\"attachment-full size-full\" alt=\"\" aria-describedby=\"gallery-1-111612\" srcset=\"https:\/\/bas-tv.md\/wp-content\/uploads\/2024\/02\/426809056_839241314673900_2458026443872589202_n.jpg 768w, https:\/\/bas-tv.md\/wp-content\/uploads\/2024\/02\/426809056_839241314673900_2458026443872589202_n-225x300.jpg 225w\" sizes=\"(max-width: 768px) 100vw, 768px\" \/><\/a>\n\t\t\t<\/div>\n\t\t\t\t<figcaption class='wp-caption-text gallery-caption' id='gallery-1-111612'>\n\t\t\t\tSursa: Facebook\n\t\t\t\t<\/figcaption><\/figure><figure class='gallery-item'>\n\t\t\t<div class='gallery-icon landscape'>\n\t\t\t\t<a href='https:\/\/bas-tv.md\/ro\/foto-romania-a-primit-primele-sisteme-noi-de-scanare-cu-raze-x-pentru-inspectarea-marfurilor-care-intra-in-tara-cand-vor-deveni-functionale\/426831025_839241308007234_763144121722009975_n\/'><img loading=\"lazy\" decoding=\"async\" width=\"1024\" height=\"768\" src=\"https:\/\/bas-tv.md\/wp-content\/uploads\/2024\/02\/426831025_839241308007234_763144121722009975_n.jpg\" class=\"attachment-full size-full\" alt=\"(FOTO) Rom\u00e2nia a primit primele sisteme noi de scanare cu raze X pentru inspectarea m\u0103rfurilor care intr\u0103 \u00een \u0163ar\u0103. C\u00e2nd vor deveni func\u021bionale\" aria-describedby=\"gallery-1-111614\" srcset=\"https:\/\/bas-tv.md\/wp-content\/uploads\/2024\/02\/426831025_839241308007234_763144121722009975_n.jpg 1024w, https:\/\/bas-tv.md\/wp-content\/uploads\/2024\/02\/426831025_839241308007234_763144121722009975_n-300x225.jpg 300w, https:\/\/bas-tv.md\/wp-content\/uploads\/2024\/02\/426831025_839241308007234_763144121722009975_n-768x576.jpg 768w\" sizes=\"(max-width: 1024px) 100vw, 1024px\" \/><\/a>\n\t\t\t<\/div>\n\t\t\t\t<figcaption class='wp-caption-text gallery-caption' id='gallery-1-111614'>\n\t\t\t\tSursa: Facebook\n\t\t\t\t<\/figcaption><\/figure>\n\t\t<\/div>\n\n<p><strong>Abona\u021bi-v\u0103 la noi pe re\u021bele sociale:\u00a0<\/strong><a href=\"https:\/\/t.me\/bastvmd\"><strong><em>Telegram<\/em><\/strong><\/a><strong>,\u00a0<\/strong><a href=\"https:\/\/www.youtube.com\/channel\/UC-9005PnLnhpNM8PVSjP2dQ\/featured\"><strong><em>YouTube<\/em><\/strong><\/a><strong>,\u00a0<\/strong><a href=\"https:\/\/www.facebook.com\/bastv.md\"><strong><em>Facebook<\/em><\/strong><\/a>\u00a0\u0219i\u00a0<a href=\"https:\/\/www.instagram.com\/bastv.md\/\"><strong><em>Instagram<\/em><\/strong><\/a><strong>.\u00a0\u00a0<\/strong><strong>Aici public\u0103m \u0219tiri pe scurt!<\/strong><\/p>\n","protected":false},"excerpt":{"rendered":"<p>Ministrul rom\u00e2n al Finan\u0163elor, Marcel Bolo\u015f, anun\u0163\u0103, joi sear\u0103, c\u0103 primele dou\u0103 scannere dintre cele 26 pe care le cump\u0103r\u0103 Rom\u00e2nia cu bani europeni au ajuns deja \u00een \u0163ar\u0103 \u015fi vor fi func\u0163ionale la finalul lunii, la Giurgiule\u015fti \u015fi Albi\u0163a. P\u00e2n\u0103 la finalul anului, opt sisteme de scanare cu raze X pentru inspectarea m\u0103rfurilor vor [&hellip;]<\/p>\n","protected":false},"author":3,"featured_media":111614,"comment_status":"closed","ping_status":"closed","sticky":false,"template":"","format":"standard","meta":{"footnotes":""},"categories":[219,574],"tags":[],"class_list":["post-111605","post","type-post","status-publish","format-standard","has-post-thumbnail","hentry","category-anunturi","category-util"],"yoast_head":"<!-- This site is optimized with the Yoast SEO plugin v27.5 - https:\/\/yoast.com\/product\/yoast-seo-wordpress\/ -->\n<title>(FOTO) Rom\u00e2nia a primit primele sisteme noi de scanare cu raze X pentru inspectarea m\u0103rfurilor care intr\u0103 \u00een \u0163ar\u0103. C\u00e2nd vor deveni func\u021bionale - BasTV<\/title>\n<meta name=\"description\" content=\"Ministrul rom\u00e2n al Finan\u0163elor, Marcel Bolo\u015f, anun\u0163\u0103, joi sear\u0103, c\u0103 primele dou\u0103 scannere dintre cele 26 pe care le cump\u0103r\u0103 Rom\u00e2nia cu bani europeni au ajuns deja \u00een \u0163ar\u0103 \u015fi vor fi func\u0163ionale la finalul lunii, la Giurgiule\u015fti \u015fi Albi\u0163a. P\u00e2n\u0103 la finalul anului, opt sisteme de scanare cu raze X pentru inspectarea m\u0103rfurilor vor fi disponibile.\" \/>\n<meta name=\"robots\" content=\"index, follow, max-snippet:-1, max-image-preview:large, max-video-preview:-1\" \/>\n<link rel=\"canonical\" href=\"https:\/\/bas-tv.md\/ro\/foto-romania-a-primit-primele-sisteme-noi-de-scanare-cu-raze-x-pentru-inspectarea-marfurilor-care-intra-in-tara-cand-vor-deveni-functionale\/\" \/>\n<meta property=\"og:locale\" content=\"ro_RO\" \/>\n<meta property=\"og:type\" content=\"article\" \/>\n<meta property=\"og:title\" content=\"(FOTO) Rom\u00e2nia a primit primele sisteme noi de scanare cu raze X pentru inspectarea m\u0103rfurilor care intr\u0103 \u00een \u0163ar\u0103. C\u00e2nd vor deveni func\u021bionale - BasTV\" \/>\n<meta property=\"og:description\" content=\"Ministrul rom\u00e2n al Finan\u0163elor, Marcel Bolo\u015f, anun\u0163\u0103, joi sear\u0103, c\u0103 primele dou\u0103 scannere dintre cele 26 pe care le cump\u0103r\u0103 Rom\u00e2nia cu bani europeni au ajuns deja \u00een \u0163ar\u0103 \u015fi vor fi func\u0163ionale la finalul lunii, la Giurgiule\u015fti \u015fi Albi\u0163a. P\u00e2n\u0103 la finalul anului, opt sisteme de scanare cu raze X pentru inspectarea m\u0103rfurilor vor fi disponibile.\" \/>\n<meta property=\"og:url\" content=\"https:\/\/bas-tv.md\/ro\/foto-romania-a-primit-primele-sisteme-noi-de-scanare-cu-raze-x-pentru-inspectarea-marfurilor-care-intra-in-tara-cand-vor-deveni-functionale\/\" \/>\n<meta property=\"og:site_name\" content=\"BasTV\" \/>\n<meta property=\"article:published_time\" content=\"2024-02-09T09:08:39+00:00\" \/>\n<meta property=\"og:image\" content=\"https:\/\/bas-tv.md\/wp-content\/uploads\/2024\/02\/426831025_839241308007234_763144121722009975_n.jpg\" \/>\n\t<meta property=\"og:image:width\" content=\"1024\" \/>\n\t<meta property=\"og:image:height\" content=\"768\" \/>\n\t<meta property=\"og:image:type\" content=\"image\/jpeg\" \/>\n<meta name=\"author\" content=\"Redactor\" \/>\n<meta name=\"twitter:card\" content=\"summary_large_image\" \/>\n<meta name=\"twitter:label1\" content=\"Scris de\" \/>\n\t<meta name=\"twitter:data1\" content=\"Redactor\" \/>\n\t<meta name=\"twitter:label2\" content=\"Timp estimat pentru citire\" \/>\n\t<meta name=\"twitter:data2\" content=\"1 minut\" \/>\n<script type=\"application\/ld+json\" class=\"yoast-schema-graph\">{\"@context\":\"https:\\\/\\\/schema.org\",\"@graph\":[{\"@type\":\"Article\",\"@id\":\"https:\\\/\\\/bas-tv.md\\\/ro\\\/foto-romania-a-primit-primele-sisteme-noi-de-scanare-cu-raze-x-pentru-inspectarea-marfurilor-care-intra-in-tara-cand-vor-deveni-functionale\\\/#article\",\"isPartOf\":{\"@id\":\"https:\\\/\\\/bas-tv.md\\\/ro\\\/foto-romania-a-primit-primele-sisteme-noi-de-scanare-cu-raze-x-pentru-inspectarea-marfurilor-care-intra-in-tara-cand-vor-deveni-functionale\\\/\"},\"author\":{\"name\":\"Redactor\",\"@id\":\"https:\\\/\\\/bas-tv.md\\\/ro\\\/#\\\/schema\\\/person\\\/8740f45ea2eca1f1695284fc03529af0\"},\"headline\":\"(FOTO) Rom\u00e2nia a primit primele sisteme noi de scanare cu raze X pentru inspectarea m\u0103rfurilor care intr\u0103 \u00een \u0163ar\u0103. C\u00e2nd vor deveni func\u021bionale\",\"datePublished\":\"2024-02-09T09:08:39+00:00\",\"mainEntityOfPage\":{\"@id\":\"https:\\\/\\\/bas-tv.md\\\/ro\\\/foto-romania-a-primit-primele-sisteme-noi-de-scanare-cu-raze-x-pentru-inspectarea-marfurilor-care-intra-in-tara-cand-vor-deveni-functionale\\\/\"},\"wordCount\":302,\"publisher\":{\"@id\":\"https:\\\/\\\/bas-tv.md\\\/ro\\\/#organization\"},\"image\":{\"@id\":\"https:\\\/\\\/bas-tv.md\\\/ro\\\/foto-romania-a-primit-primele-sisteme-noi-de-scanare-cu-raze-x-pentru-inspectarea-marfurilor-care-intra-in-tara-cand-vor-deveni-functionale\\\/#primaryimage\"},\"thumbnailUrl\":\"https:\\\/\\\/bas-tv.md\\\/wp-content\\\/uploads\\\/2024\\\/02\\\/426831025_839241308007234_763144121722009975_n.jpg\",\"articleSection\":[\"Anun\u021buri\",\"Util\"],\"inLanguage\":\"ro-RO\"},{\"@type\":\"WebPage\",\"@id\":\"https:\\\/\\\/bas-tv.md\\\/ro\\\/foto-romania-a-primit-primele-sisteme-noi-de-scanare-cu-raze-x-pentru-inspectarea-marfurilor-care-intra-in-tara-cand-vor-deveni-functionale\\\/\",\"url\":\"https:\\\/\\\/bas-tv.md\\\/ro\\\/foto-romania-a-primit-primele-sisteme-noi-de-scanare-cu-raze-x-pentru-inspectarea-marfurilor-care-intra-in-tara-cand-vor-deveni-functionale\\\/\",\"name\":\"(FOTO) Rom\u00e2nia a primit primele sisteme noi de scanare cu raze X pentru inspectarea m\u0103rfurilor care intr\u0103 \u00een \u0163ar\u0103. C\u00e2nd vor deveni func\u021bionale - BasTV\",\"isPartOf\":{\"@id\":\"https:\\\/\\\/bas-tv.md\\\/ro\\\/#website\"},\"primaryImageOfPage\":{\"@id\":\"https:\\\/\\\/bas-tv.md\\\/ro\\\/foto-romania-a-primit-primele-sisteme-noi-de-scanare-cu-raze-x-pentru-inspectarea-marfurilor-care-intra-in-tara-cand-vor-deveni-functionale\\\/#primaryimage\"},\"image\":{\"@id\":\"https:\\\/\\\/bas-tv.md\\\/ro\\\/foto-romania-a-primit-primele-sisteme-noi-de-scanare-cu-raze-x-pentru-inspectarea-marfurilor-care-intra-in-tara-cand-vor-deveni-functionale\\\/#primaryimage\"},\"thumbnailUrl\":\"https:\\\/\\\/bas-tv.md\\\/wp-content\\\/uploads\\\/2024\\\/02\\\/426831025_839241308007234_763144121722009975_n.jpg\",\"datePublished\":\"2024-02-09T09:08:39+00:00\",\"description\":\"Ministrul rom\u00e2n al Finan\u0163elor, Marcel Bolo\u015f, anun\u0163\u0103, joi sear\u0103, c\u0103 primele dou\u0103 scannere dintre cele 26 pe care le cump\u0103r\u0103 Rom\u00e2nia cu bani europeni au ajuns deja \u00een \u0163ar\u0103 \u015fi vor fi func\u0163ionale la finalul lunii, la Giurgiule\u015fti \u015fi Albi\u0163a. P\u00e2n\u0103 la finalul anului, opt sisteme de scanare cu raze X pentru inspectarea m\u0103rfurilor vor fi disponibile.\",\"inLanguage\":\"ro-RO\",\"potentialAction\":[{\"@type\":\"ReadAction\",\"target\":[\"https:\\\/\\\/bas-tv.md\\\/ro\\\/foto-romania-a-primit-primele-sisteme-noi-de-scanare-cu-raze-x-pentru-inspectarea-marfurilor-care-intra-in-tara-cand-vor-deveni-functionale\\\/\"]}]},{\"@type\":\"ImageObject\",\"inLanguage\":\"ro-RO\",\"@id\":\"https:\\\/\\\/bas-tv.md\\\/ro\\\/foto-romania-a-primit-primele-sisteme-noi-de-scanare-cu-raze-x-pentru-inspectarea-marfurilor-care-intra-in-tara-cand-vor-deveni-functionale\\\/#primaryimage\",\"url\":\"https:\\\/\\\/bas-tv.md\\\/wp-content\\\/uploads\\\/2024\\\/02\\\/426831025_839241308007234_763144121722009975_n.jpg\",\"contentUrl\":\"https:\\\/\\\/bas-tv.md\\\/wp-content\\\/uploads\\\/2024\\\/02\\\/426831025_839241308007234_763144121722009975_n.jpg\",\"width\":1024,\"height\":768,\"caption\":\"Sursa: Facebook\"},{\"@type\":\"WebSite\",\"@id\":\"https:\\\/\\\/bas-tv.md\\\/ro\\\/#website\",\"url\":\"https:\\\/\\\/bas-tv.md\\\/ro\\\/\",\"name\":\"BasTV\",\"description\":\"Moldova\",\"publisher\":{\"@id\":\"https:\\\/\\\/bas-tv.md\\\/ro\\\/#organization\"},\"potentialAction\":[{\"@type\":\"SearchAction\",\"target\":{\"@type\":\"EntryPoint\",\"urlTemplate\":\"https:\\\/\\\/bas-tv.md\\\/ro\\\/?s={search_term_string}\"},\"query-input\":{\"@type\":\"PropertyValueSpecification\",\"valueRequired\":true,\"valueName\":\"search_term_string\"}}],\"inLanguage\":\"ro-RO\"},{\"@type\":\"Organization\",\"@id\":\"https:\\\/\\\/bas-tv.md\\\/ro\\\/#organization\",\"name\":\"BasTV\",\"url\":\"https:\\\/\\\/bas-tv.md\\\/ro\\\/\",\"logo\":{\"@type\":\"ImageObject\",\"inLanguage\":\"ro-RO\",\"@id\":\"https:\\\/\\\/bas-tv.md\\\/ro\\\/#\\\/schema\\\/logo\\\/image\\\/\",\"url\":\"https:\\\/\\\/bas-tv.md\\\/wp-content\\\/uploads\\\/2023\\\/05\\\/bas-tv-culoarea-rosie.png\",\"contentUrl\":\"https:\\\/\\\/bas-tv.md\\\/wp-content\\\/uploads\\\/2023\\\/05\\\/bas-tv-culoarea-rosie.png\",\"width\":202,\"height\":50,\"caption\":\"BasTV\"},\"image\":{\"@id\":\"https:\\\/\\\/bas-tv.md\\\/ro\\\/#\\\/schema\\\/logo\\\/image\\\/\"}},{\"@type\":\"Person\",\"@id\":\"https:\\\/\\\/bas-tv.md\\\/ro\\\/#\\\/schema\\\/person\\\/8740f45ea2eca1f1695284fc03529af0\",\"name\":\"Redactor\",\"image\":{\"@type\":\"ImageObject\",\"inLanguage\":\"ro-RO\",\"@id\":\"https:\\\/\\\/bas-tv.md\\\/wp-content\\\/litespeed\\\/avatar\\\/91c0586f3f6f4396a4ec1287c965eeeb.jpg?ver=1776950945\",\"url\":\"https:\\\/\\\/bas-tv.md\\\/wp-content\\\/litespeed\\\/avatar\\\/91c0586f3f6f4396a4ec1287c965eeeb.jpg?ver=1776950945\",\"contentUrl\":\"https:\\\/\\\/bas-tv.md\\\/wp-content\\\/litespeed\\\/avatar\\\/91c0586f3f6f4396a4ec1287c965eeeb.jpg?ver=1776950945\",\"caption\":\"Redactor\"},\"url\":\"https:\\\/\\\/bas-tv.md\\\/ro\\\/author\\\/redactor\\\/\"}]}<\/script>\n<!-- \/ Yoast SEO plugin. -->","yoast_head_json":{"title":"(FOTO) Rom\u00e2nia a primit primele sisteme noi de scanare cu raze X pentru inspectarea m\u0103rfurilor care intr\u0103 \u00een \u0163ar\u0103. C\u00e2nd vor deveni func\u021bionale - BasTV","description":"Ministrul rom\u00e2n al Finan\u0163elor, Marcel Bolo\u015f, anun\u0163\u0103, joi sear\u0103, c\u0103 primele dou\u0103 scannere dintre cele 26 pe care le cump\u0103r\u0103 Rom\u00e2nia cu bani europeni au ajuns deja \u00een \u0163ar\u0103 \u015fi vor fi func\u0163ionale la finalul lunii, la Giurgiule\u015fti \u015fi Albi\u0163a. P\u00e2n\u0103 la finalul anului, opt sisteme de scanare cu raze X pentru inspectarea m\u0103rfurilor vor fi disponibile.","robots":{"index":"index","follow":"follow","max-snippet":"max-snippet:-1","max-image-preview":"max-image-preview:large","max-video-preview":"max-video-preview:-1"},"canonical":"https:\/\/bas-tv.md\/ro\/foto-romania-a-primit-primele-sisteme-noi-de-scanare-cu-raze-x-pentru-inspectarea-marfurilor-care-intra-in-tara-cand-vor-deveni-functionale\/","og_locale":"ro_RO","og_type":"article","og_title":"(FOTO) Rom\u00e2nia a primit primele sisteme noi de scanare cu raze X pentru inspectarea m\u0103rfurilor care intr\u0103 \u00een \u0163ar\u0103. C\u00e2nd vor deveni func\u021bionale - BasTV","og_description":"Ministrul rom\u00e2n al Finan\u0163elor, Marcel Bolo\u015f, anun\u0163\u0103, joi sear\u0103, c\u0103 primele dou\u0103 scannere dintre cele 26 pe care le cump\u0103r\u0103 Rom\u00e2nia cu bani europeni au ajuns deja \u00een \u0163ar\u0103 \u015fi vor fi func\u0163ionale la finalul lunii, la Giurgiule\u015fti \u015fi Albi\u0163a. P\u00e2n\u0103 la finalul anului, opt sisteme de scanare cu raze X pentru inspectarea m\u0103rfurilor vor fi disponibile.","og_url":"https:\/\/bas-tv.md\/ro\/foto-romania-a-primit-primele-sisteme-noi-de-scanare-cu-raze-x-pentru-inspectarea-marfurilor-care-intra-in-tara-cand-vor-deveni-functionale\/","og_site_name":"BasTV","article_published_time":"2024-02-09T09:08:39+00:00","og_image":[{"width":1024,"height":768,"url":"https:\/\/bas-tv.md\/wp-content\/uploads\/2024\/02\/426831025_839241308007234_763144121722009975_n.jpg","type":"image\/jpeg"}],"author":"Redactor","twitter_card":"summary_large_image","twitter_misc":{"Scris de":"Redactor","Timp estimat pentru citire":"1 minut"},"schema":{"@context":"https:\/\/schema.org","@graph":[{"@type":"Article","@id":"https:\/\/bas-tv.md\/ro\/foto-romania-a-primit-primele-sisteme-noi-de-scanare-cu-raze-x-pentru-inspectarea-marfurilor-care-intra-in-tara-cand-vor-deveni-functionale\/#article","isPartOf":{"@id":"https:\/\/bas-tv.md\/ro\/foto-romania-a-primit-primele-sisteme-noi-de-scanare-cu-raze-x-pentru-inspectarea-marfurilor-care-intra-in-tara-cand-vor-deveni-functionale\/"},"author":{"name":"Redactor","@id":"https:\/\/bas-tv.md\/ro\/#\/schema\/person\/8740f45ea2eca1f1695284fc03529af0"},"headline":"(FOTO) Rom\u00e2nia a primit primele sisteme noi de scanare cu raze X pentru inspectarea m\u0103rfurilor care intr\u0103 \u00een \u0163ar\u0103. C\u00e2nd vor deveni func\u021bionale","datePublished":"2024-02-09T09:08:39+00:00","mainEntityOfPage":{"@id":"https:\/\/bas-tv.md\/ro\/foto-romania-a-primit-primele-sisteme-noi-de-scanare-cu-raze-x-pentru-inspectarea-marfurilor-care-intra-in-tara-cand-vor-deveni-functionale\/"},"wordCount":302,"publisher":{"@id":"https:\/\/bas-tv.md\/ro\/#organization"},"image":{"@id":"https:\/\/bas-tv.md\/ro\/foto-romania-a-primit-primele-sisteme-noi-de-scanare-cu-raze-x-pentru-inspectarea-marfurilor-care-intra-in-tara-cand-vor-deveni-functionale\/#primaryimage"},"thumbnailUrl":"https:\/\/bas-tv.md\/wp-content\/uploads\/2024\/02\/426831025_839241308007234_763144121722009975_n.jpg","articleSection":["Anun\u021buri","Util"],"inLanguage":"ro-RO"},{"@type":"WebPage","@id":"https:\/\/bas-tv.md\/ro\/foto-romania-a-primit-primele-sisteme-noi-de-scanare-cu-raze-x-pentru-inspectarea-marfurilor-care-intra-in-tara-cand-vor-deveni-functionale\/","url":"https:\/\/bas-tv.md\/ro\/foto-romania-a-primit-primele-sisteme-noi-de-scanare-cu-raze-x-pentru-inspectarea-marfurilor-care-intra-in-tara-cand-vor-deveni-functionale\/","name":"(FOTO) Rom\u00e2nia a primit primele sisteme noi de scanare cu raze X pentru inspectarea m\u0103rfurilor care intr\u0103 \u00een \u0163ar\u0103. C\u00e2nd vor deveni func\u021bionale - BasTV","isPartOf":{"@id":"https:\/\/bas-tv.md\/ro\/#website"},"primaryImageOfPage":{"@id":"https:\/\/bas-tv.md\/ro\/foto-romania-a-primit-primele-sisteme-noi-de-scanare-cu-raze-x-pentru-inspectarea-marfurilor-care-intra-in-tara-cand-vor-deveni-functionale\/#primaryimage"},"image":{"@id":"https:\/\/bas-tv.md\/ro\/foto-romania-a-primit-primele-sisteme-noi-de-scanare-cu-raze-x-pentru-inspectarea-marfurilor-care-intra-in-tara-cand-vor-deveni-functionale\/#primaryimage"},"thumbnailUrl":"https:\/\/bas-tv.md\/wp-content\/uploads\/2024\/02\/426831025_839241308007234_763144121722009975_n.jpg","datePublished":"2024-02-09T09:08:39+00:00","description":"Ministrul rom\u00e2n al Finan\u0163elor, Marcel Bolo\u015f, anun\u0163\u0103, joi sear\u0103, c\u0103 primele dou\u0103 scannere dintre cele 26 pe care le cump\u0103r\u0103 Rom\u00e2nia cu bani europeni au ajuns deja \u00een \u0163ar\u0103 \u015fi vor fi func\u0163ionale la finalul lunii, la Giurgiule\u015fti \u015fi Albi\u0163a. P\u00e2n\u0103 la finalul anului, opt sisteme de scanare cu raze X pentru inspectarea m\u0103rfurilor vor fi disponibile.","inLanguage":"ro-RO","potentialAction":[{"@type":"ReadAction","target":["https:\/\/bas-tv.md\/ro\/foto-romania-a-primit-primele-sisteme-noi-de-scanare-cu-raze-x-pentru-inspectarea-marfurilor-care-intra-in-tara-cand-vor-deveni-functionale\/"]}]},{"@type":"ImageObject","inLanguage":"ro-RO","@id":"https:\/\/bas-tv.md\/ro\/foto-romania-a-primit-primele-sisteme-noi-de-scanare-cu-raze-x-pentru-inspectarea-marfurilor-care-intra-in-tara-cand-vor-deveni-functionale\/#primaryimage","url":"https:\/\/bas-tv.md\/wp-content\/uploads\/2024\/02\/426831025_839241308007234_763144121722009975_n.jpg","contentUrl":"https:\/\/bas-tv.md\/wp-content\/uploads\/2024\/02\/426831025_839241308007234_763144121722009975_n.jpg","width":1024,"height":768,"caption":"Sursa: Facebook"},{"@type":"WebSite","@id":"https:\/\/bas-tv.md\/ro\/#website","url":"https:\/\/bas-tv.md\/ro\/","name":"BasTV","description":"Moldova","publisher":{"@id":"https:\/\/bas-tv.md\/ro\/#organization"},"potentialAction":[{"@type":"SearchAction","target":{"@type":"EntryPoint","urlTemplate":"https:\/\/bas-tv.md\/ro\/?s={search_term_string}"},"query-input":{"@type":"PropertyValueSpecification","valueRequired":true,"valueName":"search_term_string"}}],"inLanguage":"ro-RO"},{"@type":"Organization","@id":"https:\/\/bas-tv.md\/ro\/#organization","name":"BasTV","url":"https:\/\/bas-tv.md\/ro\/","logo":{"@type":"ImageObject","inLanguage":"ro-RO","@id":"https:\/\/bas-tv.md\/ro\/#\/schema\/logo\/image\/","url":"https:\/\/bas-tv.md\/wp-content\/uploads\/2023\/05\/bas-tv-culoarea-rosie.png","contentUrl":"https:\/\/bas-tv.md\/wp-content\/uploads\/2023\/05\/bas-tv-culoarea-rosie.png","width":202,"height":50,"caption":"BasTV"},"image":{"@id":"https:\/\/bas-tv.md\/ro\/#\/schema\/logo\/image\/"}},{"@type":"Person","@id":"https:\/\/bas-tv.md\/ro\/#\/schema\/person\/8740f45ea2eca1f1695284fc03529af0","name":"Redactor","image":{"@type":"ImageObject","inLanguage":"ro-RO","@id":"https:\/\/bas-tv.md\/wp-content\/litespeed\/avatar\/91c0586f3f6f4396a4ec1287c965eeeb.jpg?ver=1776950945","url":"https:\/\/bas-tv.md\/wp-content\/litespeed\/avatar\/91c0586f3f6f4396a4ec1287c965eeeb.jpg?ver=1776950945","contentUrl":"https:\/\/bas-tv.md\/wp-content\/litespeed\/avatar\/91c0586f3f6f4396a4ec1287c965eeeb.jpg?ver=1776950945","caption":"Redactor"},"url":"https:\/\/bas-tv.md\/ro\/author\/redactor\/"}]}},"views":267,"_links":{"self":[{"href":"https:\/\/bas-tv.md\/ro\/wp-json\/wp\/v2\/posts\/111605","targetHints":{"allow":["GET"]}}],"collection":[{"href":"https:\/\/bas-tv.md\/ro\/wp-json\/wp\/v2\/posts"}],"about":[{"href":"https:\/\/bas-tv.md\/ro\/wp-json\/wp\/v2\/types\/post"}],"author":[{"embeddable":true,"href":"https:\/\/bas-tv.md\/ro\/wp-json\/wp\/v2\/users\/3"}],"replies":[{"embeddable":true,"href":"https:\/\/bas-tv.md\/ro\/wp-json\/wp\/v2\/comments?post=111605"}],"version-history":[{"count":4,"href":"https:\/\/bas-tv.md\/ro\/wp-json\/wp\/v2\/posts\/111605\/revisions"}],"predecessor-version":[{"id":111617,"href":"https:\/\/bas-tv.md\/ro\/wp-json\/wp\/v2\/posts\/111605\/revisions\/111617"}],"wp:featuredmedia":[{"embeddable":true,"href":"https:\/\/bas-tv.md\/ro\/wp-json\/wp\/v2\/media\/111614"}],"wp:attachment":[{"href":"https:\/\/bas-tv.md\/ro\/wp-json\/wp\/v2\/media?parent=111605"}],"wp:term":[{"taxonomy":"category","embeddable":true,"href":"https:\/\/bas-tv.md\/ro\/wp-json\/wp\/v2\/categories?post=111605"},{"taxonomy":"post_tag","embeddable":true,"href":"https:\/\/bas-tv.md\/ro\/wp-json\/wp\/v2\/tags?post=111605"}],"curies":[{"name":"wp","href":"https:\/\/api.w.org\/{rel}","templated":true}]}}