{"id":112518,"date":"2024-02-22T13:00:04","date_gmt":"2024-02-22T11:00:04","guid":{"rendered":"https:\/\/bas-tv.md\/?p=112518"},"modified":"2024-02-22T13:00:04","modified_gmt":"2024-02-22T11:00:04","slug":"locuitorii-uta-gagauzia-protesteaza-la-curtea-constitutionala-fiind-nemultumiti-de-legea-tva-ului","status":"publish","type":"post","link":"https:\/\/bas-tv.md\/ro\/locuitorii-uta-gagauzia-protesteaza-la-curtea-constitutionala-fiind-nemultumiti-de-legea-tva-ului\/","title":{"rendered":"Locuitorii UTA G\u0103g\u0103uzia protesteaz\u0103 la Curtea Constitu\u021bional\u0103, fiind nemul\u021bumi\u021bi de legea TVA-ului"},"content":{"rendered":"<p><strong>Zeci de oameni din UTA G\u0103g\u0103uzia au venit ast\u0103zi \u00een fa\u021ba Cur\u021bii Constitu\u021bionale, unde se examineaz\u0103 contesta\u021bia autorit\u0103\u021bilor de la Comrat, privind modificarea Codului Fiscal. \u00cen acela\u0219i timp, \u00een fa\u021ba CC sunt prezen\u021bi \u0219i un grup de contraprotestatari.<\/strong><\/p>\n<p><span style=\"font-weight: 400;\">Zeci de persoane au venit din G\u0103g\u0103uzia pentru a sus\u021bine autorit\u0103\u021bile din autonomie \u00een contestarea modific\u0103rilor Codului Fiscal. Oamenii protesteaz\u0103 fa\u021b\u0103 de noile modific\u0103ri legislative, care prev\u0103d rambursarea TVA-ului din bugetul autonomiei. Din cauza num\u0103rului mare de persoane, oamenii legii au fost nevoi\u021bi s\u0103 \u00eenchid\u0103 circula\u021bia transportului pe o por\u021biune din strada Alexandru L\u0103pu\u0219neanu.<\/span><\/p>\n<p><span style=\"font-weight: 400;\">\u00centre timp, un alt grup de protestatari, \u00eenarma\u021bi cu pancarte au venit \u00een fa\u021ba Cur\u021bii Constitu\u021bionale pentru a contramanifesta fa\u021b\u0103 de solicit\u0103rile g\u0103g\u0103uzilor. Mai mult, ace\u0219tia solicit\u0103 \u201eanularea Autonomiei G\u0103g\u0103uze\u201d. \u00cen scurt timp au \u00eenceput \u0219i alterca\u021bii \u00eentre cele dou\u0103 grupuri de protestatari. \u00cen timp ce unii scandau: \u201eJos maia Sandu!\u201d, ceilal\u021bi strigau \u201eJos ho\u021bii!\u201d.<\/span><\/p>\n<div id='gallery-1' class='gallery galleryid-112518 gallery-columns-1 gallery-size-large'><figure class='gallery-item'>\n\t\t\t<div class='gallery-icon landscape'>\n\t\t\t\t<a href='https:\/\/bas-tv.md\/ro\/foto-gestionarea-deseurilor-din-plastic-in-abaclia-ce-se-intampla-cu-plasticul-colectat\/89823804-cf76-44ad-a76a-2ca97c01640b_design\/'><img fetchpriority=\"high\" decoding=\"async\" width=\"580\" height=\"382\" src=\"https:\/\/bas-tv.md\/wp-content\/uploads\/2024\/02\/89823804-cf76-44ad-a76a-2ca97c01640b_design-e1708595867340-1024x674.jpg\" class=\"attachment-large size-large\" alt=\"\" aria-describedby=\"gallery-1-112511\" srcset=\"https:\/\/bas-tv.md\/wp-content\/uploads\/2024\/02\/89823804-cf76-44ad-a76a-2ca97c01640b_design-e1708595867340-1024x674.jpg 1024w, https:\/\/bas-tv.md\/wp-content\/uploads\/2024\/02\/89823804-cf76-44ad-a76a-2ca97c01640b_design-e1708595867340-300x197.jpg 300w, https:\/\/bas-tv.md\/wp-content\/uploads\/2024\/02\/89823804-cf76-44ad-a76a-2ca97c01640b_design-e1708595867340-768x505.jpg 768w, https:\/\/bas-tv.md\/wp-content\/uploads\/2024\/02\/89823804-cf76-44ad-a76a-2ca97c01640b_design-e1708595867340-1536x1011.jpg 1536w, https:\/\/bas-tv.md\/wp-content\/uploads\/2024\/02\/89823804-cf76-44ad-a76a-2ca97c01640b_design-e1708595867340-1200x790.jpg 1200w, https:\/\/bas-tv.md\/wp-content\/uploads\/2024\/02\/89823804-cf76-44ad-a76a-2ca97c01640b_design-e1708595867340.jpg 1641w\" sizes=\"(max-width: 580px) 100vw, 580px\" \/><\/a>\n\t\t\t<\/div>\n\t\t\t\t<figcaption class='wp-caption-text gallery-caption' id='gallery-1-112511'>\n\t\t\t\tFoto: tv8.md\n\t\t\t\t<\/figcaption><\/figure><figure class='gallery-item'>\n\t\t\t<div class='gallery-icon landscape'>\n\t\t\t\t<a href='https:\/\/bas-tv.md\/ro\/foto-gestionarea-deseurilor-din-plastic-in-abaclia-ce-se-intampla-cu-plasticul-colectat\/43d4bd88-060d-4d7e-a122-1db1015de499_contraprotest5\/'><img decoding=\"async\" width=\"580\" height=\"326\" data-src=\"https:\/\/bas-tv.md\/wp-content\/uploads\/2024\/02\/43d4bd88-060d-4d7e-a122-1db1015de499_contraprotest5.jpg\" class=\"attachment-large size-large lazyload\" alt=\"\" aria-describedby=\"gallery-1-112513\" data-srcset=\"https:\/\/bas-tv.md\/wp-content\/uploads\/2024\/02\/43d4bd88-060d-4d7e-a122-1db1015de499_contraprotest5.jpg 1024w, https:\/\/bas-tv.md\/wp-content\/uploads\/2024\/02\/43d4bd88-060d-4d7e-a122-1db1015de499_contraprotest5-300x169.jpg 300w, https:\/\/bas-tv.md\/wp-content\/uploads\/2024\/02\/43d4bd88-060d-4d7e-a122-1db1015de499_contraprotest5-768x432.jpg 768w\" data-sizes=\"(max-width: 580px) 100vw, 580px\" src=\"data:image\/svg+xml;base64,PHN2ZyB3aWR0aD0iMSIgaGVpZ2h0PSIxIiB4bWxucz0iaHR0cDovL3d3dy53My5vcmcvMjAwMC9zdmciPjwvc3ZnPg==\" style=\"--smush-placeholder-width: 580px; --smush-placeholder-aspect-ratio: 580\/326;\" \/><\/a>\n\t\t\t<\/div>\n\t\t\t\t<figcaption class='wp-caption-text gallery-caption' id='gallery-1-112513'>\n\t\t\t\tFoto: tv8.md\n\t\t\t\t<\/figcaption><\/figure><figure class='gallery-item'>\n\t\t\t<div class='gallery-icon landscape'>\n\t\t\t\t<a href='https:\/\/bas-tv.md\/ro\/foto-gestionarea-deseurilor-din-plastic-in-abaclia-ce-se-intampla-cu-plasticul-colectat\/b7f5304c-fe6d-4734-97d0-b754e7826c29_contraprotest\/'><img decoding=\"async\" width=\"580\" height=\"326\" data-src=\"https:\/\/bas-tv.md\/wp-content\/uploads\/2024\/02\/b7f5304c-fe6d-4734-97d0-b754e7826c29_contraprotest.jpg\" class=\"attachment-large size-large lazyload\" alt=\"\" aria-describedby=\"gallery-1-112515\" data-srcset=\"https:\/\/bas-tv.md\/wp-content\/uploads\/2024\/02\/b7f5304c-fe6d-4734-97d0-b754e7826c29_contraprotest.jpg 1024w, https:\/\/bas-tv.md\/wp-content\/uploads\/2024\/02\/b7f5304c-fe6d-4734-97d0-b754e7826c29_contraprotest-300x169.jpg 300w, https:\/\/bas-tv.md\/wp-content\/uploads\/2024\/02\/b7f5304c-fe6d-4734-97d0-b754e7826c29_contraprotest-768x432.jpg 768w\" data-sizes=\"(max-width: 580px) 100vw, 580px\" src=\"data:image\/svg+xml;base64,PHN2ZyB3aWR0aD0iMSIgaGVpZ2h0PSIxIiB4bWxucz0iaHR0cDovL3d3dy53My5vcmcvMjAwMC9zdmciPjwvc3ZnPg==\" style=\"--smush-placeholder-width: 580px; --smush-placeholder-aspect-ratio: 580\/326;\" \/><\/a>\n\t\t\t<\/div>\n\t\t\t\t<figcaption class='wp-caption-text gallery-caption' id='gallery-1-112515'>\n\t\t\t\tFoto: tv8.md\n\t\t\t\t<\/figcaption><\/figure>\n\t\t<\/div>\n\n<p><b>Abona\u021bi-v\u0103 la noi pe re\u021bele<\/b><b>\u00a0sociale:\u00a0<\/b><a href=\"https:\/\/t.me\/bastvmd\"><b><i>Telegram<\/i><\/b><\/a><b>,\u00a0<\/b><a href=\"https:\/\/www.youtube.com\/channel\/UC-9005PnLnhpNM8PVSjP2dQ\/featured\"><b><i>YouTube<\/i><\/b><\/a><b>,\u00a0<\/b><a href=\"https:\/\/www.facebook.com\/bastv.md\"><b><i>Facebook<\/i><\/b><\/a>\u00a0\u0219i\u00a0<a href=\"https:\/\/www.instagram.com\/bastv.md\/\"><b><i>Instagram<\/i><\/b><\/a><b>.\u00a0 Aici public\u0103m \u0219tiri pe scurt!<\/b><\/p>\n","protected":false},"excerpt":{"rendered":"<p>Zeci de oameni din UTA G\u0103g\u0103uzia au venit ast\u0103zi \u00een fa\u021ba Cur\u021bii Constitu\u021bionale, unde se examineaz\u0103 contesta\u021bia autorit\u0103\u021bilor de la Comrat, privind modificarea Codului Fiscal. \u00cen acela\u0219i timp, \u00een fa\u021ba CC sunt prezen\u021bi \u0219i un grup de contraprotestatari. Zeci de persoane au venit din G\u0103g\u0103uzia pentru a sus\u021bine autorit\u0103\u021bile din autonomie \u00een contestarea modific\u0103rilor Codului [&hellip;]<\/p>\n","protected":false},"author":3,"featured_media":112511,"comment_status":"closed","ping_status":"closed","sticky":false,"template":"","format":"standard","meta":{"footnotes":""},"categories":[602,570],"tags":[928,1859],"class_list":["post-112518","post","type-post","status-publish","format-standard","has-post-thumbnail","hentry","category-actualitate","category-in-moldova","tag-gagauzia","tag-protest-ro"],"yoast_head":"<!-- This site is optimized with the Yoast SEO plugin v27.5 - https:\/\/yoast.com\/product\/yoast-seo-wordpress\/ -->\n<title>Locuitorii UTA G\u0103g\u0103uzia protesteaz\u0103 la Curtea Constitu\u021bional\u0103, fiind nemul\u021bumi\u021bi de legea TVA-ului - BasTV<\/title>\n<meta name=\"description\" content=\"Zeci de oameni din UTA G\u0103g\u0103uzia au venit ast\u0103zi \u00een fa\u021ba Cur\u021bii Constitu\u021bionale, unde se examineaz\u0103 contesta\u021bia autorit\u0103\u021bilor de la Comrat, privind modificarea Codului Fiscal. \u00cen acela\u0219i timp, \u00een fa\u021ba CC sunt prezen\u021bi \u0219i un grup de contraprotestatari.\" \/>\n<meta name=\"robots\" content=\"index, follow, max-snippet:-1, max-image-preview:large, max-video-preview:-1\" \/>\n<link rel=\"canonical\" href=\"https:\/\/bas-tv.md\/ro\/locuitorii-uta-gagauzia-protesteaza-la-curtea-constitutionala-fiind-nemultumiti-de-legea-tva-ului\/\" \/>\n<meta property=\"og:locale\" content=\"ro_RO\" \/>\n<meta property=\"og:type\" content=\"article\" \/>\n<meta property=\"og:title\" content=\"Locuitorii UTA G\u0103g\u0103uzia protesteaz\u0103 la Curtea Constitu\u021bional\u0103, fiind nemul\u021bumi\u021bi de legea TVA-ului - BasTV\" \/>\n<meta property=\"og:description\" content=\"Zeci de oameni din UTA G\u0103g\u0103uzia au venit ast\u0103zi \u00een fa\u021ba Cur\u021bii Constitu\u021bionale, unde se examineaz\u0103 contesta\u021bia autorit\u0103\u021bilor de la Comrat, privind modificarea Codului Fiscal. \u00cen acela\u0219i timp, \u00een fa\u021ba CC sunt prezen\u021bi \u0219i un grup de contraprotestatari.\" \/>\n<meta property=\"og:url\" content=\"https:\/\/bas-tv.md\/ro\/locuitorii-uta-gagauzia-protesteaza-la-curtea-constitutionala-fiind-nemultumiti-de-legea-tva-ului\/\" \/>\n<meta property=\"og:site_name\" content=\"BasTV\" \/>\n<meta property=\"article:published_time\" content=\"2024-02-22T11:00:04+00:00\" \/>\n<meta property=\"og:image\" content=\"https:\/\/bas-tv.md\/wp-content\/uploads\/2024\/02\/89823804-cf76-44ad-a76a-2ca97c01640b_design-e1708595867340.jpg\" \/>\n\t<meta property=\"og:image:width\" content=\"1641\" \/>\n\t<meta property=\"og:image:height\" content=\"1080\" \/>\n\t<meta property=\"og:image:type\" content=\"image\/jpeg\" \/>\n<meta name=\"author\" content=\"Redactor\" \/>\n<meta name=\"twitter:card\" content=\"summary_large_image\" \/>\n<meta name=\"twitter:label1\" content=\"Scris de\" \/>\n\t<meta name=\"twitter:data1\" content=\"Redactor\" \/>\n\t<meta name=\"twitter:label2\" content=\"Timp estimat pentru citire\" \/>\n\t<meta name=\"twitter:data2\" content=\"2 minute\" \/>\n<script type=\"application\/ld+json\" class=\"yoast-schema-graph\">{\"@context\":\"https:\\\/\\\/schema.org\",\"@graph\":[{\"@type\":\"Article\",\"@id\":\"https:\\\/\\\/bas-tv.md\\\/ro\\\/locuitorii-uta-gagauzia-protesteaza-la-curtea-constitutionala-fiind-nemultumiti-de-legea-tva-ului\\\/#article\",\"isPartOf\":{\"@id\":\"https:\\\/\\\/bas-tv.md\\\/ro\\\/locuitorii-uta-gagauzia-protesteaza-la-curtea-constitutionala-fiind-nemultumiti-de-legea-tva-ului\\\/\"},\"author\":{\"name\":\"Redactor\",\"@id\":\"https:\\\/\\\/bas-tv.md\\\/ro\\\/#\\\/schema\\\/person\\\/8740f45ea2eca1f1695284fc03529af0\"},\"headline\":\"Locuitorii UTA G\u0103g\u0103uzia protesteaz\u0103 la Curtea Constitu\u021bional\u0103, fiind nemul\u021bumi\u021bi de legea TVA-ului\",\"datePublished\":\"2024-02-22T11:00:04+00:00\",\"mainEntityOfPage\":{\"@id\":\"https:\\\/\\\/bas-tv.md\\\/ro\\\/locuitorii-uta-gagauzia-protesteaza-la-curtea-constitutionala-fiind-nemultumiti-de-legea-tva-ului\\\/\"},\"wordCount\":225,\"publisher\":{\"@id\":\"https:\\\/\\\/bas-tv.md\\\/ro\\\/#organization\"},\"image\":{\"@id\":\"https:\\\/\\\/bas-tv.md\\\/ro\\\/locuitorii-uta-gagauzia-protesteaza-la-curtea-constitutionala-fiind-nemultumiti-de-legea-tva-ului\\\/#primaryimage\"},\"thumbnailUrl\":\"https:\\\/\\\/bas-tv.md\\\/wp-content\\\/uploads\\\/2024\\\/02\\\/89823804-cf76-44ad-a76a-2ca97c01640b_design-e1708595867340.jpg\",\"keywords\":[\"g\u0103g\u0103uzia\",\"\u043f\u0440\u043e\u0442\u0435\u0441\u0442\"],\"articleSection\":[\"Actualitate\",\"\u00cen Moldova\"],\"inLanguage\":\"ro-RO\"},{\"@type\":\"WebPage\",\"@id\":\"https:\\\/\\\/bas-tv.md\\\/ro\\\/locuitorii-uta-gagauzia-protesteaza-la-curtea-constitutionala-fiind-nemultumiti-de-legea-tva-ului\\\/\",\"url\":\"https:\\\/\\\/bas-tv.md\\\/ro\\\/locuitorii-uta-gagauzia-protesteaza-la-curtea-constitutionala-fiind-nemultumiti-de-legea-tva-ului\\\/\",\"name\":\"Locuitorii UTA G\u0103g\u0103uzia protesteaz\u0103 la Curtea Constitu\u021bional\u0103, fiind nemul\u021bumi\u021bi de legea TVA-ului - BasTV\",\"isPartOf\":{\"@id\":\"https:\\\/\\\/bas-tv.md\\\/ro\\\/#website\"},\"primaryImageOfPage\":{\"@id\":\"https:\\\/\\\/bas-tv.md\\\/ro\\\/locuitorii-uta-gagauzia-protesteaza-la-curtea-constitutionala-fiind-nemultumiti-de-legea-tva-ului\\\/#primaryimage\"},\"image\":{\"@id\":\"https:\\\/\\\/bas-tv.md\\\/ro\\\/locuitorii-uta-gagauzia-protesteaza-la-curtea-constitutionala-fiind-nemultumiti-de-legea-tva-ului\\\/#primaryimage\"},\"thumbnailUrl\":\"https:\\\/\\\/bas-tv.md\\\/wp-content\\\/uploads\\\/2024\\\/02\\\/89823804-cf76-44ad-a76a-2ca97c01640b_design-e1708595867340.jpg\",\"datePublished\":\"2024-02-22T11:00:04+00:00\",\"description\":\"Zeci de oameni din UTA G\u0103g\u0103uzia au venit ast\u0103zi \u00een fa\u021ba Cur\u021bii Constitu\u021bionale, unde se examineaz\u0103 contesta\u021bia autorit\u0103\u021bilor de la Comrat, privind modificarea Codului Fiscal. \u00cen acela\u0219i timp, \u00een fa\u021ba CC sunt prezen\u021bi \u0219i un grup de contraprotestatari.\",\"inLanguage\":\"ro-RO\",\"potentialAction\":[{\"@type\":\"ReadAction\",\"target\":[\"https:\\\/\\\/bas-tv.md\\\/ro\\\/locuitorii-uta-gagauzia-protesteaza-la-curtea-constitutionala-fiind-nemultumiti-de-legea-tva-ului\\\/\"]}]},{\"@type\":\"ImageObject\",\"inLanguage\":\"ro-RO\",\"@id\":\"https:\\\/\\\/bas-tv.md\\\/ro\\\/locuitorii-uta-gagauzia-protesteaza-la-curtea-constitutionala-fiind-nemultumiti-de-legea-tva-ului\\\/#primaryimage\",\"url\":\"https:\\\/\\\/bas-tv.md\\\/wp-content\\\/uploads\\\/2024\\\/02\\\/89823804-cf76-44ad-a76a-2ca97c01640b_design-e1708595867340.jpg\",\"contentUrl\":\"https:\\\/\\\/bas-tv.md\\\/wp-content\\\/uploads\\\/2024\\\/02\\\/89823804-cf76-44ad-a76a-2ca97c01640b_design-e1708595867340.jpg\",\"width\":1641,\"height\":1080,\"caption\":\"Foto: tv8.md\"},{\"@type\":\"WebSite\",\"@id\":\"https:\\\/\\\/bas-tv.md\\\/ro\\\/#website\",\"url\":\"https:\\\/\\\/bas-tv.md\\\/ro\\\/\",\"name\":\"BasTV\",\"description\":\"Moldova\",\"publisher\":{\"@id\":\"https:\\\/\\\/bas-tv.md\\\/ro\\\/#organization\"},\"potentialAction\":[{\"@type\":\"SearchAction\",\"target\":{\"@type\":\"EntryPoint\",\"urlTemplate\":\"https:\\\/\\\/bas-tv.md\\\/ro\\\/?s={search_term_string}\"},\"query-input\":{\"@type\":\"PropertyValueSpecification\",\"valueRequired\":true,\"valueName\":\"search_term_string\"}}],\"inLanguage\":\"ro-RO\"},{\"@type\":\"Organization\",\"@id\":\"https:\\\/\\\/bas-tv.md\\\/ro\\\/#organization\",\"name\":\"BasTV\",\"url\":\"https:\\\/\\\/bas-tv.md\\\/ro\\\/\",\"logo\":{\"@type\":\"ImageObject\",\"inLanguage\":\"ro-RO\",\"@id\":\"https:\\\/\\\/bas-tv.md\\\/ro\\\/#\\\/schema\\\/logo\\\/image\\\/\",\"url\":\"https:\\\/\\\/bas-tv.md\\\/wp-content\\\/uploads\\\/2023\\\/05\\\/bas-tv-culoarea-rosie.png\",\"contentUrl\":\"https:\\\/\\\/bas-tv.md\\\/wp-content\\\/uploads\\\/2023\\\/05\\\/bas-tv-culoarea-rosie.png\",\"width\":202,\"height\":50,\"caption\":\"BasTV\"},\"image\":{\"@id\":\"https:\\\/\\\/bas-tv.md\\\/ro\\\/#\\\/schema\\\/logo\\\/image\\\/\"}},{\"@type\":\"Person\",\"@id\":\"https:\\\/\\\/bas-tv.md\\\/ro\\\/#\\\/schema\\\/person\\\/8740f45ea2eca1f1695284fc03529af0\",\"name\":\"Redactor\",\"image\":{\"@type\":\"ImageObject\",\"inLanguage\":\"ro-RO\",\"@id\":\"https:\\\/\\\/secure.gravatar.com\\\/avatar\\\/45b6af9fc91c10b15a8b40e67c1f57bab2e9614fc9f0af95cf453d61934e9aad?s=96&d=mm&r=g\",\"url\":\"https:\\\/\\\/secure.gravatar.com\\\/avatar\\\/45b6af9fc91c10b15a8b40e67c1f57bab2e9614fc9f0af95cf453d61934e9aad?s=96&d=mm&r=g\",\"contentUrl\":\"https:\\\/\\\/secure.gravatar.com\\\/avatar\\\/45b6af9fc91c10b15a8b40e67c1f57bab2e9614fc9f0af95cf453d61934e9aad?s=96&d=mm&r=g\",\"caption\":\"Redactor\"},\"url\":\"https:\\\/\\\/bas-tv.md\\\/ro\\\/author\\\/redactor\\\/\"}]}<\/script>\n<!-- \/ Yoast SEO plugin. -->","yoast_head_json":{"title":"Locuitorii UTA G\u0103g\u0103uzia protesteaz\u0103 la Curtea Constitu\u021bional\u0103, fiind nemul\u021bumi\u021bi de legea TVA-ului - BasTV","description":"Zeci de oameni din UTA G\u0103g\u0103uzia au venit ast\u0103zi \u00een fa\u021ba Cur\u021bii Constitu\u021bionale, unde se examineaz\u0103 contesta\u021bia autorit\u0103\u021bilor de la Comrat, privind modificarea Codului Fiscal. \u00cen acela\u0219i timp, \u00een fa\u021ba CC sunt prezen\u021bi \u0219i un grup de contraprotestatari.","robots":{"index":"index","follow":"follow","max-snippet":"max-snippet:-1","max-image-preview":"max-image-preview:large","max-video-preview":"max-video-preview:-1"},"canonical":"https:\/\/bas-tv.md\/ro\/locuitorii-uta-gagauzia-protesteaza-la-curtea-constitutionala-fiind-nemultumiti-de-legea-tva-ului\/","og_locale":"ro_RO","og_type":"article","og_title":"Locuitorii UTA G\u0103g\u0103uzia protesteaz\u0103 la Curtea Constitu\u021bional\u0103, fiind nemul\u021bumi\u021bi de legea TVA-ului - BasTV","og_description":"Zeci de oameni din UTA G\u0103g\u0103uzia au venit ast\u0103zi \u00een fa\u021ba Cur\u021bii Constitu\u021bionale, unde se examineaz\u0103 contesta\u021bia autorit\u0103\u021bilor de la Comrat, privind modificarea Codului Fiscal. \u00cen acela\u0219i timp, \u00een fa\u021ba CC sunt prezen\u021bi \u0219i un grup de contraprotestatari.","og_url":"https:\/\/bas-tv.md\/ro\/locuitorii-uta-gagauzia-protesteaza-la-curtea-constitutionala-fiind-nemultumiti-de-legea-tva-ului\/","og_site_name":"BasTV","article_published_time":"2024-02-22T11:00:04+00:00","og_image":[{"width":1641,"height":1080,"url":"https:\/\/bas-tv.md\/wp-content\/uploads\/2024\/02\/89823804-cf76-44ad-a76a-2ca97c01640b_design-e1708595867340.jpg","type":"image\/jpeg"}],"author":"Redactor","twitter_card":"summary_large_image","twitter_misc":{"Scris de":"Redactor","Timp estimat pentru citire":"2 minute"},"schema":{"@context":"https:\/\/schema.org","@graph":[{"@type":"Article","@id":"https:\/\/bas-tv.md\/ro\/locuitorii-uta-gagauzia-protesteaza-la-curtea-constitutionala-fiind-nemultumiti-de-legea-tva-ului\/#article","isPartOf":{"@id":"https:\/\/bas-tv.md\/ro\/locuitorii-uta-gagauzia-protesteaza-la-curtea-constitutionala-fiind-nemultumiti-de-legea-tva-ului\/"},"author":{"name":"Redactor","@id":"https:\/\/bas-tv.md\/ro\/#\/schema\/person\/8740f45ea2eca1f1695284fc03529af0"},"headline":"Locuitorii UTA G\u0103g\u0103uzia protesteaz\u0103 la Curtea Constitu\u021bional\u0103, fiind nemul\u021bumi\u021bi de legea TVA-ului","datePublished":"2024-02-22T11:00:04+00:00","mainEntityOfPage":{"@id":"https:\/\/bas-tv.md\/ro\/locuitorii-uta-gagauzia-protesteaza-la-curtea-constitutionala-fiind-nemultumiti-de-legea-tva-ului\/"},"wordCount":225,"publisher":{"@id":"https:\/\/bas-tv.md\/ro\/#organization"},"image":{"@id":"https:\/\/bas-tv.md\/ro\/locuitorii-uta-gagauzia-protesteaza-la-curtea-constitutionala-fiind-nemultumiti-de-legea-tva-ului\/#primaryimage"},"thumbnailUrl":"https:\/\/bas-tv.md\/wp-content\/uploads\/2024\/02\/89823804-cf76-44ad-a76a-2ca97c01640b_design-e1708595867340.jpg","keywords":["g\u0103g\u0103uzia","\u043f\u0440\u043e\u0442\u0435\u0441\u0442"],"articleSection":["Actualitate","\u00cen Moldova"],"inLanguage":"ro-RO"},{"@type":"WebPage","@id":"https:\/\/bas-tv.md\/ro\/locuitorii-uta-gagauzia-protesteaza-la-curtea-constitutionala-fiind-nemultumiti-de-legea-tva-ului\/","url":"https:\/\/bas-tv.md\/ro\/locuitorii-uta-gagauzia-protesteaza-la-curtea-constitutionala-fiind-nemultumiti-de-legea-tva-ului\/","name":"Locuitorii UTA G\u0103g\u0103uzia protesteaz\u0103 la Curtea Constitu\u021bional\u0103, fiind nemul\u021bumi\u021bi de legea TVA-ului - BasTV","isPartOf":{"@id":"https:\/\/bas-tv.md\/ro\/#website"},"primaryImageOfPage":{"@id":"https:\/\/bas-tv.md\/ro\/locuitorii-uta-gagauzia-protesteaza-la-curtea-constitutionala-fiind-nemultumiti-de-legea-tva-ului\/#primaryimage"},"image":{"@id":"https:\/\/bas-tv.md\/ro\/locuitorii-uta-gagauzia-protesteaza-la-curtea-constitutionala-fiind-nemultumiti-de-legea-tva-ului\/#primaryimage"},"thumbnailUrl":"https:\/\/bas-tv.md\/wp-content\/uploads\/2024\/02\/89823804-cf76-44ad-a76a-2ca97c01640b_design-e1708595867340.jpg","datePublished":"2024-02-22T11:00:04+00:00","description":"Zeci de oameni din UTA G\u0103g\u0103uzia au venit ast\u0103zi \u00een fa\u021ba Cur\u021bii Constitu\u021bionale, unde se examineaz\u0103 contesta\u021bia autorit\u0103\u021bilor de la Comrat, privind modificarea Codului Fiscal. \u00cen acela\u0219i timp, \u00een fa\u021ba CC sunt prezen\u021bi \u0219i un grup de contraprotestatari.","inLanguage":"ro-RO","potentialAction":[{"@type":"ReadAction","target":["https:\/\/bas-tv.md\/ro\/locuitorii-uta-gagauzia-protesteaza-la-curtea-constitutionala-fiind-nemultumiti-de-legea-tva-ului\/"]}]},{"@type":"ImageObject","inLanguage":"ro-RO","@id":"https:\/\/bas-tv.md\/ro\/locuitorii-uta-gagauzia-protesteaza-la-curtea-constitutionala-fiind-nemultumiti-de-legea-tva-ului\/#primaryimage","url":"https:\/\/bas-tv.md\/wp-content\/uploads\/2024\/02\/89823804-cf76-44ad-a76a-2ca97c01640b_design-e1708595867340.jpg","contentUrl":"https:\/\/bas-tv.md\/wp-content\/uploads\/2024\/02\/89823804-cf76-44ad-a76a-2ca97c01640b_design-e1708595867340.jpg","width":1641,"height":1080,"caption":"Foto: tv8.md"},{"@type":"WebSite","@id":"https:\/\/bas-tv.md\/ro\/#website","url":"https:\/\/bas-tv.md\/ro\/","name":"BasTV","description":"Moldova","publisher":{"@id":"https:\/\/bas-tv.md\/ro\/#organization"},"potentialAction":[{"@type":"SearchAction","target":{"@type":"EntryPoint","urlTemplate":"https:\/\/bas-tv.md\/ro\/?s={search_term_string}"},"query-input":{"@type":"PropertyValueSpecification","valueRequired":true,"valueName":"search_term_string"}}],"inLanguage":"ro-RO"},{"@type":"Organization","@id":"https:\/\/bas-tv.md\/ro\/#organization","name":"BasTV","url":"https:\/\/bas-tv.md\/ro\/","logo":{"@type":"ImageObject","inLanguage":"ro-RO","@id":"https:\/\/bas-tv.md\/ro\/#\/schema\/logo\/image\/","url":"https:\/\/bas-tv.md\/wp-content\/uploads\/2023\/05\/bas-tv-culoarea-rosie.png","contentUrl":"https:\/\/bas-tv.md\/wp-content\/uploads\/2023\/05\/bas-tv-culoarea-rosie.png","width":202,"height":50,"caption":"BasTV"},"image":{"@id":"https:\/\/bas-tv.md\/ro\/#\/schema\/logo\/image\/"}},{"@type":"Person","@id":"https:\/\/bas-tv.md\/ro\/#\/schema\/person\/8740f45ea2eca1f1695284fc03529af0","name":"Redactor","image":{"@type":"ImageObject","inLanguage":"ro-RO","@id":"https:\/\/secure.gravatar.com\/avatar\/45b6af9fc91c10b15a8b40e67c1f57bab2e9614fc9f0af95cf453d61934e9aad?s=96&d=mm&r=g","url":"https:\/\/secure.gravatar.com\/avatar\/45b6af9fc91c10b15a8b40e67c1f57bab2e9614fc9f0af95cf453d61934e9aad?s=96&d=mm&r=g","contentUrl":"https:\/\/secure.gravatar.com\/avatar\/45b6af9fc91c10b15a8b40e67c1f57bab2e9614fc9f0af95cf453d61934e9aad?s=96&d=mm&r=g","caption":"Redactor"},"url":"https:\/\/bas-tv.md\/ro\/author\/redactor\/"}]}},"views":327,"_links":{"self":[{"href":"https:\/\/bas-tv.md\/ro\/wp-json\/wp\/v2\/posts\/112518","targetHints":{"allow":["GET"]}}],"collection":[{"href":"https:\/\/bas-tv.md\/ro\/wp-json\/wp\/v2\/posts"}],"about":[{"href":"https:\/\/bas-tv.md\/ro\/wp-json\/wp\/v2\/types\/post"}],"author":[{"embeddable":true,"href":"https:\/\/bas-tv.md\/ro\/wp-json\/wp\/v2\/users\/3"}],"replies":[{"embeddable":true,"href":"https:\/\/bas-tv.md\/ro\/wp-json\/wp\/v2\/comments?post=112518"}],"version-history":[{"count":1,"href":"https:\/\/bas-tv.md\/ro\/wp-json\/wp\/v2\/posts\/112518\/revisions"}],"predecessor-version":[{"id":112519,"href":"https:\/\/bas-tv.md\/ro\/wp-json\/wp\/v2\/posts\/112518\/revisions\/112519"}],"wp:featuredmedia":[{"embeddable":true,"href":"https:\/\/bas-tv.md\/ro\/wp-json\/wp\/v2\/media\/112511"}],"wp:attachment":[{"href":"https:\/\/bas-tv.md\/ro\/wp-json\/wp\/v2\/media?parent=112518"}],"wp:term":[{"taxonomy":"category","embeddable":true,"href":"https:\/\/bas-tv.md\/ro\/wp-json\/wp\/v2\/categories?post=112518"},{"taxonomy":"post_tag","embeddable":true,"href":"https:\/\/bas-tv.md\/ro\/wp-json\/wp\/v2\/tags?post=112518"}],"curies":[{"name":"wp","href":"https:\/\/api.w.org\/{rel}","templated":true}]}}