{"id":11261,"date":"2020-05-16T09:51:01","date_gmt":"2020-05-16T07:51:01","guid":{"rendered":"https:\/\/bas-tv.md\/?p=11261"},"modified":"2020-05-16T09:51:01","modified_gmt":"2020-05-16T07:51:01","slug":"in-ce-conditii-se-vor-deschide-pietele-din-basarabeasca","status":"publish","type":"post","link":"https:\/\/bas-tv.md\/ro\/in-ce-conditii-se-vor-deschide-pietele-din-basarabeasca\/","title":{"rendered":"\u00cen ce condi\u021bii se vor deschide pie\u021bele din Basarabeasca?"},"content":{"rendered":"<p>Pia\u021ba din ora\u0219ul Basarabeasca \u00ee\u0219i va relua activitatea. Comisia pentru situa\u021bii Excep\u021bionale din raion a mers \u00een \u00eent\u00e2mpinarea comercializan\u021bilor dar cu asigurarea obligatorie de c\u0103tre administrator \u0219i\u00a0 aagen\u021bilor economici a normelor pentru reducerea r\u0103sp\u00e2ndirii infec\u0163iei. Regulile se vor stipula \u00eentr-un regulament pezentat spre examinare la urm\u0103toare \u0219edin\u021b\u0103 a Comisiei pentru Situa\u021bii Excep\u021bionale.<\/p>\n","protected":false},"excerpt":{"rendered":"<p>Pia\u021ba din ora\u0219ul Basarabeasca \u00ee\u0219i va relua activitatea. Comisia pentru situa\u021bii Excep\u021bionale din raion a mers \u00een \u00eent\u00e2mpinarea comercializan\u021bilor dar cu asigurarea obligatorie de c\u0103tre administrator \u0219i\u00a0 aagen\u021bilor economici a normelor pentru reducerea r\u0103sp\u00e2ndirii infec\u0163iei. Regulile se vor stipula \u00eentr-un regulament pezentat spre examinare la urm\u0103toare \u0219edin\u021b\u0103 a Comisiei pentru Situa\u021bii Excep\u021bionale.<\/p>\n","protected":false},"author":3,"featured_media":11262,"comment_status":"open","ping_status":"open","sticky":false,"template":"","format":"standard","meta":{"footnotes":""},"categories":[198],"tags":[],"class_list":["post-11261","post","type-post","status-publish","format-standard","has-post-thumbnail","hentry","category-social"],"yoast_head":"<!-- This site is optimized with the Yoast SEO plugin v27.5 - https:\/\/yoast.com\/product\/yoast-seo-wordpress\/ -->\n<title>\u00cen ce condi\u021bii se vor deschide pie\u021bele din Basarabeasca? - BasTV<\/title>\n<meta name=\"robots\" content=\"index, follow, max-snippet:-1, max-image-preview:large, max-video-preview:-1\" \/>\n<link rel=\"canonical\" href=\"https:\/\/bas-tv.md\/ro\/in-ce-conditii-se-vor-deschide-pietele-din-basarabeasca\/\" \/>\n<meta property=\"og:locale\" content=\"ro_RO\" \/>\n<meta property=\"og:type\" content=\"article\" \/>\n<meta property=\"og:title\" content=\"\u00cen ce condi\u021bii se vor deschide pie\u021bele din Basarabeasca? - BasTV\" \/>\n<meta property=\"og:description\" content=\"Pia\u021ba din ora\u0219ul Basarabeasca \u00ee\u0219i va relua activitatea. Comisia pentru situa\u021bii Excep\u021bionale din raion a mers \u00een \u00eent\u00e2mpinarea comercializan\u021bilor dar cu asigurarea obligatorie de c\u0103tre administrator \u0219i\u00a0 aagen\u021bilor economici a normelor pentru reducerea r\u0103sp\u00e2ndirii infec\u0163iei. Regulile se vor stipula \u00eentr-un regulament pezentat spre examinare la urm\u0103toare \u0219edin\u021b\u0103 a Comisiei pentru Situa\u021bii Excep\u021bionale.\" \/>\n<meta property=\"og:url\" content=\"https:\/\/bas-tv.md\/ro\/in-ce-conditii-se-vor-deschide-pietele-din-basarabeasca\/\" \/>\n<meta property=\"og:site_name\" content=\"BasTV\" \/>\n<meta property=\"article:published_time\" content=\"2020-05-16T07:51:01+00:00\" \/>\n<meta name=\"author\" content=\"Redactor\" \/>\n<meta name=\"twitter:card\" content=\"summary_large_image\" \/>\n<meta name=\"twitter:label1\" content=\"Scris de\" \/>\n\t<meta name=\"twitter:data1\" content=\"Redactor\" \/>\n<script type=\"application\/ld+json\" class=\"yoast-schema-graph\">{\"@context\":\"https:\\\/\\\/schema.org\",\"@graph\":[{\"@type\":\"Article\",\"@id\":\"https:\\\/\\\/bas-tv.md\\\/ro\\\/in-ce-conditii-se-vor-deschide-pietele-din-basarabeasca\\\/#article\",\"isPartOf\":{\"@id\":\"https:\\\/\\\/bas-tv.md\\\/ro\\\/in-ce-conditii-se-vor-deschide-pietele-din-basarabeasca\\\/\"},\"author\":{\"name\":\"Redactor\",\"@id\":\"https:\\\/\\\/bas-tv.md\\\/ro\\\/#\\\/schema\\\/person\\\/8740f45ea2eca1f1695284fc03529af0\"},\"headline\":\"\u00cen ce condi\u021bii se vor deschide pie\u021bele din Basarabeasca?\",\"datePublished\":\"2020-05-16T07:51:01+00:00\",\"mainEntityOfPage\":{\"@id\":\"https:\\\/\\\/bas-tv.md\\\/ro\\\/in-ce-conditii-se-vor-deschide-pietele-din-basarabeasca\\\/\"},\"wordCount\":77,\"commentCount\":0,\"publisher\":{\"@id\":\"https:\\\/\\\/bas-tv.md\\\/ro\\\/#organization\"},\"image\":{\"@id\":\"https:\\\/\\\/bas-tv.md\\\/ro\\\/in-ce-conditii-se-vor-deschide-pietele-din-basarabeasca\\\/#primaryimage\"},\"thumbnailUrl\":\"\",\"articleSection\":[\"Social\"],\"inLanguage\":\"ro-RO\",\"potentialAction\":[{\"@type\":\"CommentAction\",\"name\":\"Comment\",\"target\":[\"https:\\\/\\\/bas-tv.md\\\/ro\\\/in-ce-conditii-se-vor-deschide-pietele-din-basarabeasca\\\/#respond\"]}]},{\"@type\":\"WebPage\",\"@id\":\"https:\\\/\\\/bas-tv.md\\\/ro\\\/in-ce-conditii-se-vor-deschide-pietele-din-basarabeasca\\\/\",\"url\":\"https:\\\/\\\/bas-tv.md\\\/ro\\\/in-ce-conditii-se-vor-deschide-pietele-din-basarabeasca\\\/\",\"name\":\"\u00cen ce condi\u021bii se vor deschide pie\u021bele din Basarabeasca? - BasTV\",\"isPartOf\":{\"@id\":\"https:\\\/\\\/bas-tv.md\\\/ro\\\/#website\"},\"primaryImageOfPage\":{\"@id\":\"https:\\\/\\\/bas-tv.md\\\/ro\\\/in-ce-conditii-se-vor-deschide-pietele-din-basarabeasca\\\/#primaryimage\"},\"image\":{\"@id\":\"https:\\\/\\\/bas-tv.md\\\/ro\\\/in-ce-conditii-se-vor-deschide-pietele-din-basarabeasca\\\/#primaryimage\"},\"thumbnailUrl\":\"\",\"datePublished\":\"2020-05-16T07:51:01+00:00\",\"inLanguage\":\"ro-RO\",\"potentialAction\":[{\"@type\":\"ReadAction\",\"target\":[\"https:\\\/\\\/bas-tv.md\\\/ro\\\/in-ce-conditii-se-vor-deschide-pietele-din-basarabeasca\\\/\"]}]},{\"@type\":\"ImageObject\",\"inLanguage\":\"ro-RO\",\"@id\":\"https:\\\/\\\/bas-tv.md\\\/ro\\\/in-ce-conditii-se-vor-deschide-pietele-din-basarabeasca\\\/#primaryimage\",\"url\":\"\",\"contentUrl\":\"\"},{\"@type\":\"WebSite\",\"@id\":\"https:\\\/\\\/bas-tv.md\\\/ro\\\/#website\",\"url\":\"https:\\\/\\\/bas-tv.md\\\/ro\\\/\",\"name\":\"BasTV\",\"description\":\"Moldova\",\"publisher\":{\"@id\":\"https:\\\/\\\/bas-tv.md\\\/ro\\\/#organization\"},\"potentialAction\":[{\"@type\":\"SearchAction\",\"target\":{\"@type\":\"EntryPoint\",\"urlTemplate\":\"https:\\\/\\\/bas-tv.md\\\/ro\\\/?s={search_term_string}\"},\"query-input\":{\"@type\":\"PropertyValueSpecification\",\"valueRequired\":true,\"valueName\":\"search_term_string\"}}],\"inLanguage\":\"ro-RO\"},{\"@type\":\"Organization\",\"@id\":\"https:\\\/\\\/bas-tv.md\\\/ro\\\/#organization\",\"name\":\"BasTV\",\"url\":\"https:\\\/\\\/bas-tv.md\\\/ro\\\/\",\"logo\":{\"@type\":\"ImageObject\",\"inLanguage\":\"ro-RO\",\"@id\":\"https:\\\/\\\/bas-tv.md\\\/ro\\\/#\\\/schema\\\/logo\\\/image\\\/\",\"url\":\"https:\\\/\\\/bas-tv.md\\\/wp-content\\\/uploads\\\/2023\\\/05\\\/bas-tv-culoarea-rosie.png\",\"contentUrl\":\"https:\\\/\\\/bas-tv.md\\\/wp-content\\\/uploads\\\/2023\\\/05\\\/bas-tv-culoarea-rosie.png\",\"width\":202,\"height\":50,\"caption\":\"BasTV\"},\"image\":{\"@id\":\"https:\\\/\\\/bas-tv.md\\\/ro\\\/#\\\/schema\\\/logo\\\/image\\\/\"}},{\"@type\":\"Person\",\"@id\":\"https:\\\/\\\/bas-tv.md\\\/ro\\\/#\\\/schema\\\/person\\\/8740f45ea2eca1f1695284fc03529af0\",\"name\":\"Redactor\",\"image\":{\"@type\":\"ImageObject\",\"inLanguage\":\"ro-RO\",\"@id\":\"https:\\\/\\\/bas-tv.md\\\/wp-content\\\/litespeed\\\/avatar\\\/91c0586f3f6f4396a4ec1287c965eeeb.jpg?ver=1777555749\",\"url\":\"https:\\\/\\\/bas-tv.md\\\/wp-content\\\/litespeed\\\/avatar\\\/91c0586f3f6f4396a4ec1287c965eeeb.jpg?ver=1777555749\",\"contentUrl\":\"https:\\\/\\\/bas-tv.md\\\/wp-content\\\/litespeed\\\/avatar\\\/91c0586f3f6f4396a4ec1287c965eeeb.jpg?ver=1777555749\",\"caption\":\"Redactor\"},\"url\":\"https:\\\/\\\/bas-tv.md\\\/ro\\\/author\\\/redactor\\\/\"}]}<\/script>\n<!-- \/ Yoast SEO plugin. -->","yoast_head_json":{"title":"\u00cen ce condi\u021bii se vor deschide pie\u021bele din Basarabeasca? - BasTV","robots":{"index":"index","follow":"follow","max-snippet":"max-snippet:-1","max-image-preview":"max-image-preview:large","max-video-preview":"max-video-preview:-1"},"canonical":"https:\/\/bas-tv.md\/ro\/in-ce-conditii-se-vor-deschide-pietele-din-basarabeasca\/","og_locale":"ro_RO","og_type":"article","og_title":"\u00cen ce condi\u021bii se vor deschide pie\u021bele din Basarabeasca? - BasTV","og_description":"Pia\u021ba din ora\u0219ul Basarabeasca \u00ee\u0219i va relua activitatea. Comisia pentru situa\u021bii Excep\u021bionale din raion a mers \u00een \u00eent\u00e2mpinarea comercializan\u021bilor dar cu asigurarea obligatorie de c\u0103tre administrator \u0219i\u00a0 aagen\u021bilor economici a normelor pentru reducerea r\u0103sp\u00e2ndirii infec\u0163iei. Regulile se vor stipula \u00eentr-un regulament pezentat spre examinare la urm\u0103toare \u0219edin\u021b\u0103 a Comisiei pentru Situa\u021bii Excep\u021bionale.","og_url":"https:\/\/bas-tv.md\/ro\/in-ce-conditii-se-vor-deschide-pietele-din-basarabeasca\/","og_site_name":"BasTV","article_published_time":"2020-05-16T07:51:01+00:00","author":"Redactor","twitter_card":"summary_large_image","twitter_misc":{"Scris de":"Redactor"},"schema":{"@context":"https:\/\/schema.org","@graph":[{"@type":"Article","@id":"https:\/\/bas-tv.md\/ro\/in-ce-conditii-se-vor-deschide-pietele-din-basarabeasca\/#article","isPartOf":{"@id":"https:\/\/bas-tv.md\/ro\/in-ce-conditii-se-vor-deschide-pietele-din-basarabeasca\/"},"author":{"name":"Redactor","@id":"https:\/\/bas-tv.md\/ro\/#\/schema\/person\/8740f45ea2eca1f1695284fc03529af0"},"headline":"\u00cen ce condi\u021bii se vor deschide pie\u021bele din Basarabeasca?","datePublished":"2020-05-16T07:51:01+00:00","mainEntityOfPage":{"@id":"https:\/\/bas-tv.md\/ro\/in-ce-conditii-se-vor-deschide-pietele-din-basarabeasca\/"},"wordCount":77,"commentCount":0,"publisher":{"@id":"https:\/\/bas-tv.md\/ro\/#organization"},"image":{"@id":"https:\/\/bas-tv.md\/ro\/in-ce-conditii-se-vor-deschide-pietele-din-basarabeasca\/#primaryimage"},"thumbnailUrl":"","articleSection":["Social"],"inLanguage":"ro-RO","potentialAction":[{"@type":"CommentAction","name":"Comment","target":["https:\/\/bas-tv.md\/ro\/in-ce-conditii-se-vor-deschide-pietele-din-basarabeasca\/#respond"]}]},{"@type":"WebPage","@id":"https:\/\/bas-tv.md\/ro\/in-ce-conditii-se-vor-deschide-pietele-din-basarabeasca\/","url":"https:\/\/bas-tv.md\/ro\/in-ce-conditii-se-vor-deschide-pietele-din-basarabeasca\/","name":"\u00cen ce condi\u021bii se vor deschide pie\u021bele din Basarabeasca? - BasTV","isPartOf":{"@id":"https:\/\/bas-tv.md\/ro\/#website"},"primaryImageOfPage":{"@id":"https:\/\/bas-tv.md\/ro\/in-ce-conditii-se-vor-deschide-pietele-din-basarabeasca\/#primaryimage"},"image":{"@id":"https:\/\/bas-tv.md\/ro\/in-ce-conditii-se-vor-deschide-pietele-din-basarabeasca\/#primaryimage"},"thumbnailUrl":"","datePublished":"2020-05-16T07:51:01+00:00","inLanguage":"ro-RO","potentialAction":[{"@type":"ReadAction","target":["https:\/\/bas-tv.md\/ro\/in-ce-conditii-se-vor-deschide-pietele-din-basarabeasca\/"]}]},{"@type":"ImageObject","inLanguage":"ro-RO","@id":"https:\/\/bas-tv.md\/ro\/in-ce-conditii-se-vor-deschide-pietele-din-basarabeasca\/#primaryimage","url":"","contentUrl":""},{"@type":"WebSite","@id":"https:\/\/bas-tv.md\/ro\/#website","url":"https:\/\/bas-tv.md\/ro\/","name":"BasTV","description":"Moldova","publisher":{"@id":"https:\/\/bas-tv.md\/ro\/#organization"},"potentialAction":[{"@type":"SearchAction","target":{"@type":"EntryPoint","urlTemplate":"https:\/\/bas-tv.md\/ro\/?s={search_term_string}"},"query-input":{"@type":"PropertyValueSpecification","valueRequired":true,"valueName":"search_term_string"}}],"inLanguage":"ro-RO"},{"@type":"Organization","@id":"https:\/\/bas-tv.md\/ro\/#organization","name":"BasTV","url":"https:\/\/bas-tv.md\/ro\/","logo":{"@type":"ImageObject","inLanguage":"ro-RO","@id":"https:\/\/bas-tv.md\/ro\/#\/schema\/logo\/image\/","url":"https:\/\/bas-tv.md\/wp-content\/uploads\/2023\/05\/bas-tv-culoarea-rosie.png","contentUrl":"https:\/\/bas-tv.md\/wp-content\/uploads\/2023\/05\/bas-tv-culoarea-rosie.png","width":202,"height":50,"caption":"BasTV"},"image":{"@id":"https:\/\/bas-tv.md\/ro\/#\/schema\/logo\/image\/"}},{"@type":"Person","@id":"https:\/\/bas-tv.md\/ro\/#\/schema\/person\/8740f45ea2eca1f1695284fc03529af0","name":"Redactor","image":{"@type":"ImageObject","inLanguage":"ro-RO","@id":"https:\/\/bas-tv.md\/wp-content\/litespeed\/avatar\/91c0586f3f6f4396a4ec1287c965eeeb.jpg?ver=1777555749","url":"https:\/\/bas-tv.md\/wp-content\/litespeed\/avatar\/91c0586f3f6f4396a4ec1287c965eeeb.jpg?ver=1777555749","contentUrl":"https:\/\/bas-tv.md\/wp-content\/litespeed\/avatar\/91c0586f3f6f4396a4ec1287c965eeeb.jpg?ver=1777555749","caption":"Redactor"},"url":"https:\/\/bas-tv.md\/ro\/author\/redactor\/"}]}},"views":212,"_links":{"self":[{"href":"https:\/\/bas-tv.md\/ro\/wp-json\/wp\/v2\/posts\/11261","targetHints":{"allow":["GET"]}}],"collection":[{"href":"https:\/\/bas-tv.md\/ro\/wp-json\/wp\/v2\/posts"}],"about":[{"href":"https:\/\/bas-tv.md\/ro\/wp-json\/wp\/v2\/types\/post"}],"author":[{"embeddable":true,"href":"https:\/\/bas-tv.md\/ro\/wp-json\/wp\/v2\/users\/3"}],"replies":[{"embeddable":true,"href":"https:\/\/bas-tv.md\/ro\/wp-json\/wp\/v2\/comments?post=11261"}],"version-history":[{"count":0,"href":"https:\/\/bas-tv.md\/ro\/wp-json\/wp\/v2\/posts\/11261\/revisions"}],"wp:featuredmedia":[{"embeddable":true,"href":"https:\/\/bas-tv.md\/ro\/wp-json\/"}],"wp:attachment":[{"href":"https:\/\/bas-tv.md\/ro\/wp-json\/wp\/v2\/media?parent=11261"}],"wp:term":[{"taxonomy":"category","embeddable":true,"href":"https:\/\/bas-tv.md\/ro\/wp-json\/wp\/v2\/categories?post=11261"},{"taxonomy":"post_tag","embeddable":true,"href":"https:\/\/bas-tv.md\/ro\/wp-json\/wp\/v2\/tags?post=11261"}],"curies":[{"name":"wp","href":"https:\/\/api.w.org\/{rel}","templated":true}]}}