{"id":112871,"date":"2024-03-01T09:00:23","date_gmt":"2024-03-01T07:00:23","guid":{"rendered":"https:\/\/bas-tv.md\/?p=112871"},"modified":"2024-02-29T21:55:06","modified_gmt":"2024-02-29T19:55:06","slug":"in-s-sadaclia-va-avea-loc-o-competitie-sportiva-de-ciclism-turul-sadacliei","status":"publish","type":"post","link":"https:\/\/bas-tv.md\/ro\/in-s-sadaclia-va-avea-loc-o-competitie-sportiva-de-ciclism-turul-sadacliei\/","title":{"rendered":"\u00cen s. Sadaclia va avea loc o competi\u021bie sportiv\u0103 de ciclism \u201eTurul Sadacliei\u201d"},"content":{"rendered":"<p><b>\u00cen s. Sadaclia va fi organizat\u0103 o competi\u021bie sportiv\u0103 de ciclism \u201eTurul Sadacliei\u201d. Cu un astfel de anun\u021b a venit Prim\u0103ria s. Sadaclia pe pagina sa de Facebook.<\/b><\/p>\n<p><span style=\"font-weight: 400;\">La ini\u021biativa lui Mihai Sp\u0103taru, locuitor al s. Sadaclia, \u00een localitatea va avea loc o competi\u021bie sportiv\u0103 de ciclism, menit\u0103 s\u0103 comemoreze victimele conflictului militar de pe Nistru din 2 martie 1992.<\/span><\/p>\n<p><span style=\"font-weight: 400;\">Competi\u021bia va avea loc pe data de 3 martie, la ora 12:00. Ea se va \u00eencepe cu o slujb\u0103 de pomenire oficiat\u0103 de c\u0103tre clerul bisericii din localitate.<\/span><\/p>\n<p><span style=\"font-weight: 400;\">Potrivit comunicatului, la eveniment pot participa to\u021bi doritorii, \u00eens\u0103 pentru acest lucru este necesar\u0103 \u00eenscrierea \u00een prealabil. Aceasta se poate realiza p\u00e2n\u0103 pe data 1 martie, ora 17.00, \u00een incinta prim\u0103riei. De asemenea, este men\u021bionat faptul c\u0103 persoanele care nu vor reu\u0219i s\u0103 se \u00eenregistreze o vor putea face \u00een ziua concursului.<\/span><\/p>\n<p><span style=\"font-weight: 400;\">\u00cen cadrul competi\u021biei, primii trei c\u00e2\u0219tig\u0103tori vor fi premia\u021bi. De asemenea, se prev\u0103d \u0219i alte premii pentru participan\u021bi \u0219i spectatori, care vor fi ale\u0219i prin intermediul unei tombole. Resursele financiare sunt alocate de ini\u021biatorul acestui eveniment.<\/span><\/p>\n<p><span style=\"font-weight: 400;\">Pentru a asigura securitatea persoanelor participante, pe toat\u0103 durata \u00eentrecerii va fi asigurat\u0103 prezen\u021ba poli\u021bistului de sector \u0219i a lucr\u0103torului medical.\u00a0<\/span><\/p>\n<p>Startul va fi dat la Casa de cultur\u0103 din s. Sadaclia. Harta traseului o pute\u021bi vedea mai jos.<\/p>\n<figure id=\"attachment_112874\" aria-describedby=\"caption-attachment-112874\" style=\"width: 1000px\" class=\"wp-caption aligncenter\"><a href=\"https:\/\/bas-tv.md\/wp-content\/uploads\/2024\/02\/431064504_1084665906147161_2957819821437400977_n.jpg\"><img fetchpriority=\"high\" decoding=\"async\" class=\"wp-image-112874\" src=\"https:\/\/bas-tv.md\/wp-content\/uploads\/2024\/02\/431064504_1084665906147161_2957819821437400977_n.jpg\" alt=\"\" width=\"1000\" height=\"1375\" srcset=\"https:\/\/bas-tv.md\/wp-content\/uploads\/2024\/02\/431064504_1084665906147161_2957819821437400977_n.jpg 1275w, https:\/\/bas-tv.md\/wp-content\/uploads\/2024\/02\/431064504_1084665906147161_2957819821437400977_n-218x300.jpg 218w, https:\/\/bas-tv.md\/wp-content\/uploads\/2024\/02\/431064504_1084665906147161_2957819821437400977_n-745x1024.jpg 745w, https:\/\/bas-tv.md\/wp-content\/uploads\/2024\/02\/431064504_1084665906147161_2957819821437400977_n-768x1056.jpg 768w, https:\/\/bas-tv.md\/wp-content\/uploads\/2024\/02\/431064504_1084665906147161_2957819821437400977_n-1117x1536.jpg 1117w, https:\/\/bas-tv.md\/wp-content\/uploads\/2024\/02\/431064504_1084665906147161_2957819821437400977_n-1200x1650.jpg 1200w\" sizes=\"(max-width: 1000px) 100vw, 1000px\" \/><\/a><figcaption id=\"caption-attachment-112874\" class=\"wp-caption-text\">Foto: Prim\u0103ria s. Sadaclia<\/figcaption><\/figure>\n<figure id=\"attachment_112872\" aria-describedby=\"caption-attachment-112872\" style=\"width: 580px\" class=\"wp-caption aligncenter\"><a href=\"https:\/\/bas-tv.md\/wp-content\/uploads\/2024\/02\/425375481_1084665896147162_5403600007293311947_n.jpg\"><img decoding=\"async\" class=\"size-large wp-image-112872\" src=\"https:\/\/bas-tv.md\/wp-content\/uploads\/2024\/02\/425375481_1084665896147162_5403600007293311947_n-1024x1024.jpg\" alt=\"\" width=\"580\" height=\"580\" srcset=\"https:\/\/bas-tv.md\/wp-content\/uploads\/2024\/02\/425375481_1084665896147162_5403600007293311947_n-1024x1024.jpg 1024w, https:\/\/bas-tv.md\/wp-content\/uploads\/2024\/02\/425375481_1084665896147162_5403600007293311947_n-300x300.jpg 300w, https:\/\/bas-tv.md\/wp-content\/uploads\/2024\/02\/425375481_1084665896147162_5403600007293311947_n-150x150.jpg 150w, https:\/\/bas-tv.md\/wp-content\/uploads\/2024\/02\/425375481_1084665896147162_5403600007293311947_n-768x768.jpg 768w, https:\/\/bas-tv.md\/wp-content\/uploads\/2024\/02\/425375481_1084665896147162_5403600007293311947_n.jpg 1080w\" sizes=\"(max-width: 580px) 100vw, 580px\" \/><\/a><figcaption id=\"caption-attachment-112872\" class=\"wp-caption-text\">Foto: Prim\u0103ria s. Sadaclia<\/figcaption><\/figure>\n<div class=\"elementor-element elementor-element-5fc6b9d elementor-widget elementor-widget-theme-post-content\" data-id=\"5fc6b9d\" data-element_type=\"widget\" data-widget_type=\"theme-post-content.default\">\n<div class=\"elementor-widget-container\">\n<p><b>Abona\u021bi-v\u0103 la noi pe re\u021bele<\/b><b>\u00a0sociale:\u00a0<\/b><a href=\"https:\/\/t.me\/bastvmd\"><b><i>Telegram<\/i><\/b><\/a><b>,\u00a0<\/b><a href=\"https:\/\/www.youtube.com\/channel\/UC-9005PnLnhpNM8PVSjP2dQ\/featured\"><b><i>YouTube<\/i><\/b><\/a><b>,\u00a0<\/b><a href=\"https:\/\/www.facebook.com\/bastv.md\"><b><i>Facebook<\/i><\/b><\/a>\u00a0<strong>\u0219i\u00a0<\/strong><a href=\"https:\/\/www.instagram.com\/bastv.md\/\"><b><i>Instagram<\/i><\/b><\/a><b>.\u00a0 Aici public\u0103m \u0219tiri pe scurt!<\/b><\/p>\n<\/div>\n<\/div>\n","protected":false},"excerpt":{"rendered":"<p>\u00cen s. Sadaclia va fi organizat\u0103 o competi\u021bie sportiv\u0103 de ciclism \u201eTurul Sadacliei\u201d. Cu un astfel de anun\u021b a venit Prim\u0103ria s. Sadaclia pe pagina sa de Facebook. La ini\u021biativa lui Mihai Sp\u0103taru, locuitor al s. Sadaclia, \u00een localitatea va avea loc o competi\u021bie sportiv\u0103 de ciclism, menit\u0103 s\u0103 comemoreze victimele conflictului militar de pe [&hellip;]<\/p>\n","protected":false},"author":3,"featured_media":112879,"comment_status":"closed","ping_status":"closed","sticky":false,"template":"","format":"standard","meta":{"footnotes":""},"categories":[602,569],"tags":[],"class_list":["post-112871","post","type-post","status-publish","format-standard","has-post-thumbnail","hentry","category-actualitate","category-in-basarabeasca"],"yoast_head":"<!-- This site is optimized with the Yoast SEO plugin v27.5 - https:\/\/yoast.com\/product\/yoast-seo-wordpress\/ -->\n<title>\u00cen s. Sadaclia va avea loc o competi\u021bie sportiv\u0103 de ciclism \u201eTurul Sadacliei\u201d - BasTV<\/title>\n<meta name=\"description\" content=\"\u00cen s. Sadaclia va fi organizat\u0103 o competi\u021bie sportiv\u0103 de ciclism \u201eTurul Sadacliei\u201d. Cu un astfel de anun\u021b a venit Prim\u0103ria s. Sadaclia pe pagina sa de Facebook.\" \/>\n<meta name=\"robots\" content=\"index, follow, max-snippet:-1, max-image-preview:large, max-video-preview:-1\" \/>\n<link rel=\"canonical\" href=\"https:\/\/bas-tv.md\/ro\/in-s-sadaclia-va-avea-loc-o-competitie-sportiva-de-ciclism-turul-sadacliei\/\" \/>\n<meta property=\"og:locale\" content=\"ro_RO\" \/>\n<meta property=\"og:type\" content=\"article\" \/>\n<meta property=\"og:title\" content=\"\u00cen s. Sadaclia va avea loc o competi\u021bie sportiv\u0103 de ciclism \u201eTurul Sadacliei\u201d - BasTV\" \/>\n<meta property=\"og:description\" content=\"\u00cen s. Sadaclia va fi organizat\u0103 o competi\u021bie sportiv\u0103 de ciclism \u201eTurul Sadacliei\u201d. Cu un astfel de anun\u021b a venit Prim\u0103ria s. Sadaclia pe pagina sa de Facebook.\" \/>\n<meta property=\"og:url\" content=\"https:\/\/bas-tv.md\/ro\/in-s-sadaclia-va-avea-loc-o-competitie-sportiva-de-ciclism-turul-sadacliei\/\" \/>\n<meta property=\"og:site_name\" content=\"BasTV\" \/>\n<meta property=\"article:published_time\" content=\"2024-03-01T07:00:23+00:00\" \/>\n<meta property=\"og:image\" content=\"https:\/\/bas-tv.md\/wp-content\/uploads\/2024\/02\/de91a328ea3fa248fec5bee92c463cc96904d19e-2-730x411-1.jpeg\" \/>\n\t<meta property=\"og:image:width\" content=\"730\" \/>\n\t<meta property=\"og:image:height\" content=\"411\" \/>\n\t<meta property=\"og:image:type\" content=\"image\/jpeg\" \/>\n<meta name=\"author\" content=\"Redactor\" \/>\n<meta name=\"twitter:card\" content=\"summary_large_image\" \/>\n<meta name=\"twitter:label1\" content=\"Scris de\" \/>\n\t<meta name=\"twitter:data1\" content=\"Redactor\" \/>\n\t<meta name=\"twitter:label2\" content=\"Timp estimat pentru citire\" \/>\n\t<meta name=\"twitter:data2\" content=\"2 minute\" \/>\n<script type=\"application\/ld+json\" class=\"yoast-schema-graph\">{\"@context\":\"https:\\\/\\\/schema.org\",\"@graph\":[{\"@type\":\"Article\",\"@id\":\"https:\\\/\\\/bas-tv.md\\\/ro\\\/in-s-sadaclia-va-avea-loc-o-competitie-sportiva-de-ciclism-turul-sadacliei\\\/#article\",\"isPartOf\":{\"@id\":\"https:\\\/\\\/bas-tv.md\\\/ro\\\/in-s-sadaclia-va-avea-loc-o-competitie-sportiva-de-ciclism-turul-sadacliei\\\/\"},\"author\":{\"name\":\"Redactor\",\"@id\":\"https:\\\/\\\/bas-tv.md\\\/ro\\\/#\\\/schema\\\/person\\\/8740f45ea2eca1f1695284fc03529af0\"},\"headline\":\"\u00cen s. Sadaclia va avea loc o competi\u021bie sportiv\u0103 de ciclism \u201eTurul Sadacliei\u201d\",\"datePublished\":\"2024-03-01T07:00:23+00:00\",\"mainEntityOfPage\":{\"@id\":\"https:\\\/\\\/bas-tv.md\\\/ro\\\/in-s-sadaclia-va-avea-loc-o-competitie-sportiva-de-ciclism-turul-sadacliei\\\/\"},\"wordCount\":290,\"publisher\":{\"@id\":\"https:\\\/\\\/bas-tv.md\\\/ro\\\/#organization\"},\"image\":{\"@id\":\"https:\\\/\\\/bas-tv.md\\\/ro\\\/in-s-sadaclia-va-avea-loc-o-competitie-sportiva-de-ciclism-turul-sadacliei\\\/#primaryimage\"},\"thumbnailUrl\":\"https:\\\/\\\/bas-tv.md\\\/wp-content\\\/uploads\\\/2024\\\/02\\\/de91a328ea3fa248fec5bee92c463cc96904d19e-2-730x411-1.jpeg\",\"articleSection\":[\"Actualitate\",\"\u00cen Basarabeasca\"],\"inLanguage\":\"ro-RO\"},{\"@type\":\"WebPage\",\"@id\":\"https:\\\/\\\/bas-tv.md\\\/ro\\\/in-s-sadaclia-va-avea-loc-o-competitie-sportiva-de-ciclism-turul-sadacliei\\\/\",\"url\":\"https:\\\/\\\/bas-tv.md\\\/ro\\\/in-s-sadaclia-va-avea-loc-o-competitie-sportiva-de-ciclism-turul-sadacliei\\\/\",\"name\":\"\u00cen s. Sadaclia va avea loc o competi\u021bie sportiv\u0103 de ciclism \u201eTurul Sadacliei\u201d - BasTV\",\"isPartOf\":{\"@id\":\"https:\\\/\\\/bas-tv.md\\\/ro\\\/#website\"},\"primaryImageOfPage\":{\"@id\":\"https:\\\/\\\/bas-tv.md\\\/ro\\\/in-s-sadaclia-va-avea-loc-o-competitie-sportiva-de-ciclism-turul-sadacliei\\\/#primaryimage\"},\"image\":{\"@id\":\"https:\\\/\\\/bas-tv.md\\\/ro\\\/in-s-sadaclia-va-avea-loc-o-competitie-sportiva-de-ciclism-turul-sadacliei\\\/#primaryimage\"},\"thumbnailUrl\":\"https:\\\/\\\/bas-tv.md\\\/wp-content\\\/uploads\\\/2024\\\/02\\\/de91a328ea3fa248fec5bee92c463cc96904d19e-2-730x411-1.jpeg\",\"datePublished\":\"2024-03-01T07:00:23+00:00\",\"description\":\"\u00cen s. Sadaclia va fi organizat\u0103 o competi\u021bie sportiv\u0103 de ciclism \u201eTurul Sadacliei\u201d. Cu un astfel de anun\u021b a venit Prim\u0103ria s. Sadaclia pe pagina sa de Facebook.\",\"inLanguage\":\"ro-RO\",\"potentialAction\":[{\"@type\":\"ReadAction\",\"target\":[\"https:\\\/\\\/bas-tv.md\\\/ro\\\/in-s-sadaclia-va-avea-loc-o-competitie-sportiva-de-ciclism-turul-sadacliei\\\/\"]}]},{\"@type\":\"ImageObject\",\"inLanguage\":\"ro-RO\",\"@id\":\"https:\\\/\\\/bas-tv.md\\\/ro\\\/in-s-sadaclia-va-avea-loc-o-competitie-sportiva-de-ciclism-turul-sadacliei\\\/#primaryimage\",\"url\":\"https:\\\/\\\/bas-tv.md\\\/wp-content\\\/uploads\\\/2024\\\/02\\\/de91a328ea3fa248fec5bee92c463cc96904d19e-2-730x411-1.jpeg\",\"contentUrl\":\"https:\\\/\\\/bas-tv.md\\\/wp-content\\\/uploads\\\/2024\\\/02\\\/de91a328ea3fa248fec5bee92c463cc96904d19e-2-730x411-1.jpeg\",\"width\":730,\"height\":411,\"caption\":\"Foto: ziuadeazi.md\"},{\"@type\":\"WebSite\",\"@id\":\"https:\\\/\\\/bas-tv.md\\\/ro\\\/#website\",\"url\":\"https:\\\/\\\/bas-tv.md\\\/ro\\\/\",\"name\":\"BasTV\",\"description\":\"Moldova\",\"publisher\":{\"@id\":\"https:\\\/\\\/bas-tv.md\\\/ro\\\/#organization\"},\"potentialAction\":[{\"@type\":\"SearchAction\",\"target\":{\"@type\":\"EntryPoint\",\"urlTemplate\":\"https:\\\/\\\/bas-tv.md\\\/ro\\\/?s={search_term_string}\"},\"query-input\":{\"@type\":\"PropertyValueSpecification\",\"valueRequired\":true,\"valueName\":\"search_term_string\"}}],\"inLanguage\":\"ro-RO\"},{\"@type\":\"Organization\",\"@id\":\"https:\\\/\\\/bas-tv.md\\\/ro\\\/#organization\",\"name\":\"BasTV\",\"url\":\"https:\\\/\\\/bas-tv.md\\\/ro\\\/\",\"logo\":{\"@type\":\"ImageObject\",\"inLanguage\":\"ro-RO\",\"@id\":\"https:\\\/\\\/bas-tv.md\\\/ro\\\/#\\\/schema\\\/logo\\\/image\\\/\",\"url\":\"https:\\\/\\\/bas-tv.md\\\/wp-content\\\/uploads\\\/2023\\\/05\\\/bas-tv-culoarea-rosie.png\",\"contentUrl\":\"https:\\\/\\\/bas-tv.md\\\/wp-content\\\/uploads\\\/2023\\\/05\\\/bas-tv-culoarea-rosie.png\",\"width\":202,\"height\":50,\"caption\":\"BasTV\"},\"image\":{\"@id\":\"https:\\\/\\\/bas-tv.md\\\/ro\\\/#\\\/schema\\\/logo\\\/image\\\/\"}},{\"@type\":\"Person\",\"@id\":\"https:\\\/\\\/bas-tv.md\\\/ro\\\/#\\\/schema\\\/person\\\/8740f45ea2eca1f1695284fc03529af0\",\"name\":\"Redactor\",\"image\":{\"@type\":\"ImageObject\",\"inLanguage\":\"ro-RO\",\"@id\":\"https:\\\/\\\/bas-tv.md\\\/wp-content\\\/litespeed\\\/avatar\\\/91c0586f3f6f4396a4ec1287c965eeeb.jpg?ver=1777555749\",\"url\":\"https:\\\/\\\/bas-tv.md\\\/wp-content\\\/litespeed\\\/avatar\\\/91c0586f3f6f4396a4ec1287c965eeeb.jpg?ver=1777555749\",\"contentUrl\":\"https:\\\/\\\/bas-tv.md\\\/wp-content\\\/litespeed\\\/avatar\\\/91c0586f3f6f4396a4ec1287c965eeeb.jpg?ver=1777555749\",\"caption\":\"Redactor\"},\"url\":\"https:\\\/\\\/bas-tv.md\\\/ro\\\/author\\\/redactor\\\/\"}]}<\/script>\n<!-- \/ Yoast SEO plugin. -->","yoast_head_json":{"title":"\u00cen s. Sadaclia va avea loc o competi\u021bie sportiv\u0103 de ciclism \u201eTurul Sadacliei\u201d - BasTV","description":"\u00cen s. Sadaclia va fi organizat\u0103 o competi\u021bie sportiv\u0103 de ciclism \u201eTurul Sadacliei\u201d. Cu un astfel de anun\u021b a venit Prim\u0103ria s. Sadaclia pe pagina sa de Facebook.","robots":{"index":"index","follow":"follow","max-snippet":"max-snippet:-1","max-image-preview":"max-image-preview:large","max-video-preview":"max-video-preview:-1"},"canonical":"https:\/\/bas-tv.md\/ro\/in-s-sadaclia-va-avea-loc-o-competitie-sportiva-de-ciclism-turul-sadacliei\/","og_locale":"ro_RO","og_type":"article","og_title":"\u00cen s. Sadaclia va avea loc o competi\u021bie sportiv\u0103 de ciclism \u201eTurul Sadacliei\u201d - BasTV","og_description":"\u00cen s. Sadaclia va fi organizat\u0103 o competi\u021bie sportiv\u0103 de ciclism \u201eTurul Sadacliei\u201d. Cu un astfel de anun\u021b a venit Prim\u0103ria s. Sadaclia pe pagina sa de Facebook.","og_url":"https:\/\/bas-tv.md\/ro\/in-s-sadaclia-va-avea-loc-o-competitie-sportiva-de-ciclism-turul-sadacliei\/","og_site_name":"BasTV","article_published_time":"2024-03-01T07:00:23+00:00","og_image":[{"width":730,"height":411,"url":"https:\/\/bas-tv.md\/wp-content\/uploads\/2024\/02\/de91a328ea3fa248fec5bee92c463cc96904d19e-2-730x411-1.jpeg","type":"image\/jpeg"}],"author":"Redactor","twitter_card":"summary_large_image","twitter_misc":{"Scris de":"Redactor","Timp estimat pentru citire":"2 minute"},"schema":{"@context":"https:\/\/schema.org","@graph":[{"@type":"Article","@id":"https:\/\/bas-tv.md\/ro\/in-s-sadaclia-va-avea-loc-o-competitie-sportiva-de-ciclism-turul-sadacliei\/#article","isPartOf":{"@id":"https:\/\/bas-tv.md\/ro\/in-s-sadaclia-va-avea-loc-o-competitie-sportiva-de-ciclism-turul-sadacliei\/"},"author":{"name":"Redactor","@id":"https:\/\/bas-tv.md\/ro\/#\/schema\/person\/8740f45ea2eca1f1695284fc03529af0"},"headline":"\u00cen s. Sadaclia va avea loc o competi\u021bie sportiv\u0103 de ciclism \u201eTurul Sadacliei\u201d","datePublished":"2024-03-01T07:00:23+00:00","mainEntityOfPage":{"@id":"https:\/\/bas-tv.md\/ro\/in-s-sadaclia-va-avea-loc-o-competitie-sportiva-de-ciclism-turul-sadacliei\/"},"wordCount":290,"publisher":{"@id":"https:\/\/bas-tv.md\/ro\/#organization"},"image":{"@id":"https:\/\/bas-tv.md\/ro\/in-s-sadaclia-va-avea-loc-o-competitie-sportiva-de-ciclism-turul-sadacliei\/#primaryimage"},"thumbnailUrl":"https:\/\/bas-tv.md\/wp-content\/uploads\/2024\/02\/de91a328ea3fa248fec5bee92c463cc96904d19e-2-730x411-1.jpeg","articleSection":["Actualitate","\u00cen Basarabeasca"],"inLanguage":"ro-RO"},{"@type":"WebPage","@id":"https:\/\/bas-tv.md\/ro\/in-s-sadaclia-va-avea-loc-o-competitie-sportiva-de-ciclism-turul-sadacliei\/","url":"https:\/\/bas-tv.md\/ro\/in-s-sadaclia-va-avea-loc-o-competitie-sportiva-de-ciclism-turul-sadacliei\/","name":"\u00cen s. Sadaclia va avea loc o competi\u021bie sportiv\u0103 de ciclism \u201eTurul Sadacliei\u201d - BasTV","isPartOf":{"@id":"https:\/\/bas-tv.md\/ro\/#website"},"primaryImageOfPage":{"@id":"https:\/\/bas-tv.md\/ro\/in-s-sadaclia-va-avea-loc-o-competitie-sportiva-de-ciclism-turul-sadacliei\/#primaryimage"},"image":{"@id":"https:\/\/bas-tv.md\/ro\/in-s-sadaclia-va-avea-loc-o-competitie-sportiva-de-ciclism-turul-sadacliei\/#primaryimage"},"thumbnailUrl":"https:\/\/bas-tv.md\/wp-content\/uploads\/2024\/02\/de91a328ea3fa248fec5bee92c463cc96904d19e-2-730x411-1.jpeg","datePublished":"2024-03-01T07:00:23+00:00","description":"\u00cen s. Sadaclia va fi organizat\u0103 o competi\u021bie sportiv\u0103 de ciclism \u201eTurul Sadacliei\u201d. Cu un astfel de anun\u021b a venit Prim\u0103ria s. Sadaclia pe pagina sa de Facebook.","inLanguage":"ro-RO","potentialAction":[{"@type":"ReadAction","target":["https:\/\/bas-tv.md\/ro\/in-s-sadaclia-va-avea-loc-o-competitie-sportiva-de-ciclism-turul-sadacliei\/"]}]},{"@type":"ImageObject","inLanguage":"ro-RO","@id":"https:\/\/bas-tv.md\/ro\/in-s-sadaclia-va-avea-loc-o-competitie-sportiva-de-ciclism-turul-sadacliei\/#primaryimage","url":"https:\/\/bas-tv.md\/wp-content\/uploads\/2024\/02\/de91a328ea3fa248fec5bee92c463cc96904d19e-2-730x411-1.jpeg","contentUrl":"https:\/\/bas-tv.md\/wp-content\/uploads\/2024\/02\/de91a328ea3fa248fec5bee92c463cc96904d19e-2-730x411-1.jpeg","width":730,"height":411,"caption":"Foto: ziuadeazi.md"},{"@type":"WebSite","@id":"https:\/\/bas-tv.md\/ro\/#website","url":"https:\/\/bas-tv.md\/ro\/","name":"BasTV","description":"Moldova","publisher":{"@id":"https:\/\/bas-tv.md\/ro\/#organization"},"potentialAction":[{"@type":"SearchAction","target":{"@type":"EntryPoint","urlTemplate":"https:\/\/bas-tv.md\/ro\/?s={search_term_string}"},"query-input":{"@type":"PropertyValueSpecification","valueRequired":true,"valueName":"search_term_string"}}],"inLanguage":"ro-RO"},{"@type":"Organization","@id":"https:\/\/bas-tv.md\/ro\/#organization","name":"BasTV","url":"https:\/\/bas-tv.md\/ro\/","logo":{"@type":"ImageObject","inLanguage":"ro-RO","@id":"https:\/\/bas-tv.md\/ro\/#\/schema\/logo\/image\/","url":"https:\/\/bas-tv.md\/wp-content\/uploads\/2023\/05\/bas-tv-culoarea-rosie.png","contentUrl":"https:\/\/bas-tv.md\/wp-content\/uploads\/2023\/05\/bas-tv-culoarea-rosie.png","width":202,"height":50,"caption":"BasTV"},"image":{"@id":"https:\/\/bas-tv.md\/ro\/#\/schema\/logo\/image\/"}},{"@type":"Person","@id":"https:\/\/bas-tv.md\/ro\/#\/schema\/person\/8740f45ea2eca1f1695284fc03529af0","name":"Redactor","image":{"@type":"ImageObject","inLanguage":"ro-RO","@id":"https:\/\/bas-tv.md\/wp-content\/litespeed\/avatar\/91c0586f3f6f4396a4ec1287c965eeeb.jpg?ver=1777555749","url":"https:\/\/bas-tv.md\/wp-content\/litespeed\/avatar\/91c0586f3f6f4396a4ec1287c965eeeb.jpg?ver=1777555749","contentUrl":"https:\/\/bas-tv.md\/wp-content\/litespeed\/avatar\/91c0586f3f6f4396a4ec1287c965eeeb.jpg?ver=1777555749","caption":"Redactor"},"url":"https:\/\/bas-tv.md\/ro\/author\/redactor\/"}]}},"views":529,"_links":{"self":[{"href":"https:\/\/bas-tv.md\/ro\/wp-json\/wp\/v2\/posts\/112871","targetHints":{"allow":["GET"]}}],"collection":[{"href":"https:\/\/bas-tv.md\/ro\/wp-json\/wp\/v2\/posts"}],"about":[{"href":"https:\/\/bas-tv.md\/ro\/wp-json\/wp\/v2\/types\/post"}],"author":[{"embeddable":true,"href":"https:\/\/bas-tv.md\/ro\/wp-json\/wp\/v2\/users\/3"}],"replies":[{"embeddable":true,"href":"https:\/\/bas-tv.md\/ro\/wp-json\/wp\/v2\/comments?post=112871"}],"version-history":[{"count":6,"href":"https:\/\/bas-tv.md\/ro\/wp-json\/wp\/v2\/posts\/112871\/revisions"}],"predecessor-version":[{"id":112883,"href":"https:\/\/bas-tv.md\/ro\/wp-json\/wp\/v2\/posts\/112871\/revisions\/112883"}],"wp:featuredmedia":[{"embeddable":true,"href":"https:\/\/bas-tv.md\/ro\/wp-json\/wp\/v2\/media\/112879"}],"wp:attachment":[{"href":"https:\/\/bas-tv.md\/ro\/wp-json\/wp\/v2\/media?parent=112871"}],"wp:term":[{"taxonomy":"category","embeddable":true,"href":"https:\/\/bas-tv.md\/ro\/wp-json\/wp\/v2\/categories?post=112871"},{"taxonomy":"post_tag","embeddable":true,"href":"https:\/\/bas-tv.md\/ro\/wp-json\/wp\/v2\/tags?post=112871"}],"curies":[{"name":"wp","href":"https:\/\/api.w.org\/{rel}","templated":true}]}}