{"id":113914,"date":"2024-03-14T11:29:46","date_gmt":"2024-03-14T09:29:46","guid":{"rendered":"https:\/\/bas-tv.md\/?p=113914"},"modified":"2024-03-14T11:29:46","modified_gmt":"2024-03-14T09:29:46","slug":"de-ce-jurnalistul-dorin-galben-l-a-putut-gasi-pe-veaceslav-platon-iar-procurorii-nu-explicatiile-lui-veronica-dragalin","status":"publish","type":"post","link":"https:\/\/bas-tv.md\/ro\/de-ce-jurnalistul-dorin-galben-l-a-putut-gasi-pe-veaceslav-platon-iar-procurorii-nu-explicatiile-lui-veronica-dragalin\/","title":{"rendered":"De ce jurnalistul Dorin Galben l-a putut g\u0103si pe Veaceslav Platon, iar procurorii nu? Explica\u021biile lui Veronica Dragalin"},"content":{"rendered":"<p><strong>,,Legea ne oblig\u0103, s\u0103 ac\u021bion\u0103m prin canale oficiale\u201d, declara\u021bia apar\u021bine \u0219efei \u00a0Procuraturii Anticorup\u021bie, Veronica Dragalin, c\u00e2nd a fost \u00eentrebat\u0103 la o emisiune TV de ce jurnalistul Dorin Galben l-a putut g\u0103si pe Veaceslav Platon, iar procurorii nu.<\/strong><\/p>\n<blockquote><p>\u201eR\u0103spunsul e foarte simplu. Legea \u00eei permite unui jurnalist s\u0103 mearg\u0103 oriunde \u00een lume \u0219i s\u0103 ia un interviu. Legea nu ne permite procurorilor s\u0103 facem ac\u021biuni \u00een afara teritoriului nostru. Fiecare procuror din \u021bara respectiv\u0103 are jurisdic\u021bie sau competen\u021be s\u0103 fac\u0103 ac\u021biuni doar pe teritoriul dat. C\u00e2nd noi avem ac\u021biuni pe care le consider\u0103m necesare pe un alt teritoriu, nu putem noi merge acolo, apel\u0103m prin canale oficiale la autorit\u0103\u021bile din \u021bara respectiv\u0103 care mai departe \u00eentreprind aceste ac\u021biuni. Procurorii \u0219i ofi\u021berii din Marea Britanie, la solicitarea noastr\u0103, l-au identificat pe Veaceslav Platon, s-au \u00eent\u00e2lnit cu el s\u0103-i fie \u00eenaintate documente de procedur\u0103 din cazurile noastre din Moldova. Deci noi ac\u021bion\u0103m, legea ne oblig\u0103, s\u0103 ac\u021bion\u0103m prin canale oficiale. Noi personal nu putem zbura \u00een Londra s\u0103-l c\u0103ut\u0103m. Ceea ce v\u0103 pot spune e c\u0103 procurorii din Marea Britanie l-au identificat pe Veaceslav Platon\u201d, a declarat Dragalin.<\/p><\/blockquote>\n<p>Amintim c\u0103, s\u0103pt\u0103m\u00e2na trecut\u0103, interviul lui Dorin Galben cu Veaceslav Platon a st\u00e2rnit critici \u00een spa\u021biul <a href=\"https:\/\/bas-tv.md\/ro\/dorin-galben-concediat-de-la-tv8-din-cauza-interviului-cu-veaceslav-platon\/\">public.<\/a> Ca rezultat, blogherul a fost dat afar\u0103 de la postul de televiziune TV8.<\/p>\n<p><b>Abona\u021bi-v\u0103 la noi pe re\u021bele sociale:\u00a0<\/b><a href=\"https:\/\/t.me\/bastvmd\"><b><i>Telegram<\/i><\/b><\/a><b>,\u00a0<\/b><a href=\"https:\/\/www.youtube.com\/channel\/UC-9005PnLnhpNM8PVSjP2dQ\/featured\"><b><i>YouTube<\/i><\/b><\/a><b>,\u00a0<\/b><a href=\"https:\/\/www.facebook.com\/bastv.md\"><b><i>Facebook<\/i><\/b><\/a>\u00a0\u0219i\u00a0<a href=\"https:\/\/www.instagram.com\/bastv.md\/\"><b><i>Instagram<\/i><\/b><\/a><b>.\u00a0 Aici public\u0103m \u0219tiri pe scurt!<\/b><\/p>\n","protected":false},"excerpt":{"rendered":"<p>,,Legea ne oblig\u0103, s\u0103 ac\u021bion\u0103m prin canale oficiale\u201d, declara\u021bia apar\u021bine \u0219efei \u00a0Procuraturii Anticorup\u021bie, Veronica Dragalin, c\u00e2nd a fost \u00eentrebat\u0103 la o emisiune TV de ce jurnalistul Dorin Galben l-a putut g\u0103si pe Veaceslav Platon, iar procurorii nu. \u201eR\u0103spunsul e foarte simplu. Legea \u00eei permite unui jurnalist s\u0103 mearg\u0103 oriunde \u00een lume \u0219i s\u0103 ia un [&hellip;]<\/p>\n","protected":false},"author":3,"featured_media":113916,"comment_status":"closed","ping_status":"closed","sticky":false,"template":"","format":"standard","meta":{"footnotes":""},"categories":[602,570],"tags":[],"class_list":["post-113914","post","type-post","status-publish","format-standard","has-post-thumbnail","hentry","category-actualitate","category-in-moldova"],"yoast_head":"<!-- This site is optimized with the Yoast SEO plugin v27.5 - https:\/\/yoast.com\/product\/yoast-seo-wordpress\/ -->\n<title>De ce jurnalistul Dorin Galben l-a putut g\u0103si pe Veaceslav Platon, iar procurorii nu? Explica\u021biile lui Veronica Dragalin - BasTV<\/title>\n<meta name=\"description\" content=\",,Legea ne oblig\u0103, s\u0103 ac\u021bion\u0103m prin canale oficiale\u201d, declara\u021bia apar\u021bine \u0219efei \u00a0Procuraturii Anticorup\u021bie, Veronica Dragalin, c\u00e2nd a fost \u00eentrebat\u0103 la o emisiune TV de ce jurnalistul Dorin Galben l-a putut g\u0103si pe Veaceslav Platon, iar procurorii nu.\" \/>\n<meta name=\"robots\" content=\"index, follow, max-snippet:-1, max-image-preview:large, max-video-preview:-1\" \/>\n<link rel=\"canonical\" href=\"https:\/\/bas-tv.md\/ro\/de-ce-jurnalistul-dorin-galben-l-a-putut-gasi-pe-veaceslav-platon-iar-procurorii-nu-explicatiile-lui-veronica-dragalin\/\" \/>\n<meta property=\"og:locale\" content=\"ro_RO\" \/>\n<meta property=\"og:type\" content=\"article\" \/>\n<meta property=\"og:title\" content=\"De ce jurnalistul Dorin Galben l-a putut g\u0103si pe Veaceslav Platon, iar procurorii nu? Explica\u021biile lui Veronica Dragalin - BasTV\" \/>\n<meta property=\"og:description\" content=\",,Legea ne oblig\u0103, s\u0103 ac\u021bion\u0103m prin canale oficiale\u201d, declara\u021bia apar\u021bine \u0219efei \u00a0Procuraturii Anticorup\u021bie, Veronica Dragalin, c\u00e2nd a fost \u00eentrebat\u0103 la o emisiune TV de ce jurnalistul Dorin Galben l-a putut g\u0103si pe Veaceslav Platon, iar procurorii nu.\" \/>\n<meta property=\"og:url\" content=\"https:\/\/bas-tv.md\/ro\/de-ce-jurnalistul-dorin-galben-l-a-putut-gasi-pe-veaceslav-platon-iar-procurorii-nu-explicatiile-lui-veronica-dragalin\/\" \/>\n<meta property=\"og:site_name\" content=\"BasTV\" \/>\n<meta property=\"article:published_time\" content=\"2024-03-14T09:29:46+00:00\" \/>\n<meta property=\"og:image\" content=\"https:\/\/bas-tv.md\/wp-content\/uploads\/2024\/03\/6dbfca95f2da3396c0d308f0897d985423fcb18222b7a2da2c998d812be966c9-1000.jpg\" \/>\n\t<meta property=\"og:image:width\" content=\"1000\" \/>\n\t<meta property=\"og:image:height\" content=\"563\" \/>\n\t<meta property=\"og:image:type\" content=\"image\/jpeg\" \/>\n<meta name=\"author\" content=\"Redactor\" \/>\n<meta name=\"twitter:card\" content=\"summary_large_image\" \/>\n<meta name=\"twitter:label1\" content=\"Scris de\" \/>\n\t<meta name=\"twitter:data1\" content=\"Redactor\" \/>\n\t<meta name=\"twitter:label2\" content=\"Timp estimat pentru citire\" \/>\n\t<meta name=\"twitter:data2\" content=\"1 minut\" \/>\n<script type=\"application\/ld+json\" class=\"yoast-schema-graph\">{\"@context\":\"https:\\\/\\\/schema.org\",\"@graph\":[{\"@type\":\"Article\",\"@id\":\"https:\\\/\\\/bas-tv.md\\\/ro\\\/de-ce-jurnalistul-dorin-galben-l-a-putut-gasi-pe-veaceslav-platon-iar-procurorii-nu-explicatiile-lui-veronica-dragalin\\\/#article\",\"isPartOf\":{\"@id\":\"https:\\\/\\\/bas-tv.md\\\/ro\\\/de-ce-jurnalistul-dorin-galben-l-a-putut-gasi-pe-veaceslav-platon-iar-procurorii-nu-explicatiile-lui-veronica-dragalin\\\/\"},\"author\":{\"name\":\"Redactor\",\"@id\":\"https:\\\/\\\/bas-tv.md\\\/ro\\\/#\\\/schema\\\/person\\\/8740f45ea2eca1f1695284fc03529af0\"},\"headline\":\"De ce jurnalistul Dorin Galben l-a putut g\u0103si pe Veaceslav Platon, iar procurorii nu? Explica\u021biile lui Veronica Dragalin\",\"datePublished\":\"2024-03-14T09:29:46+00:00\",\"mainEntityOfPage\":{\"@id\":\"https:\\\/\\\/bas-tv.md\\\/ro\\\/de-ce-jurnalistul-dorin-galben-l-a-putut-gasi-pe-veaceslav-platon-iar-procurorii-nu-explicatiile-lui-veronica-dragalin\\\/\"},\"wordCount\":287,\"publisher\":{\"@id\":\"https:\\\/\\\/bas-tv.md\\\/ro\\\/#organization\"},\"image\":{\"@id\":\"https:\\\/\\\/bas-tv.md\\\/ro\\\/de-ce-jurnalistul-dorin-galben-l-a-putut-gasi-pe-veaceslav-platon-iar-procurorii-nu-explicatiile-lui-veronica-dragalin\\\/#primaryimage\"},\"thumbnailUrl\":\"https:\\\/\\\/bas-tv.md\\\/wp-content\\\/uploads\\\/2024\\\/03\\\/6dbfca95f2da3396c0d308f0897d985423fcb18222b7a2da2c998d812be966c9-1000.jpg\",\"articleSection\":[\"Actualitate\",\"\u00cen Moldova\"],\"inLanguage\":\"ro-RO\"},{\"@type\":\"WebPage\",\"@id\":\"https:\\\/\\\/bas-tv.md\\\/ro\\\/de-ce-jurnalistul-dorin-galben-l-a-putut-gasi-pe-veaceslav-platon-iar-procurorii-nu-explicatiile-lui-veronica-dragalin\\\/\",\"url\":\"https:\\\/\\\/bas-tv.md\\\/ro\\\/de-ce-jurnalistul-dorin-galben-l-a-putut-gasi-pe-veaceslav-platon-iar-procurorii-nu-explicatiile-lui-veronica-dragalin\\\/\",\"name\":\"De ce jurnalistul Dorin Galben l-a putut g\u0103si pe Veaceslav Platon, iar procurorii nu? Explica\u021biile lui Veronica Dragalin - BasTV\",\"isPartOf\":{\"@id\":\"https:\\\/\\\/bas-tv.md\\\/ro\\\/#website\"},\"primaryImageOfPage\":{\"@id\":\"https:\\\/\\\/bas-tv.md\\\/ro\\\/de-ce-jurnalistul-dorin-galben-l-a-putut-gasi-pe-veaceslav-platon-iar-procurorii-nu-explicatiile-lui-veronica-dragalin\\\/#primaryimage\"},\"image\":{\"@id\":\"https:\\\/\\\/bas-tv.md\\\/ro\\\/de-ce-jurnalistul-dorin-galben-l-a-putut-gasi-pe-veaceslav-platon-iar-procurorii-nu-explicatiile-lui-veronica-dragalin\\\/#primaryimage\"},\"thumbnailUrl\":\"https:\\\/\\\/bas-tv.md\\\/wp-content\\\/uploads\\\/2024\\\/03\\\/6dbfca95f2da3396c0d308f0897d985423fcb18222b7a2da2c998d812be966c9-1000.jpg\",\"datePublished\":\"2024-03-14T09:29:46+00:00\",\"description\":\",,Legea ne oblig\u0103, s\u0103 ac\u021bion\u0103m prin canale oficiale\u201d, declara\u021bia apar\u021bine \u0219efei \u00a0Procuraturii Anticorup\u021bie, Veronica Dragalin, c\u00e2nd a fost \u00eentrebat\u0103 la o emisiune TV de ce jurnalistul Dorin Galben l-a putut g\u0103si pe Veaceslav Platon, iar procurorii nu.\",\"inLanguage\":\"ro-RO\",\"potentialAction\":[{\"@type\":\"ReadAction\",\"target\":[\"https:\\\/\\\/bas-tv.md\\\/ro\\\/de-ce-jurnalistul-dorin-galben-l-a-putut-gasi-pe-veaceslav-platon-iar-procurorii-nu-explicatiile-lui-veronica-dragalin\\\/\"]}]},{\"@type\":\"ImageObject\",\"inLanguage\":\"ro-RO\",\"@id\":\"https:\\\/\\\/bas-tv.md\\\/ro\\\/de-ce-jurnalistul-dorin-galben-l-a-putut-gasi-pe-veaceslav-platon-iar-procurorii-nu-explicatiile-lui-veronica-dragalin\\\/#primaryimage\",\"url\":\"https:\\\/\\\/bas-tv.md\\\/wp-content\\\/uploads\\\/2024\\\/03\\\/6dbfca95f2da3396c0d308f0897d985423fcb18222b7a2da2c998d812be966c9-1000.jpg\",\"contentUrl\":\"https:\\\/\\\/bas-tv.md\\\/wp-content\\\/uploads\\\/2024\\\/03\\\/6dbfca95f2da3396c0d308f0897d985423fcb18222b7a2da2c998d812be966c9-1000.jpg\",\"width\":1000,\"height\":563,\"caption\":\"paranteze.md\"},{\"@type\":\"WebSite\",\"@id\":\"https:\\\/\\\/bas-tv.md\\\/ro\\\/#website\",\"url\":\"https:\\\/\\\/bas-tv.md\\\/ro\\\/\",\"name\":\"BasTV\",\"description\":\"Moldova\",\"publisher\":{\"@id\":\"https:\\\/\\\/bas-tv.md\\\/ro\\\/#organization\"},\"potentialAction\":[{\"@type\":\"SearchAction\",\"target\":{\"@type\":\"EntryPoint\",\"urlTemplate\":\"https:\\\/\\\/bas-tv.md\\\/ro\\\/?s={search_term_string}\"},\"query-input\":{\"@type\":\"PropertyValueSpecification\",\"valueRequired\":true,\"valueName\":\"search_term_string\"}}],\"inLanguage\":\"ro-RO\"},{\"@type\":\"Organization\",\"@id\":\"https:\\\/\\\/bas-tv.md\\\/ro\\\/#organization\",\"name\":\"BasTV\",\"url\":\"https:\\\/\\\/bas-tv.md\\\/ro\\\/\",\"logo\":{\"@type\":\"ImageObject\",\"inLanguage\":\"ro-RO\",\"@id\":\"https:\\\/\\\/bas-tv.md\\\/ro\\\/#\\\/schema\\\/logo\\\/image\\\/\",\"url\":\"https:\\\/\\\/bas-tv.md\\\/wp-content\\\/uploads\\\/2023\\\/05\\\/bas-tv-culoarea-rosie.png\",\"contentUrl\":\"https:\\\/\\\/bas-tv.md\\\/wp-content\\\/uploads\\\/2023\\\/05\\\/bas-tv-culoarea-rosie.png\",\"width\":202,\"height\":50,\"caption\":\"BasTV\"},\"image\":{\"@id\":\"https:\\\/\\\/bas-tv.md\\\/ro\\\/#\\\/schema\\\/logo\\\/image\\\/\"}},{\"@type\":\"Person\",\"@id\":\"https:\\\/\\\/bas-tv.md\\\/ro\\\/#\\\/schema\\\/person\\\/8740f45ea2eca1f1695284fc03529af0\",\"name\":\"Redactor\",\"image\":{\"@type\":\"ImageObject\",\"inLanguage\":\"ro-RO\",\"@id\":\"https:\\\/\\\/bas-tv.md\\\/wp-content\\\/litespeed\\\/avatar\\\/91c0586f3f6f4396a4ec1287c965eeeb.jpg?ver=1776950945\",\"url\":\"https:\\\/\\\/bas-tv.md\\\/wp-content\\\/litespeed\\\/avatar\\\/91c0586f3f6f4396a4ec1287c965eeeb.jpg?ver=1776950945\",\"contentUrl\":\"https:\\\/\\\/bas-tv.md\\\/wp-content\\\/litespeed\\\/avatar\\\/91c0586f3f6f4396a4ec1287c965eeeb.jpg?ver=1776950945\",\"caption\":\"Redactor\"},\"url\":\"https:\\\/\\\/bas-tv.md\\\/ro\\\/author\\\/redactor\\\/\"}]}<\/script>\n<!-- \/ Yoast SEO plugin. -->","yoast_head_json":{"title":"De ce jurnalistul Dorin Galben l-a putut g\u0103si pe Veaceslav Platon, iar procurorii nu? Explica\u021biile lui Veronica Dragalin - BasTV","description":",,Legea ne oblig\u0103, s\u0103 ac\u021bion\u0103m prin canale oficiale\u201d, declara\u021bia apar\u021bine \u0219efei \u00a0Procuraturii Anticorup\u021bie, Veronica Dragalin, c\u00e2nd a fost \u00eentrebat\u0103 la o emisiune TV de ce jurnalistul Dorin Galben l-a putut g\u0103si pe Veaceslav Platon, iar procurorii nu.","robots":{"index":"index","follow":"follow","max-snippet":"max-snippet:-1","max-image-preview":"max-image-preview:large","max-video-preview":"max-video-preview:-1"},"canonical":"https:\/\/bas-tv.md\/ro\/de-ce-jurnalistul-dorin-galben-l-a-putut-gasi-pe-veaceslav-platon-iar-procurorii-nu-explicatiile-lui-veronica-dragalin\/","og_locale":"ro_RO","og_type":"article","og_title":"De ce jurnalistul Dorin Galben l-a putut g\u0103si pe Veaceslav Platon, iar procurorii nu? Explica\u021biile lui Veronica Dragalin - BasTV","og_description":",,Legea ne oblig\u0103, s\u0103 ac\u021bion\u0103m prin canale oficiale\u201d, declara\u021bia apar\u021bine \u0219efei \u00a0Procuraturii Anticorup\u021bie, Veronica Dragalin, c\u00e2nd a fost \u00eentrebat\u0103 la o emisiune TV de ce jurnalistul Dorin Galben l-a putut g\u0103si pe Veaceslav Platon, iar procurorii nu.","og_url":"https:\/\/bas-tv.md\/ro\/de-ce-jurnalistul-dorin-galben-l-a-putut-gasi-pe-veaceslav-platon-iar-procurorii-nu-explicatiile-lui-veronica-dragalin\/","og_site_name":"BasTV","article_published_time":"2024-03-14T09:29:46+00:00","og_image":[{"width":1000,"height":563,"url":"https:\/\/bas-tv.md\/wp-content\/uploads\/2024\/03\/6dbfca95f2da3396c0d308f0897d985423fcb18222b7a2da2c998d812be966c9-1000.jpg","type":"image\/jpeg"}],"author":"Redactor","twitter_card":"summary_large_image","twitter_misc":{"Scris de":"Redactor","Timp estimat pentru citire":"1 minut"},"schema":{"@context":"https:\/\/schema.org","@graph":[{"@type":"Article","@id":"https:\/\/bas-tv.md\/ro\/de-ce-jurnalistul-dorin-galben-l-a-putut-gasi-pe-veaceslav-platon-iar-procurorii-nu-explicatiile-lui-veronica-dragalin\/#article","isPartOf":{"@id":"https:\/\/bas-tv.md\/ro\/de-ce-jurnalistul-dorin-galben-l-a-putut-gasi-pe-veaceslav-platon-iar-procurorii-nu-explicatiile-lui-veronica-dragalin\/"},"author":{"name":"Redactor","@id":"https:\/\/bas-tv.md\/ro\/#\/schema\/person\/8740f45ea2eca1f1695284fc03529af0"},"headline":"De ce jurnalistul Dorin Galben l-a putut g\u0103si pe Veaceslav Platon, iar procurorii nu? Explica\u021biile lui Veronica Dragalin","datePublished":"2024-03-14T09:29:46+00:00","mainEntityOfPage":{"@id":"https:\/\/bas-tv.md\/ro\/de-ce-jurnalistul-dorin-galben-l-a-putut-gasi-pe-veaceslav-platon-iar-procurorii-nu-explicatiile-lui-veronica-dragalin\/"},"wordCount":287,"publisher":{"@id":"https:\/\/bas-tv.md\/ro\/#organization"},"image":{"@id":"https:\/\/bas-tv.md\/ro\/de-ce-jurnalistul-dorin-galben-l-a-putut-gasi-pe-veaceslav-platon-iar-procurorii-nu-explicatiile-lui-veronica-dragalin\/#primaryimage"},"thumbnailUrl":"https:\/\/bas-tv.md\/wp-content\/uploads\/2024\/03\/6dbfca95f2da3396c0d308f0897d985423fcb18222b7a2da2c998d812be966c9-1000.jpg","articleSection":["Actualitate","\u00cen Moldova"],"inLanguage":"ro-RO"},{"@type":"WebPage","@id":"https:\/\/bas-tv.md\/ro\/de-ce-jurnalistul-dorin-galben-l-a-putut-gasi-pe-veaceslav-platon-iar-procurorii-nu-explicatiile-lui-veronica-dragalin\/","url":"https:\/\/bas-tv.md\/ro\/de-ce-jurnalistul-dorin-galben-l-a-putut-gasi-pe-veaceslav-platon-iar-procurorii-nu-explicatiile-lui-veronica-dragalin\/","name":"De ce jurnalistul Dorin Galben l-a putut g\u0103si pe Veaceslav Platon, iar procurorii nu? Explica\u021biile lui Veronica Dragalin - BasTV","isPartOf":{"@id":"https:\/\/bas-tv.md\/ro\/#website"},"primaryImageOfPage":{"@id":"https:\/\/bas-tv.md\/ro\/de-ce-jurnalistul-dorin-galben-l-a-putut-gasi-pe-veaceslav-platon-iar-procurorii-nu-explicatiile-lui-veronica-dragalin\/#primaryimage"},"image":{"@id":"https:\/\/bas-tv.md\/ro\/de-ce-jurnalistul-dorin-galben-l-a-putut-gasi-pe-veaceslav-platon-iar-procurorii-nu-explicatiile-lui-veronica-dragalin\/#primaryimage"},"thumbnailUrl":"https:\/\/bas-tv.md\/wp-content\/uploads\/2024\/03\/6dbfca95f2da3396c0d308f0897d985423fcb18222b7a2da2c998d812be966c9-1000.jpg","datePublished":"2024-03-14T09:29:46+00:00","description":",,Legea ne oblig\u0103, s\u0103 ac\u021bion\u0103m prin canale oficiale\u201d, declara\u021bia apar\u021bine \u0219efei \u00a0Procuraturii Anticorup\u021bie, Veronica Dragalin, c\u00e2nd a fost \u00eentrebat\u0103 la o emisiune TV de ce jurnalistul Dorin Galben l-a putut g\u0103si pe Veaceslav Platon, iar procurorii nu.","inLanguage":"ro-RO","potentialAction":[{"@type":"ReadAction","target":["https:\/\/bas-tv.md\/ro\/de-ce-jurnalistul-dorin-galben-l-a-putut-gasi-pe-veaceslav-platon-iar-procurorii-nu-explicatiile-lui-veronica-dragalin\/"]}]},{"@type":"ImageObject","inLanguage":"ro-RO","@id":"https:\/\/bas-tv.md\/ro\/de-ce-jurnalistul-dorin-galben-l-a-putut-gasi-pe-veaceslav-platon-iar-procurorii-nu-explicatiile-lui-veronica-dragalin\/#primaryimage","url":"https:\/\/bas-tv.md\/wp-content\/uploads\/2024\/03\/6dbfca95f2da3396c0d308f0897d985423fcb18222b7a2da2c998d812be966c9-1000.jpg","contentUrl":"https:\/\/bas-tv.md\/wp-content\/uploads\/2024\/03\/6dbfca95f2da3396c0d308f0897d985423fcb18222b7a2da2c998d812be966c9-1000.jpg","width":1000,"height":563,"caption":"paranteze.md"},{"@type":"WebSite","@id":"https:\/\/bas-tv.md\/ro\/#website","url":"https:\/\/bas-tv.md\/ro\/","name":"BasTV","description":"Moldova","publisher":{"@id":"https:\/\/bas-tv.md\/ro\/#organization"},"potentialAction":[{"@type":"SearchAction","target":{"@type":"EntryPoint","urlTemplate":"https:\/\/bas-tv.md\/ro\/?s={search_term_string}"},"query-input":{"@type":"PropertyValueSpecification","valueRequired":true,"valueName":"search_term_string"}}],"inLanguage":"ro-RO"},{"@type":"Organization","@id":"https:\/\/bas-tv.md\/ro\/#organization","name":"BasTV","url":"https:\/\/bas-tv.md\/ro\/","logo":{"@type":"ImageObject","inLanguage":"ro-RO","@id":"https:\/\/bas-tv.md\/ro\/#\/schema\/logo\/image\/","url":"https:\/\/bas-tv.md\/wp-content\/uploads\/2023\/05\/bas-tv-culoarea-rosie.png","contentUrl":"https:\/\/bas-tv.md\/wp-content\/uploads\/2023\/05\/bas-tv-culoarea-rosie.png","width":202,"height":50,"caption":"BasTV"},"image":{"@id":"https:\/\/bas-tv.md\/ro\/#\/schema\/logo\/image\/"}},{"@type":"Person","@id":"https:\/\/bas-tv.md\/ro\/#\/schema\/person\/8740f45ea2eca1f1695284fc03529af0","name":"Redactor","image":{"@type":"ImageObject","inLanguage":"ro-RO","@id":"https:\/\/bas-tv.md\/wp-content\/litespeed\/avatar\/91c0586f3f6f4396a4ec1287c965eeeb.jpg?ver=1776950945","url":"https:\/\/bas-tv.md\/wp-content\/litespeed\/avatar\/91c0586f3f6f4396a4ec1287c965eeeb.jpg?ver=1776950945","contentUrl":"https:\/\/bas-tv.md\/wp-content\/litespeed\/avatar\/91c0586f3f6f4396a4ec1287c965eeeb.jpg?ver=1776950945","caption":"Redactor"},"url":"https:\/\/bas-tv.md\/ro\/author\/redactor\/"}]}},"views":398,"_links":{"self":[{"href":"https:\/\/bas-tv.md\/ro\/wp-json\/wp\/v2\/posts\/113914","targetHints":{"allow":["GET"]}}],"collection":[{"href":"https:\/\/bas-tv.md\/ro\/wp-json\/wp\/v2\/posts"}],"about":[{"href":"https:\/\/bas-tv.md\/ro\/wp-json\/wp\/v2\/types\/post"}],"author":[{"embeddable":true,"href":"https:\/\/bas-tv.md\/ro\/wp-json\/wp\/v2\/users\/3"}],"replies":[{"embeddable":true,"href":"https:\/\/bas-tv.md\/ro\/wp-json\/wp\/v2\/comments?post=113914"}],"version-history":[{"count":2,"href":"https:\/\/bas-tv.md\/ro\/wp-json\/wp\/v2\/posts\/113914\/revisions"}],"predecessor-version":[{"id":113918,"href":"https:\/\/bas-tv.md\/ro\/wp-json\/wp\/v2\/posts\/113914\/revisions\/113918"}],"wp:featuredmedia":[{"embeddable":true,"href":"https:\/\/bas-tv.md\/ro\/wp-json\/wp\/v2\/media\/113916"}],"wp:attachment":[{"href":"https:\/\/bas-tv.md\/ro\/wp-json\/wp\/v2\/media?parent=113914"}],"wp:term":[{"taxonomy":"category","embeddable":true,"href":"https:\/\/bas-tv.md\/ro\/wp-json\/wp\/v2\/categories?post=113914"},{"taxonomy":"post_tag","embeddable":true,"href":"https:\/\/bas-tv.md\/ro\/wp-json\/wp\/v2\/tags?post=113914"}],"curies":[{"name":"wp","href":"https:\/\/api.w.org\/{rel}","templated":true}]}}