{"id":113919,"date":"2024-03-14T12:31:46","date_gmt":"2024-03-14T10:31:46","guid":{"rendered":"https:\/\/bas-tv.md\/?p=113919"},"modified":"2024-03-14T12:31:46","modified_gmt":"2024-03-14T10:31:46","slug":"un-pas-spre-viitor-200-de-gradinite-vor-fi-dotate-cu-echipamente-mobilier-si-materiale-didactico-metodice","status":"publish","type":"post","link":"https:\/\/bas-tv.md\/ro\/un-pas-spre-viitor-200-de-gradinite-vor-fi-dotate-cu-echipamente-mobilier-si-materiale-didactico-metodice\/","title":{"rendered":"Un pas spre viitor: 200 de gr\u0103dini\u021be vor fi dotate cu echipamente, mobilier \u0219i materiale didactico-metodice"},"content":{"rendered":"<p><strong>Ministerul Educa\u021biei \u0219i Cercet\u0103rii invit\u0103 institu\u021biile de educa\u021bie timpurie din \u021bar\u0103 s\u0103 participe la un concurs pentru dotarea cu echipamente, mobilier \u0219i materiale didactico-metodice. Ini\u021biativa se \u00eenscrie \u00een cadrul Proiectului \u201e\u00cembun\u0103t\u0103\u021birea calit\u0103\u021bii educa\u021biei\u201d, implementat de MEC cu suportul B\u0103ncii Mondiale.<\/strong><\/p>\n<p>\u00cen urma concursului vor fi selectate 200 de gr\u0103dini\u021be beneficiare. Prioritate vor avea institu\u021biile care au demonstrat o tendin\u021b\u0103 de p\u0103strare sau cre\u0219tere a num\u0103rului de copii \u00een ultimii trei ani, care \u00ee\u0219i propun s\u0103 creasc\u0103 accesul la serviciile educa\u021bionale pentru copiii de p\u00e2n\u0103 la trei ani \u0219i pentru cei \u00een situa\u021bie de risc. De asemenea, se va acorda prioritate institu\u021biilor cu un num\u0103r mai mare de copii cu CES, copii refugia\u021bi \u00eencadra\u021bi \u0219i care au un angajament puternic pentru \u00eembun\u0103t\u0103\u021birea calit\u0103\u021bii educa\u021biei timpurii.<\/p>\n<p>Pentru participare, institu\u021biile urmeaz\u0103 s\u0103 completeze un formular care poate fi accesat la urm\u0103torul <a href=\"https:\/\/docs.google.com\/forms\/d\/e\/1FAIpQLSc8tP1KR193wYx461X0zMLwQqe20FA6MgmhCw8tKWzSB1oo2A\/viewform\">link<\/a>. Data limit\u0103 pentru completarea formularului este 24.03.2024.<\/p>\n<p>Pentru \u00eentreb\u0103ri suplimentare, apela\u021bi la consultantul na\u021bional \u00een educa\u021bia timpurie din cadrul proiectului, Viorica Istrati, la adresa electronic\u0103 istrati.viorica@edu.md.<\/p>\n<p><b>Abona\u021bi-v\u0103 la noi pe re\u021bele sociale:\u00a0<\/b><a href=\"https:\/\/t.me\/bastvmd\"><b><i>Telegram<\/i><\/b><\/a><b>,\u00a0<\/b><a href=\"https:\/\/www.youtube.com\/channel\/UC-9005PnLnhpNM8PVSjP2dQ\/featured\"><b><i>YouTube<\/i><\/b><\/a><b>,\u00a0<\/b><a href=\"https:\/\/www.facebook.com\/bastv.md\"><b><i>Facebook<\/i><\/b><\/a>\u00a0\u0219i\u00a0<a href=\"https:\/\/www.instagram.com\/bastv.md\/\"><b><i>Instagram<\/i><\/b><\/a><b>.\u00a0 Aici public\u0103m \u0219tiri pe scurt!<\/b><\/p>\n","protected":false},"excerpt":{"rendered":"<p>Ministerul Educa\u021biei \u0219i Cercet\u0103rii invit\u0103 institu\u021biile de educa\u021bie timpurie din \u021bar\u0103 s\u0103 participe la un concurs pentru dotarea cu echipamente, mobilier \u0219i materiale didactico-metodice. Ini\u021biativa se \u00eenscrie \u00een cadrul Proiectului \u201e\u00cembun\u0103t\u0103\u021birea calit\u0103\u021bii educa\u021biei\u201d, implementat de MEC cu suportul B\u0103ncii Mondiale. \u00cen urma concursului vor fi selectate 200 de gr\u0103dini\u021be beneficiare. Prioritate vor avea institu\u021biile care [&hellip;]<\/p>\n","protected":false},"author":3,"featured_media":113922,"comment_status":"closed","ping_status":"closed","sticky":false,"template":"","format":"standard","meta":{"footnotes":""},"categories":[602,570],"tags":[],"class_list":["post-113919","post","type-post","status-publish","format-standard","has-post-thumbnail","hentry","category-actualitate","category-in-moldova"],"yoast_head":"<!-- This site is optimized with the Yoast SEO plugin v27.5 - https:\/\/yoast.com\/product\/yoast-seo-wordpress\/ -->\n<title>Un pas spre viitor: 200 de gr\u0103dini\u021be vor fi dotate cu echipamente, mobilier \u0219i materiale didactico-metodice - BasTV<\/title>\n<meta name=\"description\" content=\"Ministerul Educa\u021biei \u0219i Cercet\u0103rii invit\u0103 institu\u021biile de educa\u021bie timpurie din \u021bar\u0103 s\u0103 participe la un concurs pentru dotarea cu echipamente, mobilier \u0219i materiale didactico-metodice. Ini\u021biativa se \u00eenscrie \u00een cadrul Proiectului \u201e\u00cembun\u0103t\u0103\u021birea calit\u0103\u021bii educa\u021biei\u201d, implementat de MEC cu suportul B\u0103ncii Mondiale.\" \/>\n<meta name=\"robots\" content=\"index, follow, max-snippet:-1, max-image-preview:large, max-video-preview:-1\" \/>\n<link rel=\"canonical\" href=\"https:\/\/bas-tv.md\/ro\/un-pas-spre-viitor-200-de-gradinite-vor-fi-dotate-cu-echipamente-mobilier-si-materiale-didactico-metodice\/\" \/>\n<meta property=\"og:locale\" content=\"ro_RO\" \/>\n<meta property=\"og:type\" content=\"article\" \/>\n<meta property=\"og:title\" content=\"Un pas spre viitor: 200 de gr\u0103dini\u021be vor fi dotate cu echipamente, mobilier \u0219i materiale didactico-metodice - BasTV\" \/>\n<meta property=\"og:description\" content=\"Ministerul Educa\u021biei \u0219i Cercet\u0103rii invit\u0103 institu\u021biile de educa\u021bie timpurie din \u021bar\u0103 s\u0103 participe la un concurs pentru dotarea cu echipamente, mobilier \u0219i materiale didactico-metodice. Ini\u021biativa se \u00eenscrie \u00een cadrul Proiectului \u201e\u00cembun\u0103t\u0103\u021birea calit\u0103\u021bii educa\u021biei\u201d, implementat de MEC cu suportul B\u0103ncii Mondiale.\" \/>\n<meta property=\"og:url\" content=\"https:\/\/bas-tv.md\/ro\/un-pas-spre-viitor-200-de-gradinite-vor-fi-dotate-cu-echipamente-mobilier-si-materiale-didactico-metodice\/\" \/>\n<meta property=\"og:site_name\" content=\"BasTV\" \/>\n<meta property=\"article:published_time\" content=\"2024-03-14T10:31:46+00:00\" \/>\n<meta property=\"og:image\" content=\"https:\/\/bas-tv.md\/wp-content\/uploads\/2024\/03\/117110797_652747341995811_2018535814691820331_o.jpg\" \/>\n\t<meta property=\"og:image:width\" content=\"1280\" \/>\n\t<meta property=\"og:image:height\" content=\"807\" \/>\n\t<meta property=\"og:image:type\" content=\"image\/jpeg\" \/>\n<meta name=\"author\" content=\"Redactor\" \/>\n<meta name=\"twitter:card\" content=\"summary_large_image\" \/>\n<meta name=\"twitter:label1\" content=\"Scris de\" \/>\n\t<meta name=\"twitter:data1\" content=\"Redactor\" \/>\n\t<meta name=\"twitter:label2\" content=\"Timp estimat pentru citire\" \/>\n\t<meta name=\"twitter:data2\" content=\"2 minute\" \/>\n<script type=\"application\/ld+json\" class=\"yoast-schema-graph\">{\"@context\":\"https:\\\/\\\/schema.org\",\"@graph\":[{\"@type\":\"Article\",\"@id\":\"https:\\\/\\\/bas-tv.md\\\/ro\\\/un-pas-spre-viitor-200-de-gradinite-vor-fi-dotate-cu-echipamente-mobilier-si-materiale-didactico-metodice\\\/#article\",\"isPartOf\":{\"@id\":\"https:\\\/\\\/bas-tv.md\\\/ro\\\/un-pas-spre-viitor-200-de-gradinite-vor-fi-dotate-cu-echipamente-mobilier-si-materiale-didactico-metodice\\\/\"},\"author\":{\"name\":\"Redactor\",\"@id\":\"https:\\\/\\\/bas-tv.md\\\/ro\\\/#\\\/schema\\\/person\\\/8740f45ea2eca1f1695284fc03529af0\"},\"headline\":\"Un pas spre viitor: 200 de gr\u0103dini\u021be vor fi dotate cu echipamente, mobilier \u0219i materiale didactico-metodice\",\"datePublished\":\"2024-03-14T10:31:46+00:00\",\"mainEntityOfPage\":{\"@id\":\"https:\\\/\\\/bas-tv.md\\\/ro\\\/un-pas-spre-viitor-200-de-gradinite-vor-fi-dotate-cu-echipamente-mobilier-si-materiale-didactico-metodice\\\/\"},\"wordCount\":235,\"publisher\":{\"@id\":\"https:\\\/\\\/bas-tv.md\\\/ro\\\/#organization\"},\"image\":{\"@id\":\"https:\\\/\\\/bas-tv.md\\\/ro\\\/un-pas-spre-viitor-200-de-gradinite-vor-fi-dotate-cu-echipamente-mobilier-si-materiale-didactico-metodice\\\/#primaryimage\"},\"thumbnailUrl\":\"https:\\\/\\\/bas-tv.md\\\/wp-content\\\/uploads\\\/2024\\\/03\\\/117110797_652747341995811_2018535814691820331_o.jpg\",\"articleSection\":[\"Actualitate\",\"\u00cen Moldova\"],\"inLanguage\":\"ro-RO\"},{\"@type\":\"WebPage\",\"@id\":\"https:\\\/\\\/bas-tv.md\\\/ro\\\/un-pas-spre-viitor-200-de-gradinite-vor-fi-dotate-cu-echipamente-mobilier-si-materiale-didactico-metodice\\\/\",\"url\":\"https:\\\/\\\/bas-tv.md\\\/ro\\\/un-pas-spre-viitor-200-de-gradinite-vor-fi-dotate-cu-echipamente-mobilier-si-materiale-didactico-metodice\\\/\",\"name\":\"Un pas spre viitor: 200 de gr\u0103dini\u021be vor fi dotate cu echipamente, mobilier \u0219i materiale didactico-metodice - BasTV\",\"isPartOf\":{\"@id\":\"https:\\\/\\\/bas-tv.md\\\/ro\\\/#website\"},\"primaryImageOfPage\":{\"@id\":\"https:\\\/\\\/bas-tv.md\\\/ro\\\/un-pas-spre-viitor-200-de-gradinite-vor-fi-dotate-cu-echipamente-mobilier-si-materiale-didactico-metodice\\\/#primaryimage\"},\"image\":{\"@id\":\"https:\\\/\\\/bas-tv.md\\\/ro\\\/un-pas-spre-viitor-200-de-gradinite-vor-fi-dotate-cu-echipamente-mobilier-si-materiale-didactico-metodice\\\/#primaryimage\"},\"thumbnailUrl\":\"https:\\\/\\\/bas-tv.md\\\/wp-content\\\/uploads\\\/2024\\\/03\\\/117110797_652747341995811_2018535814691820331_o.jpg\",\"datePublished\":\"2024-03-14T10:31:46+00:00\",\"description\":\"Ministerul Educa\u021biei \u0219i Cercet\u0103rii invit\u0103 institu\u021biile de educa\u021bie timpurie din \u021bar\u0103 s\u0103 participe la un concurs pentru dotarea cu echipamente, mobilier \u0219i materiale didactico-metodice. Ini\u021biativa se \u00eenscrie \u00een cadrul Proiectului \u201e\u00cembun\u0103t\u0103\u021birea calit\u0103\u021bii educa\u021biei\u201d, implementat de MEC cu suportul B\u0103ncii Mondiale.\",\"inLanguage\":\"ro-RO\",\"potentialAction\":[{\"@type\":\"ReadAction\",\"target\":[\"https:\\\/\\\/bas-tv.md\\\/ro\\\/un-pas-spre-viitor-200-de-gradinite-vor-fi-dotate-cu-echipamente-mobilier-si-materiale-didactico-metodice\\\/\"]}]},{\"@type\":\"ImageObject\",\"inLanguage\":\"ro-RO\",\"@id\":\"https:\\\/\\\/bas-tv.md\\\/ro\\\/un-pas-spre-viitor-200-de-gradinite-vor-fi-dotate-cu-echipamente-mobilier-si-materiale-didactico-metodice\\\/#primaryimage\",\"url\":\"https:\\\/\\\/bas-tv.md\\\/wp-content\\\/uploads\\\/2024\\\/03\\\/117110797_652747341995811_2018535814691820331_o.jpg\",\"contentUrl\":\"https:\\\/\\\/bas-tv.md\\\/wp-content\\\/uploads\\\/2024\\\/03\\\/117110797_652747341995811_2018535814691820331_o.jpg\",\"width\":1280,\"height\":807,\"caption\":\"Un pas spre viitor: 200 de gr\u0103dini\u021be vor fi dotate cu echipamente, mobilier \u0219i materiale didactico-metodice\"},{\"@type\":\"WebSite\",\"@id\":\"https:\\\/\\\/bas-tv.md\\\/ro\\\/#website\",\"url\":\"https:\\\/\\\/bas-tv.md\\\/ro\\\/\",\"name\":\"BasTV\",\"description\":\"Moldova\",\"publisher\":{\"@id\":\"https:\\\/\\\/bas-tv.md\\\/ro\\\/#organization\"},\"potentialAction\":[{\"@type\":\"SearchAction\",\"target\":{\"@type\":\"EntryPoint\",\"urlTemplate\":\"https:\\\/\\\/bas-tv.md\\\/ro\\\/?s={search_term_string}\"},\"query-input\":{\"@type\":\"PropertyValueSpecification\",\"valueRequired\":true,\"valueName\":\"search_term_string\"}}],\"inLanguage\":\"ro-RO\"},{\"@type\":\"Organization\",\"@id\":\"https:\\\/\\\/bas-tv.md\\\/ro\\\/#organization\",\"name\":\"BasTV\",\"url\":\"https:\\\/\\\/bas-tv.md\\\/ro\\\/\",\"logo\":{\"@type\":\"ImageObject\",\"inLanguage\":\"ro-RO\",\"@id\":\"https:\\\/\\\/bas-tv.md\\\/ro\\\/#\\\/schema\\\/logo\\\/image\\\/\",\"url\":\"https:\\\/\\\/bas-tv.md\\\/wp-content\\\/uploads\\\/2023\\\/05\\\/bas-tv-culoarea-rosie.png\",\"contentUrl\":\"https:\\\/\\\/bas-tv.md\\\/wp-content\\\/uploads\\\/2023\\\/05\\\/bas-tv-culoarea-rosie.png\",\"width\":202,\"height\":50,\"caption\":\"BasTV\"},\"image\":{\"@id\":\"https:\\\/\\\/bas-tv.md\\\/ro\\\/#\\\/schema\\\/logo\\\/image\\\/\"}},{\"@type\":\"Person\",\"@id\":\"https:\\\/\\\/bas-tv.md\\\/ro\\\/#\\\/schema\\\/person\\\/8740f45ea2eca1f1695284fc03529af0\",\"name\":\"Redactor\",\"image\":{\"@type\":\"ImageObject\",\"inLanguage\":\"ro-RO\",\"@id\":\"https:\\\/\\\/bas-tv.md\\\/wp-content\\\/litespeed\\\/avatar\\\/91c0586f3f6f4396a4ec1287c965eeeb.jpg?ver=1776950945\",\"url\":\"https:\\\/\\\/bas-tv.md\\\/wp-content\\\/litespeed\\\/avatar\\\/91c0586f3f6f4396a4ec1287c965eeeb.jpg?ver=1776950945\",\"contentUrl\":\"https:\\\/\\\/bas-tv.md\\\/wp-content\\\/litespeed\\\/avatar\\\/91c0586f3f6f4396a4ec1287c965eeeb.jpg?ver=1776950945\",\"caption\":\"Redactor\"},\"url\":\"https:\\\/\\\/bas-tv.md\\\/ro\\\/author\\\/redactor\\\/\"}]}<\/script>\n<!-- \/ Yoast SEO plugin. -->","yoast_head_json":{"title":"Un pas spre viitor: 200 de gr\u0103dini\u021be vor fi dotate cu echipamente, mobilier \u0219i materiale didactico-metodice - BasTV","description":"Ministerul Educa\u021biei \u0219i Cercet\u0103rii invit\u0103 institu\u021biile de educa\u021bie timpurie din \u021bar\u0103 s\u0103 participe la un concurs pentru dotarea cu echipamente, mobilier \u0219i materiale didactico-metodice. Ini\u021biativa se \u00eenscrie \u00een cadrul Proiectului \u201e\u00cembun\u0103t\u0103\u021birea calit\u0103\u021bii educa\u021biei\u201d, implementat de MEC cu suportul B\u0103ncii Mondiale.","robots":{"index":"index","follow":"follow","max-snippet":"max-snippet:-1","max-image-preview":"max-image-preview:large","max-video-preview":"max-video-preview:-1"},"canonical":"https:\/\/bas-tv.md\/ro\/un-pas-spre-viitor-200-de-gradinite-vor-fi-dotate-cu-echipamente-mobilier-si-materiale-didactico-metodice\/","og_locale":"ro_RO","og_type":"article","og_title":"Un pas spre viitor: 200 de gr\u0103dini\u021be vor fi dotate cu echipamente, mobilier \u0219i materiale didactico-metodice - BasTV","og_description":"Ministerul Educa\u021biei \u0219i Cercet\u0103rii invit\u0103 institu\u021biile de educa\u021bie timpurie din \u021bar\u0103 s\u0103 participe la un concurs pentru dotarea cu echipamente, mobilier \u0219i materiale didactico-metodice. Ini\u021biativa se \u00eenscrie \u00een cadrul Proiectului \u201e\u00cembun\u0103t\u0103\u021birea calit\u0103\u021bii educa\u021biei\u201d, implementat de MEC cu suportul B\u0103ncii Mondiale.","og_url":"https:\/\/bas-tv.md\/ro\/un-pas-spre-viitor-200-de-gradinite-vor-fi-dotate-cu-echipamente-mobilier-si-materiale-didactico-metodice\/","og_site_name":"BasTV","article_published_time":"2024-03-14T10:31:46+00:00","og_image":[{"width":1280,"height":807,"url":"https:\/\/bas-tv.md\/wp-content\/uploads\/2024\/03\/117110797_652747341995811_2018535814691820331_o.jpg","type":"image\/jpeg"}],"author":"Redactor","twitter_card":"summary_large_image","twitter_misc":{"Scris de":"Redactor","Timp estimat pentru citire":"2 minute"},"schema":{"@context":"https:\/\/schema.org","@graph":[{"@type":"Article","@id":"https:\/\/bas-tv.md\/ro\/un-pas-spre-viitor-200-de-gradinite-vor-fi-dotate-cu-echipamente-mobilier-si-materiale-didactico-metodice\/#article","isPartOf":{"@id":"https:\/\/bas-tv.md\/ro\/un-pas-spre-viitor-200-de-gradinite-vor-fi-dotate-cu-echipamente-mobilier-si-materiale-didactico-metodice\/"},"author":{"name":"Redactor","@id":"https:\/\/bas-tv.md\/ro\/#\/schema\/person\/8740f45ea2eca1f1695284fc03529af0"},"headline":"Un pas spre viitor: 200 de gr\u0103dini\u021be vor fi dotate cu echipamente, mobilier \u0219i materiale didactico-metodice","datePublished":"2024-03-14T10:31:46+00:00","mainEntityOfPage":{"@id":"https:\/\/bas-tv.md\/ro\/un-pas-spre-viitor-200-de-gradinite-vor-fi-dotate-cu-echipamente-mobilier-si-materiale-didactico-metodice\/"},"wordCount":235,"publisher":{"@id":"https:\/\/bas-tv.md\/ro\/#organization"},"image":{"@id":"https:\/\/bas-tv.md\/ro\/un-pas-spre-viitor-200-de-gradinite-vor-fi-dotate-cu-echipamente-mobilier-si-materiale-didactico-metodice\/#primaryimage"},"thumbnailUrl":"https:\/\/bas-tv.md\/wp-content\/uploads\/2024\/03\/117110797_652747341995811_2018535814691820331_o.jpg","articleSection":["Actualitate","\u00cen Moldova"],"inLanguage":"ro-RO"},{"@type":"WebPage","@id":"https:\/\/bas-tv.md\/ro\/un-pas-spre-viitor-200-de-gradinite-vor-fi-dotate-cu-echipamente-mobilier-si-materiale-didactico-metodice\/","url":"https:\/\/bas-tv.md\/ro\/un-pas-spre-viitor-200-de-gradinite-vor-fi-dotate-cu-echipamente-mobilier-si-materiale-didactico-metodice\/","name":"Un pas spre viitor: 200 de gr\u0103dini\u021be vor fi dotate cu echipamente, mobilier \u0219i materiale didactico-metodice - BasTV","isPartOf":{"@id":"https:\/\/bas-tv.md\/ro\/#website"},"primaryImageOfPage":{"@id":"https:\/\/bas-tv.md\/ro\/un-pas-spre-viitor-200-de-gradinite-vor-fi-dotate-cu-echipamente-mobilier-si-materiale-didactico-metodice\/#primaryimage"},"image":{"@id":"https:\/\/bas-tv.md\/ro\/un-pas-spre-viitor-200-de-gradinite-vor-fi-dotate-cu-echipamente-mobilier-si-materiale-didactico-metodice\/#primaryimage"},"thumbnailUrl":"https:\/\/bas-tv.md\/wp-content\/uploads\/2024\/03\/117110797_652747341995811_2018535814691820331_o.jpg","datePublished":"2024-03-14T10:31:46+00:00","description":"Ministerul Educa\u021biei \u0219i Cercet\u0103rii invit\u0103 institu\u021biile de educa\u021bie timpurie din \u021bar\u0103 s\u0103 participe la un concurs pentru dotarea cu echipamente, mobilier \u0219i materiale didactico-metodice. Ini\u021biativa se \u00eenscrie \u00een cadrul Proiectului \u201e\u00cembun\u0103t\u0103\u021birea calit\u0103\u021bii educa\u021biei\u201d, implementat de MEC cu suportul B\u0103ncii Mondiale.","inLanguage":"ro-RO","potentialAction":[{"@type":"ReadAction","target":["https:\/\/bas-tv.md\/ro\/un-pas-spre-viitor-200-de-gradinite-vor-fi-dotate-cu-echipamente-mobilier-si-materiale-didactico-metodice\/"]}]},{"@type":"ImageObject","inLanguage":"ro-RO","@id":"https:\/\/bas-tv.md\/ro\/un-pas-spre-viitor-200-de-gradinite-vor-fi-dotate-cu-echipamente-mobilier-si-materiale-didactico-metodice\/#primaryimage","url":"https:\/\/bas-tv.md\/wp-content\/uploads\/2024\/03\/117110797_652747341995811_2018535814691820331_o.jpg","contentUrl":"https:\/\/bas-tv.md\/wp-content\/uploads\/2024\/03\/117110797_652747341995811_2018535814691820331_o.jpg","width":1280,"height":807,"caption":"Un pas spre viitor: 200 de gr\u0103dini\u021be vor fi dotate cu echipamente, mobilier \u0219i materiale didactico-metodice"},{"@type":"WebSite","@id":"https:\/\/bas-tv.md\/ro\/#website","url":"https:\/\/bas-tv.md\/ro\/","name":"BasTV","description":"Moldova","publisher":{"@id":"https:\/\/bas-tv.md\/ro\/#organization"},"potentialAction":[{"@type":"SearchAction","target":{"@type":"EntryPoint","urlTemplate":"https:\/\/bas-tv.md\/ro\/?s={search_term_string}"},"query-input":{"@type":"PropertyValueSpecification","valueRequired":true,"valueName":"search_term_string"}}],"inLanguage":"ro-RO"},{"@type":"Organization","@id":"https:\/\/bas-tv.md\/ro\/#organization","name":"BasTV","url":"https:\/\/bas-tv.md\/ro\/","logo":{"@type":"ImageObject","inLanguage":"ro-RO","@id":"https:\/\/bas-tv.md\/ro\/#\/schema\/logo\/image\/","url":"https:\/\/bas-tv.md\/wp-content\/uploads\/2023\/05\/bas-tv-culoarea-rosie.png","contentUrl":"https:\/\/bas-tv.md\/wp-content\/uploads\/2023\/05\/bas-tv-culoarea-rosie.png","width":202,"height":50,"caption":"BasTV"},"image":{"@id":"https:\/\/bas-tv.md\/ro\/#\/schema\/logo\/image\/"}},{"@type":"Person","@id":"https:\/\/bas-tv.md\/ro\/#\/schema\/person\/8740f45ea2eca1f1695284fc03529af0","name":"Redactor","image":{"@type":"ImageObject","inLanguage":"ro-RO","@id":"https:\/\/bas-tv.md\/wp-content\/litespeed\/avatar\/91c0586f3f6f4396a4ec1287c965eeeb.jpg?ver=1776950945","url":"https:\/\/bas-tv.md\/wp-content\/litespeed\/avatar\/91c0586f3f6f4396a4ec1287c965eeeb.jpg?ver=1776950945","contentUrl":"https:\/\/bas-tv.md\/wp-content\/litespeed\/avatar\/91c0586f3f6f4396a4ec1287c965eeeb.jpg?ver=1776950945","caption":"Redactor"},"url":"https:\/\/bas-tv.md\/ro\/author\/redactor\/"}]}},"views":276,"_links":{"self":[{"href":"https:\/\/bas-tv.md\/ro\/wp-json\/wp\/v2\/posts\/113919","targetHints":{"allow":["GET"]}}],"collection":[{"href":"https:\/\/bas-tv.md\/ro\/wp-json\/wp\/v2\/posts"}],"about":[{"href":"https:\/\/bas-tv.md\/ro\/wp-json\/wp\/v2\/types\/post"}],"author":[{"embeddable":true,"href":"https:\/\/bas-tv.md\/ro\/wp-json\/wp\/v2\/users\/3"}],"replies":[{"embeddable":true,"href":"https:\/\/bas-tv.md\/ro\/wp-json\/wp\/v2\/comments?post=113919"}],"version-history":[{"count":5,"href":"https:\/\/bas-tv.md\/ro\/wp-json\/wp\/v2\/posts\/113919\/revisions"}],"predecessor-version":[{"id":113926,"href":"https:\/\/bas-tv.md\/ro\/wp-json\/wp\/v2\/posts\/113919\/revisions\/113926"}],"wp:featuredmedia":[{"embeddable":true,"href":"https:\/\/bas-tv.md\/ro\/wp-json\/wp\/v2\/media\/113922"}],"wp:attachment":[{"href":"https:\/\/bas-tv.md\/ro\/wp-json\/wp\/v2\/media?parent=113919"}],"wp:term":[{"taxonomy":"category","embeddable":true,"href":"https:\/\/bas-tv.md\/ro\/wp-json\/wp\/v2\/categories?post=113919"},{"taxonomy":"post_tag","embeddable":true,"href":"https:\/\/bas-tv.md\/ro\/wp-json\/wp\/v2\/tags?post=113919"}],"curies":[{"name":"wp","href":"https:\/\/api.w.org\/{rel}","templated":true}]}}