{"id":113927,"date":"2024-03-14T14:00:24","date_gmt":"2024-03-14T12:00:24","guid":{"rendered":"https:\/\/bas-tv.md\/?p=113927"},"modified":"2024-03-14T14:07:48","modified_gmt":"2024-03-14T12:07:48","slug":"vineri-raman-fara-lumina-strazile-din-s-abaclia-3","status":"publish","type":"post","link":"https:\/\/bas-tv.md\/ro\/vineri-raman-fara-lumina-strazile-din-s-abaclia-3\/","title":{"rendered":"Vineri r\u0103m\u00e2n f\u0103r\u0103 lumin\u0103 str\u0103zile din s. Abaclia"},"content":{"rendered":"<p><strong>Pentru \u00eembun\u0103t\u0103\u021birea serviciilor prestate clien\u0163ilor,\u00a0\u00ce.C.S Premier Energy Distribution S.A.\u00a0anun\u0163\u0103 c\u0103\u00a0vineri, 15 martie 2024,\u00a0vor avea loc lucr\u0103ri programate de \u00eentre\u021binere, renovare \u0219i modernizare a re\u021belelor electrice pe adresele \u0219i \u00een intervalele de timp indicate mai jos.<\/strong><\/p>\n<p><strong>s. Abaclia:<\/strong> str. 31 August 1989 (\u015eopsa), Alecu Russo, Alexei Mateevici, Florilor, Gr\u0103dinilor, I.Dodic\u0103, Independen\u0163ei, Ion Creang\u0103, Ion Iachir, Ion Secrieru, Iurie Gagarin, Lev Tolstoi, Mihail Frunze, Novaea, s.Abaclia, \u015ecolinaea, \u015etefan cel Mare \u015fi Sf\u00eent, \u015etefan Vod\u0103, Valentina Tere\u015fcova, Vasile Alecsandri par\u021bial, \u00een intervalul de timp \u00eentre <strong>09:30-17:00<\/strong> pentru lucr\u0103ri de defri\u0219are \u015fi t\u0103iere a crengilor.<\/p>\n<p>Administra\u021bia Premier Energy<\/p>\n<p><b>Abona\u021bi-v\u0103 la noi pe re\u021bele<\/b><b>\u00a0sociale:\u00a0<\/b><a href=\"https:\/\/t.me\/bastvmd\"><b><i>Telegram<\/i><\/b><\/a><b>,\u00a0<\/b><a href=\"https:\/\/www.youtube.com\/channel\/UC-9005PnLnhpNM8PVSjP2dQ\/featured\"><b><i>YouTube<\/i><\/b><\/a><b>,\u00a0<\/b><a href=\"https:\/\/www.facebook.com\/bastv.md\"><b><i>Facebook<\/i><\/b><\/a>\u00a0<strong>\u0219i\u00a0<\/strong><a href=\"https:\/\/www.instagram.com\/bastv.md\/\"><b><i>Instagram<\/i><\/b><\/a><b>.\u00a0 Aici public\u0103m \u0219tiri pe scurt!<\/b><\/p>\n","protected":false},"excerpt":{"rendered":"<p>Pentru \u00eembun\u0103t\u0103\u021birea serviciilor prestate clien\u0163ilor,\u00a0\u00ce.C.S Premier Energy Distribution S.A.\u00a0anun\u0163\u0103 c\u0103\u00a0vineri, 15 martie 2024,\u00a0vor avea loc lucr\u0103ri programate de \u00eentre\u021binere, renovare \u0219i modernizare a re\u021belelor electrice pe adresele \u0219i \u00een intervalele de timp indicate mai jos. s. Abaclia: str. 31 August 1989 (\u015eopsa), Alecu Russo, Alexei Mateevici, Florilor, Gr\u0103dinilor, I.Dodic\u0103, Independen\u0163ei, Ion Creang\u0103, Ion Iachir, Ion [&hellip;]<\/p>\n","protected":false},"author":3,"featured_media":113931,"comment_status":"closed","ping_status":"closed","sticky":false,"template":"","format":"standard","meta":{"footnotes":""},"categories":[219,574],"tags":[],"class_list":["post-113927","post","type-post","status-publish","format-standard","has-post-thumbnail","hentry","category-anunturi","category-util"],"yoast_head":"<!-- This site is optimized with the Yoast SEO plugin v27.5 - https:\/\/yoast.com\/product\/yoast-seo-wordpress\/ -->\n<title>Vineri r\u0103m\u00e2n f\u0103r\u0103 lumin\u0103 str\u0103zile din s. Abaclia - BasTV<\/title>\n<meta name=\"description\" content=\"Pentru \u00eembun\u0103t\u0103\u021birea serviciilor prestate clien\u0163ilor,\u00a0\u00ce.C.S Premier Energy Distribution S.A.\u00a0anun\u0163\u0103 c\u0103\u00a0vineri, 15 martie 2024,\u00a0vor avea loc lucr\u0103ri programate de \u00eentre\u021binere, renovare \u0219i modernizare a re\u021belelor electrice pe adresele \u0219i \u00een intervalele de timp indicate mai jos.\" \/>\n<meta name=\"robots\" content=\"index, follow, max-snippet:-1, max-image-preview:large, max-video-preview:-1\" \/>\n<link rel=\"canonical\" href=\"https:\/\/bas-tv.md\/ro\/vineri-raman-fara-lumina-strazile-din-s-abaclia-3\/\" \/>\n<meta property=\"og:locale\" content=\"ro_RO\" \/>\n<meta property=\"og:type\" content=\"article\" \/>\n<meta property=\"og:title\" content=\"Vineri r\u0103m\u00e2n f\u0103r\u0103 lumin\u0103 str\u0103zile din s. Abaclia - BasTV\" \/>\n<meta property=\"og:description\" content=\"Pentru \u00eembun\u0103t\u0103\u021birea serviciilor prestate clien\u0163ilor,\u00a0\u00ce.C.S Premier Energy Distribution S.A.\u00a0anun\u0163\u0103 c\u0103\u00a0vineri, 15 martie 2024,\u00a0vor avea loc lucr\u0103ri programate de \u00eentre\u021binere, renovare \u0219i modernizare a re\u021belelor electrice pe adresele \u0219i \u00een intervalele de timp indicate mai jos.\" \/>\n<meta property=\"og:url\" content=\"https:\/\/bas-tv.md\/ro\/vineri-raman-fara-lumina-strazile-din-s-abaclia-3\/\" \/>\n<meta property=\"og:site_name\" content=\"BasTV\" \/>\n<meta property=\"article:published_time\" content=\"2024-03-14T12:00:24+00:00\" \/>\n<meta property=\"article:modified_time\" content=\"2024-03-14T12:07:48+00:00\" \/>\n<meta property=\"og:image\" content=\"https:\/\/bas-tv.md\/wp-content\/uploads\/2024\/03\/3y9a1710-1024x683-1.jpg\" \/>\n\t<meta property=\"og:image:width\" content=\"1024\" \/>\n\t<meta property=\"og:image:height\" content=\"683\" \/>\n\t<meta property=\"og:image:type\" content=\"image\/jpeg\" \/>\n<meta name=\"author\" content=\"Redactor\" \/>\n<meta name=\"twitter:card\" content=\"summary_large_image\" \/>\n<meta name=\"twitter:label1\" content=\"Scris de\" \/>\n\t<meta name=\"twitter:data1\" content=\"Redactor\" \/>\n\t<meta name=\"twitter:label2\" content=\"Timp estimat pentru citire\" \/>\n\t<meta name=\"twitter:data2\" content=\"1 minut\" \/>\n<script type=\"application\/ld+json\" class=\"yoast-schema-graph\">{\"@context\":\"https:\\\/\\\/schema.org\",\"@graph\":[{\"@type\":\"Article\",\"@id\":\"https:\\\/\\\/bas-tv.md\\\/ro\\\/vineri-raman-fara-lumina-strazile-din-s-abaclia-3\\\/#article\",\"isPartOf\":{\"@id\":\"https:\\\/\\\/bas-tv.md\\\/ro\\\/vineri-raman-fara-lumina-strazile-din-s-abaclia-3\\\/\"},\"author\":{\"name\":\"Redactor\",\"@id\":\"https:\\\/\\\/bas-tv.md\\\/ro\\\/#\\\/schema\\\/person\\\/8740f45ea2eca1f1695284fc03529af0\"},\"headline\":\"Vineri r\u0103m\u00e2n f\u0103r\u0103 lumin\u0103 str\u0103zile din s. Abaclia\",\"datePublished\":\"2024-03-14T12:00:24+00:00\",\"dateModified\":\"2024-03-14T12:07:48+00:00\",\"mainEntityOfPage\":{\"@id\":\"https:\\\/\\\/bas-tv.md\\\/ro\\\/vineri-raman-fara-lumina-strazile-din-s-abaclia-3\\\/\"},\"wordCount\":144,\"publisher\":{\"@id\":\"https:\\\/\\\/bas-tv.md\\\/ro\\\/#organization\"},\"image\":{\"@id\":\"https:\\\/\\\/bas-tv.md\\\/ro\\\/vineri-raman-fara-lumina-strazile-din-s-abaclia-3\\\/#primaryimage\"},\"thumbnailUrl\":\"https:\\\/\\\/bas-tv.md\\\/wp-content\\\/uploads\\\/2024\\\/03\\\/3y9a1710-1024x683-1.jpg\",\"articleSection\":[\"Anun\u021buri\",\"Util\"],\"inLanguage\":\"ro-RO\"},{\"@type\":\"WebPage\",\"@id\":\"https:\\\/\\\/bas-tv.md\\\/ro\\\/vineri-raman-fara-lumina-strazile-din-s-abaclia-3\\\/\",\"url\":\"https:\\\/\\\/bas-tv.md\\\/ro\\\/vineri-raman-fara-lumina-strazile-din-s-abaclia-3\\\/\",\"name\":\"Vineri r\u0103m\u00e2n f\u0103r\u0103 lumin\u0103 str\u0103zile din s. Abaclia - BasTV\",\"isPartOf\":{\"@id\":\"https:\\\/\\\/bas-tv.md\\\/ro\\\/#website\"},\"primaryImageOfPage\":{\"@id\":\"https:\\\/\\\/bas-tv.md\\\/ro\\\/vineri-raman-fara-lumina-strazile-din-s-abaclia-3\\\/#primaryimage\"},\"image\":{\"@id\":\"https:\\\/\\\/bas-tv.md\\\/ro\\\/vineri-raman-fara-lumina-strazile-din-s-abaclia-3\\\/#primaryimage\"},\"thumbnailUrl\":\"https:\\\/\\\/bas-tv.md\\\/wp-content\\\/uploads\\\/2024\\\/03\\\/3y9a1710-1024x683-1.jpg\",\"datePublished\":\"2024-03-14T12:00:24+00:00\",\"dateModified\":\"2024-03-14T12:07:48+00:00\",\"description\":\"Pentru \u00eembun\u0103t\u0103\u021birea serviciilor prestate clien\u0163ilor,\u00a0\u00ce.C.S Premier Energy Distribution S.A.\u00a0anun\u0163\u0103 c\u0103\u00a0vineri, 15 martie 2024,\u00a0vor avea loc lucr\u0103ri programate de \u00eentre\u021binere, renovare \u0219i modernizare a re\u021belelor electrice pe adresele \u0219i \u00een intervalele de timp indicate mai jos.\",\"inLanguage\":\"ro-RO\",\"potentialAction\":[{\"@type\":\"ReadAction\",\"target\":[\"https:\\\/\\\/bas-tv.md\\\/ro\\\/vineri-raman-fara-lumina-strazile-din-s-abaclia-3\\\/\"]}]},{\"@type\":\"ImageObject\",\"inLanguage\":\"ro-RO\",\"@id\":\"https:\\\/\\\/bas-tv.md\\\/ro\\\/vineri-raman-fara-lumina-strazile-din-s-abaclia-3\\\/#primaryimage\",\"url\":\"https:\\\/\\\/bas-tv.md\\\/wp-content\\\/uploads\\\/2024\\\/03\\\/3y9a1710-1024x683-1.jpg\",\"contentUrl\":\"https:\\\/\\\/bas-tv.md\\\/wp-content\\\/uploads\\\/2024\\\/03\\\/3y9a1710-1024x683-1.jpg\",\"width\":1024,\"height\":683,\"caption\":\"Vineri r\u0103m\u00e2n f\u0103r\u0103 lumin\u0103 str\u0103zile din s. Abaclia\"},{\"@type\":\"WebSite\",\"@id\":\"https:\\\/\\\/bas-tv.md\\\/ro\\\/#website\",\"url\":\"https:\\\/\\\/bas-tv.md\\\/ro\\\/\",\"name\":\"BasTV\",\"description\":\"Moldova\",\"publisher\":{\"@id\":\"https:\\\/\\\/bas-tv.md\\\/ro\\\/#organization\"},\"potentialAction\":[{\"@type\":\"SearchAction\",\"target\":{\"@type\":\"EntryPoint\",\"urlTemplate\":\"https:\\\/\\\/bas-tv.md\\\/ro\\\/?s={search_term_string}\"},\"query-input\":{\"@type\":\"PropertyValueSpecification\",\"valueRequired\":true,\"valueName\":\"search_term_string\"}}],\"inLanguage\":\"ro-RO\"},{\"@type\":\"Organization\",\"@id\":\"https:\\\/\\\/bas-tv.md\\\/ro\\\/#organization\",\"name\":\"BasTV\",\"url\":\"https:\\\/\\\/bas-tv.md\\\/ro\\\/\",\"logo\":{\"@type\":\"ImageObject\",\"inLanguage\":\"ro-RO\",\"@id\":\"https:\\\/\\\/bas-tv.md\\\/ro\\\/#\\\/schema\\\/logo\\\/image\\\/\",\"url\":\"https:\\\/\\\/bas-tv.md\\\/wp-content\\\/uploads\\\/2023\\\/05\\\/bas-tv-culoarea-rosie.png\",\"contentUrl\":\"https:\\\/\\\/bas-tv.md\\\/wp-content\\\/uploads\\\/2023\\\/05\\\/bas-tv-culoarea-rosie.png\",\"width\":202,\"height\":50,\"caption\":\"BasTV\"},\"image\":{\"@id\":\"https:\\\/\\\/bas-tv.md\\\/ro\\\/#\\\/schema\\\/logo\\\/image\\\/\"}},{\"@type\":\"Person\",\"@id\":\"https:\\\/\\\/bas-tv.md\\\/ro\\\/#\\\/schema\\\/person\\\/8740f45ea2eca1f1695284fc03529af0\",\"name\":\"Redactor\",\"image\":{\"@type\":\"ImageObject\",\"inLanguage\":\"ro-RO\",\"@id\":\"https:\\\/\\\/bas-tv.md\\\/wp-content\\\/litespeed\\\/avatar\\\/91c0586f3f6f4396a4ec1287c965eeeb.jpg?ver=1776950945\",\"url\":\"https:\\\/\\\/bas-tv.md\\\/wp-content\\\/litespeed\\\/avatar\\\/91c0586f3f6f4396a4ec1287c965eeeb.jpg?ver=1776950945\",\"contentUrl\":\"https:\\\/\\\/bas-tv.md\\\/wp-content\\\/litespeed\\\/avatar\\\/91c0586f3f6f4396a4ec1287c965eeeb.jpg?ver=1776950945\",\"caption\":\"Redactor\"},\"url\":\"https:\\\/\\\/bas-tv.md\\\/ro\\\/author\\\/redactor\\\/\"}]}<\/script>\n<!-- \/ Yoast SEO plugin. -->","yoast_head_json":{"title":"Vineri r\u0103m\u00e2n f\u0103r\u0103 lumin\u0103 str\u0103zile din s. Abaclia - BasTV","description":"Pentru \u00eembun\u0103t\u0103\u021birea serviciilor prestate clien\u0163ilor,\u00a0\u00ce.C.S Premier Energy Distribution S.A.\u00a0anun\u0163\u0103 c\u0103\u00a0vineri, 15 martie 2024,\u00a0vor avea loc lucr\u0103ri programate de \u00eentre\u021binere, renovare \u0219i modernizare a re\u021belelor electrice pe adresele \u0219i \u00een intervalele de timp indicate mai jos.","robots":{"index":"index","follow":"follow","max-snippet":"max-snippet:-1","max-image-preview":"max-image-preview:large","max-video-preview":"max-video-preview:-1"},"canonical":"https:\/\/bas-tv.md\/ro\/vineri-raman-fara-lumina-strazile-din-s-abaclia-3\/","og_locale":"ro_RO","og_type":"article","og_title":"Vineri r\u0103m\u00e2n f\u0103r\u0103 lumin\u0103 str\u0103zile din s. Abaclia - BasTV","og_description":"Pentru \u00eembun\u0103t\u0103\u021birea serviciilor prestate clien\u0163ilor,\u00a0\u00ce.C.S Premier Energy Distribution S.A.\u00a0anun\u0163\u0103 c\u0103\u00a0vineri, 15 martie 2024,\u00a0vor avea loc lucr\u0103ri programate de \u00eentre\u021binere, renovare \u0219i modernizare a re\u021belelor electrice pe adresele \u0219i \u00een intervalele de timp indicate mai jos.","og_url":"https:\/\/bas-tv.md\/ro\/vineri-raman-fara-lumina-strazile-din-s-abaclia-3\/","og_site_name":"BasTV","article_published_time":"2024-03-14T12:00:24+00:00","article_modified_time":"2024-03-14T12:07:48+00:00","og_image":[{"width":1024,"height":683,"url":"https:\/\/bas-tv.md\/wp-content\/uploads\/2024\/03\/3y9a1710-1024x683-1.jpg","type":"image\/jpeg"}],"author":"Redactor","twitter_card":"summary_large_image","twitter_misc":{"Scris de":"Redactor","Timp estimat pentru citire":"1 minut"},"schema":{"@context":"https:\/\/schema.org","@graph":[{"@type":"Article","@id":"https:\/\/bas-tv.md\/ro\/vineri-raman-fara-lumina-strazile-din-s-abaclia-3\/#article","isPartOf":{"@id":"https:\/\/bas-tv.md\/ro\/vineri-raman-fara-lumina-strazile-din-s-abaclia-3\/"},"author":{"name":"Redactor","@id":"https:\/\/bas-tv.md\/ro\/#\/schema\/person\/8740f45ea2eca1f1695284fc03529af0"},"headline":"Vineri r\u0103m\u00e2n f\u0103r\u0103 lumin\u0103 str\u0103zile din s. Abaclia","datePublished":"2024-03-14T12:00:24+00:00","dateModified":"2024-03-14T12:07:48+00:00","mainEntityOfPage":{"@id":"https:\/\/bas-tv.md\/ro\/vineri-raman-fara-lumina-strazile-din-s-abaclia-3\/"},"wordCount":144,"publisher":{"@id":"https:\/\/bas-tv.md\/ro\/#organization"},"image":{"@id":"https:\/\/bas-tv.md\/ro\/vineri-raman-fara-lumina-strazile-din-s-abaclia-3\/#primaryimage"},"thumbnailUrl":"https:\/\/bas-tv.md\/wp-content\/uploads\/2024\/03\/3y9a1710-1024x683-1.jpg","articleSection":["Anun\u021buri","Util"],"inLanguage":"ro-RO"},{"@type":"WebPage","@id":"https:\/\/bas-tv.md\/ro\/vineri-raman-fara-lumina-strazile-din-s-abaclia-3\/","url":"https:\/\/bas-tv.md\/ro\/vineri-raman-fara-lumina-strazile-din-s-abaclia-3\/","name":"Vineri r\u0103m\u00e2n f\u0103r\u0103 lumin\u0103 str\u0103zile din s. Abaclia - BasTV","isPartOf":{"@id":"https:\/\/bas-tv.md\/ro\/#website"},"primaryImageOfPage":{"@id":"https:\/\/bas-tv.md\/ro\/vineri-raman-fara-lumina-strazile-din-s-abaclia-3\/#primaryimage"},"image":{"@id":"https:\/\/bas-tv.md\/ro\/vineri-raman-fara-lumina-strazile-din-s-abaclia-3\/#primaryimage"},"thumbnailUrl":"https:\/\/bas-tv.md\/wp-content\/uploads\/2024\/03\/3y9a1710-1024x683-1.jpg","datePublished":"2024-03-14T12:00:24+00:00","dateModified":"2024-03-14T12:07:48+00:00","description":"Pentru \u00eembun\u0103t\u0103\u021birea serviciilor prestate clien\u0163ilor,\u00a0\u00ce.C.S Premier Energy Distribution S.A.\u00a0anun\u0163\u0103 c\u0103\u00a0vineri, 15 martie 2024,\u00a0vor avea loc lucr\u0103ri programate de \u00eentre\u021binere, renovare \u0219i modernizare a re\u021belelor electrice pe adresele \u0219i \u00een intervalele de timp indicate mai jos.","inLanguage":"ro-RO","potentialAction":[{"@type":"ReadAction","target":["https:\/\/bas-tv.md\/ro\/vineri-raman-fara-lumina-strazile-din-s-abaclia-3\/"]}]},{"@type":"ImageObject","inLanguage":"ro-RO","@id":"https:\/\/bas-tv.md\/ro\/vineri-raman-fara-lumina-strazile-din-s-abaclia-3\/#primaryimage","url":"https:\/\/bas-tv.md\/wp-content\/uploads\/2024\/03\/3y9a1710-1024x683-1.jpg","contentUrl":"https:\/\/bas-tv.md\/wp-content\/uploads\/2024\/03\/3y9a1710-1024x683-1.jpg","width":1024,"height":683,"caption":"Vineri r\u0103m\u00e2n f\u0103r\u0103 lumin\u0103 str\u0103zile din s. Abaclia"},{"@type":"WebSite","@id":"https:\/\/bas-tv.md\/ro\/#website","url":"https:\/\/bas-tv.md\/ro\/","name":"BasTV","description":"Moldova","publisher":{"@id":"https:\/\/bas-tv.md\/ro\/#organization"},"potentialAction":[{"@type":"SearchAction","target":{"@type":"EntryPoint","urlTemplate":"https:\/\/bas-tv.md\/ro\/?s={search_term_string}"},"query-input":{"@type":"PropertyValueSpecification","valueRequired":true,"valueName":"search_term_string"}}],"inLanguage":"ro-RO"},{"@type":"Organization","@id":"https:\/\/bas-tv.md\/ro\/#organization","name":"BasTV","url":"https:\/\/bas-tv.md\/ro\/","logo":{"@type":"ImageObject","inLanguage":"ro-RO","@id":"https:\/\/bas-tv.md\/ro\/#\/schema\/logo\/image\/","url":"https:\/\/bas-tv.md\/wp-content\/uploads\/2023\/05\/bas-tv-culoarea-rosie.png","contentUrl":"https:\/\/bas-tv.md\/wp-content\/uploads\/2023\/05\/bas-tv-culoarea-rosie.png","width":202,"height":50,"caption":"BasTV"},"image":{"@id":"https:\/\/bas-tv.md\/ro\/#\/schema\/logo\/image\/"}},{"@type":"Person","@id":"https:\/\/bas-tv.md\/ro\/#\/schema\/person\/8740f45ea2eca1f1695284fc03529af0","name":"Redactor","image":{"@type":"ImageObject","inLanguage":"ro-RO","@id":"https:\/\/bas-tv.md\/wp-content\/litespeed\/avatar\/91c0586f3f6f4396a4ec1287c965eeeb.jpg?ver=1776950945","url":"https:\/\/bas-tv.md\/wp-content\/litespeed\/avatar\/91c0586f3f6f4396a4ec1287c965eeeb.jpg?ver=1776950945","contentUrl":"https:\/\/bas-tv.md\/wp-content\/litespeed\/avatar\/91c0586f3f6f4396a4ec1287c965eeeb.jpg?ver=1776950945","caption":"Redactor"},"url":"https:\/\/bas-tv.md\/ro\/author\/redactor\/"}]}},"views":414,"_links":{"self":[{"href":"https:\/\/bas-tv.md\/ro\/wp-json\/wp\/v2\/posts\/113927","targetHints":{"allow":["GET"]}}],"collection":[{"href":"https:\/\/bas-tv.md\/ro\/wp-json\/wp\/v2\/posts"}],"about":[{"href":"https:\/\/bas-tv.md\/ro\/wp-json\/wp\/v2\/types\/post"}],"author":[{"embeddable":true,"href":"https:\/\/bas-tv.md\/ro\/wp-json\/wp\/v2\/users\/3"}],"replies":[{"embeddable":true,"href":"https:\/\/bas-tv.md\/ro\/wp-json\/wp\/v2\/comments?post=113927"}],"version-history":[{"count":1,"href":"https:\/\/bas-tv.md\/ro\/wp-json\/wp\/v2\/posts\/113927\/revisions"}],"predecessor-version":[{"id":113928,"href":"https:\/\/bas-tv.md\/ro\/wp-json\/wp\/v2\/posts\/113927\/revisions\/113928"}],"wp:featuredmedia":[{"embeddable":true,"href":"https:\/\/bas-tv.md\/ro\/wp-json\/wp\/v2\/media\/113931"}],"wp:attachment":[{"href":"https:\/\/bas-tv.md\/ro\/wp-json\/wp\/v2\/media?parent=113927"}],"wp:term":[{"taxonomy":"category","embeddable":true,"href":"https:\/\/bas-tv.md\/ro\/wp-json\/wp\/v2\/categories?post=113927"},{"taxonomy":"post_tag","embeddable":true,"href":"https:\/\/bas-tv.md\/ro\/wp-json\/wp\/v2\/tags?post=113927"}],"curies":[{"name":"wp","href":"https:\/\/api.w.org\/{rel}","templated":true}]}}