{"id":114255,"date":"2024-03-18T14:30:42","date_gmt":"2024-03-18T12:30:42","guid":{"rendered":"https:\/\/bas-tv.md\/?p=114255"},"modified":"2024-03-18T14:23:01","modified_gmt":"2024-03-18T12:23:01","slug":"oportunitate-pentru-studentii-interesati-de-jurnalism-rezilienta-institutiilor-mass-media-noua-generatie","status":"publish","type":"post","link":"https:\/\/bas-tv.md\/ro\/oportunitate-pentru-studentii-interesati-de-jurnalism-rezilienta-institutiilor-mass-media-noua-generatie\/","title":{"rendered":"Oportunitate pentru studen\u021bii interesa\u021bi de jurnalism: \u201cRezilien\u021ba institu\u021biilor mass-media &#8211; Noua Genera\u021bie\u201d"},"content":{"rendered":"<p><strong>Centrul pentru Democra\u021bie \u0219i Drepturile Omului al organiza\u021biei People in Need din Republica Ceh\u0103 v\u0103 invit\u0103 s\u0103 face\u021bi parte din proiectul \u201cRezilien\u021ba institu\u021biilor mass-media &#8211; Noua Genera\u021bie\u201d. Acest program, care a \u00eenceput \u00een februarie, ofer\u0103 oportunit\u0103\u021bi valoroase pentru studen\u021bii interesa\u021bi de jurnalism \u0219i domenii conexe.<\/strong><\/p>\n<p><strong>Despre proiect:<\/strong> Scopul nostru este s\u0103 select\u0103m cei mai talenta\u021bi studen\u021bi din toat\u0103 Moldova pentru a participa la un program de un an, \u00een cadrul c\u0103ruia \u00ee\u0219i vor dezvolta abilit\u0103\u021bile narative, de verificare a informa\u021biei \u0219i creare de con\u021binut.<\/p>\n<p><strong>Eligibilitate:<\/strong> To\u021bi studen\u021bii universitari care doresc s\u0103-\u0219i \u00eembun\u0103t\u0103\u021beasc\u0103 abilit\u0103\u021bile jurnalistice, sunt eligibili s\u0103 depun\u0103 dosarul de participare.<\/p>\n<p><strong>Ce oferim?<\/strong><\/p>\n<ul>\n<li>Un training de o zi la Chi\u0219in\u0103u cu jurnali\u0219ti consacra\u021bi;<\/li>\n<li>Mentorat dup\u0103 training cu cei mai buni jurnali\u0219ti;<\/li>\n<li>Aproximativ 3800 lei (200 EUR) pentru finan\u021barea proiectului t\u0103u jurnalistic;<\/li>\n<li>Oportunitatea de a face un stagiu de o lun\u0103 la o redac\u021bie de \u0219tiri local\u0103 sau na\u021bonal\u0103 din Moldova;<\/li>\n<li>Aproximativ 2800 lei (150 EUR) pentru acoperirea cheltuielilor legate de munc\u0103 \u00een timpul stagiului;<\/li>\n<li>Oportunitatea de a publica lucr\u0103rile selectate pe platformele media din Moldova.<\/li>\n<\/ul>\n<p><strong>Ce trebuie s\u0103 faci?<\/strong><\/p>\n<ul>\n<li>Trimite-ne ideea ta de con\u021binut jurnalistic, indiferent dac\u0103 este o \u0219tire, un longread sau un reportaj video.<\/li>\n<li>Po\u021bi participa individual sau \u00een echip\u0103 cu un coleg de curs (maxim trei persoane).<\/li>\n<li>Concentreaz\u0103-te pe subiecte precum democra\u021bia, drepturile omului, societatea civil\u0103, educa\u021bia mediatic\u0103, dezinformarea \u0219i procesul de aderare la UE.<\/li>\n<\/ul>\n<p><strong>Dosar de participare:<\/strong> Completeaz\u0103 <a href=\"https:\/\/docs.google.com\/forms\/d\/e\/1FAIpQLSfWAohuoPwRoJVth0oV13gzymBv-xpfAZqBrOA3YYX42g1Z8Q\/viewform\">chestionarul<\/a> p\u00e2n\u0103 la data de 31 martie 2024. Vei primi informa\u021bii despre procesul de selec\u021bie p\u00e2n\u0103 la 5 aprilie 2024.<\/p>\n<p><strong>Calendar:<\/strong><\/p>\n<ul>\n<li>Aprilie: Atelier de lucru cu jurnali\u0219ti pentru dezvoltarea ideii mediatice;<\/li>\n<li>Mai-august: Implementarea proiectului t\u0103u jurnalistic;<\/li>\n<li>Mai-august: Mentorat sus\u021binut de c\u0103tre jurnali\u0219ti cu experien\u021b\u0103;<\/li>\n<li>Iulie-august: Publicarea lucr\u0103rilor selectate pe platformele mass-media din Moldova.<\/li>\n<\/ul>\n<p>Centrul pentru Democra\u021bie \u0219i Drepturile Omului, cu sediul \u00een Praga, Republica Ceh\u0103, este un departament al organiza\u021biei People in Need. Acesta este dedicat protej\u0103rii activi\u0219tilor civici \u0219i sprijinirii organiza\u021biilor \u0219i mi\u0219c\u0103rilor care promoveaz\u0103 drepturile omului, libert\u0103\u021bile civile \u0219i procesele democratice \u00een \u021b\u0103rile lor.<\/p>\n<p><b>Abona\u021bi-v\u0103 la noi pe re\u021bele sociale:\u00a0<\/b><a href=\"https:\/\/t.me\/bastvmd\"><b><i>Telegram<\/i><\/b><\/a><b>,\u00a0<\/b><a href=\"https:\/\/www.youtube.com\/channel\/UC-9005PnLnhpNM8PVSjP2dQ\/featured\"><b><i>YouTube<\/i><\/b><\/a><b>,\u00a0<\/b><a href=\"https:\/\/www.facebook.com\/bastv.md\"><b><i>Facebook<\/i><\/b><\/a>\u00a0\u0219i\u00a0<a href=\"https:\/\/www.instagram.com\/bastv.md\/\"><b><i>Instagram<\/i><\/b><\/a><b>.\u00a0 Aici public\u0103m \u0219tiri pe scurt!<\/b><\/p>\n","protected":false},"excerpt":{"rendered":"<p>Centrul pentru Democra\u021bie \u0219i Drepturile Omului al organiza\u021biei People in Need din Republica Ceh\u0103 v\u0103 invit\u0103 s\u0103 face\u021bi parte din proiectul \u201cRezilien\u021ba institu\u021biilor mass-media &#8211; Noua Genera\u021bie\u201d. Acest program, care a \u00eenceput \u00een februarie, ofer\u0103 oportunit\u0103\u021bi valoroase pentru studen\u021bii interesa\u021bi de jurnalism \u0219i domenii conexe. Despre proiect: Scopul nostru este s\u0103 select\u0103m cei mai talenta\u021bi [&hellip;]<\/p>\n","protected":false},"author":3,"featured_media":114259,"comment_status":"closed","ping_status":"closed","sticky":false,"template":"","format":"standard","meta":{"footnotes":""},"categories":[219,574],"tags":[],"class_list":["post-114255","post","type-post","status-publish","format-standard","has-post-thumbnail","hentry","category-anunturi","category-util"],"yoast_head":"<!-- This site is optimized with the Yoast SEO plugin v27.5 - https:\/\/yoast.com\/product\/yoast-seo-wordpress\/ -->\n<title>Oportunitate pentru studen\u021bii interesa\u021bi de jurnalism: \u201cRezilien\u021ba institu\u021biilor mass-media - Noua Genera\u021bie\u201d - BasTV<\/title>\n<meta name=\"description\" content=\"Centrul pentru Democra\u021bie \u0219i Drepturile Omului al organiza\u021biei People in Need din Republica Ceh\u0103 v\u0103 invit\u0103 s\u0103 face\u021bi parte din proiectul \u201cRezilien\u021ba institu\u021biilor mass-media - Noua Genera\u021bie\u201d. Acest program, care a \u00eenceput \u00een februarie, ofer\u0103 oportunit\u0103\u021bi valoroase pentru studen\u021bii interesa\u021bi de jurnalism \u0219i domenii conexe.\" \/>\n<meta name=\"robots\" content=\"index, follow, max-snippet:-1, max-image-preview:large, max-video-preview:-1\" \/>\n<link rel=\"canonical\" href=\"https:\/\/bas-tv.md\/ro\/oportunitate-pentru-studentii-interesati-de-jurnalism-rezilienta-institutiilor-mass-media-noua-generatie\/\" \/>\n<meta property=\"og:locale\" content=\"ro_RO\" \/>\n<meta property=\"og:type\" content=\"article\" \/>\n<meta property=\"og:title\" content=\"Oportunitate pentru studen\u021bii interesa\u021bi de jurnalism: \u201cRezilien\u021ba institu\u021biilor mass-media - Noua Genera\u021bie\u201d - BasTV\" \/>\n<meta property=\"og:description\" content=\"Centrul pentru Democra\u021bie \u0219i Drepturile Omului al organiza\u021biei People in Need din Republica Ceh\u0103 v\u0103 invit\u0103 s\u0103 face\u021bi parte din proiectul \u201cRezilien\u021ba institu\u021biilor mass-media - Noua Genera\u021bie\u201d. Acest program, care a \u00eenceput \u00een februarie, ofer\u0103 oportunit\u0103\u021bi valoroase pentru studen\u021bii interesa\u021bi de jurnalism \u0219i domenii conexe.\" \/>\n<meta property=\"og:url\" content=\"https:\/\/bas-tv.md\/ro\/oportunitate-pentru-studentii-interesati-de-jurnalism-rezilienta-institutiilor-mass-media-noua-generatie\/\" \/>\n<meta property=\"og:site_name\" content=\"BasTV\" \/>\n<meta property=\"article:published_time\" content=\"2024-03-18T12:30:42+00:00\" \/>\n<meta property=\"og:image\" content=\"https:\/\/bas-tv.md\/wp-content\/uploads\/2024\/03\/www_media_generated-page-translations_6445_image_money-2696219.jpg_1200x800-cover.webp\" \/>\n\t<meta property=\"og:image:width\" content=\"1200\" \/>\n\t<meta property=\"og:image:height\" content=\"800\" \/>\n\t<meta property=\"og:image:type\" content=\"image\/webp\" \/>\n<meta name=\"author\" content=\"Redactor\" \/>\n<meta name=\"twitter:card\" content=\"summary_large_image\" \/>\n<meta name=\"twitter:label1\" content=\"Scris de\" \/>\n\t<meta name=\"twitter:data1\" content=\"Redactor\" \/>\n\t<meta name=\"twitter:label2\" content=\"Timp estimat pentru citire\" \/>\n\t<meta name=\"twitter:data2\" content=\"3 minute\" \/>\n<script type=\"application\/ld+json\" class=\"yoast-schema-graph\">{\"@context\":\"https:\\\/\\\/schema.org\",\"@graph\":[{\"@type\":\"Article\",\"@id\":\"https:\\\/\\\/bas-tv.md\\\/ro\\\/oportunitate-pentru-studentii-interesati-de-jurnalism-rezilienta-institutiilor-mass-media-noua-generatie\\\/#article\",\"isPartOf\":{\"@id\":\"https:\\\/\\\/bas-tv.md\\\/ro\\\/oportunitate-pentru-studentii-interesati-de-jurnalism-rezilienta-institutiilor-mass-media-noua-generatie\\\/\"},\"author\":{\"name\":\"Redactor\",\"@id\":\"https:\\\/\\\/bas-tv.md\\\/ro\\\/#\\\/schema\\\/person\\\/8740f45ea2eca1f1695284fc03529af0\"},\"headline\":\"Oportunitate pentru studen\u021bii interesa\u021bi de jurnalism: \u201cRezilien\u021ba institu\u021biilor mass-media &#8211; Noua Genera\u021bie\u201d\",\"datePublished\":\"2024-03-18T12:30:42+00:00\",\"mainEntityOfPage\":{\"@id\":\"https:\\\/\\\/bas-tv.md\\\/ro\\\/oportunitate-pentru-studentii-interesati-de-jurnalism-rezilienta-institutiilor-mass-media-noua-generatie\\\/\"},\"wordCount\":412,\"publisher\":{\"@id\":\"https:\\\/\\\/bas-tv.md\\\/ro\\\/#organization\"},\"image\":{\"@id\":\"https:\\\/\\\/bas-tv.md\\\/ro\\\/oportunitate-pentru-studentii-interesati-de-jurnalism-rezilienta-institutiilor-mass-media-noua-generatie\\\/#primaryimage\"},\"thumbnailUrl\":\"https:\\\/\\\/bas-tv.md\\\/wp-content\\\/uploads\\\/2024\\\/03\\\/www_media_generated-page-translations_6445_image_money-2696219.jpg_1200x800-cover.webp\",\"articleSection\":[\"Anun\u021buri\",\"Util\"],\"inLanguage\":\"ro-RO\"},{\"@type\":\"WebPage\",\"@id\":\"https:\\\/\\\/bas-tv.md\\\/ro\\\/oportunitate-pentru-studentii-interesati-de-jurnalism-rezilienta-institutiilor-mass-media-noua-generatie\\\/\",\"url\":\"https:\\\/\\\/bas-tv.md\\\/ro\\\/oportunitate-pentru-studentii-interesati-de-jurnalism-rezilienta-institutiilor-mass-media-noua-generatie\\\/\",\"name\":\"Oportunitate pentru studen\u021bii interesa\u021bi de jurnalism: \u201cRezilien\u021ba institu\u021biilor mass-media - Noua Genera\u021bie\u201d - BasTV\",\"isPartOf\":{\"@id\":\"https:\\\/\\\/bas-tv.md\\\/ro\\\/#website\"},\"primaryImageOfPage\":{\"@id\":\"https:\\\/\\\/bas-tv.md\\\/ro\\\/oportunitate-pentru-studentii-interesati-de-jurnalism-rezilienta-institutiilor-mass-media-noua-generatie\\\/#primaryimage\"},\"image\":{\"@id\":\"https:\\\/\\\/bas-tv.md\\\/ro\\\/oportunitate-pentru-studentii-interesati-de-jurnalism-rezilienta-institutiilor-mass-media-noua-generatie\\\/#primaryimage\"},\"thumbnailUrl\":\"https:\\\/\\\/bas-tv.md\\\/wp-content\\\/uploads\\\/2024\\\/03\\\/www_media_generated-page-translations_6445_image_money-2696219.jpg_1200x800-cover.webp\",\"datePublished\":\"2024-03-18T12:30:42+00:00\",\"description\":\"Centrul pentru Democra\u021bie \u0219i Drepturile Omului al organiza\u021biei People in Need din Republica Ceh\u0103 v\u0103 invit\u0103 s\u0103 face\u021bi parte din proiectul \u201cRezilien\u021ba institu\u021biilor mass-media - Noua Genera\u021bie\u201d. Acest program, care a \u00eenceput \u00een februarie, ofer\u0103 oportunit\u0103\u021bi valoroase pentru studen\u021bii interesa\u021bi de jurnalism \u0219i domenii conexe.\",\"inLanguage\":\"ro-RO\",\"potentialAction\":[{\"@type\":\"ReadAction\",\"target\":[\"https:\\\/\\\/bas-tv.md\\\/ro\\\/oportunitate-pentru-studentii-interesati-de-jurnalism-rezilienta-institutiilor-mass-media-noua-generatie\\\/\"]}]},{\"@type\":\"ImageObject\",\"inLanguage\":\"ro-RO\",\"@id\":\"https:\\\/\\\/bas-tv.md\\\/ro\\\/oportunitate-pentru-studentii-interesati-de-jurnalism-rezilienta-institutiilor-mass-media-noua-generatie\\\/#primaryimage\",\"url\":\"https:\\\/\\\/bas-tv.md\\\/wp-content\\\/uploads\\\/2024\\\/03\\\/www_media_generated-page-translations_6445_image_money-2696219.jpg_1200x800-cover.webp\",\"contentUrl\":\"https:\\\/\\\/bas-tv.md\\\/wp-content\\\/uploads\\\/2024\\\/03\\\/www_media_generated-page-translations_6445_image_money-2696219.jpg_1200x800-cover.webp\",\"width\":1200,\"height\":800,\"caption\":\"Oportunitate pentru studen\u021bii interesa\u021bi de jurnalism: \u201cRezilien\u021ba institu\u021biilor mass-media - Noua Genera\u021bie\u201d\"},{\"@type\":\"WebSite\",\"@id\":\"https:\\\/\\\/bas-tv.md\\\/ro\\\/#website\",\"url\":\"https:\\\/\\\/bas-tv.md\\\/ro\\\/\",\"name\":\"BasTV\",\"description\":\"Moldova\",\"publisher\":{\"@id\":\"https:\\\/\\\/bas-tv.md\\\/ro\\\/#organization\"},\"potentialAction\":[{\"@type\":\"SearchAction\",\"target\":{\"@type\":\"EntryPoint\",\"urlTemplate\":\"https:\\\/\\\/bas-tv.md\\\/ro\\\/?s={search_term_string}\"},\"query-input\":{\"@type\":\"PropertyValueSpecification\",\"valueRequired\":true,\"valueName\":\"search_term_string\"}}],\"inLanguage\":\"ro-RO\"},{\"@type\":\"Organization\",\"@id\":\"https:\\\/\\\/bas-tv.md\\\/ro\\\/#organization\",\"name\":\"BasTV\",\"url\":\"https:\\\/\\\/bas-tv.md\\\/ro\\\/\",\"logo\":{\"@type\":\"ImageObject\",\"inLanguage\":\"ro-RO\",\"@id\":\"https:\\\/\\\/bas-tv.md\\\/ro\\\/#\\\/schema\\\/logo\\\/image\\\/\",\"url\":\"https:\\\/\\\/bas-tv.md\\\/wp-content\\\/uploads\\\/2023\\\/05\\\/bas-tv-culoarea-rosie.png\",\"contentUrl\":\"https:\\\/\\\/bas-tv.md\\\/wp-content\\\/uploads\\\/2023\\\/05\\\/bas-tv-culoarea-rosie.png\",\"width\":202,\"height\":50,\"caption\":\"BasTV\"},\"image\":{\"@id\":\"https:\\\/\\\/bas-tv.md\\\/ro\\\/#\\\/schema\\\/logo\\\/image\\\/\"}},{\"@type\":\"Person\",\"@id\":\"https:\\\/\\\/bas-tv.md\\\/ro\\\/#\\\/schema\\\/person\\\/8740f45ea2eca1f1695284fc03529af0\",\"name\":\"Redactor\",\"image\":{\"@type\":\"ImageObject\",\"inLanguage\":\"ro-RO\",\"@id\":\"https:\\\/\\\/bas-tv.md\\\/wp-content\\\/litespeed\\\/avatar\\\/91c0586f3f6f4396a4ec1287c965eeeb.jpg?ver=1776950945\",\"url\":\"https:\\\/\\\/bas-tv.md\\\/wp-content\\\/litespeed\\\/avatar\\\/91c0586f3f6f4396a4ec1287c965eeeb.jpg?ver=1776950945\",\"contentUrl\":\"https:\\\/\\\/bas-tv.md\\\/wp-content\\\/litespeed\\\/avatar\\\/91c0586f3f6f4396a4ec1287c965eeeb.jpg?ver=1776950945\",\"caption\":\"Redactor\"},\"url\":\"https:\\\/\\\/bas-tv.md\\\/ro\\\/author\\\/redactor\\\/\"}]}<\/script>\n<!-- \/ Yoast SEO plugin. -->","yoast_head_json":{"title":"Oportunitate pentru studen\u021bii interesa\u021bi de jurnalism: \u201cRezilien\u021ba institu\u021biilor mass-media - Noua Genera\u021bie\u201d - BasTV","description":"Centrul pentru Democra\u021bie \u0219i Drepturile Omului al organiza\u021biei People in Need din Republica Ceh\u0103 v\u0103 invit\u0103 s\u0103 face\u021bi parte din proiectul \u201cRezilien\u021ba institu\u021biilor mass-media - Noua Genera\u021bie\u201d. Acest program, care a \u00eenceput \u00een februarie, ofer\u0103 oportunit\u0103\u021bi valoroase pentru studen\u021bii interesa\u021bi de jurnalism \u0219i domenii conexe.","robots":{"index":"index","follow":"follow","max-snippet":"max-snippet:-1","max-image-preview":"max-image-preview:large","max-video-preview":"max-video-preview:-1"},"canonical":"https:\/\/bas-tv.md\/ro\/oportunitate-pentru-studentii-interesati-de-jurnalism-rezilienta-institutiilor-mass-media-noua-generatie\/","og_locale":"ro_RO","og_type":"article","og_title":"Oportunitate pentru studen\u021bii interesa\u021bi de jurnalism: \u201cRezilien\u021ba institu\u021biilor mass-media - Noua Genera\u021bie\u201d - BasTV","og_description":"Centrul pentru Democra\u021bie \u0219i Drepturile Omului al organiza\u021biei People in Need din Republica Ceh\u0103 v\u0103 invit\u0103 s\u0103 face\u021bi parte din proiectul \u201cRezilien\u021ba institu\u021biilor mass-media - Noua Genera\u021bie\u201d. Acest program, care a \u00eenceput \u00een februarie, ofer\u0103 oportunit\u0103\u021bi valoroase pentru studen\u021bii interesa\u021bi de jurnalism \u0219i domenii conexe.","og_url":"https:\/\/bas-tv.md\/ro\/oportunitate-pentru-studentii-interesati-de-jurnalism-rezilienta-institutiilor-mass-media-noua-generatie\/","og_site_name":"BasTV","article_published_time":"2024-03-18T12:30:42+00:00","og_image":[{"width":1200,"height":800,"url":"https:\/\/bas-tv.md\/wp-content\/uploads\/2024\/03\/www_media_generated-page-translations_6445_image_money-2696219.jpg_1200x800-cover.webp","type":"image\/webp"}],"author":"Redactor","twitter_card":"summary_large_image","twitter_misc":{"Scris de":"Redactor","Timp estimat pentru citire":"3 minute"},"schema":{"@context":"https:\/\/schema.org","@graph":[{"@type":"Article","@id":"https:\/\/bas-tv.md\/ro\/oportunitate-pentru-studentii-interesati-de-jurnalism-rezilienta-institutiilor-mass-media-noua-generatie\/#article","isPartOf":{"@id":"https:\/\/bas-tv.md\/ro\/oportunitate-pentru-studentii-interesati-de-jurnalism-rezilienta-institutiilor-mass-media-noua-generatie\/"},"author":{"name":"Redactor","@id":"https:\/\/bas-tv.md\/ro\/#\/schema\/person\/8740f45ea2eca1f1695284fc03529af0"},"headline":"Oportunitate pentru studen\u021bii interesa\u021bi de jurnalism: \u201cRezilien\u021ba institu\u021biilor mass-media &#8211; Noua Genera\u021bie\u201d","datePublished":"2024-03-18T12:30:42+00:00","mainEntityOfPage":{"@id":"https:\/\/bas-tv.md\/ro\/oportunitate-pentru-studentii-interesati-de-jurnalism-rezilienta-institutiilor-mass-media-noua-generatie\/"},"wordCount":412,"publisher":{"@id":"https:\/\/bas-tv.md\/ro\/#organization"},"image":{"@id":"https:\/\/bas-tv.md\/ro\/oportunitate-pentru-studentii-interesati-de-jurnalism-rezilienta-institutiilor-mass-media-noua-generatie\/#primaryimage"},"thumbnailUrl":"https:\/\/bas-tv.md\/wp-content\/uploads\/2024\/03\/www_media_generated-page-translations_6445_image_money-2696219.jpg_1200x800-cover.webp","articleSection":["Anun\u021buri","Util"],"inLanguage":"ro-RO"},{"@type":"WebPage","@id":"https:\/\/bas-tv.md\/ro\/oportunitate-pentru-studentii-interesati-de-jurnalism-rezilienta-institutiilor-mass-media-noua-generatie\/","url":"https:\/\/bas-tv.md\/ro\/oportunitate-pentru-studentii-interesati-de-jurnalism-rezilienta-institutiilor-mass-media-noua-generatie\/","name":"Oportunitate pentru studen\u021bii interesa\u021bi de jurnalism: \u201cRezilien\u021ba institu\u021biilor mass-media - Noua Genera\u021bie\u201d - BasTV","isPartOf":{"@id":"https:\/\/bas-tv.md\/ro\/#website"},"primaryImageOfPage":{"@id":"https:\/\/bas-tv.md\/ro\/oportunitate-pentru-studentii-interesati-de-jurnalism-rezilienta-institutiilor-mass-media-noua-generatie\/#primaryimage"},"image":{"@id":"https:\/\/bas-tv.md\/ro\/oportunitate-pentru-studentii-interesati-de-jurnalism-rezilienta-institutiilor-mass-media-noua-generatie\/#primaryimage"},"thumbnailUrl":"https:\/\/bas-tv.md\/wp-content\/uploads\/2024\/03\/www_media_generated-page-translations_6445_image_money-2696219.jpg_1200x800-cover.webp","datePublished":"2024-03-18T12:30:42+00:00","description":"Centrul pentru Democra\u021bie \u0219i Drepturile Omului al organiza\u021biei People in Need din Republica Ceh\u0103 v\u0103 invit\u0103 s\u0103 face\u021bi parte din proiectul \u201cRezilien\u021ba institu\u021biilor mass-media - Noua Genera\u021bie\u201d. Acest program, care a \u00eenceput \u00een februarie, ofer\u0103 oportunit\u0103\u021bi valoroase pentru studen\u021bii interesa\u021bi de jurnalism \u0219i domenii conexe.","inLanguage":"ro-RO","potentialAction":[{"@type":"ReadAction","target":["https:\/\/bas-tv.md\/ro\/oportunitate-pentru-studentii-interesati-de-jurnalism-rezilienta-institutiilor-mass-media-noua-generatie\/"]}]},{"@type":"ImageObject","inLanguage":"ro-RO","@id":"https:\/\/bas-tv.md\/ro\/oportunitate-pentru-studentii-interesati-de-jurnalism-rezilienta-institutiilor-mass-media-noua-generatie\/#primaryimage","url":"https:\/\/bas-tv.md\/wp-content\/uploads\/2024\/03\/www_media_generated-page-translations_6445_image_money-2696219.jpg_1200x800-cover.webp","contentUrl":"https:\/\/bas-tv.md\/wp-content\/uploads\/2024\/03\/www_media_generated-page-translations_6445_image_money-2696219.jpg_1200x800-cover.webp","width":1200,"height":800,"caption":"Oportunitate pentru studen\u021bii interesa\u021bi de jurnalism: \u201cRezilien\u021ba institu\u021biilor mass-media - Noua Genera\u021bie\u201d"},{"@type":"WebSite","@id":"https:\/\/bas-tv.md\/ro\/#website","url":"https:\/\/bas-tv.md\/ro\/","name":"BasTV","description":"Moldova","publisher":{"@id":"https:\/\/bas-tv.md\/ro\/#organization"},"potentialAction":[{"@type":"SearchAction","target":{"@type":"EntryPoint","urlTemplate":"https:\/\/bas-tv.md\/ro\/?s={search_term_string}"},"query-input":{"@type":"PropertyValueSpecification","valueRequired":true,"valueName":"search_term_string"}}],"inLanguage":"ro-RO"},{"@type":"Organization","@id":"https:\/\/bas-tv.md\/ro\/#organization","name":"BasTV","url":"https:\/\/bas-tv.md\/ro\/","logo":{"@type":"ImageObject","inLanguage":"ro-RO","@id":"https:\/\/bas-tv.md\/ro\/#\/schema\/logo\/image\/","url":"https:\/\/bas-tv.md\/wp-content\/uploads\/2023\/05\/bas-tv-culoarea-rosie.png","contentUrl":"https:\/\/bas-tv.md\/wp-content\/uploads\/2023\/05\/bas-tv-culoarea-rosie.png","width":202,"height":50,"caption":"BasTV"},"image":{"@id":"https:\/\/bas-tv.md\/ro\/#\/schema\/logo\/image\/"}},{"@type":"Person","@id":"https:\/\/bas-tv.md\/ro\/#\/schema\/person\/8740f45ea2eca1f1695284fc03529af0","name":"Redactor","image":{"@type":"ImageObject","inLanguage":"ro-RO","@id":"https:\/\/bas-tv.md\/wp-content\/litespeed\/avatar\/91c0586f3f6f4396a4ec1287c965eeeb.jpg?ver=1776950945","url":"https:\/\/bas-tv.md\/wp-content\/litespeed\/avatar\/91c0586f3f6f4396a4ec1287c965eeeb.jpg?ver=1776950945","contentUrl":"https:\/\/bas-tv.md\/wp-content\/litespeed\/avatar\/91c0586f3f6f4396a4ec1287c965eeeb.jpg?ver=1776950945","caption":"Redactor"},"url":"https:\/\/bas-tv.md\/ro\/author\/redactor\/"}]}},"views":271,"_links":{"self":[{"href":"https:\/\/bas-tv.md\/ro\/wp-json\/wp\/v2\/posts\/114255","targetHints":{"allow":["GET"]}}],"collection":[{"href":"https:\/\/bas-tv.md\/ro\/wp-json\/wp\/v2\/posts"}],"about":[{"href":"https:\/\/bas-tv.md\/ro\/wp-json\/wp\/v2\/types\/post"}],"author":[{"embeddable":true,"href":"https:\/\/bas-tv.md\/ro\/wp-json\/wp\/v2\/users\/3"}],"replies":[{"embeddable":true,"href":"https:\/\/bas-tv.md\/ro\/wp-json\/wp\/v2\/comments?post=114255"}],"version-history":[{"count":4,"href":"https:\/\/bas-tv.md\/ro\/wp-json\/wp\/v2\/posts\/114255\/revisions"}],"predecessor-version":[{"id":114261,"href":"https:\/\/bas-tv.md\/ro\/wp-json\/wp\/v2\/posts\/114255\/revisions\/114261"}],"wp:featuredmedia":[{"embeddable":true,"href":"https:\/\/bas-tv.md\/ro\/wp-json\/wp\/v2\/media\/114259"}],"wp:attachment":[{"href":"https:\/\/bas-tv.md\/ro\/wp-json\/wp\/v2\/media?parent=114255"}],"wp:term":[{"taxonomy":"category","embeddable":true,"href":"https:\/\/bas-tv.md\/ro\/wp-json\/wp\/v2\/categories?post=114255"},{"taxonomy":"post_tag","embeddable":true,"href":"https:\/\/bas-tv.md\/ro\/wp-json\/wp\/v2\/tags?post=114255"}],"curies":[{"name":"wp","href":"https:\/\/api.w.org\/{rel}","templated":true}]}}