{"id":114770,"date":"2024-03-22T17:30:33","date_gmt":"2024-03-22T15:30:33","guid":{"rendered":"https:\/\/bas-tv.md\/?p=114770"},"modified":"2024-03-22T16:16:22","modified_gmt":"2024-03-22T14:16:22","slug":"vremea-se-incalzeste-usor-ce-temperaturi-ne-asteapta-in-weekend","status":"publish","type":"post","link":"https:\/\/bas-tv.md\/ro\/vremea-se-incalzeste-usor-ce-temperaturi-ne-asteapta-in-weekend\/","title":{"rendered":"Vremea se \u00eenc\u0103lze\u015fte u\u015for. Ce temperaturi ne a\u015fteapt\u0103 \u00een weekend"},"content":{"rendered":"<p><strong>Prim\u0103vara \u0219i-a intrat \u00een drepturi. Vom avea parte de un weekend cu soare \u0219i temperaturi generoase, anun\u021b\u0103 Serviciul Hidrometeorologic de Stat (SHS).<\/strong><\/p>\n<p>Potrivit meteorologilor, \u00een intervalul de referin\u021b\u0103, precipita\u021bii esen\u021biale nu se prev\u0103d, \u00eens\u0103 \u00een orele nocturne \u0219i ale dimine\u021bii, condi\u021biile de cea\u021b\u0103 apar din nou. V\u00e2ntul va sufla slab.<\/p>\n<p>Temperatura minim\u0103 noaptea va oscila \u00eentre -2\u00b0C \u0219i +5\u00b0C. Ziua temperatura maxim\u0103 va fi mai generoas\u0103 \u0219i se va situa \u00eentre +13\u00b0C \u0219i +19\u00b0C.<\/p>\n<p><b>Abona\u021bi-v\u0103 la noi pe re\u021bele sociale:\u00a0<\/b><a href=\"https:\/\/t.me\/bastvmd\"><b><i>Telegram<\/i><\/b><\/a><b>,\u00a0<\/b><a href=\"https:\/\/www.youtube.com\/channel\/UC-9005PnLnhpNM8PVSjP2dQ\/featured\"><b><i>YouTube<\/i><\/b><\/a><b>,\u00a0<\/b><a href=\"https:\/\/www.facebook.com\/bastv.md\"><b><i>Facebook<\/i><\/b><\/a>\u00a0\u0219i\u00a0<a href=\"https:\/\/www.instagram.com\/bastv.md\/\"><b><i>Instagram<\/i><\/b><\/a><b>.\u00a0 Aici public\u0103m \u0219tiri pe scurt!<\/b><\/p>\n","protected":false},"excerpt":{"rendered":"<p>Prim\u0103vara \u0219i-a intrat \u00een drepturi. Vom avea parte de un weekend cu soare \u0219i temperaturi generoase, anun\u021b\u0103 Serviciul Hidrometeorologic de Stat (SHS). Potrivit meteorologilor, \u00een intervalul de referin\u021b\u0103, precipita\u021bii esen\u021biale nu se prev\u0103d, \u00eens\u0103 \u00een orele nocturne \u0219i ale dimine\u021bii, condi\u021biile de cea\u021b\u0103 apar din nou. V\u00e2ntul va sufla slab. Temperatura minim\u0103 noaptea va oscila [&hellip;]<\/p>\n","protected":false},"author":3,"featured_media":114772,"comment_status":"closed","ping_status":"closed","sticky":false,"template":"","format":"standard","meta":{"footnotes":""},"categories":[219,574],"tags":[],"class_list":["post-114770","post","type-post","status-publish","format-standard","has-post-thumbnail","hentry","category-anunturi","category-util"],"yoast_head":"<!-- This site is optimized with the Yoast SEO plugin v27.5 - https:\/\/yoast.com\/product\/yoast-seo-wordpress\/ -->\n<title>Vremea se \u00eenc\u0103lze\u015fte u\u015for. Ce temperaturi ne a\u015fteapt\u0103 \u00een weekend - BasTV<\/title>\n<meta name=\"description\" content=\"Prim\u0103vara \u0219i-a intrat \u00een drepturi. Vom avea parte de un weekend cu soare \u0219i temperaturi generoase, anun\u021b\u0103 Serviciul Hidrometeorologic de Stat (SHS).\" \/>\n<meta name=\"robots\" content=\"index, follow, max-snippet:-1, max-image-preview:large, max-video-preview:-1\" \/>\n<link rel=\"canonical\" href=\"https:\/\/bas-tv.md\/ro\/vremea-se-incalzeste-usor-ce-temperaturi-ne-asteapta-in-weekend\/\" \/>\n<meta property=\"og:locale\" content=\"ro_RO\" \/>\n<meta property=\"og:type\" content=\"article\" \/>\n<meta property=\"og:title\" content=\"Vremea se \u00eenc\u0103lze\u015fte u\u015for. Ce temperaturi ne a\u015fteapt\u0103 \u00een weekend - BasTV\" \/>\n<meta property=\"og:description\" content=\"Prim\u0103vara \u0219i-a intrat \u00een drepturi. Vom avea parte de un weekend cu soare \u0219i temperaturi generoase, anun\u021b\u0103 Serviciul Hidrometeorologic de Stat (SHS).\" \/>\n<meta property=\"og:url\" content=\"https:\/\/bas-tv.md\/ro\/vremea-se-incalzeste-usor-ce-temperaturi-ne-asteapta-in-weekend\/\" \/>\n<meta property=\"og:site_name\" content=\"BasTV\" \/>\n<meta property=\"article:published_time\" content=\"2024-03-22T15:30:33+00:00\" \/>\n<meta property=\"og:image\" content=\"https:\/\/bas-tv.md\/wp-content\/uploads\/2024\/03\/348809.jpg\" \/>\n\t<meta property=\"og:image:width\" content=\"760\" \/>\n\t<meta property=\"og:image:height\" content=\"500\" \/>\n\t<meta property=\"og:image:type\" content=\"image\/jpeg\" \/>\n<meta name=\"author\" content=\"Redactor\" \/>\n<meta name=\"twitter:card\" content=\"summary_large_image\" \/>\n<meta name=\"twitter:label1\" content=\"Scris de\" \/>\n\t<meta name=\"twitter:data1\" content=\"Redactor\" \/>\n\t<meta name=\"twitter:label2\" content=\"Timp estimat pentru citire\" \/>\n\t<meta name=\"twitter:data2\" content=\"1 minut\" \/>\n<script type=\"application\/ld+json\" class=\"yoast-schema-graph\">{\"@context\":\"https:\\\/\\\/schema.org\",\"@graph\":[{\"@type\":\"Article\",\"@id\":\"https:\\\/\\\/bas-tv.md\\\/ro\\\/vremea-se-incalzeste-usor-ce-temperaturi-ne-asteapta-in-weekend\\\/#article\",\"isPartOf\":{\"@id\":\"https:\\\/\\\/bas-tv.md\\\/ro\\\/vremea-se-incalzeste-usor-ce-temperaturi-ne-asteapta-in-weekend\\\/\"},\"author\":{\"name\":\"Redactor\",\"@id\":\"https:\\\/\\\/bas-tv.md\\\/ro\\\/#\\\/schema\\\/person\\\/8740f45ea2eca1f1695284fc03529af0\"},\"headline\":\"Vremea se \u00eenc\u0103lze\u015fte u\u015for. Ce temperaturi ne a\u015fteapt\u0103 \u00een weekend\",\"datePublished\":\"2024-03-22T15:30:33+00:00\",\"mainEntityOfPage\":{\"@id\":\"https:\\\/\\\/bas-tv.md\\\/ro\\\/vremea-se-incalzeste-usor-ce-temperaturi-ne-asteapta-in-weekend\\\/\"},\"wordCount\":115,\"publisher\":{\"@id\":\"https:\\\/\\\/bas-tv.md\\\/ro\\\/#organization\"},\"image\":{\"@id\":\"https:\\\/\\\/bas-tv.md\\\/ro\\\/vremea-se-incalzeste-usor-ce-temperaturi-ne-asteapta-in-weekend\\\/#primaryimage\"},\"thumbnailUrl\":\"https:\\\/\\\/bas-tv.md\\\/wp-content\\\/uploads\\\/2024\\\/03\\\/348809.jpg\",\"articleSection\":[\"Anun\u021buri\",\"Util\"],\"inLanguage\":\"ro-RO\"},{\"@type\":\"WebPage\",\"@id\":\"https:\\\/\\\/bas-tv.md\\\/ro\\\/vremea-se-incalzeste-usor-ce-temperaturi-ne-asteapta-in-weekend\\\/\",\"url\":\"https:\\\/\\\/bas-tv.md\\\/ro\\\/vremea-se-incalzeste-usor-ce-temperaturi-ne-asteapta-in-weekend\\\/\",\"name\":\"Vremea se \u00eenc\u0103lze\u015fte u\u015for. Ce temperaturi ne a\u015fteapt\u0103 \u00een weekend - BasTV\",\"isPartOf\":{\"@id\":\"https:\\\/\\\/bas-tv.md\\\/ro\\\/#website\"},\"primaryImageOfPage\":{\"@id\":\"https:\\\/\\\/bas-tv.md\\\/ro\\\/vremea-se-incalzeste-usor-ce-temperaturi-ne-asteapta-in-weekend\\\/#primaryimage\"},\"image\":{\"@id\":\"https:\\\/\\\/bas-tv.md\\\/ro\\\/vremea-se-incalzeste-usor-ce-temperaturi-ne-asteapta-in-weekend\\\/#primaryimage\"},\"thumbnailUrl\":\"https:\\\/\\\/bas-tv.md\\\/wp-content\\\/uploads\\\/2024\\\/03\\\/348809.jpg\",\"datePublished\":\"2024-03-22T15:30:33+00:00\",\"description\":\"Prim\u0103vara \u0219i-a intrat \u00een drepturi. Vom avea parte de un weekend cu soare \u0219i temperaturi generoase, anun\u021b\u0103 Serviciul Hidrometeorologic de Stat (SHS).\",\"inLanguage\":\"ro-RO\",\"potentialAction\":[{\"@type\":\"ReadAction\",\"target\":[\"https:\\\/\\\/bas-tv.md\\\/ro\\\/vremea-se-incalzeste-usor-ce-temperaturi-ne-asteapta-in-weekend\\\/\"]}]},{\"@type\":\"ImageObject\",\"inLanguage\":\"ro-RO\",\"@id\":\"https:\\\/\\\/bas-tv.md\\\/ro\\\/vremea-se-incalzeste-usor-ce-temperaturi-ne-asteapta-in-weekend\\\/#primaryimage\",\"url\":\"https:\\\/\\\/bas-tv.md\\\/wp-content\\\/uploads\\\/2024\\\/03\\\/348809.jpg\",\"contentUrl\":\"https:\\\/\\\/bas-tv.md\\\/wp-content\\\/uploads\\\/2024\\\/03\\\/348809.jpg\",\"width\":760,\"height\":500,\"caption\":\"Vremea se \u00eenc\u0103lze\u015fte u\u015for. Ce temperaturi ne a\u015fteapt\u0103 \u00een weekend\"},{\"@type\":\"WebSite\",\"@id\":\"https:\\\/\\\/bas-tv.md\\\/ro\\\/#website\",\"url\":\"https:\\\/\\\/bas-tv.md\\\/ro\\\/\",\"name\":\"BasTV\",\"description\":\"Moldova\",\"publisher\":{\"@id\":\"https:\\\/\\\/bas-tv.md\\\/ro\\\/#organization\"},\"potentialAction\":[{\"@type\":\"SearchAction\",\"target\":{\"@type\":\"EntryPoint\",\"urlTemplate\":\"https:\\\/\\\/bas-tv.md\\\/ro\\\/?s={search_term_string}\"},\"query-input\":{\"@type\":\"PropertyValueSpecification\",\"valueRequired\":true,\"valueName\":\"search_term_string\"}}],\"inLanguage\":\"ro-RO\"},{\"@type\":\"Organization\",\"@id\":\"https:\\\/\\\/bas-tv.md\\\/ro\\\/#organization\",\"name\":\"BasTV\",\"url\":\"https:\\\/\\\/bas-tv.md\\\/ro\\\/\",\"logo\":{\"@type\":\"ImageObject\",\"inLanguage\":\"ro-RO\",\"@id\":\"https:\\\/\\\/bas-tv.md\\\/ro\\\/#\\\/schema\\\/logo\\\/image\\\/\",\"url\":\"https:\\\/\\\/bas-tv.md\\\/wp-content\\\/uploads\\\/2023\\\/05\\\/bas-tv-culoarea-rosie.png\",\"contentUrl\":\"https:\\\/\\\/bas-tv.md\\\/wp-content\\\/uploads\\\/2023\\\/05\\\/bas-tv-culoarea-rosie.png\",\"width\":202,\"height\":50,\"caption\":\"BasTV\"},\"image\":{\"@id\":\"https:\\\/\\\/bas-tv.md\\\/ro\\\/#\\\/schema\\\/logo\\\/image\\\/\"}},{\"@type\":\"Person\",\"@id\":\"https:\\\/\\\/bas-tv.md\\\/ro\\\/#\\\/schema\\\/person\\\/8740f45ea2eca1f1695284fc03529af0\",\"name\":\"Redactor\",\"image\":{\"@type\":\"ImageObject\",\"inLanguage\":\"ro-RO\",\"@id\":\"https:\\\/\\\/bas-tv.md\\\/wp-content\\\/litespeed\\\/avatar\\\/91c0586f3f6f4396a4ec1287c965eeeb.jpg?ver=1776950945\",\"url\":\"https:\\\/\\\/bas-tv.md\\\/wp-content\\\/litespeed\\\/avatar\\\/91c0586f3f6f4396a4ec1287c965eeeb.jpg?ver=1776950945\",\"contentUrl\":\"https:\\\/\\\/bas-tv.md\\\/wp-content\\\/litespeed\\\/avatar\\\/91c0586f3f6f4396a4ec1287c965eeeb.jpg?ver=1776950945\",\"caption\":\"Redactor\"},\"url\":\"https:\\\/\\\/bas-tv.md\\\/ro\\\/author\\\/redactor\\\/\"}]}<\/script>\n<!-- \/ Yoast SEO plugin. -->","yoast_head_json":{"title":"Vremea se \u00eenc\u0103lze\u015fte u\u015for. Ce temperaturi ne a\u015fteapt\u0103 \u00een weekend - BasTV","description":"Prim\u0103vara \u0219i-a intrat \u00een drepturi. Vom avea parte de un weekend cu soare \u0219i temperaturi generoase, anun\u021b\u0103 Serviciul Hidrometeorologic de Stat (SHS).","robots":{"index":"index","follow":"follow","max-snippet":"max-snippet:-1","max-image-preview":"max-image-preview:large","max-video-preview":"max-video-preview:-1"},"canonical":"https:\/\/bas-tv.md\/ro\/vremea-se-incalzeste-usor-ce-temperaturi-ne-asteapta-in-weekend\/","og_locale":"ro_RO","og_type":"article","og_title":"Vremea se \u00eenc\u0103lze\u015fte u\u015for. Ce temperaturi ne a\u015fteapt\u0103 \u00een weekend - BasTV","og_description":"Prim\u0103vara \u0219i-a intrat \u00een drepturi. Vom avea parte de un weekend cu soare \u0219i temperaturi generoase, anun\u021b\u0103 Serviciul Hidrometeorologic de Stat (SHS).","og_url":"https:\/\/bas-tv.md\/ro\/vremea-se-incalzeste-usor-ce-temperaturi-ne-asteapta-in-weekend\/","og_site_name":"BasTV","article_published_time":"2024-03-22T15:30:33+00:00","og_image":[{"width":760,"height":500,"url":"https:\/\/bas-tv.md\/wp-content\/uploads\/2024\/03\/348809.jpg","type":"image\/jpeg"}],"author":"Redactor","twitter_card":"summary_large_image","twitter_misc":{"Scris de":"Redactor","Timp estimat pentru citire":"1 minut"},"schema":{"@context":"https:\/\/schema.org","@graph":[{"@type":"Article","@id":"https:\/\/bas-tv.md\/ro\/vremea-se-incalzeste-usor-ce-temperaturi-ne-asteapta-in-weekend\/#article","isPartOf":{"@id":"https:\/\/bas-tv.md\/ro\/vremea-se-incalzeste-usor-ce-temperaturi-ne-asteapta-in-weekend\/"},"author":{"name":"Redactor","@id":"https:\/\/bas-tv.md\/ro\/#\/schema\/person\/8740f45ea2eca1f1695284fc03529af0"},"headline":"Vremea se \u00eenc\u0103lze\u015fte u\u015for. Ce temperaturi ne a\u015fteapt\u0103 \u00een weekend","datePublished":"2024-03-22T15:30:33+00:00","mainEntityOfPage":{"@id":"https:\/\/bas-tv.md\/ro\/vremea-se-incalzeste-usor-ce-temperaturi-ne-asteapta-in-weekend\/"},"wordCount":115,"publisher":{"@id":"https:\/\/bas-tv.md\/ro\/#organization"},"image":{"@id":"https:\/\/bas-tv.md\/ro\/vremea-se-incalzeste-usor-ce-temperaturi-ne-asteapta-in-weekend\/#primaryimage"},"thumbnailUrl":"https:\/\/bas-tv.md\/wp-content\/uploads\/2024\/03\/348809.jpg","articleSection":["Anun\u021buri","Util"],"inLanguage":"ro-RO"},{"@type":"WebPage","@id":"https:\/\/bas-tv.md\/ro\/vremea-se-incalzeste-usor-ce-temperaturi-ne-asteapta-in-weekend\/","url":"https:\/\/bas-tv.md\/ro\/vremea-se-incalzeste-usor-ce-temperaturi-ne-asteapta-in-weekend\/","name":"Vremea se \u00eenc\u0103lze\u015fte u\u015for. Ce temperaturi ne a\u015fteapt\u0103 \u00een weekend - BasTV","isPartOf":{"@id":"https:\/\/bas-tv.md\/ro\/#website"},"primaryImageOfPage":{"@id":"https:\/\/bas-tv.md\/ro\/vremea-se-incalzeste-usor-ce-temperaturi-ne-asteapta-in-weekend\/#primaryimage"},"image":{"@id":"https:\/\/bas-tv.md\/ro\/vremea-se-incalzeste-usor-ce-temperaturi-ne-asteapta-in-weekend\/#primaryimage"},"thumbnailUrl":"https:\/\/bas-tv.md\/wp-content\/uploads\/2024\/03\/348809.jpg","datePublished":"2024-03-22T15:30:33+00:00","description":"Prim\u0103vara \u0219i-a intrat \u00een drepturi. Vom avea parte de un weekend cu soare \u0219i temperaturi generoase, anun\u021b\u0103 Serviciul Hidrometeorologic de Stat (SHS).","inLanguage":"ro-RO","potentialAction":[{"@type":"ReadAction","target":["https:\/\/bas-tv.md\/ro\/vremea-se-incalzeste-usor-ce-temperaturi-ne-asteapta-in-weekend\/"]}]},{"@type":"ImageObject","inLanguage":"ro-RO","@id":"https:\/\/bas-tv.md\/ro\/vremea-se-incalzeste-usor-ce-temperaturi-ne-asteapta-in-weekend\/#primaryimage","url":"https:\/\/bas-tv.md\/wp-content\/uploads\/2024\/03\/348809.jpg","contentUrl":"https:\/\/bas-tv.md\/wp-content\/uploads\/2024\/03\/348809.jpg","width":760,"height":500,"caption":"Vremea se \u00eenc\u0103lze\u015fte u\u015for. Ce temperaturi ne a\u015fteapt\u0103 \u00een weekend"},{"@type":"WebSite","@id":"https:\/\/bas-tv.md\/ro\/#website","url":"https:\/\/bas-tv.md\/ro\/","name":"BasTV","description":"Moldova","publisher":{"@id":"https:\/\/bas-tv.md\/ro\/#organization"},"potentialAction":[{"@type":"SearchAction","target":{"@type":"EntryPoint","urlTemplate":"https:\/\/bas-tv.md\/ro\/?s={search_term_string}"},"query-input":{"@type":"PropertyValueSpecification","valueRequired":true,"valueName":"search_term_string"}}],"inLanguage":"ro-RO"},{"@type":"Organization","@id":"https:\/\/bas-tv.md\/ro\/#organization","name":"BasTV","url":"https:\/\/bas-tv.md\/ro\/","logo":{"@type":"ImageObject","inLanguage":"ro-RO","@id":"https:\/\/bas-tv.md\/ro\/#\/schema\/logo\/image\/","url":"https:\/\/bas-tv.md\/wp-content\/uploads\/2023\/05\/bas-tv-culoarea-rosie.png","contentUrl":"https:\/\/bas-tv.md\/wp-content\/uploads\/2023\/05\/bas-tv-culoarea-rosie.png","width":202,"height":50,"caption":"BasTV"},"image":{"@id":"https:\/\/bas-tv.md\/ro\/#\/schema\/logo\/image\/"}},{"@type":"Person","@id":"https:\/\/bas-tv.md\/ro\/#\/schema\/person\/8740f45ea2eca1f1695284fc03529af0","name":"Redactor","image":{"@type":"ImageObject","inLanguage":"ro-RO","@id":"https:\/\/bas-tv.md\/wp-content\/litespeed\/avatar\/91c0586f3f6f4396a4ec1287c965eeeb.jpg?ver=1776950945","url":"https:\/\/bas-tv.md\/wp-content\/litespeed\/avatar\/91c0586f3f6f4396a4ec1287c965eeeb.jpg?ver=1776950945","contentUrl":"https:\/\/bas-tv.md\/wp-content\/litespeed\/avatar\/91c0586f3f6f4396a4ec1287c965eeeb.jpg?ver=1776950945","caption":"Redactor"},"url":"https:\/\/bas-tv.md\/ro\/author\/redactor\/"}]}},"views":364,"_links":{"self":[{"href":"https:\/\/bas-tv.md\/ro\/wp-json\/wp\/v2\/posts\/114770","targetHints":{"allow":["GET"]}}],"collection":[{"href":"https:\/\/bas-tv.md\/ro\/wp-json\/wp\/v2\/posts"}],"about":[{"href":"https:\/\/bas-tv.md\/ro\/wp-json\/wp\/v2\/types\/post"}],"author":[{"embeddable":true,"href":"https:\/\/bas-tv.md\/ro\/wp-json\/wp\/v2\/users\/3"}],"replies":[{"embeddable":true,"href":"https:\/\/bas-tv.md\/ro\/wp-json\/wp\/v2\/comments?post=114770"}],"version-history":[{"count":2,"href":"https:\/\/bas-tv.md\/ro\/wp-json\/wp\/v2\/posts\/114770\/revisions"}],"predecessor-version":[{"id":114774,"href":"https:\/\/bas-tv.md\/ro\/wp-json\/wp\/v2\/posts\/114770\/revisions\/114774"}],"wp:featuredmedia":[{"embeddable":true,"href":"https:\/\/bas-tv.md\/ro\/wp-json\/wp\/v2\/media\/114772"}],"wp:attachment":[{"href":"https:\/\/bas-tv.md\/ro\/wp-json\/wp\/v2\/media?parent=114770"}],"wp:term":[{"taxonomy":"category","embeddable":true,"href":"https:\/\/bas-tv.md\/ro\/wp-json\/wp\/v2\/categories?post=114770"},{"taxonomy":"post_tag","embeddable":true,"href":"https:\/\/bas-tv.md\/ro\/wp-json\/wp\/v2\/tags?post=114770"}],"curies":[{"name":"wp","href":"https:\/\/api.w.org\/{rel}","templated":true}]}}