{"id":115039,"date":"2024-03-27T09:55:17","date_gmt":"2024-03-27T07:55:17","guid":{"rendered":"https:\/\/bas-tv.md\/?p=115039"},"modified":"2024-03-27T09:55:17","modified_gmt":"2024-03-27T07:55:17","slug":"transportatorii-de-marfuri-vor-circula-liber-in-uniunea-europeana-fara-autorizatii-pana-in-decembrie-2025","status":"publish","type":"post","link":"https:\/\/bas-tv.md\/ro\/transportatorii-de-marfuri-vor-circula-liber-in-uniunea-europeana-fara-autorizatii-pana-in-decembrie-2025\/","title":{"rendered":"Transportatorii de m\u0103rfuri vor circula liber \u00een Uniunea European\u0103 f\u0103r\u0103 autoriza\u021bii p\u00e2n\u0103 \u00een Decembrie 2025"},"content":{"rendered":"<p><strong>Acordul dintre Uniunea European\u0103 \u0219i Republica Moldova privind transportul rutier de m\u0103rfuri a fost prelungit p\u00e2n\u0103 la 31 decembrie 2025, anun\u021b\u0103 Ministerul Infrastructurii \u0219i Dezvolt\u0103rii Regionale.<\/strong><\/p>\n<p>Prin urmare, ministrul Andrei Sp\u00eenu \u00eempreun\u0103 cu Kristian Schmidt, director pentru Transport Rutier au semnat documentul de prelungire a Acordului dintre Uniunea European\u0103 \u0219i Republica Moldova cu privire la transportul rutier de m\u0103rfuri.<\/p>\n<p>Aceasta \u00eenseamn\u0103:<\/p>\n<ul>\n<li>F\u0103r\u0103 autoriza\u021bii speciale \u00een UE;<\/li>\n<li>Cre\u0219terea exportului \u0219i a importului cu UE;<\/li>\n<li>O pia\u021b\u0103 comercial\u0103 european\u0103, sigur\u0103 \u0219i stabil\u0103 pentru RM;<\/li>\n<li>Republica Moldova ca partener al Ucrainei \u00een procesul de reconstruc\u021bie a \u021b\u0103rii;<\/li>\n<li>Lan\u021buri logistice mai simple \u0219i mai eficiente UA-MD-UE.<\/li>\n<\/ul>\n<p>Din anul 2023, serviciile de transport de m\u0103rfuri dinspre Moldova spre UE \u0219i invers au crescut cu 15%, iar exporturile de m\u0103rfuri\u00a0 c\u0103tre statele membre ale UE au crescut de la 5.308 milioane \u00een iulie-septembrie 2022 la 6.751 milioane USD \u00een aceea\u0219i perioad\u0103 din 2023.<\/p>\n<p><b>Abona\u021bi-v\u0103 la noi pe re\u021bele sociale:\u00a0<\/b><a href=\"https:\/\/t.me\/bastvmd\"><b><i>Telegram<\/i><\/b><\/a><b>,\u00a0<\/b><a href=\"https:\/\/www.youtube.com\/channel\/UC-9005PnLnhpNM8PVSjP2dQ\/featured\"><b><i>YouTube<\/i><\/b><\/a><b>,\u00a0<\/b><a href=\"https:\/\/www.facebook.com\/bastv.md\"><b><i>Facebook<\/i><\/b><\/a>\u00a0<strong>\u0219i\u00a0<\/strong><a href=\"https:\/\/www.instagram.com\/bastv.md\/\"><b><i>Instagram<\/i><\/b><\/a><b>.\u00a0 Aici public\u0103m \u0219tiri pe scurt!<\/b><\/p>\n","protected":false},"excerpt":{"rendered":"<p>Acordul dintre Uniunea European\u0103 \u0219i Republica Moldova privind transportul rutier de m\u0103rfuri a fost prelungit p\u00e2n\u0103 la 31 decembrie 2025, anun\u021b\u0103 Ministerul Infrastructurii \u0219i Dezvolt\u0103rii Regionale. Prin urmare, ministrul Andrei Sp\u00eenu \u00eempreun\u0103 cu Kristian Schmidt, director pentru Transport Rutier au semnat documentul de prelungire a Acordului dintre Uniunea European\u0103 \u0219i Republica Moldova cu privire la [&hellip;]<\/p>\n","protected":false},"author":3,"featured_media":115041,"comment_status":"closed","ping_status":"closed","sticky":false,"template":"","format":"standard","meta":{"footnotes":""},"categories":[219,574],"tags":[],"class_list":["post-115039","post","type-post","status-publish","format-standard","has-post-thumbnail","hentry","category-anunturi","category-util"],"yoast_head":"<!-- This site is optimized with the Yoast SEO plugin v27.5 - https:\/\/yoast.com\/product\/yoast-seo-wordpress\/ -->\n<title>Transportatorii de m\u0103rfuri vor circula liber \u00een Uniunea European\u0103 f\u0103r\u0103 autoriza\u021bii p\u00e2n\u0103 \u00een Decembrie 2025 - BasTV<\/title>\n<meta name=\"description\" content=\"Acordul dintre Uniunea European\u0103 \u0219i Republica Moldova privind transportul rutier de m\u0103rfuri a fost prelungit p\u00e2n\u0103 la 31 decembrie 2025, anun\u021b\u0103 Ministerul Infrastructurii \u0219i Dezvolt\u0103rii Regionale.\" \/>\n<meta name=\"robots\" content=\"index, follow, max-snippet:-1, max-image-preview:large, max-video-preview:-1\" \/>\n<link rel=\"canonical\" href=\"https:\/\/bas-tv.md\/ro\/transportatorii-de-marfuri-vor-circula-liber-in-uniunea-europeana-fara-autorizatii-pana-in-decembrie-2025\/\" \/>\n<meta property=\"og:locale\" content=\"ro_RO\" \/>\n<meta property=\"og:type\" content=\"article\" \/>\n<meta property=\"og:title\" content=\"Transportatorii de m\u0103rfuri vor circula liber \u00een Uniunea European\u0103 f\u0103r\u0103 autoriza\u021bii p\u00e2n\u0103 \u00een Decembrie 2025 - BasTV\" \/>\n<meta property=\"og:description\" content=\"Acordul dintre Uniunea European\u0103 \u0219i Republica Moldova privind transportul rutier de m\u0103rfuri a fost prelungit p\u00e2n\u0103 la 31 decembrie 2025, anun\u021b\u0103 Ministerul Infrastructurii \u0219i Dezvolt\u0103rii Regionale.\" \/>\n<meta property=\"og:url\" content=\"https:\/\/bas-tv.md\/ro\/transportatorii-de-marfuri-vor-circula-liber-in-uniunea-europeana-fara-autorizatii-pana-in-decembrie-2025\/\" \/>\n<meta property=\"og:site_name\" content=\"BasTV\" \/>\n<meta property=\"article:published_time\" content=\"2024-03-27T07:55:17+00:00\" \/>\n<meta property=\"og:image\" content=\"https:\/\/bas-tv.md\/wp-content\/uploads\/2024\/03\/fit_1280.jpg\" \/>\n\t<meta property=\"og:image:width\" content=\"1024\" \/>\n\t<meta property=\"og:image:height\" content=\"683\" \/>\n\t<meta property=\"og:image:type\" content=\"image\/jpeg\" \/>\n<meta name=\"author\" content=\"Redactor\" \/>\n<meta name=\"twitter:card\" content=\"summary_large_image\" \/>\n<meta name=\"twitter:label1\" content=\"Scris de\" \/>\n\t<meta name=\"twitter:data1\" content=\"Redactor\" \/>\n\t<meta name=\"twitter:label2\" content=\"Timp estimat pentru citire\" \/>\n\t<meta name=\"twitter:data2\" content=\"2 minute\" \/>\n<script type=\"application\/ld+json\" class=\"yoast-schema-graph\">{\"@context\":\"https:\\\/\\\/schema.org\",\"@graph\":[{\"@type\":\"Article\",\"@id\":\"https:\\\/\\\/bas-tv.md\\\/ro\\\/transportatorii-de-marfuri-vor-circula-liber-in-uniunea-europeana-fara-autorizatii-pana-in-decembrie-2025\\\/#article\",\"isPartOf\":{\"@id\":\"https:\\\/\\\/bas-tv.md\\\/ro\\\/transportatorii-de-marfuri-vor-circula-liber-in-uniunea-europeana-fara-autorizatii-pana-in-decembrie-2025\\\/\"},\"author\":{\"name\":\"Redactor\",\"@id\":\"https:\\\/\\\/bas-tv.md\\\/ro\\\/#\\\/schema\\\/person\\\/8740f45ea2eca1f1695284fc03529af0\"},\"headline\":\"Transportatorii de m\u0103rfuri vor circula liber \u00een Uniunea European\u0103 f\u0103r\u0103 autoriza\u021bii p\u00e2n\u0103 \u00een Decembrie 2025\",\"datePublished\":\"2024-03-27T07:55:17+00:00\",\"mainEntityOfPage\":{\"@id\":\"https:\\\/\\\/bas-tv.md\\\/ro\\\/transportatorii-de-marfuri-vor-circula-liber-in-uniunea-europeana-fara-autorizatii-pana-in-decembrie-2025\\\/\"},\"wordCount\":190,\"publisher\":{\"@id\":\"https:\\\/\\\/bas-tv.md\\\/ro\\\/#organization\"},\"image\":{\"@id\":\"https:\\\/\\\/bas-tv.md\\\/ro\\\/transportatorii-de-marfuri-vor-circula-liber-in-uniunea-europeana-fara-autorizatii-pana-in-decembrie-2025\\\/#primaryimage\"},\"thumbnailUrl\":\"https:\\\/\\\/bas-tv.md\\\/wp-content\\\/uploads\\\/2024\\\/03\\\/fit_1280.jpg\",\"articleSection\":[\"Anun\u021buri\",\"Util\"],\"inLanguage\":\"ro-RO\"},{\"@type\":\"WebPage\",\"@id\":\"https:\\\/\\\/bas-tv.md\\\/ro\\\/transportatorii-de-marfuri-vor-circula-liber-in-uniunea-europeana-fara-autorizatii-pana-in-decembrie-2025\\\/\",\"url\":\"https:\\\/\\\/bas-tv.md\\\/ro\\\/transportatorii-de-marfuri-vor-circula-liber-in-uniunea-europeana-fara-autorizatii-pana-in-decembrie-2025\\\/\",\"name\":\"Transportatorii de m\u0103rfuri vor circula liber \u00een Uniunea European\u0103 f\u0103r\u0103 autoriza\u021bii p\u00e2n\u0103 \u00een Decembrie 2025 - BasTV\",\"isPartOf\":{\"@id\":\"https:\\\/\\\/bas-tv.md\\\/ro\\\/#website\"},\"primaryImageOfPage\":{\"@id\":\"https:\\\/\\\/bas-tv.md\\\/ro\\\/transportatorii-de-marfuri-vor-circula-liber-in-uniunea-europeana-fara-autorizatii-pana-in-decembrie-2025\\\/#primaryimage\"},\"image\":{\"@id\":\"https:\\\/\\\/bas-tv.md\\\/ro\\\/transportatorii-de-marfuri-vor-circula-liber-in-uniunea-europeana-fara-autorizatii-pana-in-decembrie-2025\\\/#primaryimage\"},\"thumbnailUrl\":\"https:\\\/\\\/bas-tv.md\\\/wp-content\\\/uploads\\\/2024\\\/03\\\/fit_1280.jpg\",\"datePublished\":\"2024-03-27T07:55:17+00:00\",\"description\":\"Acordul dintre Uniunea European\u0103 \u0219i Republica Moldova privind transportul rutier de m\u0103rfuri a fost prelungit p\u00e2n\u0103 la 31 decembrie 2025, anun\u021b\u0103 Ministerul Infrastructurii \u0219i Dezvolt\u0103rii Regionale.\",\"inLanguage\":\"ro-RO\",\"potentialAction\":[{\"@type\":\"ReadAction\",\"target\":[\"https:\\\/\\\/bas-tv.md\\\/ro\\\/transportatorii-de-marfuri-vor-circula-liber-in-uniunea-europeana-fara-autorizatii-pana-in-decembrie-2025\\\/\"]}]},{\"@type\":\"ImageObject\",\"inLanguage\":\"ro-RO\",\"@id\":\"https:\\\/\\\/bas-tv.md\\\/ro\\\/transportatorii-de-marfuri-vor-circula-liber-in-uniunea-europeana-fara-autorizatii-pana-in-decembrie-2025\\\/#primaryimage\",\"url\":\"https:\\\/\\\/bas-tv.md\\\/wp-content\\\/uploads\\\/2024\\\/03\\\/fit_1280.jpg\",\"contentUrl\":\"https:\\\/\\\/bas-tv.md\\\/wp-content\\\/uploads\\\/2024\\\/03\\\/fit_1280.jpg\",\"width\":1024,\"height\":683,\"caption\":\"Transportatorii de m\u0103rfuri vor circula liber \u00een Uniunea European\u0103 f\u0103r\u0103 autoriza\u021bii p\u00e2n\u0103 \u00een Decembrie 2025\"},{\"@type\":\"WebSite\",\"@id\":\"https:\\\/\\\/bas-tv.md\\\/ro\\\/#website\",\"url\":\"https:\\\/\\\/bas-tv.md\\\/ro\\\/\",\"name\":\"BasTV\",\"description\":\"Moldova\",\"publisher\":{\"@id\":\"https:\\\/\\\/bas-tv.md\\\/ro\\\/#organization\"},\"potentialAction\":[{\"@type\":\"SearchAction\",\"target\":{\"@type\":\"EntryPoint\",\"urlTemplate\":\"https:\\\/\\\/bas-tv.md\\\/ro\\\/?s={search_term_string}\"},\"query-input\":{\"@type\":\"PropertyValueSpecification\",\"valueRequired\":true,\"valueName\":\"search_term_string\"}}],\"inLanguage\":\"ro-RO\"},{\"@type\":\"Organization\",\"@id\":\"https:\\\/\\\/bas-tv.md\\\/ro\\\/#organization\",\"name\":\"BasTV\",\"url\":\"https:\\\/\\\/bas-tv.md\\\/ro\\\/\",\"logo\":{\"@type\":\"ImageObject\",\"inLanguage\":\"ro-RO\",\"@id\":\"https:\\\/\\\/bas-tv.md\\\/ro\\\/#\\\/schema\\\/logo\\\/image\\\/\",\"url\":\"https:\\\/\\\/bas-tv.md\\\/wp-content\\\/uploads\\\/2023\\\/05\\\/bas-tv-culoarea-rosie.png\",\"contentUrl\":\"https:\\\/\\\/bas-tv.md\\\/wp-content\\\/uploads\\\/2023\\\/05\\\/bas-tv-culoarea-rosie.png\",\"width\":202,\"height\":50,\"caption\":\"BasTV\"},\"image\":{\"@id\":\"https:\\\/\\\/bas-tv.md\\\/ro\\\/#\\\/schema\\\/logo\\\/image\\\/\"}},{\"@type\":\"Person\",\"@id\":\"https:\\\/\\\/bas-tv.md\\\/ro\\\/#\\\/schema\\\/person\\\/8740f45ea2eca1f1695284fc03529af0\",\"name\":\"Redactor\",\"image\":{\"@type\":\"ImageObject\",\"inLanguage\":\"ro-RO\",\"@id\":\"https:\\\/\\\/bas-tv.md\\\/wp-content\\\/litespeed\\\/avatar\\\/91c0586f3f6f4396a4ec1287c965eeeb.jpg?ver=1776950945\",\"url\":\"https:\\\/\\\/bas-tv.md\\\/wp-content\\\/litespeed\\\/avatar\\\/91c0586f3f6f4396a4ec1287c965eeeb.jpg?ver=1776950945\",\"contentUrl\":\"https:\\\/\\\/bas-tv.md\\\/wp-content\\\/litespeed\\\/avatar\\\/91c0586f3f6f4396a4ec1287c965eeeb.jpg?ver=1776950945\",\"caption\":\"Redactor\"},\"url\":\"https:\\\/\\\/bas-tv.md\\\/ro\\\/author\\\/redactor\\\/\"}]}<\/script>\n<!-- \/ Yoast SEO plugin. -->","yoast_head_json":{"title":"Transportatorii de m\u0103rfuri vor circula liber \u00een Uniunea European\u0103 f\u0103r\u0103 autoriza\u021bii p\u00e2n\u0103 \u00een Decembrie 2025 - BasTV","description":"Acordul dintre Uniunea European\u0103 \u0219i Republica Moldova privind transportul rutier de m\u0103rfuri a fost prelungit p\u00e2n\u0103 la 31 decembrie 2025, anun\u021b\u0103 Ministerul Infrastructurii \u0219i Dezvolt\u0103rii Regionale.","robots":{"index":"index","follow":"follow","max-snippet":"max-snippet:-1","max-image-preview":"max-image-preview:large","max-video-preview":"max-video-preview:-1"},"canonical":"https:\/\/bas-tv.md\/ro\/transportatorii-de-marfuri-vor-circula-liber-in-uniunea-europeana-fara-autorizatii-pana-in-decembrie-2025\/","og_locale":"ro_RO","og_type":"article","og_title":"Transportatorii de m\u0103rfuri vor circula liber \u00een Uniunea European\u0103 f\u0103r\u0103 autoriza\u021bii p\u00e2n\u0103 \u00een Decembrie 2025 - BasTV","og_description":"Acordul dintre Uniunea European\u0103 \u0219i Republica Moldova privind transportul rutier de m\u0103rfuri a fost prelungit p\u00e2n\u0103 la 31 decembrie 2025, anun\u021b\u0103 Ministerul Infrastructurii \u0219i Dezvolt\u0103rii Regionale.","og_url":"https:\/\/bas-tv.md\/ro\/transportatorii-de-marfuri-vor-circula-liber-in-uniunea-europeana-fara-autorizatii-pana-in-decembrie-2025\/","og_site_name":"BasTV","article_published_time":"2024-03-27T07:55:17+00:00","og_image":[{"width":1024,"height":683,"url":"https:\/\/bas-tv.md\/wp-content\/uploads\/2024\/03\/fit_1280.jpg","type":"image\/jpeg"}],"author":"Redactor","twitter_card":"summary_large_image","twitter_misc":{"Scris de":"Redactor","Timp estimat pentru citire":"2 minute"},"schema":{"@context":"https:\/\/schema.org","@graph":[{"@type":"Article","@id":"https:\/\/bas-tv.md\/ro\/transportatorii-de-marfuri-vor-circula-liber-in-uniunea-europeana-fara-autorizatii-pana-in-decembrie-2025\/#article","isPartOf":{"@id":"https:\/\/bas-tv.md\/ro\/transportatorii-de-marfuri-vor-circula-liber-in-uniunea-europeana-fara-autorizatii-pana-in-decembrie-2025\/"},"author":{"name":"Redactor","@id":"https:\/\/bas-tv.md\/ro\/#\/schema\/person\/8740f45ea2eca1f1695284fc03529af0"},"headline":"Transportatorii de m\u0103rfuri vor circula liber \u00een Uniunea European\u0103 f\u0103r\u0103 autoriza\u021bii p\u00e2n\u0103 \u00een Decembrie 2025","datePublished":"2024-03-27T07:55:17+00:00","mainEntityOfPage":{"@id":"https:\/\/bas-tv.md\/ro\/transportatorii-de-marfuri-vor-circula-liber-in-uniunea-europeana-fara-autorizatii-pana-in-decembrie-2025\/"},"wordCount":190,"publisher":{"@id":"https:\/\/bas-tv.md\/ro\/#organization"},"image":{"@id":"https:\/\/bas-tv.md\/ro\/transportatorii-de-marfuri-vor-circula-liber-in-uniunea-europeana-fara-autorizatii-pana-in-decembrie-2025\/#primaryimage"},"thumbnailUrl":"https:\/\/bas-tv.md\/wp-content\/uploads\/2024\/03\/fit_1280.jpg","articleSection":["Anun\u021buri","Util"],"inLanguage":"ro-RO"},{"@type":"WebPage","@id":"https:\/\/bas-tv.md\/ro\/transportatorii-de-marfuri-vor-circula-liber-in-uniunea-europeana-fara-autorizatii-pana-in-decembrie-2025\/","url":"https:\/\/bas-tv.md\/ro\/transportatorii-de-marfuri-vor-circula-liber-in-uniunea-europeana-fara-autorizatii-pana-in-decembrie-2025\/","name":"Transportatorii de m\u0103rfuri vor circula liber \u00een Uniunea European\u0103 f\u0103r\u0103 autoriza\u021bii p\u00e2n\u0103 \u00een Decembrie 2025 - BasTV","isPartOf":{"@id":"https:\/\/bas-tv.md\/ro\/#website"},"primaryImageOfPage":{"@id":"https:\/\/bas-tv.md\/ro\/transportatorii-de-marfuri-vor-circula-liber-in-uniunea-europeana-fara-autorizatii-pana-in-decembrie-2025\/#primaryimage"},"image":{"@id":"https:\/\/bas-tv.md\/ro\/transportatorii-de-marfuri-vor-circula-liber-in-uniunea-europeana-fara-autorizatii-pana-in-decembrie-2025\/#primaryimage"},"thumbnailUrl":"https:\/\/bas-tv.md\/wp-content\/uploads\/2024\/03\/fit_1280.jpg","datePublished":"2024-03-27T07:55:17+00:00","description":"Acordul dintre Uniunea European\u0103 \u0219i Republica Moldova privind transportul rutier de m\u0103rfuri a fost prelungit p\u00e2n\u0103 la 31 decembrie 2025, anun\u021b\u0103 Ministerul Infrastructurii \u0219i Dezvolt\u0103rii Regionale.","inLanguage":"ro-RO","potentialAction":[{"@type":"ReadAction","target":["https:\/\/bas-tv.md\/ro\/transportatorii-de-marfuri-vor-circula-liber-in-uniunea-europeana-fara-autorizatii-pana-in-decembrie-2025\/"]}]},{"@type":"ImageObject","inLanguage":"ro-RO","@id":"https:\/\/bas-tv.md\/ro\/transportatorii-de-marfuri-vor-circula-liber-in-uniunea-europeana-fara-autorizatii-pana-in-decembrie-2025\/#primaryimage","url":"https:\/\/bas-tv.md\/wp-content\/uploads\/2024\/03\/fit_1280.jpg","contentUrl":"https:\/\/bas-tv.md\/wp-content\/uploads\/2024\/03\/fit_1280.jpg","width":1024,"height":683,"caption":"Transportatorii de m\u0103rfuri vor circula liber \u00een Uniunea European\u0103 f\u0103r\u0103 autoriza\u021bii p\u00e2n\u0103 \u00een Decembrie 2025"},{"@type":"WebSite","@id":"https:\/\/bas-tv.md\/ro\/#website","url":"https:\/\/bas-tv.md\/ro\/","name":"BasTV","description":"Moldova","publisher":{"@id":"https:\/\/bas-tv.md\/ro\/#organization"},"potentialAction":[{"@type":"SearchAction","target":{"@type":"EntryPoint","urlTemplate":"https:\/\/bas-tv.md\/ro\/?s={search_term_string}"},"query-input":{"@type":"PropertyValueSpecification","valueRequired":true,"valueName":"search_term_string"}}],"inLanguage":"ro-RO"},{"@type":"Organization","@id":"https:\/\/bas-tv.md\/ro\/#organization","name":"BasTV","url":"https:\/\/bas-tv.md\/ro\/","logo":{"@type":"ImageObject","inLanguage":"ro-RO","@id":"https:\/\/bas-tv.md\/ro\/#\/schema\/logo\/image\/","url":"https:\/\/bas-tv.md\/wp-content\/uploads\/2023\/05\/bas-tv-culoarea-rosie.png","contentUrl":"https:\/\/bas-tv.md\/wp-content\/uploads\/2023\/05\/bas-tv-culoarea-rosie.png","width":202,"height":50,"caption":"BasTV"},"image":{"@id":"https:\/\/bas-tv.md\/ro\/#\/schema\/logo\/image\/"}},{"@type":"Person","@id":"https:\/\/bas-tv.md\/ro\/#\/schema\/person\/8740f45ea2eca1f1695284fc03529af0","name":"Redactor","image":{"@type":"ImageObject","inLanguage":"ro-RO","@id":"https:\/\/bas-tv.md\/wp-content\/litespeed\/avatar\/91c0586f3f6f4396a4ec1287c965eeeb.jpg?ver=1776950945","url":"https:\/\/bas-tv.md\/wp-content\/litespeed\/avatar\/91c0586f3f6f4396a4ec1287c965eeeb.jpg?ver=1776950945","contentUrl":"https:\/\/bas-tv.md\/wp-content\/litespeed\/avatar\/91c0586f3f6f4396a4ec1287c965eeeb.jpg?ver=1776950945","caption":"Redactor"},"url":"https:\/\/bas-tv.md\/ro\/author\/redactor\/"}]}},"views":345,"_links":{"self":[{"href":"https:\/\/bas-tv.md\/ro\/wp-json\/wp\/v2\/posts\/115039","targetHints":{"allow":["GET"]}}],"collection":[{"href":"https:\/\/bas-tv.md\/ro\/wp-json\/wp\/v2\/posts"}],"about":[{"href":"https:\/\/bas-tv.md\/ro\/wp-json\/wp\/v2\/types\/post"}],"author":[{"embeddable":true,"href":"https:\/\/bas-tv.md\/ro\/wp-json\/wp\/v2\/users\/3"}],"replies":[{"embeddable":true,"href":"https:\/\/bas-tv.md\/ro\/wp-json\/wp\/v2\/comments?post=115039"}],"version-history":[{"count":2,"href":"https:\/\/bas-tv.md\/ro\/wp-json\/wp\/v2\/posts\/115039\/revisions"}],"predecessor-version":[{"id":115043,"href":"https:\/\/bas-tv.md\/ro\/wp-json\/wp\/v2\/posts\/115039\/revisions\/115043"}],"wp:featuredmedia":[{"embeddable":true,"href":"https:\/\/bas-tv.md\/ro\/wp-json\/wp\/v2\/media\/115041"}],"wp:attachment":[{"href":"https:\/\/bas-tv.md\/ro\/wp-json\/wp\/v2\/media?parent=115039"}],"wp:term":[{"taxonomy":"category","embeddable":true,"href":"https:\/\/bas-tv.md\/ro\/wp-json\/wp\/v2\/categories?post=115039"},{"taxonomy":"post_tag","embeddable":true,"href":"https:\/\/bas-tv.md\/ro\/wp-json\/wp\/v2\/tags?post=115039"}],"curies":[{"name":"wp","href":"https:\/\/api.w.org\/{rel}","templated":true}]}}