{"id":115229,"date":"2024-03-29T12:00:26","date_gmt":"2024-03-29T10:00:26","guid":{"rendered":"https:\/\/bas-tv.md\/?p=115229"},"modified":"2024-03-29T11:28:23","modified_gmt":"2024-03-29T09:28:23","slug":"foto-in-s-sadaclia-va-avea-loc-o-competitie-de-volei-in-memoria-profesorului-vasile-lungu","status":"publish","type":"post","link":"https:\/\/bas-tv.md\/ro\/foto-in-s-sadaclia-va-avea-loc-o-competitie-de-volei-in-memoria-profesorului-vasile-lungu\/","title":{"rendered":"(FOTO) \u00cen s. Sadaclia va avea loc o competi\u021bie de volei \u00een memoria profesorului Vasile Lungu"},"content":{"rendered":"<p><strong>\u00cen satul Sadaclia se va organiza o competi\u021bie de volei, desf\u0103\u0219urat\u0103 \u00een memoria profesorului de educa\u021bie fizic\u0103, Vasile Lungu. <b>\u00a0Cu un astfel de anun\u021b a venit Prim\u0103ria s. Sadaclia pe pagina sa de Facebook.<\/b><\/strong><\/p>\n<p>Jocul sportiv va avea loc, duminic\u0103, 31 martie, \u00een sala sportiv\u0103 a liceului ,,Mihai Eminescu\u201d. \u00cen acest context, la competi\u021bie au fost invitate echipele din raioanele: Basarabeasca, G\u0103g\u0103uzia, Ialoveni \u0219i R\u00ee\u0219cani.<\/p>\n<blockquote><p>,,Se organizeaz\u0103 anume \u00een domeniul sportului \u2013 voleibol, din motiv c\u0103 domnul Lungu a contribuit la dezvoltarea acestui tip de sport \u00een sat\u201d, a men\u021bionat primarul s. Sadaclia, Ion Galeru.<\/p><\/blockquote>\n<p>La finele jocului, echipele vor primi premii b\u0103ne\u0219ti.<\/p>\n<p>Competi\u021bia dat\u0103 este organizat\u0103 anual de prim\u0103ria s. Sadaclia, aceasta fiind a X-a edi\u021bie.<\/p>\n<figure id=\"attachment_115235\" aria-describedby=\"caption-attachment-115235\" style=\"width: 509px\" class=\"wp-caption aligncenter\"><a href=\"https:\/\/bas-tv.md\/wp-content\/uploads\/2024\/03\/434072844_1099047518042333_1266808293850540664_n.jpg\"><img fetchpriority=\"high\" decoding=\"async\" class=\"wp-image-115235 size-full\" src=\"https:\/\/bas-tv.md\/wp-content\/uploads\/2024\/03\/434072844_1099047518042333_1266808293850540664_n.jpg\" alt=\"\" width=\"509\" height=\"720\" srcset=\"https:\/\/bas-tv.md\/wp-content\/uploads\/2024\/03\/434072844_1099047518042333_1266808293850540664_n.jpg 509w, https:\/\/bas-tv.md\/wp-content\/uploads\/2024\/03\/434072844_1099047518042333_1266808293850540664_n-212x300.jpg 212w\" sizes=\"(max-width: 509px) 100vw, 509px\" \/><\/a><figcaption id=\"caption-attachment-115235\" class=\"wp-caption-text\">Prim\u0103ria s. Sadaclia<\/figcaption><\/figure>\n<p><b>Abona\u021bi-v\u0103 la noi pe re\u021bele<\/b><b>\u00a0sociale:\u00a0<\/b><a href=\"https:\/\/t.me\/bastvmd\"><b><i>Telegram<\/i><\/b><\/a><b>,\u00a0<\/b><a href=\"https:\/\/www.youtube.com\/channel\/UC-9005PnLnhpNM8PVSjP2dQ\/featured\"><b><i>YouTube<\/i><\/b><\/a><b>,\u00a0<\/b><a href=\"https:\/\/www.facebook.com\/bastv.md\"><b><i>Facebook<\/i><\/b><\/a>\u00a0<strong>\u0219i\u00a0<\/strong><a href=\"https:\/\/www.instagram.com\/bastv.md\/\"><b><i>Instagram<\/i><\/b><\/a><b>.\u00a0 Aici public\u0103m \u0219tiri pe scurt!<\/b><\/p>\n","protected":false},"excerpt":{"rendered":"<p>\u00cen satul Sadaclia se va organiza o competi\u021bie de volei, desf\u0103\u0219urat\u0103 \u00een memoria profesorului de educa\u021bie fizic\u0103, Vasile Lungu. \u00a0Cu un astfel de anun\u021b a venit Prim\u0103ria s. Sadaclia pe pagina sa de Facebook. Jocul sportiv va avea loc, duminic\u0103, 31 martie, \u00een sala sportiv\u0103 a liceului ,,Mihai Eminescu\u201d. \u00cen acest context, la competi\u021bie au [&hellip;]<\/p>\n","protected":false},"author":3,"featured_media":115242,"comment_status":"closed","ping_status":"closed","sticky":false,"template":"","format":"standard","meta":{"footnotes":""},"categories":[219,574],"tags":[],"class_list":["post-115229","post","type-post","status-publish","format-standard","has-post-thumbnail","hentry","category-anunturi","category-util"],"yoast_head":"<!-- This site is optimized with the Yoast SEO plugin v27.5 - https:\/\/yoast.com\/product\/yoast-seo-wordpress\/ -->\n<title>(FOTO) \u00cen s. Sadaclia va avea loc o competi\u021bie de volei \u00een memoria profesorului Vasile Lungu - BasTV<\/title>\n<meta name=\"description\" content=\"\u00cen satul Sadaclia se va organiza o competi\u021bie de volei, desf\u0103\u0219urat\u0103 \u00een memoria profesorului de educa\u021bie fizic\u0103, Vasile Lungu. \u00a0Cu un astfel de anun\u021b a venit Prim\u0103ria s. Sadaclia pe pagina sa de Facebook.\" \/>\n<meta name=\"robots\" content=\"index, follow, max-snippet:-1, max-image-preview:large, max-video-preview:-1\" \/>\n<link rel=\"canonical\" href=\"https:\/\/bas-tv.md\/ro\/foto-in-s-sadaclia-va-avea-loc-o-competitie-de-volei-in-memoria-profesorului-vasile-lungu\/\" \/>\n<meta property=\"og:locale\" content=\"ro_RO\" \/>\n<meta property=\"og:type\" content=\"article\" \/>\n<meta property=\"og:title\" content=\"(FOTO) \u00cen s. Sadaclia va avea loc o competi\u021bie de volei \u00een memoria profesorului Vasile Lungu - BasTV\" \/>\n<meta property=\"og:description\" content=\"\u00cen satul Sadaclia se va organiza o competi\u021bie de volei, desf\u0103\u0219urat\u0103 \u00een memoria profesorului de educa\u021bie fizic\u0103, Vasile Lungu. \u00a0Cu un astfel de anun\u021b a venit Prim\u0103ria s. Sadaclia pe pagina sa de Facebook.\" \/>\n<meta property=\"og:url\" content=\"https:\/\/bas-tv.md\/ro\/foto-in-s-sadaclia-va-avea-loc-o-competitie-de-volei-in-memoria-profesorului-vasile-lungu\/\" \/>\n<meta property=\"og:site_name\" content=\"BasTV\" \/>\n<meta property=\"article:published_time\" content=\"2024-03-29T10:00:26+00:00\" \/>\n<meta property=\"og:image\" content=\"https:\/\/bas-tv.md\/wp-content\/uploads\/2024\/03\/355232468_950586399555113_5021184294787723206_n-e1708436660762.jpg\" \/>\n\t<meta property=\"og:image:width\" content=\"2000\" \/>\n\t<meta property=\"og:image:height\" content=\"1166\" \/>\n\t<meta property=\"og:image:type\" content=\"image\/jpeg\" \/>\n<meta name=\"author\" content=\"Redactor\" \/>\n<meta name=\"twitter:card\" content=\"summary_large_image\" \/>\n<meta name=\"twitter:label1\" content=\"Scris de\" \/>\n\t<meta name=\"twitter:data1\" content=\"Redactor\" \/>\n\t<meta name=\"twitter:label2\" content=\"Timp estimat pentru citire\" \/>\n\t<meta name=\"twitter:data2\" content=\"1 minut\" \/>\n<script type=\"application\/ld+json\" class=\"yoast-schema-graph\">{\"@context\":\"https:\\\/\\\/schema.org\",\"@graph\":[{\"@type\":\"Article\",\"@id\":\"https:\\\/\\\/bas-tv.md\\\/ro\\\/foto-in-s-sadaclia-va-avea-loc-o-competitie-de-volei-in-memoria-profesorului-vasile-lungu\\\/#article\",\"isPartOf\":{\"@id\":\"https:\\\/\\\/bas-tv.md\\\/ro\\\/foto-in-s-sadaclia-va-avea-loc-o-competitie-de-volei-in-memoria-profesorului-vasile-lungu\\\/\"},\"author\":{\"name\":\"Redactor\",\"@id\":\"https:\\\/\\\/bas-tv.md\\\/ro\\\/#\\\/schema\\\/person\\\/8740f45ea2eca1f1695284fc03529af0\"},\"headline\":\"(FOTO) \u00cen s. Sadaclia va avea loc o competi\u021bie de volei \u00een memoria profesorului Vasile Lungu\",\"datePublished\":\"2024-03-29T10:00:26+00:00\",\"mainEntityOfPage\":{\"@id\":\"https:\\\/\\\/bas-tv.md\\\/ro\\\/foto-in-s-sadaclia-va-avea-loc-o-competitie-de-volei-in-memoria-profesorului-vasile-lungu\\\/\"},\"wordCount\":176,\"publisher\":{\"@id\":\"https:\\\/\\\/bas-tv.md\\\/ro\\\/#organization\"},\"image\":{\"@id\":\"https:\\\/\\\/bas-tv.md\\\/ro\\\/foto-in-s-sadaclia-va-avea-loc-o-competitie-de-volei-in-memoria-profesorului-vasile-lungu\\\/#primaryimage\"},\"thumbnailUrl\":\"https:\\\/\\\/bas-tv.md\\\/wp-content\\\/uploads\\\/2024\\\/03\\\/355232468_950586399555113_5021184294787723206_n-e1708436660762.jpg\",\"articleSection\":[\"Anun\u021buri\",\"Util\"],\"inLanguage\":\"ro-RO\"},{\"@type\":\"WebPage\",\"@id\":\"https:\\\/\\\/bas-tv.md\\\/ro\\\/foto-in-s-sadaclia-va-avea-loc-o-competitie-de-volei-in-memoria-profesorului-vasile-lungu\\\/\",\"url\":\"https:\\\/\\\/bas-tv.md\\\/ro\\\/foto-in-s-sadaclia-va-avea-loc-o-competitie-de-volei-in-memoria-profesorului-vasile-lungu\\\/\",\"name\":\"(FOTO) \u00cen s. Sadaclia va avea loc o competi\u021bie de volei \u00een memoria profesorului Vasile Lungu - BasTV\",\"isPartOf\":{\"@id\":\"https:\\\/\\\/bas-tv.md\\\/ro\\\/#website\"},\"primaryImageOfPage\":{\"@id\":\"https:\\\/\\\/bas-tv.md\\\/ro\\\/foto-in-s-sadaclia-va-avea-loc-o-competitie-de-volei-in-memoria-profesorului-vasile-lungu\\\/#primaryimage\"},\"image\":{\"@id\":\"https:\\\/\\\/bas-tv.md\\\/ro\\\/foto-in-s-sadaclia-va-avea-loc-o-competitie-de-volei-in-memoria-profesorului-vasile-lungu\\\/#primaryimage\"},\"thumbnailUrl\":\"https:\\\/\\\/bas-tv.md\\\/wp-content\\\/uploads\\\/2024\\\/03\\\/355232468_950586399555113_5021184294787723206_n-e1708436660762.jpg\",\"datePublished\":\"2024-03-29T10:00:26+00:00\",\"description\":\"\u00cen satul Sadaclia se va organiza o competi\u021bie de volei, desf\u0103\u0219urat\u0103 \u00een memoria profesorului de educa\u021bie fizic\u0103, Vasile Lungu. \u00a0Cu un astfel de anun\u021b a venit Prim\u0103ria s. Sadaclia pe pagina sa de Facebook.\",\"inLanguage\":\"ro-RO\",\"potentialAction\":[{\"@type\":\"ReadAction\",\"target\":[\"https:\\\/\\\/bas-tv.md\\\/ro\\\/foto-in-s-sadaclia-va-avea-loc-o-competitie-de-volei-in-memoria-profesorului-vasile-lungu\\\/\"]}]},{\"@type\":\"ImageObject\",\"inLanguage\":\"ro-RO\",\"@id\":\"https:\\\/\\\/bas-tv.md\\\/ro\\\/foto-in-s-sadaclia-va-avea-loc-o-competitie-de-volei-in-memoria-profesorului-vasile-lungu\\\/#primaryimage\",\"url\":\"https:\\\/\\\/bas-tv.md\\\/wp-content\\\/uploads\\\/2024\\\/03\\\/355232468_950586399555113_5021184294787723206_n-e1708436660762.jpg\",\"contentUrl\":\"https:\\\/\\\/bas-tv.md\\\/wp-content\\\/uploads\\\/2024\\\/03\\\/355232468_950586399555113_5021184294787723206_n-e1708436660762.jpg\",\"width\":2000,\"height\":1166,\"caption\":\"(FOTO) Onoare \u00een mi\u0219care: \u00een s. Sadaclia va avea loc o competi\u021bie de volei \u00een memoria profesorului Vasile Lungu\"},{\"@type\":\"WebSite\",\"@id\":\"https:\\\/\\\/bas-tv.md\\\/ro\\\/#website\",\"url\":\"https:\\\/\\\/bas-tv.md\\\/ro\\\/\",\"name\":\"BasTV\",\"description\":\"Moldova\",\"publisher\":{\"@id\":\"https:\\\/\\\/bas-tv.md\\\/ro\\\/#organization\"},\"potentialAction\":[{\"@type\":\"SearchAction\",\"target\":{\"@type\":\"EntryPoint\",\"urlTemplate\":\"https:\\\/\\\/bas-tv.md\\\/ro\\\/?s={search_term_string}\"},\"query-input\":{\"@type\":\"PropertyValueSpecification\",\"valueRequired\":true,\"valueName\":\"search_term_string\"}}],\"inLanguage\":\"ro-RO\"},{\"@type\":\"Organization\",\"@id\":\"https:\\\/\\\/bas-tv.md\\\/ro\\\/#organization\",\"name\":\"BasTV\",\"url\":\"https:\\\/\\\/bas-tv.md\\\/ro\\\/\",\"logo\":{\"@type\":\"ImageObject\",\"inLanguage\":\"ro-RO\",\"@id\":\"https:\\\/\\\/bas-tv.md\\\/ro\\\/#\\\/schema\\\/logo\\\/image\\\/\",\"url\":\"https:\\\/\\\/bas-tv.md\\\/wp-content\\\/uploads\\\/2023\\\/05\\\/bas-tv-culoarea-rosie.png\",\"contentUrl\":\"https:\\\/\\\/bas-tv.md\\\/wp-content\\\/uploads\\\/2023\\\/05\\\/bas-tv-culoarea-rosie.png\",\"width\":202,\"height\":50,\"caption\":\"BasTV\"},\"image\":{\"@id\":\"https:\\\/\\\/bas-tv.md\\\/ro\\\/#\\\/schema\\\/logo\\\/image\\\/\"}},{\"@type\":\"Person\",\"@id\":\"https:\\\/\\\/bas-tv.md\\\/ro\\\/#\\\/schema\\\/person\\\/8740f45ea2eca1f1695284fc03529af0\",\"name\":\"Redactor\",\"image\":{\"@type\":\"ImageObject\",\"inLanguage\":\"ro-RO\",\"@id\":\"https:\\\/\\\/bas-tv.md\\\/wp-content\\\/litespeed\\\/avatar\\\/91c0586f3f6f4396a4ec1287c965eeeb.jpg?ver=1776950945\",\"url\":\"https:\\\/\\\/bas-tv.md\\\/wp-content\\\/litespeed\\\/avatar\\\/91c0586f3f6f4396a4ec1287c965eeeb.jpg?ver=1776950945\",\"contentUrl\":\"https:\\\/\\\/bas-tv.md\\\/wp-content\\\/litespeed\\\/avatar\\\/91c0586f3f6f4396a4ec1287c965eeeb.jpg?ver=1776950945\",\"caption\":\"Redactor\"},\"url\":\"https:\\\/\\\/bas-tv.md\\\/ro\\\/author\\\/redactor\\\/\"}]}<\/script>\n<!-- \/ Yoast SEO plugin. -->","yoast_head_json":{"title":"(FOTO) \u00cen s. Sadaclia va avea loc o competi\u021bie de volei \u00een memoria profesorului Vasile Lungu - BasTV","description":"\u00cen satul Sadaclia se va organiza o competi\u021bie de volei, desf\u0103\u0219urat\u0103 \u00een memoria profesorului de educa\u021bie fizic\u0103, Vasile Lungu. \u00a0Cu un astfel de anun\u021b a venit Prim\u0103ria s. Sadaclia pe pagina sa de Facebook.","robots":{"index":"index","follow":"follow","max-snippet":"max-snippet:-1","max-image-preview":"max-image-preview:large","max-video-preview":"max-video-preview:-1"},"canonical":"https:\/\/bas-tv.md\/ro\/foto-in-s-sadaclia-va-avea-loc-o-competitie-de-volei-in-memoria-profesorului-vasile-lungu\/","og_locale":"ro_RO","og_type":"article","og_title":"(FOTO) \u00cen s. Sadaclia va avea loc o competi\u021bie de volei \u00een memoria profesorului Vasile Lungu - BasTV","og_description":"\u00cen satul Sadaclia se va organiza o competi\u021bie de volei, desf\u0103\u0219urat\u0103 \u00een memoria profesorului de educa\u021bie fizic\u0103, Vasile Lungu. \u00a0Cu un astfel de anun\u021b a venit Prim\u0103ria s. Sadaclia pe pagina sa de Facebook.","og_url":"https:\/\/bas-tv.md\/ro\/foto-in-s-sadaclia-va-avea-loc-o-competitie-de-volei-in-memoria-profesorului-vasile-lungu\/","og_site_name":"BasTV","article_published_time":"2024-03-29T10:00:26+00:00","og_image":[{"width":2000,"height":1166,"url":"https:\/\/bas-tv.md\/wp-content\/uploads\/2024\/03\/355232468_950586399555113_5021184294787723206_n-e1708436660762.jpg","type":"image\/jpeg"}],"author":"Redactor","twitter_card":"summary_large_image","twitter_misc":{"Scris de":"Redactor","Timp estimat pentru citire":"1 minut"},"schema":{"@context":"https:\/\/schema.org","@graph":[{"@type":"Article","@id":"https:\/\/bas-tv.md\/ro\/foto-in-s-sadaclia-va-avea-loc-o-competitie-de-volei-in-memoria-profesorului-vasile-lungu\/#article","isPartOf":{"@id":"https:\/\/bas-tv.md\/ro\/foto-in-s-sadaclia-va-avea-loc-o-competitie-de-volei-in-memoria-profesorului-vasile-lungu\/"},"author":{"name":"Redactor","@id":"https:\/\/bas-tv.md\/ro\/#\/schema\/person\/8740f45ea2eca1f1695284fc03529af0"},"headline":"(FOTO) \u00cen s. Sadaclia va avea loc o competi\u021bie de volei \u00een memoria profesorului Vasile Lungu","datePublished":"2024-03-29T10:00:26+00:00","mainEntityOfPage":{"@id":"https:\/\/bas-tv.md\/ro\/foto-in-s-sadaclia-va-avea-loc-o-competitie-de-volei-in-memoria-profesorului-vasile-lungu\/"},"wordCount":176,"publisher":{"@id":"https:\/\/bas-tv.md\/ro\/#organization"},"image":{"@id":"https:\/\/bas-tv.md\/ro\/foto-in-s-sadaclia-va-avea-loc-o-competitie-de-volei-in-memoria-profesorului-vasile-lungu\/#primaryimage"},"thumbnailUrl":"https:\/\/bas-tv.md\/wp-content\/uploads\/2024\/03\/355232468_950586399555113_5021184294787723206_n-e1708436660762.jpg","articleSection":["Anun\u021buri","Util"],"inLanguage":"ro-RO"},{"@type":"WebPage","@id":"https:\/\/bas-tv.md\/ro\/foto-in-s-sadaclia-va-avea-loc-o-competitie-de-volei-in-memoria-profesorului-vasile-lungu\/","url":"https:\/\/bas-tv.md\/ro\/foto-in-s-sadaclia-va-avea-loc-o-competitie-de-volei-in-memoria-profesorului-vasile-lungu\/","name":"(FOTO) \u00cen s. Sadaclia va avea loc o competi\u021bie de volei \u00een memoria profesorului Vasile Lungu - BasTV","isPartOf":{"@id":"https:\/\/bas-tv.md\/ro\/#website"},"primaryImageOfPage":{"@id":"https:\/\/bas-tv.md\/ro\/foto-in-s-sadaclia-va-avea-loc-o-competitie-de-volei-in-memoria-profesorului-vasile-lungu\/#primaryimage"},"image":{"@id":"https:\/\/bas-tv.md\/ro\/foto-in-s-sadaclia-va-avea-loc-o-competitie-de-volei-in-memoria-profesorului-vasile-lungu\/#primaryimage"},"thumbnailUrl":"https:\/\/bas-tv.md\/wp-content\/uploads\/2024\/03\/355232468_950586399555113_5021184294787723206_n-e1708436660762.jpg","datePublished":"2024-03-29T10:00:26+00:00","description":"\u00cen satul Sadaclia se va organiza o competi\u021bie de volei, desf\u0103\u0219urat\u0103 \u00een memoria profesorului de educa\u021bie fizic\u0103, Vasile Lungu. \u00a0Cu un astfel de anun\u021b a venit Prim\u0103ria s. Sadaclia pe pagina sa de Facebook.","inLanguage":"ro-RO","potentialAction":[{"@type":"ReadAction","target":["https:\/\/bas-tv.md\/ro\/foto-in-s-sadaclia-va-avea-loc-o-competitie-de-volei-in-memoria-profesorului-vasile-lungu\/"]}]},{"@type":"ImageObject","inLanguage":"ro-RO","@id":"https:\/\/bas-tv.md\/ro\/foto-in-s-sadaclia-va-avea-loc-o-competitie-de-volei-in-memoria-profesorului-vasile-lungu\/#primaryimage","url":"https:\/\/bas-tv.md\/wp-content\/uploads\/2024\/03\/355232468_950586399555113_5021184294787723206_n-e1708436660762.jpg","contentUrl":"https:\/\/bas-tv.md\/wp-content\/uploads\/2024\/03\/355232468_950586399555113_5021184294787723206_n-e1708436660762.jpg","width":2000,"height":1166,"caption":"(FOTO) Onoare \u00een mi\u0219care: \u00een s. Sadaclia va avea loc o competi\u021bie de volei \u00een memoria profesorului Vasile Lungu"},{"@type":"WebSite","@id":"https:\/\/bas-tv.md\/ro\/#website","url":"https:\/\/bas-tv.md\/ro\/","name":"BasTV","description":"Moldova","publisher":{"@id":"https:\/\/bas-tv.md\/ro\/#organization"},"potentialAction":[{"@type":"SearchAction","target":{"@type":"EntryPoint","urlTemplate":"https:\/\/bas-tv.md\/ro\/?s={search_term_string}"},"query-input":{"@type":"PropertyValueSpecification","valueRequired":true,"valueName":"search_term_string"}}],"inLanguage":"ro-RO"},{"@type":"Organization","@id":"https:\/\/bas-tv.md\/ro\/#organization","name":"BasTV","url":"https:\/\/bas-tv.md\/ro\/","logo":{"@type":"ImageObject","inLanguage":"ro-RO","@id":"https:\/\/bas-tv.md\/ro\/#\/schema\/logo\/image\/","url":"https:\/\/bas-tv.md\/wp-content\/uploads\/2023\/05\/bas-tv-culoarea-rosie.png","contentUrl":"https:\/\/bas-tv.md\/wp-content\/uploads\/2023\/05\/bas-tv-culoarea-rosie.png","width":202,"height":50,"caption":"BasTV"},"image":{"@id":"https:\/\/bas-tv.md\/ro\/#\/schema\/logo\/image\/"}},{"@type":"Person","@id":"https:\/\/bas-tv.md\/ro\/#\/schema\/person\/8740f45ea2eca1f1695284fc03529af0","name":"Redactor","image":{"@type":"ImageObject","inLanguage":"ro-RO","@id":"https:\/\/bas-tv.md\/wp-content\/litespeed\/avatar\/91c0586f3f6f4396a4ec1287c965eeeb.jpg?ver=1776950945","url":"https:\/\/bas-tv.md\/wp-content\/litespeed\/avatar\/91c0586f3f6f4396a4ec1287c965eeeb.jpg?ver=1776950945","contentUrl":"https:\/\/bas-tv.md\/wp-content\/litespeed\/avatar\/91c0586f3f6f4396a4ec1287c965eeeb.jpg?ver=1776950945","caption":"Redactor"},"url":"https:\/\/bas-tv.md\/ro\/author\/redactor\/"}]}},"views":314,"_links":{"self":[{"href":"https:\/\/bas-tv.md\/ro\/wp-json\/wp\/v2\/posts\/115229","targetHints":{"allow":["GET"]}}],"collection":[{"href":"https:\/\/bas-tv.md\/ro\/wp-json\/wp\/v2\/posts"}],"about":[{"href":"https:\/\/bas-tv.md\/ro\/wp-json\/wp\/v2\/types\/post"}],"author":[{"embeddable":true,"href":"https:\/\/bas-tv.md\/ro\/wp-json\/wp\/v2\/users\/3"}],"replies":[{"embeddable":true,"href":"https:\/\/bas-tv.md\/ro\/wp-json\/wp\/v2\/comments?post=115229"}],"version-history":[{"count":8,"href":"https:\/\/bas-tv.md\/ro\/wp-json\/wp\/v2\/posts\/115229\/revisions"}],"predecessor-version":[{"id":115244,"href":"https:\/\/bas-tv.md\/ro\/wp-json\/wp\/v2\/posts\/115229\/revisions\/115244"}],"wp:featuredmedia":[{"embeddable":true,"href":"https:\/\/bas-tv.md\/ro\/wp-json\/wp\/v2\/media\/115242"}],"wp:attachment":[{"href":"https:\/\/bas-tv.md\/ro\/wp-json\/wp\/v2\/media?parent=115229"}],"wp:term":[{"taxonomy":"category","embeddable":true,"href":"https:\/\/bas-tv.md\/ro\/wp-json\/wp\/v2\/categories?post=115229"},{"taxonomy":"post_tag","embeddable":true,"href":"https:\/\/bas-tv.md\/ro\/wp-json\/wp\/v2\/tags?post=115229"}],"curies":[{"name":"wp","href":"https:\/\/api.w.org\/{rel}","templated":true}]}}