{"id":115993,"date":"2024-04-07T11:00:08","date_gmt":"2024-04-07T08:00:08","guid":{"rendered":"https:\/\/bas-tv.md\/?p=115993"},"modified":"2024-04-06T14:14:02","modified_gmt":"2024-04-06T11:14:02","slug":"toata-viata-am-muncit-am-invatat-si-am-educat-istoria-profesoarei-ecaterina-peev-din-s-abaclia","status":"publish","type":"post","link":"https:\/\/bas-tv.md\/ro\/toata-viata-am-muncit-am-invatat-si-am-educat-istoria-profesoarei-ecaterina-peev-din-s-abaclia\/","title":{"rendered":"\u201eToat\u0103 via\u021ba am muncit, am \u00eenv\u0103\u021bat \u0219i am educat\u201d. Istoria profesoarei Ecaterina Peev din s. Abaclia"},"content":{"rendered":"<p><b>O persoan\u0103 sincer\u0103, responsabil\u0103, strict\u0103, dar \u00een acela\u0219i timp dedicat\u0103 profesiei sale. A\u0219a o poate caracteriza practic fiecare locuitor al satului Abaclia care o cunoa\u0219te pe Ecaterina Peev. Dumneaei a fost cea care le-a fost mam\u0103 mai multor genera\u021bii de copii, activ\u00e2nd \u00een sfera educa\u021biei practic toat\u0103 via\u021ba. Care este istoria din spatele ei, afla\u021bi \u00een acest material.<\/b><\/p>\n<p><span style=\"font-weight: 400;\"><a href=\"https:\/\/bas-tv.md\/wp-content\/uploads\/2024\/04\/434269525_954005425922399_1202818883231979439_n.jpg\"><img fetchpriority=\"high\" decoding=\"async\" class=\"alignright wp-image-115999\" src=\"https:\/\/bas-tv.md\/wp-content\/uploads\/2024\/04\/434269525_954005425922399_1202818883231979439_n-225x300.jpg\" alt=\"\" width=\"350\" height=\"467\" srcset=\"https:\/\/bas-tv.md\/wp-content\/uploads\/2024\/04\/434269525_954005425922399_1202818883231979439_n-225x300.jpg 225w, https:\/\/bas-tv.md\/wp-content\/uploads\/2024\/04\/434269525_954005425922399_1202818883231979439_n-768x1024.jpg 768w, https:\/\/bas-tv.md\/wp-content\/uploads\/2024\/04\/434269525_954005425922399_1202818883231979439_n-1152x1536.jpg 1152w, https:\/\/bas-tv.md\/wp-content\/uploads\/2024\/04\/434269525_954005425922399_1202818883231979439_n-1200x1600.jpg 1200w, https:\/\/bas-tv.md\/wp-content\/uploads\/2024\/04\/434269525_954005425922399_1202818883231979439_n.jpg 1500w\" sizes=\"(max-width: 350px) 100vw, 350px\" \/><\/a>Doamna Ecaterina Gheorghevna. A\u0219a i se zicea pe atunci, \u00eenc\u0103 din primii ani de munc\u0103 \u00een \u0219coal\u0103 ca instructoare de pionieri <\/span><i><span style=\"font-weight: 400;\">(\u043f\u0438\u043e\u043d\u0435\u0440\u0432\u043e\u0436\u0430\u0442\u0430\u044f). <\/span><\/i><span style=\"font-weight: 400;\">S-a n\u0103scut pe 18 mai 1949, \u00een raionul Leova, unde a tr\u0103it p\u00e2n\u0103 la v\u00e2rsta de 17 ani. Apoi ca venit \u00een satul Abaclia, unde s-a \u0219i \u00eent\u00e2lnit cu viitorul ei so\u021b, de asemenea profesor de istorie.\u00a0<\/span><\/p>\n<p><span style=\"font-weight: 400;\">\u00cenainte de a-\u0219i \u00eencepe munca, dna Ecaterina a urmat un concurs la Comitetul Raional al Comsomolului din Cimi\u0219lia.<\/span><\/p>\n<blockquote><p><i><span style=\"font-weight: 400;\">\u201eLa Cimi\u0219lia am trecut un concurs ca instructoare de pionier dup\u0103 \u0219coala medie. Dup\u0103 asta am lucrat un singur an. La acel concurs trebuia s\u0103 r\u0103spunzi la \u00eentreb\u0103ri \u0219i s\u0103 te pricepi \u00een multe lucruri. Dup\u0103 concurs, mi-am \u00eenceput activitatea la v\u00e2rsta de 17 ani, \u00een anul 1966.\u201d<\/span><\/i><\/p><\/blockquote>\n<p><span style=\"font-weight: 400;\"><a href=\"https:\/\/bas-tv.md\/wp-content\/uploads\/2024\/04\/434281815_339575829106517_7334670035904753670_n-e1712401269509.jpg\"><img decoding=\"async\" class=\"alignleft wp-image-115995 lazyload\" data-src=\"https:\/\/bas-tv.md\/wp-content\/uploads\/2024\/04\/434281815_339575829106517_7334670035904753670_n-300x228.jpg\" alt=\"\" width=\"500\" height=\"381\" src=\"data:image\/svg+xml;base64,PHN2ZyB3aWR0aD0iMSIgaGVpZ2h0PSIxIiB4bWxucz0iaHR0cDovL3d3dy53My5vcmcvMjAwMC9zdmciPjwvc3ZnPg==\" style=\"--smush-placeholder-width: 500px; --smush-placeholder-aspect-ratio: 500\/381;\" \/><\/a>Din spusele dnei Ecaterina, pe acea vreme pionierii erau cei care aveau grij\u0103 de \u0219colari, urm\u0103reau grupele de copii, coordonau \u0219i plecau cu ei la diferite activit\u0103\u021bi, precum la culesul strugurilor sau a fructelor, voluntariat \u0219i alte lucruri caracteristice perioadei sovietice.<\/span><\/p>\n<p><span style=\"font-weight: 400;\">Dup\u0103 un an \u0219i ceva de munc\u0103 ca pionier, a urmat studiile la Universitatea de Stat \u201eIon Creang\u0103\u201d din or. Chi\u0219in\u0103u, specialitatea limba \u0219i literatura rom\u00e2n\u0103.<\/span><\/p>\n<blockquote><p><i><span style=\"font-weight: 400;\">\u201eAm absolvit Universitatea \u00een 1973 (care se mai numea pe atunci institut). Dintr-o parte \u00eenv\u0103\u021bam, iar pe de alt\u0103 parte a\u0219teptam \u0219i un copil. Dup\u0103 care am \u00eenceput cu so\u021bul s\u0103 ne construim casa. Am trecut prin multe greut\u0103\u021bi&#8230;\u201d<\/span><\/i><\/p><\/blockquote>\n<p><span style=\"font-weight: 400;\">Dup\u0103 finalizarea studiilor, a predat ore de limba rom\u00e2n\u0103, \u00eens\u0103 nu pe mult timp.\u00a0<\/span><\/p>\n<blockquote><p><i><span style=\"font-weight: 400;\">\u201e\u00cent\u00e2i am lucrat la limba \u0219i literatura rom\u00e2n\u0103, dar totu\u0219i, cum \u0219coala era mare, erau foarte mul\u021bi speciali\u0219ti de limba rom\u00e2n\u0103. Erau so\u021biile tuturor celor care lucrau la comitetul raional de partid, la comitetul comsomolului, la toate posturile de conducere, \u0219i ele trebuiau primite la lucru. Am mai lucrat \u0219i la \u0219coala seral\u0103 cu o clas\u0103. Pe urm\u0103 p\u00e2n\u0103 n-am mai avut ore \u0219i am trecut la clasele primare. Chiar \u0219i domnul Malai, fostul director, era \u0219i el profesor de limba rom\u00e2n\u0103, \u00eempreun\u0103 cu so\u021bia lui. Astfel, m\u0103 cheam\u0103 \u00eentr-o zi la dumnealui \u0219i \u00eemi zice: \u201e\u2013 \u0218tii ce, nu mai bine treci tu clasele primare? De ce s\u0103 ai o buc\u0103\u021bic\u0103 \u0219i acolo, \u0219i dincolo?\u201d Iat\u0103 a\u0219a am lucrat mai bine de jum\u0103tate din stagiul pedagogic la clasele primare.\u201d<\/span><\/i><\/p>\n<p><i><span style=\"font-weight: 400;\">\u201e\u0218coala era foarte mare. Erau \u00een jurul a o mie de copii, pe atunci \u00een \u0219coala veche. Cl\u0103direa p\u0103r\u0103sit\u0103 de pe terenul sportiv a actualei \u0219coli servea drept cancelarie, c\u00e2teva clase \u0219i ni\u0219te ateliere. \u00cen rest, orele aveau loc \u00een cl\u0103direa actualei gr\u0103dini\u021be din deal.\u201d<\/span><\/i><\/p><\/blockquote>\n<p><span style=\"font-weight: 400;\">Activ\u00e2nd ca \u00eenv\u0103\u021b\u0103toare, a primit gradul la clasele primare. Totu\u0219i, ideea de a deveni profesoar\u0103 nu a fost un vis sau o dorin\u021b\u0103. Totul a avut loc spontan, influen\u021bat\u0103 \u0219i de pu\u021binele posibilit\u0103\u021bi pe care le aveau tinerii atunci.\u00a0<\/span><\/p>\n<p><a href=\"https:\/\/bas-tv.md\/wp-content\/uploads\/2024\/04\/434320865_2705781002932767_2714243451910335259_n.jpg\"><img decoding=\"async\" class=\"alignright wp-image-116005 lazyload\" data-src=\"https:\/\/bas-tv.md\/wp-content\/uploads\/2024\/04\/434320865_2705781002932767_2714243451910335259_n-300x195.jpg\" alt=\"\" width=\"500\" height=\"326\" data-srcset=\"https:\/\/bas-tv.md\/wp-content\/uploads\/2024\/04\/434320865_2705781002932767_2714243451910335259_n-300x195.jpg 300w, https:\/\/bas-tv.md\/wp-content\/uploads\/2024\/04\/434320865_2705781002932767_2714243451910335259_n-1024x667.jpg 1024w, https:\/\/bas-tv.md\/wp-content\/uploads\/2024\/04\/434320865_2705781002932767_2714243451910335259_n-768x500.jpg 768w, https:\/\/bas-tv.md\/wp-content\/uploads\/2024\/04\/434320865_2705781002932767_2714243451910335259_n-1200x782.jpg 1200w, https:\/\/bas-tv.md\/wp-content\/uploads\/2024\/04\/434320865_2705781002932767_2714243451910335259_n.jpg 1500w\" data-sizes=\"(max-width: 500px) 100vw, 500px\" src=\"data:image\/svg+xml;base64,PHN2ZyB3aWR0aD0iMSIgaGVpZ2h0PSIxIiB4bWxucz0iaHR0cDovL3d3dy53My5vcmcvMjAwMC9zdmciPjwvc3ZnPg==\" style=\"--smush-placeholder-width: 500px; --smush-placeholder-aspect-ratio: 500\/326;\" \/><\/a><\/p>\n<blockquote><p><i><span style=\"font-weight: 400;\">\u201eNu prea te puteai informa \u0219i nu aveai din ce alege. \u0218tiam doar de \u0219coal\u0103, familie \u0219i ni\u0219te filme care se demonstrau afar\u0103. Pur \u0219i simplu sora era mai mare, care lucra ca directoare la gimnaziul din Abaclia mult timp \u0219i ea m-a chemat \u0219i mi-a zis: \u201e\u2013 \u0218tii ce, p\u0103rin\u021bii nu pot s\u0103 te ajute cu nimic. Vino mai bine aici \u0219i te vei aranja la lucru.\u201d Astfel ea mi-a dat instruc\u021biuni cu privire la ce trebuie s\u0103 \u0219tiu \u0219i ce ar trebui s\u0103 fac.\u201d<\/span><\/i><\/p><\/blockquote>\n<p><span style=\"font-weight: 400;\">De atunci \u0219i p\u00e2n\u0103 \u00een prezent, practic to\u021bii anii doamna Ecaterina i-a petrecut \u00een \u0219coal\u0103, pun\u00e2nd bazele educa\u021biei mai multor genera\u021bii de copii. Nu a fost u\u0219or, c\u0103ci schimb\u0103rile \u00een sistem, modernizarea curriculei \u0219i digitalizarea influen\u021bau fiecare pedagog. <\/span><\/p>\n<blockquote><p><i>\u201e<\/i><i><span style=\"font-weight: 400;\">Am \u00eenv\u0103\u021bat totul de la zero. Eu am terminat limba \u0219i literatura rom\u00e2n\u0103, aceea care era veche, cu scriitori ca Bucov, care acum nici nu se mai studiaz\u0103. Totul am luat-o de la \u00eenceput, c\u0103ci pentru clasele primare trebuie \u0219i educa\u021bie fizic\u0103, \u0219i art\u0103 plastic\u0103, \u0219i matematic\u0103, \u0219tiin\u021b\u0103, totul absolut am <\/span><\/i><i><span style=\"font-weight: 400;\">\u00eenv\u0103\u021bat de sine st\u0103t\u0103tor. Calculatorul l-am \u00eenv\u0103\u021bat la 70 de ani, fiindc\u0103 \u00een\u021belegeam c\u0103 este o necesitate. Acum sunt al\u021bi copii, iar preg\u0103tirea pe care trebuie s\u0103 o aib\u0103 specialistul trebuie s\u0103 corespund\u0103 cu necesit\u0103\u021bile copiilor din ziua de azi. Cred c\u0103 e mai complicat s\u0103 lucrezi acum ca pedagog dec\u00e2t pe timpul \u00een care lucram eu.\u201d<\/span><\/i><\/p><\/blockquote>\n<p><span style=\"font-weight: 400;\"><a href=\"https:\/\/bas-tv.md\/wp-content\/uploads\/2024\/04\/434237105_798689172129505_4628383612444092251_n.jpg\"><img decoding=\"async\" class=\"alignleft wp-image-116010 lazyload\" data-src=\"https:\/\/bas-tv.md\/wp-content\/uploads\/2024\/04\/434237105_798689172129505_4628383612444092251_n-300x268.jpg\" alt=\"\" width=\"350\" height=\"313\" data-srcset=\"https:\/\/bas-tv.md\/wp-content\/uploads\/2024\/04\/434237105_798689172129505_4628383612444092251_n-300x268.jpg 300w, https:\/\/bas-tv.md\/wp-content\/uploads\/2024\/04\/434237105_798689172129505_4628383612444092251_n-1024x915.jpg 1024w, https:\/\/bas-tv.md\/wp-content\/uploads\/2024\/04\/434237105_798689172129505_4628383612444092251_n-768x686.jpg 768w, https:\/\/bas-tv.md\/wp-content\/uploads\/2024\/04\/434237105_798689172129505_4628383612444092251_n-1200x1072.jpg 1200w, https:\/\/bas-tv.md\/wp-content\/uploads\/2024\/04\/434237105_798689172129505_4628383612444092251_n.jpg 1451w\" data-sizes=\"(max-width: 350px) 100vw, 350px\" src=\"data:image\/svg+xml;base64,PHN2ZyB3aWR0aD0iMSIgaGVpZ2h0PSIxIiB4bWxucz0iaHR0cDovL3d3dy53My5vcmcvMjAwMC9zdmciPjwvc3ZnPg==\" style=\"--smush-placeholder-width: 350px; --smush-placeholder-aspect-ratio: 350\/313;\" \/><\/a>Potrivit dumneaei, o mare importan\u021b\u0103 \u00een dezvoltarea copilului o are educa\u021bia de acas\u0103.<\/span><\/p>\n<blockquote><p><i><span style=\"font-weight: 400;\">\u201e\u00cen familie, copilul altfel se educ\u0103. Da, el nu trebuie s\u0103 fie stresat, el nu trebuie s\u0103 \u0219tie de fric\u0103, dar trebuie s\u0103 \u0219tie s\u0103 se re\u021bin\u0103 fa\u021b\u0103 de p\u0103rin\u021bi, fa\u021b\u0103 de b\u0103tr\u00e2ni, fa\u021b\u0103 de bunici. Trebuie s\u0103 aib\u0103 r\u0103bdare. Ascult\u0103 ce vorbe\u0219te \u00eent\u00e2i, expune\u021bi p\u0103rerea, ap\u0103r-o, dar a\u0219teapt\u0103, ascult\u0103&#8230;\u201d<\/span><\/i><\/p><\/blockquote>\n<p><span style=\"font-weight: 400;\">Doamna Ecaterina nu doar a \u021binut piept moderniz\u0103rii \u00een sistemul educa\u021bional, dar a fost \u0219i martor\u0103 la toate schimb\u0103rile prin care a trecut \u00eentreaga regiune, nu doar cele din satul Abaclia.<\/span><\/p>\n<blockquote><p><i><span style=\"font-weight: 400;\">\u201eOchii mei s-au perindat cu construc\u021bia \u0219colii noi, la primul drum asfaltat ap\u0103rut \u00een Abaclia, st\u00e2lpii de curent electric. La Cimi\u0219lia plecam la raion, cu ma\u0219ini, cu camioane prin vii. Drumurile nu erau. Sau ne duceam pe calea ferat\u0103 la Basarabeasca, iar de aici \u00eenconjuram 50 km prin Mihailovca ca s\u0103 ajungem la Cimi\u0219lia, cum era pe atunci centru raional. Pe atunci nu erau autobuze \u0219i nu exista leg\u0103tur\u0103 direct\u0103 cu Basarabeasca, trebuia pe jos s\u0103 te duci \u0219i te \u00eentorci.\u201d<\/span><\/i><\/p>\n<p><i><span style=\"font-weight: 400;\">\u201eC\u00e2nd am venit \u00een sat, prin anii \u201867-\u201970, toate domni\u0219oarele purtau rochii la fel \u0219i erau \u00eembrobodite. S\u0103rb\u0103tori pe atunci la Casa de cultur\u0103 nu se organizau. Era un post total. Dup\u0103 c\u00e2\u021biva ani, au \u00eenceput s\u0103 apar\u0103 treptat drumurile, leg\u0103tura cu Chi\u0219in\u0103ul prin autobuze, parc\u0103 a fost o revolu\u021bie&#8230;\u201d<\/span><\/i><\/p><\/blockquote>\n<p><span style=\"font-weight: 400;\">\u0218i-a \u00eencetat activitatea \u00een mai 2022, dup\u0103 56 de ani de munc\u0103. Acum, doamna Ecaterina tr\u0103ie\u0219te la Chi\u0219in\u0103u \u00eempreun\u0103 cu so\u021bul.<\/span><\/p>\n<blockquote><p><i><span style=\"font-weight: 400;\">\u201eAm activat \u00een \u0219coal\u0103 p\u00e2n\u0103 \u00een ultimul moment, dup\u0103 care ne-am mutat cu totul \u00een Chi\u0219in\u0103u. Acum nu mai activez, dar tot cu st\u0103m degeaba. Ie\u0219im cu so\u021bul la plimb\u0103ri, facem antrenamente \u0219i vizit\u0103m locuri pitore\u0219ti din \u021bara noastr\u0103. Ne mi\u0219c\u0103m un pic, apoi ne odihnim, cam a\u0219a la anii no\u0219tri.\u201d<\/span><\/i><\/p><\/blockquote>\n<p><span style=\"font-weight: 400;\">Totu\u0219i, dup\u0103 to\u021bi ace\u0219ti ani petrecu\u021bi \u00eentre copii, \u00een sufletul doamnei Ecaterina a r\u0103mas o p\u0103rere de r\u0103u, c\u0103ci pentru dumneaei timpul a trecut mult prea repede. <a href=\"https:\/\/bas-tv.md\/wp-content\/uploads\/2024\/04\/435001530_611199421223334_8445749463768934114_n.jpg\"><img decoding=\"async\" class=\"alignright wp-image-116008 lazyload\" data-src=\"https:\/\/bas-tv.md\/wp-content\/uploads\/2024\/04\/435001530_611199421223334_8445749463768934114_n-300x169.jpg\" alt=\"\" width=\"500\" height=\"281\" data-srcset=\"https:\/\/bas-tv.md\/wp-content\/uploads\/2024\/04\/435001530_611199421223334_8445749463768934114_n-300x169.jpg 300w, https:\/\/bas-tv.md\/wp-content\/uploads\/2024\/04\/435001530_611199421223334_8445749463768934114_n-1024x576.jpg 1024w, https:\/\/bas-tv.md\/wp-content\/uploads\/2024\/04\/435001530_611199421223334_8445749463768934114_n-768x432.jpg 768w, https:\/\/bas-tv.md\/wp-content\/uploads\/2024\/04\/435001530_611199421223334_8445749463768934114_n-1536x864.jpg 1536w, https:\/\/bas-tv.md\/wp-content\/uploads\/2024\/04\/435001530_611199421223334_8445749463768934114_n-1200x675.jpg 1200w, https:\/\/bas-tv.md\/wp-content\/uploads\/2024\/04\/435001530_611199421223334_8445749463768934114_n.jpg 1749w\" data-sizes=\"(max-width: 500px) 100vw, 500px\" src=\"data:image\/svg+xml;base64,PHN2ZyB3aWR0aD0iMSIgaGVpZ2h0PSIxIiB4bWxucz0iaHR0cDovL3d3dy53My5vcmcvMjAwMC9zdmciPjwvc3ZnPg==\" style=\"--smush-placeholder-width: 500px; --smush-placeholder-aspect-ratio: 500\/281;\" \/><\/a><\/span><\/p>\n<blockquote><p><em><span style=\"font-weight: 400;\">\u201e<\/span><span style=\"font-weight: 400;\">\u00cemi pare foarte r\u0103u c\u0103 timpul a trecut deja, at\u00e2t de rapid. Dac\u0103 n-a\u0219 fi avut aici cu ce s\u0103 m\u0103 ocup, alte activit\u0103\u021bi, era s\u0103 \u00eemi fie foarte greu. N-a\u0219 fi putut s\u0103 stau f\u0103r\u0103 lucru, de aceea c\u00e2nd m-am eliberat am venit la Chi\u0219in\u0103u. Totu\u0219i, duc uneori dorul locurilor din sat, colegilor de munc\u0103 din \u0219coal\u0103 \u0219i tuturor celor care m\u0103 cunosc.\u201d\u00a0 <\/span><\/em><\/p><\/blockquote>\n<p>Autor: Lilia Zabolotn\u00eei<\/p>\n<p><strong>Sus\u021bine\u021bi redac\u021bia BAStv, abona\u021bi-v\u0103 la noi pe platforma\u00a0<a href=\"https:\/\/www.patreon.com\/BAStv?fan_landing=true&amp;fbclid=IwAR3MeSDKfH4ixBydCXX9D1lhrCszhps3ID5uxuGA-Ktd4MTkZCRdlcEZkQI\">Patreon\u00a0<\/a>sau prin efectuarea contribu\u021biilor prin\u00a0<a href=\"https:\/\/www.paypal.com\/paypalme\/supportbastv\">PayPal<\/a>! Aceasta ne va ajuta s\u0103 cre\u0103m con\u021binut interesant \u0219i util pentru dvs., r\u0103m\u00e2n\u00e2nd \u00een continuare o platform\u0103 media independent\u0103.<\/strong><\/p>\n<p><b>Abona\u021bi-v\u0103 la noi pe re\u021bele sociale:\u00a0<\/b><a href=\"https:\/\/t.me\/bastvmd\"><b><i>Telegram<\/i><\/b><\/a><b>,\u00a0<\/b><a href=\"https:\/\/www.youtube.com\/channel\/UC-9005PnLnhpNM8PVSjP2dQ\/featured\"><b><i>YouTube<\/i><\/b><\/a><b>,\u00a0<\/b><a href=\"https:\/\/www.facebook.com\/bastv.md\"><b><i>Facebook<\/i><\/b><\/a>\u00a0<strong>\u0219i\u00a0<\/strong><a href=\"https:\/\/www.instagram.com\/bastv.md\/\"><b><i>Instagram<\/i><\/b><\/a><b>. Aici public\u0103m \u0219tiri pe scurt!<\/b><\/p>\n","protected":false},"excerpt":{"rendered":"<p>O persoan\u0103 sincer\u0103, responsabil\u0103, strict\u0103, dar \u00een acela\u0219i timp dedicat\u0103 profesiei sale. A\u0219a o poate caracteriza practic fiecare locuitor al satului Abaclia care o cunoa\u0219te pe Ecaterina Peev. Dumneaei a fost cea care le-a fost mam\u0103 mai multor genera\u021bii de copii, activ\u00e2nd \u00een sfera educa\u021biei practic toat\u0103 via\u021ba. Care este istoria din spatele ei, afla\u021bi [&hellip;]<\/p>\n","protected":false},"author":3,"featured_media":116010,"comment_status":"closed","ping_status":"closed","sticky":false,"template":"","format":"standard","meta":{"footnotes":""},"categories":[603,584],"tags":[744,738,677],"class_list":["post-115993","post","type-post","status-publish","format-standard","has-post-thumbnail","hentry","category-diverse","category-istorii-ro","tag-abaclia","tag-istorie","tag-sat"],"yoast_head":"<!-- This site is optimized with the Yoast SEO plugin v27.5 - https:\/\/yoast.com\/product\/yoast-seo-wordpress\/ -->\n<title>\u201eToat\u0103 via\u021ba am muncit, am \u00eenv\u0103\u021bat \u0219i am educat\u201d. Istoria profesoarei Ecaterina Peev din s. Abaclia - BasTV<\/title>\n<meta name=\"description\" content=\"O persoan\u0103 sincer\u0103, responsabil\u0103, strict\u0103, dar \u00een acela\u0219i timp dedicat\u0103 profesiei sale. A\u0219a o poate caracteriza practic fiecare locuitor al satului Abaclia care o cunoa\u0219te pe Ecaterina Peev. Dumneaei a fost cea care le-a fost mam\u0103 mai multor genera\u021bii de copii, activ\u00e2nd \u00een sfera educa\u021biei practic toat\u0103 via\u021ba ei. Care este istoria din spatele ei, afla\u021bi \u00een acest material.\" \/>\n<meta name=\"robots\" content=\"index, follow, max-snippet:-1, max-image-preview:large, max-video-preview:-1\" \/>\n<link rel=\"canonical\" href=\"https:\/\/bas-tv.md\/ro\/toata-viata-am-muncit-am-invatat-si-am-educat-istoria-profesoarei-ecaterina-peev-din-s-abaclia\/\" \/>\n<meta property=\"og:locale\" content=\"ro_RO\" \/>\n<meta property=\"og:type\" content=\"article\" \/>\n<meta property=\"og:title\" content=\"\u201eToat\u0103 via\u021ba am muncit, am \u00eenv\u0103\u021bat \u0219i am educat\u201d. Istoria profesoarei Ecaterina Peev din s. Abaclia - BasTV\" \/>\n<meta property=\"og:description\" content=\"O persoan\u0103 sincer\u0103, responsabil\u0103, strict\u0103, dar \u00een acela\u0219i timp dedicat\u0103 profesiei sale. A\u0219a o poate caracteriza practic fiecare locuitor al satului Abaclia care o cunoa\u0219te pe Ecaterina Peev. Dumneaei a fost cea care le-a fost mam\u0103 mai multor genera\u021bii de copii, activ\u00e2nd \u00een sfera educa\u021biei practic toat\u0103 via\u021ba ei. Care este istoria din spatele ei, afla\u021bi \u00een acest material.\" \/>\n<meta property=\"og:url\" content=\"https:\/\/bas-tv.md\/ro\/toata-viata-am-muncit-am-invatat-si-am-educat-istoria-profesoarei-ecaterina-peev-din-s-abaclia\/\" \/>\n<meta property=\"og:site_name\" content=\"BasTV\" \/>\n<meta property=\"article:published_time\" content=\"2024-04-07T08:00:08+00:00\" \/>\n<meta property=\"og:image\" content=\"https:\/\/bas-tv.md\/wp-content\/uploads\/2024\/04\/434237105_798689172129505_4628383612444092251_n.jpg\" \/>\n\t<meta property=\"og:image:width\" content=\"1451\" \/>\n\t<meta property=\"og:image:height\" content=\"1296\" \/>\n\t<meta property=\"og:image:type\" content=\"image\/jpeg\" \/>\n<meta name=\"author\" content=\"Redactor\" \/>\n<meta name=\"twitter:card\" content=\"summary_large_image\" \/>\n<meta name=\"twitter:label1\" content=\"Scris de\" \/>\n\t<meta name=\"twitter:data1\" content=\"Redactor\" \/>\n\t<meta name=\"twitter:label2\" content=\"Timp estimat pentru citire\" \/>\n\t<meta name=\"twitter:data2\" content=\"4 minute\" \/>\n<script type=\"application\/ld+json\" class=\"yoast-schema-graph\">{\"@context\":\"https:\\\/\\\/schema.org\",\"@graph\":[{\"@type\":\"Article\",\"@id\":\"https:\\\/\\\/bas-tv.md\\\/ro\\\/toata-viata-am-muncit-am-invatat-si-am-educat-istoria-profesoarei-ecaterina-peev-din-s-abaclia\\\/#article\",\"isPartOf\":{\"@id\":\"https:\\\/\\\/bas-tv.md\\\/ro\\\/toata-viata-am-muncit-am-invatat-si-am-educat-istoria-profesoarei-ecaterina-peev-din-s-abaclia\\\/\"},\"author\":{\"name\":\"Redactor\",\"@id\":\"https:\\\/\\\/bas-tv.md\\\/ro\\\/#\\\/schema\\\/person\\\/8740f45ea2eca1f1695284fc03529af0\"},\"headline\":\"\u201eToat\u0103 via\u021ba am muncit, am \u00eenv\u0103\u021bat \u0219i am educat\u201d. Istoria profesoarei Ecaterina Peev din s. Abaclia\",\"datePublished\":\"2024-04-07T08:00:08+00:00\",\"mainEntityOfPage\":{\"@id\":\"https:\\\/\\\/bas-tv.md\\\/ro\\\/toata-viata-am-muncit-am-invatat-si-am-educat-istoria-profesoarei-ecaterina-peev-din-s-abaclia\\\/\"},\"wordCount\":1499,\"publisher\":{\"@id\":\"https:\\\/\\\/bas-tv.md\\\/ro\\\/#organization\"},\"image\":{\"@id\":\"https:\\\/\\\/bas-tv.md\\\/ro\\\/toata-viata-am-muncit-am-invatat-si-am-educat-istoria-profesoarei-ecaterina-peev-din-s-abaclia\\\/#primaryimage\"},\"thumbnailUrl\":\"https:\\\/\\\/bas-tv.md\\\/wp-content\\\/uploads\\\/2024\\\/04\\\/434237105_798689172129505_4628383612444092251_n.jpg\",\"keywords\":[\"abaclia\",\"istorie\",\"sat\"],\"articleSection\":[\"Diverse\",\"Istorii\"],\"inLanguage\":\"ro-RO\"},{\"@type\":\"WebPage\",\"@id\":\"https:\\\/\\\/bas-tv.md\\\/ro\\\/toata-viata-am-muncit-am-invatat-si-am-educat-istoria-profesoarei-ecaterina-peev-din-s-abaclia\\\/\",\"url\":\"https:\\\/\\\/bas-tv.md\\\/ro\\\/toata-viata-am-muncit-am-invatat-si-am-educat-istoria-profesoarei-ecaterina-peev-din-s-abaclia\\\/\",\"name\":\"\u201eToat\u0103 via\u021ba am muncit, am \u00eenv\u0103\u021bat \u0219i am educat\u201d. Istoria profesoarei Ecaterina Peev din s. Abaclia - BasTV\",\"isPartOf\":{\"@id\":\"https:\\\/\\\/bas-tv.md\\\/ro\\\/#website\"},\"primaryImageOfPage\":{\"@id\":\"https:\\\/\\\/bas-tv.md\\\/ro\\\/toata-viata-am-muncit-am-invatat-si-am-educat-istoria-profesoarei-ecaterina-peev-din-s-abaclia\\\/#primaryimage\"},\"image\":{\"@id\":\"https:\\\/\\\/bas-tv.md\\\/ro\\\/toata-viata-am-muncit-am-invatat-si-am-educat-istoria-profesoarei-ecaterina-peev-din-s-abaclia\\\/#primaryimage\"},\"thumbnailUrl\":\"https:\\\/\\\/bas-tv.md\\\/wp-content\\\/uploads\\\/2024\\\/04\\\/434237105_798689172129505_4628383612444092251_n.jpg\",\"datePublished\":\"2024-04-07T08:00:08+00:00\",\"description\":\"O persoan\u0103 sincer\u0103, responsabil\u0103, strict\u0103, dar \u00een acela\u0219i timp dedicat\u0103 profesiei sale. A\u0219a o poate caracteriza practic fiecare locuitor al satului Abaclia care o cunoa\u0219te pe Ecaterina Peev. Dumneaei a fost cea care le-a fost mam\u0103 mai multor genera\u021bii de copii, activ\u00e2nd \u00een sfera educa\u021biei practic toat\u0103 via\u021ba ei. Care este istoria din spatele ei, afla\u021bi \u00een acest material.\",\"inLanguage\":\"ro-RO\",\"potentialAction\":[{\"@type\":\"ReadAction\",\"target\":[\"https:\\\/\\\/bas-tv.md\\\/ro\\\/toata-viata-am-muncit-am-invatat-si-am-educat-istoria-profesoarei-ecaterina-peev-din-s-abaclia\\\/\"]}]},{\"@type\":\"ImageObject\",\"inLanguage\":\"ro-RO\",\"@id\":\"https:\\\/\\\/bas-tv.md\\\/ro\\\/toata-viata-am-muncit-am-invatat-si-am-educat-istoria-profesoarei-ecaterina-peev-din-s-abaclia\\\/#primaryimage\",\"url\":\"https:\\\/\\\/bas-tv.md\\\/wp-content\\\/uploads\\\/2024\\\/04\\\/434237105_798689172129505_4628383612444092251_n.jpg\",\"contentUrl\":\"https:\\\/\\\/bas-tv.md\\\/wp-content\\\/uploads\\\/2024\\\/04\\\/434237105_798689172129505_4628383612444092251_n.jpg\",\"width\":1451,\"height\":1296},{\"@type\":\"WebSite\",\"@id\":\"https:\\\/\\\/bas-tv.md\\\/ro\\\/#website\",\"url\":\"https:\\\/\\\/bas-tv.md\\\/ro\\\/\",\"name\":\"BasTV\",\"description\":\"Moldova\",\"publisher\":{\"@id\":\"https:\\\/\\\/bas-tv.md\\\/ro\\\/#organization\"},\"potentialAction\":[{\"@type\":\"SearchAction\",\"target\":{\"@type\":\"EntryPoint\",\"urlTemplate\":\"https:\\\/\\\/bas-tv.md\\\/ro\\\/?s={search_term_string}\"},\"query-input\":{\"@type\":\"PropertyValueSpecification\",\"valueRequired\":true,\"valueName\":\"search_term_string\"}}],\"inLanguage\":\"ro-RO\"},{\"@type\":\"Organization\",\"@id\":\"https:\\\/\\\/bas-tv.md\\\/ro\\\/#organization\",\"name\":\"BasTV\",\"url\":\"https:\\\/\\\/bas-tv.md\\\/ro\\\/\",\"logo\":{\"@type\":\"ImageObject\",\"inLanguage\":\"ro-RO\",\"@id\":\"https:\\\/\\\/bas-tv.md\\\/ro\\\/#\\\/schema\\\/logo\\\/image\\\/\",\"url\":\"https:\\\/\\\/bas-tv.md\\\/wp-content\\\/uploads\\\/2023\\\/05\\\/bas-tv-culoarea-rosie.png\",\"contentUrl\":\"https:\\\/\\\/bas-tv.md\\\/wp-content\\\/uploads\\\/2023\\\/05\\\/bas-tv-culoarea-rosie.png\",\"width\":202,\"height\":50,\"caption\":\"BasTV\"},\"image\":{\"@id\":\"https:\\\/\\\/bas-tv.md\\\/ro\\\/#\\\/schema\\\/logo\\\/image\\\/\"}},{\"@type\":\"Person\",\"@id\":\"https:\\\/\\\/bas-tv.md\\\/ro\\\/#\\\/schema\\\/person\\\/8740f45ea2eca1f1695284fc03529af0\",\"name\":\"Redactor\",\"image\":{\"@type\":\"ImageObject\",\"inLanguage\":\"ro-RO\",\"@id\":\"https:\\\/\\\/secure.gravatar.com\\\/avatar\\\/45b6af9fc91c10b15a8b40e67c1f57bab2e9614fc9f0af95cf453d61934e9aad?s=96&d=mm&r=g\",\"url\":\"https:\\\/\\\/secure.gravatar.com\\\/avatar\\\/45b6af9fc91c10b15a8b40e67c1f57bab2e9614fc9f0af95cf453d61934e9aad?s=96&d=mm&r=g\",\"contentUrl\":\"https:\\\/\\\/secure.gravatar.com\\\/avatar\\\/45b6af9fc91c10b15a8b40e67c1f57bab2e9614fc9f0af95cf453d61934e9aad?s=96&d=mm&r=g\",\"caption\":\"Redactor\"},\"url\":\"https:\\\/\\\/bas-tv.md\\\/ro\\\/author\\\/redactor\\\/\"}]}<\/script>\n<!-- \/ Yoast SEO plugin. -->","yoast_head_json":{"title":"\u201eToat\u0103 via\u021ba am muncit, am \u00eenv\u0103\u021bat \u0219i am educat\u201d. Istoria profesoarei Ecaterina Peev din s. Abaclia - BasTV","description":"O persoan\u0103 sincer\u0103, responsabil\u0103, strict\u0103, dar \u00een acela\u0219i timp dedicat\u0103 profesiei sale. A\u0219a o poate caracteriza practic fiecare locuitor al satului Abaclia care o cunoa\u0219te pe Ecaterina Peev. Dumneaei a fost cea care le-a fost mam\u0103 mai multor genera\u021bii de copii, activ\u00e2nd \u00een sfera educa\u021biei practic toat\u0103 via\u021ba ei. Care este istoria din spatele ei, afla\u021bi \u00een acest material.","robots":{"index":"index","follow":"follow","max-snippet":"max-snippet:-1","max-image-preview":"max-image-preview:large","max-video-preview":"max-video-preview:-1"},"canonical":"https:\/\/bas-tv.md\/ro\/toata-viata-am-muncit-am-invatat-si-am-educat-istoria-profesoarei-ecaterina-peev-din-s-abaclia\/","og_locale":"ro_RO","og_type":"article","og_title":"\u201eToat\u0103 via\u021ba am muncit, am \u00eenv\u0103\u021bat \u0219i am educat\u201d. Istoria profesoarei Ecaterina Peev din s. Abaclia - BasTV","og_description":"O persoan\u0103 sincer\u0103, responsabil\u0103, strict\u0103, dar \u00een acela\u0219i timp dedicat\u0103 profesiei sale. A\u0219a o poate caracteriza practic fiecare locuitor al satului Abaclia care o cunoa\u0219te pe Ecaterina Peev. Dumneaei a fost cea care le-a fost mam\u0103 mai multor genera\u021bii de copii, activ\u00e2nd \u00een sfera educa\u021biei practic toat\u0103 via\u021ba ei. Care este istoria din spatele ei, afla\u021bi \u00een acest material.","og_url":"https:\/\/bas-tv.md\/ro\/toata-viata-am-muncit-am-invatat-si-am-educat-istoria-profesoarei-ecaterina-peev-din-s-abaclia\/","og_site_name":"BasTV","article_published_time":"2024-04-07T08:00:08+00:00","og_image":[{"width":1451,"height":1296,"url":"https:\/\/bas-tv.md\/wp-content\/uploads\/2024\/04\/434237105_798689172129505_4628383612444092251_n.jpg","type":"image\/jpeg"}],"author":"Redactor","twitter_card":"summary_large_image","twitter_misc":{"Scris de":"Redactor","Timp estimat pentru citire":"4 minute"},"schema":{"@context":"https:\/\/schema.org","@graph":[{"@type":"Article","@id":"https:\/\/bas-tv.md\/ro\/toata-viata-am-muncit-am-invatat-si-am-educat-istoria-profesoarei-ecaterina-peev-din-s-abaclia\/#article","isPartOf":{"@id":"https:\/\/bas-tv.md\/ro\/toata-viata-am-muncit-am-invatat-si-am-educat-istoria-profesoarei-ecaterina-peev-din-s-abaclia\/"},"author":{"name":"Redactor","@id":"https:\/\/bas-tv.md\/ro\/#\/schema\/person\/8740f45ea2eca1f1695284fc03529af0"},"headline":"\u201eToat\u0103 via\u021ba am muncit, am \u00eenv\u0103\u021bat \u0219i am educat\u201d. Istoria profesoarei Ecaterina Peev din s. Abaclia","datePublished":"2024-04-07T08:00:08+00:00","mainEntityOfPage":{"@id":"https:\/\/bas-tv.md\/ro\/toata-viata-am-muncit-am-invatat-si-am-educat-istoria-profesoarei-ecaterina-peev-din-s-abaclia\/"},"wordCount":1499,"publisher":{"@id":"https:\/\/bas-tv.md\/ro\/#organization"},"image":{"@id":"https:\/\/bas-tv.md\/ro\/toata-viata-am-muncit-am-invatat-si-am-educat-istoria-profesoarei-ecaterina-peev-din-s-abaclia\/#primaryimage"},"thumbnailUrl":"https:\/\/bas-tv.md\/wp-content\/uploads\/2024\/04\/434237105_798689172129505_4628383612444092251_n.jpg","keywords":["abaclia","istorie","sat"],"articleSection":["Diverse","Istorii"],"inLanguage":"ro-RO"},{"@type":"WebPage","@id":"https:\/\/bas-tv.md\/ro\/toata-viata-am-muncit-am-invatat-si-am-educat-istoria-profesoarei-ecaterina-peev-din-s-abaclia\/","url":"https:\/\/bas-tv.md\/ro\/toata-viata-am-muncit-am-invatat-si-am-educat-istoria-profesoarei-ecaterina-peev-din-s-abaclia\/","name":"\u201eToat\u0103 via\u021ba am muncit, am \u00eenv\u0103\u021bat \u0219i am educat\u201d. Istoria profesoarei Ecaterina Peev din s. Abaclia - BasTV","isPartOf":{"@id":"https:\/\/bas-tv.md\/ro\/#website"},"primaryImageOfPage":{"@id":"https:\/\/bas-tv.md\/ro\/toata-viata-am-muncit-am-invatat-si-am-educat-istoria-profesoarei-ecaterina-peev-din-s-abaclia\/#primaryimage"},"image":{"@id":"https:\/\/bas-tv.md\/ro\/toata-viata-am-muncit-am-invatat-si-am-educat-istoria-profesoarei-ecaterina-peev-din-s-abaclia\/#primaryimage"},"thumbnailUrl":"https:\/\/bas-tv.md\/wp-content\/uploads\/2024\/04\/434237105_798689172129505_4628383612444092251_n.jpg","datePublished":"2024-04-07T08:00:08+00:00","description":"O persoan\u0103 sincer\u0103, responsabil\u0103, strict\u0103, dar \u00een acela\u0219i timp dedicat\u0103 profesiei sale. A\u0219a o poate caracteriza practic fiecare locuitor al satului Abaclia care o cunoa\u0219te pe Ecaterina Peev. Dumneaei a fost cea care le-a fost mam\u0103 mai multor genera\u021bii de copii, activ\u00e2nd \u00een sfera educa\u021biei practic toat\u0103 via\u021ba ei. Care este istoria din spatele ei, afla\u021bi \u00een acest material.","inLanguage":"ro-RO","potentialAction":[{"@type":"ReadAction","target":["https:\/\/bas-tv.md\/ro\/toata-viata-am-muncit-am-invatat-si-am-educat-istoria-profesoarei-ecaterina-peev-din-s-abaclia\/"]}]},{"@type":"ImageObject","inLanguage":"ro-RO","@id":"https:\/\/bas-tv.md\/ro\/toata-viata-am-muncit-am-invatat-si-am-educat-istoria-profesoarei-ecaterina-peev-din-s-abaclia\/#primaryimage","url":"https:\/\/bas-tv.md\/wp-content\/uploads\/2024\/04\/434237105_798689172129505_4628383612444092251_n.jpg","contentUrl":"https:\/\/bas-tv.md\/wp-content\/uploads\/2024\/04\/434237105_798689172129505_4628383612444092251_n.jpg","width":1451,"height":1296},{"@type":"WebSite","@id":"https:\/\/bas-tv.md\/ro\/#website","url":"https:\/\/bas-tv.md\/ro\/","name":"BasTV","description":"Moldova","publisher":{"@id":"https:\/\/bas-tv.md\/ro\/#organization"},"potentialAction":[{"@type":"SearchAction","target":{"@type":"EntryPoint","urlTemplate":"https:\/\/bas-tv.md\/ro\/?s={search_term_string}"},"query-input":{"@type":"PropertyValueSpecification","valueRequired":true,"valueName":"search_term_string"}}],"inLanguage":"ro-RO"},{"@type":"Organization","@id":"https:\/\/bas-tv.md\/ro\/#organization","name":"BasTV","url":"https:\/\/bas-tv.md\/ro\/","logo":{"@type":"ImageObject","inLanguage":"ro-RO","@id":"https:\/\/bas-tv.md\/ro\/#\/schema\/logo\/image\/","url":"https:\/\/bas-tv.md\/wp-content\/uploads\/2023\/05\/bas-tv-culoarea-rosie.png","contentUrl":"https:\/\/bas-tv.md\/wp-content\/uploads\/2023\/05\/bas-tv-culoarea-rosie.png","width":202,"height":50,"caption":"BasTV"},"image":{"@id":"https:\/\/bas-tv.md\/ro\/#\/schema\/logo\/image\/"}},{"@type":"Person","@id":"https:\/\/bas-tv.md\/ro\/#\/schema\/person\/8740f45ea2eca1f1695284fc03529af0","name":"Redactor","image":{"@type":"ImageObject","inLanguage":"ro-RO","@id":"https:\/\/secure.gravatar.com\/avatar\/45b6af9fc91c10b15a8b40e67c1f57bab2e9614fc9f0af95cf453d61934e9aad?s=96&d=mm&r=g","url":"https:\/\/secure.gravatar.com\/avatar\/45b6af9fc91c10b15a8b40e67c1f57bab2e9614fc9f0af95cf453d61934e9aad?s=96&d=mm&r=g","contentUrl":"https:\/\/secure.gravatar.com\/avatar\/45b6af9fc91c10b15a8b40e67c1f57bab2e9614fc9f0af95cf453d61934e9aad?s=96&d=mm&r=g","caption":"Redactor"},"url":"https:\/\/bas-tv.md\/ro\/author\/redactor\/"}]}},"views":664,"_links":{"self":[{"href":"https:\/\/bas-tv.md\/ro\/wp-json\/wp\/v2\/posts\/115993","targetHints":{"allow":["GET"]}}],"collection":[{"href":"https:\/\/bas-tv.md\/ro\/wp-json\/wp\/v2\/posts"}],"about":[{"href":"https:\/\/bas-tv.md\/ro\/wp-json\/wp\/v2\/types\/post"}],"author":[{"embeddable":true,"href":"https:\/\/bas-tv.md\/ro\/wp-json\/wp\/v2\/users\/3"}],"replies":[{"embeddable":true,"href":"https:\/\/bas-tv.md\/ro\/wp-json\/wp\/v2\/comments?post=115993"}],"version-history":[{"count":14,"href":"https:\/\/bas-tv.md\/ro\/wp-json\/wp\/v2\/posts\/115993\/revisions"}],"predecessor-version":[{"id":116018,"href":"https:\/\/bas-tv.md\/ro\/wp-json\/wp\/v2\/posts\/115993\/revisions\/116018"}],"wp:featuredmedia":[{"embeddable":true,"href":"https:\/\/bas-tv.md\/ro\/wp-json\/wp\/v2\/media\/116010"}],"wp:attachment":[{"href":"https:\/\/bas-tv.md\/ro\/wp-json\/wp\/v2\/media?parent=115993"}],"wp:term":[{"taxonomy":"category","embeddable":true,"href":"https:\/\/bas-tv.md\/ro\/wp-json\/wp\/v2\/categories?post=115993"},{"taxonomy":"post_tag","embeddable":true,"href":"https:\/\/bas-tv.md\/ro\/wp-json\/wp\/v2\/tags?post=115993"}],"curies":[{"name":"wp","href":"https:\/\/api.w.org\/{rel}","templated":true}]}}