{"id":116023,"date":"2024-04-07T20:00:42","date_gmt":"2024-04-07T17:00:42","guid":{"rendered":"https:\/\/bas-tv.md\/?p=116023"},"modified":"2024-04-07T20:04:52","modified_gmt":"2024-04-07T17:04:52","slug":"retrospectiva-saptamanii-de-la-bastv-ieftinirea-gazului-acorduri-de-cooperare-declaratii-premii-si-multe-altele","status":"publish","type":"post","link":"https:\/\/bas-tv.md\/ro\/retrospectiva-saptamanii-de-la-bastv-ieftinirea-gazului-acorduri-de-cooperare-declaratii-premii-si-multe-altele\/","title":{"rendered":"\u201eRetrospectiva s\u0103pt\u0103m\u00e2nii\u201d de la BAStv: ieftinirea gazului, acorduri de cooperare, declara\u021bii, premii \u0219i multe altele\u00a0"},"content":{"rendered":"<p><b>\u201eRetrospectiva s\u0103pt\u0103m\u00e2nii\u201d \u2013 o sec\u021biune \u00een care post\u0103m cele mai importante \u0219tiri publicate pe site-ul nostru \u00een ultimele 7 zile. Acest lucru te va ajuta s\u0103 fii mereu la curent \u0219i s\u0103 nu ratezi nimic important pentru tine.<\/b><\/p>\n<p><b>Gazul ar putea fi mai ieftin? Energocom scade cu 100 de euro pre\u021bul de v\u00e2nzare a gazelor c\u0103tre Moldovagaz<br \/>\n<\/b><span style=\"font-weight: 400;\">\u00cen luna aprilie, SA Moldovagaz a convenit s\u0103 achizi\u021bioneze gaz de la Energocom la un cost de 450 euro pentru fiecare 1000 de metri cubi, conform unei decizii luate \u00een cadrul unei \u0219edin\u021be a Consiliului SA Energocom. Informa\u021bii <\/span><a href=\"https:\/\/bas-tv.md\/ro\/gazul-ar-putea-fi-mai-ieftin-energocom-scade-cu-100-de-euro-pretul-de-vanzare-a-gazelor-catre-moldovagaz\/\"><span style=\"font-weight: 400;\">aici.<\/span><\/a><\/p>\n<p><b>(FOTO) Basarabeasca \u0219i Ia\u0219i au semnat un Acord pentru dezvoltarea regional\u0103. Ce \u00eenseamn\u0103 asta pentru raion<br \/>\n<\/b><span style=\"font-weight: 400;\">Consiliul Raional Basarabeasca a anun\u021bat c\u0103, recent, a fost semnat un Acord de cooperare cu Jude\u021bul Ia\u0219i, Rom\u00e2nia. Acordul a fost semnat pe data de 27 martie, curent, \u00een cadrul vizitei de lucru la Ia\u0219i a pre\u0219edintei raionului Basarabeasca, Natalia Cara. Detalii <\/span><a href=\"https:\/\/bas-tv.md\/ro\/foto-basarabeasca-si-iasi-au-semnat-un-acord-pentru-dezvoltarea-regionala-ce-inseamna-asta-pentru-raion\/\"><span style=\"font-weight: 400;\">pe site<\/span><\/a><span style=\"font-weight: 400;\">.<\/span><\/p>\n<p><b>(FOTO) Solu\u021bionarea crizelor educa\u021bionale \u0219i sportive. Ce s-a mai discutat la \u0219edin\u021ba din Basarabeasca cu autorit\u0103\u021bile centrale<br \/>\n<\/b><span style=\"font-weight: 400;\">\u00cembun\u0103t\u0103\u021birea infrastructurilor educa\u021bionale \u0219i sportive, despre aceasta au discutat la \u0219edin\u021ba din 5 aprilie, Secretarul de Stat al Ministerului Educa\u021biei \u0219i Cercet\u0103rii, responsabil de tineret \u0219i sport, Sergiu Gurin, \u00een comun cu Consiliul Raional Basarabeasca, cu directorii institu\u021biilor de \u00eenv\u0103\u021b\u0103m\u00e2nt din raion. Mai mult <\/span><a href=\"https:\/\/bas-tv.md\/ro\/foto-solutionarea-crizelor-educationale-si-sportive-ce-s-a-mai-discutat-la-sedinta-din-basarabeasca-cu-autoritatile-centrale\/\"><span style=\"font-weight: 400;\">aici<\/span><\/a><span style=\"font-weight: 400;\">.<\/span><\/p>\n<p><b>Sezonul declara\u021biilor: ce de\u021bine primarul satului Sadaclia<br \/>\n<\/b><span style=\"font-weight: 400;\">Pe site-ul Autorit\u0103\u021bii Na\u021bionale de Integritate a fost publicat\u0103 declara\u021bia de avere \u0219i interese personale a primarului din s. Sadaclia pentru anul 2023. Potrivit documentului, Ion Galeru a ridicat \u00een anul 2023 un salariu de peste 160 mii de lei, ceea ce presupune un salariu lunar de aproximativ 13 700 lei. Mai detaliat <\/span><a href=\"https:\/\/bas-tv.md\/ro\/sezonul-declaratiilor-ce-detine-primarul-satului-sadaclia\/\"><span style=\"font-weight: 400;\">aici.<\/span><\/a><\/p>\n<p><b>Sezonul declara\u021biilor: Ce de\u021bine primarul satului Carabetovca<br \/>\n<\/b><span style=\"font-weight: 400;\">Pe site-ul Autorit\u0103\u021bii Na\u021bionale de Integritate a fost publicat\u0103 declara\u021bia de avere \u0219i interese personale a primarului din s. Carabetovca pentru anul 2023. Potrivit documentului, Sergiu R\u0103cil\u0103 a ridicat \u00een anul 2023 un salariu de baz\u0103 de peste 160,9 mii de lei, ceea ce presupune un salariu lunar de aproximativ 13 600 lei. Mai multe <\/span><a href=\"https:\/\/bas-tv.md\/ro\/sezonul-declaratiilor-ce-detine-primarul-satului-carabetovca-2\/\"><span style=\"font-weight: 400;\">detalii<\/span><\/a><span style=\"font-weight: 400;\">.<\/span><\/p>\n<p><b>(FOTO) Doi copii din s. Sadaclia sunt c\u00e2\u0219tig\u0103torii concursului \u201eM\u0103r\u021bi\u0219orul Copiilor 2024\u201d<br \/>\n<\/b><span style=\"font-weight: 400;\">Duetul Ana-Maria Burdujan \u0219i Teofil Macari, originari din s. Sadaclia, raionul Basarabeasca, sunt laurea\u021bi cu locul I \u00een cadrul Festivalului-concurs\u00a0 \u201eM\u0103r\u021bi\u0219orul Copiilor\u201d, edi\u021bia a II-a. Copiii au concurat \u00een cadrul a dou\u0103 sec\u021biuni: \u201eVocal\u201d \u0219i \u201eArta vorbirii\u201d. Detalii \u00een <\/span><a href=\"https:\/\/bas-tv.md\/ro\/doi-copii-din-s-sadaclia-sunt-castigatorii-concursului-martisorul-copiilor-2024\/\"><span style=\"font-weight: 400;\">continuare<\/span><\/a><span style=\"font-weight: 400;\">.<\/span><\/p>\n<p><b>Sportivii din Basarabeasca sunt c\u00e2\u0219tig\u0103tori la Campionatul Na\u021bional de Lupte Libere U-15<br \/>\n<\/b><span style=\"font-weight: 400;\">Mai mul\u021bi sportivi ai \u0218colii Sportive din or. Basarabeasca au participat \u00een perioada 27\u201329 martie la Campionatul Republicii Moldova la Lupte libere, U-15. \u00cen cadrul competi\u021biei, unii lupt\u0103torii au ob\u021binut locuri de frunte \u0219i urmeaz\u0103 s\u0103 reprezinte \u021bara la Campionatul European de Lupte libere. C\u00e2\u0219tig\u0103torii <\/span><a href=\"https:\/\/bas-tv.md\/ro\/sportivii-din-basarabeasca-sunt-castigatori-la-campionatul-national-de-lupte-libere-u-15\/\"><span style=\"font-weight: 400;\">aici<\/span><\/a><span style=\"font-weight: 400;\">.<\/span><\/p>\n<p><b>(FOTO) \u00cen s. Sadaclia s-a desf\u0103\u0219urat o competi\u021bie de volei. Cine s-a clasat pe primul lo<\/b><span style=\"font-weight: 400;\">c<br \/>\n<\/span><span style=\"font-weight: 400;\">Recent, \u00een satul Sadaclia s-a desf\u0103\u0219urat o competi\u021bie de volei \u00een memoria profesorului de educa\u021bie fizic\u0103, Vasile Lungu, edi\u021bia a X-a. Au participat 5 echipe din raionul Basarabeasca, R\u00ee\u0219cani, Hore\u0219ti \u0219i Tomai. Mai multe pe <\/span><a href=\"https:\/\/bas-tv.md\/ro\/foto-in-s-sadaclia-s-a-desfasurat-o-competitie-de-volei-cine-s-a-plasat-pe-primul-loc\/\"><span style=\"font-weight: 400;\">site<\/span><\/a><span style=\"font-weight: 400;\">.<\/span><\/p>\n<p><span style=\"font-weight: 400;\">Cei care sus\u021bin redac\u021bia BAStv \u00een realizarea con\u021binuturilor de calitate, oferim <\/span><a href=\"https:\/\/bas-tv.md\/patreon-dlya-bastv-kak-nam-pomogut-vashi-2-v-mesyacz\/\"><span style=\"font-weight: 400;\">un link c\u0103tre un articol despre cum se poate face acest lucru<\/span><\/a><span style=\"font-weight: 400;\">.<\/span><\/p>\n<p><span style=\"font-weight: 400;\">Asta este tot ce am vrut s\u0103 v\u0103 reamintim. Sper\u0103m s\u0103 fie interesant. Urm\u0103re\u0219te publica\u021biile noastre \u0219i fii mereu la curent cu ceea ce se \u00eent\u00e2mpl\u0103!<\/span><\/p>\n<p><b>Abona\u021bi-v\u0103 la noi pe re\u021bele sociale: <\/b><a href=\"https:\/\/t.me\/bastvmd\"><b><i>Telegram<\/i><\/b><\/a><b>, <\/b><a href=\"https:\/\/www.youtube.com\/channel\/UC-9005PnLnhpNM8PVSjP2dQ\/featured\"><b><i>YouTube<\/i><\/b><\/a><b>, <\/b><a href=\"https:\/\/www.facebook.com\/bastv.md\"><b><i>Facebook<\/i><\/b><\/a> <b>\u0219i <\/b><a href=\"https:\/\/www.instagram.com\/bastv.md\/\"><b><i>Instagram<\/i><\/b><\/a><b>.\u00a0 Aici public\u0103m \u0219tiri pe scurt!<\/b><\/p>\n","protected":false},"excerpt":{"rendered":"<p>\u201eRetrospectiva s\u0103pt\u0103m\u00e2nii\u201d \u2013 o sec\u021biune \u00een care post\u0103m cele mai importante \u0219tiri publicate pe site-ul nostru \u00een ultimele 7 zile. Acest lucru te va ajuta s\u0103 fii mereu la curent \u0219i s\u0103 nu ratezi nimic important pentru tine. Gazul ar putea fi mai ieftin? Energocom scade cu 100 de euro pre\u021bul de v\u00e2nzare a gazelor [&hellip;]<\/p>\n","protected":false},"author":3,"featured_media":116024,"comment_status":"closed","ping_status":"closed","sticky":false,"template":"","format":"standard","meta":{"footnotes":""},"categories":[603,586],"tags":[518],"class_list":["post-116023","post","type-post","status-publish","format-standard","has-post-thumbnail","hentry","category-diverse","category-divertisment","tag-retrospectiva-saptamanii-ro"],"yoast_head":"<!-- This site is optimized with the Yoast SEO plugin v27.5 - https:\/\/yoast.com\/product\/yoast-seo-wordpress\/ -->\n<title>\u201eRetrospectiva s\u0103pt\u0103m\u00e2nii\u201d de la BAStv: ieftinirea gazului, acorduri de cooperare, declara\u021bii, premii \u0219i multe altele\u00a0 - BasTV<\/title>\n<meta name=\"description\" content=\"\u201eRetrospectiva s\u0103pt\u0103m\u00e2nii\u201d \u2013 o sec\u021biune \u00een care post\u0103m cele mai importante \u0219tiri publicate pe site-ul nostru \u00een ultimele 7 zile. Acest lucru te va ajuta s\u0103 fii mereu la curent \u0219i s\u0103 nu ratezi nimic important pentru tine.\" \/>\n<meta name=\"robots\" content=\"index, follow, max-snippet:-1, max-image-preview:large, max-video-preview:-1\" \/>\n<link rel=\"canonical\" href=\"https:\/\/bas-tv.md\/ro\/retrospectiva-saptamanii-de-la-bastv-ieftinirea-gazului-acorduri-de-cooperare-declaratii-premii-si-multe-altele\/\" \/>\n<meta property=\"og:locale\" content=\"ro_RO\" \/>\n<meta property=\"og:type\" content=\"article\" \/>\n<meta property=\"og:title\" content=\"\u201eRetrospectiva s\u0103pt\u0103m\u00e2nii\u201d de la BAStv: ieftinirea gazului, acorduri de cooperare, declara\u021bii, premii \u0219i multe altele\u00a0 - BasTV\" \/>\n<meta property=\"og:description\" content=\"\u201eRetrospectiva s\u0103pt\u0103m\u00e2nii\u201d \u2013 o sec\u021biune \u00een care post\u0103m cele mai importante \u0219tiri publicate pe site-ul nostru \u00een ultimele 7 zile. Acest lucru te va ajuta s\u0103 fii mereu la curent \u0219i s\u0103 nu ratezi nimic important pentru tine.\" \/>\n<meta property=\"og:url\" content=\"https:\/\/bas-tv.md\/ro\/retrospectiva-saptamanii-de-la-bastv-ieftinirea-gazului-acorduri-de-cooperare-declaratii-premii-si-multe-altele\/\" \/>\n<meta property=\"og:site_name\" content=\"BasTV\" \/>\n<meta property=\"article:published_time\" content=\"2024-04-07T17:00:42+00:00\" \/>\n<meta property=\"article:modified_time\" content=\"2024-04-07T17:04:52+00:00\" \/>\n<meta property=\"og:image\" content=\"https:\/\/bas-tv.md\/wp-content\/uploads\/2024\/04\/design-fara-titlu-1.png\" \/>\n\t<meta property=\"og:image:width\" content=\"1440\" \/>\n\t<meta property=\"og:image:height\" content=\"810\" \/>\n\t<meta property=\"og:image:type\" content=\"image\/png\" \/>\n<meta name=\"author\" content=\"Redactor\" \/>\n<meta name=\"twitter:card\" content=\"summary_large_image\" \/>\n<meta name=\"twitter:label1\" content=\"Scris de\" \/>\n\t<meta name=\"twitter:data1\" content=\"Redactor\" \/>\n\t<meta name=\"twitter:label2\" content=\"Timp estimat pentru citire\" \/>\n\t<meta name=\"twitter:data2\" content=\"4 minute\" \/>\n<script type=\"application\/ld+json\" class=\"yoast-schema-graph\">{\"@context\":\"https:\\\/\\\/schema.org\",\"@graph\":[{\"@type\":\"Article\",\"@id\":\"https:\\\/\\\/bas-tv.md\\\/ro\\\/retrospectiva-saptamanii-de-la-bastv-ieftinirea-gazului-acorduri-de-cooperare-declaratii-premii-si-multe-altele\\\/#article\",\"isPartOf\":{\"@id\":\"https:\\\/\\\/bas-tv.md\\\/ro\\\/retrospectiva-saptamanii-de-la-bastv-ieftinirea-gazului-acorduri-de-cooperare-declaratii-premii-si-multe-altele\\\/\"},\"author\":{\"name\":\"Redactor\",\"@id\":\"https:\\\/\\\/bas-tv.md\\\/ro\\\/#\\\/schema\\\/person\\\/8740f45ea2eca1f1695284fc03529af0\"},\"headline\":\"\u201eRetrospectiva s\u0103pt\u0103m\u00e2nii\u201d de la BAStv: ieftinirea gazului, acorduri de cooperare, declara\u021bii, premii \u0219i multe altele\u00a0\",\"datePublished\":\"2024-04-07T17:00:42+00:00\",\"dateModified\":\"2024-04-07T17:04:52+00:00\",\"mainEntityOfPage\":{\"@id\":\"https:\\\/\\\/bas-tv.md\\\/ro\\\/retrospectiva-saptamanii-de-la-bastv-ieftinirea-gazului-acorduri-de-cooperare-declaratii-premii-si-multe-altele\\\/\"},\"wordCount\":651,\"publisher\":{\"@id\":\"https:\\\/\\\/bas-tv.md\\\/ro\\\/#organization\"},\"image\":{\"@id\":\"https:\\\/\\\/bas-tv.md\\\/ro\\\/retrospectiva-saptamanii-de-la-bastv-ieftinirea-gazului-acorduri-de-cooperare-declaratii-premii-si-multe-altele\\\/#primaryimage\"},\"thumbnailUrl\":\"https:\\\/\\\/bas-tv.md\\\/wp-content\\\/uploads\\\/2024\\\/04\\\/design-fara-titlu-1.png\",\"keywords\":[\"Retrospectiva s\u0103pt\u0103m\u00e2nii\"],\"articleSection\":[\"Diverse\",\"Divertisment\"],\"inLanguage\":\"ro-RO\"},{\"@type\":\"WebPage\",\"@id\":\"https:\\\/\\\/bas-tv.md\\\/ro\\\/retrospectiva-saptamanii-de-la-bastv-ieftinirea-gazului-acorduri-de-cooperare-declaratii-premii-si-multe-altele\\\/\",\"url\":\"https:\\\/\\\/bas-tv.md\\\/ro\\\/retrospectiva-saptamanii-de-la-bastv-ieftinirea-gazului-acorduri-de-cooperare-declaratii-premii-si-multe-altele\\\/\",\"name\":\"\u201eRetrospectiva s\u0103pt\u0103m\u00e2nii\u201d de la BAStv: ieftinirea gazului, acorduri de cooperare, declara\u021bii, premii \u0219i multe altele\u00a0 - BasTV\",\"isPartOf\":{\"@id\":\"https:\\\/\\\/bas-tv.md\\\/ro\\\/#website\"},\"primaryImageOfPage\":{\"@id\":\"https:\\\/\\\/bas-tv.md\\\/ro\\\/retrospectiva-saptamanii-de-la-bastv-ieftinirea-gazului-acorduri-de-cooperare-declaratii-premii-si-multe-altele\\\/#primaryimage\"},\"image\":{\"@id\":\"https:\\\/\\\/bas-tv.md\\\/ro\\\/retrospectiva-saptamanii-de-la-bastv-ieftinirea-gazului-acorduri-de-cooperare-declaratii-premii-si-multe-altele\\\/#primaryimage\"},\"thumbnailUrl\":\"https:\\\/\\\/bas-tv.md\\\/wp-content\\\/uploads\\\/2024\\\/04\\\/design-fara-titlu-1.png\",\"datePublished\":\"2024-04-07T17:00:42+00:00\",\"dateModified\":\"2024-04-07T17:04:52+00:00\",\"description\":\"\u201eRetrospectiva s\u0103pt\u0103m\u00e2nii\u201d \u2013 o sec\u021biune \u00een care post\u0103m cele mai importante \u0219tiri publicate pe site-ul nostru \u00een ultimele 7 zile. Acest lucru te va ajuta s\u0103 fii mereu la curent \u0219i s\u0103 nu ratezi nimic important pentru tine.\",\"inLanguage\":\"ro-RO\",\"potentialAction\":[{\"@type\":\"ReadAction\",\"target\":[\"https:\\\/\\\/bas-tv.md\\\/ro\\\/retrospectiva-saptamanii-de-la-bastv-ieftinirea-gazului-acorduri-de-cooperare-declaratii-premii-si-multe-altele\\\/\"]}]},{\"@type\":\"ImageObject\",\"inLanguage\":\"ro-RO\",\"@id\":\"https:\\\/\\\/bas-tv.md\\\/ro\\\/retrospectiva-saptamanii-de-la-bastv-ieftinirea-gazului-acorduri-de-cooperare-declaratii-premii-si-multe-altele\\\/#primaryimage\",\"url\":\"https:\\\/\\\/bas-tv.md\\\/wp-content\\\/uploads\\\/2024\\\/04\\\/design-fara-titlu-1.png\",\"contentUrl\":\"https:\\\/\\\/bas-tv.md\\\/wp-content\\\/uploads\\\/2024\\\/04\\\/design-fara-titlu-1.png\",\"width\":1440,\"height\":810},{\"@type\":\"WebSite\",\"@id\":\"https:\\\/\\\/bas-tv.md\\\/ro\\\/#website\",\"url\":\"https:\\\/\\\/bas-tv.md\\\/ro\\\/\",\"name\":\"BasTV\",\"description\":\"Moldova\",\"publisher\":{\"@id\":\"https:\\\/\\\/bas-tv.md\\\/ro\\\/#organization\"},\"potentialAction\":[{\"@type\":\"SearchAction\",\"target\":{\"@type\":\"EntryPoint\",\"urlTemplate\":\"https:\\\/\\\/bas-tv.md\\\/ro\\\/?s={search_term_string}\"},\"query-input\":{\"@type\":\"PropertyValueSpecification\",\"valueRequired\":true,\"valueName\":\"search_term_string\"}}],\"inLanguage\":\"ro-RO\"},{\"@type\":\"Organization\",\"@id\":\"https:\\\/\\\/bas-tv.md\\\/ro\\\/#organization\",\"name\":\"BasTV\",\"url\":\"https:\\\/\\\/bas-tv.md\\\/ro\\\/\",\"logo\":{\"@type\":\"ImageObject\",\"inLanguage\":\"ro-RO\",\"@id\":\"https:\\\/\\\/bas-tv.md\\\/ro\\\/#\\\/schema\\\/logo\\\/image\\\/\",\"url\":\"https:\\\/\\\/bas-tv.md\\\/wp-content\\\/uploads\\\/2023\\\/05\\\/bas-tv-culoarea-rosie.png\",\"contentUrl\":\"https:\\\/\\\/bas-tv.md\\\/wp-content\\\/uploads\\\/2023\\\/05\\\/bas-tv-culoarea-rosie.png\",\"width\":202,\"height\":50,\"caption\":\"BasTV\"},\"image\":{\"@id\":\"https:\\\/\\\/bas-tv.md\\\/ro\\\/#\\\/schema\\\/logo\\\/image\\\/\"}},{\"@type\":\"Person\",\"@id\":\"https:\\\/\\\/bas-tv.md\\\/ro\\\/#\\\/schema\\\/person\\\/8740f45ea2eca1f1695284fc03529af0\",\"name\":\"Redactor\",\"image\":{\"@type\":\"ImageObject\",\"inLanguage\":\"ro-RO\",\"@id\":\"https:\\\/\\\/bas-tv.md\\\/wp-content\\\/litespeed\\\/avatar\\\/91c0586f3f6f4396a4ec1287c965eeeb.jpg?ver=1777555749\",\"url\":\"https:\\\/\\\/bas-tv.md\\\/wp-content\\\/litespeed\\\/avatar\\\/91c0586f3f6f4396a4ec1287c965eeeb.jpg?ver=1777555749\",\"contentUrl\":\"https:\\\/\\\/bas-tv.md\\\/wp-content\\\/litespeed\\\/avatar\\\/91c0586f3f6f4396a4ec1287c965eeeb.jpg?ver=1777555749\",\"caption\":\"Redactor\"},\"url\":\"https:\\\/\\\/bas-tv.md\\\/ro\\\/author\\\/redactor\\\/\"}]}<\/script>\n<!-- \/ Yoast SEO plugin. -->","yoast_head_json":{"title":"\u201eRetrospectiva s\u0103pt\u0103m\u00e2nii\u201d de la BAStv: ieftinirea gazului, acorduri de cooperare, declara\u021bii, premii \u0219i multe altele\u00a0 - BasTV","description":"\u201eRetrospectiva s\u0103pt\u0103m\u00e2nii\u201d \u2013 o sec\u021biune \u00een care post\u0103m cele mai importante \u0219tiri publicate pe site-ul nostru \u00een ultimele 7 zile. Acest lucru te va ajuta s\u0103 fii mereu la curent \u0219i s\u0103 nu ratezi nimic important pentru tine.","robots":{"index":"index","follow":"follow","max-snippet":"max-snippet:-1","max-image-preview":"max-image-preview:large","max-video-preview":"max-video-preview:-1"},"canonical":"https:\/\/bas-tv.md\/ro\/retrospectiva-saptamanii-de-la-bastv-ieftinirea-gazului-acorduri-de-cooperare-declaratii-premii-si-multe-altele\/","og_locale":"ro_RO","og_type":"article","og_title":"\u201eRetrospectiva s\u0103pt\u0103m\u00e2nii\u201d de la BAStv: ieftinirea gazului, acorduri de cooperare, declara\u021bii, premii \u0219i multe altele\u00a0 - BasTV","og_description":"\u201eRetrospectiva s\u0103pt\u0103m\u00e2nii\u201d \u2013 o sec\u021biune \u00een care post\u0103m cele mai importante \u0219tiri publicate pe site-ul nostru \u00een ultimele 7 zile. Acest lucru te va ajuta s\u0103 fii mereu la curent \u0219i s\u0103 nu ratezi nimic important pentru tine.","og_url":"https:\/\/bas-tv.md\/ro\/retrospectiva-saptamanii-de-la-bastv-ieftinirea-gazului-acorduri-de-cooperare-declaratii-premii-si-multe-altele\/","og_site_name":"BasTV","article_published_time":"2024-04-07T17:00:42+00:00","article_modified_time":"2024-04-07T17:04:52+00:00","og_image":[{"width":1440,"height":810,"url":"https:\/\/bas-tv.md\/wp-content\/uploads\/2024\/04\/design-fara-titlu-1.png","type":"image\/png"}],"author":"Redactor","twitter_card":"summary_large_image","twitter_misc":{"Scris de":"Redactor","Timp estimat pentru citire":"4 minute"},"schema":{"@context":"https:\/\/schema.org","@graph":[{"@type":"Article","@id":"https:\/\/bas-tv.md\/ro\/retrospectiva-saptamanii-de-la-bastv-ieftinirea-gazului-acorduri-de-cooperare-declaratii-premii-si-multe-altele\/#article","isPartOf":{"@id":"https:\/\/bas-tv.md\/ro\/retrospectiva-saptamanii-de-la-bastv-ieftinirea-gazului-acorduri-de-cooperare-declaratii-premii-si-multe-altele\/"},"author":{"name":"Redactor","@id":"https:\/\/bas-tv.md\/ro\/#\/schema\/person\/8740f45ea2eca1f1695284fc03529af0"},"headline":"\u201eRetrospectiva s\u0103pt\u0103m\u00e2nii\u201d de la BAStv: ieftinirea gazului, acorduri de cooperare, declara\u021bii, premii \u0219i multe altele\u00a0","datePublished":"2024-04-07T17:00:42+00:00","dateModified":"2024-04-07T17:04:52+00:00","mainEntityOfPage":{"@id":"https:\/\/bas-tv.md\/ro\/retrospectiva-saptamanii-de-la-bastv-ieftinirea-gazului-acorduri-de-cooperare-declaratii-premii-si-multe-altele\/"},"wordCount":651,"publisher":{"@id":"https:\/\/bas-tv.md\/ro\/#organization"},"image":{"@id":"https:\/\/bas-tv.md\/ro\/retrospectiva-saptamanii-de-la-bastv-ieftinirea-gazului-acorduri-de-cooperare-declaratii-premii-si-multe-altele\/#primaryimage"},"thumbnailUrl":"https:\/\/bas-tv.md\/wp-content\/uploads\/2024\/04\/design-fara-titlu-1.png","keywords":["Retrospectiva s\u0103pt\u0103m\u00e2nii"],"articleSection":["Diverse","Divertisment"],"inLanguage":"ro-RO"},{"@type":"WebPage","@id":"https:\/\/bas-tv.md\/ro\/retrospectiva-saptamanii-de-la-bastv-ieftinirea-gazului-acorduri-de-cooperare-declaratii-premii-si-multe-altele\/","url":"https:\/\/bas-tv.md\/ro\/retrospectiva-saptamanii-de-la-bastv-ieftinirea-gazului-acorduri-de-cooperare-declaratii-premii-si-multe-altele\/","name":"\u201eRetrospectiva s\u0103pt\u0103m\u00e2nii\u201d de la BAStv: ieftinirea gazului, acorduri de cooperare, declara\u021bii, premii \u0219i multe altele\u00a0 - BasTV","isPartOf":{"@id":"https:\/\/bas-tv.md\/ro\/#website"},"primaryImageOfPage":{"@id":"https:\/\/bas-tv.md\/ro\/retrospectiva-saptamanii-de-la-bastv-ieftinirea-gazului-acorduri-de-cooperare-declaratii-premii-si-multe-altele\/#primaryimage"},"image":{"@id":"https:\/\/bas-tv.md\/ro\/retrospectiva-saptamanii-de-la-bastv-ieftinirea-gazului-acorduri-de-cooperare-declaratii-premii-si-multe-altele\/#primaryimage"},"thumbnailUrl":"https:\/\/bas-tv.md\/wp-content\/uploads\/2024\/04\/design-fara-titlu-1.png","datePublished":"2024-04-07T17:00:42+00:00","dateModified":"2024-04-07T17:04:52+00:00","description":"\u201eRetrospectiva s\u0103pt\u0103m\u00e2nii\u201d \u2013 o sec\u021biune \u00een care post\u0103m cele mai importante \u0219tiri publicate pe site-ul nostru \u00een ultimele 7 zile. Acest lucru te va ajuta s\u0103 fii mereu la curent \u0219i s\u0103 nu ratezi nimic important pentru tine.","inLanguage":"ro-RO","potentialAction":[{"@type":"ReadAction","target":["https:\/\/bas-tv.md\/ro\/retrospectiva-saptamanii-de-la-bastv-ieftinirea-gazului-acorduri-de-cooperare-declaratii-premii-si-multe-altele\/"]}]},{"@type":"ImageObject","inLanguage":"ro-RO","@id":"https:\/\/bas-tv.md\/ro\/retrospectiva-saptamanii-de-la-bastv-ieftinirea-gazului-acorduri-de-cooperare-declaratii-premii-si-multe-altele\/#primaryimage","url":"https:\/\/bas-tv.md\/wp-content\/uploads\/2024\/04\/design-fara-titlu-1.png","contentUrl":"https:\/\/bas-tv.md\/wp-content\/uploads\/2024\/04\/design-fara-titlu-1.png","width":1440,"height":810},{"@type":"WebSite","@id":"https:\/\/bas-tv.md\/ro\/#website","url":"https:\/\/bas-tv.md\/ro\/","name":"BasTV","description":"Moldova","publisher":{"@id":"https:\/\/bas-tv.md\/ro\/#organization"},"potentialAction":[{"@type":"SearchAction","target":{"@type":"EntryPoint","urlTemplate":"https:\/\/bas-tv.md\/ro\/?s={search_term_string}"},"query-input":{"@type":"PropertyValueSpecification","valueRequired":true,"valueName":"search_term_string"}}],"inLanguage":"ro-RO"},{"@type":"Organization","@id":"https:\/\/bas-tv.md\/ro\/#organization","name":"BasTV","url":"https:\/\/bas-tv.md\/ro\/","logo":{"@type":"ImageObject","inLanguage":"ro-RO","@id":"https:\/\/bas-tv.md\/ro\/#\/schema\/logo\/image\/","url":"https:\/\/bas-tv.md\/wp-content\/uploads\/2023\/05\/bas-tv-culoarea-rosie.png","contentUrl":"https:\/\/bas-tv.md\/wp-content\/uploads\/2023\/05\/bas-tv-culoarea-rosie.png","width":202,"height":50,"caption":"BasTV"},"image":{"@id":"https:\/\/bas-tv.md\/ro\/#\/schema\/logo\/image\/"}},{"@type":"Person","@id":"https:\/\/bas-tv.md\/ro\/#\/schema\/person\/8740f45ea2eca1f1695284fc03529af0","name":"Redactor","image":{"@type":"ImageObject","inLanguage":"ro-RO","@id":"https:\/\/bas-tv.md\/wp-content\/litespeed\/avatar\/91c0586f3f6f4396a4ec1287c965eeeb.jpg?ver=1777555749","url":"https:\/\/bas-tv.md\/wp-content\/litespeed\/avatar\/91c0586f3f6f4396a4ec1287c965eeeb.jpg?ver=1777555749","contentUrl":"https:\/\/bas-tv.md\/wp-content\/litespeed\/avatar\/91c0586f3f6f4396a4ec1287c965eeeb.jpg?ver=1777555749","caption":"Redactor"},"url":"https:\/\/bas-tv.md\/ro\/author\/redactor\/"}]}},"views":270,"_links":{"self":[{"href":"https:\/\/bas-tv.md\/ro\/wp-json\/wp\/v2\/posts\/116023","targetHints":{"allow":["GET"]}}],"collection":[{"href":"https:\/\/bas-tv.md\/ro\/wp-json\/wp\/v2\/posts"}],"about":[{"href":"https:\/\/bas-tv.md\/ro\/wp-json\/wp\/v2\/types\/post"}],"author":[{"embeddable":true,"href":"https:\/\/bas-tv.md\/ro\/wp-json\/wp\/v2\/users\/3"}],"replies":[{"embeddable":true,"href":"https:\/\/bas-tv.md\/ro\/wp-json\/wp\/v2\/comments?post=116023"}],"version-history":[{"count":2,"href":"https:\/\/bas-tv.md\/ro\/wp-json\/wp\/v2\/posts\/116023\/revisions"}],"predecessor-version":[{"id":116027,"href":"https:\/\/bas-tv.md\/ro\/wp-json\/wp\/v2\/posts\/116023\/revisions\/116027"}],"wp:featuredmedia":[{"embeddable":true,"href":"https:\/\/bas-tv.md\/ro\/wp-json\/wp\/v2\/media\/116024"}],"wp:attachment":[{"href":"https:\/\/bas-tv.md\/ro\/wp-json\/wp\/v2\/media?parent=116023"}],"wp:term":[{"taxonomy":"category","embeddable":true,"href":"https:\/\/bas-tv.md\/ro\/wp-json\/wp\/v2\/categories?post=116023"},{"taxonomy":"post_tag","embeddable":true,"href":"https:\/\/bas-tv.md\/ro\/wp-json\/wp\/v2\/tags?post=116023"}],"curies":[{"name":"wp","href":"https:\/\/api.w.org\/{rel}","templated":true}]}}