{"id":116072,"date":"2024-04-12T18:30:19","date_gmt":"2024-04-12T15:30:19","guid":{"rendered":"https:\/\/bas-tv.md\/?p=116072"},"modified":"2024-04-12T14:57:33","modified_gmt":"2024-04-12T11:57:33","slug":"sezonul-declaratiilor-ce-detine-primarul-satului-abaclia-2","status":"publish","type":"post","link":"https:\/\/bas-tv.md\/ro\/sezonul-declaratiilor-ce-detine-primarul-satului-abaclia-2\/","title":{"rendered":"Sezonul declara\u021biilor: Ce de\u021bine primarul satului Abaclia"},"content":{"rendered":"<p><b>Pe site-ul Autorit\u0103\u021bii Na\u021bionale de Integritate a fost publicat\u0103 declara\u021bia de avere \u0219i interese personale a primarului din s. Abaclia pentru anul 2023. Potrivit documentului, Victor Niculi\u021b\u0103 a ridicat \u00een anul 2023 un salariu de baz\u0103 de peste 184 mii de lei.<\/b><\/p>\n<p><span style=\"font-weight: 400;\">Familia primarului indic\u0103 \u0219i o alt\u0103 surs\u0103 de venit \u2013 SRL \u201cLunicris &amp; CO\u201d, unde suma venitului este de 60 000 de lei.\u00a0<\/span><\/p>\n<p><span style=\"font-weight: 400;\">Potrivit documentului, \u00eencep\u00e2nd cu anul 2001 \u0219i p\u00e2n\u0103 \u00een prezent, Victor Niculi\u021b\u0103 de\u021bine 16 loturi de p\u0103m\u00e2nt, \u0219i anume:<\/span><\/p>\n<ul>\n<li style=\"font-weight: 400;\" aria-level=\"1\"><span style=\"font-weight: 400;\">10 terenuri agricole de 1.68 ha, 0.37 ha, 0.38 ha, 0.15 ha, 1.68 ha, 0.41 ha, 0.40 ha, 0.40 ha, 0.15 ha \u0219i 0.15 ha;\u00a0<\/span><\/li>\n<li style=\"font-weight: 400;\" aria-level=\"1\"><span style=\"font-weight: 400;\">3 terenuri intravilane cu suprafe\u021bele de 0.80, 0.12 ha \u0219i 0.17 ha;<\/span><\/li>\n<li style=\"font-weight: 400;\" aria-level=\"1\"><span style=\"font-weight: 400;\">alte categorii \u2013 3 terenuri de 0.12 ha, \u00een valoare de 10 000 lei; de 0.17 ha, estimat la 25 878 lei \u0219i de 0.08 ha, \u00een valoare de 2 000 lei.<br \/>\n<\/span>Valoarea celorlalte loturi nu a fost indicat\u0103.<\/li>\n<\/ul>\n<p><span style=\"font-weight: 400;\">\u00cen declara\u021bia sa, Victor Niculi\u021b\u0103 indic\u0103 c\u0103 de\u021bine un apartament de 64 m2. Acesta a fost procurat \u00een 2017, iar valoarea acestuia este de 6000 de euro. De asemenea, \u00een declara\u021bie sunt indicate \u0219i dou\u0103 spa\u021bii comerciale\/de produc\u021bie, dob\u00e2ndite \u00een anul 2009, cu o valoare estimat\u0103 la aproximativ 302 000 lei \u0219i un garaj \u00een valoare de 1083 lei.<\/span><\/p>\n<p><span style=\"font-weight: 400;\">Primarul, \u00een declara\u021bia de avere, a inclus \u0219i mijloacele de transport pe care le de\u021bine familia sa:\u00a0<\/span><\/p>\n<p><span style=\"font-weight: 400;\">ma\u0219in\u0103 agricol\u0103 T40 din 1986, cump\u0103rat\u0103 \u00een 2010 \u0219i cu o valoare de 1000 euro;<\/span><\/p>\n<p><span style=\"font-weight: 400;\">autoturism Peugeot 206, cump\u0103rat \u00een 2002, \u00een valoare de 3000 euro;<\/span><\/p>\n<p><span style=\"font-weight: 400;\">autoturism Peugeot 206, cump\u0103rat \u00een 2002, \u00een valoare de 15 000 euro;<\/span><\/p>\n<p><span style=\"font-weight: 400;\">autoturism Dacia Logan, cump\u0103rat \u00een 2016, \u00een valoare de 1000 euro;<\/span><\/p>\n<p><span style=\"font-weight: 400;\">autoturismul KIA, fabricat \u0219i dob\u00e2ndit \u00een 2019, cu o valoare de 15 150 de euro<\/span><\/p>\n<p><span style=\"font-weight: 400;\">remorc\u0103 2PTS, fabricat\u0103 \u00een 1989 \u0219i dob\u00e2ndit\u0103 \u00een 2003, \u00een valoarea de 10 000 lei;<\/span><\/p>\n<p><span style=\"font-weight: 400;\">autoturism Suzuki Vitara, anul fabrica\u021biei 2023 \u0219i dob\u00e2ndit\u0103 \u00een acela\u0219i an, \u00een valoare de 297 613 lei.<\/span><\/p>\n<p>Potrivit declara\u021biei de avere, acesta are un credit contractat \u00een anul 2023 de la MAIB, \u00een valoare 110 mii lei, cu rata dob\u00e2nzii de 12.2%. Creditul este activ p\u00e2n\u0103 \u00een anul 2026.<\/p>\n<p><iframe data-src=\"https:\/\/drive.google.com\/file\/d\/1RWQ3d8w7MbkbeB0JzEq5f00Wkgn38mE-\/preview\" width=\"640\" height=\"480\" src=\"data:image\/svg+xml;base64,PHN2ZyB3aWR0aD0iMSIgaGVpZ2h0PSIxIiB4bWxucz0iaHR0cDovL3d3dy53My5vcmcvMjAwMC9zdmciPjwvc3ZnPg==\" class=\"lazyload\" data-load-mode=\"1\"><\/iframe><\/p>\n<p><strong>Sus\u021bine\u021bi redac\u021bia BAStv, abona\u021bi-v\u0103 la noi pe platforma\u00a0<a href=\"https:\/\/www.patreon.com\/BAStv?fan_landing=true&amp;fbclid=IwAR3MeSDKfH4ixBydCXX9D1lhrCszhps3ID5uxuGA-Ktd4MTkZCRdlcEZkQI\">Patreon\u00a0<\/a>sau prin efectuarea contribu\u021biilor prin\u00a0<a href=\"https:\/\/www.paypal.com\/paypalme\/supportbastv\">PayPal<\/a>! Aceasta ne va ajuta s\u0103 cre\u0103m con\u021binut interesant \u0219i util pentru dvs., r\u0103m\u00e2n\u00e2nd \u00een continuare o platform\u0103 media independent\u0103.<\/strong><\/p>\n<p><b>Abona\u021bi-v\u0103 la noi pe re\u021bele sociale:\u00a0<\/b><a href=\"https:\/\/t.me\/bastvmd\"><b><i>Telegram<\/i><\/b><\/a><b>,\u00a0<\/b><a href=\"https:\/\/www.youtube.com\/channel\/UC-9005PnLnhpNM8PVSjP2dQ\/featured\"><b><i>YouTube<\/i><\/b><\/a><b>,\u00a0<\/b><a href=\"https:\/\/www.facebook.com\/bastv.md\"><b><i>Facebook<\/i><\/b><\/a>\u00a0<strong>\u0219i\u00a0<\/strong><a href=\"https:\/\/www.instagram.com\/bastv.md\/\"><b><i>Instagram<\/i><\/b><\/a><b>. Aici public\u0103m \u0219tiri pe scurt!<\/b><\/p>\n","protected":false},"excerpt":{"rendered":"<p>Pe site-ul Autorit\u0103\u021bii Na\u021bionale de Integritate a fost publicat\u0103 declara\u021bia de avere \u0219i interese personale a primarului din s. Abaclia pentru anul 2023. Potrivit documentului, Victor Niculi\u021b\u0103 a ridicat \u00een anul 2023 un salariu de baz\u0103 de peste 184 mii de lei. Familia primarului indic\u0103 \u0219i o alt\u0103 surs\u0103 de venit \u2013 SRL \u201cLunicris &amp; [&hellip;]<\/p>\n","protected":false},"author":3,"featured_media":116073,"comment_status":"closed","ping_status":"closed","sticky":false,"template":"","format":"standard","meta":{"footnotes":""},"categories":[602,569],"tags":[744,2180,706,2181,1515],"class_list":["post-116072","post","type-post","status-publish","format-standard","has-post-thumbnail","hentry","category-actualitate","category-in-basarabeasca","tag-abaclia","tag-avere","tag-bani","tag-declaratie","tag-primar-ro"],"yoast_head":"<!-- This site is optimized with the Yoast SEO plugin v27.5 - https:\/\/yoast.com\/product\/yoast-seo-wordpress\/ -->\n<title>Sezonul declara\u021biilor: Ce de\u021bine primarul satului Abaclia - BasTV<\/title>\n<meta name=\"description\" content=\"Pe site-ul Autorit\u0103\u021bii Na\u021bionale de Integritate a fost publicat\u0103 declara\u021bia de avere \u0219i interese personale a primarului din s. Abaclia pentru anul 2023. Potrivit documentului, Victor Niculi\u021b\u0103 a ridicat \u00een anul 2023 un salariu de baz\u0103 de peste 184 mii de lei.\" \/>\n<meta name=\"robots\" content=\"index, follow, max-snippet:-1, max-image-preview:large, max-video-preview:-1\" \/>\n<link rel=\"canonical\" href=\"https:\/\/bas-tv.md\/ro\/sezonul-declaratiilor-ce-detine-primarul-satului-abaclia-2\/\" \/>\n<meta property=\"og:locale\" content=\"ro_RO\" \/>\n<meta property=\"og:type\" content=\"article\" \/>\n<meta property=\"og:title\" content=\"Sezonul declara\u021biilor: Ce de\u021bine primarul satului Abaclia - BasTV\" \/>\n<meta property=\"og:description\" content=\"Pe site-ul Autorit\u0103\u021bii Na\u021bionale de Integritate a fost publicat\u0103 declara\u021bia de avere \u0219i interese personale a primarului din s. Abaclia pentru anul 2023. Potrivit documentului, Victor Niculi\u021b\u0103 a ridicat \u00een anul 2023 un salariu de baz\u0103 de peste 184 mii de lei.\" \/>\n<meta property=\"og:url\" content=\"https:\/\/bas-tv.md\/ro\/sezonul-declaratiilor-ce-detine-primarul-satului-abaclia-2\/\" \/>\n<meta property=\"og:site_name\" content=\"BasTV\" \/>\n<meta property=\"article:published_time\" content=\"2024-04-12T15:30:19+00:00\" \/>\n<meta property=\"og:image\" content=\"https:\/\/bas-tv.md\/wp-content\/uploads\/2024\/04\/img_1472-1130x580-1.jpg\" \/>\n\t<meta property=\"og:image:width\" content=\"1130\" \/>\n\t<meta property=\"og:image:height\" content=\"580\" \/>\n\t<meta property=\"og:image:type\" content=\"image\/jpeg\" \/>\n<meta name=\"author\" content=\"Redactor\" \/>\n<meta name=\"twitter:card\" content=\"summary_large_image\" \/>\n<meta name=\"twitter:label1\" content=\"Scris de\" \/>\n\t<meta name=\"twitter:data1\" content=\"Redactor\" \/>\n\t<meta name=\"twitter:label2\" content=\"Timp estimat pentru citire\" \/>\n\t<meta name=\"twitter:data2\" content=\"3 minute\" \/>\n<script type=\"application\/ld+json\" class=\"yoast-schema-graph\">{\"@context\":\"https:\\\/\\\/schema.org\",\"@graph\":[{\"@type\":\"Article\",\"@id\":\"https:\\\/\\\/bas-tv.md\\\/ro\\\/sezonul-declaratiilor-ce-detine-primarul-satului-abaclia-2\\\/#article\",\"isPartOf\":{\"@id\":\"https:\\\/\\\/bas-tv.md\\\/ro\\\/sezonul-declaratiilor-ce-detine-primarul-satului-abaclia-2\\\/\"},\"author\":{\"name\":\"Redactor\",\"@id\":\"https:\\\/\\\/bas-tv.md\\\/ro\\\/#\\\/schema\\\/person\\\/8740f45ea2eca1f1695284fc03529af0\"},\"headline\":\"Sezonul declara\u021biilor: Ce de\u021bine primarul satului Abaclia\",\"datePublished\":\"2024-04-12T15:30:19+00:00\",\"mainEntityOfPage\":{\"@id\":\"https:\\\/\\\/bas-tv.md\\\/ro\\\/sezonul-declaratiilor-ce-detine-primarul-satului-abaclia-2\\\/\"},\"wordCount\":400,\"publisher\":{\"@id\":\"https:\\\/\\\/bas-tv.md\\\/ro\\\/#organization\"},\"image\":{\"@id\":\"https:\\\/\\\/bas-tv.md\\\/ro\\\/sezonul-declaratiilor-ce-detine-primarul-satului-abaclia-2\\\/#primaryimage\"},\"thumbnailUrl\":\"https:\\\/\\\/bas-tv.md\\\/wp-content\\\/uploads\\\/2024\\\/04\\\/img_1472-1130x580-1.jpg\",\"keywords\":[\"abaclia\",\"avere\",\"bani\",\"declara\u021bie\",\"\u043f\u0440\u0438\u043c\u0430\u0440\"],\"articleSection\":[\"Actualitate\",\"\u00cen Basarabeasca\"],\"inLanguage\":\"ro-RO\"},{\"@type\":\"WebPage\",\"@id\":\"https:\\\/\\\/bas-tv.md\\\/ro\\\/sezonul-declaratiilor-ce-detine-primarul-satului-abaclia-2\\\/\",\"url\":\"https:\\\/\\\/bas-tv.md\\\/ro\\\/sezonul-declaratiilor-ce-detine-primarul-satului-abaclia-2\\\/\",\"name\":\"Sezonul declara\u021biilor: Ce de\u021bine primarul satului Abaclia - BasTV\",\"isPartOf\":{\"@id\":\"https:\\\/\\\/bas-tv.md\\\/ro\\\/#website\"},\"primaryImageOfPage\":{\"@id\":\"https:\\\/\\\/bas-tv.md\\\/ro\\\/sezonul-declaratiilor-ce-detine-primarul-satului-abaclia-2\\\/#primaryimage\"},\"image\":{\"@id\":\"https:\\\/\\\/bas-tv.md\\\/ro\\\/sezonul-declaratiilor-ce-detine-primarul-satului-abaclia-2\\\/#primaryimage\"},\"thumbnailUrl\":\"https:\\\/\\\/bas-tv.md\\\/wp-content\\\/uploads\\\/2024\\\/04\\\/img_1472-1130x580-1.jpg\",\"datePublished\":\"2024-04-12T15:30:19+00:00\",\"description\":\"Pe site-ul Autorit\u0103\u021bii Na\u021bionale de Integritate a fost publicat\u0103 declara\u021bia de avere \u0219i interese personale a primarului din s. Abaclia pentru anul 2023. Potrivit documentului, Victor Niculi\u021b\u0103 a ridicat \u00een anul 2023 un salariu de baz\u0103 de peste 184 mii de lei.\",\"inLanguage\":\"ro-RO\",\"potentialAction\":[{\"@type\":\"ReadAction\",\"target\":[\"https:\\\/\\\/bas-tv.md\\\/ro\\\/sezonul-declaratiilor-ce-detine-primarul-satului-abaclia-2\\\/\"]}]},{\"@type\":\"ImageObject\",\"inLanguage\":\"ro-RO\",\"@id\":\"https:\\\/\\\/bas-tv.md\\\/ro\\\/sezonul-declaratiilor-ce-detine-primarul-satului-abaclia-2\\\/#primaryimage\",\"url\":\"https:\\\/\\\/bas-tv.md\\\/wp-content\\\/uploads\\\/2024\\\/04\\\/img_1472-1130x580-1.jpg\",\"contentUrl\":\"https:\\\/\\\/bas-tv.md\\\/wp-content\\\/uploads\\\/2024\\\/04\\\/img_1472-1130x580-1.jpg\",\"width\":1130,\"height\":580},{\"@type\":\"WebSite\",\"@id\":\"https:\\\/\\\/bas-tv.md\\\/ro\\\/#website\",\"url\":\"https:\\\/\\\/bas-tv.md\\\/ro\\\/\",\"name\":\"BasTV\",\"description\":\"Moldova\",\"publisher\":{\"@id\":\"https:\\\/\\\/bas-tv.md\\\/ro\\\/#organization\"},\"potentialAction\":[{\"@type\":\"SearchAction\",\"target\":{\"@type\":\"EntryPoint\",\"urlTemplate\":\"https:\\\/\\\/bas-tv.md\\\/ro\\\/?s={search_term_string}\"},\"query-input\":{\"@type\":\"PropertyValueSpecification\",\"valueRequired\":true,\"valueName\":\"search_term_string\"}}],\"inLanguage\":\"ro-RO\"},{\"@type\":\"Organization\",\"@id\":\"https:\\\/\\\/bas-tv.md\\\/ro\\\/#organization\",\"name\":\"BasTV\",\"url\":\"https:\\\/\\\/bas-tv.md\\\/ro\\\/\",\"logo\":{\"@type\":\"ImageObject\",\"inLanguage\":\"ro-RO\",\"@id\":\"https:\\\/\\\/bas-tv.md\\\/ro\\\/#\\\/schema\\\/logo\\\/image\\\/\",\"url\":\"https:\\\/\\\/bas-tv.md\\\/wp-content\\\/uploads\\\/2023\\\/05\\\/bas-tv-culoarea-rosie.png\",\"contentUrl\":\"https:\\\/\\\/bas-tv.md\\\/wp-content\\\/uploads\\\/2023\\\/05\\\/bas-tv-culoarea-rosie.png\",\"width\":202,\"height\":50,\"caption\":\"BasTV\"},\"image\":{\"@id\":\"https:\\\/\\\/bas-tv.md\\\/ro\\\/#\\\/schema\\\/logo\\\/image\\\/\"}},{\"@type\":\"Person\",\"@id\":\"https:\\\/\\\/bas-tv.md\\\/ro\\\/#\\\/schema\\\/person\\\/8740f45ea2eca1f1695284fc03529af0\",\"name\":\"Redactor\",\"image\":{\"@type\":\"ImageObject\",\"inLanguage\":\"ro-RO\",\"@id\":\"https:\\\/\\\/secure.gravatar.com\\\/avatar\\\/45b6af9fc91c10b15a8b40e67c1f57bab2e9614fc9f0af95cf453d61934e9aad?s=96&d=mm&r=g\",\"url\":\"https:\\\/\\\/secure.gravatar.com\\\/avatar\\\/45b6af9fc91c10b15a8b40e67c1f57bab2e9614fc9f0af95cf453d61934e9aad?s=96&d=mm&r=g\",\"contentUrl\":\"https:\\\/\\\/secure.gravatar.com\\\/avatar\\\/45b6af9fc91c10b15a8b40e67c1f57bab2e9614fc9f0af95cf453d61934e9aad?s=96&d=mm&r=g\",\"caption\":\"Redactor\"},\"url\":\"https:\\\/\\\/bas-tv.md\\\/ro\\\/author\\\/redactor\\\/\"}]}<\/script>\n<!-- \/ Yoast SEO plugin. -->","yoast_head_json":{"title":"Sezonul declara\u021biilor: Ce de\u021bine primarul satului Abaclia - BasTV","description":"Pe site-ul Autorit\u0103\u021bii Na\u021bionale de Integritate a fost publicat\u0103 declara\u021bia de avere \u0219i interese personale a primarului din s. Abaclia pentru anul 2023. Potrivit documentului, Victor Niculi\u021b\u0103 a ridicat \u00een anul 2023 un salariu de baz\u0103 de peste 184 mii de lei.","robots":{"index":"index","follow":"follow","max-snippet":"max-snippet:-1","max-image-preview":"max-image-preview:large","max-video-preview":"max-video-preview:-1"},"canonical":"https:\/\/bas-tv.md\/ro\/sezonul-declaratiilor-ce-detine-primarul-satului-abaclia-2\/","og_locale":"ro_RO","og_type":"article","og_title":"Sezonul declara\u021biilor: Ce de\u021bine primarul satului Abaclia - BasTV","og_description":"Pe site-ul Autorit\u0103\u021bii Na\u021bionale de Integritate a fost publicat\u0103 declara\u021bia de avere \u0219i interese personale a primarului din s. Abaclia pentru anul 2023. Potrivit documentului, Victor Niculi\u021b\u0103 a ridicat \u00een anul 2023 un salariu de baz\u0103 de peste 184 mii de lei.","og_url":"https:\/\/bas-tv.md\/ro\/sezonul-declaratiilor-ce-detine-primarul-satului-abaclia-2\/","og_site_name":"BasTV","article_published_time":"2024-04-12T15:30:19+00:00","og_image":[{"width":1130,"height":580,"url":"https:\/\/bas-tv.md\/wp-content\/uploads\/2024\/04\/img_1472-1130x580-1.jpg","type":"image\/jpeg"}],"author":"Redactor","twitter_card":"summary_large_image","twitter_misc":{"Scris de":"Redactor","Timp estimat pentru citire":"3 minute"},"schema":{"@context":"https:\/\/schema.org","@graph":[{"@type":"Article","@id":"https:\/\/bas-tv.md\/ro\/sezonul-declaratiilor-ce-detine-primarul-satului-abaclia-2\/#article","isPartOf":{"@id":"https:\/\/bas-tv.md\/ro\/sezonul-declaratiilor-ce-detine-primarul-satului-abaclia-2\/"},"author":{"name":"Redactor","@id":"https:\/\/bas-tv.md\/ro\/#\/schema\/person\/8740f45ea2eca1f1695284fc03529af0"},"headline":"Sezonul declara\u021biilor: Ce de\u021bine primarul satului Abaclia","datePublished":"2024-04-12T15:30:19+00:00","mainEntityOfPage":{"@id":"https:\/\/bas-tv.md\/ro\/sezonul-declaratiilor-ce-detine-primarul-satului-abaclia-2\/"},"wordCount":400,"publisher":{"@id":"https:\/\/bas-tv.md\/ro\/#organization"},"image":{"@id":"https:\/\/bas-tv.md\/ro\/sezonul-declaratiilor-ce-detine-primarul-satului-abaclia-2\/#primaryimage"},"thumbnailUrl":"https:\/\/bas-tv.md\/wp-content\/uploads\/2024\/04\/img_1472-1130x580-1.jpg","keywords":["abaclia","avere","bani","declara\u021bie","\u043f\u0440\u0438\u043c\u0430\u0440"],"articleSection":["Actualitate","\u00cen Basarabeasca"],"inLanguage":"ro-RO"},{"@type":"WebPage","@id":"https:\/\/bas-tv.md\/ro\/sezonul-declaratiilor-ce-detine-primarul-satului-abaclia-2\/","url":"https:\/\/bas-tv.md\/ro\/sezonul-declaratiilor-ce-detine-primarul-satului-abaclia-2\/","name":"Sezonul declara\u021biilor: Ce de\u021bine primarul satului Abaclia - BasTV","isPartOf":{"@id":"https:\/\/bas-tv.md\/ro\/#website"},"primaryImageOfPage":{"@id":"https:\/\/bas-tv.md\/ro\/sezonul-declaratiilor-ce-detine-primarul-satului-abaclia-2\/#primaryimage"},"image":{"@id":"https:\/\/bas-tv.md\/ro\/sezonul-declaratiilor-ce-detine-primarul-satului-abaclia-2\/#primaryimage"},"thumbnailUrl":"https:\/\/bas-tv.md\/wp-content\/uploads\/2024\/04\/img_1472-1130x580-1.jpg","datePublished":"2024-04-12T15:30:19+00:00","description":"Pe site-ul Autorit\u0103\u021bii Na\u021bionale de Integritate a fost publicat\u0103 declara\u021bia de avere \u0219i interese personale a primarului din s. Abaclia pentru anul 2023. Potrivit documentului, Victor Niculi\u021b\u0103 a ridicat \u00een anul 2023 un salariu de baz\u0103 de peste 184 mii de lei.","inLanguage":"ro-RO","potentialAction":[{"@type":"ReadAction","target":["https:\/\/bas-tv.md\/ro\/sezonul-declaratiilor-ce-detine-primarul-satului-abaclia-2\/"]}]},{"@type":"ImageObject","inLanguage":"ro-RO","@id":"https:\/\/bas-tv.md\/ro\/sezonul-declaratiilor-ce-detine-primarul-satului-abaclia-2\/#primaryimage","url":"https:\/\/bas-tv.md\/wp-content\/uploads\/2024\/04\/img_1472-1130x580-1.jpg","contentUrl":"https:\/\/bas-tv.md\/wp-content\/uploads\/2024\/04\/img_1472-1130x580-1.jpg","width":1130,"height":580},{"@type":"WebSite","@id":"https:\/\/bas-tv.md\/ro\/#website","url":"https:\/\/bas-tv.md\/ro\/","name":"BasTV","description":"Moldova","publisher":{"@id":"https:\/\/bas-tv.md\/ro\/#organization"},"potentialAction":[{"@type":"SearchAction","target":{"@type":"EntryPoint","urlTemplate":"https:\/\/bas-tv.md\/ro\/?s={search_term_string}"},"query-input":{"@type":"PropertyValueSpecification","valueRequired":true,"valueName":"search_term_string"}}],"inLanguage":"ro-RO"},{"@type":"Organization","@id":"https:\/\/bas-tv.md\/ro\/#organization","name":"BasTV","url":"https:\/\/bas-tv.md\/ro\/","logo":{"@type":"ImageObject","inLanguage":"ro-RO","@id":"https:\/\/bas-tv.md\/ro\/#\/schema\/logo\/image\/","url":"https:\/\/bas-tv.md\/wp-content\/uploads\/2023\/05\/bas-tv-culoarea-rosie.png","contentUrl":"https:\/\/bas-tv.md\/wp-content\/uploads\/2023\/05\/bas-tv-culoarea-rosie.png","width":202,"height":50,"caption":"BasTV"},"image":{"@id":"https:\/\/bas-tv.md\/ro\/#\/schema\/logo\/image\/"}},{"@type":"Person","@id":"https:\/\/bas-tv.md\/ro\/#\/schema\/person\/8740f45ea2eca1f1695284fc03529af0","name":"Redactor","image":{"@type":"ImageObject","inLanguage":"ro-RO","@id":"https:\/\/secure.gravatar.com\/avatar\/45b6af9fc91c10b15a8b40e67c1f57bab2e9614fc9f0af95cf453d61934e9aad?s=96&d=mm&r=g","url":"https:\/\/secure.gravatar.com\/avatar\/45b6af9fc91c10b15a8b40e67c1f57bab2e9614fc9f0af95cf453d61934e9aad?s=96&d=mm&r=g","contentUrl":"https:\/\/secure.gravatar.com\/avatar\/45b6af9fc91c10b15a8b40e67c1f57bab2e9614fc9f0af95cf453d61934e9aad?s=96&d=mm&r=g","caption":"Redactor"},"url":"https:\/\/bas-tv.md\/ro\/author\/redactor\/"}]}},"views":682,"_links":{"self":[{"href":"https:\/\/bas-tv.md\/ro\/wp-json\/wp\/v2\/posts\/116072","targetHints":{"allow":["GET"]}}],"collection":[{"href":"https:\/\/bas-tv.md\/ro\/wp-json\/wp\/v2\/posts"}],"about":[{"href":"https:\/\/bas-tv.md\/ro\/wp-json\/wp\/v2\/types\/post"}],"author":[{"embeddable":true,"href":"https:\/\/bas-tv.md\/ro\/wp-json\/wp\/v2\/users\/3"}],"replies":[{"embeddable":true,"href":"https:\/\/bas-tv.md\/ro\/wp-json\/wp\/v2\/comments?post=116072"}],"version-history":[{"count":5,"href":"https:\/\/bas-tv.md\/ro\/wp-json\/wp\/v2\/posts\/116072\/revisions"}],"predecessor-version":[{"id":116481,"href":"https:\/\/bas-tv.md\/ro\/wp-json\/wp\/v2\/posts\/116072\/revisions\/116481"}],"wp:featuredmedia":[{"embeddable":true,"href":"https:\/\/bas-tv.md\/ro\/wp-json\/wp\/v2\/media\/116073"}],"wp:attachment":[{"href":"https:\/\/bas-tv.md\/ro\/wp-json\/wp\/v2\/media?parent=116072"}],"wp:term":[{"taxonomy":"category","embeddable":true,"href":"https:\/\/bas-tv.md\/ro\/wp-json\/wp\/v2\/categories?post=116072"},{"taxonomy":"post_tag","embeddable":true,"href":"https:\/\/bas-tv.md\/ro\/wp-json\/wp\/v2\/tags?post=116072"}],"curies":[{"name":"wp","href":"https:\/\/api.w.org\/{rel}","templated":true}]}}