{"id":116088,"date":"2024-04-18T20:00:58","date_gmt":"2024-04-18T17:00:58","guid":{"rendered":"https:\/\/bas-tv.md\/?p=116088"},"modified":"2024-04-17T17:55:22","modified_gmt":"2024-04-17T14:55:22","slug":"sezonul-declaratiilor-ce-detine-primarul-satului-bascalia-2","status":"publish","type":"post","link":"https:\/\/bas-tv.md\/ro\/sezonul-declaratiilor-ce-detine-primarul-satului-bascalia-2\/","title":{"rendered":"Sezonul declara\u021biilor: ce de\u021bine primarul satului Ba\u0219calia"},"content":{"rendered":"<p><b>Pe site-ul Autorit\u0103\u021bii Na\u021bionale de Integritate a fost publicat\u0103 declara\u021bia de avere \u0219i interese personale a primarului din s. Ba\u0219calia pentru anul 2023. Potrivit documentului, Ilie Cernau\u021ban declarat, pentru anul 2023, un salariu de 7 843 lei. De asemenea, \u00een declara\u021bie sunt prezente \u0219i alte bunuri.<\/b><\/p>\n<p><span style=\"font-weight: 400;\">Primarul s. Ba\u0219calia indic\u0103 \u00een declara\u021bia de avere \u0219i interese personale, pe l\u00e2ng\u0103 salariul de primar, un venit de 286 MDL de pe urma \u00centreprinderii Individuale \u201eCernau\u021ban Ilie\u201d \u0219i un venit de 5 000 EUR din munca peste hotare a unui membru din familie.\u00a0<\/span><\/p>\n<p><span style=\"font-weight: 400;\">Potrivit documentului, \u00eencep\u00e2nd cu anul 1993 \u0219i p\u00e2n\u0103 \u00een prezent, Ilie Cernau\u021ban de\u021bine 7 loturi de p\u0103m\u00e2nt, \u0219i anume:<\/span><\/p>\n<ul>\n<li style=\"font-weight: 400;\" aria-level=\"1\"><span style=\"font-weight: 400;\">5 terenuri agricole cu suprafe\u021bele de 0,10 ha; 1,54 ha; 0,31 ha; 1,34 ha; 0,12 ha, cu o valoare total\u0103 de aproximativ 36 mii lei;\u00a0<\/span><\/li>\n<li style=\"font-weight: 400;\" aria-level=\"1\"><span style=\"font-weight: 400;\">2 terenuri intravilane cu suprafa\u021ba de 0,20 ha \u0219i 0,14 ha, \u00een valoare aproximativ\u0103 de 22.2 mii lei.<\/span><\/li>\n<\/ul>\n<p><span style=\"font-weight: 400;\">\u00cen declara\u021bie, primarul indic\u0103 c\u0103 familia sa de\u021bine o cas\u0103 de locuit de 168 m2, dob\u00e2ndit\u0103 \u00een 1993, a c\u0103rei valoare nu este indicat\u0103, \u0219i un spa\u021biu comercial\/de produc\u021bie, cu o suprafa\u021b\u0103 de 175,5 m2, dob\u00e2ndit \u00een anul 2003. Valoarea acestuia o constituie 155 059 lei.<\/span><\/p>\n<p><strong><span style=\"font-weight: 400;\">Ca mijloc de transport, Ilie Cernau\u021ban de\u021bine doar un singur autoturism, Toyota Corolla, fabricat \u00een anul 2006, pe care l-a dob\u00e2ndit \u00een 2019. Valoarea bunului este estimat\u0103 la 40 000 lei.<\/span><b><br \/>\n<\/b><\/strong><\/p>\n<p><iframe data-src=\"https:\/\/drive.google.com\/file\/d\/1FIjD2l8pQNNh-_L0ATGDugYanWwuH5Hd\/preview\" width=\"640\" height=\"480\" src=\"data:image\/svg+xml;base64,PHN2ZyB3aWR0aD0iMSIgaGVpZ2h0PSIxIiB4bWxucz0iaHR0cDovL3d3dy53My5vcmcvMjAwMC9zdmciPjwvc3ZnPg==\" class=\"lazyload\" data-load-mode=\"1\"><\/iframe><\/p>\n<p><strong>Sus\u021bine\u021bi redac\u021bia BAStv, abona\u021bi-v\u0103 la noi pe platforma\u00a0<a href=\"https:\/\/www.patreon.com\/BAStv?fan_landing=true&amp;fbclid=IwAR3MeSDKfH4ixBydCXX9D1lhrCszhps3ID5uxuGA-Ktd4MTkZCRdlcEZkQI\">Patreon\u00a0<\/a>sau prin efectuarea contribu\u021biilor prin\u00a0<a href=\"https:\/\/www.paypal.com\/paypalme\/supportbastv\">PayPal<\/a>! Aceasta ne va ajuta s\u0103 cre\u0103m con\u021binut interesant \u0219i util pentru dvs., r\u0103m\u00e2n\u00e2nd \u00een continuare o platform\u0103 media independent\u0103.<\/strong><\/p>\n<p><b>Abona\u021bi-v\u0103 la noi pe re\u021bele sociale:\u00a0<\/b><a href=\"https:\/\/t.me\/bastvmd\"><b><i>Telegram<\/i><\/b><\/a><b>,\u00a0<\/b><a href=\"https:\/\/www.youtube.com\/channel\/UC-9005PnLnhpNM8PVSjP2dQ\/featured\"><b><i>YouTube<\/i><\/b><\/a><b>,\u00a0<\/b><a href=\"https:\/\/www.facebook.com\/bastv.md\"><b><i>Facebook<\/i><\/b><\/a>\u00a0<strong>\u0219i\u00a0<\/strong><a href=\"https:\/\/www.instagram.com\/bastv.md\/\"><b><i>Instagram<\/i><\/b><\/a><b>. Aici public\u0103m \u0219tiri pe scurt!<\/b><\/p>\n","protected":false},"excerpt":{"rendered":"<p>Pe site-ul Autorit\u0103\u021bii Na\u021bionale de Integritate a fost publicat\u0103 declara\u021bia de avere \u0219i interese personale a primarului din s. Ba\u0219calia pentru anul 2023. Potrivit documentului, Ilie Cernau\u021ban declarat, pentru anul 2023, un salariu de 7 843 lei. De asemenea, \u00een declara\u021bie sunt prezente \u0219i alte bunuri. Primarul s. Ba\u0219calia indic\u0103 \u00een declara\u021bia de avere \u0219i [&hellip;]<\/p>\n","protected":false},"author":3,"featured_media":116089,"comment_status":"closed","ping_status":"closed","sticky":false,"template":"","format":"standard","meta":{"footnotes":""},"categories":[572,573],"tags":[2180,706,1613,2183,1515],"class_list":["post-116088","post","type-post","status-publish","format-standard","has-post-thumbnail","hentry","category-bani","category-in-esenta","tag-avere","tag-bani","tag-bascalia","tag-lei","tag-primar-ro"],"yoast_head":"<!-- This site is optimized with the Yoast SEO plugin v27.5 - https:\/\/yoast.com\/product\/yoast-seo-wordpress\/ -->\n<title>Sezonul declara\u021biilor: ce de\u021bine primarul satului Ba\u0219calia - BasTV<\/title>\n<meta name=\"description\" content=\"Pe site-ul Autorit\u0103\u021bii Na\u021bionale de Integritate a fost publicat\u0103 declara\u021bia de avere \u0219i interese personale a primarului din s. Ba\u0219calia pentru anul 2023. Potrivit documentului, Ilie Cernau\u021ban declarat, pentru anul anul 2023, un salariu de 7 843 lei. De asemenea, \u00een declara\u021bie sunt prezente \u0219i alte bunuri.\" \/>\n<meta name=\"robots\" content=\"index, follow, max-snippet:-1, max-image-preview:large, max-video-preview:-1\" \/>\n<link rel=\"canonical\" href=\"https:\/\/bas-tv.md\/ro\/sezonul-declaratiilor-ce-detine-primarul-satului-bascalia-2\/\" \/>\n<meta property=\"og:locale\" content=\"ro_RO\" \/>\n<meta property=\"og:type\" content=\"article\" \/>\n<meta property=\"og:title\" content=\"Sezonul declara\u021biilor: ce de\u021bine primarul satului Ba\u0219calia - BasTV\" \/>\n<meta property=\"og:description\" content=\"Pe site-ul Autorit\u0103\u021bii Na\u021bionale de Integritate a fost publicat\u0103 declara\u021bia de avere \u0219i interese personale a primarului din s. Ba\u0219calia pentru anul 2023. Potrivit documentului, Ilie Cernau\u021ban declarat, pentru anul anul 2023, un salariu de 7 843 lei. De asemenea, \u00een declara\u021bie sunt prezente \u0219i alte bunuri.\" \/>\n<meta property=\"og:url\" content=\"https:\/\/bas-tv.md\/ro\/sezonul-declaratiilor-ce-detine-primarul-satului-bascalia-2\/\" \/>\n<meta property=\"og:site_name\" content=\"BasTV\" \/>\n<meta property=\"article:published_time\" content=\"2024-04-18T17:00:58+00:00\" \/>\n<meta property=\"og:image\" content=\"https:\/\/bas-tv.md\/wp-content\/uploads\/2024\/04\/design-fara-titlu-2.png\" \/>\n\t<meta property=\"og:image:width\" content=\"1440\" \/>\n\t<meta property=\"og:image:height\" content=\"810\" \/>\n\t<meta property=\"og:image:type\" content=\"image\/png\" \/>\n<meta name=\"author\" content=\"Redactor\" \/>\n<meta name=\"twitter:card\" content=\"summary_large_image\" \/>\n<meta name=\"twitter:label1\" content=\"Scris de\" \/>\n\t<meta name=\"twitter:data1\" content=\"Redactor\" \/>\n\t<meta name=\"twitter:label2\" content=\"Timp estimat pentru citire\" \/>\n\t<meta name=\"twitter:data2\" content=\"2 minute\" \/>\n<script type=\"application\/ld+json\" class=\"yoast-schema-graph\">{\"@context\":\"https:\\\/\\\/schema.org\",\"@graph\":[{\"@type\":\"Article\",\"@id\":\"https:\\\/\\\/bas-tv.md\\\/ro\\\/sezonul-declaratiilor-ce-detine-primarul-satului-bascalia-2\\\/#article\",\"isPartOf\":{\"@id\":\"https:\\\/\\\/bas-tv.md\\\/ro\\\/sezonul-declaratiilor-ce-detine-primarul-satului-bascalia-2\\\/\"},\"author\":{\"name\":\"Redactor\",\"@id\":\"https:\\\/\\\/bas-tv.md\\\/ro\\\/#\\\/schema\\\/person\\\/8740f45ea2eca1f1695284fc03529af0\"},\"headline\":\"Sezonul declara\u021biilor: ce de\u021bine primarul satului Ba\u0219calia\",\"datePublished\":\"2024-04-18T17:00:58+00:00\",\"mainEntityOfPage\":{\"@id\":\"https:\\\/\\\/bas-tv.md\\\/ro\\\/sezonul-declaratiilor-ce-detine-primarul-satului-bascalia-2\\\/\"},\"wordCount\":301,\"publisher\":{\"@id\":\"https:\\\/\\\/bas-tv.md\\\/ro\\\/#organization\"},\"image\":{\"@id\":\"https:\\\/\\\/bas-tv.md\\\/ro\\\/sezonul-declaratiilor-ce-detine-primarul-satului-bascalia-2\\\/#primaryimage\"},\"thumbnailUrl\":\"https:\\\/\\\/bas-tv.md\\\/wp-content\\\/uploads\\\/2024\\\/04\\\/design-fara-titlu-2.png\",\"keywords\":[\"avere\",\"bani\",\"Ba\u0219calia\",\"lei\",\"\u043f\u0440\u0438\u043c\u0430\u0440\"],\"articleSection\":[\"Bani\",\"\u00cen esen\u021b\u0103\"],\"inLanguage\":\"ro-RO\"},{\"@type\":\"WebPage\",\"@id\":\"https:\\\/\\\/bas-tv.md\\\/ro\\\/sezonul-declaratiilor-ce-detine-primarul-satului-bascalia-2\\\/\",\"url\":\"https:\\\/\\\/bas-tv.md\\\/ro\\\/sezonul-declaratiilor-ce-detine-primarul-satului-bascalia-2\\\/\",\"name\":\"Sezonul declara\u021biilor: ce de\u021bine primarul satului Ba\u0219calia - BasTV\",\"isPartOf\":{\"@id\":\"https:\\\/\\\/bas-tv.md\\\/ro\\\/#website\"},\"primaryImageOfPage\":{\"@id\":\"https:\\\/\\\/bas-tv.md\\\/ro\\\/sezonul-declaratiilor-ce-detine-primarul-satului-bascalia-2\\\/#primaryimage\"},\"image\":{\"@id\":\"https:\\\/\\\/bas-tv.md\\\/ro\\\/sezonul-declaratiilor-ce-detine-primarul-satului-bascalia-2\\\/#primaryimage\"},\"thumbnailUrl\":\"https:\\\/\\\/bas-tv.md\\\/wp-content\\\/uploads\\\/2024\\\/04\\\/design-fara-titlu-2.png\",\"datePublished\":\"2024-04-18T17:00:58+00:00\",\"description\":\"Pe site-ul Autorit\u0103\u021bii Na\u021bionale de Integritate a fost publicat\u0103 declara\u021bia de avere \u0219i interese personale a primarului din s. Ba\u0219calia pentru anul 2023. Potrivit documentului, Ilie Cernau\u021ban declarat, pentru anul anul 2023, un salariu de 7 843 lei. De asemenea, \u00een declara\u021bie sunt prezente \u0219i alte bunuri.\",\"inLanguage\":\"ro-RO\",\"potentialAction\":[{\"@type\":\"ReadAction\",\"target\":[\"https:\\\/\\\/bas-tv.md\\\/ro\\\/sezonul-declaratiilor-ce-detine-primarul-satului-bascalia-2\\\/\"]}]},{\"@type\":\"ImageObject\",\"inLanguage\":\"ro-RO\",\"@id\":\"https:\\\/\\\/bas-tv.md\\\/ro\\\/sezonul-declaratiilor-ce-detine-primarul-satului-bascalia-2\\\/#primaryimage\",\"url\":\"https:\\\/\\\/bas-tv.md\\\/wp-content\\\/uploads\\\/2024\\\/04\\\/design-fara-titlu-2.png\",\"contentUrl\":\"https:\\\/\\\/bas-tv.md\\\/wp-content\\\/uploads\\\/2024\\\/04\\\/design-fara-titlu-2.png\",\"width\":1440,\"height\":810},{\"@type\":\"WebSite\",\"@id\":\"https:\\\/\\\/bas-tv.md\\\/ro\\\/#website\",\"url\":\"https:\\\/\\\/bas-tv.md\\\/ro\\\/\",\"name\":\"BasTV\",\"description\":\"Moldova\",\"publisher\":{\"@id\":\"https:\\\/\\\/bas-tv.md\\\/ro\\\/#organization\"},\"potentialAction\":[{\"@type\":\"SearchAction\",\"target\":{\"@type\":\"EntryPoint\",\"urlTemplate\":\"https:\\\/\\\/bas-tv.md\\\/ro\\\/?s={search_term_string}\"},\"query-input\":{\"@type\":\"PropertyValueSpecification\",\"valueRequired\":true,\"valueName\":\"search_term_string\"}}],\"inLanguage\":\"ro-RO\"},{\"@type\":\"Organization\",\"@id\":\"https:\\\/\\\/bas-tv.md\\\/ro\\\/#organization\",\"name\":\"BasTV\",\"url\":\"https:\\\/\\\/bas-tv.md\\\/ro\\\/\",\"logo\":{\"@type\":\"ImageObject\",\"inLanguage\":\"ro-RO\",\"@id\":\"https:\\\/\\\/bas-tv.md\\\/ro\\\/#\\\/schema\\\/logo\\\/image\\\/\",\"url\":\"https:\\\/\\\/bas-tv.md\\\/wp-content\\\/uploads\\\/2023\\\/05\\\/bas-tv-culoarea-rosie.png\",\"contentUrl\":\"https:\\\/\\\/bas-tv.md\\\/wp-content\\\/uploads\\\/2023\\\/05\\\/bas-tv-culoarea-rosie.png\",\"width\":202,\"height\":50,\"caption\":\"BasTV\"},\"image\":{\"@id\":\"https:\\\/\\\/bas-tv.md\\\/ro\\\/#\\\/schema\\\/logo\\\/image\\\/\"}},{\"@type\":\"Person\",\"@id\":\"https:\\\/\\\/bas-tv.md\\\/ro\\\/#\\\/schema\\\/person\\\/8740f45ea2eca1f1695284fc03529af0\",\"name\":\"Redactor\",\"image\":{\"@type\":\"ImageObject\",\"inLanguage\":\"ro-RO\",\"@id\":\"https:\\\/\\\/secure.gravatar.com\\\/avatar\\\/45b6af9fc91c10b15a8b40e67c1f57bab2e9614fc9f0af95cf453d61934e9aad?s=96&d=mm&r=g\",\"url\":\"https:\\\/\\\/secure.gravatar.com\\\/avatar\\\/45b6af9fc91c10b15a8b40e67c1f57bab2e9614fc9f0af95cf453d61934e9aad?s=96&d=mm&r=g\",\"contentUrl\":\"https:\\\/\\\/secure.gravatar.com\\\/avatar\\\/45b6af9fc91c10b15a8b40e67c1f57bab2e9614fc9f0af95cf453d61934e9aad?s=96&d=mm&r=g\",\"caption\":\"Redactor\"},\"url\":\"https:\\\/\\\/bas-tv.md\\\/ro\\\/author\\\/redactor\\\/\"}]}<\/script>\n<!-- \/ Yoast SEO plugin. -->","yoast_head_json":{"title":"Sezonul declara\u021biilor: ce de\u021bine primarul satului Ba\u0219calia - BasTV","description":"Pe site-ul Autorit\u0103\u021bii Na\u021bionale de Integritate a fost publicat\u0103 declara\u021bia de avere \u0219i interese personale a primarului din s. Ba\u0219calia pentru anul 2023. Potrivit documentului, Ilie Cernau\u021ban declarat, pentru anul anul 2023, un salariu de 7 843 lei. De asemenea, \u00een declara\u021bie sunt prezente \u0219i alte bunuri.","robots":{"index":"index","follow":"follow","max-snippet":"max-snippet:-1","max-image-preview":"max-image-preview:large","max-video-preview":"max-video-preview:-1"},"canonical":"https:\/\/bas-tv.md\/ro\/sezonul-declaratiilor-ce-detine-primarul-satului-bascalia-2\/","og_locale":"ro_RO","og_type":"article","og_title":"Sezonul declara\u021biilor: ce de\u021bine primarul satului Ba\u0219calia - BasTV","og_description":"Pe site-ul Autorit\u0103\u021bii Na\u021bionale de Integritate a fost publicat\u0103 declara\u021bia de avere \u0219i interese personale a primarului din s. Ba\u0219calia pentru anul 2023. Potrivit documentului, Ilie Cernau\u021ban declarat, pentru anul anul 2023, un salariu de 7 843 lei. De asemenea, \u00een declara\u021bie sunt prezente \u0219i alte bunuri.","og_url":"https:\/\/bas-tv.md\/ro\/sezonul-declaratiilor-ce-detine-primarul-satului-bascalia-2\/","og_site_name":"BasTV","article_published_time":"2024-04-18T17:00:58+00:00","og_image":[{"width":1440,"height":810,"url":"https:\/\/bas-tv.md\/wp-content\/uploads\/2024\/04\/design-fara-titlu-2.png","type":"image\/png"}],"author":"Redactor","twitter_card":"summary_large_image","twitter_misc":{"Scris de":"Redactor","Timp estimat pentru citire":"2 minute"},"schema":{"@context":"https:\/\/schema.org","@graph":[{"@type":"Article","@id":"https:\/\/bas-tv.md\/ro\/sezonul-declaratiilor-ce-detine-primarul-satului-bascalia-2\/#article","isPartOf":{"@id":"https:\/\/bas-tv.md\/ro\/sezonul-declaratiilor-ce-detine-primarul-satului-bascalia-2\/"},"author":{"name":"Redactor","@id":"https:\/\/bas-tv.md\/ro\/#\/schema\/person\/8740f45ea2eca1f1695284fc03529af0"},"headline":"Sezonul declara\u021biilor: ce de\u021bine primarul satului Ba\u0219calia","datePublished":"2024-04-18T17:00:58+00:00","mainEntityOfPage":{"@id":"https:\/\/bas-tv.md\/ro\/sezonul-declaratiilor-ce-detine-primarul-satului-bascalia-2\/"},"wordCount":301,"publisher":{"@id":"https:\/\/bas-tv.md\/ro\/#organization"},"image":{"@id":"https:\/\/bas-tv.md\/ro\/sezonul-declaratiilor-ce-detine-primarul-satului-bascalia-2\/#primaryimage"},"thumbnailUrl":"https:\/\/bas-tv.md\/wp-content\/uploads\/2024\/04\/design-fara-titlu-2.png","keywords":["avere","bani","Ba\u0219calia","lei","\u043f\u0440\u0438\u043c\u0430\u0440"],"articleSection":["Bani","\u00cen esen\u021b\u0103"],"inLanguage":"ro-RO"},{"@type":"WebPage","@id":"https:\/\/bas-tv.md\/ro\/sezonul-declaratiilor-ce-detine-primarul-satului-bascalia-2\/","url":"https:\/\/bas-tv.md\/ro\/sezonul-declaratiilor-ce-detine-primarul-satului-bascalia-2\/","name":"Sezonul declara\u021biilor: ce de\u021bine primarul satului Ba\u0219calia - BasTV","isPartOf":{"@id":"https:\/\/bas-tv.md\/ro\/#website"},"primaryImageOfPage":{"@id":"https:\/\/bas-tv.md\/ro\/sezonul-declaratiilor-ce-detine-primarul-satului-bascalia-2\/#primaryimage"},"image":{"@id":"https:\/\/bas-tv.md\/ro\/sezonul-declaratiilor-ce-detine-primarul-satului-bascalia-2\/#primaryimage"},"thumbnailUrl":"https:\/\/bas-tv.md\/wp-content\/uploads\/2024\/04\/design-fara-titlu-2.png","datePublished":"2024-04-18T17:00:58+00:00","description":"Pe site-ul Autorit\u0103\u021bii Na\u021bionale de Integritate a fost publicat\u0103 declara\u021bia de avere \u0219i interese personale a primarului din s. Ba\u0219calia pentru anul 2023. Potrivit documentului, Ilie Cernau\u021ban declarat, pentru anul anul 2023, un salariu de 7 843 lei. De asemenea, \u00een declara\u021bie sunt prezente \u0219i alte bunuri.","inLanguage":"ro-RO","potentialAction":[{"@type":"ReadAction","target":["https:\/\/bas-tv.md\/ro\/sezonul-declaratiilor-ce-detine-primarul-satului-bascalia-2\/"]}]},{"@type":"ImageObject","inLanguage":"ro-RO","@id":"https:\/\/bas-tv.md\/ro\/sezonul-declaratiilor-ce-detine-primarul-satului-bascalia-2\/#primaryimage","url":"https:\/\/bas-tv.md\/wp-content\/uploads\/2024\/04\/design-fara-titlu-2.png","contentUrl":"https:\/\/bas-tv.md\/wp-content\/uploads\/2024\/04\/design-fara-titlu-2.png","width":1440,"height":810},{"@type":"WebSite","@id":"https:\/\/bas-tv.md\/ro\/#website","url":"https:\/\/bas-tv.md\/ro\/","name":"BasTV","description":"Moldova","publisher":{"@id":"https:\/\/bas-tv.md\/ro\/#organization"},"potentialAction":[{"@type":"SearchAction","target":{"@type":"EntryPoint","urlTemplate":"https:\/\/bas-tv.md\/ro\/?s={search_term_string}"},"query-input":{"@type":"PropertyValueSpecification","valueRequired":true,"valueName":"search_term_string"}}],"inLanguage":"ro-RO"},{"@type":"Organization","@id":"https:\/\/bas-tv.md\/ro\/#organization","name":"BasTV","url":"https:\/\/bas-tv.md\/ro\/","logo":{"@type":"ImageObject","inLanguage":"ro-RO","@id":"https:\/\/bas-tv.md\/ro\/#\/schema\/logo\/image\/","url":"https:\/\/bas-tv.md\/wp-content\/uploads\/2023\/05\/bas-tv-culoarea-rosie.png","contentUrl":"https:\/\/bas-tv.md\/wp-content\/uploads\/2023\/05\/bas-tv-culoarea-rosie.png","width":202,"height":50,"caption":"BasTV"},"image":{"@id":"https:\/\/bas-tv.md\/ro\/#\/schema\/logo\/image\/"}},{"@type":"Person","@id":"https:\/\/bas-tv.md\/ro\/#\/schema\/person\/8740f45ea2eca1f1695284fc03529af0","name":"Redactor","image":{"@type":"ImageObject","inLanguage":"ro-RO","@id":"https:\/\/secure.gravatar.com\/avatar\/45b6af9fc91c10b15a8b40e67c1f57bab2e9614fc9f0af95cf453d61934e9aad?s=96&d=mm&r=g","url":"https:\/\/secure.gravatar.com\/avatar\/45b6af9fc91c10b15a8b40e67c1f57bab2e9614fc9f0af95cf453d61934e9aad?s=96&d=mm&r=g","contentUrl":"https:\/\/secure.gravatar.com\/avatar\/45b6af9fc91c10b15a8b40e67c1f57bab2e9614fc9f0af95cf453d61934e9aad?s=96&d=mm&r=g","caption":"Redactor"},"url":"https:\/\/bas-tv.md\/ro\/author\/redactor\/"}]}},"views":500,"_links":{"self":[{"href":"https:\/\/bas-tv.md\/ro\/wp-json\/wp\/v2\/posts\/116088","targetHints":{"allow":["GET"]}}],"collection":[{"href":"https:\/\/bas-tv.md\/ro\/wp-json\/wp\/v2\/posts"}],"about":[{"href":"https:\/\/bas-tv.md\/ro\/wp-json\/wp\/v2\/types\/post"}],"author":[{"embeddable":true,"href":"https:\/\/bas-tv.md\/ro\/wp-json\/wp\/v2\/users\/3"}],"replies":[{"embeddable":true,"href":"https:\/\/bas-tv.md\/ro\/wp-json\/wp\/v2\/comments?post=116088"}],"version-history":[{"count":6,"href":"https:\/\/bas-tv.md\/ro\/wp-json\/wp\/v2\/posts\/116088\/revisions"}],"predecessor-version":[{"id":116956,"href":"https:\/\/bas-tv.md\/ro\/wp-json\/wp\/v2\/posts\/116088\/revisions\/116956"}],"wp:featuredmedia":[{"embeddable":true,"href":"https:\/\/bas-tv.md\/ro\/wp-json\/wp\/v2\/media\/116089"}],"wp:attachment":[{"href":"https:\/\/bas-tv.md\/ro\/wp-json\/wp\/v2\/media?parent=116088"}],"wp:term":[{"taxonomy":"category","embeddable":true,"href":"https:\/\/bas-tv.md\/ro\/wp-json\/wp\/v2\/categories?post=116088"},{"taxonomy":"post_tag","embeddable":true,"href":"https:\/\/bas-tv.md\/ro\/wp-json\/wp\/v2\/tags?post=116088"}],"curies":[{"name":"wp","href":"https:\/\/api.w.org\/{rel}","templated":true}]}}