{"id":117470,"date":"2024-04-23T11:00:05","date_gmt":"2024-04-23T08:00:05","guid":{"rendered":"https:\/\/bas-tv.md\/?p=117470"},"modified":"2024-04-23T19:12:11","modified_gmt":"2024-04-23T16:12:11","slug":"foto-ziua-pamantului-sarbatorita-in-scolile-raionului-basarabeasca","status":"publish","type":"post","link":"https:\/\/bas-tv.md\/ro\/foto-ziua-pamantului-sarbatorita-in-scolile-raionului-basarabeasca\/","title":{"rendered":"(FOTO) Ziua P\u0103m\u00e2ntului s\u0103rb\u0103torit\u0103 \u00een \u0219colile raionului Basarabeasca"},"content":{"rendered":"<p><b>\u00cen fiecare an, pe 22 aprilie se s\u0103rb\u0103tore\u0219te Ziua P\u0103m\u00e2ntului, ziua c\u00e2nd s-a n\u0103scut mi\u0219carea pentru protejarea mediului \u00eenconjur\u0103tor. Evenimentul a fost ini\u021biat \u00een 1970, c\u00e2nd senatorul american Gaylord Nelson a propus organizarea unei zile dedicate mediului \u00een urma unor proteste masive \u00eempotriva polu\u0103rii. Astfel, v\u0103 invit\u0103m s\u0103 vede\u021bi cum a fost marcat\u0103 aceast\u0103 zi \u00een unele \u0219coli din raionul Basarabeasca.\u00a0<\/b><\/p>\n<p><span style=\"font-weight: 400;\">\u00cen Liceul Teoretic \u201eConstantin Stere\u201d din s. Abaclia, Ziua P\u0103m\u00e2ntului a fost s\u0103rb\u0103torit\u0103 cu mult fast de c\u0103tre elevi. Ace\u0219tia au organizat o activitate, dedicat\u0103 promov\u0103rii mi\u0219c\u0103rilor de protejare a P\u0103m\u00e2ntului \u0219i reciclare a de\u0219eurilor. \u00cen acest sens, a fost organizat\u0103 \u0219i o parad\u0103 a modei, cu haine confec\u021bionate din materiale reciclate. Aici au fost prezen\u021bi \u0219i grupele pre\u0219colari ai gr\u0103dini\u021bei \u201eM\u0103r\u021bi\u0219or\u201d din localitate.<\/span><\/p>\n<p><span style=\"font-weight: 400;\">De asemenea, \u0219i \u00een gimnaziul \u201eMarcu Tarlev\u201d din s. Ba\u0219calia au fost organizate ore informative \u00een contextul s\u0103rb\u0103torii.<\/span><\/p>\n<div id='gallery-1' class='gallery galleryid-117470 gallery-columns-2 gallery-size-large'><figure class='gallery-item'>\n\t\t\t<div class='gallery-icon landscape'>\n\t\t\t\t<a href='https:\/\/bas-tv.md\/ro\/foto-ziua-pamantului-sarbatorita-in-scolile-raionului-basarabeasca\/img_5164\/'><img fetchpriority=\"high\" decoding=\"async\" width=\"580\" height=\"436\" src=\"https:\/\/bas-tv.md\/wp-content\/uploads\/2024\/04\/img_5164-1024x769.jpg\" class=\"attachment-large size-large\" alt=\"\" aria-describedby=\"gallery-1-117485\" srcset=\"https:\/\/bas-tv.md\/wp-content\/uploads\/2024\/04\/img_5164-1024x769.jpg 1024w, https:\/\/bas-tv.md\/wp-content\/uploads\/2024\/04\/img_5164-300x225.jpg 300w, https:\/\/bas-tv.md\/wp-content\/uploads\/2024\/04\/img_5164-768x577.jpg 768w, https:\/\/bas-tv.md\/wp-content\/uploads\/2024\/04\/img_5164-1536x1153.jpg 1536w, https:\/\/bas-tv.md\/wp-content\/uploads\/2024\/04\/img_5164-2048x1538.jpg 2048w, https:\/\/bas-tv.md\/wp-content\/uploads\/2024\/04\/img_5164-1200x901.jpg 1200w, https:\/\/bas-tv.md\/wp-content\/uploads\/2024\/04\/img_5164-1980x1486.jpg 1980w\" sizes=\"(max-width: 580px) 100vw, 580px\" \/><\/a>\n\t\t\t<\/div>\n\t\t\t\t<figcaption class='wp-caption-text gallery-caption' id='gallery-1-117485'>\n\t\t\t\tFoto: LT \u201eC. Stere\u201d\n\t\t\t\t<\/figcaption><\/figure><figure class='gallery-item'>\n\t\t\t<div class='gallery-icon landscape'>\n\t\t\t\t<a href='https:\/\/bas-tv.md\/ro\/foto-ziua-pamantului-sarbatorita-in-scolile-raionului-basarabeasca\/img_5224\/'><img decoding=\"async\" width=\"580\" height=\"436\" data-src=\"https:\/\/bas-tv.md\/wp-content\/uploads\/2024\/04\/img_5224-1024x769.jpg\" class=\"attachment-large size-large lazyload\" alt=\"\" aria-describedby=\"gallery-1-117483\" data-srcset=\"https:\/\/bas-tv.md\/wp-content\/uploads\/2024\/04\/img_5224-1024x769.jpg 1024w, https:\/\/bas-tv.md\/wp-content\/uploads\/2024\/04\/img_5224-300x225.jpg 300w, https:\/\/bas-tv.md\/wp-content\/uploads\/2024\/04\/img_5224-768x577.jpg 768w, https:\/\/bas-tv.md\/wp-content\/uploads\/2024\/04\/img_5224-1536x1153.jpg 1536w, https:\/\/bas-tv.md\/wp-content\/uploads\/2024\/04\/img_5224-2048x1538.jpg 2048w, https:\/\/bas-tv.md\/wp-content\/uploads\/2024\/04\/img_5224-1200x901.jpg 1200w, https:\/\/bas-tv.md\/wp-content\/uploads\/2024\/04\/img_5224-1980x1486.jpg 1980w\" data-sizes=\"(max-width: 580px) 100vw, 580px\" src=\"data:image\/svg+xml;base64,PHN2ZyB3aWR0aD0iMSIgaGVpZ2h0PSIxIiB4bWxucz0iaHR0cDovL3d3dy53My5vcmcvMjAwMC9zdmciPjwvc3ZnPg==\" style=\"--smush-placeholder-width: 580px; --smush-placeholder-aspect-ratio: 580\/436;\" \/><\/a>\n\t\t\t<\/div>\n\t\t\t\t<figcaption class='wp-caption-text gallery-caption' id='gallery-1-117483'>\n\t\t\t\tFoto: LT \u201eC. Stere\u201d\n\t\t\t\t<\/figcaption><\/figure><figure class='gallery-item'>\n\t\t\t<div class='gallery-icon landscape'>\n\t\t\t\t<a href='https:\/\/bas-tv.md\/ro\/foto-ziua-pamantului-sarbatorita-in-scolile-raionului-basarabeasca\/img_5133\/'><img decoding=\"async\" width=\"580\" height=\"436\" data-src=\"https:\/\/bas-tv.md\/wp-content\/uploads\/2024\/04\/img_5133-1024x769.jpg\" class=\"attachment-large size-large lazyload\" alt=\"\" aria-describedby=\"gallery-1-117481\" data-srcset=\"https:\/\/bas-tv.md\/wp-content\/uploads\/2024\/04\/img_5133-1024x769.jpg 1024w, https:\/\/bas-tv.md\/wp-content\/uploads\/2024\/04\/img_5133-300x225.jpg 300w, https:\/\/bas-tv.md\/wp-content\/uploads\/2024\/04\/img_5133-768x577.jpg 768w, https:\/\/bas-tv.md\/wp-content\/uploads\/2024\/04\/img_5133-1536x1153.jpg 1536w, https:\/\/bas-tv.md\/wp-content\/uploads\/2024\/04\/img_5133-2048x1538.jpg 2048w, https:\/\/bas-tv.md\/wp-content\/uploads\/2024\/04\/img_5133-1200x901.jpg 1200w, https:\/\/bas-tv.md\/wp-content\/uploads\/2024\/04\/img_5133-1980x1486.jpg 1980w\" data-sizes=\"(max-width: 580px) 100vw, 580px\" src=\"data:image\/svg+xml;base64,PHN2ZyB3aWR0aD0iMSIgaGVpZ2h0PSIxIiB4bWxucz0iaHR0cDovL3d3dy53My5vcmcvMjAwMC9zdmciPjwvc3ZnPg==\" style=\"--smush-placeholder-width: 580px; --smush-placeholder-aspect-ratio: 580\/436;\" \/><\/a>\n\t\t\t<\/div>\n\t\t\t\t<figcaption class='wp-caption-text gallery-caption' id='gallery-1-117481'>\n\t\t\t\tFoto: LT \u201eC. Stere\u201d\n\t\t\t\t<\/figcaption><\/figure><figure class='gallery-item'>\n\t\t\t<div class='gallery-icon landscape'>\n\t\t\t\t<a href='https:\/\/bas-tv.md\/ro\/foto-ziua-pamantului-sarbatorita-in-scolile-raionului-basarabeasca\/img_5191\/'><img decoding=\"async\" width=\"580\" height=\"436\" data-src=\"https:\/\/bas-tv.md\/wp-content\/uploads\/2024\/04\/img_5191-1024x769.jpg\" class=\"attachment-large size-large lazyload\" alt=\"\" aria-describedby=\"gallery-1-117479\" data-srcset=\"https:\/\/bas-tv.md\/wp-content\/uploads\/2024\/04\/img_5191-1024x769.jpg 1024w, https:\/\/bas-tv.md\/wp-content\/uploads\/2024\/04\/img_5191-300x225.jpg 300w, https:\/\/bas-tv.md\/wp-content\/uploads\/2024\/04\/img_5191-768x577.jpg 768w, https:\/\/bas-tv.md\/wp-content\/uploads\/2024\/04\/img_5191-1536x1153.jpg 1536w, https:\/\/bas-tv.md\/wp-content\/uploads\/2024\/04\/img_5191-2048x1538.jpg 2048w, https:\/\/bas-tv.md\/wp-content\/uploads\/2024\/04\/img_5191-1200x901.jpg 1200w, https:\/\/bas-tv.md\/wp-content\/uploads\/2024\/04\/img_5191-1980x1486.jpg 1980w\" data-sizes=\"(max-width: 580px) 100vw, 580px\" src=\"data:image\/svg+xml;base64,PHN2ZyB3aWR0aD0iMSIgaGVpZ2h0PSIxIiB4bWxucz0iaHR0cDovL3d3dy53My5vcmcvMjAwMC9zdmciPjwvc3ZnPg==\" style=\"--smush-placeholder-width: 580px; --smush-placeholder-aspect-ratio: 580\/436;\" \/><\/a>\n\t\t\t<\/div>\n\t\t\t\t<figcaption class='wp-caption-text gallery-caption' id='gallery-1-117479'>\n\t\t\t\tFoto: LT \u201eC. Stere\u201d\n\t\t\t\t<\/figcaption><\/figure><figure class='gallery-item'>\n\t\t\t<div class='gallery-icon landscape'>\n\t\t\t\t<a href='https:\/\/bas-tv.md\/ro\/foto-ziua-pamantului-sarbatorita-in-scolile-raionului-basarabeasca\/img_5060\/'><img decoding=\"async\" width=\"580\" height=\"436\" data-src=\"https:\/\/bas-tv.md\/wp-content\/uploads\/2024\/04\/img_5060-1024x769.jpg\" class=\"attachment-large size-large lazyload\" alt=\"\" aria-describedby=\"gallery-1-117492\" data-srcset=\"https:\/\/bas-tv.md\/wp-content\/uploads\/2024\/04\/img_5060-1024x769.jpg 1024w, https:\/\/bas-tv.md\/wp-content\/uploads\/2024\/04\/img_5060-300x225.jpg 300w, https:\/\/bas-tv.md\/wp-content\/uploads\/2024\/04\/img_5060-768x577.jpg 768w, https:\/\/bas-tv.md\/wp-content\/uploads\/2024\/04\/img_5060-1536x1153.jpg 1536w, https:\/\/bas-tv.md\/wp-content\/uploads\/2024\/04\/img_5060-2048x1538.jpg 2048w, https:\/\/bas-tv.md\/wp-content\/uploads\/2024\/04\/img_5060-1200x901.jpg 1200w, https:\/\/bas-tv.md\/wp-content\/uploads\/2024\/04\/img_5060-1980x1486.jpg 1980w\" data-sizes=\"(max-width: 580px) 100vw, 580px\" src=\"data:image\/svg+xml;base64,PHN2ZyB3aWR0aD0iMSIgaGVpZ2h0PSIxIiB4bWxucz0iaHR0cDovL3d3dy53My5vcmcvMjAwMC9zdmciPjwvc3ZnPg==\" style=\"--smush-placeholder-width: 580px; --smush-placeholder-aspect-ratio: 580\/436;\" \/><\/a>\n\t\t\t<\/div>\n\t\t\t\t<figcaption class='wp-caption-text gallery-caption' id='gallery-1-117492'>\n\t\t\t\tFoto: LT \u201eC. Stere\u201d\n\t\t\t\t<\/figcaption><\/figure><figure class='gallery-item'>\n\t\t\t<div class='gallery-icon landscape'>\n\t\t\t\t<a href='https:\/\/bas-tv.md\/ro\/foto-ziua-pamantului-sarbatorita-in-scolile-raionului-basarabeasca\/img_5059\/'><img decoding=\"async\" width=\"580\" height=\"436\" data-src=\"https:\/\/bas-tv.md\/wp-content\/uploads\/2024\/04\/img_5059-1024x769.jpg\" class=\"attachment-large size-large lazyload\" alt=\"\" aria-describedby=\"gallery-1-117490\" data-srcset=\"https:\/\/bas-tv.md\/wp-content\/uploads\/2024\/04\/img_5059-1024x769.jpg 1024w, https:\/\/bas-tv.md\/wp-content\/uploads\/2024\/04\/img_5059-300x225.jpg 300w, https:\/\/bas-tv.md\/wp-content\/uploads\/2024\/04\/img_5059-768x577.jpg 768w, https:\/\/bas-tv.md\/wp-content\/uploads\/2024\/04\/img_5059-1536x1153.jpg 1536w, https:\/\/bas-tv.md\/wp-content\/uploads\/2024\/04\/img_5059-2048x1538.jpg 2048w, https:\/\/bas-tv.md\/wp-content\/uploads\/2024\/04\/img_5059-1200x901.jpg 1200w, https:\/\/bas-tv.md\/wp-content\/uploads\/2024\/04\/img_5059-1980x1486.jpg 1980w\" data-sizes=\"(max-width: 580px) 100vw, 580px\" src=\"data:image\/svg+xml;base64,PHN2ZyB3aWR0aD0iMSIgaGVpZ2h0PSIxIiB4bWxucz0iaHR0cDovL3d3dy53My5vcmcvMjAwMC9zdmciPjwvc3ZnPg==\" style=\"--smush-placeholder-width: 580px; --smush-placeholder-aspect-ratio: 580\/436;\" \/><\/a>\n\t\t\t<\/div>\n\t\t\t\t<figcaption class='wp-caption-text gallery-caption' id='gallery-1-117490'>\n\t\t\t\tFoto: LT \u201eC. Stere\u201d\n\t\t\t\t<\/figcaption><\/figure><figure class='gallery-item'>\n\t\t\t<div class='gallery-icon landscape'>\n\t\t\t\t<a href='https:\/\/bas-tv.md\/ro\/foto-ziua-pamantului-sarbatorita-in-scolile-raionului-basarabeasca\/440179807_384565237891790_4409994081662732134_n\/'><img decoding=\"async\" width=\"580\" height=\"435\" data-src=\"https:\/\/bas-tv.md\/wp-content\/uploads\/2024\/04\/440179807_384565237891790_4409994081662732134_n-1024x768.jpg\" class=\"attachment-large size-large lazyload\" alt=\"\" aria-describedby=\"gallery-1-117477\" data-srcset=\"https:\/\/bas-tv.md\/wp-content\/uploads\/2024\/04\/440179807_384565237891790_4409994081662732134_n-1024x768.jpg 1024w, https:\/\/bas-tv.md\/wp-content\/uploads\/2024\/04\/440179807_384565237891790_4409994081662732134_n-300x225.jpg 300w, https:\/\/bas-tv.md\/wp-content\/uploads\/2024\/04\/440179807_384565237891790_4409994081662732134_n-768x576.jpg 768w, https:\/\/bas-tv.md\/wp-content\/uploads\/2024\/04\/440179807_384565237891790_4409994081662732134_n-1536x1152.jpg 1536w, https:\/\/bas-tv.md\/wp-content\/uploads\/2024\/04\/440179807_384565237891790_4409994081662732134_n-1200x900.jpg 1200w, https:\/\/bas-tv.md\/wp-content\/uploads\/2024\/04\/440179807_384565237891790_4409994081662732134_n-1980x1485.jpg 1980w, https:\/\/bas-tv.md\/wp-content\/uploads\/2024\/04\/440179807_384565237891790_4409994081662732134_n.jpg 2048w\" data-sizes=\"(max-width: 580px) 100vw, 580px\" src=\"data:image\/svg+xml;base64,PHN2ZyB3aWR0aD0iMSIgaGVpZ2h0PSIxIiB4bWxucz0iaHR0cDovL3d3dy53My5vcmcvMjAwMC9zdmciPjwvc3ZnPg==\" style=\"--smush-placeholder-width: 580px; --smush-placeholder-aspect-ratio: 580\/435;\" \/><\/a>\n\t\t\t<\/div>\n\t\t\t\t<figcaption class='wp-caption-text gallery-caption' id='gallery-1-117477'>\n\t\t\t\tFoto: Facebook\/ Gimnaziul \u201eM. Tarlev\u201d\n\t\t\t\t<\/figcaption><\/figure><figure class='gallery-item'>\n\t\t\t<div class='gallery-icon landscape'>\n\t\t\t\t<a href='https:\/\/bas-tv.md\/ro\/foto-ziua-pamantului-sarbatorita-in-scolile-raionului-basarabeasca\/440120088_384564091225238_7063676739672288819_n\/'><img decoding=\"async\" width=\"580\" height=\"435\" data-src=\"https:\/\/bas-tv.md\/wp-content\/uploads\/2024\/04\/440120088_384564091225238_7063676739672288819_n-1024x768.jpg\" class=\"attachment-large size-large lazyload\" alt=\"\" aria-describedby=\"gallery-1-117475\" data-srcset=\"https:\/\/bas-tv.md\/wp-content\/uploads\/2024\/04\/440120088_384564091225238_7063676739672288819_n-1024x768.jpg 1024w, https:\/\/bas-tv.md\/wp-content\/uploads\/2024\/04\/440120088_384564091225238_7063676739672288819_n-300x225.jpg 300w, https:\/\/bas-tv.md\/wp-content\/uploads\/2024\/04\/440120088_384564091225238_7063676739672288819_n-768x576.jpg 768w, https:\/\/bas-tv.md\/wp-content\/uploads\/2024\/04\/440120088_384564091225238_7063676739672288819_n-1536x1152.jpg 1536w, https:\/\/bas-tv.md\/wp-content\/uploads\/2024\/04\/440120088_384564091225238_7063676739672288819_n-1200x900.jpg 1200w, https:\/\/bas-tv.md\/wp-content\/uploads\/2024\/04\/440120088_384564091225238_7063676739672288819_n-1980x1485.jpg 1980w, https:\/\/bas-tv.md\/wp-content\/uploads\/2024\/04\/440120088_384564091225238_7063676739672288819_n.jpg 2048w\" data-sizes=\"(max-width: 580px) 100vw, 580px\" src=\"data:image\/svg+xml;base64,PHN2ZyB3aWR0aD0iMSIgaGVpZ2h0PSIxIiB4bWxucz0iaHR0cDovL3d3dy53My5vcmcvMjAwMC9zdmciPjwvc3ZnPg==\" style=\"--smush-placeholder-width: 580px; --smush-placeholder-aspect-ratio: 580\/435;\" \/><\/a>\n\t\t\t<\/div>\n\t\t\t\t<figcaption class='wp-caption-text gallery-caption' id='gallery-1-117475'>\n\t\t\t\tFoto: Facebook\/ Gimnaziul \u201eM. Tarlev\u201d\n\t\t\t\t<\/figcaption><\/figure><figure class='gallery-item'>\n\t\t\t<div class='gallery-icon portrait'>\n\t\t\t\t<a href='https:\/\/bas-tv.md\/ro\/foto-ziua-pamantului-sarbatorita-in-scolile-raionului-basarabeasca\/439993579_384562751225372_2957985004058735066_n\/'><img decoding=\"async\" width=\"580\" height=\"773\" data-src=\"https:\/\/bas-tv.md\/wp-content\/uploads\/2024\/04\/439993579_384562751225372_2957985004058735066_n-768x1024.jpg\" class=\"attachment-large size-large lazyload\" alt=\"\" aria-describedby=\"gallery-1-117473\" data-srcset=\"https:\/\/bas-tv.md\/wp-content\/uploads\/2024\/04\/439993579_384562751225372_2957985004058735066_n-768x1024.jpg 768w, https:\/\/bas-tv.md\/wp-content\/uploads\/2024\/04\/439993579_384562751225372_2957985004058735066_n-225x300.jpg 225w, https:\/\/bas-tv.md\/wp-content\/uploads\/2024\/04\/439993579_384562751225372_2957985004058735066_n-1152x1536.jpg 1152w, https:\/\/bas-tv.md\/wp-content\/uploads\/2024\/04\/439993579_384562751225372_2957985004058735066_n-1200x1600.jpg 1200w, https:\/\/bas-tv.md\/wp-content\/uploads\/2024\/04\/439993579_384562751225372_2957985004058735066_n.jpg 1536w\" data-sizes=\"(max-width: 580px) 100vw, 580px\" src=\"data:image\/svg+xml;base64,PHN2ZyB3aWR0aD0iMSIgaGVpZ2h0PSIxIiB4bWxucz0iaHR0cDovL3d3dy53My5vcmcvMjAwMC9zdmciPjwvc3ZnPg==\" style=\"--smush-placeholder-width: 580px; --smush-placeholder-aspect-ratio: 580\/773;\" \/><\/a>\n\t\t\t<\/div>\n\t\t\t\t<figcaption class='wp-caption-text gallery-caption' id='gallery-1-117473'>\n\t\t\t\tFoto: Facebook\/ Gimnaziul \u201eM. Tarlev\u201d\n\t\t\t\t<\/figcaption><\/figure><figure class='gallery-item'>\n\t\t\t<div class='gallery-icon landscape'>\n\t\t\t\t<a href='https:\/\/bas-tv.md\/ro\/foto-ziua-pamantului-sarbatorita-in-scolile-raionului-basarabeasca\/439823839_384564527891861_6722158252012746960_n\/'><img decoding=\"async\" width=\"580\" height=\"435\" data-src=\"https:\/\/bas-tv.md\/wp-content\/uploads\/2024\/04\/439823839_384564527891861_6722158252012746960_n-1024x768.jpg\" class=\"attachment-large size-large lazyload\" alt=\"\" aria-describedby=\"gallery-1-117471\" data-srcset=\"https:\/\/bas-tv.md\/wp-content\/uploads\/2024\/04\/439823839_384564527891861_6722158252012746960_n-1024x768.jpg 1024w, https:\/\/bas-tv.md\/wp-content\/uploads\/2024\/04\/439823839_384564527891861_6722158252012746960_n-300x225.jpg 300w, https:\/\/bas-tv.md\/wp-content\/uploads\/2024\/04\/439823839_384564527891861_6722158252012746960_n-768x576.jpg 768w, https:\/\/bas-tv.md\/wp-content\/uploads\/2024\/04\/439823839_384564527891861_6722158252012746960_n-1536x1152.jpg 1536w, https:\/\/bas-tv.md\/wp-content\/uploads\/2024\/04\/439823839_384564527891861_6722158252012746960_n-1200x900.jpg 1200w, https:\/\/bas-tv.md\/wp-content\/uploads\/2024\/04\/439823839_384564527891861_6722158252012746960_n-1980x1485.jpg 1980w, https:\/\/bas-tv.md\/wp-content\/uploads\/2024\/04\/439823839_384564527891861_6722158252012746960_n.jpg 2048w\" data-sizes=\"(max-width: 580px) 100vw, 580px\" src=\"data:image\/svg+xml;base64,PHN2ZyB3aWR0aD0iMSIgaGVpZ2h0PSIxIiB4bWxucz0iaHR0cDovL3d3dy53My5vcmcvMjAwMC9zdmciPjwvc3ZnPg==\" style=\"--smush-placeholder-width: 580px; --smush-placeholder-aspect-ratio: 580\/435;\" \/><\/a>\n\t\t\t<\/div>\n\t\t\t\t<figcaption class='wp-caption-text gallery-caption' id='gallery-1-117471'>\n\t\t\t\tFoto: Facebook\/ Gimnaziul \u201eM. Tarlev\u201d\n\t\t\t\t<\/figcaption><\/figure>\n\t\t<\/div>\n\n<p>Autor: Lilia Zabolotn\u00eei<\/p>\n<p><strong>Sus\u021bine\u021bi redac\u021bia BAStv, abona\u021bi-v\u0103 la noi pe platforma\u00a0<a href=\"https:\/\/www.patreon.com\/BAStv?fan_landing=true&amp;fbclid=IwAR3MeSDKfH4ixBydCXX9D1lhrCszhps3ID5uxuGA-Ktd4MTkZCRdlcEZkQI\">Patreon\u00a0<\/a>sau prin efectuarea contribu\u021biilor prin\u00a0<a href=\"https:\/\/www.paypal.com\/paypalme\/supportbastv\">PayPal<\/a>! Aceasta ne va ajuta s\u0103 cre\u0103m con\u021binut interesant \u0219i util pentru dvs., r\u0103m\u00e2n\u00e2nd \u00een continuare o platform\u0103 media independent\u0103.<\/strong><\/p>\n<p><b>Abona\u021bi-v\u0103 la noi pe re\u021bele sociale:\u00a0<\/b><a href=\"https:\/\/t.me\/bastvmd\"><b><i>Telegram<\/i><\/b><\/a><b>,\u00a0<\/b><a href=\"https:\/\/www.youtube.com\/channel\/UC-9005PnLnhpNM8PVSjP2dQ\/featured\"><b><i>YouTube<\/i><\/b><\/a><b>,\u00a0<\/b><a href=\"https:\/\/www.facebook.com\/bastv.md\"><b><i>Facebook<\/i><\/b><\/a>\u00a0<strong>\u0219i\u00a0<\/strong><a href=\"https:\/\/www.instagram.com\/bastv.md\/\"><b><i>Instagram<\/i><\/b><\/a><b>. Aici public\u0103m \u0219tiri pe scurt!<\/b><\/p>\n","protected":false},"excerpt":{"rendered":"<p>\u00cen fiecare an, pe 22 aprilie se s\u0103rb\u0103tore\u0219te Ziua P\u0103m\u00e2ntului, ziua c\u00e2nd s-a n\u0103scut mi\u0219carea pentru protejarea mediului \u00eenconjur\u0103tor. Evenimentul a fost ini\u021biat \u00een 1970, c\u00e2nd senatorul american Gaylord Nelson a propus organizarea unei zile dedicate mediului \u00een urma unor proteste masive \u00eempotriva polu\u0103rii. Astfel, v\u0103 invit\u0103m s\u0103 vede\u021bi cum a fost marcat\u0103 aceast\u0103 zi [&hellip;]<\/p>\n","protected":false},"author":3,"featured_media":117475,"comment_status":"closed","ping_status":"closed","sticky":false,"template":"","format":"standard","meta":{"footnotes":""},"categories":[602,569],"tags":[744,693,1613,893],"class_list":["post-117470","post","type-post","status-publish","format-standard","has-post-thumbnail","hentry","category-actualitate","category-in-basarabeasca","tag-abaclia","tag-basarabeasca-ro","tag-bascalia","tag-scoala"],"yoast_head":"<!-- This site is optimized with the Yoast SEO plugin v27.5 - https:\/\/yoast.com\/product\/yoast-seo-wordpress\/ -->\n<title>(FOTO) Ziua P\u0103m\u00e2ntului s\u0103rb\u0103torit\u0103 \u00een \u0219colile raionului Basarabeasca - BasTV<\/title>\n<meta name=\"description\" content=\"\u00cen fiecare an, pe 22 aprilie se s\u0103rb\u0103tore\u0219te Ziua P\u0103m\u00e2ntului, ziua c\u00e2nd s-a n\u0103scut mi\u0219carea pentru protejarea mediului \u00eenconjur\u0103tor. Evenimentul a fost ini\u021biat \u00een 1970, c\u00e2nd senatorul american Gaylord Nelson a propus organizarea unei zile dedicate mediului \u00een urma unor proteste masive \u00eempotriva polu\u0103rii. Astfel, v\u0103 invit\u0103m s\u0103 vede\u021bi cum a fost marcat\u0103 aceast\u0103 zi \u00een unele \u0219coli din raionul Basarabeasca.\u00a0\" \/>\n<meta name=\"robots\" content=\"index, follow, max-snippet:-1, max-image-preview:large, max-video-preview:-1\" \/>\n<link rel=\"canonical\" href=\"https:\/\/bas-tv.md\/ro\/foto-ziua-pamantului-sarbatorita-in-scolile-raionului-basarabeasca\/\" \/>\n<meta property=\"og:locale\" content=\"ro_RO\" \/>\n<meta property=\"og:type\" content=\"article\" \/>\n<meta property=\"og:title\" content=\"(FOTO) Ziua P\u0103m\u00e2ntului s\u0103rb\u0103torit\u0103 \u00een \u0219colile raionului Basarabeasca - BasTV\" \/>\n<meta property=\"og:description\" content=\"\u00cen fiecare an, pe 22 aprilie se s\u0103rb\u0103tore\u0219te Ziua P\u0103m\u00e2ntului, ziua c\u00e2nd s-a n\u0103scut mi\u0219carea pentru protejarea mediului \u00eenconjur\u0103tor. Evenimentul a fost ini\u021biat \u00een 1970, c\u00e2nd senatorul american Gaylord Nelson a propus organizarea unei zile dedicate mediului \u00een urma unor proteste masive \u00eempotriva polu\u0103rii. Astfel, v\u0103 invit\u0103m s\u0103 vede\u021bi cum a fost marcat\u0103 aceast\u0103 zi \u00een unele \u0219coli din raionul Basarabeasca.\u00a0\" \/>\n<meta property=\"og:url\" content=\"https:\/\/bas-tv.md\/ro\/foto-ziua-pamantului-sarbatorita-in-scolile-raionului-basarabeasca\/\" \/>\n<meta property=\"og:site_name\" content=\"BasTV\" \/>\n<meta property=\"article:published_time\" content=\"2024-04-23T08:00:05+00:00\" \/>\n<meta property=\"article:modified_time\" content=\"2024-04-23T16:12:11+00:00\" \/>\n<meta property=\"og:image\" content=\"https:\/\/bas-tv.md\/wp-content\/uploads\/2024\/04\/440120088_384564091225238_7063676739672288819_n.jpg\" \/>\n\t<meta property=\"og:image:width\" content=\"2048\" \/>\n\t<meta property=\"og:image:height\" content=\"1536\" \/>\n\t<meta property=\"og:image:type\" content=\"image\/jpeg\" \/>\n<meta name=\"author\" content=\"Redactor\" \/>\n<meta name=\"twitter:card\" content=\"summary_large_image\" \/>\n<meta name=\"twitter:label1\" content=\"Scris de\" \/>\n\t<meta name=\"twitter:data1\" content=\"Redactor\" \/>\n\t<meta name=\"twitter:label2\" content=\"Timp estimat pentru citire\" \/>\n\t<meta name=\"twitter:data2\" content=\"2 minute\" \/>\n<script type=\"application\/ld+json\" class=\"yoast-schema-graph\">{\"@context\":\"https:\\\/\\\/schema.org\",\"@graph\":[{\"@type\":\"Article\",\"@id\":\"https:\\\/\\\/bas-tv.md\\\/ro\\\/foto-ziua-pamantului-sarbatorita-in-scolile-raionului-basarabeasca\\\/#article\",\"isPartOf\":{\"@id\":\"https:\\\/\\\/bas-tv.md\\\/ro\\\/foto-ziua-pamantului-sarbatorita-in-scolile-raionului-basarabeasca\\\/\"},\"author\":{\"name\":\"Redactor\",\"@id\":\"https:\\\/\\\/bas-tv.md\\\/ro\\\/#\\\/schema\\\/person\\\/8740f45ea2eca1f1695284fc03529af0\"},\"headline\":\"(FOTO) Ziua P\u0103m\u00e2ntului s\u0103rb\u0103torit\u0103 \u00een \u0219colile raionului Basarabeasca\",\"datePublished\":\"2024-04-23T08:00:05+00:00\",\"dateModified\":\"2024-04-23T16:12:11+00:00\",\"mainEntityOfPage\":{\"@id\":\"https:\\\/\\\/bas-tv.md\\\/ro\\\/foto-ziua-pamantului-sarbatorita-in-scolile-raionului-basarabeasca\\\/\"},\"wordCount\":262,\"publisher\":{\"@id\":\"https:\\\/\\\/bas-tv.md\\\/ro\\\/#organization\"},\"image\":{\"@id\":\"https:\\\/\\\/bas-tv.md\\\/ro\\\/foto-ziua-pamantului-sarbatorita-in-scolile-raionului-basarabeasca\\\/#primaryimage\"},\"thumbnailUrl\":\"https:\\\/\\\/bas-tv.md\\\/wp-content\\\/uploads\\\/2024\\\/04\\\/440120088_384564091225238_7063676739672288819_n.jpg\",\"keywords\":[\"abaclia\",\"Basarabeasca\",\"Ba\u0219calia\",\"\u0219coal\u0103\"],\"articleSection\":[\"Actualitate\",\"\u00cen Basarabeasca\"],\"inLanguage\":\"ro-RO\"},{\"@type\":\"WebPage\",\"@id\":\"https:\\\/\\\/bas-tv.md\\\/ro\\\/foto-ziua-pamantului-sarbatorita-in-scolile-raionului-basarabeasca\\\/\",\"url\":\"https:\\\/\\\/bas-tv.md\\\/ro\\\/foto-ziua-pamantului-sarbatorita-in-scolile-raionului-basarabeasca\\\/\",\"name\":\"(FOTO) Ziua P\u0103m\u00e2ntului s\u0103rb\u0103torit\u0103 \u00een \u0219colile raionului Basarabeasca - BasTV\",\"isPartOf\":{\"@id\":\"https:\\\/\\\/bas-tv.md\\\/ro\\\/#website\"},\"primaryImageOfPage\":{\"@id\":\"https:\\\/\\\/bas-tv.md\\\/ro\\\/foto-ziua-pamantului-sarbatorita-in-scolile-raionului-basarabeasca\\\/#primaryimage\"},\"image\":{\"@id\":\"https:\\\/\\\/bas-tv.md\\\/ro\\\/foto-ziua-pamantului-sarbatorita-in-scolile-raionului-basarabeasca\\\/#primaryimage\"},\"thumbnailUrl\":\"https:\\\/\\\/bas-tv.md\\\/wp-content\\\/uploads\\\/2024\\\/04\\\/440120088_384564091225238_7063676739672288819_n.jpg\",\"datePublished\":\"2024-04-23T08:00:05+00:00\",\"dateModified\":\"2024-04-23T16:12:11+00:00\",\"description\":\"\u00cen fiecare an, pe 22 aprilie se s\u0103rb\u0103tore\u0219te Ziua P\u0103m\u00e2ntului, ziua c\u00e2nd s-a n\u0103scut mi\u0219carea pentru protejarea mediului \u00eenconjur\u0103tor. Evenimentul a fost ini\u021biat \u00een 1970, c\u00e2nd senatorul american Gaylord Nelson a propus organizarea unei zile dedicate mediului \u00een urma unor proteste masive \u00eempotriva polu\u0103rii. Astfel, v\u0103 invit\u0103m s\u0103 vede\u021bi cum a fost marcat\u0103 aceast\u0103 zi \u00een unele \u0219coli din raionul Basarabeasca.\u00a0\",\"inLanguage\":\"ro-RO\",\"potentialAction\":[{\"@type\":\"ReadAction\",\"target\":[\"https:\\\/\\\/bas-tv.md\\\/ro\\\/foto-ziua-pamantului-sarbatorita-in-scolile-raionului-basarabeasca\\\/\"]}]},{\"@type\":\"ImageObject\",\"inLanguage\":\"ro-RO\",\"@id\":\"https:\\\/\\\/bas-tv.md\\\/ro\\\/foto-ziua-pamantului-sarbatorita-in-scolile-raionului-basarabeasca\\\/#primaryimage\",\"url\":\"https:\\\/\\\/bas-tv.md\\\/wp-content\\\/uploads\\\/2024\\\/04\\\/440120088_384564091225238_7063676739672288819_n.jpg\",\"contentUrl\":\"https:\\\/\\\/bas-tv.md\\\/wp-content\\\/uploads\\\/2024\\\/04\\\/440120088_384564091225238_7063676739672288819_n.jpg\",\"width\":2048,\"height\":1536,\"caption\":\"Foto: Facebook\\\/ Gimnaziul \u201eM. Tarlev\u201d\"},{\"@type\":\"WebSite\",\"@id\":\"https:\\\/\\\/bas-tv.md\\\/ro\\\/#website\",\"url\":\"https:\\\/\\\/bas-tv.md\\\/ro\\\/\",\"name\":\"BasTV\",\"description\":\"Moldova\",\"publisher\":{\"@id\":\"https:\\\/\\\/bas-tv.md\\\/ro\\\/#organization\"},\"potentialAction\":[{\"@type\":\"SearchAction\",\"target\":{\"@type\":\"EntryPoint\",\"urlTemplate\":\"https:\\\/\\\/bas-tv.md\\\/ro\\\/?s={search_term_string}\"},\"query-input\":{\"@type\":\"PropertyValueSpecification\",\"valueRequired\":true,\"valueName\":\"search_term_string\"}}],\"inLanguage\":\"ro-RO\"},{\"@type\":\"Organization\",\"@id\":\"https:\\\/\\\/bas-tv.md\\\/ro\\\/#organization\",\"name\":\"BasTV\",\"url\":\"https:\\\/\\\/bas-tv.md\\\/ro\\\/\",\"logo\":{\"@type\":\"ImageObject\",\"inLanguage\":\"ro-RO\",\"@id\":\"https:\\\/\\\/bas-tv.md\\\/ro\\\/#\\\/schema\\\/logo\\\/image\\\/\",\"url\":\"https:\\\/\\\/bas-tv.md\\\/wp-content\\\/uploads\\\/2023\\\/05\\\/bas-tv-culoarea-rosie.png\",\"contentUrl\":\"https:\\\/\\\/bas-tv.md\\\/wp-content\\\/uploads\\\/2023\\\/05\\\/bas-tv-culoarea-rosie.png\",\"width\":202,\"height\":50,\"caption\":\"BasTV\"},\"image\":{\"@id\":\"https:\\\/\\\/bas-tv.md\\\/ro\\\/#\\\/schema\\\/logo\\\/image\\\/\"}},{\"@type\":\"Person\",\"@id\":\"https:\\\/\\\/bas-tv.md\\\/ro\\\/#\\\/schema\\\/person\\\/8740f45ea2eca1f1695284fc03529af0\",\"name\":\"Redactor\",\"image\":{\"@type\":\"ImageObject\",\"inLanguage\":\"ro-RO\",\"@id\":\"https:\\\/\\\/secure.gravatar.com\\\/avatar\\\/45b6af9fc91c10b15a8b40e67c1f57bab2e9614fc9f0af95cf453d61934e9aad?s=96&d=mm&r=g\",\"url\":\"https:\\\/\\\/secure.gravatar.com\\\/avatar\\\/45b6af9fc91c10b15a8b40e67c1f57bab2e9614fc9f0af95cf453d61934e9aad?s=96&d=mm&r=g\",\"contentUrl\":\"https:\\\/\\\/secure.gravatar.com\\\/avatar\\\/45b6af9fc91c10b15a8b40e67c1f57bab2e9614fc9f0af95cf453d61934e9aad?s=96&d=mm&r=g\",\"caption\":\"Redactor\"},\"url\":\"https:\\\/\\\/bas-tv.md\\\/ro\\\/author\\\/redactor\\\/\"}]}<\/script>\n<!-- \/ Yoast SEO plugin. -->","yoast_head_json":{"title":"(FOTO) Ziua P\u0103m\u00e2ntului s\u0103rb\u0103torit\u0103 \u00een \u0219colile raionului Basarabeasca - BasTV","description":"\u00cen fiecare an, pe 22 aprilie se s\u0103rb\u0103tore\u0219te Ziua P\u0103m\u00e2ntului, ziua c\u00e2nd s-a n\u0103scut mi\u0219carea pentru protejarea mediului \u00eenconjur\u0103tor. Evenimentul a fost ini\u021biat \u00een 1970, c\u00e2nd senatorul american Gaylord Nelson a propus organizarea unei zile dedicate mediului \u00een urma unor proteste masive \u00eempotriva polu\u0103rii. Astfel, v\u0103 invit\u0103m s\u0103 vede\u021bi cum a fost marcat\u0103 aceast\u0103 zi \u00een unele \u0219coli din raionul Basarabeasca.\u00a0","robots":{"index":"index","follow":"follow","max-snippet":"max-snippet:-1","max-image-preview":"max-image-preview:large","max-video-preview":"max-video-preview:-1"},"canonical":"https:\/\/bas-tv.md\/ro\/foto-ziua-pamantului-sarbatorita-in-scolile-raionului-basarabeasca\/","og_locale":"ro_RO","og_type":"article","og_title":"(FOTO) Ziua P\u0103m\u00e2ntului s\u0103rb\u0103torit\u0103 \u00een \u0219colile raionului Basarabeasca - BasTV","og_description":"\u00cen fiecare an, pe 22 aprilie se s\u0103rb\u0103tore\u0219te Ziua P\u0103m\u00e2ntului, ziua c\u00e2nd s-a n\u0103scut mi\u0219carea pentru protejarea mediului \u00eenconjur\u0103tor. Evenimentul a fost ini\u021biat \u00een 1970, c\u00e2nd senatorul american Gaylord Nelson a propus organizarea unei zile dedicate mediului \u00een urma unor proteste masive \u00eempotriva polu\u0103rii. Astfel, v\u0103 invit\u0103m s\u0103 vede\u021bi cum a fost marcat\u0103 aceast\u0103 zi \u00een unele \u0219coli din raionul Basarabeasca.\u00a0","og_url":"https:\/\/bas-tv.md\/ro\/foto-ziua-pamantului-sarbatorita-in-scolile-raionului-basarabeasca\/","og_site_name":"BasTV","article_published_time":"2024-04-23T08:00:05+00:00","article_modified_time":"2024-04-23T16:12:11+00:00","og_image":[{"width":2048,"height":1536,"url":"https:\/\/bas-tv.md\/wp-content\/uploads\/2024\/04\/440120088_384564091225238_7063676739672288819_n.jpg","type":"image\/jpeg"}],"author":"Redactor","twitter_card":"summary_large_image","twitter_misc":{"Scris de":"Redactor","Timp estimat pentru citire":"2 minute"},"schema":{"@context":"https:\/\/schema.org","@graph":[{"@type":"Article","@id":"https:\/\/bas-tv.md\/ro\/foto-ziua-pamantului-sarbatorita-in-scolile-raionului-basarabeasca\/#article","isPartOf":{"@id":"https:\/\/bas-tv.md\/ro\/foto-ziua-pamantului-sarbatorita-in-scolile-raionului-basarabeasca\/"},"author":{"name":"Redactor","@id":"https:\/\/bas-tv.md\/ro\/#\/schema\/person\/8740f45ea2eca1f1695284fc03529af0"},"headline":"(FOTO) Ziua P\u0103m\u00e2ntului s\u0103rb\u0103torit\u0103 \u00een \u0219colile raionului Basarabeasca","datePublished":"2024-04-23T08:00:05+00:00","dateModified":"2024-04-23T16:12:11+00:00","mainEntityOfPage":{"@id":"https:\/\/bas-tv.md\/ro\/foto-ziua-pamantului-sarbatorita-in-scolile-raionului-basarabeasca\/"},"wordCount":262,"publisher":{"@id":"https:\/\/bas-tv.md\/ro\/#organization"},"image":{"@id":"https:\/\/bas-tv.md\/ro\/foto-ziua-pamantului-sarbatorita-in-scolile-raionului-basarabeasca\/#primaryimage"},"thumbnailUrl":"https:\/\/bas-tv.md\/wp-content\/uploads\/2024\/04\/440120088_384564091225238_7063676739672288819_n.jpg","keywords":["abaclia","Basarabeasca","Ba\u0219calia","\u0219coal\u0103"],"articleSection":["Actualitate","\u00cen Basarabeasca"],"inLanguage":"ro-RO"},{"@type":"WebPage","@id":"https:\/\/bas-tv.md\/ro\/foto-ziua-pamantului-sarbatorita-in-scolile-raionului-basarabeasca\/","url":"https:\/\/bas-tv.md\/ro\/foto-ziua-pamantului-sarbatorita-in-scolile-raionului-basarabeasca\/","name":"(FOTO) Ziua P\u0103m\u00e2ntului s\u0103rb\u0103torit\u0103 \u00een \u0219colile raionului Basarabeasca - BasTV","isPartOf":{"@id":"https:\/\/bas-tv.md\/ro\/#website"},"primaryImageOfPage":{"@id":"https:\/\/bas-tv.md\/ro\/foto-ziua-pamantului-sarbatorita-in-scolile-raionului-basarabeasca\/#primaryimage"},"image":{"@id":"https:\/\/bas-tv.md\/ro\/foto-ziua-pamantului-sarbatorita-in-scolile-raionului-basarabeasca\/#primaryimage"},"thumbnailUrl":"https:\/\/bas-tv.md\/wp-content\/uploads\/2024\/04\/440120088_384564091225238_7063676739672288819_n.jpg","datePublished":"2024-04-23T08:00:05+00:00","dateModified":"2024-04-23T16:12:11+00:00","description":"\u00cen fiecare an, pe 22 aprilie se s\u0103rb\u0103tore\u0219te Ziua P\u0103m\u00e2ntului, ziua c\u00e2nd s-a n\u0103scut mi\u0219carea pentru protejarea mediului \u00eenconjur\u0103tor. Evenimentul a fost ini\u021biat \u00een 1970, c\u00e2nd senatorul american Gaylord Nelson a propus organizarea unei zile dedicate mediului \u00een urma unor proteste masive \u00eempotriva polu\u0103rii. Astfel, v\u0103 invit\u0103m s\u0103 vede\u021bi cum a fost marcat\u0103 aceast\u0103 zi \u00een unele \u0219coli din raionul Basarabeasca.\u00a0","inLanguage":"ro-RO","potentialAction":[{"@type":"ReadAction","target":["https:\/\/bas-tv.md\/ro\/foto-ziua-pamantului-sarbatorita-in-scolile-raionului-basarabeasca\/"]}]},{"@type":"ImageObject","inLanguage":"ro-RO","@id":"https:\/\/bas-tv.md\/ro\/foto-ziua-pamantului-sarbatorita-in-scolile-raionului-basarabeasca\/#primaryimage","url":"https:\/\/bas-tv.md\/wp-content\/uploads\/2024\/04\/440120088_384564091225238_7063676739672288819_n.jpg","contentUrl":"https:\/\/bas-tv.md\/wp-content\/uploads\/2024\/04\/440120088_384564091225238_7063676739672288819_n.jpg","width":2048,"height":1536,"caption":"Foto: Facebook\/ Gimnaziul \u201eM. Tarlev\u201d"},{"@type":"WebSite","@id":"https:\/\/bas-tv.md\/ro\/#website","url":"https:\/\/bas-tv.md\/ro\/","name":"BasTV","description":"Moldova","publisher":{"@id":"https:\/\/bas-tv.md\/ro\/#organization"},"potentialAction":[{"@type":"SearchAction","target":{"@type":"EntryPoint","urlTemplate":"https:\/\/bas-tv.md\/ro\/?s={search_term_string}"},"query-input":{"@type":"PropertyValueSpecification","valueRequired":true,"valueName":"search_term_string"}}],"inLanguage":"ro-RO"},{"@type":"Organization","@id":"https:\/\/bas-tv.md\/ro\/#organization","name":"BasTV","url":"https:\/\/bas-tv.md\/ro\/","logo":{"@type":"ImageObject","inLanguage":"ro-RO","@id":"https:\/\/bas-tv.md\/ro\/#\/schema\/logo\/image\/","url":"https:\/\/bas-tv.md\/wp-content\/uploads\/2023\/05\/bas-tv-culoarea-rosie.png","contentUrl":"https:\/\/bas-tv.md\/wp-content\/uploads\/2023\/05\/bas-tv-culoarea-rosie.png","width":202,"height":50,"caption":"BasTV"},"image":{"@id":"https:\/\/bas-tv.md\/ro\/#\/schema\/logo\/image\/"}},{"@type":"Person","@id":"https:\/\/bas-tv.md\/ro\/#\/schema\/person\/8740f45ea2eca1f1695284fc03529af0","name":"Redactor","image":{"@type":"ImageObject","inLanguage":"ro-RO","@id":"https:\/\/secure.gravatar.com\/avatar\/45b6af9fc91c10b15a8b40e67c1f57bab2e9614fc9f0af95cf453d61934e9aad?s=96&d=mm&r=g","url":"https:\/\/secure.gravatar.com\/avatar\/45b6af9fc91c10b15a8b40e67c1f57bab2e9614fc9f0af95cf453d61934e9aad?s=96&d=mm&r=g","contentUrl":"https:\/\/secure.gravatar.com\/avatar\/45b6af9fc91c10b15a8b40e67c1f57bab2e9614fc9f0af95cf453d61934e9aad?s=96&d=mm&r=g","caption":"Redactor"},"url":"https:\/\/bas-tv.md\/ro\/author\/redactor\/"}]}},"views":324,"_links":{"self":[{"href":"https:\/\/bas-tv.md\/ro\/wp-json\/wp\/v2\/posts\/117470","targetHints":{"allow":["GET"]}}],"collection":[{"href":"https:\/\/bas-tv.md\/ro\/wp-json\/wp\/v2\/posts"}],"about":[{"href":"https:\/\/bas-tv.md\/ro\/wp-json\/wp\/v2\/types\/post"}],"author":[{"embeddable":true,"href":"https:\/\/bas-tv.md\/ro\/wp-json\/wp\/v2\/users\/3"}],"replies":[{"embeddable":true,"href":"https:\/\/bas-tv.md\/ro\/wp-json\/wp\/v2\/comments?post=117470"}],"version-history":[{"count":5,"href":"https:\/\/bas-tv.md\/ro\/wp-json\/wp\/v2\/posts\/117470\/revisions"}],"predecessor-version":[{"id":117645,"href":"https:\/\/bas-tv.md\/ro\/wp-json\/wp\/v2\/posts\/117470\/revisions\/117645"}],"wp:featuredmedia":[{"embeddable":true,"href":"https:\/\/bas-tv.md\/ro\/wp-json\/wp\/v2\/media\/117475"}],"wp:attachment":[{"href":"https:\/\/bas-tv.md\/ro\/wp-json\/wp\/v2\/media?parent=117470"}],"wp:term":[{"taxonomy":"category","embeddable":true,"href":"https:\/\/bas-tv.md\/ro\/wp-json\/wp\/v2\/categories?post=117470"},{"taxonomy":"post_tag","embeddable":true,"href":"https:\/\/bas-tv.md\/ro\/wp-json\/wp\/v2\/tags?post=117470"}],"curies":[{"name":"wp","href":"https:\/\/api.w.org\/{rel}","templated":true}]}}