{"id":117895,"date":"2024-04-27T17:00:45","date_gmt":"2024-04-27T14:00:45","guid":{"rendered":"https:\/\/bas-tv.md\/?p=117895"},"modified":"2024-04-27T15:13:59","modified_gmt":"2024-04-27T12:13:59","slug":"video-cartierul-tineretului-137","status":"publish","type":"post","link":"https:\/\/bas-tv.md\/ro\/video-cartierul-tineretului-137\/","title":{"rendered":"(VIDEO) Cartierul Tineretului \u2013 137"},"content":{"rendered":"<p>V\u0103 prezent\u0103m o nou\u0103 edi\u021bie a emisiunii \u201eCartierul Tineretului\u201d! Redac\u021bia noastr\u0103 v-a preg\u0103tit reportaje pe diverse teme: dezbatere \u00eentre elevii din Basarabeasca \u0219i Abaclia privind Inteligen\u021ba Artificial\u0103, totalizarea proiectului privind discriminarea etnic\u0103 \u00een liceul \u201eMatei Basarab\u201d din or. Basarabeasca,cum e s\u0103 fii un pompier salvator, opinia elevilor referitoare la noua structur\u0103 a anului \u0219colar \u0219i cum decurg orele de modelling \u00een satul Sadaclia. Vizionare pl\u0103cut\u0103!<\/p>\n<p><iframe title=\"\u041c\u043e\u043b\u043e\u0434\u0435\u0436\u043d\u044b\u0439 \u043a\u0432\u0430\u0440\u0442\u0430\u043b  137\" width=\"580\" height=\"326\" src=\"https:\/\/www.youtube.com\/embed\/BvKU2Tn33ZU?feature=oembed\" frameborder=\"0\" allow=\"accelerometer; autoplay; clipboard-write; encrypted-media; gyroscope; picture-in-picture; web-share\" referrerpolicy=\"strict-origin-when-cross-origin\" allowfullscreen><\/iframe><\/p>\n<p><strong>Sus\u021bine\u021bi redac\u021bia BAStv, abona\u021bi-v\u0103 la noi pe platforma\u00a0<a href=\"https:\/\/www.patreon.com\/BAStv?fan_landing=true&amp;fbclid=IwAR3MeSDKfH4ixBydCXX9D1lhrCszhps3ID5uxuGA-Ktd4MTkZCRdlcEZkQI\">Patreon\u00a0<\/a>sau prin efectuarea contribu\u021biilor prin\u00a0<a href=\"https:\/\/www.paypal.com\/paypalme\/supportbastv\">PayPal<\/a>! Aceasta ne va ajuta s\u0103 cre\u0103m con\u021binut interesant \u0219i util pentru dvs., r\u0103m\u00e2n\u00e2nd \u00een continuare o platform\u0103 media independent\u0103.<\/strong><\/p>\n<p><b>Abona\u021bi-v\u0103 la noi pe re\u021bele sociale:\u00a0<\/b><a href=\"https:\/\/t.me\/bastvmd\"><b><i>Telegram<\/i><\/b><\/a><b>,\u00a0<\/b><a href=\"https:\/\/www.youtube.com\/channel\/UC-9005PnLnhpNM8PVSjP2dQ\/featured\"><b><i>YouTube<\/i><\/b><\/a><b>,\u00a0<\/b><a href=\"https:\/\/www.facebook.com\/bastv.md\"><b><i>Facebook<\/i><\/b><\/a>\u00a0<strong>\u0219i\u00a0<\/strong><a href=\"https:\/\/www.instagram.com\/bastv.md\/\"><b><i>Instagram<\/i><\/b><\/a><b>. Aici public\u0103m \u0219tiri pe scurt!<\/b><\/p>\n","protected":false},"excerpt":{"rendered":"<p>V\u0103 prezent\u0103m o nou\u0103 edi\u021bie a emisiunii \u201eCartierul Tineretului\u201d! Redac\u021bia noastr\u0103 v-a preg\u0103tit reportaje pe diverse teme: dezbatere \u00eentre elevii din Basarabeasca \u0219i Abaclia privind Inteligen\u021ba Artificial\u0103, totalizarea proiectului privind discriminarea etnic\u0103 \u00een liceul \u201eMatei Basarab\u201d din or. Basarabeasca,cum e s\u0103 fii un pompier salvator, opinia elevilor referitoare la noua structur\u0103 a anului \u0219colar \u0219i [&hellip;]<\/p>\n","protected":false},"author":3,"featured_media":117898,"comment_status":"closed","ping_status":"closed","sticky":false,"template":"","format":"standard","meta":{"footnotes":""},"categories":[195,579],"tags":[2418,1206],"class_list":["post-117895","post","type-post","status-publish","format-standard","has-post-thumbnail","hentry","category-cartierul-tineretului-ro","category-proiectele-noastre","tag-cartierul-tineretului-ro","tag-tineret"],"yoast_head":"<!-- This site is optimized with the Yoast SEO plugin v27.5 - https:\/\/yoast.com\/product\/yoast-seo-wordpress\/ -->\n<title>(VIDEO) Cartierul Tineretului \u2013 137 - BasTV<\/title>\n<meta name=\"description\" content=\"V\u0103 prezent\u0103m o nou\u0103 edi\u021bie a emisiunii \u201eCartierul Tineretului\u201d! Redac\u021bia noastr\u0103 v-a preg\u0103tit reportaje pe diverse teme: dezbatere \u00eentre elevii din Basarabeasca \u0219i Abaclia privind Inteligen\u021ba Artificial\u0103, totalizarea proiectului privind discriminarea etnic\u0103 \u00een liceul \u201eMatei Basarab\u201d din or. Basarabeasca,cum e s\u0103 fii un pompier salvator, opinia elevilor referitoare la noua structur\u0103 a anului \u0219colar \u0219i cum decurg orele de modelling \u00een satul Sadaclia. Vizionare pl\u0103cut\u0103!\" \/>\n<meta name=\"robots\" content=\"index, follow, max-snippet:-1, max-image-preview:large, max-video-preview:-1\" \/>\n<link rel=\"canonical\" href=\"https:\/\/bas-tv.md\/ro\/video-cartierul-tineretului-137\/\" \/>\n<meta property=\"og:locale\" content=\"ro_RO\" \/>\n<meta property=\"og:type\" content=\"article\" \/>\n<meta property=\"og:title\" content=\"(VIDEO) Cartierul Tineretului \u2013 137 - BasTV\" \/>\n<meta property=\"og:description\" content=\"V\u0103 prezent\u0103m o nou\u0103 edi\u021bie a emisiunii \u201eCartierul Tineretului\u201d! Redac\u021bia noastr\u0103 v-a preg\u0103tit reportaje pe diverse teme: dezbatere \u00eentre elevii din Basarabeasca \u0219i Abaclia privind Inteligen\u021ba Artificial\u0103, totalizarea proiectului privind discriminarea etnic\u0103 \u00een liceul \u201eMatei Basarab\u201d din or. Basarabeasca,cum e s\u0103 fii un pompier salvator, opinia elevilor referitoare la noua structur\u0103 a anului \u0219colar \u0219i cum decurg orele de modelling \u00een satul Sadaclia. Vizionare pl\u0103cut\u0103!\" \/>\n<meta property=\"og:url\" content=\"https:\/\/bas-tv.md\/ro\/video-cartierul-tineretului-137\/\" \/>\n<meta property=\"og:site_name\" content=\"BasTV\" \/>\n<meta property=\"article:published_time\" content=\"2024-04-27T14:00:45+00:00\" \/>\n<meta property=\"og:image\" content=\"https:\/\/bas-tv.md\/wp-content\/uploads\/2024\/04\/436771192_1143838873725743_3762861802692382192_n.png\" \/>\n\t<meta property=\"og:image:width\" content=\"1280\" \/>\n\t<meta property=\"og:image:height\" content=\"720\" \/>\n\t<meta property=\"og:image:type\" content=\"image\/png\" \/>\n<meta name=\"author\" content=\"Redactor\" \/>\n<meta name=\"twitter:card\" content=\"summary_large_image\" \/>\n<meta name=\"twitter:label1\" content=\"Scris de\" \/>\n\t<meta name=\"twitter:data1\" content=\"Redactor\" \/>\n\t<meta name=\"twitter:label2\" content=\"Timp estimat pentru citire\" \/>\n\t<meta name=\"twitter:data2\" content=\"1 minut\" \/>\n<script type=\"application\/ld+json\" class=\"yoast-schema-graph\">{\"@context\":\"https:\\\/\\\/schema.org\",\"@graph\":[{\"@type\":\"Article\",\"@id\":\"https:\\\/\\\/bas-tv.md\\\/ro\\\/video-cartierul-tineretului-137\\\/#article\",\"isPartOf\":{\"@id\":\"https:\\\/\\\/bas-tv.md\\\/ro\\\/video-cartierul-tineretului-137\\\/\"},\"author\":{\"name\":\"Redactor\",\"@id\":\"https:\\\/\\\/bas-tv.md\\\/ro\\\/#\\\/schema\\\/person\\\/8740f45ea2eca1f1695284fc03529af0\"},\"headline\":\"(VIDEO) Cartierul Tineretului \u2013 137\",\"datePublished\":\"2024-04-27T14:00:45+00:00\",\"mainEntityOfPage\":{\"@id\":\"https:\\\/\\\/bas-tv.md\\\/ro\\\/video-cartierul-tineretului-137\\\/\"},\"wordCount\":144,\"publisher\":{\"@id\":\"https:\\\/\\\/bas-tv.md\\\/ro\\\/#organization\"},\"image\":{\"@id\":\"https:\\\/\\\/bas-tv.md\\\/ro\\\/video-cartierul-tineretului-137\\\/#primaryimage\"},\"thumbnailUrl\":\"https:\\\/\\\/bas-tv.md\\\/wp-content\\\/uploads\\\/2024\\\/04\\\/436771192_1143838873725743_3762861802692382192_n.png\",\"keywords\":[\"cartierul tineretului\",\"tineret\"],\"articleSection\":[\"Cartierul Tineretului\",\"Proiectele noastre\"],\"inLanguage\":\"ro-RO\"},{\"@type\":\"WebPage\",\"@id\":\"https:\\\/\\\/bas-tv.md\\\/ro\\\/video-cartierul-tineretului-137\\\/\",\"url\":\"https:\\\/\\\/bas-tv.md\\\/ro\\\/video-cartierul-tineretului-137\\\/\",\"name\":\"(VIDEO) Cartierul Tineretului \u2013 137 - BasTV\",\"isPartOf\":{\"@id\":\"https:\\\/\\\/bas-tv.md\\\/ro\\\/#website\"},\"primaryImageOfPage\":{\"@id\":\"https:\\\/\\\/bas-tv.md\\\/ro\\\/video-cartierul-tineretului-137\\\/#primaryimage\"},\"image\":{\"@id\":\"https:\\\/\\\/bas-tv.md\\\/ro\\\/video-cartierul-tineretului-137\\\/#primaryimage\"},\"thumbnailUrl\":\"https:\\\/\\\/bas-tv.md\\\/wp-content\\\/uploads\\\/2024\\\/04\\\/436771192_1143838873725743_3762861802692382192_n.png\",\"datePublished\":\"2024-04-27T14:00:45+00:00\",\"description\":\"V\u0103 prezent\u0103m o nou\u0103 edi\u021bie a emisiunii \u201eCartierul Tineretului\u201d! Redac\u021bia noastr\u0103 v-a preg\u0103tit reportaje pe diverse teme: dezbatere \u00eentre elevii din Basarabeasca \u0219i Abaclia privind Inteligen\u021ba Artificial\u0103, totalizarea proiectului privind discriminarea etnic\u0103 \u00een liceul \u201eMatei Basarab\u201d din or. Basarabeasca,cum e s\u0103 fii un pompier salvator, opinia elevilor referitoare la noua structur\u0103 a anului \u0219colar \u0219i cum decurg orele de modelling \u00een satul Sadaclia. Vizionare pl\u0103cut\u0103!\",\"inLanguage\":\"ro-RO\",\"potentialAction\":[{\"@type\":\"ReadAction\",\"target\":[\"https:\\\/\\\/bas-tv.md\\\/ro\\\/video-cartierul-tineretului-137\\\/\"]}]},{\"@type\":\"ImageObject\",\"inLanguage\":\"ro-RO\",\"@id\":\"https:\\\/\\\/bas-tv.md\\\/ro\\\/video-cartierul-tineretului-137\\\/#primaryimage\",\"url\":\"https:\\\/\\\/bas-tv.md\\\/wp-content\\\/uploads\\\/2024\\\/04\\\/436771192_1143838873725743_3762861802692382192_n.png\",\"contentUrl\":\"https:\\\/\\\/bas-tv.md\\\/wp-content\\\/uploads\\\/2024\\\/04\\\/436771192_1143838873725743_3762861802692382192_n.png\",\"width\":1280,\"height\":720,\"caption\":\"Foto - BAStv\"},{\"@type\":\"WebSite\",\"@id\":\"https:\\\/\\\/bas-tv.md\\\/ro\\\/#website\",\"url\":\"https:\\\/\\\/bas-tv.md\\\/ro\\\/\",\"name\":\"BasTV\",\"description\":\"Moldova\",\"publisher\":{\"@id\":\"https:\\\/\\\/bas-tv.md\\\/ro\\\/#organization\"},\"potentialAction\":[{\"@type\":\"SearchAction\",\"target\":{\"@type\":\"EntryPoint\",\"urlTemplate\":\"https:\\\/\\\/bas-tv.md\\\/ro\\\/?s={search_term_string}\"},\"query-input\":{\"@type\":\"PropertyValueSpecification\",\"valueRequired\":true,\"valueName\":\"search_term_string\"}}],\"inLanguage\":\"ro-RO\"},{\"@type\":\"Organization\",\"@id\":\"https:\\\/\\\/bas-tv.md\\\/ro\\\/#organization\",\"name\":\"BasTV\",\"url\":\"https:\\\/\\\/bas-tv.md\\\/ro\\\/\",\"logo\":{\"@type\":\"ImageObject\",\"inLanguage\":\"ro-RO\",\"@id\":\"https:\\\/\\\/bas-tv.md\\\/ro\\\/#\\\/schema\\\/logo\\\/image\\\/\",\"url\":\"https:\\\/\\\/bas-tv.md\\\/wp-content\\\/uploads\\\/2023\\\/05\\\/bas-tv-culoarea-rosie.png\",\"contentUrl\":\"https:\\\/\\\/bas-tv.md\\\/wp-content\\\/uploads\\\/2023\\\/05\\\/bas-tv-culoarea-rosie.png\",\"width\":202,\"height\":50,\"caption\":\"BasTV\"},\"image\":{\"@id\":\"https:\\\/\\\/bas-tv.md\\\/ro\\\/#\\\/schema\\\/logo\\\/image\\\/\"}},{\"@type\":\"Person\",\"@id\":\"https:\\\/\\\/bas-tv.md\\\/ro\\\/#\\\/schema\\\/person\\\/8740f45ea2eca1f1695284fc03529af0\",\"name\":\"Redactor\",\"image\":{\"@type\":\"ImageObject\",\"inLanguage\":\"ro-RO\",\"@id\":\"https:\\\/\\\/bas-tv.md\\\/wp-content\\\/litespeed\\\/avatar\\\/91c0586f3f6f4396a4ec1287c965eeeb.jpg?ver=1776950945\",\"url\":\"https:\\\/\\\/bas-tv.md\\\/wp-content\\\/litespeed\\\/avatar\\\/91c0586f3f6f4396a4ec1287c965eeeb.jpg?ver=1776950945\",\"contentUrl\":\"https:\\\/\\\/bas-tv.md\\\/wp-content\\\/litespeed\\\/avatar\\\/91c0586f3f6f4396a4ec1287c965eeeb.jpg?ver=1776950945\",\"caption\":\"Redactor\"},\"url\":\"https:\\\/\\\/bas-tv.md\\\/ro\\\/author\\\/redactor\\\/\"}]}<\/script>\n<!-- \/ Yoast SEO plugin. -->","yoast_head_json":{"title":"(VIDEO) Cartierul Tineretului \u2013 137 - BasTV","description":"V\u0103 prezent\u0103m o nou\u0103 edi\u021bie a emisiunii \u201eCartierul Tineretului\u201d! Redac\u021bia noastr\u0103 v-a preg\u0103tit reportaje pe diverse teme: dezbatere \u00eentre elevii din Basarabeasca \u0219i Abaclia privind Inteligen\u021ba Artificial\u0103, totalizarea proiectului privind discriminarea etnic\u0103 \u00een liceul \u201eMatei Basarab\u201d din or. Basarabeasca,cum e s\u0103 fii un pompier salvator, opinia elevilor referitoare la noua structur\u0103 a anului \u0219colar \u0219i cum decurg orele de modelling \u00een satul Sadaclia. Vizionare pl\u0103cut\u0103!","robots":{"index":"index","follow":"follow","max-snippet":"max-snippet:-1","max-image-preview":"max-image-preview:large","max-video-preview":"max-video-preview:-1"},"canonical":"https:\/\/bas-tv.md\/ro\/video-cartierul-tineretului-137\/","og_locale":"ro_RO","og_type":"article","og_title":"(VIDEO) Cartierul Tineretului \u2013 137 - BasTV","og_description":"V\u0103 prezent\u0103m o nou\u0103 edi\u021bie a emisiunii \u201eCartierul Tineretului\u201d! Redac\u021bia noastr\u0103 v-a preg\u0103tit reportaje pe diverse teme: dezbatere \u00eentre elevii din Basarabeasca \u0219i Abaclia privind Inteligen\u021ba Artificial\u0103, totalizarea proiectului privind discriminarea etnic\u0103 \u00een liceul \u201eMatei Basarab\u201d din or. Basarabeasca,cum e s\u0103 fii un pompier salvator, opinia elevilor referitoare la noua structur\u0103 a anului \u0219colar \u0219i cum decurg orele de modelling \u00een satul Sadaclia. Vizionare pl\u0103cut\u0103!","og_url":"https:\/\/bas-tv.md\/ro\/video-cartierul-tineretului-137\/","og_site_name":"BasTV","article_published_time":"2024-04-27T14:00:45+00:00","og_image":[{"width":1280,"height":720,"url":"https:\/\/bas-tv.md\/wp-content\/uploads\/2024\/04\/436771192_1143838873725743_3762861802692382192_n.png","type":"image\/png"}],"author":"Redactor","twitter_card":"summary_large_image","twitter_misc":{"Scris de":"Redactor","Timp estimat pentru citire":"1 minut"},"schema":{"@context":"https:\/\/schema.org","@graph":[{"@type":"Article","@id":"https:\/\/bas-tv.md\/ro\/video-cartierul-tineretului-137\/#article","isPartOf":{"@id":"https:\/\/bas-tv.md\/ro\/video-cartierul-tineretului-137\/"},"author":{"name":"Redactor","@id":"https:\/\/bas-tv.md\/ro\/#\/schema\/person\/8740f45ea2eca1f1695284fc03529af0"},"headline":"(VIDEO) Cartierul Tineretului \u2013 137","datePublished":"2024-04-27T14:00:45+00:00","mainEntityOfPage":{"@id":"https:\/\/bas-tv.md\/ro\/video-cartierul-tineretului-137\/"},"wordCount":144,"publisher":{"@id":"https:\/\/bas-tv.md\/ro\/#organization"},"image":{"@id":"https:\/\/bas-tv.md\/ro\/video-cartierul-tineretului-137\/#primaryimage"},"thumbnailUrl":"https:\/\/bas-tv.md\/wp-content\/uploads\/2024\/04\/436771192_1143838873725743_3762861802692382192_n.png","keywords":["cartierul tineretului","tineret"],"articleSection":["Cartierul Tineretului","Proiectele noastre"],"inLanguage":"ro-RO"},{"@type":"WebPage","@id":"https:\/\/bas-tv.md\/ro\/video-cartierul-tineretului-137\/","url":"https:\/\/bas-tv.md\/ro\/video-cartierul-tineretului-137\/","name":"(VIDEO) Cartierul Tineretului \u2013 137 - BasTV","isPartOf":{"@id":"https:\/\/bas-tv.md\/ro\/#website"},"primaryImageOfPage":{"@id":"https:\/\/bas-tv.md\/ro\/video-cartierul-tineretului-137\/#primaryimage"},"image":{"@id":"https:\/\/bas-tv.md\/ro\/video-cartierul-tineretului-137\/#primaryimage"},"thumbnailUrl":"https:\/\/bas-tv.md\/wp-content\/uploads\/2024\/04\/436771192_1143838873725743_3762861802692382192_n.png","datePublished":"2024-04-27T14:00:45+00:00","description":"V\u0103 prezent\u0103m o nou\u0103 edi\u021bie a emisiunii \u201eCartierul Tineretului\u201d! Redac\u021bia noastr\u0103 v-a preg\u0103tit reportaje pe diverse teme: dezbatere \u00eentre elevii din Basarabeasca \u0219i Abaclia privind Inteligen\u021ba Artificial\u0103, totalizarea proiectului privind discriminarea etnic\u0103 \u00een liceul \u201eMatei Basarab\u201d din or. Basarabeasca,cum e s\u0103 fii un pompier salvator, opinia elevilor referitoare la noua structur\u0103 a anului \u0219colar \u0219i cum decurg orele de modelling \u00een satul Sadaclia. Vizionare pl\u0103cut\u0103!","inLanguage":"ro-RO","potentialAction":[{"@type":"ReadAction","target":["https:\/\/bas-tv.md\/ro\/video-cartierul-tineretului-137\/"]}]},{"@type":"ImageObject","inLanguage":"ro-RO","@id":"https:\/\/bas-tv.md\/ro\/video-cartierul-tineretului-137\/#primaryimage","url":"https:\/\/bas-tv.md\/wp-content\/uploads\/2024\/04\/436771192_1143838873725743_3762861802692382192_n.png","contentUrl":"https:\/\/bas-tv.md\/wp-content\/uploads\/2024\/04\/436771192_1143838873725743_3762861802692382192_n.png","width":1280,"height":720,"caption":"Foto - BAStv"},{"@type":"WebSite","@id":"https:\/\/bas-tv.md\/ro\/#website","url":"https:\/\/bas-tv.md\/ro\/","name":"BasTV","description":"Moldova","publisher":{"@id":"https:\/\/bas-tv.md\/ro\/#organization"},"potentialAction":[{"@type":"SearchAction","target":{"@type":"EntryPoint","urlTemplate":"https:\/\/bas-tv.md\/ro\/?s={search_term_string}"},"query-input":{"@type":"PropertyValueSpecification","valueRequired":true,"valueName":"search_term_string"}}],"inLanguage":"ro-RO"},{"@type":"Organization","@id":"https:\/\/bas-tv.md\/ro\/#organization","name":"BasTV","url":"https:\/\/bas-tv.md\/ro\/","logo":{"@type":"ImageObject","inLanguage":"ro-RO","@id":"https:\/\/bas-tv.md\/ro\/#\/schema\/logo\/image\/","url":"https:\/\/bas-tv.md\/wp-content\/uploads\/2023\/05\/bas-tv-culoarea-rosie.png","contentUrl":"https:\/\/bas-tv.md\/wp-content\/uploads\/2023\/05\/bas-tv-culoarea-rosie.png","width":202,"height":50,"caption":"BasTV"},"image":{"@id":"https:\/\/bas-tv.md\/ro\/#\/schema\/logo\/image\/"}},{"@type":"Person","@id":"https:\/\/bas-tv.md\/ro\/#\/schema\/person\/8740f45ea2eca1f1695284fc03529af0","name":"Redactor","image":{"@type":"ImageObject","inLanguage":"ro-RO","@id":"https:\/\/bas-tv.md\/wp-content\/litespeed\/avatar\/91c0586f3f6f4396a4ec1287c965eeeb.jpg?ver=1776950945","url":"https:\/\/bas-tv.md\/wp-content\/litespeed\/avatar\/91c0586f3f6f4396a4ec1287c965eeeb.jpg?ver=1776950945","contentUrl":"https:\/\/bas-tv.md\/wp-content\/litespeed\/avatar\/91c0586f3f6f4396a4ec1287c965eeeb.jpg?ver=1776950945","caption":"Redactor"},"url":"https:\/\/bas-tv.md\/ro\/author\/redactor\/"}]}},"views":729,"_links":{"self":[{"href":"https:\/\/bas-tv.md\/ro\/wp-json\/wp\/v2\/posts\/117895","targetHints":{"allow":["GET"]}}],"collection":[{"href":"https:\/\/bas-tv.md\/ro\/wp-json\/wp\/v2\/posts"}],"about":[{"href":"https:\/\/bas-tv.md\/ro\/wp-json\/wp\/v2\/types\/post"}],"author":[{"embeddable":true,"href":"https:\/\/bas-tv.md\/ro\/wp-json\/wp\/v2\/users\/3"}],"replies":[{"embeddable":true,"href":"https:\/\/bas-tv.md\/ro\/wp-json\/wp\/v2\/comments?post=117895"}],"version-history":[{"count":1,"href":"https:\/\/bas-tv.md\/ro\/wp-json\/wp\/v2\/posts\/117895\/revisions"}],"predecessor-version":[{"id":117900,"href":"https:\/\/bas-tv.md\/ro\/wp-json\/wp\/v2\/posts\/117895\/revisions\/117900"}],"wp:featuredmedia":[{"embeddable":true,"href":"https:\/\/bas-tv.md\/ro\/wp-json\/wp\/v2\/media\/117898"}],"wp:attachment":[{"href":"https:\/\/bas-tv.md\/ro\/wp-json\/wp\/v2\/media?parent=117895"}],"wp:term":[{"taxonomy":"category","embeddable":true,"href":"https:\/\/bas-tv.md\/ro\/wp-json\/wp\/v2\/categories?post=117895"},{"taxonomy":"post_tag","embeddable":true,"href":"https:\/\/bas-tv.md\/ro\/wp-json\/wp\/v2\/tags?post=117895"}],"curies":[{"name":"wp","href":"https:\/\/api.w.org\/{rel}","templated":true}]}}