{"id":118169,"date":"2024-05-03T11:30:45","date_gmt":"2024-05-03T08:30:45","guid":{"rendered":"https:\/\/bas-tv.md\/?p=118169"},"modified":"2024-05-03T09:40:37","modified_gmt":"2024-05-03T06:40:37","slug":"video-magia-culorilor-pascale-activitate-inedita-pentru-copii-desfasurata-in-s-sadaclia","status":"publish","type":"post","link":"https:\/\/bas-tv.md\/ro\/video-magia-culorilor-pascale-activitate-inedita-pentru-copii-desfasurata-in-s-sadaclia\/","title":{"rendered":"(VIDEO) \u201eMagia culorilor pascale\u201d: activitate inedit\u0103 pentru copii desf\u0103\u0219urat\u0103 \u00een s. Sadaclia"},"content":{"rendered":"<p><strong>Pentru c\u0103 se apropie S\u0103rb\u0103torile de Pa\u0219ti, Casa de cultur\u0103 din satul Sadaclia, \u00eempreun\u0103 cu bibliotecile publice \u0219i muzeul din localitate, au desf\u0103\u0219urat un atelier creativ pentru copii. \u00cen cadrul lui, picii au putut \u00eensu\u0219i metode interesante de vopsire \u0219i \u00eencondeiere ale ou\u0103lor. Cum a avut loc totul, urm\u0103ri\u021bi \u00een materialul realizat de Ana Burdujan.<\/strong><\/p>\n<p><iframe title=\"\u201eMagia culorilor pascale\u201d: activitate inedit\u0103 pentru copii desf\u0103\u0219urat\u0103 \u00een s. Sadaclia\" width=\"580\" height=\"326\" data-src=\"https:\/\/www.youtube.com\/embed\/9TVsjpFk0vc?feature=oembed\" frameborder=\"0\" allow=\"accelerometer; autoplay; clipboard-write; encrypted-media; gyroscope; picture-in-picture; web-share\" referrerpolicy=\"strict-origin-when-cross-origin\" allowfullscreen src=\"data:image\/svg+xml;base64,PHN2ZyB3aWR0aD0iMSIgaGVpZ2h0PSIxIiB4bWxucz0iaHR0cDovL3d3dy53My5vcmcvMjAwMC9zdmciPjwvc3ZnPg==\" class=\"lazyload\" data-load-mode=\"1\"><\/iframe><\/p>\n<p><strong>Sus\u021bine\u021bi redac\u021bia BAStv, abona\u021bi-v\u0103 la noi pe platforma\u00a0<a href=\"https:\/\/www.patreon.com\/BAStv?fan_landing=true&amp;fbclid=IwAR3MeSDKfH4ixBydCXX9D1lhrCszhps3ID5uxuGA-Ktd4MTkZCRdlcEZkQI\">Patreon\u00a0<\/a>sau prin efectuarea contribu\u021biilor prin\u00a0<a href=\"https:\/\/www.paypal.com\/paypalme\/supportbastv\">PayPal<\/a>! Aceasta ne va ajuta s\u0103 cre\u0103m con\u021binut interesant \u0219i util pentru dvs., r\u0103m\u00e2n\u00e2nd \u00een continuare o platform\u0103 media independent\u0103.<\/strong><\/p>\n<p><b>Abona\u021bi-v\u0103 la noi pe re\u021bele sociale:\u00a0<\/b><a href=\"https:\/\/t.me\/bastvmd\"><b><i>Telegram<\/i><\/b><\/a><b>,\u00a0<\/b><a href=\"https:\/\/www.youtube.com\/channel\/UC-9005PnLnhpNM8PVSjP2dQ\/featured\"><b><i>YouTube<\/i><\/b><\/a><b>,\u00a0<\/b><a href=\"https:\/\/www.facebook.com\/bastv.md\"><b><i>Facebook<\/i><\/b><\/a>\u00a0<strong>\u0219i\u00a0<\/strong><a href=\"https:\/\/www.instagram.com\/bastv.md\/\"><b><i>Instagram<\/i><\/b><\/a><b>. Aici public\u0103m \u0219tiri pe scurt!<\/b><\/p>\n","protected":false},"excerpt":{"rendered":"<p>Pentru c\u0103 se apropie S\u0103rb\u0103torile de Pa\u0219ti, Casa de cultur\u0103 din satul Sadaclia, \u00eempreun\u0103 cu bibliotecile publice \u0219i muzeul din localitate, au desf\u0103\u0219urat un atelier creativ pentru copii. \u00cen cadrul lui, picii au putut \u00eensu\u0219i metode interesante de vopsire \u0219i \u00eencondeiere ale ou\u0103lor. Cum a avut loc totul, urm\u0103ri\u021bi \u00een materialul realizat de Ana Burdujan. [&hellip;]<\/p>\n","protected":false},"author":3,"featured_media":118193,"comment_status":"closed","ping_status":"closed","sticky":false,"template":"","format":"standard","meta":{"footnotes":""},"categories":[602,569],"tags":[1413,693,1505,939,2454,683,893],"class_list":["post-118169","post","type-post","status-publish","format-standard","has-post-thumbnail","hentry","category-actualitate","category-in-basarabeasca","tag-activitate","tag-basarabeasca-ro","tag-copii","tag-desen","tag-paste","tag-sadaclia","tag-scoala"],"yoast_head":"<!-- This site is optimized with the Yoast SEO plugin v27.5 - https:\/\/yoast.com\/product\/yoast-seo-wordpress\/ -->\n<title>(VIDEO) \u201eMagia culorilor pascale\u201d: activitate inedit\u0103 pentru copii desf\u0103\u0219urat\u0103 \u00een s. Sadaclia - BasTV<\/title>\n<meta name=\"description\" content=\"Pentru c\u0103 se apropie S\u0103rb\u0103torile de Pa\u0219ti, Casa de cultur\u0103 din satul Sadaclia, \u00eempreun\u0103 cu bibliotecile publice \u0219i muzeul din localitate, au desf\u0103\u0219urat un atelier creativ pentru copii. \u00cen cadrul lui, picii au putut \u00eensu\u0219i metode interesante de vopsire \u0219i \u00eencondeiere ale ou\u0103lor. Cum a avut loc totul, urm\u0103ri\u021bi \u00een materialul realizat de Ani\u0219oara Burdujan.\" \/>\n<meta name=\"robots\" content=\"index, follow, max-snippet:-1, max-image-preview:large, max-video-preview:-1\" \/>\n<link rel=\"canonical\" href=\"https:\/\/bas-tv.md\/ro\/video-magia-culorilor-pascale-activitate-inedita-pentru-copii-desfasurata-in-s-sadaclia\/\" \/>\n<meta property=\"og:locale\" content=\"ro_RO\" \/>\n<meta property=\"og:type\" content=\"article\" \/>\n<meta property=\"og:title\" content=\"(VIDEO) \u201eMagia culorilor pascale\u201d: activitate inedit\u0103 pentru copii desf\u0103\u0219urat\u0103 \u00een s. Sadaclia - BasTV\" \/>\n<meta property=\"og:description\" content=\"Pentru c\u0103 se apropie S\u0103rb\u0103torile de Pa\u0219ti, Casa de cultur\u0103 din satul Sadaclia, \u00eempreun\u0103 cu bibliotecile publice \u0219i muzeul din localitate, au desf\u0103\u0219urat un atelier creativ pentru copii. \u00cen cadrul lui, picii au putut \u00eensu\u0219i metode interesante de vopsire \u0219i \u00eencondeiere ale ou\u0103lor. Cum a avut loc totul, urm\u0103ri\u021bi \u00een materialul realizat de Ani\u0219oara Burdujan.\" \/>\n<meta property=\"og:url\" content=\"https:\/\/bas-tv.md\/ro\/video-magia-culorilor-pascale-activitate-inedita-pentru-copii-desfasurata-in-s-sadaclia\/\" \/>\n<meta property=\"og:site_name\" content=\"BasTV\" \/>\n<meta property=\"article:published_time\" content=\"2024-05-03T08:30:45+00:00\" \/>\n<meta property=\"og:image\" content=\"https:\/\/bas-tv.md\/wp-content\/uploads\/2024\/05\/screenshot_5.jpg\" \/>\n\t<meta property=\"og:image:width\" content=\"1650\" \/>\n\t<meta property=\"og:image:height\" content=\"886\" \/>\n\t<meta property=\"og:image:type\" content=\"image\/jpeg\" \/>\n<meta name=\"author\" content=\"Redactor\" \/>\n<meta name=\"twitter:card\" content=\"summary_large_image\" \/>\n<meta name=\"twitter:label1\" content=\"Scris de\" \/>\n\t<meta name=\"twitter:data1\" content=\"Redactor\" \/>\n\t<meta name=\"twitter:label2\" content=\"Timp estimat pentru citire\" \/>\n\t<meta name=\"twitter:data2\" content=\"1 minut\" \/>\n<script type=\"application\/ld+json\" class=\"yoast-schema-graph\">{\"@context\":\"https:\\\/\\\/schema.org\",\"@graph\":[{\"@type\":\"Article\",\"@id\":\"https:\\\/\\\/bas-tv.md\\\/ro\\\/video-magia-culorilor-pascale-activitate-inedita-pentru-copii-desfasurata-in-s-sadaclia\\\/#article\",\"isPartOf\":{\"@id\":\"https:\\\/\\\/bas-tv.md\\\/ro\\\/video-magia-culorilor-pascale-activitate-inedita-pentru-copii-desfasurata-in-s-sadaclia\\\/\"},\"author\":{\"name\":\"Redactor\",\"@id\":\"https:\\\/\\\/bas-tv.md\\\/ro\\\/#\\\/schema\\\/person\\\/8740f45ea2eca1f1695284fc03529af0\"},\"headline\":\"(VIDEO) \u201eMagia culorilor pascale\u201d: activitate inedit\u0103 pentru copii desf\u0103\u0219urat\u0103 \u00een s. Sadaclia\",\"datePublished\":\"2024-05-03T08:30:45+00:00\",\"mainEntityOfPage\":{\"@id\":\"https:\\\/\\\/bas-tv.md\\\/ro\\\/video-magia-culorilor-pascale-activitate-inedita-pentru-copii-desfasurata-in-s-sadaclia\\\/\"},\"wordCount\":144,\"publisher\":{\"@id\":\"https:\\\/\\\/bas-tv.md\\\/ro\\\/#organization\"},\"image\":{\"@id\":\"https:\\\/\\\/bas-tv.md\\\/ro\\\/video-magia-culorilor-pascale-activitate-inedita-pentru-copii-desfasurata-in-s-sadaclia\\\/#primaryimage\"},\"thumbnailUrl\":\"https:\\\/\\\/bas-tv.md\\\/wp-content\\\/uploads\\\/2024\\\/05\\\/screenshot_5.jpg\",\"keywords\":[\"activitate\",\"Basarabeasca\",\"copii\",\"desen\",\"Pa\u0219te\",\"sadaclia\",\"\u0219coal\u0103\"],\"articleSection\":[\"Actualitate\",\"\u00cen Basarabeasca\"],\"inLanguage\":\"ro-RO\"},{\"@type\":\"WebPage\",\"@id\":\"https:\\\/\\\/bas-tv.md\\\/ro\\\/video-magia-culorilor-pascale-activitate-inedita-pentru-copii-desfasurata-in-s-sadaclia\\\/\",\"url\":\"https:\\\/\\\/bas-tv.md\\\/ro\\\/video-magia-culorilor-pascale-activitate-inedita-pentru-copii-desfasurata-in-s-sadaclia\\\/\",\"name\":\"(VIDEO) \u201eMagia culorilor pascale\u201d: activitate inedit\u0103 pentru copii desf\u0103\u0219urat\u0103 \u00een s. Sadaclia - BasTV\",\"isPartOf\":{\"@id\":\"https:\\\/\\\/bas-tv.md\\\/ro\\\/#website\"},\"primaryImageOfPage\":{\"@id\":\"https:\\\/\\\/bas-tv.md\\\/ro\\\/video-magia-culorilor-pascale-activitate-inedita-pentru-copii-desfasurata-in-s-sadaclia\\\/#primaryimage\"},\"image\":{\"@id\":\"https:\\\/\\\/bas-tv.md\\\/ro\\\/video-magia-culorilor-pascale-activitate-inedita-pentru-copii-desfasurata-in-s-sadaclia\\\/#primaryimage\"},\"thumbnailUrl\":\"https:\\\/\\\/bas-tv.md\\\/wp-content\\\/uploads\\\/2024\\\/05\\\/screenshot_5.jpg\",\"datePublished\":\"2024-05-03T08:30:45+00:00\",\"description\":\"Pentru c\u0103 se apropie S\u0103rb\u0103torile de Pa\u0219ti, Casa de cultur\u0103 din satul Sadaclia, \u00eempreun\u0103 cu bibliotecile publice \u0219i muzeul din localitate, au desf\u0103\u0219urat un atelier creativ pentru copii. \u00cen cadrul lui, picii au putut \u00eensu\u0219i metode interesante de vopsire \u0219i \u00eencondeiere ale ou\u0103lor. Cum a avut loc totul, urm\u0103ri\u021bi \u00een materialul realizat de Ani\u0219oara Burdujan.\",\"inLanguage\":\"ro-RO\",\"potentialAction\":[{\"@type\":\"ReadAction\",\"target\":[\"https:\\\/\\\/bas-tv.md\\\/ro\\\/video-magia-culorilor-pascale-activitate-inedita-pentru-copii-desfasurata-in-s-sadaclia\\\/\"]}]},{\"@type\":\"ImageObject\",\"inLanguage\":\"ro-RO\",\"@id\":\"https:\\\/\\\/bas-tv.md\\\/ro\\\/video-magia-culorilor-pascale-activitate-inedita-pentru-copii-desfasurata-in-s-sadaclia\\\/#primaryimage\",\"url\":\"https:\\\/\\\/bas-tv.md\\\/wp-content\\\/uploads\\\/2024\\\/05\\\/screenshot_5.jpg\",\"contentUrl\":\"https:\\\/\\\/bas-tv.md\\\/wp-content\\\/uploads\\\/2024\\\/05\\\/screenshot_5.jpg\",\"width\":1650,\"height\":886,\"caption\":\"Foto: Screenshot\"},{\"@type\":\"WebSite\",\"@id\":\"https:\\\/\\\/bas-tv.md\\\/ro\\\/#website\",\"url\":\"https:\\\/\\\/bas-tv.md\\\/ro\\\/\",\"name\":\"BasTV\",\"description\":\"Moldova\",\"publisher\":{\"@id\":\"https:\\\/\\\/bas-tv.md\\\/ro\\\/#organization\"},\"potentialAction\":[{\"@type\":\"SearchAction\",\"target\":{\"@type\":\"EntryPoint\",\"urlTemplate\":\"https:\\\/\\\/bas-tv.md\\\/ro\\\/?s={search_term_string}\"},\"query-input\":{\"@type\":\"PropertyValueSpecification\",\"valueRequired\":true,\"valueName\":\"search_term_string\"}}],\"inLanguage\":\"ro-RO\"},{\"@type\":\"Organization\",\"@id\":\"https:\\\/\\\/bas-tv.md\\\/ro\\\/#organization\",\"name\":\"BasTV\",\"url\":\"https:\\\/\\\/bas-tv.md\\\/ro\\\/\",\"logo\":{\"@type\":\"ImageObject\",\"inLanguage\":\"ro-RO\",\"@id\":\"https:\\\/\\\/bas-tv.md\\\/ro\\\/#\\\/schema\\\/logo\\\/image\\\/\",\"url\":\"https:\\\/\\\/bas-tv.md\\\/wp-content\\\/uploads\\\/2023\\\/05\\\/bas-tv-culoarea-rosie.png\",\"contentUrl\":\"https:\\\/\\\/bas-tv.md\\\/wp-content\\\/uploads\\\/2023\\\/05\\\/bas-tv-culoarea-rosie.png\",\"width\":202,\"height\":50,\"caption\":\"BasTV\"},\"image\":{\"@id\":\"https:\\\/\\\/bas-tv.md\\\/ro\\\/#\\\/schema\\\/logo\\\/image\\\/\"}},{\"@type\":\"Person\",\"@id\":\"https:\\\/\\\/bas-tv.md\\\/ro\\\/#\\\/schema\\\/person\\\/8740f45ea2eca1f1695284fc03529af0\",\"name\":\"Redactor\",\"image\":{\"@type\":\"ImageObject\",\"inLanguage\":\"ro-RO\",\"@id\":\"https:\\\/\\\/secure.gravatar.com\\\/avatar\\\/45b6af9fc91c10b15a8b40e67c1f57bab2e9614fc9f0af95cf453d61934e9aad?s=96&d=mm&r=g\",\"url\":\"https:\\\/\\\/secure.gravatar.com\\\/avatar\\\/45b6af9fc91c10b15a8b40e67c1f57bab2e9614fc9f0af95cf453d61934e9aad?s=96&d=mm&r=g\",\"contentUrl\":\"https:\\\/\\\/secure.gravatar.com\\\/avatar\\\/45b6af9fc91c10b15a8b40e67c1f57bab2e9614fc9f0af95cf453d61934e9aad?s=96&d=mm&r=g\",\"caption\":\"Redactor\"},\"url\":\"https:\\\/\\\/bas-tv.md\\\/ro\\\/author\\\/redactor\\\/\"}]}<\/script>\n<!-- \/ Yoast SEO plugin. -->","yoast_head_json":{"title":"(VIDEO) \u201eMagia culorilor pascale\u201d: activitate inedit\u0103 pentru copii desf\u0103\u0219urat\u0103 \u00een s. Sadaclia - BasTV","description":"Pentru c\u0103 se apropie S\u0103rb\u0103torile de Pa\u0219ti, Casa de cultur\u0103 din satul Sadaclia, \u00eempreun\u0103 cu bibliotecile publice \u0219i muzeul din localitate, au desf\u0103\u0219urat un atelier creativ pentru copii. \u00cen cadrul lui, picii au putut \u00eensu\u0219i metode interesante de vopsire \u0219i \u00eencondeiere ale ou\u0103lor. Cum a avut loc totul, urm\u0103ri\u021bi \u00een materialul realizat de Ani\u0219oara Burdujan.","robots":{"index":"index","follow":"follow","max-snippet":"max-snippet:-1","max-image-preview":"max-image-preview:large","max-video-preview":"max-video-preview:-1"},"canonical":"https:\/\/bas-tv.md\/ro\/video-magia-culorilor-pascale-activitate-inedita-pentru-copii-desfasurata-in-s-sadaclia\/","og_locale":"ro_RO","og_type":"article","og_title":"(VIDEO) \u201eMagia culorilor pascale\u201d: activitate inedit\u0103 pentru copii desf\u0103\u0219urat\u0103 \u00een s. Sadaclia - BasTV","og_description":"Pentru c\u0103 se apropie S\u0103rb\u0103torile de Pa\u0219ti, Casa de cultur\u0103 din satul Sadaclia, \u00eempreun\u0103 cu bibliotecile publice \u0219i muzeul din localitate, au desf\u0103\u0219urat un atelier creativ pentru copii. \u00cen cadrul lui, picii au putut \u00eensu\u0219i metode interesante de vopsire \u0219i \u00eencondeiere ale ou\u0103lor. Cum a avut loc totul, urm\u0103ri\u021bi \u00een materialul realizat de Ani\u0219oara Burdujan.","og_url":"https:\/\/bas-tv.md\/ro\/video-magia-culorilor-pascale-activitate-inedita-pentru-copii-desfasurata-in-s-sadaclia\/","og_site_name":"BasTV","article_published_time":"2024-05-03T08:30:45+00:00","og_image":[{"width":1650,"height":886,"url":"https:\/\/bas-tv.md\/wp-content\/uploads\/2024\/05\/screenshot_5.jpg","type":"image\/jpeg"}],"author":"Redactor","twitter_card":"summary_large_image","twitter_misc":{"Scris de":"Redactor","Timp estimat pentru citire":"1 minut"},"schema":{"@context":"https:\/\/schema.org","@graph":[{"@type":"Article","@id":"https:\/\/bas-tv.md\/ro\/video-magia-culorilor-pascale-activitate-inedita-pentru-copii-desfasurata-in-s-sadaclia\/#article","isPartOf":{"@id":"https:\/\/bas-tv.md\/ro\/video-magia-culorilor-pascale-activitate-inedita-pentru-copii-desfasurata-in-s-sadaclia\/"},"author":{"name":"Redactor","@id":"https:\/\/bas-tv.md\/ro\/#\/schema\/person\/8740f45ea2eca1f1695284fc03529af0"},"headline":"(VIDEO) \u201eMagia culorilor pascale\u201d: activitate inedit\u0103 pentru copii desf\u0103\u0219urat\u0103 \u00een s. Sadaclia","datePublished":"2024-05-03T08:30:45+00:00","mainEntityOfPage":{"@id":"https:\/\/bas-tv.md\/ro\/video-magia-culorilor-pascale-activitate-inedita-pentru-copii-desfasurata-in-s-sadaclia\/"},"wordCount":144,"publisher":{"@id":"https:\/\/bas-tv.md\/ro\/#organization"},"image":{"@id":"https:\/\/bas-tv.md\/ro\/video-magia-culorilor-pascale-activitate-inedita-pentru-copii-desfasurata-in-s-sadaclia\/#primaryimage"},"thumbnailUrl":"https:\/\/bas-tv.md\/wp-content\/uploads\/2024\/05\/screenshot_5.jpg","keywords":["activitate","Basarabeasca","copii","desen","Pa\u0219te","sadaclia","\u0219coal\u0103"],"articleSection":["Actualitate","\u00cen Basarabeasca"],"inLanguage":"ro-RO"},{"@type":"WebPage","@id":"https:\/\/bas-tv.md\/ro\/video-magia-culorilor-pascale-activitate-inedita-pentru-copii-desfasurata-in-s-sadaclia\/","url":"https:\/\/bas-tv.md\/ro\/video-magia-culorilor-pascale-activitate-inedita-pentru-copii-desfasurata-in-s-sadaclia\/","name":"(VIDEO) \u201eMagia culorilor pascale\u201d: activitate inedit\u0103 pentru copii desf\u0103\u0219urat\u0103 \u00een s. Sadaclia - BasTV","isPartOf":{"@id":"https:\/\/bas-tv.md\/ro\/#website"},"primaryImageOfPage":{"@id":"https:\/\/bas-tv.md\/ro\/video-magia-culorilor-pascale-activitate-inedita-pentru-copii-desfasurata-in-s-sadaclia\/#primaryimage"},"image":{"@id":"https:\/\/bas-tv.md\/ro\/video-magia-culorilor-pascale-activitate-inedita-pentru-copii-desfasurata-in-s-sadaclia\/#primaryimage"},"thumbnailUrl":"https:\/\/bas-tv.md\/wp-content\/uploads\/2024\/05\/screenshot_5.jpg","datePublished":"2024-05-03T08:30:45+00:00","description":"Pentru c\u0103 se apropie S\u0103rb\u0103torile de Pa\u0219ti, Casa de cultur\u0103 din satul Sadaclia, \u00eempreun\u0103 cu bibliotecile publice \u0219i muzeul din localitate, au desf\u0103\u0219urat un atelier creativ pentru copii. \u00cen cadrul lui, picii au putut \u00eensu\u0219i metode interesante de vopsire \u0219i \u00eencondeiere ale ou\u0103lor. Cum a avut loc totul, urm\u0103ri\u021bi \u00een materialul realizat de Ani\u0219oara Burdujan.","inLanguage":"ro-RO","potentialAction":[{"@type":"ReadAction","target":["https:\/\/bas-tv.md\/ro\/video-magia-culorilor-pascale-activitate-inedita-pentru-copii-desfasurata-in-s-sadaclia\/"]}]},{"@type":"ImageObject","inLanguage":"ro-RO","@id":"https:\/\/bas-tv.md\/ro\/video-magia-culorilor-pascale-activitate-inedita-pentru-copii-desfasurata-in-s-sadaclia\/#primaryimage","url":"https:\/\/bas-tv.md\/wp-content\/uploads\/2024\/05\/screenshot_5.jpg","contentUrl":"https:\/\/bas-tv.md\/wp-content\/uploads\/2024\/05\/screenshot_5.jpg","width":1650,"height":886,"caption":"Foto: Screenshot"},{"@type":"WebSite","@id":"https:\/\/bas-tv.md\/ro\/#website","url":"https:\/\/bas-tv.md\/ro\/","name":"BasTV","description":"Moldova","publisher":{"@id":"https:\/\/bas-tv.md\/ro\/#organization"},"potentialAction":[{"@type":"SearchAction","target":{"@type":"EntryPoint","urlTemplate":"https:\/\/bas-tv.md\/ro\/?s={search_term_string}"},"query-input":{"@type":"PropertyValueSpecification","valueRequired":true,"valueName":"search_term_string"}}],"inLanguage":"ro-RO"},{"@type":"Organization","@id":"https:\/\/bas-tv.md\/ro\/#organization","name":"BasTV","url":"https:\/\/bas-tv.md\/ro\/","logo":{"@type":"ImageObject","inLanguage":"ro-RO","@id":"https:\/\/bas-tv.md\/ro\/#\/schema\/logo\/image\/","url":"https:\/\/bas-tv.md\/wp-content\/uploads\/2023\/05\/bas-tv-culoarea-rosie.png","contentUrl":"https:\/\/bas-tv.md\/wp-content\/uploads\/2023\/05\/bas-tv-culoarea-rosie.png","width":202,"height":50,"caption":"BasTV"},"image":{"@id":"https:\/\/bas-tv.md\/ro\/#\/schema\/logo\/image\/"}},{"@type":"Person","@id":"https:\/\/bas-tv.md\/ro\/#\/schema\/person\/8740f45ea2eca1f1695284fc03529af0","name":"Redactor","image":{"@type":"ImageObject","inLanguage":"ro-RO","@id":"https:\/\/secure.gravatar.com\/avatar\/45b6af9fc91c10b15a8b40e67c1f57bab2e9614fc9f0af95cf453d61934e9aad?s=96&d=mm&r=g","url":"https:\/\/secure.gravatar.com\/avatar\/45b6af9fc91c10b15a8b40e67c1f57bab2e9614fc9f0af95cf453d61934e9aad?s=96&d=mm&r=g","contentUrl":"https:\/\/secure.gravatar.com\/avatar\/45b6af9fc91c10b15a8b40e67c1f57bab2e9614fc9f0af95cf453d61934e9aad?s=96&d=mm&r=g","caption":"Redactor"},"url":"https:\/\/bas-tv.md\/ro\/author\/redactor\/"}]}},"views":649,"_links":{"self":[{"href":"https:\/\/bas-tv.md\/ro\/wp-json\/wp\/v2\/posts\/118169","targetHints":{"allow":["GET"]}}],"collection":[{"href":"https:\/\/bas-tv.md\/ro\/wp-json\/wp\/v2\/posts"}],"about":[{"href":"https:\/\/bas-tv.md\/ro\/wp-json\/wp\/v2\/types\/post"}],"author":[{"embeddable":true,"href":"https:\/\/bas-tv.md\/ro\/wp-json\/wp\/v2\/users\/3"}],"replies":[{"embeddable":true,"href":"https:\/\/bas-tv.md\/ro\/wp-json\/wp\/v2\/comments?post=118169"}],"version-history":[{"count":4,"href":"https:\/\/bas-tv.md\/ro\/wp-json\/wp\/v2\/posts\/118169\/revisions"}],"predecessor-version":[{"id":118198,"href":"https:\/\/bas-tv.md\/ro\/wp-json\/wp\/v2\/posts\/118169\/revisions\/118198"}],"wp:featuredmedia":[{"embeddable":true,"href":"https:\/\/bas-tv.md\/ro\/wp-json\/wp\/v2\/media\/118193"}],"wp:attachment":[{"href":"https:\/\/bas-tv.md\/ro\/wp-json\/wp\/v2\/media?parent=118169"}],"wp:term":[{"taxonomy":"category","embeddable":true,"href":"https:\/\/bas-tv.md\/ro\/wp-json\/wp\/v2\/categories?post=118169"},{"taxonomy":"post_tag","embeddable":true,"href":"https:\/\/bas-tv.md\/ro\/wp-json\/wp\/v2\/tags?post=118169"}],"curies":[{"name":"wp","href":"https:\/\/api.w.org\/{rel}","templated":true}]}}