{"id":118549,"date":"2024-05-08T16:00:49","date_gmt":"2024-05-08T13:00:49","guid":{"rendered":"https:\/\/bas-tv.md\/?p=118549"},"modified":"2024-05-08T16:05:28","modified_gmt":"2024-05-08T13:05:28","slug":"foto-sportivii-din-basarabeasca-sunt-castigatori-la-campionatul-national-de-lupte-libere-u-20","status":"publish","type":"post","link":"https:\/\/bas-tv.md\/ro\/foto-sportivii-din-basarabeasca-sunt-castigatori-la-campionatul-national-de-lupte-libere-u-20\/","title":{"rendered":"(FOTO) Sportivii din Basarabeasca sunt c\u00e2\u0219tig\u0103tori la Campionatul Na\u021bional de lupte libere U-20"},"content":{"rendered":"<p><b>Mai mul\u021bi sportivi ai \u0218colii Sportive Raionale Basarabeasca au participat \u00een perioada 2-4 mai la Campionatul Republicii Moldova la Lupte libere U-20. \u00cen cadrul competi\u021biei, unii lupt\u0103torii au ob\u021binut locuri de frunte \u0219i<\/b><b> urmeaz\u0103 s\u0103 reprezinte \u021bara la Campionatul European de Lupte libere.\u00a0\u00a0<\/b><\/p>\n<p><span style=\"font-weight: 400;\">La el au participat \u00een jur de 190 de sportivi din toat\u0103 \u021bara, cu v\u00e2rsta p\u00e2n\u0103 la 20 de ani.<\/span><span style=\"font-weight: 400;\"> Din ace\u0219tia, 5 participan\u021bi, discipoli ai \u0218colii Sportive Raionale Basarabeasca, au reu\u0219it s\u0103 ocupe locuri de frunte, dup\u0103 cum urmeaz\u0103:<\/span><\/p>\n<ul>\n<li style=\"font-weight: 400;\" aria-level=\"1\"><span style=\"font-weight: 400;\">Ma\u021bcu Maxim \u2013 locul I \u00een categoria de greutate 86 kg\u00a0<\/span><\/li>\n<li style=\"font-weight: 400;\" aria-level=\"1\"><span style=\"font-weight: 400;\">Marcu Lauren\u021biu \u2013 locul I, greutatea 79 kg<\/span><\/li>\n<li style=\"font-weight: 400;\" aria-level=\"1\"><span style=\"font-weight: 400;\">Secrieru Gabriela \u2013 locul I \u00een categoria 53 kg<\/span><\/li>\n<li style=\"font-weight: 400;\" aria-level=\"1\"><span style=\"font-weight: 400;\">Ojog Valeriu \u2013 locul II \u00een categoria de greutate 65 kg\u00a0<\/span><\/li>\n<li style=\"font-weight: 400;\" aria-level=\"1\"><span style=\"font-weight: 400;\">Marcu Ion \u2013 locul II, categoria de greutate 74 kg\u00a0<\/span><\/li>\n<\/ul>\n<p><span style=\"font-weight: 400;\">Fiecare sportiv a fost premiat cu c\u00e2te o medalie \u0219i o diplom\u0103,<\/span><span style=\"font-weight: 400;\"> iar c\u00e2\u0219tig\u0103torii locului I vor evolua \u00een continuare \u00een cadrul Campionatului European de Lupte libere.<\/span><\/p>\n<p><span style=\"font-weight: 400;\">Ei au fost preg\u0103ti\u021bi de c\u0103tre antrenorul Matei Chiril.<\/span><\/p>\n<p><span style=\"font-weight: 400;\">Competi\u021bia a avut loc la Universitatea de Stat de Educa\u0163ie Fizic\u0103 \u015fi Sport din or. Chi\u0219in\u0103u. Cheltuielile pentru transportul participan\u021bilor au fost suportate de c\u0103tre \u0218coala Sportiv\u0103 din Basarabeasca.\u00a0<\/span><\/p>\n<div id='gallery-1' class='gallery galleryid-118549 gallery-columns-2 gallery-size-large'><figure class='gallery-item'>\n\t\t\t<div class='gallery-icon landscape'>\n\t\t\t\t<a href='https:\/\/bas-tv.md\/ro\/foto-sportivii-din-basarabeasca-sunt-castigatori-la-campionatul-national-de-lupte-libere-u-20\/438205311_7404137909707809_1782692299838489974_n\/'><img fetchpriority=\"high\" decoding=\"async\" width=\"580\" height=\"435\" src=\"https:\/\/bas-tv.md\/wp-content\/uploads\/2024\/05\/438205311_7404137909707809_1782692299838489974_n-1024x768.jpg\" class=\"attachment-large size-large\" alt=\"\" aria-describedby=\"gallery-1-118550\" srcset=\"https:\/\/bas-tv.md\/wp-content\/uploads\/2024\/05\/438205311_7404137909707809_1782692299838489974_n-1024x768.jpg 1024w, https:\/\/bas-tv.md\/wp-content\/uploads\/2024\/05\/438205311_7404137909707809_1782692299838489974_n-300x225.jpg 300w, https:\/\/bas-tv.md\/wp-content\/uploads\/2024\/05\/438205311_7404137909707809_1782692299838489974_n-768x576.jpg 768w, https:\/\/bas-tv.md\/wp-content\/uploads\/2024\/05\/438205311_7404137909707809_1782692299838489974_n-1536x1152.jpg 1536w, https:\/\/bas-tv.md\/wp-content\/uploads\/2024\/05\/438205311_7404137909707809_1782692299838489974_n-1200x900.jpg 1200w, https:\/\/bas-tv.md\/wp-content\/uploads\/2024\/05\/438205311_7404137909707809_1782692299838489974_n-1980x1485.jpg 1980w, https:\/\/bas-tv.md\/wp-content\/uploads\/2024\/05\/438205311_7404137909707809_1782692299838489974_n.jpg 2048w\" sizes=\"(max-width: 580px) 100vw, 580px\" \/><\/a>\n\t\t\t<\/div>\n\t\t\t\t<figcaption class='wp-caption-text gallery-caption' id='gallery-1-118550'>\n\t\t\t\tFoto: Facebook\/ Vitalie Manea\n\t\t\t\t<\/figcaption><\/figure><figure class='gallery-item'>\n\t\t\t<div class='gallery-icon landscape'>\n\t\t\t\t<a href='https:\/\/bas-tv.md\/ro\/foto-sportivii-din-basarabeasca-sunt-castigatori-la-campionatul-national-de-lupte-libere-u-20\/438242175_7404138156374451_6735664479794729006_n\/'><img decoding=\"async\" width=\"580\" height=\"435\" data-src=\"https:\/\/bas-tv.md\/wp-content\/uploads\/2024\/05\/438242175_7404138156374451_6735664479794729006_n-1024x768.jpg\" class=\"attachment-large size-large lazyload\" alt=\"\" aria-describedby=\"gallery-1-118556\" data-srcset=\"https:\/\/bas-tv.md\/wp-content\/uploads\/2024\/05\/438242175_7404138156374451_6735664479794729006_n-1024x768.jpg 1024w, https:\/\/bas-tv.md\/wp-content\/uploads\/2024\/05\/438242175_7404138156374451_6735664479794729006_n-300x225.jpg 300w, https:\/\/bas-tv.md\/wp-content\/uploads\/2024\/05\/438242175_7404138156374451_6735664479794729006_n-768x576.jpg 768w, https:\/\/bas-tv.md\/wp-content\/uploads\/2024\/05\/438242175_7404138156374451_6735664479794729006_n-1536x1152.jpg 1536w, https:\/\/bas-tv.md\/wp-content\/uploads\/2024\/05\/438242175_7404138156374451_6735664479794729006_n-1200x900.jpg 1200w, https:\/\/bas-tv.md\/wp-content\/uploads\/2024\/05\/438242175_7404138156374451_6735664479794729006_n-1980x1485.jpg 1980w, https:\/\/bas-tv.md\/wp-content\/uploads\/2024\/05\/438242175_7404138156374451_6735664479794729006_n.jpg 2048w\" data-sizes=\"(max-width: 580px) 100vw, 580px\" src=\"data:image\/svg+xml;base64,PHN2ZyB3aWR0aD0iMSIgaGVpZ2h0PSIxIiB4bWxucz0iaHR0cDovL3d3dy53My5vcmcvMjAwMC9zdmciPjwvc3ZnPg==\" style=\"--smush-placeholder-width: 580px; --smush-placeholder-aspect-ratio: 580\/435;\" \/><\/a>\n\t\t\t<\/div>\n\t\t\t\t<figcaption class='wp-caption-text gallery-caption' id='gallery-1-118556'>\n\t\t\t\tFoto: Facebook\/ Vitalie Manea\n\t\t\t\t<\/figcaption><\/figure><figure class='gallery-item'>\n\t\t\t<div class='gallery-icon portrait'>\n\t\t\t\t<a href='https:\/\/bas-tv.md\/ro\/foto-sportivii-din-basarabeasca-sunt-castigatori-la-campionatul-national-de-lupte-libere-u-20\/438241739_7404138636374403_6763384815919985380_n\/'><img decoding=\"async\" width=\"580\" height=\"773\" data-src=\"https:\/\/bas-tv.md\/wp-content\/uploads\/2024\/05\/438241739_7404138636374403_6763384815919985380_n-768x1024.jpg\" class=\"attachment-large size-large lazyload\" alt=\"\" aria-describedby=\"gallery-1-118554\" data-srcset=\"https:\/\/bas-tv.md\/wp-content\/uploads\/2024\/05\/438241739_7404138636374403_6763384815919985380_n-768x1024.jpg 768w, https:\/\/bas-tv.md\/wp-content\/uploads\/2024\/05\/438241739_7404138636374403_6763384815919985380_n-225x300.jpg 225w, https:\/\/bas-tv.md\/wp-content\/uploads\/2024\/05\/438241739_7404138636374403_6763384815919985380_n.jpg 1080w\" data-sizes=\"(max-width: 580px) 100vw, 580px\" src=\"data:image\/svg+xml;base64,PHN2ZyB3aWR0aD0iMSIgaGVpZ2h0PSIxIiB4bWxucz0iaHR0cDovL3d3dy53My5vcmcvMjAwMC9zdmciPjwvc3ZnPg==\" style=\"--smush-placeholder-width: 580px; --smush-placeholder-aspect-ratio: 580\/773;\" \/><\/a>\n\t\t\t<\/div>\n\t\t\t\t<figcaption class='wp-caption-text gallery-caption' id='gallery-1-118554'>\n\t\t\t\tFoto: Facebook\/ Vitalie Manea\n\t\t\t\t<\/figcaption><\/figure><figure class='gallery-item'>\n\t\t\t<div class='gallery-icon portrait'>\n\t\t\t\t<a href='https:\/\/bas-tv.md\/ro\/foto-sportivii-din-basarabeasca-sunt-castigatori-la-campionatul-national-de-lupte-libere-u-20\/438222581_7404138493041084_6494534206896344875_n\/'><img decoding=\"async\" width=\"580\" height=\"773\" data-src=\"https:\/\/bas-tv.md\/wp-content\/uploads\/2024\/05\/438222581_7404138493041084_6494534206896344875_n-768x1024.jpg\" class=\"attachment-large size-large lazyload\" alt=\"\" aria-describedby=\"gallery-1-118552\" data-srcset=\"https:\/\/bas-tv.md\/wp-content\/uploads\/2024\/05\/438222581_7404138493041084_6494534206896344875_n-768x1024.jpg 768w, https:\/\/bas-tv.md\/wp-content\/uploads\/2024\/05\/438222581_7404138493041084_6494534206896344875_n-225x300.jpg 225w, https:\/\/bas-tv.md\/wp-content\/uploads\/2024\/05\/438222581_7404138493041084_6494534206896344875_n-1152x1536.jpg 1152w, https:\/\/bas-tv.md\/wp-content\/uploads\/2024\/05\/438222581_7404138493041084_6494534206896344875_n.jpg 1200w\" data-sizes=\"(max-width: 580px) 100vw, 580px\" src=\"data:image\/svg+xml;base64,PHN2ZyB3aWR0aD0iMSIgaGVpZ2h0PSIxIiB4bWxucz0iaHR0cDovL3d3dy53My5vcmcvMjAwMC9zdmciPjwvc3ZnPg==\" style=\"--smush-placeholder-width: 580px; --smush-placeholder-aspect-ratio: 580\/773;\" \/><\/a>\n\t\t\t<\/div>\n\t\t\t\t<figcaption class='wp-caption-text gallery-caption' id='gallery-1-118552'>\n\t\t\t\tFoto: Facebook\/ Vitalie Manea\n\t\t\t\t<\/figcaption><\/figure><figure class='gallery-item'>\n\t\t\t<div class='gallery-icon portrait'>\n\t\t\t\t<a href='https:\/\/bas-tv.md\/ro\/foto-sportivii-din-basarabeasca-sunt-castigatori-la-campionatul-national-de-lupte-libere-u-20\/440988931_7404137376374529_3867799787935531300_n\/'><img decoding=\"async\" width=\"580\" height=\"675\" data-src=\"https:\/\/bas-tv.md\/wp-content\/uploads\/2024\/05\/440988931_7404137376374529_3867799787935531300_n.jpg\" class=\"attachment-large size-large lazyload\" alt=\"\" aria-describedby=\"gallery-1-118558\" data-srcset=\"https:\/\/bas-tv.md\/wp-content\/uploads\/2024\/05\/440988931_7404137376374529_3867799787935531300_n.jpg 773w, https:\/\/bas-tv.md\/wp-content\/uploads\/2024\/05\/440988931_7404137376374529_3867799787935531300_n-258x300.jpg 258w, https:\/\/bas-tv.md\/wp-content\/uploads\/2024\/05\/440988931_7404137376374529_3867799787935531300_n-768x894.jpg 768w\" data-sizes=\"(max-width: 580px) 100vw, 580px\" src=\"data:image\/svg+xml;base64,PHN2ZyB3aWR0aD0iMSIgaGVpZ2h0PSIxIiB4bWxucz0iaHR0cDovL3d3dy53My5vcmcvMjAwMC9zdmciPjwvc3ZnPg==\" style=\"--smush-placeholder-width: 580px; --smush-placeholder-aspect-ratio: 580\/675;\" \/><\/a>\n\t\t\t<\/div>\n\t\t\t\t<figcaption class='wp-caption-text gallery-caption' id='gallery-1-118558'>\n\t\t\t\tFoto: Facebook\/ Vitalie Manea\n\t\t\t\t<\/figcaption><\/figure><figure class='gallery-item'>\n\t\t\t<div class='gallery-icon landscape'>\n\t\t\t\t<a href='https:\/\/bas-tv.md\/ro\/foto-sportivii-din-basarabeasca-sunt-castigatori-la-campionatul-national-de-lupte-libere-u-20\/441548091_7404137296374537_5407060875176348927_n\/'><img decoding=\"async\" width=\"580\" height=\"261\" data-src=\"https:\/\/bas-tv.md\/wp-content\/uploads\/2024\/05\/441548091_7404137296374537_5407060875176348927_n-1024x461.jpg\" class=\"attachment-large size-large lazyload\" alt=\"\" aria-describedby=\"gallery-1-118560\" data-srcset=\"https:\/\/bas-tv.md\/wp-content\/uploads\/2024\/05\/441548091_7404137296374537_5407060875176348927_n-1024x461.jpg 1024w, https:\/\/bas-tv.md\/wp-content\/uploads\/2024\/05\/441548091_7404137296374537_5407060875176348927_n-300x135.jpg 300w, https:\/\/bas-tv.md\/wp-content\/uploads\/2024\/05\/441548091_7404137296374537_5407060875176348927_n-768x346.jpg 768w, https:\/\/bas-tv.md\/wp-content\/uploads\/2024\/05\/441548091_7404137296374537_5407060875176348927_n.jpg 1080w\" data-sizes=\"(max-width: 580px) 100vw, 580px\" src=\"data:image\/svg+xml;base64,PHN2ZyB3aWR0aD0iMSIgaGVpZ2h0PSIxIiB4bWxucz0iaHR0cDovL3d3dy53My5vcmcvMjAwMC9zdmciPjwvc3ZnPg==\" style=\"--smush-placeholder-width: 580px; --smush-placeholder-aspect-ratio: 580\/261;\" \/><\/a>\n\t\t\t<\/div>\n\t\t\t\t<figcaption class='wp-caption-text gallery-caption' id='gallery-1-118560'>\n\t\t\t\tFoto: Facebook\/ Vitalie Manea\n\t\t\t\t<\/figcaption><\/figure>\n\t\t<\/div>\n\n<p>Autor: Lilia Zabolotn\u00eei<\/p>\n<div class=\"elementor-element elementor-element-5fc6b9d elementor-widget elementor-widget-theme-post-content\" data-id=\"5fc6b9d\" data-element_type=\"widget\" data-widget_type=\"theme-post-content.default\">\n<div class=\"elementor-widget-container\">\n<p><strong>Sus\u021bine\u021bi redac\u021bia BAStv, abona\u021bi-v\u0103 la noi pe platforma\u00a0<a href=\"https:\/\/www.patreon.com\/BAStv?fan_landing=true&amp;fbclid=IwAR3MeSDKfH4ixBydCXX9D1lhrCszhps3ID5uxuGA-Ktd4MTkZCRdlcEZkQI\">Patreon\u00a0<\/a>sau prin efectuarea contribu\u021biilor prin\u00a0<a href=\"https:\/\/www.paypal.com\/paypalme\/supportbastv\">PayPal<\/a>! Aceasta ne va ajuta s\u0103 cre\u0103m con\u021binut interesant \u0219i util pentru dvs., r\u0103m\u00e2n\u00e2nd \u00een continuare o platform\u0103 media independent\u0103.<\/strong><\/p>\n<p><b>Abona\u021bi-v\u0103 la noi pe re\u021bele sociale:\u00a0<\/b><a href=\"https:\/\/t.me\/bastvmd\"><b><i>Telegram<\/i><\/b><\/a><b>,\u00a0<\/b><a href=\"https:\/\/www.youtube.com\/channel\/UC-9005PnLnhpNM8PVSjP2dQ\/featured\"><b><i>YouTube<\/i><\/b><\/a><b>,\u00a0<\/b><a href=\"https:\/\/www.facebook.com\/bastv.md\"><b><i>Facebook<\/i><\/b><\/a>\u00a0<strong>\u0219i\u00a0<\/strong><a href=\"https:\/\/www.instagram.com\/bastv.md\/\"><b><i>Instagram<\/i><\/b><\/a><b>. Aici public\u0103m \u0219tiri pe scurt!<\/b><\/p>\n<\/div>\n<\/div>\n","protected":false},"excerpt":{"rendered":"<p>Mai mul\u021bi sportivi ai \u0218colii Sportive Raionale Basarabeasca au participat \u00een perioada 2-4 mai la Campionatul Republicii Moldova la Lupte libere U-20. \u00cen cadrul competi\u021biei, unii lupt\u0103torii au ob\u021binut locuri de frunte \u0219i urmeaz\u0103 s\u0103 reprezinte \u021bara la Campionatul European de Lupte libere.\u00a0\u00a0 La el au participat \u00een jur de 190 de sportivi din toat\u0103 [&hellip;]<\/p>\n","protected":false},"author":3,"featured_media":118560,"comment_status":"closed","ping_status":"closed","sticky":false,"template":"","format":"standard","meta":{"footnotes":""},"categories":[602,569],"tags":[693,2506,692,2504,2505,893,795],"class_list":["post-118549","post","type-post","status-publish","format-standard","has-post-thumbnail","hentry","category-actualitate","category-in-basarabeasca","tag-basarabeasca-ro","tag-competitie","tag-elevi","tag-lupte","tag-lupte-libere","tag-scoala","tag-sport-ro-2"],"yoast_head":"<!-- This site is optimized with the Yoast SEO plugin v27.5 - https:\/\/yoast.com\/product\/yoast-seo-wordpress\/ -->\n<title>(FOTO) Sportivii din Basarabeasca sunt c\u00e2\u0219tig\u0103tori la Campionatul Na\u021bional de lupte libere U-20 - BasTV<\/title>\n<meta name=\"description\" content=\"Mai mul\u021bi sportivi ai \u0218colii Sportive Raionale Basarabeasca au participat \u00een perioada 2-4 mai la Campionatul Republicii Moldova la Lupte libere U-20. \u00cen cadrul competi\u021biei, unii lupt\u0103torii au ob\u021binut locuri de frunte \u0219i urmeaz\u0103 s\u0103 reprezinte \u021bara la Campionatul European de Lupte libere.\u00a0\u00a0\" \/>\n<meta name=\"robots\" content=\"index, follow, max-snippet:-1, max-image-preview:large, max-video-preview:-1\" \/>\n<link rel=\"canonical\" href=\"https:\/\/bas-tv.md\/ro\/foto-sportivii-din-basarabeasca-sunt-castigatori-la-campionatul-national-de-lupte-libere-u-20\/\" \/>\n<meta property=\"og:locale\" content=\"ro_RO\" \/>\n<meta property=\"og:type\" content=\"article\" \/>\n<meta property=\"og:title\" content=\"(FOTO) Sportivii din Basarabeasca sunt c\u00e2\u0219tig\u0103tori la Campionatul Na\u021bional de lupte libere U-20 - BasTV\" \/>\n<meta property=\"og:description\" content=\"Mai mul\u021bi sportivi ai \u0218colii Sportive Raionale Basarabeasca au participat \u00een perioada 2-4 mai la Campionatul Republicii Moldova la Lupte libere U-20. \u00cen cadrul competi\u021biei, unii lupt\u0103torii au ob\u021binut locuri de frunte \u0219i urmeaz\u0103 s\u0103 reprezinte \u021bara la Campionatul European de Lupte libere.\u00a0\u00a0\" \/>\n<meta property=\"og:url\" content=\"https:\/\/bas-tv.md\/ro\/foto-sportivii-din-basarabeasca-sunt-castigatori-la-campionatul-national-de-lupte-libere-u-20\/\" \/>\n<meta property=\"og:site_name\" content=\"BasTV\" \/>\n<meta property=\"article:published_time\" content=\"2024-05-08T13:00:49+00:00\" \/>\n<meta property=\"article:modified_time\" content=\"2024-05-08T13:05:28+00:00\" \/>\n<meta property=\"og:image\" content=\"https:\/\/bas-tv.md\/wp-content\/uploads\/2024\/05\/441548091_7404137296374537_5407060875176348927_n.jpg\" \/>\n\t<meta property=\"og:image:width\" content=\"1080\" \/>\n\t<meta property=\"og:image:height\" content=\"486\" \/>\n\t<meta property=\"og:image:type\" content=\"image\/jpeg\" \/>\n<meta name=\"author\" content=\"Redactor\" \/>\n<meta name=\"twitter:card\" content=\"summary_large_image\" \/>\n<meta name=\"twitter:label1\" content=\"Scris de\" \/>\n\t<meta name=\"twitter:data1\" content=\"Redactor\" \/>\n\t<meta name=\"twitter:label2\" content=\"Timp estimat pentru citire\" \/>\n\t<meta name=\"twitter:data2\" content=\"2 minute\" \/>\n<script type=\"application\/ld+json\" class=\"yoast-schema-graph\">{\"@context\":\"https:\\\/\\\/schema.org\",\"@graph\":[{\"@type\":\"Article\",\"@id\":\"https:\\\/\\\/bas-tv.md\\\/ro\\\/foto-sportivii-din-basarabeasca-sunt-castigatori-la-campionatul-national-de-lupte-libere-u-20\\\/#article\",\"isPartOf\":{\"@id\":\"https:\\\/\\\/bas-tv.md\\\/ro\\\/foto-sportivii-din-basarabeasca-sunt-castigatori-la-campionatul-national-de-lupte-libere-u-20\\\/\"},\"author\":{\"name\":\"Redactor\",\"@id\":\"https:\\\/\\\/bas-tv.md\\\/ro\\\/#\\\/schema\\\/person\\\/8740f45ea2eca1f1695284fc03529af0\"},\"headline\":\"(FOTO) Sportivii din Basarabeasca sunt c\u00e2\u0219tig\u0103tori la Campionatul Na\u021bional de lupte libere U-20\",\"datePublished\":\"2024-05-08T13:00:49+00:00\",\"dateModified\":\"2024-05-08T13:05:28+00:00\",\"mainEntityOfPage\":{\"@id\":\"https:\\\/\\\/bas-tv.md\\\/ro\\\/foto-sportivii-din-basarabeasca-sunt-castigatori-la-campionatul-national-de-lupte-libere-u-20\\\/\"},\"wordCount\":295,\"publisher\":{\"@id\":\"https:\\\/\\\/bas-tv.md\\\/ro\\\/#organization\"},\"image\":{\"@id\":\"https:\\\/\\\/bas-tv.md\\\/ro\\\/foto-sportivii-din-basarabeasca-sunt-castigatori-la-campionatul-national-de-lupte-libere-u-20\\\/#primaryimage\"},\"thumbnailUrl\":\"https:\\\/\\\/bas-tv.md\\\/wp-content\\\/uploads\\\/2024\\\/05\\\/441548091_7404137296374537_5407060875176348927_n.jpg\",\"keywords\":[\"Basarabeasca\",\"competi\u021bie\",\"Elevi\",\"lupte\",\"lupte libere\",\"\u0219coal\u0103\",\"\u0421\u043f\u043e\u0440\u0442\"],\"articleSection\":[\"Actualitate\",\"\u00cen Basarabeasca\"],\"inLanguage\":\"ro-RO\"},{\"@type\":\"WebPage\",\"@id\":\"https:\\\/\\\/bas-tv.md\\\/ro\\\/foto-sportivii-din-basarabeasca-sunt-castigatori-la-campionatul-national-de-lupte-libere-u-20\\\/\",\"url\":\"https:\\\/\\\/bas-tv.md\\\/ro\\\/foto-sportivii-din-basarabeasca-sunt-castigatori-la-campionatul-national-de-lupte-libere-u-20\\\/\",\"name\":\"(FOTO) Sportivii din Basarabeasca sunt c\u00e2\u0219tig\u0103tori la Campionatul Na\u021bional de lupte libere U-20 - BasTV\",\"isPartOf\":{\"@id\":\"https:\\\/\\\/bas-tv.md\\\/ro\\\/#website\"},\"primaryImageOfPage\":{\"@id\":\"https:\\\/\\\/bas-tv.md\\\/ro\\\/foto-sportivii-din-basarabeasca-sunt-castigatori-la-campionatul-national-de-lupte-libere-u-20\\\/#primaryimage\"},\"image\":{\"@id\":\"https:\\\/\\\/bas-tv.md\\\/ro\\\/foto-sportivii-din-basarabeasca-sunt-castigatori-la-campionatul-national-de-lupte-libere-u-20\\\/#primaryimage\"},\"thumbnailUrl\":\"https:\\\/\\\/bas-tv.md\\\/wp-content\\\/uploads\\\/2024\\\/05\\\/441548091_7404137296374537_5407060875176348927_n.jpg\",\"datePublished\":\"2024-05-08T13:00:49+00:00\",\"dateModified\":\"2024-05-08T13:05:28+00:00\",\"description\":\"Mai mul\u021bi sportivi ai \u0218colii Sportive Raionale Basarabeasca au participat \u00een perioada 2-4 mai la Campionatul Republicii Moldova la Lupte libere U-20. \u00cen cadrul competi\u021biei, unii lupt\u0103torii au ob\u021binut locuri de frunte \u0219i urmeaz\u0103 s\u0103 reprezinte \u021bara la Campionatul European de Lupte libere.\u00a0\u00a0\",\"inLanguage\":\"ro-RO\",\"potentialAction\":[{\"@type\":\"ReadAction\",\"target\":[\"https:\\\/\\\/bas-tv.md\\\/ro\\\/foto-sportivii-din-basarabeasca-sunt-castigatori-la-campionatul-national-de-lupte-libere-u-20\\\/\"]}]},{\"@type\":\"ImageObject\",\"inLanguage\":\"ro-RO\",\"@id\":\"https:\\\/\\\/bas-tv.md\\\/ro\\\/foto-sportivii-din-basarabeasca-sunt-castigatori-la-campionatul-national-de-lupte-libere-u-20\\\/#primaryimage\",\"url\":\"https:\\\/\\\/bas-tv.md\\\/wp-content\\\/uploads\\\/2024\\\/05\\\/441548091_7404137296374537_5407060875176348927_n.jpg\",\"contentUrl\":\"https:\\\/\\\/bas-tv.md\\\/wp-content\\\/uploads\\\/2024\\\/05\\\/441548091_7404137296374537_5407060875176348927_n.jpg\",\"width\":1080,\"height\":486,\"caption\":\"Foto: Facebook\\\/ Vitalie Manea\"},{\"@type\":\"WebSite\",\"@id\":\"https:\\\/\\\/bas-tv.md\\\/ro\\\/#website\",\"url\":\"https:\\\/\\\/bas-tv.md\\\/ro\\\/\",\"name\":\"BasTV\",\"description\":\"Moldova\",\"publisher\":{\"@id\":\"https:\\\/\\\/bas-tv.md\\\/ro\\\/#organization\"},\"potentialAction\":[{\"@type\":\"SearchAction\",\"target\":{\"@type\":\"EntryPoint\",\"urlTemplate\":\"https:\\\/\\\/bas-tv.md\\\/ro\\\/?s={search_term_string}\"},\"query-input\":{\"@type\":\"PropertyValueSpecification\",\"valueRequired\":true,\"valueName\":\"search_term_string\"}}],\"inLanguage\":\"ro-RO\"},{\"@type\":\"Organization\",\"@id\":\"https:\\\/\\\/bas-tv.md\\\/ro\\\/#organization\",\"name\":\"BasTV\",\"url\":\"https:\\\/\\\/bas-tv.md\\\/ro\\\/\",\"logo\":{\"@type\":\"ImageObject\",\"inLanguage\":\"ro-RO\",\"@id\":\"https:\\\/\\\/bas-tv.md\\\/ro\\\/#\\\/schema\\\/logo\\\/image\\\/\",\"url\":\"https:\\\/\\\/bas-tv.md\\\/wp-content\\\/uploads\\\/2023\\\/05\\\/bas-tv-culoarea-rosie.png\",\"contentUrl\":\"https:\\\/\\\/bas-tv.md\\\/wp-content\\\/uploads\\\/2023\\\/05\\\/bas-tv-culoarea-rosie.png\",\"width\":202,\"height\":50,\"caption\":\"BasTV\"},\"image\":{\"@id\":\"https:\\\/\\\/bas-tv.md\\\/ro\\\/#\\\/schema\\\/logo\\\/image\\\/\"}},{\"@type\":\"Person\",\"@id\":\"https:\\\/\\\/bas-tv.md\\\/ro\\\/#\\\/schema\\\/person\\\/8740f45ea2eca1f1695284fc03529af0\",\"name\":\"Redactor\",\"image\":{\"@type\":\"ImageObject\",\"inLanguage\":\"ro-RO\",\"@id\":\"https:\\\/\\\/secure.gravatar.com\\\/avatar\\\/45b6af9fc91c10b15a8b40e67c1f57bab2e9614fc9f0af95cf453d61934e9aad?s=96&d=mm&r=g\",\"url\":\"https:\\\/\\\/secure.gravatar.com\\\/avatar\\\/45b6af9fc91c10b15a8b40e67c1f57bab2e9614fc9f0af95cf453d61934e9aad?s=96&d=mm&r=g\",\"contentUrl\":\"https:\\\/\\\/secure.gravatar.com\\\/avatar\\\/45b6af9fc91c10b15a8b40e67c1f57bab2e9614fc9f0af95cf453d61934e9aad?s=96&d=mm&r=g\",\"caption\":\"Redactor\"},\"url\":\"https:\\\/\\\/bas-tv.md\\\/ro\\\/author\\\/redactor\\\/\"}]}<\/script>\n<!-- \/ Yoast SEO plugin. -->","yoast_head_json":{"title":"(FOTO) Sportivii din Basarabeasca sunt c\u00e2\u0219tig\u0103tori la Campionatul Na\u021bional de lupte libere U-20 - BasTV","description":"Mai mul\u021bi sportivi ai \u0218colii Sportive Raionale Basarabeasca au participat \u00een perioada 2-4 mai la Campionatul Republicii Moldova la Lupte libere U-20. \u00cen cadrul competi\u021biei, unii lupt\u0103torii au ob\u021binut locuri de frunte \u0219i urmeaz\u0103 s\u0103 reprezinte \u021bara la Campionatul European de Lupte libere.\u00a0\u00a0","robots":{"index":"index","follow":"follow","max-snippet":"max-snippet:-1","max-image-preview":"max-image-preview:large","max-video-preview":"max-video-preview:-1"},"canonical":"https:\/\/bas-tv.md\/ro\/foto-sportivii-din-basarabeasca-sunt-castigatori-la-campionatul-national-de-lupte-libere-u-20\/","og_locale":"ro_RO","og_type":"article","og_title":"(FOTO) Sportivii din Basarabeasca sunt c\u00e2\u0219tig\u0103tori la Campionatul Na\u021bional de lupte libere U-20 - BasTV","og_description":"Mai mul\u021bi sportivi ai \u0218colii Sportive Raionale Basarabeasca au participat \u00een perioada 2-4 mai la Campionatul Republicii Moldova la Lupte libere U-20. \u00cen cadrul competi\u021biei, unii lupt\u0103torii au ob\u021binut locuri de frunte \u0219i urmeaz\u0103 s\u0103 reprezinte \u021bara la Campionatul European de Lupte libere.\u00a0\u00a0","og_url":"https:\/\/bas-tv.md\/ro\/foto-sportivii-din-basarabeasca-sunt-castigatori-la-campionatul-national-de-lupte-libere-u-20\/","og_site_name":"BasTV","article_published_time":"2024-05-08T13:00:49+00:00","article_modified_time":"2024-05-08T13:05:28+00:00","og_image":[{"width":1080,"height":486,"url":"https:\/\/bas-tv.md\/wp-content\/uploads\/2024\/05\/441548091_7404137296374537_5407060875176348927_n.jpg","type":"image\/jpeg"}],"author":"Redactor","twitter_card":"summary_large_image","twitter_misc":{"Scris de":"Redactor","Timp estimat pentru citire":"2 minute"},"schema":{"@context":"https:\/\/schema.org","@graph":[{"@type":"Article","@id":"https:\/\/bas-tv.md\/ro\/foto-sportivii-din-basarabeasca-sunt-castigatori-la-campionatul-national-de-lupte-libere-u-20\/#article","isPartOf":{"@id":"https:\/\/bas-tv.md\/ro\/foto-sportivii-din-basarabeasca-sunt-castigatori-la-campionatul-national-de-lupte-libere-u-20\/"},"author":{"name":"Redactor","@id":"https:\/\/bas-tv.md\/ro\/#\/schema\/person\/8740f45ea2eca1f1695284fc03529af0"},"headline":"(FOTO) Sportivii din Basarabeasca sunt c\u00e2\u0219tig\u0103tori la Campionatul Na\u021bional de lupte libere U-20","datePublished":"2024-05-08T13:00:49+00:00","dateModified":"2024-05-08T13:05:28+00:00","mainEntityOfPage":{"@id":"https:\/\/bas-tv.md\/ro\/foto-sportivii-din-basarabeasca-sunt-castigatori-la-campionatul-national-de-lupte-libere-u-20\/"},"wordCount":295,"publisher":{"@id":"https:\/\/bas-tv.md\/ro\/#organization"},"image":{"@id":"https:\/\/bas-tv.md\/ro\/foto-sportivii-din-basarabeasca-sunt-castigatori-la-campionatul-national-de-lupte-libere-u-20\/#primaryimage"},"thumbnailUrl":"https:\/\/bas-tv.md\/wp-content\/uploads\/2024\/05\/441548091_7404137296374537_5407060875176348927_n.jpg","keywords":["Basarabeasca","competi\u021bie","Elevi","lupte","lupte libere","\u0219coal\u0103","\u0421\u043f\u043e\u0440\u0442"],"articleSection":["Actualitate","\u00cen Basarabeasca"],"inLanguage":"ro-RO"},{"@type":"WebPage","@id":"https:\/\/bas-tv.md\/ro\/foto-sportivii-din-basarabeasca-sunt-castigatori-la-campionatul-national-de-lupte-libere-u-20\/","url":"https:\/\/bas-tv.md\/ro\/foto-sportivii-din-basarabeasca-sunt-castigatori-la-campionatul-national-de-lupte-libere-u-20\/","name":"(FOTO) Sportivii din Basarabeasca sunt c\u00e2\u0219tig\u0103tori la Campionatul Na\u021bional de lupte libere U-20 - BasTV","isPartOf":{"@id":"https:\/\/bas-tv.md\/ro\/#website"},"primaryImageOfPage":{"@id":"https:\/\/bas-tv.md\/ro\/foto-sportivii-din-basarabeasca-sunt-castigatori-la-campionatul-national-de-lupte-libere-u-20\/#primaryimage"},"image":{"@id":"https:\/\/bas-tv.md\/ro\/foto-sportivii-din-basarabeasca-sunt-castigatori-la-campionatul-national-de-lupte-libere-u-20\/#primaryimage"},"thumbnailUrl":"https:\/\/bas-tv.md\/wp-content\/uploads\/2024\/05\/441548091_7404137296374537_5407060875176348927_n.jpg","datePublished":"2024-05-08T13:00:49+00:00","dateModified":"2024-05-08T13:05:28+00:00","description":"Mai mul\u021bi sportivi ai \u0218colii Sportive Raionale Basarabeasca au participat \u00een perioada 2-4 mai la Campionatul Republicii Moldova la Lupte libere U-20. \u00cen cadrul competi\u021biei, unii lupt\u0103torii au ob\u021binut locuri de frunte \u0219i urmeaz\u0103 s\u0103 reprezinte \u021bara la Campionatul European de Lupte libere.\u00a0\u00a0","inLanguage":"ro-RO","potentialAction":[{"@type":"ReadAction","target":["https:\/\/bas-tv.md\/ro\/foto-sportivii-din-basarabeasca-sunt-castigatori-la-campionatul-national-de-lupte-libere-u-20\/"]}]},{"@type":"ImageObject","inLanguage":"ro-RO","@id":"https:\/\/bas-tv.md\/ro\/foto-sportivii-din-basarabeasca-sunt-castigatori-la-campionatul-national-de-lupte-libere-u-20\/#primaryimage","url":"https:\/\/bas-tv.md\/wp-content\/uploads\/2024\/05\/441548091_7404137296374537_5407060875176348927_n.jpg","contentUrl":"https:\/\/bas-tv.md\/wp-content\/uploads\/2024\/05\/441548091_7404137296374537_5407060875176348927_n.jpg","width":1080,"height":486,"caption":"Foto: Facebook\/ Vitalie Manea"},{"@type":"WebSite","@id":"https:\/\/bas-tv.md\/ro\/#website","url":"https:\/\/bas-tv.md\/ro\/","name":"BasTV","description":"Moldova","publisher":{"@id":"https:\/\/bas-tv.md\/ro\/#organization"},"potentialAction":[{"@type":"SearchAction","target":{"@type":"EntryPoint","urlTemplate":"https:\/\/bas-tv.md\/ro\/?s={search_term_string}"},"query-input":{"@type":"PropertyValueSpecification","valueRequired":true,"valueName":"search_term_string"}}],"inLanguage":"ro-RO"},{"@type":"Organization","@id":"https:\/\/bas-tv.md\/ro\/#organization","name":"BasTV","url":"https:\/\/bas-tv.md\/ro\/","logo":{"@type":"ImageObject","inLanguage":"ro-RO","@id":"https:\/\/bas-tv.md\/ro\/#\/schema\/logo\/image\/","url":"https:\/\/bas-tv.md\/wp-content\/uploads\/2023\/05\/bas-tv-culoarea-rosie.png","contentUrl":"https:\/\/bas-tv.md\/wp-content\/uploads\/2023\/05\/bas-tv-culoarea-rosie.png","width":202,"height":50,"caption":"BasTV"},"image":{"@id":"https:\/\/bas-tv.md\/ro\/#\/schema\/logo\/image\/"}},{"@type":"Person","@id":"https:\/\/bas-tv.md\/ro\/#\/schema\/person\/8740f45ea2eca1f1695284fc03529af0","name":"Redactor","image":{"@type":"ImageObject","inLanguage":"ro-RO","@id":"https:\/\/secure.gravatar.com\/avatar\/45b6af9fc91c10b15a8b40e67c1f57bab2e9614fc9f0af95cf453d61934e9aad?s=96&d=mm&r=g","url":"https:\/\/secure.gravatar.com\/avatar\/45b6af9fc91c10b15a8b40e67c1f57bab2e9614fc9f0af95cf453d61934e9aad?s=96&d=mm&r=g","contentUrl":"https:\/\/secure.gravatar.com\/avatar\/45b6af9fc91c10b15a8b40e67c1f57bab2e9614fc9f0af95cf453d61934e9aad?s=96&d=mm&r=g","caption":"Redactor"},"url":"https:\/\/bas-tv.md\/ro\/author\/redactor\/"}]}},"views":476,"_links":{"self":[{"href":"https:\/\/bas-tv.md\/ro\/wp-json\/wp\/v2\/posts\/118549","targetHints":{"allow":["GET"]}}],"collection":[{"href":"https:\/\/bas-tv.md\/ro\/wp-json\/wp\/v2\/posts"}],"about":[{"href":"https:\/\/bas-tv.md\/ro\/wp-json\/wp\/v2\/types\/post"}],"author":[{"embeddable":true,"href":"https:\/\/bas-tv.md\/ro\/wp-json\/wp\/v2\/users\/3"}],"replies":[{"embeddable":true,"href":"https:\/\/bas-tv.md\/ro\/wp-json\/wp\/v2\/comments?post=118549"}],"version-history":[{"count":4,"href":"https:\/\/bas-tv.md\/ro\/wp-json\/wp\/v2\/posts\/118549\/revisions"}],"predecessor-version":[{"id":118566,"href":"https:\/\/bas-tv.md\/ro\/wp-json\/wp\/v2\/posts\/118549\/revisions\/118566"}],"wp:featuredmedia":[{"embeddable":true,"href":"https:\/\/bas-tv.md\/ro\/wp-json\/wp\/v2\/media\/118560"}],"wp:attachment":[{"href":"https:\/\/bas-tv.md\/ro\/wp-json\/wp\/v2\/media?parent=118549"}],"wp:term":[{"taxonomy":"category","embeddable":true,"href":"https:\/\/bas-tv.md\/ro\/wp-json\/wp\/v2\/categories?post=118549"},{"taxonomy":"post_tag","embeddable":true,"href":"https:\/\/bas-tv.md\/ro\/wp-json\/wp\/v2\/tags?post=118549"}],"curies":[{"name":"wp","href":"https:\/\/api.w.org\/{rel}","templated":true}]}}