{"id":118571,"date":"2024-05-09T08:15:08","date_gmt":"2024-05-09T05:15:08","guid":{"rendered":"https:\/\/bas-tv.md\/?p=118571"},"modified":"2024-05-09T19:21:48","modified_gmt":"2024-05-09T16:21:48","slug":"foto-concursul-la-izvoarele-intelepciunii-in-raionul-basarabeasca-cine-a-fost-premiat","status":"publish","type":"post","link":"https:\/\/bas-tv.md\/ro\/foto-concursul-la-izvoarele-intelepciunii-in-raionul-basarabeasca-cine-a-fost-premiat\/","title":{"rendered":"(FOTO) Concursul \u201eLa izvoarele \u00een\u021belepciunii\u201d \u00een raionul Basarabeasca. Cine a fost premiat"},"content":{"rendered":"<p><b>Miercuri, 8 mai, a fost organizat\u0103 etapa raional\u0103 a concursului na\u021bional de lectur\u0103 \u201eLa izvoarele \u00een\u021belepciunii\u201d, edi\u021bia a 34-a. La el au participat 8 eleve din \u0219colile raionului Basarabeasca.<\/b><\/p>\n<p><span style=\"font-weight: 400;\">\u00cen baza punctajului acumulat \u00een urma probei scrise, locul III a fost ocupat de c\u0103tre eleva\u00a0 Lupa\u015fcu Beatrisa, eleva LT \u201eC.Stere\u201d din s. Abaclia, pe locul II s-a plasat Bulicanu Antonina, eleva LT \u201eM. Basarab\u201d din or. Basarabeasca.\u00a0<\/span><\/p>\n<p><span style=\"font-weight: 400;\">C\u00e2\u0219tig\u0103toarea locului I a fost ocupat de c\u0103tre Cuflic Dorina, eleva LT \u201eM. Basarab\u201d. Aceasta v-a reprezenta raionul Basarabeasca \u00een cadrul etapei republicane.<\/span><\/p>\n<p><span style=\"font-weight: 400;\">Potrivit reprezentan\u021bilor Consiliului Raional Basarabeasca, \u00een colaborare cu Direc\u021bia \u00cenv\u0103\u021b\u0103m\u00e2nt General, to\u021bi participan\u021bii au fost men\u021biona\u021bi cu diplome \u0219i premii b\u0103ne\u0219ti.<\/span><\/p>\n<p><span style=\"font-weight: 400;\">Scopul concursului este de a studia bibliografia \u0219i crea\u021biile unor personalit\u0103\u021bi din literatura, cultura, istoria na\u021bional\u0103 \u0219i universal\u0103. \u00cen cadrul probelor de concurs, participan\u021bii r\u0103spund \u00een cadrul unor \u00eentreb\u0103ri, care demonstreaz\u0103 nivelul de cunoa\u0219tere a scriitorului.<\/span><\/p>\n<p><span style=\"font-weight: 400;\">Edi\u021bia din acest an este consacrat\u0103 poetului Vasile Romanciuc.<\/span><\/p>\n<p><span style=\"font-weight: 400;\">Acest concurs se organizeaz\u0103 \u00een fiecare an, fiind dedicat elevilor din clasele a IX-a \u2013 a XI-a din Repulica Moldova \u0219i jude\u021bul Ia\u0219i, Rom\u00e2nia. Acesta este organizat \u00een 4 etape: local\u0103, raional\u0103, republican\u0103 \u0219i final\u0103.<\/span><\/p>\n<div id='gallery-1' class='gallery galleryid-118571 gallery-columns-2 gallery-size-large'><figure class='gallery-item'>\n\t\t\t<div class='gallery-icon landscape'>\n\t\t\t\t<a href='https:\/\/bas-tv.md\/ro\/foto-concursul-la-izvoarele-intelepciunii-in-raionul-basarabeasca-cine-a-fost-premiat\/442410348_2075923659459338_3274925084899888964_n\/'><img fetchpriority=\"high\" decoding=\"async\" width=\"580\" height=\"326\" src=\"https:\/\/bas-tv.md\/wp-content\/uploads\/2024\/05\/442410348_2075923659459338_3274925084899888964_n-1024x576.jpg\" class=\"attachment-large size-large\" alt=\"\" aria-describedby=\"gallery-1-118576\" srcset=\"https:\/\/bas-tv.md\/wp-content\/uploads\/2024\/05\/442410348_2075923659459338_3274925084899888964_n-1024x576.jpg 1024w, https:\/\/bas-tv.md\/wp-content\/uploads\/2024\/05\/442410348_2075923659459338_3274925084899888964_n-300x169.jpg 300w, https:\/\/bas-tv.md\/wp-content\/uploads\/2024\/05\/442410348_2075923659459338_3274925084899888964_n-768x432.jpg 768w, https:\/\/bas-tv.md\/wp-content\/uploads\/2024\/05\/442410348_2075923659459338_3274925084899888964_n-1536x864.jpg 1536w, https:\/\/bas-tv.md\/wp-content\/uploads\/2024\/05\/442410348_2075923659459338_3274925084899888964_n-1200x675.jpg 1200w, https:\/\/bas-tv.md\/wp-content\/uploads\/2024\/05\/442410348_2075923659459338_3274925084899888964_n.jpg 1600w\" sizes=\"(max-width: 580px) 100vw, 580px\" \/><\/a>\n\t\t\t<\/div>\n\t\t\t\t<figcaption class='wp-caption-text gallery-caption' id='gallery-1-118576'>\n\t\t\t\tFoto: Facebook\/ Consiliul Raional Basarabeasca\n\t\t\t\t<\/figcaption><\/figure><figure class='gallery-item'>\n\t\t\t<div class='gallery-icon landscape'>\n\t\t\t\t<a href='https:\/\/bas-tv.md\/ro\/foto-concursul-la-izvoarele-intelepciunii-in-raionul-basarabeasca-cine-a-fost-premiat\/441498270_2075923662792671_5126923273943068660_n\/'><img decoding=\"async\" width=\"580\" height=\"326\" data-src=\"https:\/\/bas-tv.md\/wp-content\/uploads\/2024\/05\/441498270_2075923662792671_5126923273943068660_n-1024x576.jpg\" class=\"attachment-large size-large lazyload\" alt=\"\" aria-describedby=\"gallery-1-118572\" data-srcset=\"https:\/\/bas-tv.md\/wp-content\/uploads\/2024\/05\/441498270_2075923662792671_5126923273943068660_n-1024x576.jpg 1024w, https:\/\/bas-tv.md\/wp-content\/uploads\/2024\/05\/441498270_2075923662792671_5126923273943068660_n-300x169.jpg 300w, https:\/\/bas-tv.md\/wp-content\/uploads\/2024\/05\/441498270_2075923662792671_5126923273943068660_n-768x432.jpg 768w, https:\/\/bas-tv.md\/wp-content\/uploads\/2024\/05\/441498270_2075923662792671_5126923273943068660_n-1536x864.jpg 1536w, https:\/\/bas-tv.md\/wp-content\/uploads\/2024\/05\/441498270_2075923662792671_5126923273943068660_n-1200x675.jpg 1200w, https:\/\/bas-tv.md\/wp-content\/uploads\/2024\/05\/441498270_2075923662792671_5126923273943068660_n.jpg 1600w\" data-sizes=\"(max-width: 580px) 100vw, 580px\" src=\"data:image\/svg+xml;base64,PHN2ZyB3aWR0aD0iMSIgaGVpZ2h0PSIxIiB4bWxucz0iaHR0cDovL3d3dy53My5vcmcvMjAwMC9zdmciPjwvc3ZnPg==\" style=\"--smush-placeholder-width: 580px; --smush-placeholder-aspect-ratio: 580\/326;\" \/><\/a>\n\t\t\t<\/div>\n\t\t\t\t<figcaption class='wp-caption-text gallery-caption' id='gallery-1-118572'>\n\t\t\t\tFoto: Facebook\/ Consiliul Raional Basarabeasca\n\t\t\t\t<\/figcaption><\/figure><figure class='gallery-item'>\n\t\t\t<div class='gallery-icon portrait'>\n\t\t\t\t<a href='https:\/\/bas-tv.md\/ro\/foto-concursul-la-izvoarele-intelepciunii-in-raionul-basarabeasca-cine-a-fost-premiat\/441883808_2075923762792661_8133912064887769201_n\/'><img decoding=\"async\" width=\"576\" height=\"1024\" data-src=\"https:\/\/bas-tv.md\/wp-content\/uploads\/2024\/05\/441883808_2075923762792661_8133912064887769201_n-576x1024.jpg\" class=\"attachment-large size-large lazyload\" alt=\"\" aria-describedby=\"gallery-1-118574\" data-srcset=\"https:\/\/bas-tv.md\/wp-content\/uploads\/2024\/05\/441883808_2075923762792661_8133912064887769201_n-576x1024.jpg 576w, https:\/\/bas-tv.md\/wp-content\/uploads\/2024\/05\/441883808_2075923762792661_8133912064887769201_n-169x300.jpg 169w, https:\/\/bas-tv.md\/wp-content\/uploads\/2024\/05\/441883808_2075923762792661_8133912064887769201_n-768x1365.jpg 768w, https:\/\/bas-tv.md\/wp-content\/uploads\/2024\/05\/441883808_2075923762792661_8133912064887769201_n-864x1536.jpg 864w, https:\/\/bas-tv.md\/wp-content\/uploads\/2024\/05\/441883808_2075923762792661_8133912064887769201_n.jpg 900w\" data-sizes=\"(max-width: 576px) 100vw, 576px\" src=\"data:image\/svg+xml;base64,PHN2ZyB3aWR0aD0iMSIgaGVpZ2h0PSIxIiB4bWxucz0iaHR0cDovL3d3dy53My5vcmcvMjAwMC9zdmciPjwvc3ZnPg==\" style=\"--smush-placeholder-width: 576px; --smush-placeholder-aspect-ratio: 576\/1024;\" \/><\/a>\n\t\t\t<\/div>\n\t\t\t\t<figcaption class='wp-caption-text gallery-caption' id='gallery-1-118574'>\n\t\t\t\tFoto: Facebook\/ Consiliul Raional Basarabeasca\n\t\t\t\t<\/figcaption><\/figure><figure class='gallery-item'>\n\t\t\t<div class='gallery-icon portrait'>\n\t\t\t\t<a href='https:\/\/bas-tv.md\/ro\/foto-concursul-la-izvoarele-intelepciunii-in-raionul-basarabeasca-cine-a-fost-premiat\/442414318_2075923702792667_5997810026312601104_n\/'><img decoding=\"async\" width=\"576\" height=\"1024\" data-src=\"https:\/\/bas-tv.md\/wp-content\/uploads\/2024\/05\/442414318_2075923702792667_5997810026312601104_n-576x1024.jpg\" class=\"attachment-large size-large lazyload\" alt=\"\" aria-describedby=\"gallery-1-118578\" data-srcset=\"https:\/\/bas-tv.md\/wp-content\/uploads\/2024\/05\/442414318_2075923702792667_5997810026312601104_n-576x1024.jpg 576w, https:\/\/bas-tv.md\/wp-content\/uploads\/2024\/05\/442414318_2075923702792667_5997810026312601104_n-169x300.jpg 169w, https:\/\/bas-tv.md\/wp-content\/uploads\/2024\/05\/442414318_2075923702792667_5997810026312601104_n-768x1365.jpg 768w, https:\/\/bas-tv.md\/wp-content\/uploads\/2024\/05\/442414318_2075923702792667_5997810026312601104_n-864x1536.jpg 864w, https:\/\/bas-tv.md\/wp-content\/uploads\/2024\/05\/442414318_2075923702792667_5997810026312601104_n.jpg 900w\" data-sizes=\"(max-width: 576px) 100vw, 576px\" src=\"data:image\/svg+xml;base64,PHN2ZyB3aWR0aD0iMSIgaGVpZ2h0PSIxIiB4bWxucz0iaHR0cDovL3d3dy53My5vcmcvMjAwMC9zdmciPjwvc3ZnPg==\" style=\"--smush-placeholder-width: 576px; --smush-placeholder-aspect-ratio: 576\/1024;\" \/><\/a>\n\t\t\t<\/div>\n\t\t\t\t<figcaption class='wp-caption-text gallery-caption' id='gallery-1-118578'>\n\t\t\t\tFoto: Facebook\/ Consiliul Raional Basarabeasca\n\t\t\t\t<\/figcaption><\/figure>\n\t\t<\/div>\n\n<div class=\"elementor-element elementor-element-5fc6b9d elementor-widget elementor-widget-theme-post-content\" data-id=\"5fc6b9d\" data-element_type=\"widget\" data-widget_type=\"theme-post-content.default\">\n<div class=\"elementor-widget-container\">\n<div class=\"elementor-element elementor-element-5fc6b9d elementor-widget elementor-widget-theme-post-content\" data-id=\"5fc6b9d\" data-element_type=\"widget\" data-widget_type=\"theme-post-content.default\">\n<div class=\"elementor-widget-container\">\n<p><strong>Sus\u021bine\u021bi redac\u021bia BAStv, abona\u021bi-v\u0103 la noi pe platforma\u00a0<a href=\"https:\/\/www.patreon.com\/BAStv?fan_landing=true&amp;fbclid=IwAR3MeSDKfH4ixBydCXX9D1lhrCszhps3ID5uxuGA-Ktd4MTkZCRdlcEZkQI\">Patreon\u00a0<\/a>sau prin efectuarea contribu\u021biilor prin\u00a0<a href=\"https:\/\/www.paypal.com\/paypalme\/supportbastv\">PayPal<\/a>! Aceasta ne va ajuta s\u0103 cre\u0103m con\u021binut interesant \u0219i util pentru dvs., r\u0103m\u00e2n\u00e2nd \u00een continuare o platform\u0103 media independent\u0103.<\/strong><\/p>\n<p><b>Abona\u021bi-v\u0103 la noi pe re\u021bele sociale:\u00a0<\/b><a href=\"https:\/\/t.me\/bastvmd\"><b><i>Telegram<\/i><\/b><\/a><b>,\u00a0<\/b><a href=\"https:\/\/www.youtube.com\/channel\/UC-9005PnLnhpNM8PVSjP2dQ\/featured\"><b><i>YouTube<\/i><\/b><\/a><b>,\u00a0<\/b><a href=\"https:\/\/www.facebook.com\/bastv.md\"><b><i>Facebook<\/i><\/b><\/a>\u00a0<strong>\u0219i\u00a0<\/strong><a href=\"https:\/\/www.instagram.com\/bastv.md\/\"><b><i>Instagram<\/i><\/b><\/a><b>. Aici public\u0103m \u0219tiri pe scurt!<\/b><\/p>\n<\/div>\n<\/div>\n<\/div>\n<\/div>\n","protected":false},"excerpt":{"rendered":"<p>Miercuri, 8 mai, a fost organizat\u0103 etapa raional\u0103 a concursului na\u021bional de lectur\u0103 \u201eLa izvoarele \u00een\u021belepciunii\u201d, edi\u021bia a 34-a. La el au participat 8 eleve din \u0219colile raionului Basarabeasca. \u00cen baza punctajului acumulat \u00een urma probei scrise, locul III a fost ocupat de c\u0103tre eleva\u00a0 Lupa\u015fcu Beatrisa, eleva LT \u201eC.Stere\u201d din s. Abaclia, pe locul [&hellip;]<\/p>\n","protected":false},"author":3,"featured_media":118572,"comment_status":"closed","ping_status":"closed","sticky":false,"template":"","format":"standard","meta":{"footnotes":""},"categories":[602,569],"tags":[693,700,692,893],"class_list":["post-118571","post","type-post","status-publish","format-standard","has-post-thumbnail","hentry","category-actualitate","category-in-basarabeasca","tag-basarabeasca-ro","tag-concurs-ro","tag-elevi","tag-scoala"],"yoast_head":"<!-- This site is optimized with the Yoast SEO plugin v27.5 - https:\/\/yoast.com\/product\/yoast-seo-wordpress\/ -->\n<title>(FOTO) Concursul \u201eLa izvoarele \u00een\u021belepciunii\u201d \u00een raionul Basarabeasca. Cine a fost premiat - BasTV<\/title>\n<meta name=\"description\" content=\"Ast\u0103zi, 8 mai, a fost organizat\u0103 etapa raional\u0103 a concursului na\u021bional de lectur\u0103 \u201eLa izvoarele \u00een\u021belepciunii\u201d, edi\u021bia a 34-a. La el au participat 8 eleve din \u0219colile raionului Basarabeasca.\" \/>\n<meta name=\"robots\" content=\"index, follow, max-snippet:-1, max-image-preview:large, max-video-preview:-1\" \/>\n<link rel=\"canonical\" href=\"https:\/\/bas-tv.md\/ro\/foto-concursul-la-izvoarele-intelepciunii-in-raionul-basarabeasca-cine-a-fost-premiat\/\" \/>\n<meta property=\"og:locale\" content=\"ro_RO\" \/>\n<meta property=\"og:type\" content=\"article\" \/>\n<meta property=\"og:title\" content=\"(FOTO) Concursul \u201eLa izvoarele \u00een\u021belepciunii\u201d \u00een raionul Basarabeasca. Cine a fost premiat - BasTV\" \/>\n<meta property=\"og:description\" content=\"Ast\u0103zi, 8 mai, a fost organizat\u0103 etapa raional\u0103 a concursului na\u021bional de lectur\u0103 \u201eLa izvoarele \u00een\u021belepciunii\u201d, edi\u021bia a 34-a. La el au participat 8 eleve din \u0219colile raionului Basarabeasca.\" \/>\n<meta property=\"og:url\" content=\"https:\/\/bas-tv.md\/ro\/foto-concursul-la-izvoarele-intelepciunii-in-raionul-basarabeasca-cine-a-fost-premiat\/\" \/>\n<meta property=\"og:site_name\" content=\"BasTV\" \/>\n<meta property=\"article:published_time\" content=\"2024-05-09T05:15:08+00:00\" \/>\n<meta property=\"article:modified_time\" content=\"2024-05-09T16:21:48+00:00\" \/>\n<meta property=\"og:image\" content=\"https:\/\/bas-tv.md\/wp-content\/uploads\/2024\/05\/441498270_2075923662792671_5126923273943068660_n.jpg\" \/>\n\t<meta property=\"og:image:width\" content=\"1600\" \/>\n\t<meta property=\"og:image:height\" content=\"900\" \/>\n\t<meta property=\"og:image:type\" content=\"image\/jpeg\" \/>\n<meta name=\"author\" content=\"Redactor\" \/>\n<meta name=\"twitter:card\" content=\"summary_large_image\" \/>\n<meta name=\"twitter:label1\" content=\"Scris de\" \/>\n\t<meta name=\"twitter:data1\" content=\"Redactor\" \/>\n\t<meta name=\"twitter:label2\" content=\"Timp estimat pentru citire\" \/>\n\t<meta name=\"twitter:data2\" content=\"2 minute\" \/>\n<script type=\"application\/ld+json\" class=\"yoast-schema-graph\">{\"@context\":\"https:\\\/\\\/schema.org\",\"@graph\":[{\"@type\":\"Article\",\"@id\":\"https:\\\/\\\/bas-tv.md\\\/ro\\\/foto-concursul-la-izvoarele-intelepciunii-in-raionul-basarabeasca-cine-a-fost-premiat\\\/#article\",\"isPartOf\":{\"@id\":\"https:\\\/\\\/bas-tv.md\\\/ro\\\/foto-concursul-la-izvoarele-intelepciunii-in-raionul-basarabeasca-cine-a-fost-premiat\\\/\"},\"author\":{\"name\":\"Redactor\",\"@id\":\"https:\\\/\\\/bas-tv.md\\\/ro\\\/#\\\/schema\\\/person\\\/8740f45ea2eca1f1695284fc03529af0\"},\"headline\":\"(FOTO) Concursul \u201eLa izvoarele \u00een\u021belepciunii\u201d \u00een raionul Basarabeasca. Cine a fost premiat\",\"datePublished\":\"2024-05-09T05:15:08+00:00\",\"dateModified\":\"2024-05-09T16:21:48+00:00\",\"mainEntityOfPage\":{\"@id\":\"https:\\\/\\\/bas-tv.md\\\/ro\\\/foto-concursul-la-izvoarele-intelepciunii-in-raionul-basarabeasca-cine-a-fost-premiat\\\/\"},\"wordCount\":298,\"publisher\":{\"@id\":\"https:\\\/\\\/bas-tv.md\\\/ro\\\/#organization\"},\"image\":{\"@id\":\"https:\\\/\\\/bas-tv.md\\\/ro\\\/foto-concursul-la-izvoarele-intelepciunii-in-raionul-basarabeasca-cine-a-fost-premiat\\\/#primaryimage\"},\"thumbnailUrl\":\"https:\\\/\\\/bas-tv.md\\\/wp-content\\\/uploads\\\/2024\\\/05\\\/441498270_2075923662792671_5126923273943068660_n.jpg\",\"keywords\":[\"Basarabeasca\",\"concurs\",\"Elevi\",\"\u0219coal\u0103\"],\"articleSection\":[\"Actualitate\",\"\u00cen Basarabeasca\"],\"inLanguage\":\"ro-RO\"},{\"@type\":\"WebPage\",\"@id\":\"https:\\\/\\\/bas-tv.md\\\/ro\\\/foto-concursul-la-izvoarele-intelepciunii-in-raionul-basarabeasca-cine-a-fost-premiat\\\/\",\"url\":\"https:\\\/\\\/bas-tv.md\\\/ro\\\/foto-concursul-la-izvoarele-intelepciunii-in-raionul-basarabeasca-cine-a-fost-premiat\\\/\",\"name\":\"(FOTO) Concursul \u201eLa izvoarele \u00een\u021belepciunii\u201d \u00een raionul Basarabeasca. Cine a fost premiat - BasTV\",\"isPartOf\":{\"@id\":\"https:\\\/\\\/bas-tv.md\\\/ro\\\/#website\"},\"primaryImageOfPage\":{\"@id\":\"https:\\\/\\\/bas-tv.md\\\/ro\\\/foto-concursul-la-izvoarele-intelepciunii-in-raionul-basarabeasca-cine-a-fost-premiat\\\/#primaryimage\"},\"image\":{\"@id\":\"https:\\\/\\\/bas-tv.md\\\/ro\\\/foto-concursul-la-izvoarele-intelepciunii-in-raionul-basarabeasca-cine-a-fost-premiat\\\/#primaryimage\"},\"thumbnailUrl\":\"https:\\\/\\\/bas-tv.md\\\/wp-content\\\/uploads\\\/2024\\\/05\\\/441498270_2075923662792671_5126923273943068660_n.jpg\",\"datePublished\":\"2024-05-09T05:15:08+00:00\",\"dateModified\":\"2024-05-09T16:21:48+00:00\",\"description\":\"Ast\u0103zi, 8 mai, a fost organizat\u0103 etapa raional\u0103 a concursului na\u021bional de lectur\u0103 \u201eLa izvoarele \u00een\u021belepciunii\u201d, edi\u021bia a 34-a. La el au participat 8 eleve din \u0219colile raionului Basarabeasca.\",\"inLanguage\":\"ro-RO\",\"potentialAction\":[{\"@type\":\"ReadAction\",\"target\":[\"https:\\\/\\\/bas-tv.md\\\/ro\\\/foto-concursul-la-izvoarele-intelepciunii-in-raionul-basarabeasca-cine-a-fost-premiat\\\/\"]}]},{\"@type\":\"ImageObject\",\"inLanguage\":\"ro-RO\",\"@id\":\"https:\\\/\\\/bas-tv.md\\\/ro\\\/foto-concursul-la-izvoarele-intelepciunii-in-raionul-basarabeasca-cine-a-fost-premiat\\\/#primaryimage\",\"url\":\"https:\\\/\\\/bas-tv.md\\\/wp-content\\\/uploads\\\/2024\\\/05\\\/441498270_2075923662792671_5126923273943068660_n.jpg\",\"contentUrl\":\"https:\\\/\\\/bas-tv.md\\\/wp-content\\\/uploads\\\/2024\\\/05\\\/441498270_2075923662792671_5126923273943068660_n.jpg\",\"width\":1600,\"height\":900,\"caption\":\"Foto: Facebook\\\/ Consiliul Raional Basarabeasca\"},{\"@type\":\"WebSite\",\"@id\":\"https:\\\/\\\/bas-tv.md\\\/ro\\\/#website\",\"url\":\"https:\\\/\\\/bas-tv.md\\\/ro\\\/\",\"name\":\"BasTV\",\"description\":\"Moldova\",\"publisher\":{\"@id\":\"https:\\\/\\\/bas-tv.md\\\/ro\\\/#organization\"},\"potentialAction\":[{\"@type\":\"SearchAction\",\"target\":{\"@type\":\"EntryPoint\",\"urlTemplate\":\"https:\\\/\\\/bas-tv.md\\\/ro\\\/?s={search_term_string}\"},\"query-input\":{\"@type\":\"PropertyValueSpecification\",\"valueRequired\":true,\"valueName\":\"search_term_string\"}}],\"inLanguage\":\"ro-RO\"},{\"@type\":\"Organization\",\"@id\":\"https:\\\/\\\/bas-tv.md\\\/ro\\\/#organization\",\"name\":\"BasTV\",\"url\":\"https:\\\/\\\/bas-tv.md\\\/ro\\\/\",\"logo\":{\"@type\":\"ImageObject\",\"inLanguage\":\"ro-RO\",\"@id\":\"https:\\\/\\\/bas-tv.md\\\/ro\\\/#\\\/schema\\\/logo\\\/image\\\/\",\"url\":\"https:\\\/\\\/bas-tv.md\\\/wp-content\\\/uploads\\\/2023\\\/05\\\/bas-tv-culoarea-rosie.png\",\"contentUrl\":\"https:\\\/\\\/bas-tv.md\\\/wp-content\\\/uploads\\\/2023\\\/05\\\/bas-tv-culoarea-rosie.png\",\"width\":202,\"height\":50,\"caption\":\"BasTV\"},\"image\":{\"@id\":\"https:\\\/\\\/bas-tv.md\\\/ro\\\/#\\\/schema\\\/logo\\\/image\\\/\"}},{\"@type\":\"Person\",\"@id\":\"https:\\\/\\\/bas-tv.md\\\/ro\\\/#\\\/schema\\\/person\\\/8740f45ea2eca1f1695284fc03529af0\",\"name\":\"Redactor\",\"image\":{\"@type\":\"ImageObject\",\"inLanguage\":\"ro-RO\",\"@id\":\"https:\\\/\\\/secure.gravatar.com\\\/avatar\\\/45b6af9fc91c10b15a8b40e67c1f57bab2e9614fc9f0af95cf453d61934e9aad?s=96&d=mm&r=g\",\"url\":\"https:\\\/\\\/secure.gravatar.com\\\/avatar\\\/45b6af9fc91c10b15a8b40e67c1f57bab2e9614fc9f0af95cf453d61934e9aad?s=96&d=mm&r=g\",\"contentUrl\":\"https:\\\/\\\/secure.gravatar.com\\\/avatar\\\/45b6af9fc91c10b15a8b40e67c1f57bab2e9614fc9f0af95cf453d61934e9aad?s=96&d=mm&r=g\",\"caption\":\"Redactor\"},\"url\":\"https:\\\/\\\/bas-tv.md\\\/ro\\\/author\\\/redactor\\\/\"}]}<\/script>\n<!-- \/ Yoast SEO plugin. -->","yoast_head_json":{"title":"(FOTO) Concursul \u201eLa izvoarele \u00een\u021belepciunii\u201d \u00een raionul Basarabeasca. Cine a fost premiat - BasTV","description":"Ast\u0103zi, 8 mai, a fost organizat\u0103 etapa raional\u0103 a concursului na\u021bional de lectur\u0103 \u201eLa izvoarele \u00een\u021belepciunii\u201d, edi\u021bia a 34-a. La el au participat 8 eleve din \u0219colile raionului Basarabeasca.","robots":{"index":"index","follow":"follow","max-snippet":"max-snippet:-1","max-image-preview":"max-image-preview:large","max-video-preview":"max-video-preview:-1"},"canonical":"https:\/\/bas-tv.md\/ro\/foto-concursul-la-izvoarele-intelepciunii-in-raionul-basarabeasca-cine-a-fost-premiat\/","og_locale":"ro_RO","og_type":"article","og_title":"(FOTO) Concursul \u201eLa izvoarele \u00een\u021belepciunii\u201d \u00een raionul Basarabeasca. Cine a fost premiat - BasTV","og_description":"Ast\u0103zi, 8 mai, a fost organizat\u0103 etapa raional\u0103 a concursului na\u021bional de lectur\u0103 \u201eLa izvoarele \u00een\u021belepciunii\u201d, edi\u021bia a 34-a. La el au participat 8 eleve din \u0219colile raionului Basarabeasca.","og_url":"https:\/\/bas-tv.md\/ro\/foto-concursul-la-izvoarele-intelepciunii-in-raionul-basarabeasca-cine-a-fost-premiat\/","og_site_name":"BasTV","article_published_time":"2024-05-09T05:15:08+00:00","article_modified_time":"2024-05-09T16:21:48+00:00","og_image":[{"width":1600,"height":900,"url":"https:\/\/bas-tv.md\/wp-content\/uploads\/2024\/05\/441498270_2075923662792671_5126923273943068660_n.jpg","type":"image\/jpeg"}],"author":"Redactor","twitter_card":"summary_large_image","twitter_misc":{"Scris de":"Redactor","Timp estimat pentru citire":"2 minute"},"schema":{"@context":"https:\/\/schema.org","@graph":[{"@type":"Article","@id":"https:\/\/bas-tv.md\/ro\/foto-concursul-la-izvoarele-intelepciunii-in-raionul-basarabeasca-cine-a-fost-premiat\/#article","isPartOf":{"@id":"https:\/\/bas-tv.md\/ro\/foto-concursul-la-izvoarele-intelepciunii-in-raionul-basarabeasca-cine-a-fost-premiat\/"},"author":{"name":"Redactor","@id":"https:\/\/bas-tv.md\/ro\/#\/schema\/person\/8740f45ea2eca1f1695284fc03529af0"},"headline":"(FOTO) Concursul \u201eLa izvoarele \u00een\u021belepciunii\u201d \u00een raionul Basarabeasca. Cine a fost premiat","datePublished":"2024-05-09T05:15:08+00:00","dateModified":"2024-05-09T16:21:48+00:00","mainEntityOfPage":{"@id":"https:\/\/bas-tv.md\/ro\/foto-concursul-la-izvoarele-intelepciunii-in-raionul-basarabeasca-cine-a-fost-premiat\/"},"wordCount":298,"publisher":{"@id":"https:\/\/bas-tv.md\/ro\/#organization"},"image":{"@id":"https:\/\/bas-tv.md\/ro\/foto-concursul-la-izvoarele-intelepciunii-in-raionul-basarabeasca-cine-a-fost-premiat\/#primaryimage"},"thumbnailUrl":"https:\/\/bas-tv.md\/wp-content\/uploads\/2024\/05\/441498270_2075923662792671_5126923273943068660_n.jpg","keywords":["Basarabeasca","concurs","Elevi","\u0219coal\u0103"],"articleSection":["Actualitate","\u00cen Basarabeasca"],"inLanguage":"ro-RO"},{"@type":"WebPage","@id":"https:\/\/bas-tv.md\/ro\/foto-concursul-la-izvoarele-intelepciunii-in-raionul-basarabeasca-cine-a-fost-premiat\/","url":"https:\/\/bas-tv.md\/ro\/foto-concursul-la-izvoarele-intelepciunii-in-raionul-basarabeasca-cine-a-fost-premiat\/","name":"(FOTO) Concursul \u201eLa izvoarele \u00een\u021belepciunii\u201d \u00een raionul Basarabeasca. Cine a fost premiat - BasTV","isPartOf":{"@id":"https:\/\/bas-tv.md\/ro\/#website"},"primaryImageOfPage":{"@id":"https:\/\/bas-tv.md\/ro\/foto-concursul-la-izvoarele-intelepciunii-in-raionul-basarabeasca-cine-a-fost-premiat\/#primaryimage"},"image":{"@id":"https:\/\/bas-tv.md\/ro\/foto-concursul-la-izvoarele-intelepciunii-in-raionul-basarabeasca-cine-a-fost-premiat\/#primaryimage"},"thumbnailUrl":"https:\/\/bas-tv.md\/wp-content\/uploads\/2024\/05\/441498270_2075923662792671_5126923273943068660_n.jpg","datePublished":"2024-05-09T05:15:08+00:00","dateModified":"2024-05-09T16:21:48+00:00","description":"Ast\u0103zi, 8 mai, a fost organizat\u0103 etapa raional\u0103 a concursului na\u021bional de lectur\u0103 \u201eLa izvoarele \u00een\u021belepciunii\u201d, edi\u021bia a 34-a. La el au participat 8 eleve din \u0219colile raionului Basarabeasca.","inLanguage":"ro-RO","potentialAction":[{"@type":"ReadAction","target":["https:\/\/bas-tv.md\/ro\/foto-concursul-la-izvoarele-intelepciunii-in-raionul-basarabeasca-cine-a-fost-premiat\/"]}]},{"@type":"ImageObject","inLanguage":"ro-RO","@id":"https:\/\/bas-tv.md\/ro\/foto-concursul-la-izvoarele-intelepciunii-in-raionul-basarabeasca-cine-a-fost-premiat\/#primaryimage","url":"https:\/\/bas-tv.md\/wp-content\/uploads\/2024\/05\/441498270_2075923662792671_5126923273943068660_n.jpg","contentUrl":"https:\/\/bas-tv.md\/wp-content\/uploads\/2024\/05\/441498270_2075923662792671_5126923273943068660_n.jpg","width":1600,"height":900,"caption":"Foto: Facebook\/ Consiliul Raional Basarabeasca"},{"@type":"WebSite","@id":"https:\/\/bas-tv.md\/ro\/#website","url":"https:\/\/bas-tv.md\/ro\/","name":"BasTV","description":"Moldova","publisher":{"@id":"https:\/\/bas-tv.md\/ro\/#organization"},"potentialAction":[{"@type":"SearchAction","target":{"@type":"EntryPoint","urlTemplate":"https:\/\/bas-tv.md\/ro\/?s={search_term_string}"},"query-input":{"@type":"PropertyValueSpecification","valueRequired":true,"valueName":"search_term_string"}}],"inLanguage":"ro-RO"},{"@type":"Organization","@id":"https:\/\/bas-tv.md\/ro\/#organization","name":"BasTV","url":"https:\/\/bas-tv.md\/ro\/","logo":{"@type":"ImageObject","inLanguage":"ro-RO","@id":"https:\/\/bas-tv.md\/ro\/#\/schema\/logo\/image\/","url":"https:\/\/bas-tv.md\/wp-content\/uploads\/2023\/05\/bas-tv-culoarea-rosie.png","contentUrl":"https:\/\/bas-tv.md\/wp-content\/uploads\/2023\/05\/bas-tv-culoarea-rosie.png","width":202,"height":50,"caption":"BasTV"},"image":{"@id":"https:\/\/bas-tv.md\/ro\/#\/schema\/logo\/image\/"}},{"@type":"Person","@id":"https:\/\/bas-tv.md\/ro\/#\/schema\/person\/8740f45ea2eca1f1695284fc03529af0","name":"Redactor","image":{"@type":"ImageObject","inLanguage":"ro-RO","@id":"https:\/\/secure.gravatar.com\/avatar\/45b6af9fc91c10b15a8b40e67c1f57bab2e9614fc9f0af95cf453d61934e9aad?s=96&d=mm&r=g","url":"https:\/\/secure.gravatar.com\/avatar\/45b6af9fc91c10b15a8b40e67c1f57bab2e9614fc9f0af95cf453d61934e9aad?s=96&d=mm&r=g","contentUrl":"https:\/\/secure.gravatar.com\/avatar\/45b6af9fc91c10b15a8b40e67c1f57bab2e9614fc9f0af95cf453d61934e9aad?s=96&d=mm&r=g","caption":"Redactor"},"url":"https:\/\/bas-tv.md\/ro\/author\/redactor\/"}]}},"views":392,"_links":{"self":[{"href":"https:\/\/bas-tv.md\/ro\/wp-json\/wp\/v2\/posts\/118571","targetHints":{"allow":["GET"]}}],"collection":[{"href":"https:\/\/bas-tv.md\/ro\/wp-json\/wp\/v2\/posts"}],"about":[{"href":"https:\/\/bas-tv.md\/ro\/wp-json\/wp\/v2\/types\/post"}],"author":[{"embeddable":true,"href":"https:\/\/bas-tv.md\/ro\/wp-json\/wp\/v2\/users\/3"}],"replies":[{"embeddable":true,"href":"https:\/\/bas-tv.md\/ro\/wp-json\/wp\/v2\/comments?post=118571"}],"version-history":[{"count":4,"href":"https:\/\/bas-tv.md\/ro\/wp-json\/wp\/v2\/posts\/118571\/revisions"}],"predecessor-version":[{"id":118604,"href":"https:\/\/bas-tv.md\/ro\/wp-json\/wp\/v2\/posts\/118571\/revisions\/118604"}],"wp:featuredmedia":[{"embeddable":true,"href":"https:\/\/bas-tv.md\/ro\/wp-json\/wp\/v2\/media\/118572"}],"wp:attachment":[{"href":"https:\/\/bas-tv.md\/ro\/wp-json\/wp\/v2\/media?parent=118571"}],"wp:term":[{"taxonomy":"category","embeddable":true,"href":"https:\/\/bas-tv.md\/ro\/wp-json\/wp\/v2\/categories?post=118571"},{"taxonomy":"post_tag","embeddable":true,"href":"https:\/\/bas-tv.md\/ro\/wp-json\/wp\/v2\/tags?post=118571"}],"curies":[{"name":"wp","href":"https:\/\/api.w.org\/{rel}","templated":true}]}}