{"id":119601,"date":"2024-05-21T16:00:12","date_gmt":"2024-05-21T13:00:12","guid":{"rendered":"https:\/\/bas-tv.md\/?p=119601"},"modified":"2024-05-21T14:16:16","modified_gmt":"2024-05-21T11:16:16","slug":"video-patru-responsabilitati-un-singur-om-studenta-la-drept-si-limbi-straine-jurnalista-si-mediator-pentru-comunitatea-sa-de-romi","status":"publish","type":"post","link":"https:\/\/bas-tv.md\/ro\/video-patru-responsabilitati-un-singur-om-studenta-la-drept-si-limbi-straine-jurnalista-si-mediator-pentru-comunitatea-sa-de-romi\/","title":{"rendered":"(VIDEO) Patru responsabilit\u0103\u021bi, un singur om. Student\u0103 la Drept \u0219i Limbi str\u0103ine, jurnalist\u0103 \u0219i mediator pentru comunitatea sa de romi"},"content":{"rendered":"<p><strong>Student\u0103 la dou\u0103 facult\u0103\u021bi \u0219i cu dou\u0103 posturi de munc\u0103, unde se implic\u0103 cu dedica\u021bie. A\u0219a poate fi descris\u0103 Felicia Bludoi, o t\u00e2n\u0103r\u0103 ambi\u021bioas\u0103 din Comrat. La ai s\u0103i 23 de ani, Felicia e un reper pentru semeni \u0219i mai ales pentru tinerii de etnie rom\u0103, pentru care este un exemplu de succes \u00eentr-o societate plin\u0103 de prejudec\u0103\u021bi. Ace\u0219tia \u00eei admir\u0103 motiva\u021bia de a ac\u021biona nu doar pentru beneficiul propriu, dar \u0219i pentru confortul membrilor comunit\u0103\u021bii de romi din care face parte.<\/strong><\/p>\n<blockquote><p><em>\u201eActivez de un an ca mediator comunitar. Avem mul\u021bi romi care nu au \u00eenv\u0103\u021bat. Sunt situa\u021bii c\u00e2nd nu pot s\u0103 citeasc\u0103, s\u0103 scrie, s\u0103 semneze. Eu merg cu ei c\u00e2nd au probleme. De exemplu, o familie s-a adresat la mine deoarece nu avea buletin \u0219i certificat de na\u0219tere. Sarcina mea a fost s\u0103 \u00eei consult \u0219i s\u0103 le spun la ce specialist trebuie s\u0103 se adreseze\u201d,<\/em> poveste\u0219te Felicia Bludoi.<\/p><\/blockquote>\n<p>Dup\u0103 ce le ofer\u0103 ajutor celor care au nevoie de \u00eendrumare, Felicia merge la televiziune. La postul local, ei \u00eei revine sarcina s\u0103 traduc\u0103 \u0219tirile \u00een limba rom\u00e2n\u0103. Din dorin\u021ba de a promova cultura \u0219i limba romilor, t\u00e2n\u0103ra a pus \u00een practic\u0103 \u0219i o alt\u0103 idee.<\/p>\n<blockquote><p><em>\u201eAm tradus desene animate \u00een limba rom\u0103. Un exemplu este povestea <\/em>\u00ab<em>Gogoa\u0219a<\/em>\u00bb<em>. Chiar eu m-am ocupat de traducerea textului. Mai apoi, am \u00eenregistrat vocea pentru versiunea audio \u0219i video. Sunt romi care nu cunosc limba rom\u0103. Vreau ca \u00een acest mod, inclusiv copiii, s\u0103 nu uite de r\u0103d\u0103cinile lor\u201d<\/em>, ne-a explicat t\u00e2n\u0103ra.<\/p><\/blockquote>\n<p>Felicia are nu doar dou\u0103 locuri de munc\u0103, dar studiaz\u0103 \u0219i la dou\u0103 facult\u0103\u021bi. Una dintre ele este Facultatea de Cultur\u0103 Na\u021bional\u0103, iar cea de-a doua este Dreptul.<\/p>\n<blockquote><p><em>\u201eVreau s\u0103 fiu avocat\u0103, s\u0103 lucrez pentru comunitatea rom\u0103, s\u0103 \u00eei ajut. \u00cen acela\u0219i timp, mi-a\u0219 dori s\u0103 deschid \u0219i un centru de crea\u021bie pentru romi. Acolo copiii ar putea s\u0103 aib\u0103 activit\u0103\u021bi, s\u0103 fac\u0103 lec\u021bii suplimentare, s\u0103 \u00eenve\u021be despre cultura noastr\u0103\u201d<\/em>, ne-a mai povestit Felicia, plin\u0103 de entuziasm.<\/p><\/blockquote>\n<p>Pentru ambi\u021bia de care d\u0103 dovad\u0103, at\u00e2t ea, c\u00e2t \u0219i al\u021bi 48 de tineri romi s-au ales \u00een 2024 cu burse de merit din partea statului. Felicia sus\u021bine c\u0103 banii \u00eei sunt de mare ajutor. Cu o parte dintre ei \u0219i-a achitat contractul la una dintre facult\u0103\u021bi. M\u00e2ndri de reu\u0219itele fetei sunt \u00een primul r\u00e2nd p\u0103rin\u021bii.<\/p>\n<blockquote><p><em>\u201eAm patru copii, pe to\u021bi i-am dat s\u0103 fac\u0103 studii. \u00cempreun\u0103 cu so\u021bul, vrem s\u0103 le oferim copiilor ce nu am avut noi. Sunt bucuroas\u0103 c\u0103 Felicia sprijin\u0103 romii din comunitate, c\u0103 se implic\u0103 \u00een activit\u0103\u021bi, c\u0103 \u00eenva\u021b\u0103 bine\u201d, <\/em>potrivit Liliei Bludoi, mama protagonistei.<\/p><\/blockquote>\n<p>Felicia Bludoi \u00eei \u00eencurajeaz\u0103 pe tineri s\u0103 investeasc\u0103 timp \u0219i dorin\u021b\u0103 \u00een studii, despre care crede c\u0103 sunt unica metod\u0103 prin care po\u021bi s\u0103-\u021bi croie\u0219ti un drum frumos \u00een via\u021b\u0103.<\/p>\n<blockquote><p><em>\u201eVin cu \u00eencurajare pentru femeile rome, pentru b\u0103ie\u021bi, dar \u0219i pentru to\u021bi tinerii, s\u0103 fac\u0103 studii \u0219i s\u0103 nu le fie fric\u0103 s\u0103 ob\u021bin\u0103 \u0219i un loc de munc\u0103 \u0219i s\u0103 fac\u0103 o facultate. Cred c\u0103 po\u021bi s\u0103 reu\u0219e\u0219ti totul atunci c\u00e2nd ai dorin\u021b\u0103\u201d<\/em>, afirm\u0103 t\u00e2n\u0103ra.<\/p><\/blockquote>\n<p><iframe title=\"Felicia Bludoi: \u201eCombatem stereotipuri prin implicare\u201d\" width=\"580\" height=\"326\" data-src=\"https:\/\/www.youtube.com\/embed\/_ANivlMe6rs?feature=oembed\" frameborder=\"0\" allow=\"accelerometer; autoplay; clipboard-write; encrypted-media; gyroscope; picture-in-picture; web-share\" referrerpolicy=\"strict-origin-when-cross-origin\" allowfullscreen src=\"data:image\/svg+xml;base64,PHN2ZyB3aWR0aD0iMSIgaGVpZ2h0PSIxIiB4bWxucz0iaHR0cDovL3d3dy53My5vcmcvMjAwMC9zdmciPjwvc3ZnPg==\" class=\"lazyload\" data-load-mode=\"1\"><\/iframe><\/p>\n<p><em>Acest material a fost realizat \u00een cadrul campaniei \u201eIncluziunea \u00eencepe de la mine\u201d. Campania \u00ee\u0219i propune s\u0103 contribuie la diminuarea stereotipurilor existente despre grupurile social-vulnerabile \u0219i marginalizate, precum \u0219i la \u00eembun\u0103t\u0103\u021birea atitudinii societ\u0103\u021bii fa\u021b\u0103 de aceste persoane. La fel, campania este orientat\u0103 s\u0103 sporeasc\u0103 gradul de \u00een\u021belegere a no\u021biunii de incluziune de c\u0103tre cet\u0103\u021beni, sporind astfel \u0219ansele pentru o societate mai incluziv\u0103.\u00a0<\/em><\/p>\n<p><em>Campania este organizat\u0103 \u00een cadrul proiectului \u201ePromovarea coeziunii sociale \u00een Moldova prin \u00eencurajarea incluziunii \u0219i diminuarea discrimin\u0103rii\u201d, desf\u0103\u0219urat de Centrul pentru Jurnalism Independent \u00een cadrul programului \u201eIni\u021biativ\u0103 Comun\u0103 pentru Oportunit\u0103\u021bi Egale \u2014 Faza II\u201d, implementat cu suportul Guvernului Elve\u021biei.\u00a0<\/em><\/p>\n<p><a href=\"https:\/\/bas-tv.md\/wp-content\/uploads\/2024\/05\/6de020be-69df-46a8-bab0-f5afa5d7beed.jpeg\"><img fetchpriority=\"high\" decoding=\"async\" class=\"aligncenter size-full wp-image-119602\" src=\"https:\/\/bas-tv.md\/wp-content\/uploads\/2024\/05\/6de020be-69df-46a8-bab0-f5afa5d7beed.jpeg\" alt=\"\" width=\"1200\" height=\"250\" srcset=\"https:\/\/bas-tv.md\/wp-content\/uploads\/2024\/05\/6de020be-69df-46a8-bab0-f5afa5d7beed.jpeg 1200w, https:\/\/bas-tv.md\/wp-content\/uploads\/2024\/05\/6de020be-69df-46a8-bab0-f5afa5d7beed-300x63.jpeg 300w, https:\/\/bas-tv.md\/wp-content\/uploads\/2024\/05\/6de020be-69df-46a8-bab0-f5afa5d7beed-1024x213.jpeg 1024w, https:\/\/bas-tv.md\/wp-content\/uploads\/2024\/05\/6de020be-69df-46a8-bab0-f5afa5d7beed-768x160.jpeg 768w\" sizes=\"(max-width: 1200px) 100vw, 1200px\" \/><\/a><\/p>\n<p><b>\u041f\u043e\u0434\u043f\u0438\u0441\u044b\u0432\u0430\u0439\u0442\u0435\u0441\u044c \u043d\u0430 \u043d\u0430\u0448\u0438 \u0441\u043e\u0446\u0438\u0430\u043b\u044c\u043d\u044b\u0435 \u0441\u0435\u0442\u0438:\u00a0<\/b><a href=\"https:\/\/t.me\/bastvmd\"><b><i>Telegram<\/i><\/b><\/a><b>,\u00a0<\/b><a href=\"https:\/\/www.youtube.com\/channel\/UC-9005PnLnhpNM8PVSjP2dQ\/featured\"><b><i>YouTube<\/i><\/b><\/a><b>,\u00a0<\/b><a href=\"https:\/\/www.facebook.com\/bastv.md\"><b><i>Facebook<\/i><\/b><\/a>\u00a0<b><i>\u0438<\/i><\/b>\u00a0<a href=\"https:\/\/www.instagram.com\/bastv.md\/\"><b><i>Instagram<\/i><\/b><\/a><b>. \u0417\u0434\u0435\u0441\u044c \u043c\u044b \u043f\u0443\u0431\u043b\u0438\u043a\u0443\u0435\u043c \u043d\u043e\u0432\u043e\u0441\u0442\u0438 \u043a\u0440\u0430\u0442\u043a\u043e \u0438 \u043d\u0430\u0433\u043b\u044f\u0434\u043d\u043e!<\/b><\/p>\n","protected":false},"excerpt":{"rendered":"<p>Student\u0103 la dou\u0103 facult\u0103\u021bi \u0219i cu dou\u0103 posturi de munc\u0103, unde se implic\u0103 cu dedica\u021bie. A\u0219a poate fi descris\u0103 Felicia Bludoi, o t\u00e2n\u0103r\u0103 ambi\u021bioas\u0103 din Comrat. La ai s\u0103i 23 de ani, Felicia e un reper pentru semeni \u0219i mai ales pentru tinerii de etnie rom\u0103, pentru care este un exemplu de succes \u00eentr-o societate [&hellip;]<\/p>\n","protected":false},"author":3,"featured_media":119605,"comment_status":"closed","ping_status":"closed","sticky":false,"template":"","format":"standard","meta":{"footnotes":""},"categories":[603,584],"tags":[2572,2575,2574,2573,1329],"class_list":["post-119601","post","type-post","status-publish","format-standard","has-post-thumbnail","hentry","category-diverse","category-istorii-ro","tag-comrat","tag-jurnalista","tag-romi","tag-studenta","tag-tinerii"],"yoast_head":"<!-- This site is optimized with the Yoast SEO plugin v27.5 - https:\/\/yoast.com\/product\/yoast-seo-wordpress\/ -->\n<title>(VIDEO) Patru responsabilit\u0103\u021bi, un singur om. Student\u0103 la Drept \u0219i Limbi str\u0103ine, jurnalist\u0103 \u0219i mediator pentru comunitatea sa de romi - BasTV<\/title>\n<meta name=\"description\" content=\"Student\u0103 la dou\u0103 facult\u0103\u021bi \u0219i cu dou\u0103 posturi de munc\u0103, unde se implic\u0103 cu dedica\u021bie. A\u0219a poate fi descris\u0103 Felicia Bludoi, o t\u00e2n\u0103r\u0103 ambi\u021bioas\u0103 din Comrat. La ai s\u0103i 23 de ani, Felicia e un reper pentru semeni \u0219i mai ales pentru tinerii de etnie rom\u0103, pentru care este un exemplu de succes \u00eentr-o societate plin\u0103 de prejudec\u0103\u021bi. Ace\u0219tia \u00eei admir\u0103 motiva\u021bia de a ac\u021biona nu doar pentru beneficiul propriu, dar \u0219i pentru confortul membrilor comunit\u0103\u021bii de romi din care face parte.\" \/>\n<meta name=\"robots\" content=\"index, follow, max-snippet:-1, max-image-preview:large, max-video-preview:-1\" \/>\n<link rel=\"canonical\" href=\"https:\/\/bas-tv.md\/ro\/video-patru-responsabilitati-un-singur-om-studenta-la-drept-si-limbi-straine-jurnalista-si-mediator-pentru-comunitatea-sa-de-romi\/\" \/>\n<meta property=\"og:locale\" content=\"ro_RO\" \/>\n<meta property=\"og:type\" content=\"article\" \/>\n<meta property=\"og:title\" content=\"(VIDEO) Patru responsabilit\u0103\u021bi, un singur om. Student\u0103 la Drept \u0219i Limbi str\u0103ine, jurnalist\u0103 \u0219i mediator pentru comunitatea sa de romi - BasTV\" \/>\n<meta property=\"og:description\" content=\"Student\u0103 la dou\u0103 facult\u0103\u021bi \u0219i cu dou\u0103 posturi de munc\u0103, unde se implic\u0103 cu dedica\u021bie. A\u0219a poate fi descris\u0103 Felicia Bludoi, o t\u00e2n\u0103r\u0103 ambi\u021bioas\u0103 din Comrat. La ai s\u0103i 23 de ani, Felicia e un reper pentru semeni \u0219i mai ales pentru tinerii de etnie rom\u0103, pentru care este un exemplu de succes \u00eentr-o societate plin\u0103 de prejudec\u0103\u021bi. Ace\u0219tia \u00eei admir\u0103 motiva\u021bia de a ac\u021biona nu doar pentru beneficiul propriu, dar \u0219i pentru confortul membrilor comunit\u0103\u021bii de romi din care face parte.\" \/>\n<meta property=\"og:url\" content=\"https:\/\/bas-tv.md\/ro\/video-patru-responsabilitati-un-singur-om-studenta-la-drept-si-limbi-straine-jurnalista-si-mediator-pentru-comunitatea-sa-de-romi\/\" \/>\n<meta property=\"og:site_name\" content=\"BasTV\" \/>\n<meta property=\"article:published_time\" content=\"2024-05-21T13:00:12+00:00\" \/>\n<meta property=\"og:image\" content=\"https:\/\/bas-tv.md\/wp-content\/uploads\/2024\/05\/screenshot_1-3.jpg\" \/>\n\t<meta property=\"og:image:width\" content=\"878\" \/>\n\t<meta property=\"og:image:height\" content=\"378\" \/>\n\t<meta property=\"og:image:type\" content=\"image\/jpeg\" \/>\n<meta name=\"author\" content=\"Redactor\" \/>\n<meta name=\"twitter:card\" content=\"summary_large_image\" \/>\n<meta name=\"twitter:label1\" content=\"Scris de\" \/>\n\t<meta name=\"twitter:data1\" content=\"Redactor\" \/>\n\t<meta name=\"twitter:label2\" content=\"Timp estimat pentru citire\" \/>\n\t<meta name=\"twitter:data2\" content=\"3 minute\" \/>\n<script type=\"application\/ld+json\" class=\"yoast-schema-graph\">{\"@context\":\"https:\\\/\\\/schema.org\",\"@graph\":[{\"@type\":\"Article\",\"@id\":\"https:\\\/\\\/bas-tv.md\\\/ro\\\/video-patru-responsabilitati-un-singur-om-studenta-la-drept-si-limbi-straine-jurnalista-si-mediator-pentru-comunitatea-sa-de-romi\\\/#article\",\"isPartOf\":{\"@id\":\"https:\\\/\\\/bas-tv.md\\\/ro\\\/video-patru-responsabilitati-un-singur-om-studenta-la-drept-si-limbi-straine-jurnalista-si-mediator-pentru-comunitatea-sa-de-romi\\\/\"},\"author\":{\"name\":\"Redactor\",\"@id\":\"https:\\\/\\\/bas-tv.md\\\/ro\\\/#\\\/schema\\\/person\\\/8740f45ea2eca1f1695284fc03529af0\"},\"headline\":\"(VIDEO) Patru responsabilit\u0103\u021bi, un singur om. Student\u0103 la Drept \u0219i Limbi str\u0103ine, jurnalist\u0103 \u0219i mediator pentru comunitatea sa de romi\",\"datePublished\":\"2024-05-21T13:00:12+00:00\",\"mainEntityOfPage\":{\"@id\":\"https:\\\/\\\/bas-tv.md\\\/ro\\\/video-patru-responsabilitati-un-singur-om-studenta-la-drept-si-limbi-straine-jurnalista-si-mediator-pentru-comunitatea-sa-de-romi\\\/\"},\"wordCount\":833,\"publisher\":{\"@id\":\"https:\\\/\\\/bas-tv.md\\\/ro\\\/#organization\"},\"image\":{\"@id\":\"https:\\\/\\\/bas-tv.md\\\/ro\\\/video-patru-responsabilitati-un-singur-om-studenta-la-drept-si-limbi-straine-jurnalista-si-mediator-pentru-comunitatea-sa-de-romi\\\/#primaryimage\"},\"thumbnailUrl\":\"https:\\\/\\\/bas-tv.md\\\/wp-content\\\/uploads\\\/2024\\\/05\\\/screenshot_1-3.jpg\",\"keywords\":[\"Comrat\",\"jurnalist\u0103\",\"romi\",\"Student\u0103\",\"tinerii\"],\"articleSection\":[\"Diverse\",\"Istorii\"],\"inLanguage\":\"ro-RO\"},{\"@type\":\"WebPage\",\"@id\":\"https:\\\/\\\/bas-tv.md\\\/ro\\\/video-patru-responsabilitati-un-singur-om-studenta-la-drept-si-limbi-straine-jurnalista-si-mediator-pentru-comunitatea-sa-de-romi\\\/\",\"url\":\"https:\\\/\\\/bas-tv.md\\\/ro\\\/video-patru-responsabilitati-un-singur-om-studenta-la-drept-si-limbi-straine-jurnalista-si-mediator-pentru-comunitatea-sa-de-romi\\\/\",\"name\":\"(VIDEO) Patru responsabilit\u0103\u021bi, un singur om. Student\u0103 la Drept \u0219i Limbi str\u0103ine, jurnalist\u0103 \u0219i mediator pentru comunitatea sa de romi - BasTV\",\"isPartOf\":{\"@id\":\"https:\\\/\\\/bas-tv.md\\\/ro\\\/#website\"},\"primaryImageOfPage\":{\"@id\":\"https:\\\/\\\/bas-tv.md\\\/ro\\\/video-patru-responsabilitati-un-singur-om-studenta-la-drept-si-limbi-straine-jurnalista-si-mediator-pentru-comunitatea-sa-de-romi\\\/#primaryimage\"},\"image\":{\"@id\":\"https:\\\/\\\/bas-tv.md\\\/ro\\\/video-patru-responsabilitati-un-singur-om-studenta-la-drept-si-limbi-straine-jurnalista-si-mediator-pentru-comunitatea-sa-de-romi\\\/#primaryimage\"},\"thumbnailUrl\":\"https:\\\/\\\/bas-tv.md\\\/wp-content\\\/uploads\\\/2024\\\/05\\\/screenshot_1-3.jpg\",\"datePublished\":\"2024-05-21T13:00:12+00:00\",\"description\":\"Student\u0103 la dou\u0103 facult\u0103\u021bi \u0219i cu dou\u0103 posturi de munc\u0103, unde se implic\u0103 cu dedica\u021bie. A\u0219a poate fi descris\u0103 Felicia Bludoi, o t\u00e2n\u0103r\u0103 ambi\u021bioas\u0103 din Comrat. La ai s\u0103i 23 de ani, Felicia e un reper pentru semeni \u0219i mai ales pentru tinerii de etnie rom\u0103, pentru care este un exemplu de succes \u00eentr-o societate plin\u0103 de prejudec\u0103\u021bi. Ace\u0219tia \u00eei admir\u0103 motiva\u021bia de a ac\u021biona nu doar pentru beneficiul propriu, dar \u0219i pentru confortul membrilor comunit\u0103\u021bii de romi din care face parte.\",\"inLanguage\":\"ro-RO\",\"potentialAction\":[{\"@type\":\"ReadAction\",\"target\":[\"https:\\\/\\\/bas-tv.md\\\/ro\\\/video-patru-responsabilitati-un-singur-om-studenta-la-drept-si-limbi-straine-jurnalista-si-mediator-pentru-comunitatea-sa-de-romi\\\/\"]}]},{\"@type\":\"ImageObject\",\"inLanguage\":\"ro-RO\",\"@id\":\"https:\\\/\\\/bas-tv.md\\\/ro\\\/video-patru-responsabilitati-un-singur-om-studenta-la-drept-si-limbi-straine-jurnalista-si-mediator-pentru-comunitatea-sa-de-romi\\\/#primaryimage\",\"url\":\"https:\\\/\\\/bas-tv.md\\\/wp-content\\\/uploads\\\/2024\\\/05\\\/screenshot_1-3.jpg\",\"contentUrl\":\"https:\\\/\\\/bas-tv.md\\\/wp-content\\\/uploads\\\/2024\\\/05\\\/screenshot_1-3.jpg\",\"width\":878,\"height\":378,\"caption\":\"Foto: screenshot\"},{\"@type\":\"WebSite\",\"@id\":\"https:\\\/\\\/bas-tv.md\\\/ro\\\/#website\",\"url\":\"https:\\\/\\\/bas-tv.md\\\/ro\\\/\",\"name\":\"BasTV\",\"description\":\"Moldova\",\"publisher\":{\"@id\":\"https:\\\/\\\/bas-tv.md\\\/ro\\\/#organization\"},\"potentialAction\":[{\"@type\":\"SearchAction\",\"target\":{\"@type\":\"EntryPoint\",\"urlTemplate\":\"https:\\\/\\\/bas-tv.md\\\/ro\\\/?s={search_term_string}\"},\"query-input\":{\"@type\":\"PropertyValueSpecification\",\"valueRequired\":true,\"valueName\":\"search_term_string\"}}],\"inLanguage\":\"ro-RO\"},{\"@type\":\"Organization\",\"@id\":\"https:\\\/\\\/bas-tv.md\\\/ro\\\/#organization\",\"name\":\"BasTV\",\"url\":\"https:\\\/\\\/bas-tv.md\\\/ro\\\/\",\"logo\":{\"@type\":\"ImageObject\",\"inLanguage\":\"ro-RO\",\"@id\":\"https:\\\/\\\/bas-tv.md\\\/ro\\\/#\\\/schema\\\/logo\\\/image\\\/\",\"url\":\"https:\\\/\\\/bas-tv.md\\\/wp-content\\\/uploads\\\/2023\\\/05\\\/bas-tv-culoarea-rosie.png\",\"contentUrl\":\"https:\\\/\\\/bas-tv.md\\\/wp-content\\\/uploads\\\/2023\\\/05\\\/bas-tv-culoarea-rosie.png\",\"width\":202,\"height\":50,\"caption\":\"BasTV\"},\"image\":{\"@id\":\"https:\\\/\\\/bas-tv.md\\\/ro\\\/#\\\/schema\\\/logo\\\/image\\\/\"}},{\"@type\":\"Person\",\"@id\":\"https:\\\/\\\/bas-tv.md\\\/ro\\\/#\\\/schema\\\/person\\\/8740f45ea2eca1f1695284fc03529af0\",\"name\":\"Redactor\",\"image\":{\"@type\":\"ImageObject\",\"inLanguage\":\"ro-RO\",\"@id\":\"https:\\\/\\\/secure.gravatar.com\\\/avatar\\\/45b6af9fc91c10b15a8b40e67c1f57bab2e9614fc9f0af95cf453d61934e9aad?s=96&d=mm&r=g\",\"url\":\"https:\\\/\\\/secure.gravatar.com\\\/avatar\\\/45b6af9fc91c10b15a8b40e67c1f57bab2e9614fc9f0af95cf453d61934e9aad?s=96&d=mm&r=g\",\"contentUrl\":\"https:\\\/\\\/secure.gravatar.com\\\/avatar\\\/45b6af9fc91c10b15a8b40e67c1f57bab2e9614fc9f0af95cf453d61934e9aad?s=96&d=mm&r=g\",\"caption\":\"Redactor\"},\"url\":\"https:\\\/\\\/bas-tv.md\\\/ro\\\/author\\\/redactor\\\/\"}]}<\/script>\n<!-- \/ Yoast SEO plugin. -->","yoast_head_json":{"title":"(VIDEO) Patru responsabilit\u0103\u021bi, un singur om. Student\u0103 la Drept \u0219i Limbi str\u0103ine, jurnalist\u0103 \u0219i mediator pentru comunitatea sa de romi - BasTV","description":"Student\u0103 la dou\u0103 facult\u0103\u021bi \u0219i cu dou\u0103 posturi de munc\u0103, unde se implic\u0103 cu dedica\u021bie. A\u0219a poate fi descris\u0103 Felicia Bludoi, o t\u00e2n\u0103r\u0103 ambi\u021bioas\u0103 din Comrat. La ai s\u0103i 23 de ani, Felicia e un reper pentru semeni \u0219i mai ales pentru tinerii de etnie rom\u0103, pentru care este un exemplu de succes \u00eentr-o societate plin\u0103 de prejudec\u0103\u021bi. Ace\u0219tia \u00eei admir\u0103 motiva\u021bia de a ac\u021biona nu doar pentru beneficiul propriu, dar \u0219i pentru confortul membrilor comunit\u0103\u021bii de romi din care face parte.","robots":{"index":"index","follow":"follow","max-snippet":"max-snippet:-1","max-image-preview":"max-image-preview:large","max-video-preview":"max-video-preview:-1"},"canonical":"https:\/\/bas-tv.md\/ro\/video-patru-responsabilitati-un-singur-om-studenta-la-drept-si-limbi-straine-jurnalista-si-mediator-pentru-comunitatea-sa-de-romi\/","og_locale":"ro_RO","og_type":"article","og_title":"(VIDEO) Patru responsabilit\u0103\u021bi, un singur om. Student\u0103 la Drept \u0219i Limbi str\u0103ine, jurnalist\u0103 \u0219i mediator pentru comunitatea sa de romi - BasTV","og_description":"Student\u0103 la dou\u0103 facult\u0103\u021bi \u0219i cu dou\u0103 posturi de munc\u0103, unde se implic\u0103 cu dedica\u021bie. A\u0219a poate fi descris\u0103 Felicia Bludoi, o t\u00e2n\u0103r\u0103 ambi\u021bioas\u0103 din Comrat. La ai s\u0103i 23 de ani, Felicia e un reper pentru semeni \u0219i mai ales pentru tinerii de etnie rom\u0103, pentru care este un exemplu de succes \u00eentr-o societate plin\u0103 de prejudec\u0103\u021bi. Ace\u0219tia \u00eei admir\u0103 motiva\u021bia de a ac\u021biona nu doar pentru beneficiul propriu, dar \u0219i pentru confortul membrilor comunit\u0103\u021bii de romi din care face parte.","og_url":"https:\/\/bas-tv.md\/ro\/video-patru-responsabilitati-un-singur-om-studenta-la-drept-si-limbi-straine-jurnalista-si-mediator-pentru-comunitatea-sa-de-romi\/","og_site_name":"BasTV","article_published_time":"2024-05-21T13:00:12+00:00","og_image":[{"width":878,"height":378,"url":"https:\/\/bas-tv.md\/wp-content\/uploads\/2024\/05\/screenshot_1-3.jpg","type":"image\/jpeg"}],"author":"Redactor","twitter_card":"summary_large_image","twitter_misc":{"Scris de":"Redactor","Timp estimat pentru citire":"3 minute"},"schema":{"@context":"https:\/\/schema.org","@graph":[{"@type":"Article","@id":"https:\/\/bas-tv.md\/ro\/video-patru-responsabilitati-un-singur-om-studenta-la-drept-si-limbi-straine-jurnalista-si-mediator-pentru-comunitatea-sa-de-romi\/#article","isPartOf":{"@id":"https:\/\/bas-tv.md\/ro\/video-patru-responsabilitati-un-singur-om-studenta-la-drept-si-limbi-straine-jurnalista-si-mediator-pentru-comunitatea-sa-de-romi\/"},"author":{"name":"Redactor","@id":"https:\/\/bas-tv.md\/ro\/#\/schema\/person\/8740f45ea2eca1f1695284fc03529af0"},"headline":"(VIDEO) Patru responsabilit\u0103\u021bi, un singur om. Student\u0103 la Drept \u0219i Limbi str\u0103ine, jurnalist\u0103 \u0219i mediator pentru comunitatea sa de romi","datePublished":"2024-05-21T13:00:12+00:00","mainEntityOfPage":{"@id":"https:\/\/bas-tv.md\/ro\/video-patru-responsabilitati-un-singur-om-studenta-la-drept-si-limbi-straine-jurnalista-si-mediator-pentru-comunitatea-sa-de-romi\/"},"wordCount":833,"publisher":{"@id":"https:\/\/bas-tv.md\/ro\/#organization"},"image":{"@id":"https:\/\/bas-tv.md\/ro\/video-patru-responsabilitati-un-singur-om-studenta-la-drept-si-limbi-straine-jurnalista-si-mediator-pentru-comunitatea-sa-de-romi\/#primaryimage"},"thumbnailUrl":"https:\/\/bas-tv.md\/wp-content\/uploads\/2024\/05\/screenshot_1-3.jpg","keywords":["Comrat","jurnalist\u0103","romi","Student\u0103","tinerii"],"articleSection":["Diverse","Istorii"],"inLanguage":"ro-RO"},{"@type":"WebPage","@id":"https:\/\/bas-tv.md\/ro\/video-patru-responsabilitati-un-singur-om-studenta-la-drept-si-limbi-straine-jurnalista-si-mediator-pentru-comunitatea-sa-de-romi\/","url":"https:\/\/bas-tv.md\/ro\/video-patru-responsabilitati-un-singur-om-studenta-la-drept-si-limbi-straine-jurnalista-si-mediator-pentru-comunitatea-sa-de-romi\/","name":"(VIDEO) Patru responsabilit\u0103\u021bi, un singur om. Student\u0103 la Drept \u0219i Limbi str\u0103ine, jurnalist\u0103 \u0219i mediator pentru comunitatea sa de romi - BasTV","isPartOf":{"@id":"https:\/\/bas-tv.md\/ro\/#website"},"primaryImageOfPage":{"@id":"https:\/\/bas-tv.md\/ro\/video-patru-responsabilitati-un-singur-om-studenta-la-drept-si-limbi-straine-jurnalista-si-mediator-pentru-comunitatea-sa-de-romi\/#primaryimage"},"image":{"@id":"https:\/\/bas-tv.md\/ro\/video-patru-responsabilitati-un-singur-om-studenta-la-drept-si-limbi-straine-jurnalista-si-mediator-pentru-comunitatea-sa-de-romi\/#primaryimage"},"thumbnailUrl":"https:\/\/bas-tv.md\/wp-content\/uploads\/2024\/05\/screenshot_1-3.jpg","datePublished":"2024-05-21T13:00:12+00:00","description":"Student\u0103 la dou\u0103 facult\u0103\u021bi \u0219i cu dou\u0103 posturi de munc\u0103, unde se implic\u0103 cu dedica\u021bie. A\u0219a poate fi descris\u0103 Felicia Bludoi, o t\u00e2n\u0103r\u0103 ambi\u021bioas\u0103 din Comrat. La ai s\u0103i 23 de ani, Felicia e un reper pentru semeni \u0219i mai ales pentru tinerii de etnie rom\u0103, pentru care este un exemplu de succes \u00eentr-o societate plin\u0103 de prejudec\u0103\u021bi. Ace\u0219tia \u00eei admir\u0103 motiva\u021bia de a ac\u021biona nu doar pentru beneficiul propriu, dar \u0219i pentru confortul membrilor comunit\u0103\u021bii de romi din care face parte.","inLanguage":"ro-RO","potentialAction":[{"@type":"ReadAction","target":["https:\/\/bas-tv.md\/ro\/video-patru-responsabilitati-un-singur-om-studenta-la-drept-si-limbi-straine-jurnalista-si-mediator-pentru-comunitatea-sa-de-romi\/"]}]},{"@type":"ImageObject","inLanguage":"ro-RO","@id":"https:\/\/bas-tv.md\/ro\/video-patru-responsabilitati-un-singur-om-studenta-la-drept-si-limbi-straine-jurnalista-si-mediator-pentru-comunitatea-sa-de-romi\/#primaryimage","url":"https:\/\/bas-tv.md\/wp-content\/uploads\/2024\/05\/screenshot_1-3.jpg","contentUrl":"https:\/\/bas-tv.md\/wp-content\/uploads\/2024\/05\/screenshot_1-3.jpg","width":878,"height":378,"caption":"Foto: screenshot"},{"@type":"WebSite","@id":"https:\/\/bas-tv.md\/ro\/#website","url":"https:\/\/bas-tv.md\/ro\/","name":"BasTV","description":"Moldova","publisher":{"@id":"https:\/\/bas-tv.md\/ro\/#organization"},"potentialAction":[{"@type":"SearchAction","target":{"@type":"EntryPoint","urlTemplate":"https:\/\/bas-tv.md\/ro\/?s={search_term_string}"},"query-input":{"@type":"PropertyValueSpecification","valueRequired":true,"valueName":"search_term_string"}}],"inLanguage":"ro-RO"},{"@type":"Organization","@id":"https:\/\/bas-tv.md\/ro\/#organization","name":"BasTV","url":"https:\/\/bas-tv.md\/ro\/","logo":{"@type":"ImageObject","inLanguage":"ro-RO","@id":"https:\/\/bas-tv.md\/ro\/#\/schema\/logo\/image\/","url":"https:\/\/bas-tv.md\/wp-content\/uploads\/2023\/05\/bas-tv-culoarea-rosie.png","contentUrl":"https:\/\/bas-tv.md\/wp-content\/uploads\/2023\/05\/bas-tv-culoarea-rosie.png","width":202,"height":50,"caption":"BasTV"},"image":{"@id":"https:\/\/bas-tv.md\/ro\/#\/schema\/logo\/image\/"}},{"@type":"Person","@id":"https:\/\/bas-tv.md\/ro\/#\/schema\/person\/8740f45ea2eca1f1695284fc03529af0","name":"Redactor","image":{"@type":"ImageObject","inLanguage":"ro-RO","@id":"https:\/\/secure.gravatar.com\/avatar\/45b6af9fc91c10b15a8b40e67c1f57bab2e9614fc9f0af95cf453d61934e9aad?s=96&d=mm&r=g","url":"https:\/\/secure.gravatar.com\/avatar\/45b6af9fc91c10b15a8b40e67c1f57bab2e9614fc9f0af95cf453d61934e9aad?s=96&d=mm&r=g","contentUrl":"https:\/\/secure.gravatar.com\/avatar\/45b6af9fc91c10b15a8b40e67c1f57bab2e9614fc9f0af95cf453d61934e9aad?s=96&d=mm&r=g","caption":"Redactor"},"url":"https:\/\/bas-tv.md\/ro\/author\/redactor\/"}]}},"views":387,"_links":{"self":[{"href":"https:\/\/bas-tv.md\/ro\/wp-json\/wp\/v2\/posts\/119601","targetHints":{"allow":["GET"]}}],"collection":[{"href":"https:\/\/bas-tv.md\/ro\/wp-json\/wp\/v2\/posts"}],"about":[{"href":"https:\/\/bas-tv.md\/ro\/wp-json\/wp\/v2\/types\/post"}],"author":[{"embeddable":true,"href":"https:\/\/bas-tv.md\/ro\/wp-json\/wp\/v2\/users\/3"}],"replies":[{"embeddable":true,"href":"https:\/\/bas-tv.md\/ro\/wp-json\/wp\/v2\/comments?post=119601"}],"version-history":[{"count":1,"href":"https:\/\/bas-tv.md\/ro\/wp-json\/wp\/v2\/posts\/119601\/revisions"}],"predecessor-version":[{"id":119604,"href":"https:\/\/bas-tv.md\/ro\/wp-json\/wp\/v2\/posts\/119601\/revisions\/119604"}],"wp:featuredmedia":[{"embeddable":true,"href":"https:\/\/bas-tv.md\/ro\/wp-json\/wp\/v2\/media\/119605"}],"wp:attachment":[{"href":"https:\/\/bas-tv.md\/ro\/wp-json\/wp\/v2\/media?parent=119601"}],"wp:term":[{"taxonomy":"category","embeddable":true,"href":"https:\/\/bas-tv.md\/ro\/wp-json\/wp\/v2\/categories?post=119601"},{"taxonomy":"post_tag","embeddable":true,"href":"https:\/\/bas-tv.md\/ro\/wp-json\/wp\/v2\/tags?post=119601"}],"curies":[{"name":"wp","href":"https:\/\/api.w.org\/{rel}","templated":true}]}}