{"id":121488,"date":"2024-06-12T20:30:08","date_gmt":"2024-06-12T17:30:08","guid":{"rendered":"https:\/\/bas-tv.md\/?p=121488"},"modified":"2024-06-14T13:14:14","modified_gmt":"2024-06-14T10:14:14","slug":"video-in-basarabeasca-a-avut-loc-competitia-regionala-de-tragere-la-tir-cine-sunt-castigatorii","status":"publish","type":"post","link":"https:\/\/bas-tv.md\/ro\/video-in-basarabeasca-a-avut-loc-competitia-regionala-de-tragere-la-tir-cine-sunt-castigatorii\/","title":{"rendered":"(VIDEO) \u00cen Basarabeasca a avut loc competi\u021bia regional\u0103 de tragere la tir. Cine sunt c\u00e2\u0219tig\u0103torii"},"content":{"rendered":"<p><strong>Zilele trecute, \u00een ora\u0219ul Basarabeasca s-a desf\u0103\u0219urat competi\u021bia regional\u0103 de tragere la tir. La eveniment au participat echipe de luneti\u0219ti din 12 raioane din sudul \u021b\u0103rii, inclusiv din Basarabeasca. Cine a c\u00e2\u0219tigat \u00een aceast\u0103 competi\u021bia \u0219i cum a avut loc totul, pute\u021bi urm\u0103ri \u00een reportajul coresponden\u021bilor BAStv.<\/strong><\/p>\n<p>Competi\u021bia regional\u0103 de tragere la tir a adunat \u00een Basarabeasca zeci de v\u00e2n\u0103tori. Concursul s-a desf\u0103\u0219urat pe poligonul sportiv \u00een aer liber. \u00cenainte de \u00eenceperea competi\u021biei, a fost sus\u021binut un scurt instructaj privind tehnica de siguran\u021b\u0103. Dup\u0103 aceea, participan\u021bii au \u00eenceput competi\u021biile.<\/p>\n<p>\u00cen clasamentul pe echipe, locul al treilea a fost ocupat de v\u00e2n\u0103torii din raionul Cahul. Pe locul al doilea s-a clasat echipa din raionul \u0218tefan Vod\u0103, iar Primul loc a fost c\u00e2\u0219tigat de gazdele competi\u021biei \u2013 luneti\u0219tii din raionul Basarabeasca.<\/p>\n<p>\u00cen clasamentul individual, locul al treilea a fost ocupat de Chiril Ro\u0219ca, un lunetist din \u0218tefan Vod\u0103. Locul al doilea a fost ocupat de Vitalie Petcu din raionul Cahul. Pe primul loc s-a clasat v\u00e2n\u0103torul Denis Litovcenco din Basarabeasca. Potrivit lui, victoria a fost o surpriz\u0103 pl\u0103cut\u0103 pentru el.<\/p>\n<p>Participan\u021bii la competi\u021bie au fost sus\u021binu\u021bi de al\u021bi v\u00e2n\u0103tori \u0219i de simpli iubitori ai acestui sport.<\/p>\n<p>Dup\u0103 competi\u021bie, to\u021bi participan\u021bii au fost invita\u021bi la mas\u0103, unde a fost preg\u0103tit\u0103 o adev\u0103rat\u0103 sup\u0103 de v\u00e2n\u0103toare.<\/p>\n<p><iframe title=\"\u00cen Basarabeasca a avut loc competi\u021bia regional\u0103 de tragere la tir. Cine sunt c\u00e2\u0219tig\u0103torii\" width=\"580\" height=\"326\" src=\"https:\/\/www.youtube.com\/embed\/ua_q5b9sEd0?feature=oembed\" frameborder=\"0\" allow=\"accelerometer; autoplay; clipboard-write; encrypted-media; gyroscope; picture-in-picture; web-share\" referrerpolicy=\"strict-origin-when-cross-origin\" allowfullscreen><\/iframe><\/p>\n<p><strong>Sus\u021bine\u021bi redac\u021bia BAStv, abona\u021bi-v\u0103 la noi pe platforma\u00a0<a href=\"https:\/\/www.patreon.com\/BAStv?fan_landing=true&amp;fbclid=IwAR3MeSDKfH4ixBydCXX9D1lhrCszhps3ID5uxuGA-Ktd4MTkZCRdlcEZkQI\">Patreon\u00a0<\/a>sau prin efectuarea contribu\u021biilor prin\u00a0<a href=\"https:\/\/www.paypal.com\/paypalme\/supportbastv\">PayPal<\/a>! Aceasta ne va ajuta s\u0103 cre\u0103m con\u021binut interesant \u0219i util pentru dvs., r\u0103m\u00e2n\u00e2nd \u00een continuare o platform\u0103 media independent\u0103.<\/strong><\/p>\n<p><b>Abona\u021bi-v\u0103 la noi pe re\u021bele sociale:\u00a0<\/b><a href=\"https:\/\/t.me\/bastvmd\"><b><i>Telegram<\/i><\/b><\/a><b>,\u00a0<\/b><a href=\"https:\/\/www.youtube.com\/channel\/UC-9005PnLnhpNM8PVSjP2dQ\/featured\"><b><i>YouTube<\/i><\/b><\/a><b>,\u00a0<\/b><a href=\"https:\/\/www.facebook.com\/bastv.md\"><b><i>Facebook<\/i><\/b><\/a>\u00a0<strong>\u0219i\u00a0<\/strong><a href=\"https:\/\/www.instagram.com\/bastv.md\/\"><b><i>Instagram<\/i><\/b><\/a><b>. Aici public\u0103m \u0219tiri pe scurt!<\/b><\/p>\n","protected":false},"excerpt":{"rendered":"<p>Zilele trecute, \u00een ora\u0219ul Basarabeasca s-a desf\u0103\u0219urat competi\u021bia regional\u0103 de tragere la tir. La eveniment au participat echipe de luneti\u0219ti din 12 raioane din sudul \u021b\u0103rii, inclusiv din Basarabeasca. Cine a c\u00e2\u0219tigat \u00een aceast\u0103 competi\u021bia \u0219i cum a avut loc totul, pute\u021bi urm\u0103ri \u00een reportajul coresponden\u021bilor BAStv. Competi\u021bia regional\u0103 de tragere la tir a adunat [&hellip;]<\/p>\n","protected":false},"author":3,"featured_media":121494,"comment_status":"closed","ping_status":"closed","sticky":false,"template":"","format":"standard","meta":{"footnotes":""},"categories":[602,569],"tags":[693,2506,700,755,2738,2736,2737,2735],"class_list":["post-121488","post","type-post","status-publish","format-standard","has-post-thumbnail","hentry","category-actualitate","category-in-basarabeasca","tag-basarabeasca-ro","tag-competitie","tag-concurs-ro","tag-in-basarabeasca","tag-lunetist","tag-puscas","tag-tragator","tag-vanatoare"],"yoast_head":"<!-- This site is optimized with the Yoast SEO plugin v27.5 - https:\/\/yoast.com\/product\/yoast-seo-wordpress\/ -->\n<title>(VIDEO) \u00cen Basarabeasca a avut loc competi\u021bia regional\u0103 de tragere la tir. Cine sunt c\u00e2\u0219tig\u0103torii - BasTV<\/title>\n<meta name=\"description\" content=\"Zilele trecute, \u00een ora\u0219ul Basarabeasca s-a desf\u0103\u0219urat competi\u021bia regional\u0103 de tragere la tir. La eveniment au participat echipe de lune\u0219ti din 12 raioane din sudul \u021b\u0103rii, inclusiv din Basarabeasca. Cine a c\u00e2\u0219tigat \u00een aceast\u0103 competi\u021bia \u0219i cum a vut loc totul, pute\u021bi urm\u0103ri \u00een reportajul coresponden\u021bilor BAStv.\" \/>\n<meta name=\"robots\" content=\"index, follow, max-snippet:-1, max-image-preview:large, max-video-preview:-1\" \/>\n<link rel=\"canonical\" href=\"https:\/\/bas-tv.md\/ro\/video-in-basarabeasca-a-avut-loc-competitia-regionala-de-tragere-la-tir-cine-sunt-castigatorii\/\" \/>\n<meta property=\"og:locale\" content=\"ro_RO\" \/>\n<meta property=\"og:type\" content=\"article\" \/>\n<meta property=\"og:title\" content=\"(VIDEO) \u00cen Basarabeasca a avut loc competi\u021bia regional\u0103 de tragere la tir. Cine sunt c\u00e2\u0219tig\u0103torii - BasTV\" \/>\n<meta property=\"og:description\" content=\"Zilele trecute, \u00een ora\u0219ul Basarabeasca s-a desf\u0103\u0219urat competi\u021bia regional\u0103 de tragere la tir. La eveniment au participat echipe de lune\u0219ti din 12 raioane din sudul \u021b\u0103rii, inclusiv din Basarabeasca. Cine a c\u00e2\u0219tigat \u00een aceast\u0103 competi\u021bia \u0219i cum a vut loc totul, pute\u021bi urm\u0103ri \u00een reportajul coresponden\u021bilor BAStv.\" \/>\n<meta property=\"og:url\" content=\"https:\/\/bas-tv.md\/ro\/video-in-basarabeasca-a-avut-loc-competitia-regionala-de-tragere-la-tir-cine-sunt-castigatorii\/\" \/>\n<meta property=\"og:site_name\" content=\"BasTV\" \/>\n<meta property=\"article:published_time\" content=\"2024-06-12T17:30:08+00:00\" \/>\n<meta property=\"article:modified_time\" content=\"2024-06-14T10:14:14+00:00\" \/>\n<meta property=\"og:image\" content=\"https:\/\/bas-tv.md\/wp-content\/uploads\/2024\/06\/bastv-oblozhki.png\" \/>\n\t<meta property=\"og:image:width\" content=\"1280\" \/>\n\t<meta property=\"og:image:height\" content=\"720\" \/>\n\t<meta property=\"og:image:type\" content=\"image\/png\" \/>\n<meta name=\"author\" content=\"Redactor\" \/>\n<meta name=\"twitter:card\" content=\"summary_large_image\" \/>\n<meta name=\"twitter:label1\" content=\"Scris de\" \/>\n\t<meta name=\"twitter:data1\" content=\"Redactor\" \/>\n\t<meta name=\"twitter:label2\" content=\"Timp estimat pentru citire\" \/>\n\t<meta name=\"twitter:data2\" content=\"2 minute\" \/>\n<script type=\"application\/ld+json\" class=\"yoast-schema-graph\">{\"@context\":\"https:\\\/\\\/schema.org\",\"@graph\":[{\"@type\":\"Article\",\"@id\":\"https:\\\/\\\/bas-tv.md\\\/ro\\\/video-in-basarabeasca-a-avut-loc-competitia-regionala-de-tragere-la-tir-cine-sunt-castigatorii\\\/#article\",\"isPartOf\":{\"@id\":\"https:\\\/\\\/bas-tv.md\\\/ro\\\/video-in-basarabeasca-a-avut-loc-competitia-regionala-de-tragere-la-tir-cine-sunt-castigatorii\\\/\"},\"author\":{\"name\":\"Redactor\",\"@id\":\"https:\\\/\\\/bas-tv.md\\\/ro\\\/#\\\/schema\\\/person\\\/8740f45ea2eca1f1695284fc03529af0\"},\"headline\":\"(VIDEO) \u00cen Basarabeasca a avut loc competi\u021bia regional\u0103 de tragere la tir. Cine sunt c\u00e2\u0219tig\u0103torii\",\"datePublished\":\"2024-06-12T17:30:08+00:00\",\"dateModified\":\"2024-06-14T10:14:14+00:00\",\"mainEntityOfPage\":{\"@id\":\"https:\\\/\\\/bas-tv.md\\\/ro\\\/video-in-basarabeasca-a-avut-loc-competitia-regionala-de-tragere-la-tir-cine-sunt-castigatorii\\\/\"},\"wordCount\":339,\"publisher\":{\"@id\":\"https:\\\/\\\/bas-tv.md\\\/ro\\\/#organization\"},\"image\":{\"@id\":\"https:\\\/\\\/bas-tv.md\\\/ro\\\/video-in-basarabeasca-a-avut-loc-competitia-regionala-de-tragere-la-tir-cine-sunt-castigatorii\\\/#primaryimage\"},\"thumbnailUrl\":\"https:\\\/\\\/bas-tv.md\\\/wp-content\\\/uploads\\\/2024\\\/06\\\/bastv-oblozhki.png\",\"keywords\":[\"Basarabeasca\",\"competi\u021bie\",\"concurs\",\"\u00een Basarabeasca\",\"lunetist\",\"pu\u0219ca\u0219\",\"tr\u0103g\u0103tor\",\"v\u00e2n\u0103toare\"],\"articleSection\":[\"Actualitate\",\"\u00cen Basarabeasca\"],\"inLanguage\":\"ro-RO\"},{\"@type\":\"WebPage\",\"@id\":\"https:\\\/\\\/bas-tv.md\\\/ro\\\/video-in-basarabeasca-a-avut-loc-competitia-regionala-de-tragere-la-tir-cine-sunt-castigatorii\\\/\",\"url\":\"https:\\\/\\\/bas-tv.md\\\/ro\\\/video-in-basarabeasca-a-avut-loc-competitia-regionala-de-tragere-la-tir-cine-sunt-castigatorii\\\/\",\"name\":\"(VIDEO) \u00cen Basarabeasca a avut loc competi\u021bia regional\u0103 de tragere la tir. Cine sunt c\u00e2\u0219tig\u0103torii - BasTV\",\"isPartOf\":{\"@id\":\"https:\\\/\\\/bas-tv.md\\\/ro\\\/#website\"},\"primaryImageOfPage\":{\"@id\":\"https:\\\/\\\/bas-tv.md\\\/ro\\\/video-in-basarabeasca-a-avut-loc-competitia-regionala-de-tragere-la-tir-cine-sunt-castigatorii\\\/#primaryimage\"},\"image\":{\"@id\":\"https:\\\/\\\/bas-tv.md\\\/ro\\\/video-in-basarabeasca-a-avut-loc-competitia-regionala-de-tragere-la-tir-cine-sunt-castigatorii\\\/#primaryimage\"},\"thumbnailUrl\":\"https:\\\/\\\/bas-tv.md\\\/wp-content\\\/uploads\\\/2024\\\/06\\\/bastv-oblozhki.png\",\"datePublished\":\"2024-06-12T17:30:08+00:00\",\"dateModified\":\"2024-06-14T10:14:14+00:00\",\"description\":\"Zilele trecute, \u00een ora\u0219ul Basarabeasca s-a desf\u0103\u0219urat competi\u021bia regional\u0103 de tragere la tir. La eveniment au participat echipe de lune\u0219ti din 12 raioane din sudul \u021b\u0103rii, inclusiv din Basarabeasca. Cine a c\u00e2\u0219tigat \u00een aceast\u0103 competi\u021bia \u0219i cum a vut loc totul, pute\u021bi urm\u0103ri \u00een reportajul coresponden\u021bilor BAStv.\",\"inLanguage\":\"ro-RO\",\"potentialAction\":[{\"@type\":\"ReadAction\",\"target\":[\"https:\\\/\\\/bas-tv.md\\\/ro\\\/video-in-basarabeasca-a-avut-loc-competitia-regionala-de-tragere-la-tir-cine-sunt-castigatorii\\\/\"]}]},{\"@type\":\"ImageObject\",\"inLanguage\":\"ro-RO\",\"@id\":\"https:\\\/\\\/bas-tv.md\\\/ro\\\/video-in-basarabeasca-a-avut-loc-competitia-regionala-de-tragere-la-tir-cine-sunt-castigatorii\\\/#primaryimage\",\"url\":\"https:\\\/\\\/bas-tv.md\\\/wp-content\\\/uploads\\\/2024\\\/06\\\/bastv-oblozhki.png\",\"contentUrl\":\"https:\\\/\\\/bas-tv.md\\\/wp-content\\\/uploads\\\/2024\\\/06\\\/bastv-oblozhki.png\",\"width\":1280,\"height\":720},{\"@type\":\"WebSite\",\"@id\":\"https:\\\/\\\/bas-tv.md\\\/ro\\\/#website\",\"url\":\"https:\\\/\\\/bas-tv.md\\\/ro\\\/\",\"name\":\"BasTV\",\"description\":\"Moldova\",\"publisher\":{\"@id\":\"https:\\\/\\\/bas-tv.md\\\/ro\\\/#organization\"},\"potentialAction\":[{\"@type\":\"SearchAction\",\"target\":{\"@type\":\"EntryPoint\",\"urlTemplate\":\"https:\\\/\\\/bas-tv.md\\\/ro\\\/?s={search_term_string}\"},\"query-input\":{\"@type\":\"PropertyValueSpecification\",\"valueRequired\":true,\"valueName\":\"search_term_string\"}}],\"inLanguage\":\"ro-RO\"},{\"@type\":\"Organization\",\"@id\":\"https:\\\/\\\/bas-tv.md\\\/ro\\\/#organization\",\"name\":\"BasTV\",\"url\":\"https:\\\/\\\/bas-tv.md\\\/ro\\\/\",\"logo\":{\"@type\":\"ImageObject\",\"inLanguage\":\"ro-RO\",\"@id\":\"https:\\\/\\\/bas-tv.md\\\/ro\\\/#\\\/schema\\\/logo\\\/image\\\/\",\"url\":\"https:\\\/\\\/bas-tv.md\\\/wp-content\\\/uploads\\\/2023\\\/05\\\/bas-tv-culoarea-rosie.png\",\"contentUrl\":\"https:\\\/\\\/bas-tv.md\\\/wp-content\\\/uploads\\\/2023\\\/05\\\/bas-tv-culoarea-rosie.png\",\"width\":202,\"height\":50,\"caption\":\"BasTV\"},\"image\":{\"@id\":\"https:\\\/\\\/bas-tv.md\\\/ro\\\/#\\\/schema\\\/logo\\\/image\\\/\"}},{\"@type\":\"Person\",\"@id\":\"https:\\\/\\\/bas-tv.md\\\/ro\\\/#\\\/schema\\\/person\\\/8740f45ea2eca1f1695284fc03529af0\",\"name\":\"Redactor\",\"image\":{\"@type\":\"ImageObject\",\"inLanguage\":\"ro-RO\",\"@id\":\"https:\\\/\\\/bas-tv.md\\\/wp-content\\\/litespeed\\\/avatar\\\/91c0586f3f6f4396a4ec1287c965eeeb.jpg?ver=1777555749\",\"url\":\"https:\\\/\\\/bas-tv.md\\\/wp-content\\\/litespeed\\\/avatar\\\/91c0586f3f6f4396a4ec1287c965eeeb.jpg?ver=1777555749\",\"contentUrl\":\"https:\\\/\\\/bas-tv.md\\\/wp-content\\\/litespeed\\\/avatar\\\/91c0586f3f6f4396a4ec1287c965eeeb.jpg?ver=1777555749\",\"caption\":\"Redactor\"},\"url\":\"https:\\\/\\\/bas-tv.md\\\/ro\\\/author\\\/redactor\\\/\"}]}<\/script>\n<!-- \/ Yoast SEO plugin. -->","yoast_head_json":{"title":"(VIDEO) \u00cen Basarabeasca a avut loc competi\u021bia regional\u0103 de tragere la tir. Cine sunt c\u00e2\u0219tig\u0103torii - BasTV","description":"Zilele trecute, \u00een ora\u0219ul Basarabeasca s-a desf\u0103\u0219urat competi\u021bia regional\u0103 de tragere la tir. La eveniment au participat echipe de lune\u0219ti din 12 raioane din sudul \u021b\u0103rii, inclusiv din Basarabeasca. Cine a c\u00e2\u0219tigat \u00een aceast\u0103 competi\u021bia \u0219i cum a vut loc totul, pute\u021bi urm\u0103ri \u00een reportajul coresponden\u021bilor BAStv.","robots":{"index":"index","follow":"follow","max-snippet":"max-snippet:-1","max-image-preview":"max-image-preview:large","max-video-preview":"max-video-preview:-1"},"canonical":"https:\/\/bas-tv.md\/ro\/video-in-basarabeasca-a-avut-loc-competitia-regionala-de-tragere-la-tir-cine-sunt-castigatorii\/","og_locale":"ro_RO","og_type":"article","og_title":"(VIDEO) \u00cen Basarabeasca a avut loc competi\u021bia regional\u0103 de tragere la tir. Cine sunt c\u00e2\u0219tig\u0103torii - BasTV","og_description":"Zilele trecute, \u00een ora\u0219ul Basarabeasca s-a desf\u0103\u0219urat competi\u021bia regional\u0103 de tragere la tir. La eveniment au participat echipe de lune\u0219ti din 12 raioane din sudul \u021b\u0103rii, inclusiv din Basarabeasca. Cine a c\u00e2\u0219tigat \u00een aceast\u0103 competi\u021bia \u0219i cum a vut loc totul, pute\u021bi urm\u0103ri \u00een reportajul coresponden\u021bilor BAStv.","og_url":"https:\/\/bas-tv.md\/ro\/video-in-basarabeasca-a-avut-loc-competitia-regionala-de-tragere-la-tir-cine-sunt-castigatorii\/","og_site_name":"BasTV","article_published_time":"2024-06-12T17:30:08+00:00","article_modified_time":"2024-06-14T10:14:14+00:00","og_image":[{"width":1280,"height":720,"url":"https:\/\/bas-tv.md\/wp-content\/uploads\/2024\/06\/bastv-oblozhki.png","type":"image\/png"}],"author":"Redactor","twitter_card":"summary_large_image","twitter_misc":{"Scris de":"Redactor","Timp estimat pentru citire":"2 minute"},"schema":{"@context":"https:\/\/schema.org","@graph":[{"@type":"Article","@id":"https:\/\/bas-tv.md\/ro\/video-in-basarabeasca-a-avut-loc-competitia-regionala-de-tragere-la-tir-cine-sunt-castigatorii\/#article","isPartOf":{"@id":"https:\/\/bas-tv.md\/ro\/video-in-basarabeasca-a-avut-loc-competitia-regionala-de-tragere-la-tir-cine-sunt-castigatorii\/"},"author":{"name":"Redactor","@id":"https:\/\/bas-tv.md\/ro\/#\/schema\/person\/8740f45ea2eca1f1695284fc03529af0"},"headline":"(VIDEO) \u00cen Basarabeasca a avut loc competi\u021bia regional\u0103 de tragere la tir. Cine sunt c\u00e2\u0219tig\u0103torii","datePublished":"2024-06-12T17:30:08+00:00","dateModified":"2024-06-14T10:14:14+00:00","mainEntityOfPage":{"@id":"https:\/\/bas-tv.md\/ro\/video-in-basarabeasca-a-avut-loc-competitia-regionala-de-tragere-la-tir-cine-sunt-castigatorii\/"},"wordCount":339,"publisher":{"@id":"https:\/\/bas-tv.md\/ro\/#organization"},"image":{"@id":"https:\/\/bas-tv.md\/ro\/video-in-basarabeasca-a-avut-loc-competitia-regionala-de-tragere-la-tir-cine-sunt-castigatorii\/#primaryimage"},"thumbnailUrl":"https:\/\/bas-tv.md\/wp-content\/uploads\/2024\/06\/bastv-oblozhki.png","keywords":["Basarabeasca","competi\u021bie","concurs","\u00een Basarabeasca","lunetist","pu\u0219ca\u0219","tr\u0103g\u0103tor","v\u00e2n\u0103toare"],"articleSection":["Actualitate","\u00cen Basarabeasca"],"inLanguage":"ro-RO"},{"@type":"WebPage","@id":"https:\/\/bas-tv.md\/ro\/video-in-basarabeasca-a-avut-loc-competitia-regionala-de-tragere-la-tir-cine-sunt-castigatorii\/","url":"https:\/\/bas-tv.md\/ro\/video-in-basarabeasca-a-avut-loc-competitia-regionala-de-tragere-la-tir-cine-sunt-castigatorii\/","name":"(VIDEO) \u00cen Basarabeasca a avut loc competi\u021bia regional\u0103 de tragere la tir. Cine sunt c\u00e2\u0219tig\u0103torii - BasTV","isPartOf":{"@id":"https:\/\/bas-tv.md\/ro\/#website"},"primaryImageOfPage":{"@id":"https:\/\/bas-tv.md\/ro\/video-in-basarabeasca-a-avut-loc-competitia-regionala-de-tragere-la-tir-cine-sunt-castigatorii\/#primaryimage"},"image":{"@id":"https:\/\/bas-tv.md\/ro\/video-in-basarabeasca-a-avut-loc-competitia-regionala-de-tragere-la-tir-cine-sunt-castigatorii\/#primaryimage"},"thumbnailUrl":"https:\/\/bas-tv.md\/wp-content\/uploads\/2024\/06\/bastv-oblozhki.png","datePublished":"2024-06-12T17:30:08+00:00","dateModified":"2024-06-14T10:14:14+00:00","description":"Zilele trecute, \u00een ora\u0219ul Basarabeasca s-a desf\u0103\u0219urat competi\u021bia regional\u0103 de tragere la tir. La eveniment au participat echipe de lune\u0219ti din 12 raioane din sudul \u021b\u0103rii, inclusiv din Basarabeasca. Cine a c\u00e2\u0219tigat \u00een aceast\u0103 competi\u021bia \u0219i cum a vut loc totul, pute\u021bi urm\u0103ri \u00een reportajul coresponden\u021bilor BAStv.","inLanguage":"ro-RO","potentialAction":[{"@type":"ReadAction","target":["https:\/\/bas-tv.md\/ro\/video-in-basarabeasca-a-avut-loc-competitia-regionala-de-tragere-la-tir-cine-sunt-castigatorii\/"]}]},{"@type":"ImageObject","inLanguage":"ro-RO","@id":"https:\/\/bas-tv.md\/ro\/video-in-basarabeasca-a-avut-loc-competitia-regionala-de-tragere-la-tir-cine-sunt-castigatorii\/#primaryimage","url":"https:\/\/bas-tv.md\/wp-content\/uploads\/2024\/06\/bastv-oblozhki.png","contentUrl":"https:\/\/bas-tv.md\/wp-content\/uploads\/2024\/06\/bastv-oblozhki.png","width":1280,"height":720},{"@type":"WebSite","@id":"https:\/\/bas-tv.md\/ro\/#website","url":"https:\/\/bas-tv.md\/ro\/","name":"BasTV","description":"Moldova","publisher":{"@id":"https:\/\/bas-tv.md\/ro\/#organization"},"potentialAction":[{"@type":"SearchAction","target":{"@type":"EntryPoint","urlTemplate":"https:\/\/bas-tv.md\/ro\/?s={search_term_string}"},"query-input":{"@type":"PropertyValueSpecification","valueRequired":true,"valueName":"search_term_string"}}],"inLanguage":"ro-RO"},{"@type":"Organization","@id":"https:\/\/bas-tv.md\/ro\/#organization","name":"BasTV","url":"https:\/\/bas-tv.md\/ro\/","logo":{"@type":"ImageObject","inLanguage":"ro-RO","@id":"https:\/\/bas-tv.md\/ro\/#\/schema\/logo\/image\/","url":"https:\/\/bas-tv.md\/wp-content\/uploads\/2023\/05\/bas-tv-culoarea-rosie.png","contentUrl":"https:\/\/bas-tv.md\/wp-content\/uploads\/2023\/05\/bas-tv-culoarea-rosie.png","width":202,"height":50,"caption":"BasTV"},"image":{"@id":"https:\/\/bas-tv.md\/ro\/#\/schema\/logo\/image\/"}},{"@type":"Person","@id":"https:\/\/bas-tv.md\/ro\/#\/schema\/person\/8740f45ea2eca1f1695284fc03529af0","name":"Redactor","image":{"@type":"ImageObject","inLanguage":"ro-RO","@id":"https:\/\/bas-tv.md\/wp-content\/litespeed\/avatar\/91c0586f3f6f4396a4ec1287c965eeeb.jpg?ver=1777555749","url":"https:\/\/bas-tv.md\/wp-content\/litespeed\/avatar\/91c0586f3f6f4396a4ec1287c965eeeb.jpg?ver=1777555749","contentUrl":"https:\/\/bas-tv.md\/wp-content\/litespeed\/avatar\/91c0586f3f6f4396a4ec1287c965eeeb.jpg?ver=1777555749","caption":"Redactor"},"url":"https:\/\/bas-tv.md\/ro\/author\/redactor\/"}]}},"views":582,"_links":{"self":[{"href":"https:\/\/bas-tv.md\/ro\/wp-json\/wp\/v2\/posts\/121488","targetHints":{"allow":["GET"]}}],"collection":[{"href":"https:\/\/bas-tv.md\/ro\/wp-json\/wp\/v2\/posts"}],"about":[{"href":"https:\/\/bas-tv.md\/ro\/wp-json\/wp\/v2\/types\/post"}],"author":[{"embeddable":true,"href":"https:\/\/bas-tv.md\/ro\/wp-json\/wp\/v2\/users\/3"}],"replies":[{"embeddable":true,"href":"https:\/\/bas-tv.md\/ro\/wp-json\/wp\/v2\/comments?post=121488"}],"version-history":[{"count":6,"href":"https:\/\/bas-tv.md\/ro\/wp-json\/wp\/v2\/posts\/121488\/revisions"}],"predecessor-version":[{"id":121690,"href":"https:\/\/bas-tv.md\/ro\/wp-json\/wp\/v2\/posts\/121488\/revisions\/121690"}],"wp:featuredmedia":[{"embeddable":true,"href":"https:\/\/bas-tv.md\/ro\/wp-json\/wp\/v2\/media\/121494"}],"wp:attachment":[{"href":"https:\/\/bas-tv.md\/ro\/wp-json\/wp\/v2\/media?parent=121488"}],"wp:term":[{"taxonomy":"category","embeddable":true,"href":"https:\/\/bas-tv.md\/ro\/wp-json\/wp\/v2\/categories?post=121488"},{"taxonomy":"post_tag","embeddable":true,"href":"https:\/\/bas-tv.md\/ro\/wp-json\/wp\/v2\/tags?post=121488"}],"curies":[{"name":"wp","href":"https:\/\/api.w.org\/{rel}","templated":true}]}}