{"id":121796,"date":"2024-06-17T20:00:04","date_gmt":"2024-06-17T17:00:04","guid":{"rendered":"https:\/\/bas-tv.md\/?p=121796"},"modified":"2024-06-21T11:54:13","modified_gmt":"2024-06-21T08:54:13","slug":"video-traininguri-privind-combaterea-dezinformarii-in-scolile-din-raionul-basarabeasca-de-la-redactia-bastv","status":"publish","type":"post","link":"https:\/\/bas-tv.md\/ro\/video-traininguri-privind-combaterea-dezinformarii-in-scolile-din-raionul-basarabeasca-de-la-redactia-bastv\/","title":{"rendered":"(VIDEO) Traininguri privind combaterea dezinform\u0103rii \u00een \u0219colile din raionul Basarabeasca de la redac\u021bia BAStv"},"content":{"rendered":"<p><strong>Timp de trei s\u0103pt\u0103m\u00e2ni, redac\u021bia BAStv a def\u0103\u0219urat traininguri educa\u021bionale privind combaterea dezinform\u0103rii \u0219i a manipul\u0103rii \u00een mediul online. Ele au avut loc \u00een toate \u0219colile din raionul Basarabeasca, iar \u00een calitate de instructori au fost tinerii jurnali\u0219ti. Cum au avut loc instruirile, urm\u0103ri\u021bi \u00een acest material.<\/strong><\/p>\n<p>\u201eConsolidarea rezilien\u021bei tinerilor la dezinfomare\u201d. Sub un astfel de slogan, redac\u021bia BAStv, \u00eempreun\u0103 cu tinerii jurnali\u0219ti, au desf\u0103\u0219urat o serie de traininguri informative \u00een toate \u0219colile raionului Basarabeasca. Acestea au avut loc timp de 3 s\u0103pt\u0103m\u00e2ni, de-a lungul lunii mai.<\/p>\n<p>\u00cen calitate de mentori au fost tinerii din redac\u021bie, care au realizat prezent\u0103ri pe diferite subiecte importante. \u00cent\u00e2i de toate, ei au fost instrui\u021bi \u00een acest domeniu.<\/p>\n<p>Pentru a deveni traineri, membrii redac\u021biei de tineret au urmat o preg\u0103tire preliminar\u0103 cu experta media Lilia Zaharia \u0219i cu jurnalista Iuliana Ignatieva. Fiecare instruire realizat\u0103 \u00een \u0219coli a fost desf\u0103\u0219urat\u0103 de c\u00e2te 2 traineri, fiind coordona\u021bi \u0219i de c\u0103tre 2 mentori din redac\u021bie. Instructorii \u0219i-au planificat din timp sarcinile \u0219i obiectivele pentru training, astfel \u00eenc\u00e2t s\u0103 fie abordate toate subiectele propuse.<\/p>\n<p>\u00cen acest mod, trainerii de alfabetizare digital\u0103 au petrecut ateliere informative \u00een toate \u0219colile din raion. Potrivit lor, experien\u021ba c\u0103p\u0103tat\u0103 i-a ajutat foarte mult \u0219i, chiar dac\u0103 la \u00eenceput le-a fost fric\u0103, ulterior s-au sim\u021bit mai \u00eencrez\u0103tori.<\/p>\n<p>Trainingurile au fost desf\u0103\u0219urate \u00een dou\u0103 etape, partea teoretic\u0103, \u00een care a fost prezentat\u0103 informa\u021bia, \u0219i exerci\u021biul practic, unde elevii au putut realiza diferite materiale multimedia, precum publica\u021bii pentru re\u021belele de socializare, desene sau postere. Potrivit participan\u021bilor, trainingul a fost destul de interactiv \u0219i util.<\/p>\n<p>De asemenea, potrivit rezultatelor chestionarelor completate de elevi la finalul fiec\u0103rui training, cele mai interesante subiecte au fost testul \u201eProfilul pe re\u021belele de socializare\u201d, modul \u00een care po\u021bi recunoa\u0219te \u0219tirile false, ce reprezint\u0103 mass-media \u0219i metoda prin care putem distinge un profil fals de cel real. Tinerii sus\u021bin c\u0103 alfabetizarea digital\u0103 este un lucru important pentru a diminua impactul dezinform\u0103rii.<\/p>\n<p>Aceste traininguri au fost realizate \u00een cadrul programului de activism digital \u201eConsolidarea rezilien\u021bei tinerilor la dezinfomare\u201d, organizate de redac\u021bia BAStv cu sprijinul TechSoup Network.<\/p>\n<p><iframe title=\"Traininguri privind combaterea dezinform\u0103rii \u00een \u0219colile din r-l Basarabeasca de la redac\u021bia BAStv\" width=\"580\" height=\"326\" src=\"https:\/\/www.youtube.com\/embed\/3pOG4k4sZBw?feature=oembed\" frameborder=\"0\" allow=\"accelerometer; autoplay; clipboard-write; encrypted-media; gyroscope; picture-in-picture; web-share\" referrerpolicy=\"strict-origin-when-cross-origin\" allowfullscreen><\/iframe><\/p>\n<div class=\"elementor-element elementor-element-5fc6b9d elementor-widget elementor-widget-theme-post-content\" data-id=\"5fc6b9d\" data-element_type=\"widget\" data-widget_type=\"theme-post-content.default\">\n<div class=\"elementor-widget-container\">\n<p><strong>Sus\u021bine\u021bi redac\u021bia BAStv, abona\u021bi-v\u0103 la noi pe platforma\u00a0<a href=\"https:\/\/www.patreon.com\/BAStv?fan_landing=true&amp;fbclid=IwAR3MeSDKfH4ixBydCXX9D1lhrCszhps3ID5uxuGA-Ktd4MTkZCRdlcEZkQI\">Patreon\u00a0<\/a>sau prin efectuarea contribu\u021biilor prin\u00a0<a href=\"https:\/\/www.paypal.com\/paypalme\/supportbastv\">PayPal<\/a>! Aceasta ne va ajuta s\u0103 cre\u0103m con\u021binut interesant \u0219i util pentru dvs., r\u0103m\u00e2n\u00e2nd \u00een continuare o platform\u0103 media independent\u0103.<\/strong><\/p>\n<p><b>Abona\u021bi-v\u0103 la noi pe re\u021bele sociale:\u00a0<\/b><a href=\"https:\/\/t.me\/bastvmd\"><b><i>Telegram<\/i><\/b><\/a><b>,\u00a0<\/b><a href=\"https:\/\/www.youtube.com\/channel\/UC-9005PnLnhpNM8PVSjP2dQ\/featured\"><b><i>YouTube<\/i><\/b><\/a><b>,\u00a0<\/b><a href=\"https:\/\/www.facebook.com\/bastv.md\"><b><i>Facebook<\/i><\/b><\/a>\u00a0<strong>\u0219i\u00a0<\/strong><a href=\"https:\/\/www.instagram.com\/bastv.md\/\"><b><i>Instagram<\/i><\/b><\/a><b>. Aici public\u0103m \u0219tiri pe scurt!<\/b><\/p>\n<\/div>\n<\/div>\n","protected":false},"excerpt":{"rendered":"<p>Timp de trei s\u0103pt\u0103m\u00e2ni, redac\u021bia BAStv a def\u0103\u0219urat traininguri educa\u021bionale privind combaterea dezinform\u0103rii \u0219i a manipul\u0103rii \u00een mediul online. Ele au avut loc \u00een toate \u0219colile din raionul Basarabeasca, iar \u00een calitate de instructori au fost tinerii jurnali\u0219ti. Cum au avut loc instruirile, urm\u0103ri\u021bi \u00een acest material. \u201eConsolidarea rezilien\u021bei tinerilor la dezinfomare\u201d. Sub un astfel [&hellip;]<\/p>\n","protected":false},"author":3,"featured_media":121797,"comment_status":"closed","ping_status":"closed","sticky":false,"template":"","format":"standard","meta":{"footnotes":""},"categories":[195,579],"tags":[2784,869,2418,2785,870],"class_list":["post-121796","post","type-post","status-publish","format-standard","has-post-thumbnail","hentry","category-cartierul-tineretului-ro","category-proiectele-noastre","tag-bas-tv","tag-bastv-ro","tag-cartierul-tineretului-ro","tag-educatie-media","tag-training-ro"],"yoast_head":"<!-- This site is optimized with the Yoast SEO plugin v27.5 - https:\/\/yoast.com\/product\/yoast-seo-wordpress\/ -->\n<title>(VIDEO) Traininguri privind combaterea dezinform\u0103rii \u00een \u0219colile din raionul Basarabeasca de la redac\u021bia BAStv - BasTV<\/title>\n<meta name=\"description\" content=\"Timp de trei s\u0103pt\u0103m\u00e2ni, redac\u021bia BAStv au def\u0103\u0219urat traininguri educa\u021bionale privind combaterea dezinform\u0103rii \u0219i a manipul\u0103rii \u00een mediul online. Ele au avut loc \u00een toate \u0219colile din raionul Basarabeasca, iar \u00een calitate de instructori au fost tinerii jurnali\u0219ti. Cum au avut loc instruirile, urm\u0103ri\u021bi \u00een acest material.\" \/>\n<meta name=\"robots\" content=\"index, follow, max-snippet:-1, max-image-preview:large, max-video-preview:-1\" \/>\n<link rel=\"canonical\" href=\"https:\/\/bas-tv.md\/ro\/video-traininguri-privind-combaterea-dezinformarii-in-scolile-din-raionul-basarabeasca-de-la-redactia-bastv\/\" \/>\n<meta property=\"og:locale\" content=\"ro_RO\" \/>\n<meta property=\"og:type\" content=\"article\" \/>\n<meta property=\"og:title\" content=\"(VIDEO) Traininguri privind combaterea dezinform\u0103rii \u00een \u0219colile din raionul Basarabeasca de la redac\u021bia BAStv - BasTV\" \/>\n<meta property=\"og:description\" content=\"Timp de trei s\u0103pt\u0103m\u00e2ni, redac\u021bia BAStv au def\u0103\u0219urat traininguri educa\u021bionale privind combaterea dezinform\u0103rii \u0219i a manipul\u0103rii \u00een mediul online. Ele au avut loc \u00een toate \u0219colile din raionul Basarabeasca, iar \u00een calitate de instructori au fost tinerii jurnali\u0219ti. Cum au avut loc instruirile, urm\u0103ri\u021bi \u00een acest material.\" \/>\n<meta property=\"og:url\" content=\"https:\/\/bas-tv.md\/ro\/video-traininguri-privind-combaterea-dezinformarii-in-scolile-din-raionul-basarabeasca-de-la-redactia-bastv\/\" \/>\n<meta property=\"og:site_name\" content=\"BasTV\" \/>\n<meta property=\"article:published_time\" content=\"2024-06-17T17:00:04+00:00\" \/>\n<meta property=\"article:modified_time\" content=\"2024-06-21T08:54:13+00:00\" \/>\n<meta property=\"og:image\" content=\"https:\/\/bas-tv.md\/wp-content\/uploads\/2024\/06\/bastv-oblozhki-1.png\" \/>\n\t<meta property=\"og:image:width\" content=\"1280\" \/>\n\t<meta property=\"og:image:height\" content=\"720\" \/>\n\t<meta property=\"og:image:type\" content=\"image\/png\" \/>\n<meta name=\"author\" content=\"Redactor\" \/>\n<meta name=\"twitter:card\" content=\"summary_large_image\" \/>\n<meta name=\"twitter:label1\" content=\"Scris de\" \/>\n\t<meta name=\"twitter:data1\" content=\"Redactor\" \/>\n\t<meta name=\"twitter:label2\" content=\"Timp estimat pentru citire\" \/>\n\t<meta name=\"twitter:data2\" content=\"3 minute\" \/>\n<script type=\"application\/ld+json\" class=\"yoast-schema-graph\">{\"@context\":\"https:\\\/\\\/schema.org\",\"@graph\":[{\"@type\":\"Article\",\"@id\":\"https:\\\/\\\/bas-tv.md\\\/ro\\\/video-traininguri-privind-combaterea-dezinformarii-in-scolile-din-raionul-basarabeasca-de-la-redactia-bastv\\\/#article\",\"isPartOf\":{\"@id\":\"https:\\\/\\\/bas-tv.md\\\/ro\\\/video-traininguri-privind-combaterea-dezinformarii-in-scolile-din-raionul-basarabeasca-de-la-redactia-bastv\\\/\"},\"author\":{\"name\":\"Redactor\",\"@id\":\"https:\\\/\\\/bas-tv.md\\\/ro\\\/#\\\/schema\\\/person\\\/8740f45ea2eca1f1695284fc03529af0\"},\"headline\":\"(VIDEO) Traininguri privind combaterea dezinform\u0103rii \u00een \u0219colile din raionul Basarabeasca de la redac\u021bia BAStv\",\"datePublished\":\"2024-06-17T17:00:04+00:00\",\"dateModified\":\"2024-06-21T08:54:13+00:00\",\"mainEntityOfPage\":{\"@id\":\"https:\\\/\\\/bas-tv.md\\\/ro\\\/video-traininguri-privind-combaterea-dezinformarii-in-scolile-din-raionul-basarabeasca-de-la-redactia-bastv\\\/\"},\"wordCount\":473,\"publisher\":{\"@id\":\"https:\\\/\\\/bas-tv.md\\\/ro\\\/#organization\"},\"image\":{\"@id\":\"https:\\\/\\\/bas-tv.md\\\/ro\\\/video-traininguri-privind-combaterea-dezinformarii-in-scolile-din-raionul-basarabeasca-de-la-redactia-bastv\\\/#primaryimage\"},\"thumbnailUrl\":\"https:\\\/\\\/bas-tv.md\\\/wp-content\\\/uploads\\\/2024\\\/06\\\/bastv-oblozhki-1.png\",\"keywords\":[\"BAS-TV\",\"BAStv\",\"cartierul tineretului\",\"educa\u021bie media\",\"training\"],\"articleSection\":[\"Cartierul Tineretului\",\"Proiectele noastre\"],\"inLanguage\":\"ro-RO\"},{\"@type\":\"WebPage\",\"@id\":\"https:\\\/\\\/bas-tv.md\\\/ro\\\/video-traininguri-privind-combaterea-dezinformarii-in-scolile-din-raionul-basarabeasca-de-la-redactia-bastv\\\/\",\"url\":\"https:\\\/\\\/bas-tv.md\\\/ro\\\/video-traininguri-privind-combaterea-dezinformarii-in-scolile-din-raionul-basarabeasca-de-la-redactia-bastv\\\/\",\"name\":\"(VIDEO) Traininguri privind combaterea dezinform\u0103rii \u00een \u0219colile din raionul Basarabeasca de la redac\u021bia BAStv - BasTV\",\"isPartOf\":{\"@id\":\"https:\\\/\\\/bas-tv.md\\\/ro\\\/#website\"},\"primaryImageOfPage\":{\"@id\":\"https:\\\/\\\/bas-tv.md\\\/ro\\\/video-traininguri-privind-combaterea-dezinformarii-in-scolile-din-raionul-basarabeasca-de-la-redactia-bastv\\\/#primaryimage\"},\"image\":{\"@id\":\"https:\\\/\\\/bas-tv.md\\\/ro\\\/video-traininguri-privind-combaterea-dezinformarii-in-scolile-din-raionul-basarabeasca-de-la-redactia-bastv\\\/#primaryimage\"},\"thumbnailUrl\":\"https:\\\/\\\/bas-tv.md\\\/wp-content\\\/uploads\\\/2024\\\/06\\\/bastv-oblozhki-1.png\",\"datePublished\":\"2024-06-17T17:00:04+00:00\",\"dateModified\":\"2024-06-21T08:54:13+00:00\",\"description\":\"Timp de trei s\u0103pt\u0103m\u00e2ni, redac\u021bia BAStv au def\u0103\u0219urat traininguri educa\u021bionale privind combaterea dezinform\u0103rii \u0219i a manipul\u0103rii \u00een mediul online. Ele au avut loc \u00een toate \u0219colile din raionul Basarabeasca, iar \u00een calitate de instructori au fost tinerii jurnali\u0219ti. Cum au avut loc instruirile, urm\u0103ri\u021bi \u00een acest material.\",\"inLanguage\":\"ro-RO\",\"potentialAction\":[{\"@type\":\"ReadAction\",\"target\":[\"https:\\\/\\\/bas-tv.md\\\/ro\\\/video-traininguri-privind-combaterea-dezinformarii-in-scolile-din-raionul-basarabeasca-de-la-redactia-bastv\\\/\"]}]},{\"@type\":\"ImageObject\",\"inLanguage\":\"ro-RO\",\"@id\":\"https:\\\/\\\/bas-tv.md\\\/ro\\\/video-traininguri-privind-combaterea-dezinformarii-in-scolile-din-raionul-basarabeasca-de-la-redactia-bastv\\\/#primaryimage\",\"url\":\"https:\\\/\\\/bas-tv.md\\\/wp-content\\\/uploads\\\/2024\\\/06\\\/bastv-oblozhki-1.png\",\"contentUrl\":\"https:\\\/\\\/bas-tv.md\\\/wp-content\\\/uploads\\\/2024\\\/06\\\/bastv-oblozhki-1.png\",\"width\":1280,\"height\":720},{\"@type\":\"WebSite\",\"@id\":\"https:\\\/\\\/bas-tv.md\\\/ro\\\/#website\",\"url\":\"https:\\\/\\\/bas-tv.md\\\/ro\\\/\",\"name\":\"BasTV\",\"description\":\"Moldova\",\"publisher\":{\"@id\":\"https:\\\/\\\/bas-tv.md\\\/ro\\\/#organization\"},\"potentialAction\":[{\"@type\":\"SearchAction\",\"target\":{\"@type\":\"EntryPoint\",\"urlTemplate\":\"https:\\\/\\\/bas-tv.md\\\/ro\\\/?s={search_term_string}\"},\"query-input\":{\"@type\":\"PropertyValueSpecification\",\"valueRequired\":true,\"valueName\":\"search_term_string\"}}],\"inLanguage\":\"ro-RO\"},{\"@type\":\"Organization\",\"@id\":\"https:\\\/\\\/bas-tv.md\\\/ro\\\/#organization\",\"name\":\"BasTV\",\"url\":\"https:\\\/\\\/bas-tv.md\\\/ro\\\/\",\"logo\":{\"@type\":\"ImageObject\",\"inLanguage\":\"ro-RO\",\"@id\":\"https:\\\/\\\/bas-tv.md\\\/ro\\\/#\\\/schema\\\/logo\\\/image\\\/\",\"url\":\"https:\\\/\\\/bas-tv.md\\\/wp-content\\\/uploads\\\/2023\\\/05\\\/bas-tv-culoarea-rosie.png\",\"contentUrl\":\"https:\\\/\\\/bas-tv.md\\\/wp-content\\\/uploads\\\/2023\\\/05\\\/bas-tv-culoarea-rosie.png\",\"width\":202,\"height\":50,\"caption\":\"BasTV\"},\"image\":{\"@id\":\"https:\\\/\\\/bas-tv.md\\\/ro\\\/#\\\/schema\\\/logo\\\/image\\\/\"}},{\"@type\":\"Person\",\"@id\":\"https:\\\/\\\/bas-tv.md\\\/ro\\\/#\\\/schema\\\/person\\\/8740f45ea2eca1f1695284fc03529af0\",\"name\":\"Redactor\",\"image\":{\"@type\":\"ImageObject\",\"inLanguage\":\"ro-RO\",\"@id\":\"https:\\\/\\\/bas-tv.md\\\/wp-content\\\/litespeed\\\/avatar\\\/91c0586f3f6f4396a4ec1287c965eeeb.jpg?ver=1776950945\",\"url\":\"https:\\\/\\\/bas-tv.md\\\/wp-content\\\/litespeed\\\/avatar\\\/91c0586f3f6f4396a4ec1287c965eeeb.jpg?ver=1776950945\",\"contentUrl\":\"https:\\\/\\\/bas-tv.md\\\/wp-content\\\/litespeed\\\/avatar\\\/91c0586f3f6f4396a4ec1287c965eeeb.jpg?ver=1776950945\",\"caption\":\"Redactor\"},\"url\":\"https:\\\/\\\/bas-tv.md\\\/ro\\\/author\\\/redactor\\\/\"}]}<\/script>\n<!-- \/ Yoast SEO plugin. -->","yoast_head_json":{"title":"(VIDEO) Traininguri privind combaterea dezinform\u0103rii \u00een \u0219colile din raionul Basarabeasca de la redac\u021bia BAStv - BasTV","description":"Timp de trei s\u0103pt\u0103m\u00e2ni, redac\u021bia BAStv au def\u0103\u0219urat traininguri educa\u021bionale privind combaterea dezinform\u0103rii \u0219i a manipul\u0103rii \u00een mediul online. Ele au avut loc \u00een toate \u0219colile din raionul Basarabeasca, iar \u00een calitate de instructori au fost tinerii jurnali\u0219ti. Cum au avut loc instruirile, urm\u0103ri\u021bi \u00een acest material.","robots":{"index":"index","follow":"follow","max-snippet":"max-snippet:-1","max-image-preview":"max-image-preview:large","max-video-preview":"max-video-preview:-1"},"canonical":"https:\/\/bas-tv.md\/ro\/video-traininguri-privind-combaterea-dezinformarii-in-scolile-din-raionul-basarabeasca-de-la-redactia-bastv\/","og_locale":"ro_RO","og_type":"article","og_title":"(VIDEO) Traininguri privind combaterea dezinform\u0103rii \u00een \u0219colile din raionul Basarabeasca de la redac\u021bia BAStv - BasTV","og_description":"Timp de trei s\u0103pt\u0103m\u00e2ni, redac\u021bia BAStv au def\u0103\u0219urat traininguri educa\u021bionale privind combaterea dezinform\u0103rii \u0219i a manipul\u0103rii \u00een mediul online. Ele au avut loc \u00een toate \u0219colile din raionul Basarabeasca, iar \u00een calitate de instructori au fost tinerii jurnali\u0219ti. Cum au avut loc instruirile, urm\u0103ri\u021bi \u00een acest material.","og_url":"https:\/\/bas-tv.md\/ro\/video-traininguri-privind-combaterea-dezinformarii-in-scolile-din-raionul-basarabeasca-de-la-redactia-bastv\/","og_site_name":"BasTV","article_published_time":"2024-06-17T17:00:04+00:00","article_modified_time":"2024-06-21T08:54:13+00:00","og_image":[{"width":1280,"height":720,"url":"https:\/\/bas-tv.md\/wp-content\/uploads\/2024\/06\/bastv-oblozhki-1.png","type":"image\/png"}],"author":"Redactor","twitter_card":"summary_large_image","twitter_misc":{"Scris de":"Redactor","Timp estimat pentru citire":"3 minute"},"schema":{"@context":"https:\/\/schema.org","@graph":[{"@type":"Article","@id":"https:\/\/bas-tv.md\/ro\/video-traininguri-privind-combaterea-dezinformarii-in-scolile-din-raionul-basarabeasca-de-la-redactia-bastv\/#article","isPartOf":{"@id":"https:\/\/bas-tv.md\/ro\/video-traininguri-privind-combaterea-dezinformarii-in-scolile-din-raionul-basarabeasca-de-la-redactia-bastv\/"},"author":{"name":"Redactor","@id":"https:\/\/bas-tv.md\/ro\/#\/schema\/person\/8740f45ea2eca1f1695284fc03529af0"},"headline":"(VIDEO) Traininguri privind combaterea dezinform\u0103rii \u00een \u0219colile din raionul Basarabeasca de la redac\u021bia BAStv","datePublished":"2024-06-17T17:00:04+00:00","dateModified":"2024-06-21T08:54:13+00:00","mainEntityOfPage":{"@id":"https:\/\/bas-tv.md\/ro\/video-traininguri-privind-combaterea-dezinformarii-in-scolile-din-raionul-basarabeasca-de-la-redactia-bastv\/"},"wordCount":473,"publisher":{"@id":"https:\/\/bas-tv.md\/ro\/#organization"},"image":{"@id":"https:\/\/bas-tv.md\/ro\/video-traininguri-privind-combaterea-dezinformarii-in-scolile-din-raionul-basarabeasca-de-la-redactia-bastv\/#primaryimage"},"thumbnailUrl":"https:\/\/bas-tv.md\/wp-content\/uploads\/2024\/06\/bastv-oblozhki-1.png","keywords":["BAS-TV","BAStv","cartierul tineretului","educa\u021bie media","training"],"articleSection":["Cartierul Tineretului","Proiectele noastre"],"inLanguage":"ro-RO"},{"@type":"WebPage","@id":"https:\/\/bas-tv.md\/ro\/video-traininguri-privind-combaterea-dezinformarii-in-scolile-din-raionul-basarabeasca-de-la-redactia-bastv\/","url":"https:\/\/bas-tv.md\/ro\/video-traininguri-privind-combaterea-dezinformarii-in-scolile-din-raionul-basarabeasca-de-la-redactia-bastv\/","name":"(VIDEO) Traininguri privind combaterea dezinform\u0103rii \u00een \u0219colile din raionul Basarabeasca de la redac\u021bia BAStv - BasTV","isPartOf":{"@id":"https:\/\/bas-tv.md\/ro\/#website"},"primaryImageOfPage":{"@id":"https:\/\/bas-tv.md\/ro\/video-traininguri-privind-combaterea-dezinformarii-in-scolile-din-raionul-basarabeasca-de-la-redactia-bastv\/#primaryimage"},"image":{"@id":"https:\/\/bas-tv.md\/ro\/video-traininguri-privind-combaterea-dezinformarii-in-scolile-din-raionul-basarabeasca-de-la-redactia-bastv\/#primaryimage"},"thumbnailUrl":"https:\/\/bas-tv.md\/wp-content\/uploads\/2024\/06\/bastv-oblozhki-1.png","datePublished":"2024-06-17T17:00:04+00:00","dateModified":"2024-06-21T08:54:13+00:00","description":"Timp de trei s\u0103pt\u0103m\u00e2ni, redac\u021bia BAStv au def\u0103\u0219urat traininguri educa\u021bionale privind combaterea dezinform\u0103rii \u0219i a manipul\u0103rii \u00een mediul online. Ele au avut loc \u00een toate \u0219colile din raionul Basarabeasca, iar \u00een calitate de instructori au fost tinerii jurnali\u0219ti. Cum au avut loc instruirile, urm\u0103ri\u021bi \u00een acest material.","inLanguage":"ro-RO","potentialAction":[{"@type":"ReadAction","target":["https:\/\/bas-tv.md\/ro\/video-traininguri-privind-combaterea-dezinformarii-in-scolile-din-raionul-basarabeasca-de-la-redactia-bastv\/"]}]},{"@type":"ImageObject","inLanguage":"ro-RO","@id":"https:\/\/bas-tv.md\/ro\/video-traininguri-privind-combaterea-dezinformarii-in-scolile-din-raionul-basarabeasca-de-la-redactia-bastv\/#primaryimage","url":"https:\/\/bas-tv.md\/wp-content\/uploads\/2024\/06\/bastv-oblozhki-1.png","contentUrl":"https:\/\/bas-tv.md\/wp-content\/uploads\/2024\/06\/bastv-oblozhki-1.png","width":1280,"height":720},{"@type":"WebSite","@id":"https:\/\/bas-tv.md\/ro\/#website","url":"https:\/\/bas-tv.md\/ro\/","name":"BasTV","description":"Moldova","publisher":{"@id":"https:\/\/bas-tv.md\/ro\/#organization"},"potentialAction":[{"@type":"SearchAction","target":{"@type":"EntryPoint","urlTemplate":"https:\/\/bas-tv.md\/ro\/?s={search_term_string}"},"query-input":{"@type":"PropertyValueSpecification","valueRequired":true,"valueName":"search_term_string"}}],"inLanguage":"ro-RO"},{"@type":"Organization","@id":"https:\/\/bas-tv.md\/ro\/#organization","name":"BasTV","url":"https:\/\/bas-tv.md\/ro\/","logo":{"@type":"ImageObject","inLanguage":"ro-RO","@id":"https:\/\/bas-tv.md\/ro\/#\/schema\/logo\/image\/","url":"https:\/\/bas-tv.md\/wp-content\/uploads\/2023\/05\/bas-tv-culoarea-rosie.png","contentUrl":"https:\/\/bas-tv.md\/wp-content\/uploads\/2023\/05\/bas-tv-culoarea-rosie.png","width":202,"height":50,"caption":"BasTV"},"image":{"@id":"https:\/\/bas-tv.md\/ro\/#\/schema\/logo\/image\/"}},{"@type":"Person","@id":"https:\/\/bas-tv.md\/ro\/#\/schema\/person\/8740f45ea2eca1f1695284fc03529af0","name":"Redactor","image":{"@type":"ImageObject","inLanguage":"ro-RO","@id":"https:\/\/bas-tv.md\/wp-content\/litespeed\/avatar\/91c0586f3f6f4396a4ec1287c965eeeb.jpg?ver=1776950945","url":"https:\/\/bas-tv.md\/wp-content\/litespeed\/avatar\/91c0586f3f6f4396a4ec1287c965eeeb.jpg?ver=1776950945","contentUrl":"https:\/\/bas-tv.md\/wp-content\/litespeed\/avatar\/91c0586f3f6f4396a4ec1287c965eeeb.jpg?ver=1776950945","caption":"Redactor"},"url":"https:\/\/bas-tv.md\/ro\/author\/redactor\/"}]}},"views":413,"_links":{"self":[{"href":"https:\/\/bas-tv.md\/ro\/wp-json\/wp\/v2\/posts\/121796","targetHints":{"allow":["GET"]}}],"collection":[{"href":"https:\/\/bas-tv.md\/ro\/wp-json\/wp\/v2\/posts"}],"about":[{"href":"https:\/\/bas-tv.md\/ro\/wp-json\/wp\/v2\/types\/post"}],"author":[{"embeddable":true,"href":"https:\/\/bas-tv.md\/ro\/wp-json\/wp\/v2\/users\/3"}],"replies":[{"embeddable":true,"href":"https:\/\/bas-tv.md\/ro\/wp-json\/wp\/v2\/comments?post=121796"}],"version-history":[{"count":3,"href":"https:\/\/bas-tv.md\/ro\/wp-json\/wp\/v2\/posts\/121796\/revisions"}],"predecessor-version":[{"id":122180,"href":"https:\/\/bas-tv.md\/ro\/wp-json\/wp\/v2\/posts\/121796\/revisions\/122180"}],"wp:featuredmedia":[{"embeddable":true,"href":"https:\/\/bas-tv.md\/ro\/wp-json\/wp\/v2\/media\/121797"}],"wp:attachment":[{"href":"https:\/\/bas-tv.md\/ro\/wp-json\/wp\/v2\/media?parent=121796"}],"wp:term":[{"taxonomy":"category","embeddable":true,"href":"https:\/\/bas-tv.md\/ro\/wp-json\/wp\/v2\/categories?post=121796"},{"taxonomy":"post_tag","embeddable":true,"href":"https:\/\/bas-tv.md\/ro\/wp-json\/wp\/v2\/tags?post=121796"}],"curies":[{"name":"wp","href":"https:\/\/api.w.org\/{rel}","templated":true}]}}